{"id":991,"date":"2023-12-19T16:32:03","date_gmt":"2023-12-19T15:32:03","guid":{"rendered":"https:\/\/darzdrowia.pl\/ciekawostki\/pasta-do-zebow-z-weglem-aktywnym-czy-to-naprawde-dziala\/"},"modified":"2023-12-19T16:32:03","modified_gmt":"2023-12-19T15:32:03","slug":"pasta-do-zebow-z-weglem-aktywnym-czy-to-naprawde-dziala","status":"publish","type":"post","link":"https:\/\/darzdrowia.pl\/ciekawostki\/pasta-do-zebow-z-weglem-aktywnym-czy-to-naprawde-dziala\/","title":{"rendered":"Pasta do z\u0119b\u00f3w z w\u0119glem aktywnym: czy to naprawd\u0119 dzia\u0142a?"},"content":{"rendered":"\n<p>W ostatnich latach na rynku produkt\u00f3w do higieny jamy ustnej pojawi\u0142 si\u0119 nowy trend: pasta do z\u0119b\u00f3w z w\u0119glem aktywnym. Obiecuj\u0105ca bielsze z\u0119by i g\u0142\u0119bsze oczyszczenie, sta\u0142a si\u0119 popularnym wyborem dla os\u00f3b poszukuj\u0105cych alternatywy dla tradycyjnych past. Ale czy pasta do z\u0119b\u00f3w z w\u0119glem aktywnym naprawd\u0119 dzia\u0142a, czy to tylko chwyt marketingowy? W niniejszym artykule przyjrzymy si\u0119 naukowym dowodom stoj\u0105cym za skuteczno\u015bci\u0105 tego rodzaju produkt\u00f3w oraz ocenimy ich bezpiecze\u0144stwo i potencjalne korzy\u015bci dla zdrowia naszych z\u0119b\u00f3w i dzi\u0105se\u0142.<\/p>\n\n\n\n<p>Wiele os\u00f3b jest zaintrygowanych obietnicami producent\u00f3w past z w\u0119glem aktywnym, kt\u00f3re maj\u0105 nie tylko wybiela\u0107 z\u0119by, ale r\u00f3wnie\u017c zapewnia\u0107 lepsz\u0105 ochron\u0119 przed pr\u00f3chnic\u0105 i chorobami dzi\u0105se\u0142. Wprowadzenie w\u0119gla aktywnego do formu\u0142y pasty ma poch\u0142ania\u0107 toksyny i zabarwienia, pozostawiaj\u0105c u\u015bmiech ja\u015bniejszy i zdrowszy. Zanim jednak poddamy si\u0119 trendom, warto dok\u0142adnie zbada\u0107, co m\u00f3wi nauka na temat efektywno\u015bci i bezpiecze\u0144stwa stosowania takich produkt\u00f3w. Czy rzeczywi\u015bcie przynosz\u0105 one obiecane rezultaty, czy te\u017c mog\u0105 nie\u015b\u0107 ze sob\u0105 ryzyko uszkodzenia szkliwa? Zapraszamy do lektury artyku\u0142u, kt\u00f3ry rozwieje w\u0105tpliwo\u015bci dotycz\u0105ce past do z\u0119b\u00f3w zawieraj\u0105cych w\u0119giel aktywny.<\/p>\n\n\n\n<h2 class=\"wp-block-heading\">Czarne czy bia\u0142e: prawda o skuteczno\u015bci pasty do z\u0119b\u00f3w z w\u0119glem aktywnym<\/h2>\n\n\n\n<p>Pasta do z\u0119b\u00f3w z w\u0119glem aktywnym sta\u0142a si\u0119 popularnym produktem w\u015br\u00f3d os\u00f3b poszukuj\u0105cych alternatywy dla tradycyjnych \u015brodk\u00f3w do higieny jamy ustnej. W\u0119giel aktywny, znany ze swoich w\u0142a\u015bciwo\u015bci adsorpcyjnych, jest reklamowany jako skuteczny w wybielaniu z\u0119b\u00f3w i usuwaniu plam.<\/p>\n\n\n\n<p>Jednak\u017ce, eksperci stomatologiczni podchodz\u0105 do tego typu produkt\u00f3w z pewnym sceptycyzmem. Wskazuj\u0105 na brak solidnych bada\u0144 naukowych potwierdzaj\u0105cych bezpiecze\u0144stwo i skuteczno\u015b\u0107 past z w\u0119glem aktywnym. Istnieje obawa, \u017ce ich abrazyjne w\u0142a\u015bciwo\u015bci mog\u0105 uszkadza\u0107 szkliwo z\u0119b\u00f3w przy d\u0142ugotrwa\u0142ym stosowaniu.<\/p>\n\n\n\n<p>Z drugiej strony, niekt\u00f3re badania sugeruj\u0105, \u017ce pasta do z\u0119b\u00f3w z w\u0119glem aktywnym mo\u017ce pom\u00f3c w usuwaniu pewnych plam na powierzchni z\u0119b\u00f3w. Jednak\u017ce efekty te mog\u0105 by\u0107 tymczasowe i nie por\u00f3wnywalne z profesjonalnymi metodami wybielania oferowanymi przez dentyst\u00f3w.<\/p>\n\n\n\n<p>Konsumenci powinni r\u00f3wnie\u017c by\u0107 \u015bwiadomi, \u017ce pasta do z\u0119b\u00f3w zawieraj\u0105ca w\u0119giel aktywny cz\u0119sto nie zawiera fluoru, kt\u00f3ry jest kluczowym sk\u0142adnikiem zapobiegaj\u0105cym pr\u00f3chnicy. Dlatego wa\u017cne jest, aby osoby u\u017cywaj\u0105ce takich past dba\u0142y o dodatkow\u0105 ochron\u0119 przeciwpr\u00f3chnicz\u0105.<\/p>\n\n\n\n<p>Podczas wyboru odpowiedniej pasty do z\u0119b\u00f3w warto konsultowa\u0107 si\u0119 ze specjalistami i dok\u0142adnie analizowa\u0107 sk\u0142ad produktu. Zdrowie jamy ustnej wymaga kompleksowego podej\u015bcia, a decyzja o zmianie produkt\u00f3w higienicznych powinna by\u0107 podj\u0119ta po rozwa\u017ceniu wszystkich za i przeciw.<\/p>\n\n\n\n<h2 class=\"wp-block-heading\">W\u0119giel aktywny w walce o bielszy u\u015bmiech \u2013 marketing czy rzeczywista korzy\u015b\u0107?<\/h2>\n\n\n\n<p>W\u0119giel aktywny, znany r\u00f3wnie\u017c jako aktywowany w\u0119giel, jest substancj\u0105 otrzymywan\u0105 g\u0142\u00f3wnie z w\u0119gla drzewnego. Charakteryzuje si\u0119 wysok\u0105 porowato\u015bci\u0105 i zdolno\u015bci\u0105 do adsorpcji r\u00f3\u017cnych substancji, co sprawia, \u017ce znajduje zastosowanie w wielu dziedzinach, w tym w medycynie i kosmetologii.<\/p>\n\n\n\n<p>W ostatnich latach w\u0119giel aktywny zyska\u0142 popularno\u015b\u0107 jako sk\u0142adnik produkt\u00f3w do wybielania z\u0119b\u00f3w. Producenci tych produkt\u00f3w twierdz\u0105, \u017ce dzi\u0119ki swoim w\u0142a\u015bciwo\u015bciom adsorpcyjnym, w\u0119giel aktywny mo\u017ce skutecznie usuwa\u0107 przebarwienia i plamy z powierzchni szkliwa, co przek\u0142ada si\u0119 na bielszy u\u015bmiech. Wiele past do z\u0119b\u00f3w, proszk\u00f3w czy pask\u00f3w wybielaj\u0105cych zawiera ten sk\u0142adnik.<\/p>\n\n\n\n<p>Jednak\u017ce opinie ekspert\u00f3w stomatologicznych na temat efektywno\u015bci wybielania z\u0119b\u00f3w przy u\u017cyciu w\u0119gla aktywnego s\u0105 podzielone. Niekt\u00f3rzy dentystowie podkre\u015blaj\u0105 brak wystarczaj\u0105cych bada\u0144 naukowych potwierdzaj\u0105cych d\u0142ugoterminow\u0105 skuteczno\u015b\u0107 i bezpiecze\u0144stwo stosowania takich produkt\u00f3w. Istniej\u0105 obawy dotycz\u0105ce abrazyjno\u015bci w\u0119gla aktywnego, kt\u00f3ra mo\u017ce prowadzi\u0107 do uszkodzenia szkliwa przy d\u0142ugotrwa\u0142ym stosowaniu.<\/p>\n\n\n\n<p>Mimo to konsumenci cz\u0119sto zg\u0142aszaj\u0105 subiektywne odczucia poprawy koloru z\u0119b\u00f3w po u\u017cyciu produkt\u00f3w zawieraj\u0105cych w\u0119giel aktywny. Mo\u017ce to wynika\u0107 zar\u00f3wno z rzeczywistego dzia\u0142ania substancji, jak i efektu placebo lub po prostu lepszego czyszczenia z\u0119b\u00f3w ze wzgl\u0119du na wi\u0119ksz\u0105 uwag\u0119 po\u015bwi\u0119con\u0105 higienie jamy ustnej podczas stosowania nowych produkt\u00f3w.<\/p>\n\n\n\n<p>Podsumowuj\u0105c, cho\u0107 marketing cz\u0119sto przedstawia produkty zawieraj\u0105ce w\u0119giel aktywny jako cudowne rozwi\u0105zanie na bielsze z\u0119by, rzeczywista korzy\u015b\u0107 mo\u017ce by\u0107 r\u00f3\u017cna dla poszczeg\u00f3lnych u\u017cytkownik\u00f3w. Zaleca si\u0119 konsultacj\u0119 ze specjalist\u0105 przed rozpocz\u0119ciem stosowania takich \u015brodk\u00f3w wybielaj\u0105cych.<\/p>\n\n\n\n<h2 class=\"wp-block-heading\">Pasta do z\u0119b\u00f3w z w\u0119glem aktywnym \u2013 innowacyjny spos\u00f3b na wybielanie czy zdrowotna pu\u0142apka?<\/h2>\n\n\n\n<p>Pasta do z\u0119b\u00f3w z w\u0119glem aktywnym sta\u0142a si\u0119 popularnym produktem na rynku kosmetyk\u00f3w do higieny jamy ustnej. W\u0119giel aktywny, znany ze swoich w\u0142a\u015bciwo\u015bci adsorpcyjnych, jest promowany jako skuteczny \u015brodek wybielaj\u0105cy z\u0119by. Jego zdolno\u015b\u0107 do wi\u0105zania cz\u0105steczek sprawia, \u017ce mo\u017ce pom\u00f3c w usuwaniu plam i przebarwie\u0144 z powierzchni szkliwa.<\/p>\n\n\n\n<p>Jednak\u017ce, istniej\u0105 obawy dotycz\u0105ce bezpiecze\u0144stwa i skuteczno\u015bci stosowania past z w\u0119glem aktywnym. Niekt\u00f3rzy eksperci stomatologiczni podnosz\u0105 kwesti\u0119 potencjalnego dzia\u0142ania abrazyjnego takich past na szkliwo. Nadmierne lub niew\u0142a\u015bciwe u\u017cywanie produkt\u00f3w zawieraj\u0105cych w\u0119giel aktywny mo\u017ce prowadzi\u0107 do uszkodzenia warstwy ochronnej z\u0119ba, co z kolei mo\u017ce spowodowa\u0107 nadwra\u017cliwo\u015b\u0107 i zwi\u0119kszy\u0107 ryzyko pr\u00f3chnicy.<\/p>\n\n\n\n<p>Badania nad efektywno\u015bci\u0105 past do z\u0119b\u00f3w z w\u0119glem aktywnym s\u0105 ograniczone, a ich wyniki cz\u0119sto niejednoznaczne. Chocia\u017c niekt\u00f3re badania sugeruj\u0105 popraw\u0119 bieli z\u0119b\u00f3w po stosowaniu takich produkt\u00f3w, to brak jest d\u0142ugoterminowych bada\u0144 potwierdzaj\u0105cych ich bezpiecze\u0144stwo przy regularnym u\u017cytkowaniu. Konsumenci powinni by\u0107 \u015bwiadomi tego, \u017ce wybielanie za pomoc\u0105 w\u0119gla aktywnego nie zosta\u0142o jeszcze wystarczaj\u0105co przebadane i mo\u017ce nie przynie\u015b\u0107 oczekiwanych rezultat\u00f3w.<\/p>\n\n\n\n<p>W kontek\u015bcie zdrowotnym wa\u017cne jest r\u00f3wnie\u017c to, \u017ce pasta do z\u0119b\u00f3w powinna zawiera\u0107 fluor zapewniaj\u0105cy ochron\u0119 przed pr\u00f3chnic\u0105. Produkty wybielaj\u0105ce na bazie w\u0119gla aktywnego cz\u0119sto nie oferuj\u0105 odpowiedniej ilo\u015bci fluoru lub s\u0105 ca\u0142kowicie od niego wolne, co mo\u017ce stanowi\u0107 dodatkowe ryzyko dla zdrowia jamy ustnej u\u017cytkownik\u00f3w.<\/p>\n\n\n\n<p>Zaleca si\u0119 konsultacj\u0119 ze stomatologiem przed rozpocz\u0119ciem stosowania past wybielaj\u0105cych zawieraj\u0105cych w\u0119giel aktywny. Profesjonali\u015bci mog\u0105 doradzi\u0107 bezpieczne metody wybielania oraz oceni\u0107 stan zdrowia jamy ustnej pacjenta, aby unikn\u0105\u0107 potencjalnych negatywnych skutk\u00f3w zdrowotnych wynikaj\u0105cych ze stosowania tych produkt\u00f3w.<\/p>\n\n\n\n<p>Podsumowuj\u0105c, pasta do z\u0119b\u00f3w z w\u0119glem aktywnym mo\u017ce wydawa\u0107 si\u0119 atrakcyjnym rozwi\u0105zaniem dla os\u00f3b poszukuj\u0105cych alternatywy dla tradycyjnych \u015brodk\u00f3w do higieny jamy ustnej. Chocia\u017c niekt\u00f3re badania sugeruj\u0105, \u017ce w\u0119giel aktywny mo\u017ce pom\u00f3c w usuwaniu plam na z\u0119bach, to jednak eksperci podkre\u015blaj\u0105 konieczno\u015b\u0107 dalszych bada\u0144 w celu potwierdzenia jego skuteczno\u015bci i bezpiecze\u0144stwa. Wa\u017cne jest, aby pami\u0119ta\u0107 o konsultacji z dentyst\u0105 przed wprowadzeniem nowych produkt\u00f3w do codziennej rutyny higienicznej, a tak\u017ce o tym, \u017ce \u017caden produkt nie zast\u0105pi regularnych wizyt u specjalisty oraz dok\u0142adnego szczotkowania i nitkowania z\u0119b\u00f3w.<\/p>\n","protected":false},"excerpt":{"rendered":"<p>W ostatnich latach na rynku produkt\u00f3w do higieny jamy ustnej pojawi\u0142 si\u0119 nowy trend: pasta do z\u0119b\u00f3w z w\u0119glem aktywnym. Obiecuj\u0105ca bielsze z\u0119by i g\u0142\u0119bsze oczyszczenie, sta\u0142a si\u0119 popularnym wyborem dla os\u00f3b poszukuj\u0105cych alternatywy dla tradycyjnych past. Ale czy pasta do z\u0119b\u00f3w z w\u0119glem aktywnym naprawd\u0119 dzia\u0142a, czy to tylko chwyt marketingowy? W niniejszym artykule [&hellip;]<\/p>\n","protected":false},"author":1,"featured_media":0,"comment_status":"","ping_status":"open","sticky":false,"template":"","format":"standard","meta":{"footnotes":""},"categories":[1],"tags":[],"class_list":["post-991","post","type-post","status-publish","format-standard","hentry","category-bez-kategorii"],"fm_meta_title":"Pasta do z\u0119b\u00f3w z w\u0119glem aktywnym: czy to naprawd\u0119 dzia\u0142a?","fm_meta_description":"Odkryj sekrety pasty z w\u0119glem aktywnym! Czy to cudowny \u015brodek na bielsze z\u0119by? Sprawd\u017a efekty i mity \u2013 przekonaj si\u0119 sam!","yoast_head":"<!-- This site is optimized with the Yoast SEO plugin v21.5 - https:\/\/yoast.com\/wordpress\/plugins\/seo\/ -->\n<title>Pasta do z\u0119b\u00f3w z w\u0119glem aktywnym: czy to naprawd\u0119 dzia\u0142a?<\/title>\n<meta name=\"description\" content=\"Odkryj sekrety pasty z w\u0119glem aktywnym! Czy to cudowny \u015brodek na bielsze z\u0119by? Sprawd\u017a efekty i mity \u2013 przekonaj si\u0119 sam!\" \/>\n<meta name=\"robots\" content=\"index, follow, max-snippet:-1, max-image-preview:large, max-video-preview:-1\" \/>\n<link rel=\"canonical\" href=\"https:\/\/darzdrowia.pl\/ciekawostki\/pasta-do-zebow-z-weglem-aktywnym-czy-to-naprawde-dziala\/\" \/>\n<meta property=\"og:locale\" content=\"pl_PL\" \/>\n<meta property=\"og:type\" content=\"article\" \/>\n<meta property=\"og:title\" content=\"Pasta do z\u0119b\u00f3w z w\u0119glem aktywnym: czy to naprawd\u0119 dzia\u0142a?\" \/>\n<meta property=\"og:description\" content=\"Odkryj sekrety pasty z w\u0119glem aktywnym! Czy to cudowny \u015brodek na bielsze z\u0119by? Sprawd\u017a efekty i mity \u2013 przekonaj si\u0119 sam!\" \/>\n<meta property=\"og:url\" content=\"https:\/\/darzdrowia.pl\/ciekawostki\/pasta-do-zebow-z-weglem-aktywnym-czy-to-naprawde-dziala\/\" \/>\n<meta property=\"og:site_name\" content=\"Dar Zdrowia Drogeria - Blog\" \/>\n<meta property=\"article:publisher\" content=\"https:\/\/www.facebook.com\/profile.php?id=100063606935396\" \/>\n<meta property=\"article:published_time\" content=\"2023-12-19T15:32:03+00:00\" \/>\n<meta name=\"author\" content=\"funkymedia\" \/>\n<meta name=\"twitter:card\" content=\"summary_large_image\" \/>\n<meta name=\"twitter:label1\" content=\"Napisane przez\" \/>\n\t<meta name=\"twitter:data1\" content=\"funkymedia\" \/>\n\t<meta name=\"twitter:label2\" content=\"Szacowany czas czytania\" \/>\n\t<meta name=\"twitter:data2\" content=\"6 minut\" \/>\n<script type=\"application\/ld+json\" class=\"yoast-schema-graph\">{\"@context\":\"https:\/\/schema.org\",\"@graph\":[{\"@type\":\"Article\",\"@id\":\"https:\/\/darzdrowia.pl\/ciekawostki\/pasta-do-zebow-z-weglem-aktywnym-czy-to-naprawde-dziala\/#article\",\"isPartOf\":{\"@id\":\"https:\/\/darzdrowia.pl\/ciekawostki\/pasta-do-zebow-z-weglem-aktywnym-czy-to-naprawde-dziala\/\"},\"author\":{\"name\":\"funkymedia\",\"@id\":\"https:\/\/darzdrowia.pl\/ciekawostki\/#\/schema\/person\/e75579d624630bf943ac69d374bb928e\"},\"headline\":\"Pasta do z\u0119b\u00f3w z w\u0119glem aktywnym: czy to naprawd\u0119 dzia\u0142a?\",\"datePublished\":\"2023-12-19T15:32:03+00:00\",\"dateModified\":\"2023-12-19T15:32:03+00:00\",\"mainEntityOfPage\":{\"@id\":\"https:\/\/darzdrowia.pl\/ciekawostki\/pasta-do-zebow-z-weglem-aktywnym-czy-to-naprawde-dziala\/\"},\"wordCount\":1249,\"publisher\":{\"@id\":\"https:\/\/darzdrowia.pl\/ciekawostki\/#organization\"},\"inLanguage\":\"pl-PL\"},{\"@type\":\"WebPage\",\"@id\":\"https:\/\/darzdrowia.pl\/ciekawostki\/pasta-do-zebow-z-weglem-aktywnym-czy-to-naprawde-dziala\/\",\"url\":\"https:\/\/darzdrowia.pl\/ciekawostki\/pasta-do-zebow-z-weglem-aktywnym-czy-to-naprawde-dziala\/\",\"name\":\"Pasta do z\u0119b\u00f3w z w\u0119glem aktywnym: czy to naprawd\u0119 dzia\u0142a?\",\"isPartOf\":{\"@id\":\"https:\/\/darzdrowia.pl\/ciekawostki\/#website\"},\"datePublished\":\"2023-12-19T15:32:03+00:00\",\"dateModified\":\"2023-12-19T15:32:03+00:00\",\"description\":\"Odkryj sekrety pasty z w\u0119glem aktywnym! Czy to cudowny \u015brodek na bielsze z\u0119by? Sprawd\u017a efekty i mity \u2013 przekonaj si\u0119 sam!\",\"breadcrumb\":{\"@id\":\"https:\/\/darzdrowia.pl\/ciekawostki\/pasta-do-zebow-z-weglem-aktywnym-czy-to-naprawde-dziala\/#breadcrumb\"},\"inLanguage\":\"pl-PL\",\"potentialAction\":[{\"@type\":\"ReadAction\",\"target\":[\"https:\/\/darzdrowia.pl\/ciekawostki\/pasta-do-zebow-z-weglem-aktywnym-czy-to-naprawde-dziala\/\"]}]},{\"@type\":\"BreadcrumbList\",\"@id\":\"https:\/\/darzdrowia.pl\/ciekawostki\/pasta-do-zebow-z-weglem-aktywnym-czy-to-naprawde-dziala\/#breadcrumb\",\"itemListElement\":[{\"@type\":\"ListItem\",\"position\":1,\"name\":\"Strona g\u0142\u00f3wna\",\"item\":\"https:\/\/darzdrowia.pl\/ciekawostki\/\"},{\"@type\":\"ListItem\",\"position\":2,\"name\":\"Pasta do z\u0119b\u00f3w z w\u0119glem aktywnym: czy to naprawd\u0119 dzia\u0142a?\"}]},{\"@type\":\"WebSite\",\"@id\":\"https:\/\/darzdrowia.pl\/ciekawostki\/#website\",\"url\":\"https:\/\/darzdrowia.pl\/ciekawostki\/\",\"name\":\"Dar Zdrowia Drogeria - Blog\",\"description\":\"\",\"publisher\":{\"@id\":\"https:\/\/darzdrowia.pl\/ciekawostki\/#organization\"},\"potentialAction\":[{\"@type\":\"SearchAction\",\"target\":{\"@type\":\"EntryPoint\",\"urlTemplate\":\"https:\/\/darzdrowia.pl\/ciekawostki\/?s={search_term_string}\"},\"query-input\":\"required name=search_term_string\"}],\"inLanguage\":\"pl-PL\"},{\"@type\":\"Organization\",\"@id\":\"https:\/\/darzdrowia.pl\/ciekawostki\/#organization\",\"name\":\"Dar Zdrowia Drogeria - Blog\",\"url\":\"https:\/\/darzdrowia.pl\/ciekawostki\/\",\"logo\":{\"@type\":\"ImageObject\",\"inLanguage\":\"pl-PL\",\"@id\":\"https:\/\/darzdrowia.pl\/ciekawostki\/#\/schema\/logo\/image\/\",\"url\":\"https:\/\/darzdrowia.pl\/ciekawostki\/wp-content\/uploads\/2023\/11\/logo-darzdrowia.webp\",\"contentUrl\":\"https:\/\/darzdrowia.pl\/ciekawostki\/wp-content\/uploads\/2023\/11\/logo-darzdrowia.webp\",\"width\":744,\"height\":225,\"caption\":\"Dar Zdrowia Drogeria - Blog\"},\"image\":{\"@id\":\"https:\/\/darzdrowia.pl\/ciekawostki\/#\/schema\/logo\/image\/\"},\"sameAs\":[\"https:\/\/www.facebook.com\/profile.php?id=100063606935396\"]},{\"@type\":\"Person\",\"@id\":\"https:\/\/darzdrowia.pl\/ciekawostki\/#\/schema\/person\/e75579d624630bf943ac69d374bb928e\",\"name\":\"funkymedia\",\"image\":{\"@type\":\"ImageObject\",\"inLanguage\":\"pl-PL\",\"@id\":\"https:\/\/darzdrowia.pl\/ciekawostki\/#\/schema\/person\/image\/\",\"url\":\"https:\/\/secure.gravatar.com\/avatar\/393cb205b658aef6e3271ad5a92265e3e4433d2384bbe95524ba160d5bc20299?s=96&d=mm&r=g\",\"contentUrl\":\"https:\/\/secure.gravatar.com\/avatar\/393cb205b658aef6e3271ad5a92265e3e4433d2384bbe95524ba160d5bc20299?s=96&d=mm&r=g\",\"caption\":\"funkymedia\"},\"sameAs\":[\"https:\/\/darzdrowia.pl\/ciekawostki\"],\"url\":\"https:\/\/darzdrowia.pl\/ciekawostki\/author\/funkymedia\/\"}]}<\/script>\n<!-- \/ Yoast SEO plugin. -->","yoast_head_json":{"title":"Pasta do z\u0119b\u00f3w z w\u0119glem aktywnym: czy to naprawd\u0119 dzia\u0142a?","description":"Odkryj sekrety pasty z w\u0119glem aktywnym! Czy to cudowny \u015brodek na bielsze z\u0119by? Sprawd\u017a efekty i mity \u2013 przekonaj si\u0119 sam!","robots":{"index":"index","follow":"follow","max-snippet":"max-snippet:-1","max-image-preview":"max-image-preview:large","max-video-preview":"max-video-preview:-1"},"canonical":"https:\/\/darzdrowia.pl\/ciekawostki\/pasta-do-zebow-z-weglem-aktywnym-czy-to-naprawde-dziala\/","og_locale":"pl_PL","og_type":"article","og_title":"Pasta do z\u0119b\u00f3w z w\u0119glem aktywnym: czy to naprawd\u0119 dzia\u0142a?","og_description":"Odkryj sekrety pasty z w\u0119glem aktywnym! Czy to cudowny \u015brodek na bielsze z\u0119by? Sprawd\u017a efekty i mity \u2013 przekonaj si\u0119 sam!","og_url":"https:\/\/darzdrowia.pl\/ciekawostki\/pasta-do-zebow-z-weglem-aktywnym-czy-to-naprawde-dziala\/","og_site_name":"Dar Zdrowia Drogeria - Blog","article_publisher":"https:\/\/www.facebook.com\/profile.php?id=100063606935396","article_published_time":"2023-12-19T15:32:03+00:00","author":"funkymedia","twitter_card":"summary_large_image","twitter_misc":{"Napisane przez":"funkymedia","Szacowany czas czytania":"6 minut"},"schema":{"@context":"https:\/\/schema.org","@graph":[{"@type":"Article","@id":"https:\/\/darzdrowia.pl\/ciekawostki\/pasta-do-zebow-z-weglem-aktywnym-czy-to-naprawde-dziala\/#article","isPartOf":{"@id":"https:\/\/darzdrowia.pl\/ciekawostki\/pasta-do-zebow-z-weglem-aktywnym-czy-to-naprawde-dziala\/"},"author":{"name":"funkymedia","@id":"https:\/\/darzdrowia.pl\/ciekawostki\/#\/schema\/person\/e75579d624630bf943ac69d374bb928e"},"headline":"Pasta do z\u0119b\u00f3w z w\u0119glem aktywnym: czy to naprawd\u0119 dzia\u0142a?","datePublished":"2023-12-19T15:32:03+00:00","dateModified":"2023-12-19T15:32:03+00:00","mainEntityOfPage":{"@id":"https:\/\/darzdrowia.pl\/ciekawostki\/pasta-do-zebow-z-weglem-aktywnym-czy-to-naprawde-dziala\/"},"wordCount":1249,"publisher":{"@id":"https:\/\/darzdrowia.pl\/ciekawostki\/#organization"},"inLanguage":"pl-PL"},{"@type":"WebPage","@id":"https:\/\/darzdrowia.pl\/ciekawostki\/pasta-do-zebow-z-weglem-aktywnym-czy-to-naprawde-dziala\/","url":"https:\/\/darzdrowia.pl\/ciekawostki\/pasta-do-zebow-z-weglem-aktywnym-czy-to-naprawde-dziala\/","name":"Pasta do z\u0119b\u00f3w z w\u0119glem aktywnym: czy to naprawd\u0119 dzia\u0142a?","isPartOf":{"@id":"https:\/\/darzdrowia.pl\/ciekawostki\/#website"},"datePublished":"2023-12-19T15:32:03+00:00","dateModified":"2023-12-19T15:32:03+00:00","description":"Odkryj sekrety pasty z w\u0119glem aktywnym! Czy to cudowny \u015brodek na bielsze z\u0119by? Sprawd\u017a efekty i mity \u2013 przekonaj si\u0119 sam!","breadcrumb":{"@id":"https:\/\/darzdrowia.pl\/ciekawostki\/pasta-do-zebow-z-weglem-aktywnym-czy-to-naprawde-dziala\/#breadcrumb"},"inLanguage":"pl-PL","potentialAction":[{"@type":"ReadAction","target":["https:\/\/darzdrowia.pl\/ciekawostki\/pasta-do-zebow-z-weglem-aktywnym-czy-to-naprawde-dziala\/"]}]},{"@type":"BreadcrumbList","@id":"https:\/\/darzdrowia.pl\/ciekawostki\/pasta-do-zebow-z-weglem-aktywnym-czy-to-naprawde-dziala\/#breadcrumb","itemListElement":[{"@type":"ListItem","position":1,"name":"Strona g\u0142\u00f3wna","item":"https:\/\/darzdrowia.pl\/ciekawostki\/"},{"@type":"ListItem","position":2,"name":"Pasta do z\u0119b\u00f3w z w\u0119glem aktywnym: czy to naprawd\u0119 dzia\u0142a?"}]},{"@type":"WebSite","@id":"https:\/\/darzdrowia.pl\/ciekawostki\/#website","url":"https:\/\/darzdrowia.pl\/ciekawostki\/","name":"Dar Zdrowia Drogeria - Blog","description":"","publisher":{"@id":"https:\/\/darzdrowia.pl\/ciekawostki\/#organization"},"potentialAction":[{"@type":"SearchAction","target":{"@type":"EntryPoint","urlTemplate":"https:\/\/darzdrowia.pl\/ciekawostki\/?s={search_term_string}"},"query-input":"required name=search_term_string"}],"inLanguage":"pl-PL"},{"@type":"Organization","@id":"https:\/\/darzdrowia.pl\/ciekawostki\/#organization","name":"Dar Zdrowia Drogeria - Blog","url":"https:\/\/darzdrowia.pl\/ciekawostki\/","logo":{"@type":"ImageObject","inLanguage":"pl-PL","@id":"https:\/\/darzdrowia.pl\/ciekawostki\/#\/schema\/logo\/image\/","url":"https:\/\/darzdrowia.pl\/ciekawostki\/wp-content\/uploads\/2023\/11\/logo-darzdrowia.webp","contentUrl":"https:\/\/darzdrowia.pl\/ciekawostki\/wp-content\/uploads\/2023\/11\/logo-darzdrowia.webp","width":744,"height":225,"caption":"Dar Zdrowia Drogeria - Blog"},"image":{"@id":"https:\/\/darzdrowia.pl\/ciekawostki\/#\/schema\/logo\/image\/"},"sameAs":["https:\/\/www.facebook.com\/profile.php?id=100063606935396"]},{"@type":"Person","@id":"https:\/\/darzdrowia.pl\/ciekawostki\/#\/schema\/person\/e75579d624630bf943ac69d374bb928e","name":"funkymedia","image":{"@type":"ImageObject","inLanguage":"pl-PL","@id":"https:\/\/darzdrowia.pl\/ciekawostki\/#\/schema\/person\/image\/","url":"https:\/\/secure.gravatar.com\/avatar\/393cb205b658aef6e3271ad5a92265e3e4433d2384bbe95524ba160d5bc20299?s=96&d=mm&r=g","contentUrl":"https:\/\/secure.gravatar.com\/avatar\/393cb205b658aef6e3271ad5a92265e3e4433d2384bbe95524ba160d5bc20299?s=96&d=mm&r=g","caption":"funkymedia"},"sameAs":["https:\/\/darzdrowia.pl\/ciekawostki"],"url":"https:\/\/darzdrowia.pl\/ciekawostki\/author\/funkymedia\/"}]}},"_links":{"self":[{"href":"https:\/\/darzdrowia.pl\/ciekawostki\/wp-json\/wp\/v2\/posts\/991","targetHints":{"allow":["GET"]}}],"collection":[{"href":"https:\/\/darzdrowia.pl\/ciekawostki\/wp-json\/wp\/v2\/posts"}],"about":[{"href":"https:\/\/darzdrowia.pl\/ciekawostki\/wp-json\/wp\/v2\/types\/post"}],"author":[{"embeddable":true,"href":"https:\/\/darzdrowia.pl\/ciekawostki\/wp-json\/wp\/v2\/users\/1"}],"replies":[{"embeddable":true,"href":"https:\/\/darzdrowia.pl\/ciekawostki\/wp-json\/wp\/v2\/comments?post=991"}],"version-history":[{"count":0,"href":"https:\/\/darzdrowia.pl\/ciekawostki\/wp-json\/wp\/v2\/posts\/991\/revisions"}],"wp:attachment":[{"href":"https:\/\/darzdrowia.pl\/ciekawostki\/wp-json\/wp\/v2\/media?parent=991"}],"wp:term":[{"taxonomy":"category","embeddable":true,"href":"https:\/\/darzdrowia.pl\/ciekawostki\/wp-json\/wp\/v2\/categories?post=991"},{"taxonomy":"post_tag","embeddable":true,"href":"https:\/\/darzdrowia.pl\/ciekawostki\/wp-json\/wp\/v2\/tags?post=991"}],"curies":[{"name":"wp","href":"https:\/\/api.w.org\/{rel}","templated":true}]}}