{"id":8630,"date":"2025-04-28T15:47:57","date_gmt":"2025-04-28T13:47:57","guid":{"rendered":"https:\/\/darzdrowia.pl\/ciekawostki\/krem-z-filtrem-dla-niemowlat-kiedy-zaczac-stosowac-ochrone-przeciwsloneczna\/"},"modified":"2025-04-28T15:47:57","modified_gmt":"2025-04-28T13:47:57","slug":"krem-z-filtrem-dla-niemowlat-kiedy-zaczac-stosowac-ochrone-przeciwsloneczna","status":"publish","type":"post","link":"https:\/\/darzdrowia.pl\/ciekawostki\/krem-z-filtrem-dla-niemowlat-kiedy-zaczac-stosowac-ochrone-przeciwsloneczna\/","title":{"rendered":"Krem z filtrem dla niemowl\u0105t \u2013 kiedy zacz\u0105\u0107 stosowa\u0107 ochron\u0119 przeciws\u0142oneczn\u0105?"},"content":{"rendered":"\n<p>Ochrona delikatnej sk\u00f3ry niemowl\u0105t przed szkodliwym dzia\u0142aniem promieni s\u0142onecznych jest niezwykle wa\u017cna, zw\u0142aszcza w pierwszych miesi\u0105cach \u017cycia. Sk\u00f3ra maluch\u00f3w jest znacznie cie\u0144sza i bardziej wra\u017cliwa ni\u017c sk\u00f3ra doros\u0142ych, co sprawia, \u017ce jest bardziej podatna na oparzenia s\u0142oneczne oraz d\u0142ugoterminowe uszkodzenia. Wprowadzenie kremu z filtrem do codziennej piel\u0119gnacji niemowl\u0119cia mo\u017ce by\u0107 kluczowe dla zapewnienia mu odpowiedniej ochrony. Jednak wielu rodzic\u00f3w zastanawia si\u0119, kiedy jest odpowiedni moment na rozpocz\u0119cie stosowania ochrony przeciws\u0142onecznej u swoich pociech. W tym artykule przyjrzymy si\u0119 zaleceniom ekspert\u00f3w dotycz\u0105cym stosowania krem\u00f3w z filtrem dla niemowl\u0105t oraz podpowiemy, jak skutecznie chroni\u0107 dziecko przed s\u0142o\u0144cem, jednocze\u015bnie dbaj\u0105c o jego zdrowie i komfort.<\/p>\n\n\n\n<h2 class=\"wp-block-heading\">Pierwsze promienie s\u0142o\u0144ca: Kiedy i jak zacz\u0105\u0107 stosowa\u0107 krem z filtrem u niemowl\u0105t?<\/h2>\n\n\n\n<p>Krem z filtrem u niemowl\u0105t zaleca si\u0119 stosowa\u0107 od 6. miesi\u0105ca \u017cycia. Sk\u00f3ra niemowl\u0105t jest bardzo delikatna i wra\u017cliwa na dzia\u0142anie promieni UV. Wybieraj produkty przeznaczone specjalnie dla dzieci, z filtrem mineralnym SPF 30 lub wy\u017cszym. Aplikuj krem na ods\u0142oni\u0119te cz\u0119\u015bci cia\u0142a co 2 godziny oraz po k\u0105pieli. Unikaj ekspozycji na s\u0142o\u0144ce w godzinach najwi\u0119kszego nas\u0142onecznienia, czyli mi\u0119dzy 10:00 a 16:00. Dodatkowo, stosuj ochronne ubrania i kapelusze dla zwi\u0119kszenia bezpiecze\u0144stwa dziecka.<\/p>\n\n\n\n<h2 class=\"wp-block-heading\">Ochrona delikatnej sk\u00f3ry: Przewodnik po stosowaniu krem\u00f3w z filtrem dla najm\u0142odszych<\/h2>\n\n\n\n<p>Ochrona delikatnej sk\u00f3ry dzieci jest kluczowa, zw\u0142aszcza w kontek\u015bcie promieniowania UV. Kremy z filtrem powinny by\u0107 stosowane regularnie, niezale\u017cnie od pogody. Wybieraj produkty z wysokim SPF, najlepiej 30 lub wi\u0119cej. Zwracaj uwag\u0119 na sk\u0142adniki: unika\u0107 nale\u017cy paraben\u00f3w i sztucznych barwnik\u00f3w. Aplikuj krem co dwie godziny oraz po ka\u017cdej k\u0105pieli. Dla niemowl\u0105t poni\u017cej 6 miesi\u0105ca \u017cycia zaleca si\u0119 unikanie bezpo\u015bredniego s\u0142o\u0144ca i stosowanie fizycznych metod ochrony, takich jak kapelusze i ubrania z d\u0142ugimi r\u0119kawami.<\/p>\n\n\n\n<h2 class=\"wp-block-heading\">Bezpieczne lato dla malucha: Dlaczego ochrona przeciws\u0142oneczna jest wa\u017cna od pierwszych miesi\u0119cy \u017cycia?<\/h2>\n\n\n\n<p>Ochrona przeciws\u0142oneczna jest kluczowa dla zdrowia malucha od pierwszych miesi\u0119cy \u017cycia. Sk\u00f3ra niemowl\u0105t jest wyj\u0105tkowo delikatna i cienka, co sprawia, \u017ce jest bardziej podatna na szkodliwe dzia\u0142anie promieni UV. Ekspozycja na s\u0142o\u0144ce bez odpowiedniej ochrony mo\u017ce prowadzi\u0107 do oparze\u0144 s\u0142onecznych, kt\u00f3re s\u0105 nie tylko bolesne, ale mog\u0105 r\u00f3wnie\u017c zwi\u0119ksza\u0107 ryzyko rozwoju raka sk\u00f3ry w przysz\u0142o\u015bci. Ponadto nadmierne nas\u0142onecznienie mo\u017ce powodowa\u0107 odwodnienie i udar cieplny. Dlatego zaleca si\u0119 stosowanie krem\u00f3w z filtrem UV, noszenie kapeluszy oraz unikanie bezpo\u015bredniego s\u0142o\u0144ca w godzinach najwi\u0119kszego nas\u0142onecznienia.<\/p>\n\n\n\n<p>Podsumowuj\u0105c, ochrona przeciws\u0142oneczna dla niemowl\u0105t jest niezwykle wa\u017cna, aby chroni\u0107 delikatn\u0105 sk\u00f3r\u0119 dziecka przed szkodliwym dzia\u0142aniem promieni UV. Zaleca si\u0119 unikanie bezpo\u015bredniej ekspozycji na s\u0142o\u0144ce dla niemowl\u0105t poni\u017cej 6 miesi\u0105ca \u017cycia. W przypadku starszych niemowl\u0105t, kt\u00f3re mog\u0105 by\u0107 wystawione na dzia\u0142anie s\u0142o\u0144ca, warto stosowa\u0107 kremy z filtrem przeznaczone specjalnie dla dzieci, kt\u00f3re s\u0105 \u0142agodne i nie zawieraj\u0105 szkodliwych substancji chemicznych. Dodatkowo, opr\u00f3cz stosowania krem\u00f3w z filtrem, wa\u017cne jest r\u00f3wnie\u017c korzystanie z innych form ochrony, takich jak kapelusze z szerokim rondem czy odzie\u017c ochronna. Pami\u0119tajmy, \u017ce odpowiednia ochrona przeciws\u0142oneczna od najm\u0142odszych lat mo\u017ce znacz\u0105co zmniejszy\u0107 ryzyko uszkodze\u0144 sk\u00f3ry i problem\u00f3w zdrowotnych w przysz\u0142o\u015bci.<\/p>\n","protected":false},"excerpt":{"rendered":"<p>Ochrona delikatnej sk\u00f3ry niemowl\u0105t przed szkodliwym dzia\u0142aniem promieni s\u0142onecznych jest niezwykle wa\u017cna, zw\u0142aszcza w pierwszych miesi\u0105cach \u017cycia. Sk\u00f3ra maluch\u00f3w jest znacznie cie\u0144sza i bardziej wra\u017cliwa ni\u017c sk\u00f3ra doros\u0142ych, co sprawia, \u017ce jest bardziej podatna na oparzenia s\u0142oneczne oraz d\u0142ugoterminowe uszkodzenia. Wprowadzenie kremu z filtrem do codziennej piel\u0119gnacji niemowl\u0119cia mo\u017ce by\u0107 kluczowe dla zapewnienia mu odpowiedniej [&hellip;]<\/p>\n","protected":false},"author":1,"featured_media":0,"comment_status":"","ping_status":"open","sticky":false,"template":"","format":"standard","meta":{"footnotes":""},"categories":[1],"tags":[],"class_list":["post-8630","post","type-post","status-publish","format-standard","hentry","category-bez-kategorii"],"fm_meta_title":"Krem z filtrem dla niemowl\u0105t \u2013 kiedy zacz\u0105\u0107 stosowa\u0107 ochron\u0119 przeciws\u0142oneczn\u0105?","fm_meta_description":"Dowiedz si\u0119, kiedy zacz\u0105\u0107 stosowa\u0107 krem z filtrem dla niemowl\u0105t. Ochrona delikatnej sk\u00f3ry dziecka przed s\u0142o\u0144cem jest kluczowa! Sprawd\u017a nasze porady.","yoast_head":"<!-- This site is optimized with the Yoast SEO plugin v21.5 - https:\/\/yoast.com\/wordpress\/plugins\/seo\/ -->\n<title>Krem z filtrem dla niemowl\u0105t \u2013 kiedy zacz\u0105\u0107 stosowa\u0107 ochron\u0119 przeciws\u0142oneczn\u0105?<\/title>\n<meta name=\"description\" content=\"Dowiedz si\u0119, kiedy zacz\u0105\u0107 stosowa\u0107 krem z filtrem dla niemowl\u0105t. Ochrona delikatnej sk\u00f3ry dziecka przed s\u0142o\u0144cem jest kluczowa! Sprawd\u017a nasze porady.\" \/>\n<meta name=\"robots\" content=\"index, follow, max-snippet:-1, max-image-preview:large, max-video-preview:-1\" \/>\n<link rel=\"canonical\" href=\"https:\/\/darzdrowia.pl\/ciekawostki\/krem-z-filtrem-dla-niemowlat-kiedy-zaczac-stosowac-ochrone-przeciwsloneczna\/\" \/>\n<meta property=\"og:locale\" content=\"pl_PL\" \/>\n<meta property=\"og:type\" content=\"article\" \/>\n<meta property=\"og:title\" content=\"Krem z filtrem dla niemowl\u0105t \u2013 kiedy zacz\u0105\u0107 stosowa\u0107 ochron\u0119 przeciws\u0142oneczn\u0105?\" \/>\n<meta property=\"og:description\" content=\"Dowiedz si\u0119, kiedy zacz\u0105\u0107 stosowa\u0107 krem z filtrem dla niemowl\u0105t. Ochrona delikatnej sk\u00f3ry dziecka przed s\u0142o\u0144cem jest kluczowa! Sprawd\u017a nasze porady.\" \/>\n<meta property=\"og:url\" content=\"https:\/\/darzdrowia.pl\/ciekawostki\/krem-z-filtrem-dla-niemowlat-kiedy-zaczac-stosowac-ochrone-przeciwsloneczna\/\" \/>\n<meta property=\"og:site_name\" content=\"Dar Zdrowia Drogeria - Blog\" \/>\n<meta property=\"article:publisher\" content=\"https:\/\/www.facebook.com\/profile.php?id=100063606935396\" \/>\n<meta property=\"article:published_time\" content=\"2025-04-28T13:47:57+00:00\" \/>\n<meta name=\"author\" content=\"funkymedia\" \/>\n<meta name=\"twitter:card\" content=\"summary_large_image\" \/>\n<meta name=\"twitter:label1\" content=\"Napisane przez\" \/>\n\t<meta name=\"twitter:data1\" content=\"funkymedia\" \/>\n\t<meta name=\"twitter:label2\" content=\"Szacowany czas czytania\" \/>\n\t<meta name=\"twitter:data2\" content=\"3 minuty\" \/>\n<script type=\"application\/ld+json\" class=\"yoast-schema-graph\">{\"@context\":\"https:\/\/schema.org\",\"@graph\":[{\"@type\":\"Article\",\"@id\":\"https:\/\/darzdrowia.pl\/ciekawostki\/krem-z-filtrem-dla-niemowlat-kiedy-zaczac-stosowac-ochrone-przeciwsloneczna\/#article\",\"isPartOf\":{\"@id\":\"https:\/\/darzdrowia.pl\/ciekawostki\/krem-z-filtrem-dla-niemowlat-kiedy-zaczac-stosowac-ochrone-przeciwsloneczna\/\"},\"author\":{\"name\":\"funkymedia\",\"@id\":\"https:\/\/darzdrowia.pl\/ciekawostki\/#\/schema\/person\/e75579d624630bf943ac69d374bb928e\"},\"headline\":\"Krem z filtrem dla niemowl\u0105t \u2013 kiedy zacz\u0105\u0107 stosowa\u0107 ochron\u0119 przeciws\u0142oneczn\u0105?\",\"datePublished\":\"2025-04-28T13:47:57+00:00\",\"dateModified\":\"2025-04-28T13:47:57+00:00\",\"mainEntityOfPage\":{\"@id\":\"https:\/\/darzdrowia.pl\/ciekawostki\/krem-z-filtrem-dla-niemowlat-kiedy-zaczac-stosowac-ochrone-przeciwsloneczna\/\"},\"wordCount\":602,\"publisher\":{\"@id\":\"https:\/\/darzdrowia.pl\/ciekawostki\/#organization\"},\"inLanguage\":\"pl-PL\"},{\"@type\":\"WebPage\",\"@id\":\"https:\/\/darzdrowia.pl\/ciekawostki\/krem-z-filtrem-dla-niemowlat-kiedy-zaczac-stosowac-ochrone-przeciwsloneczna\/\",\"url\":\"https:\/\/darzdrowia.pl\/ciekawostki\/krem-z-filtrem-dla-niemowlat-kiedy-zaczac-stosowac-ochrone-przeciwsloneczna\/\",\"name\":\"Krem z filtrem dla niemowl\u0105t \u2013 kiedy zacz\u0105\u0107 stosowa\u0107 ochron\u0119 przeciws\u0142oneczn\u0105?\",\"isPartOf\":{\"@id\":\"https:\/\/darzdrowia.pl\/ciekawostki\/#website\"},\"datePublished\":\"2025-04-28T13:47:57+00:00\",\"dateModified\":\"2025-04-28T13:47:57+00:00\",\"description\":\"Dowiedz si\u0119, kiedy zacz\u0105\u0107 stosowa\u0107 krem z filtrem dla niemowl\u0105t. Ochrona delikatnej sk\u00f3ry dziecka przed s\u0142o\u0144cem jest kluczowa! Sprawd\u017a nasze porady.\",\"breadcrumb\":{\"@id\":\"https:\/\/darzdrowia.pl\/ciekawostki\/krem-z-filtrem-dla-niemowlat-kiedy-zaczac-stosowac-ochrone-przeciwsloneczna\/#breadcrumb\"},\"inLanguage\":\"pl-PL\",\"potentialAction\":[{\"@type\":\"ReadAction\",\"target\":[\"https:\/\/darzdrowia.pl\/ciekawostki\/krem-z-filtrem-dla-niemowlat-kiedy-zaczac-stosowac-ochrone-przeciwsloneczna\/\"]}]},{\"@type\":\"BreadcrumbList\",\"@id\":\"https:\/\/darzdrowia.pl\/ciekawostki\/krem-z-filtrem-dla-niemowlat-kiedy-zaczac-stosowac-ochrone-przeciwsloneczna\/#breadcrumb\",\"itemListElement\":[{\"@type\":\"ListItem\",\"position\":1,\"name\":\"Strona g\u0142\u00f3wna\",\"item\":\"https:\/\/darzdrowia.pl\/ciekawostki\/\"},{\"@type\":\"ListItem\",\"position\":2,\"name\":\"Krem z filtrem dla niemowl\u0105t \u2013 kiedy zacz\u0105\u0107 stosowa\u0107 ochron\u0119 przeciws\u0142oneczn\u0105?\"}]},{\"@type\":\"WebSite\",\"@id\":\"https:\/\/darzdrowia.pl\/ciekawostki\/#website\",\"url\":\"https:\/\/darzdrowia.pl\/ciekawostki\/\",\"name\":\"Dar Zdrowia Drogeria - Blog\",\"description\":\"\",\"publisher\":{\"@id\":\"https:\/\/darzdrowia.pl\/ciekawostki\/#organization\"},\"potentialAction\":[{\"@type\":\"SearchAction\",\"target\":{\"@type\":\"EntryPoint\",\"urlTemplate\":\"https:\/\/darzdrowia.pl\/ciekawostki\/?s={search_term_string}\"},\"query-input\":\"required name=search_term_string\"}],\"inLanguage\":\"pl-PL\"},{\"@type\":\"Organization\",\"@id\":\"https:\/\/darzdrowia.pl\/ciekawostki\/#organization\",\"name\":\"Dar Zdrowia Drogeria - Blog\",\"url\":\"https:\/\/darzdrowia.pl\/ciekawostki\/\",\"logo\":{\"@type\":\"ImageObject\",\"inLanguage\":\"pl-PL\",\"@id\":\"https:\/\/darzdrowia.pl\/ciekawostki\/#\/schema\/logo\/image\/\",\"url\":\"https:\/\/darzdrowia.pl\/ciekawostki\/wp-content\/uploads\/2023\/11\/logo-darzdrowia.webp\",\"contentUrl\":\"https:\/\/darzdrowia.pl\/ciekawostki\/wp-content\/uploads\/2023\/11\/logo-darzdrowia.webp\",\"width\":744,\"height\":225,\"caption\":\"Dar Zdrowia Drogeria - Blog\"},\"image\":{\"@id\":\"https:\/\/darzdrowia.pl\/ciekawostki\/#\/schema\/logo\/image\/\"},\"sameAs\":[\"https:\/\/www.facebook.com\/profile.php?id=100063606935396\"]},{\"@type\":\"Person\",\"@id\":\"https:\/\/darzdrowia.pl\/ciekawostki\/#\/schema\/person\/e75579d624630bf943ac69d374bb928e\",\"name\":\"funkymedia\",\"image\":{\"@type\":\"ImageObject\",\"inLanguage\":\"pl-PL\",\"@id\":\"https:\/\/darzdrowia.pl\/ciekawostki\/#\/schema\/person\/image\/\",\"url\":\"https:\/\/secure.gravatar.com\/avatar\/393cb205b658aef6e3271ad5a92265e3e4433d2384bbe95524ba160d5bc20299?s=96&d=mm&r=g\",\"contentUrl\":\"https:\/\/secure.gravatar.com\/avatar\/393cb205b658aef6e3271ad5a92265e3e4433d2384bbe95524ba160d5bc20299?s=96&d=mm&r=g\",\"caption\":\"funkymedia\"},\"sameAs\":[\"https:\/\/darzdrowia.pl\/ciekawostki\"],\"url\":\"https:\/\/darzdrowia.pl\/ciekawostki\/author\/funkymedia\/\"}]}<\/script>\n<!-- \/ Yoast SEO plugin. -->","yoast_head_json":{"title":"Krem z filtrem dla niemowl\u0105t \u2013 kiedy zacz\u0105\u0107 stosowa\u0107 ochron\u0119 przeciws\u0142oneczn\u0105?","description":"Dowiedz si\u0119, kiedy zacz\u0105\u0107 stosowa\u0107 krem z filtrem dla niemowl\u0105t. Ochrona delikatnej sk\u00f3ry dziecka przed s\u0142o\u0144cem jest kluczowa! Sprawd\u017a nasze porady.","robots":{"index":"index","follow":"follow","max-snippet":"max-snippet:-1","max-image-preview":"max-image-preview:large","max-video-preview":"max-video-preview:-1"},"canonical":"https:\/\/darzdrowia.pl\/ciekawostki\/krem-z-filtrem-dla-niemowlat-kiedy-zaczac-stosowac-ochrone-przeciwsloneczna\/","og_locale":"pl_PL","og_type":"article","og_title":"Krem z filtrem dla niemowl\u0105t \u2013 kiedy zacz\u0105\u0107 stosowa\u0107 ochron\u0119 przeciws\u0142oneczn\u0105?","og_description":"Dowiedz si\u0119, kiedy zacz\u0105\u0107 stosowa\u0107 krem z filtrem dla niemowl\u0105t. Ochrona delikatnej sk\u00f3ry dziecka przed s\u0142o\u0144cem jest kluczowa! Sprawd\u017a nasze porady.","og_url":"https:\/\/darzdrowia.pl\/ciekawostki\/krem-z-filtrem-dla-niemowlat-kiedy-zaczac-stosowac-ochrone-przeciwsloneczna\/","og_site_name":"Dar Zdrowia Drogeria - Blog","article_publisher":"https:\/\/www.facebook.com\/profile.php?id=100063606935396","article_published_time":"2025-04-28T13:47:57+00:00","author":"funkymedia","twitter_card":"summary_large_image","twitter_misc":{"Napisane przez":"funkymedia","Szacowany czas czytania":"3 minuty"},"schema":{"@context":"https:\/\/schema.org","@graph":[{"@type":"Article","@id":"https:\/\/darzdrowia.pl\/ciekawostki\/krem-z-filtrem-dla-niemowlat-kiedy-zaczac-stosowac-ochrone-przeciwsloneczna\/#article","isPartOf":{"@id":"https:\/\/darzdrowia.pl\/ciekawostki\/krem-z-filtrem-dla-niemowlat-kiedy-zaczac-stosowac-ochrone-przeciwsloneczna\/"},"author":{"name":"funkymedia","@id":"https:\/\/darzdrowia.pl\/ciekawostki\/#\/schema\/person\/e75579d624630bf943ac69d374bb928e"},"headline":"Krem z filtrem dla niemowl\u0105t \u2013 kiedy zacz\u0105\u0107 stosowa\u0107 ochron\u0119 przeciws\u0142oneczn\u0105?","datePublished":"2025-04-28T13:47:57+00:00","dateModified":"2025-04-28T13:47:57+00:00","mainEntityOfPage":{"@id":"https:\/\/darzdrowia.pl\/ciekawostki\/krem-z-filtrem-dla-niemowlat-kiedy-zaczac-stosowac-ochrone-przeciwsloneczna\/"},"wordCount":602,"publisher":{"@id":"https:\/\/darzdrowia.pl\/ciekawostki\/#organization"},"inLanguage":"pl-PL"},{"@type":"WebPage","@id":"https:\/\/darzdrowia.pl\/ciekawostki\/krem-z-filtrem-dla-niemowlat-kiedy-zaczac-stosowac-ochrone-przeciwsloneczna\/","url":"https:\/\/darzdrowia.pl\/ciekawostki\/krem-z-filtrem-dla-niemowlat-kiedy-zaczac-stosowac-ochrone-przeciwsloneczna\/","name":"Krem z filtrem dla niemowl\u0105t \u2013 kiedy zacz\u0105\u0107 stosowa\u0107 ochron\u0119 przeciws\u0142oneczn\u0105?","isPartOf":{"@id":"https:\/\/darzdrowia.pl\/ciekawostki\/#website"},"datePublished":"2025-04-28T13:47:57+00:00","dateModified":"2025-04-28T13:47:57+00:00","description":"Dowiedz si\u0119, kiedy zacz\u0105\u0107 stosowa\u0107 krem z filtrem dla niemowl\u0105t. Ochrona delikatnej sk\u00f3ry dziecka przed s\u0142o\u0144cem jest kluczowa! Sprawd\u017a nasze porady.","breadcrumb":{"@id":"https:\/\/darzdrowia.pl\/ciekawostki\/krem-z-filtrem-dla-niemowlat-kiedy-zaczac-stosowac-ochrone-przeciwsloneczna\/#breadcrumb"},"inLanguage":"pl-PL","potentialAction":[{"@type":"ReadAction","target":["https:\/\/darzdrowia.pl\/ciekawostki\/krem-z-filtrem-dla-niemowlat-kiedy-zaczac-stosowac-ochrone-przeciwsloneczna\/"]}]},{"@type":"BreadcrumbList","@id":"https:\/\/darzdrowia.pl\/ciekawostki\/krem-z-filtrem-dla-niemowlat-kiedy-zaczac-stosowac-ochrone-przeciwsloneczna\/#breadcrumb","itemListElement":[{"@type":"ListItem","position":1,"name":"Strona g\u0142\u00f3wna","item":"https:\/\/darzdrowia.pl\/ciekawostki\/"},{"@type":"ListItem","position":2,"name":"Krem z filtrem dla niemowl\u0105t \u2013 kiedy zacz\u0105\u0107 stosowa\u0107 ochron\u0119 przeciws\u0142oneczn\u0105?"}]},{"@type":"WebSite","@id":"https:\/\/darzdrowia.pl\/ciekawostki\/#website","url":"https:\/\/darzdrowia.pl\/ciekawostki\/","name":"Dar Zdrowia Drogeria - Blog","description":"","publisher":{"@id":"https:\/\/darzdrowia.pl\/ciekawostki\/#organization"},"potentialAction":[{"@type":"SearchAction","target":{"@type":"EntryPoint","urlTemplate":"https:\/\/darzdrowia.pl\/ciekawostki\/?s={search_term_string}"},"query-input":"required name=search_term_string"}],"inLanguage":"pl-PL"},{"@type":"Organization","@id":"https:\/\/darzdrowia.pl\/ciekawostki\/#organization","name":"Dar Zdrowia Drogeria - Blog","url":"https:\/\/darzdrowia.pl\/ciekawostki\/","logo":{"@type":"ImageObject","inLanguage":"pl-PL","@id":"https:\/\/darzdrowia.pl\/ciekawostki\/#\/schema\/logo\/image\/","url":"https:\/\/darzdrowia.pl\/ciekawostki\/wp-content\/uploads\/2023\/11\/logo-darzdrowia.webp","contentUrl":"https:\/\/darzdrowia.pl\/ciekawostki\/wp-content\/uploads\/2023\/11\/logo-darzdrowia.webp","width":744,"height":225,"caption":"Dar Zdrowia Drogeria - Blog"},"image":{"@id":"https:\/\/darzdrowia.pl\/ciekawostki\/#\/schema\/logo\/image\/"},"sameAs":["https:\/\/www.facebook.com\/profile.php?id=100063606935396"]},{"@type":"Person","@id":"https:\/\/darzdrowia.pl\/ciekawostki\/#\/schema\/person\/e75579d624630bf943ac69d374bb928e","name":"funkymedia","image":{"@type":"ImageObject","inLanguage":"pl-PL","@id":"https:\/\/darzdrowia.pl\/ciekawostki\/#\/schema\/person\/image\/","url":"https:\/\/secure.gravatar.com\/avatar\/393cb205b658aef6e3271ad5a92265e3e4433d2384bbe95524ba160d5bc20299?s=96&d=mm&r=g","contentUrl":"https:\/\/secure.gravatar.com\/avatar\/393cb205b658aef6e3271ad5a92265e3e4433d2384bbe95524ba160d5bc20299?s=96&d=mm&r=g","caption":"funkymedia"},"sameAs":["https:\/\/darzdrowia.pl\/ciekawostki"],"url":"https:\/\/darzdrowia.pl\/ciekawostki\/author\/funkymedia\/"}]}},"_links":{"self":[{"href":"https:\/\/darzdrowia.pl\/ciekawostki\/wp-json\/wp\/v2\/posts\/8630","targetHints":{"allow":["GET"]}}],"collection":[{"href":"https:\/\/darzdrowia.pl\/ciekawostki\/wp-json\/wp\/v2\/posts"}],"about":[{"href":"https:\/\/darzdrowia.pl\/ciekawostki\/wp-json\/wp\/v2\/types\/post"}],"author":[{"embeddable":true,"href":"https:\/\/darzdrowia.pl\/ciekawostki\/wp-json\/wp\/v2\/users\/1"}],"replies":[{"embeddable":true,"href":"https:\/\/darzdrowia.pl\/ciekawostki\/wp-json\/wp\/v2\/comments?post=8630"}],"version-history":[{"count":0,"href":"https:\/\/darzdrowia.pl\/ciekawostki\/wp-json\/wp\/v2\/posts\/8630\/revisions"}],"wp:attachment":[{"href":"https:\/\/darzdrowia.pl\/ciekawostki\/wp-json\/wp\/v2\/media?parent=8630"}],"wp:term":[{"taxonomy":"category","embeddable":true,"href":"https:\/\/darzdrowia.pl\/ciekawostki\/wp-json\/wp\/v2\/categories?post=8630"},{"taxonomy":"post_tag","embeddable":true,"href":"https:\/\/darzdrowia.pl\/ciekawostki\/wp-json\/wp\/v2\/tags?post=8630"}],"curies":[{"name":"wp","href":"https:\/\/api.w.org\/{rel}","templated":true}]}}