{"id":8392,"date":"2025-03-26T18:39:36","date_gmt":"2025-03-26T17:39:36","guid":{"rendered":"https:\/\/darzdrowia.pl\/ciekawostki\/tabletki-na-alergie-kiedy-warto-zaczac-ich-stosowanie\/"},"modified":"2025-03-26T18:39:36","modified_gmt":"2025-03-26T17:39:36","slug":"tabletki-na-alergie-kiedy-warto-zaczac-ich-stosowanie","status":"publish","type":"post","link":"https:\/\/darzdrowia.pl\/ciekawostki\/tabletki-na-alergie-kiedy-warto-zaczac-ich-stosowanie\/","title":{"rendered":"Tabletki na alergi\u0119 \u2013 kiedy warto zacz\u0105\u0107 ich stosowanie?"},"content":{"rendered":"\n<p>Alergia to powszechny problem zdrowotny, kt\u00f3ry dotyka miliony ludzi na ca\u0142ym \u015bwiecie. Objawy alergii, takie jak kichanie, sw\u0119dzenie, \u0142zawienie oczu czy wysypki sk\u00f3rne, mog\u0105 znacz\u0105co obni\u017ca\u0107 jako\u015b\u0107 \u017cycia. W walce z tymi dolegliwo\u015bciami cz\u0119sto si\u0119gamy po r\u00f3\u017cnego rodzaju leki przeciwhistaminowe, potocznie nazywane tabletkami na alergi\u0119. Jednak kiedy warto zacz\u0105\u0107 ich stosowanie? Czy ka\u017cda reakcja alergiczna wymaga interwencji farmakologicznej? W niniejszym artykule przyjrzymy si\u0119 sytuacjom, w kt\u00f3rych stosowanie tabletek na alergi\u0119 jest uzasadnione oraz om\u00f3wimy, jakie korzy\u015bci i potencjalne ryzyko niesie ze sob\u0105 ich regularne przyjmowanie.<\/p>\n\n\n\n<h2 class=\"wp-block-heading\">Sezonowe alergie: Kiedy warto si\u0119gn\u0105\u0107 po tabletki na alergi\u0119, aby z\u0142agodzi\u0107 objawy?<\/h2>\n\n\n\n<p>Sezonowe alergie mog\u0105 znacz\u0105co wp\u0142ywa\u0107 na codzienne funkcjonowanie. Warto si\u0119gn\u0105\u0107 po tabletki na alergi\u0119, gdy pojawiaj\u0105 si\u0119 pierwsze objawy, takie jak kichanie, sw\u0119dzenie oczu czy katar. Najlepiej rozpocz\u0105\u0107 ich stosowanie przed sezonem pylenia ro\u015blin, kt\u00f3re wywo\u0142uj\u0105 reakcje alergiczne. Regularne przyjmowanie lek\u00f3w przeciwhistaminowych mo\u017ce pom\u00f3c w z\u0142agodzeniu objaw\u00f3w i poprawie komfortu \u017cycia. W przypadku silnych reakcji alergicznych zaleca si\u0119 konsultacj\u0119 z lekarzem w celu dobrania odpowiedniego leczenia.<\/p>\n\n\n\n<h2 class=\"wp-block-heading\">Tabletki na alergi\u0119 dla dzieci i doros\u0142ych: Jak rozpozna\u0107 odpowiedni moment na rozpocz\u0119cie leczenia?<\/h2>\n\n\n\n<p>Rozpocz\u0119cie leczenia alergii tabletkami powinno by\u0107 poprzedzone konsultacj\u0105 z lekarzem. Objawy, takie jak katar sienny, sw\u0119dzenie oczu czy wysypka, mog\u0105 wskazywa\u0107 na alergi\u0119. U dzieci i doros\u0142ych wa\u017cne jest monitorowanie nasilenia objaw\u00f3w oraz ich wp\u0142ywu na codzienne funkcjonowanie. W przypadku sezonowych alergii warto rozpocz\u0105\u0107 leczenie przed okresem pylenia. Dla alergii ca\u0142orocznych decyzja o rozpocz\u0119ciu terapii zale\u017cy od intensywno\u015bci objaw\u00f3w. Zawsze nale\u017cy przestrzega\u0107 zalece\u0144 specjalisty dotycz\u0105cych dawkowania i rodzaju leku.<\/p>\n\n\n\n<h2 class=\"wp-block-heading\">Alergia czy przezi\u0119bienie? Jak odr\u00f3\u017cni\u0107 objawy i kiedy zdecydowa\u0107 si\u0119 na stosowanie tabletek antyalergicznych?<\/h2>\n\n\n\n<p>Alergia i przezi\u0119bienie maj\u0105 podobne objawy, ale mo\u017cna je odr\u00f3\u017cni\u0107. Alergia cz\u0119sto powoduje sw\u0119dzenie oczu, nosa i gard\u0142a, a tak\u017ce kichanie i wodnisty katar. Objawy te pojawiaj\u0105 si\u0119 nagle po kontakcie z alergenem i mog\u0105 trwa\u0107 d\u0142ugo. Przezi\u0119bienie charakteryzuje si\u0119 b\u00f3lem gard\u0142a, kaszlem, g\u0119stym katarem oraz gor\u0105czk\u0105. Objawy rozwijaj\u0105 si\u0119 stopniowo i trwaj\u0105 oko\u0142o tygodnia.<\/p>\n\n\n\n<p>Decyzj\u0119 o stosowaniu tabletek antyalergicznych nale\u017cy podj\u0105\u0107 w przypadku potwierdzonej alergii oraz gdy objawy s\u0105 uci\u0105\u017cliwe i wp\u0142ywaj\u0105 na codzienne funkcjonowanie. Warto skonsultowa\u0107 si\u0119 z lekarzem w celu dobrania odpowiedniego leku.<\/p>\n\n\n\n<p>Tabletki na alergi\u0119 mog\u0105 by\u0107 niezwykle pomocne w \u0142agodzeniu objaw\u00f3w alergicznych, takich jak katar sienny, sw\u0119dzenie oczu czy wysypki sk\u00f3rne. Warto rozwa\u017cy\u0107 ich stosowanie, gdy objawy alergii zaczynaj\u0105 wp\u0142ywa\u0107 na codzienne funkcjonowanie i obni\u017caj\u0105 jako\u015b\u0107 \u017cycia. Najlepiej jest rozpocz\u0105\u0107 ich przyjmowanie po konsultacji z lekarzem, kt\u00f3ry pomo\u017ce dobra\u0107 odpowiedni preparat oraz dawkowanie dostosowane do indywidualnych potrzeb pacjenta. W przypadku sezonowych alergii, takich jak alergia na py\u0142ki, zaleca si\u0119 rozpocz\u0119cie terapii przed okresem najwi\u0119kszego st\u0119\u017cenia alergen\u00f3w w powietrzu. Dzi\u0119ki temu mo\u017cna skutecznie zapobiec nasileniu objaw\u00f3w. Wa\u017cne jest r\u00f3wnie\u017c monitorowanie reakcji organizmu na leki i zg\u0142aszanie ewentualnych skutk\u00f3w ubocznych specjali\u015bcie. Ostatecznie, stosowanie tabletek na alergi\u0119 powinno by\u0107 cz\u0119\u015bci\u0105 kompleksowego podej\u015bcia do zarz\u0105dzania alergi\u0105, kt\u00f3re mo\u017ce obejmowa\u0107 tak\u017ce unikanie alergen\u00f3w oraz inne metody leczenia zalecone przez lekarza.<\/p>\n","protected":false},"excerpt":{"rendered":"<p>Alergia to powszechny problem zdrowotny, kt\u00f3ry dotyka miliony ludzi na ca\u0142ym \u015bwiecie. Objawy alergii, takie jak kichanie, sw\u0119dzenie, \u0142zawienie oczu czy wysypki sk\u00f3rne, mog\u0105 znacz\u0105co obni\u017ca\u0107 jako\u015b\u0107 \u017cycia. W walce z tymi dolegliwo\u015bciami cz\u0119sto si\u0119gamy po r\u00f3\u017cnego rodzaju leki przeciwhistaminowe, potocznie nazywane tabletkami na alergi\u0119. Jednak kiedy warto zacz\u0105\u0107 ich stosowanie? Czy ka\u017cda reakcja alergiczna [&hellip;]<\/p>\n","protected":false},"author":1,"featured_media":0,"comment_status":"","ping_status":"open","sticky":false,"template":"","format":"standard","meta":{"footnotes":""},"categories":[1],"tags":[],"class_list":["post-8392","post","type-post","status-publish","format-standard","hentry","category-bez-kategorii"],"fm_meta_title":"Tabletki na alergi\u0119 \u2013 kiedy warto zacz\u0105\u0107 ich stosowanie?","fm_meta_description":"Dowiedz si\u0119, kiedy warto zacz\u0105\u0107 stosowa\u0107 tabletki na alergi\u0119. Odkryj skuteczne metody \u0142agodzenia objaw\u00f3w i popraw jako\u015b\u0107 swojego \u017cycia!","yoast_head":"<!-- This site is optimized with the Yoast SEO plugin v21.5 - https:\/\/yoast.com\/wordpress\/plugins\/seo\/ -->\n<title>Tabletki na alergi\u0119 \u2013 kiedy warto zacz\u0105\u0107 ich stosowanie?<\/title>\n<meta name=\"description\" content=\"Dowiedz si\u0119, kiedy warto zacz\u0105\u0107 stosowa\u0107 tabletki na alergi\u0119. Odkryj skuteczne metody \u0142agodzenia objaw\u00f3w i popraw jako\u015b\u0107 swojego \u017cycia!\" \/>\n<meta name=\"robots\" content=\"index, follow, max-snippet:-1, max-image-preview:large, max-video-preview:-1\" \/>\n<link rel=\"canonical\" href=\"https:\/\/darzdrowia.pl\/ciekawostki\/tabletki-na-alergie-kiedy-warto-zaczac-ich-stosowanie\/\" \/>\n<meta property=\"og:locale\" content=\"pl_PL\" \/>\n<meta property=\"og:type\" content=\"article\" \/>\n<meta property=\"og:title\" content=\"Tabletki na alergi\u0119 \u2013 kiedy warto zacz\u0105\u0107 ich stosowanie?\" \/>\n<meta property=\"og:description\" content=\"Dowiedz si\u0119, kiedy warto zacz\u0105\u0107 stosowa\u0107 tabletki na alergi\u0119. Odkryj skuteczne metody \u0142agodzenia objaw\u00f3w i popraw jako\u015b\u0107 swojego \u017cycia!\" \/>\n<meta property=\"og:url\" content=\"https:\/\/darzdrowia.pl\/ciekawostki\/tabletki-na-alergie-kiedy-warto-zaczac-ich-stosowanie\/\" \/>\n<meta property=\"og:site_name\" content=\"Dar Zdrowia Drogeria - Blog\" \/>\n<meta property=\"article:publisher\" content=\"https:\/\/www.facebook.com\/profile.php?id=100063606935396\" \/>\n<meta property=\"article:published_time\" content=\"2025-03-26T17:39:36+00:00\" \/>\n<meta name=\"author\" content=\"funkymedia\" \/>\n<meta name=\"twitter:card\" content=\"summary_large_image\" \/>\n<meta name=\"twitter:label1\" content=\"Napisane przez\" \/>\n\t<meta name=\"twitter:data1\" content=\"funkymedia\" \/>\n\t<meta name=\"twitter:label2\" content=\"Szacowany czas czytania\" \/>\n\t<meta name=\"twitter:data2\" content=\"3 minuty\" \/>\n<script type=\"application\/ld+json\" class=\"yoast-schema-graph\">{\"@context\":\"https:\/\/schema.org\",\"@graph\":[{\"@type\":\"Article\",\"@id\":\"https:\/\/darzdrowia.pl\/ciekawostki\/tabletki-na-alergie-kiedy-warto-zaczac-ich-stosowanie\/#article\",\"isPartOf\":{\"@id\":\"https:\/\/darzdrowia.pl\/ciekawostki\/tabletki-na-alergie-kiedy-warto-zaczac-ich-stosowanie\/\"},\"author\":{\"name\":\"funkymedia\",\"@id\":\"https:\/\/darzdrowia.pl\/ciekawostki\/#\/schema\/person\/e75579d624630bf943ac69d374bb928e\"},\"headline\":\"Tabletki na alergi\u0119 \u2013 kiedy warto zacz\u0105\u0107 ich stosowanie?\",\"datePublished\":\"2025-03-26T17:39:36+00:00\",\"dateModified\":\"2025-03-26T17:39:36+00:00\",\"mainEntityOfPage\":{\"@id\":\"https:\/\/darzdrowia.pl\/ciekawostki\/tabletki-na-alergie-kiedy-warto-zaczac-ich-stosowanie\/\"},\"wordCount\":568,\"publisher\":{\"@id\":\"https:\/\/darzdrowia.pl\/ciekawostki\/#organization\"},\"inLanguage\":\"pl-PL\"},{\"@type\":\"WebPage\",\"@id\":\"https:\/\/darzdrowia.pl\/ciekawostki\/tabletki-na-alergie-kiedy-warto-zaczac-ich-stosowanie\/\",\"url\":\"https:\/\/darzdrowia.pl\/ciekawostki\/tabletki-na-alergie-kiedy-warto-zaczac-ich-stosowanie\/\",\"name\":\"Tabletki na alergi\u0119 \u2013 kiedy warto zacz\u0105\u0107 ich stosowanie?\",\"isPartOf\":{\"@id\":\"https:\/\/darzdrowia.pl\/ciekawostki\/#website\"},\"datePublished\":\"2025-03-26T17:39:36+00:00\",\"dateModified\":\"2025-03-26T17:39:36+00:00\",\"description\":\"Dowiedz si\u0119, kiedy warto zacz\u0105\u0107 stosowa\u0107 tabletki na alergi\u0119. Odkryj skuteczne metody \u0142agodzenia objaw\u00f3w i popraw jako\u015b\u0107 swojego \u017cycia!\",\"breadcrumb\":{\"@id\":\"https:\/\/darzdrowia.pl\/ciekawostki\/tabletki-na-alergie-kiedy-warto-zaczac-ich-stosowanie\/#breadcrumb\"},\"inLanguage\":\"pl-PL\",\"potentialAction\":[{\"@type\":\"ReadAction\",\"target\":[\"https:\/\/darzdrowia.pl\/ciekawostki\/tabletki-na-alergie-kiedy-warto-zaczac-ich-stosowanie\/\"]}]},{\"@type\":\"BreadcrumbList\",\"@id\":\"https:\/\/darzdrowia.pl\/ciekawostki\/tabletki-na-alergie-kiedy-warto-zaczac-ich-stosowanie\/#breadcrumb\",\"itemListElement\":[{\"@type\":\"ListItem\",\"position\":1,\"name\":\"Strona g\u0142\u00f3wna\",\"item\":\"https:\/\/darzdrowia.pl\/ciekawostki\/\"},{\"@type\":\"ListItem\",\"position\":2,\"name\":\"Tabletki na alergi\u0119 \u2013 kiedy warto zacz\u0105\u0107 ich stosowanie?\"}]},{\"@type\":\"WebSite\",\"@id\":\"https:\/\/darzdrowia.pl\/ciekawostki\/#website\",\"url\":\"https:\/\/darzdrowia.pl\/ciekawostki\/\",\"name\":\"Dar Zdrowia Drogeria - Blog\",\"description\":\"\",\"publisher\":{\"@id\":\"https:\/\/darzdrowia.pl\/ciekawostki\/#organization\"},\"potentialAction\":[{\"@type\":\"SearchAction\",\"target\":{\"@type\":\"EntryPoint\",\"urlTemplate\":\"https:\/\/darzdrowia.pl\/ciekawostki\/?s={search_term_string}\"},\"query-input\":\"required name=search_term_string\"}],\"inLanguage\":\"pl-PL\"},{\"@type\":\"Organization\",\"@id\":\"https:\/\/darzdrowia.pl\/ciekawostki\/#organization\",\"name\":\"Dar Zdrowia Drogeria - Blog\",\"url\":\"https:\/\/darzdrowia.pl\/ciekawostki\/\",\"logo\":{\"@type\":\"ImageObject\",\"inLanguage\":\"pl-PL\",\"@id\":\"https:\/\/darzdrowia.pl\/ciekawostki\/#\/schema\/logo\/image\/\",\"url\":\"https:\/\/darzdrowia.pl\/ciekawostki\/wp-content\/uploads\/2023\/11\/logo-darzdrowia.webp\",\"contentUrl\":\"https:\/\/darzdrowia.pl\/ciekawostki\/wp-content\/uploads\/2023\/11\/logo-darzdrowia.webp\",\"width\":744,\"height\":225,\"caption\":\"Dar Zdrowia Drogeria - Blog\"},\"image\":{\"@id\":\"https:\/\/darzdrowia.pl\/ciekawostki\/#\/schema\/logo\/image\/\"},\"sameAs\":[\"https:\/\/www.facebook.com\/profile.php?id=100063606935396\"]},{\"@type\":\"Person\",\"@id\":\"https:\/\/darzdrowia.pl\/ciekawostki\/#\/schema\/person\/e75579d624630bf943ac69d374bb928e\",\"name\":\"funkymedia\",\"image\":{\"@type\":\"ImageObject\",\"inLanguage\":\"pl-PL\",\"@id\":\"https:\/\/darzdrowia.pl\/ciekawostki\/#\/schema\/person\/image\/\",\"url\":\"https:\/\/secure.gravatar.com\/avatar\/393cb205b658aef6e3271ad5a92265e3e4433d2384bbe95524ba160d5bc20299?s=96&d=mm&r=g\",\"contentUrl\":\"https:\/\/secure.gravatar.com\/avatar\/393cb205b658aef6e3271ad5a92265e3e4433d2384bbe95524ba160d5bc20299?s=96&d=mm&r=g\",\"caption\":\"funkymedia\"},\"sameAs\":[\"https:\/\/darzdrowia.pl\/ciekawostki\"],\"url\":\"https:\/\/darzdrowia.pl\/ciekawostki\/author\/funkymedia\/\"}]}<\/script>\n<!-- \/ Yoast SEO plugin. -->","yoast_head_json":{"title":"Tabletki na alergi\u0119 \u2013 kiedy warto zacz\u0105\u0107 ich stosowanie?","description":"Dowiedz si\u0119, kiedy warto zacz\u0105\u0107 stosowa\u0107 tabletki na alergi\u0119. Odkryj skuteczne metody \u0142agodzenia objaw\u00f3w i popraw jako\u015b\u0107 swojego \u017cycia!","robots":{"index":"index","follow":"follow","max-snippet":"max-snippet:-1","max-image-preview":"max-image-preview:large","max-video-preview":"max-video-preview:-1"},"canonical":"https:\/\/darzdrowia.pl\/ciekawostki\/tabletki-na-alergie-kiedy-warto-zaczac-ich-stosowanie\/","og_locale":"pl_PL","og_type":"article","og_title":"Tabletki na alergi\u0119 \u2013 kiedy warto zacz\u0105\u0107 ich stosowanie?","og_description":"Dowiedz si\u0119, kiedy warto zacz\u0105\u0107 stosowa\u0107 tabletki na alergi\u0119. Odkryj skuteczne metody \u0142agodzenia objaw\u00f3w i popraw jako\u015b\u0107 swojego \u017cycia!","og_url":"https:\/\/darzdrowia.pl\/ciekawostki\/tabletki-na-alergie-kiedy-warto-zaczac-ich-stosowanie\/","og_site_name":"Dar Zdrowia Drogeria - Blog","article_publisher":"https:\/\/www.facebook.com\/profile.php?id=100063606935396","article_published_time":"2025-03-26T17:39:36+00:00","author":"funkymedia","twitter_card":"summary_large_image","twitter_misc":{"Napisane przez":"funkymedia","Szacowany czas czytania":"3 minuty"},"schema":{"@context":"https:\/\/schema.org","@graph":[{"@type":"Article","@id":"https:\/\/darzdrowia.pl\/ciekawostki\/tabletki-na-alergie-kiedy-warto-zaczac-ich-stosowanie\/#article","isPartOf":{"@id":"https:\/\/darzdrowia.pl\/ciekawostki\/tabletki-na-alergie-kiedy-warto-zaczac-ich-stosowanie\/"},"author":{"name":"funkymedia","@id":"https:\/\/darzdrowia.pl\/ciekawostki\/#\/schema\/person\/e75579d624630bf943ac69d374bb928e"},"headline":"Tabletki na alergi\u0119 \u2013 kiedy warto zacz\u0105\u0107 ich stosowanie?","datePublished":"2025-03-26T17:39:36+00:00","dateModified":"2025-03-26T17:39:36+00:00","mainEntityOfPage":{"@id":"https:\/\/darzdrowia.pl\/ciekawostki\/tabletki-na-alergie-kiedy-warto-zaczac-ich-stosowanie\/"},"wordCount":568,"publisher":{"@id":"https:\/\/darzdrowia.pl\/ciekawostki\/#organization"},"inLanguage":"pl-PL"},{"@type":"WebPage","@id":"https:\/\/darzdrowia.pl\/ciekawostki\/tabletki-na-alergie-kiedy-warto-zaczac-ich-stosowanie\/","url":"https:\/\/darzdrowia.pl\/ciekawostki\/tabletki-na-alergie-kiedy-warto-zaczac-ich-stosowanie\/","name":"Tabletki na alergi\u0119 \u2013 kiedy warto zacz\u0105\u0107 ich stosowanie?","isPartOf":{"@id":"https:\/\/darzdrowia.pl\/ciekawostki\/#website"},"datePublished":"2025-03-26T17:39:36+00:00","dateModified":"2025-03-26T17:39:36+00:00","description":"Dowiedz si\u0119, kiedy warto zacz\u0105\u0107 stosowa\u0107 tabletki na alergi\u0119. Odkryj skuteczne metody \u0142agodzenia objaw\u00f3w i popraw jako\u015b\u0107 swojego \u017cycia!","breadcrumb":{"@id":"https:\/\/darzdrowia.pl\/ciekawostki\/tabletki-na-alergie-kiedy-warto-zaczac-ich-stosowanie\/#breadcrumb"},"inLanguage":"pl-PL","potentialAction":[{"@type":"ReadAction","target":["https:\/\/darzdrowia.pl\/ciekawostki\/tabletki-na-alergie-kiedy-warto-zaczac-ich-stosowanie\/"]}]},{"@type":"BreadcrumbList","@id":"https:\/\/darzdrowia.pl\/ciekawostki\/tabletki-na-alergie-kiedy-warto-zaczac-ich-stosowanie\/#breadcrumb","itemListElement":[{"@type":"ListItem","position":1,"name":"Strona g\u0142\u00f3wna","item":"https:\/\/darzdrowia.pl\/ciekawostki\/"},{"@type":"ListItem","position":2,"name":"Tabletki na alergi\u0119 \u2013 kiedy warto zacz\u0105\u0107 ich stosowanie?"}]},{"@type":"WebSite","@id":"https:\/\/darzdrowia.pl\/ciekawostki\/#website","url":"https:\/\/darzdrowia.pl\/ciekawostki\/","name":"Dar Zdrowia Drogeria - Blog","description":"","publisher":{"@id":"https:\/\/darzdrowia.pl\/ciekawostki\/#organization"},"potentialAction":[{"@type":"SearchAction","target":{"@type":"EntryPoint","urlTemplate":"https:\/\/darzdrowia.pl\/ciekawostki\/?s={search_term_string}"},"query-input":"required name=search_term_string"}],"inLanguage":"pl-PL"},{"@type":"Organization","@id":"https:\/\/darzdrowia.pl\/ciekawostki\/#organization","name":"Dar Zdrowia Drogeria - Blog","url":"https:\/\/darzdrowia.pl\/ciekawostki\/","logo":{"@type":"ImageObject","inLanguage":"pl-PL","@id":"https:\/\/darzdrowia.pl\/ciekawostki\/#\/schema\/logo\/image\/","url":"https:\/\/darzdrowia.pl\/ciekawostki\/wp-content\/uploads\/2023\/11\/logo-darzdrowia.webp","contentUrl":"https:\/\/darzdrowia.pl\/ciekawostki\/wp-content\/uploads\/2023\/11\/logo-darzdrowia.webp","width":744,"height":225,"caption":"Dar Zdrowia Drogeria - Blog"},"image":{"@id":"https:\/\/darzdrowia.pl\/ciekawostki\/#\/schema\/logo\/image\/"},"sameAs":["https:\/\/www.facebook.com\/profile.php?id=100063606935396"]},{"@type":"Person","@id":"https:\/\/darzdrowia.pl\/ciekawostki\/#\/schema\/person\/e75579d624630bf943ac69d374bb928e","name":"funkymedia","image":{"@type":"ImageObject","inLanguage":"pl-PL","@id":"https:\/\/darzdrowia.pl\/ciekawostki\/#\/schema\/person\/image\/","url":"https:\/\/secure.gravatar.com\/avatar\/393cb205b658aef6e3271ad5a92265e3e4433d2384bbe95524ba160d5bc20299?s=96&d=mm&r=g","contentUrl":"https:\/\/secure.gravatar.com\/avatar\/393cb205b658aef6e3271ad5a92265e3e4433d2384bbe95524ba160d5bc20299?s=96&d=mm&r=g","caption":"funkymedia"},"sameAs":["https:\/\/darzdrowia.pl\/ciekawostki"],"url":"https:\/\/darzdrowia.pl\/ciekawostki\/author\/funkymedia\/"}]}},"_links":{"self":[{"href":"https:\/\/darzdrowia.pl\/ciekawostki\/wp-json\/wp\/v2\/posts\/8392","targetHints":{"allow":["GET"]}}],"collection":[{"href":"https:\/\/darzdrowia.pl\/ciekawostki\/wp-json\/wp\/v2\/posts"}],"about":[{"href":"https:\/\/darzdrowia.pl\/ciekawostki\/wp-json\/wp\/v2\/types\/post"}],"author":[{"embeddable":true,"href":"https:\/\/darzdrowia.pl\/ciekawostki\/wp-json\/wp\/v2\/users\/1"}],"replies":[{"embeddable":true,"href":"https:\/\/darzdrowia.pl\/ciekawostki\/wp-json\/wp\/v2\/comments?post=8392"}],"version-history":[{"count":0,"href":"https:\/\/darzdrowia.pl\/ciekawostki\/wp-json\/wp\/v2\/posts\/8392\/revisions"}],"wp:attachment":[{"href":"https:\/\/darzdrowia.pl\/ciekawostki\/wp-json\/wp\/v2\/media?parent=8392"}],"wp:term":[{"taxonomy":"category","embeddable":true,"href":"https:\/\/darzdrowia.pl\/ciekawostki\/wp-json\/wp\/v2\/categories?post=8392"},{"taxonomy":"post_tag","embeddable":true,"href":"https:\/\/darzdrowia.pl\/ciekawostki\/wp-json\/wp\/v2\/tags?post=8392"}],"curies":[{"name":"wp","href":"https:\/\/api.w.org\/{rel}","templated":true}]}}