{"id":8105,"date":"2025-02-28T18:21:39","date_gmt":"2025-02-28T17:21:39","guid":{"rendered":"https:\/\/darzdrowia.pl\/ciekawostki\/jak-dziala-maseczka-na-twarz-z-witamina-c-i-dla-kogo-jest-najlepsza\/"},"modified":"2025-02-28T18:21:39","modified_gmt":"2025-02-28T17:21:39","slug":"jak-dziala-maseczka-na-twarz-z-witamina-c-i-dla-kogo-jest-najlepsza","status":"publish","type":"post","link":"https:\/\/darzdrowia.pl\/ciekawostki\/jak-dziala-maseczka-na-twarz-z-witamina-c-i-dla-kogo-jest-najlepsza\/","title":{"rendered":"Jak dzia\u0142a maseczka na twarz z witamin\u0105 C i dla kogo jest najlepsza?"},"content":{"rendered":"\n<p>Maseczki na twarz z witamin\u0105 C ciesz\u0105 si\u0119 rosn\u0105c\u0105 popularno\u015bci\u0105 w\u015br\u00f3d os\u00f3b dbaj\u0105cych o zdrowy i promienny wygl\u0105d sk\u00f3ry. Witamina C, znana r\u00f3wnie\u017c jako kwas askorbinowy, jest silnym antyoksydantem, kt\u00f3ry odgrywa kluczow\u0105 rol\u0119 w ochronie sk\u00f3ry przed szkodliwym dzia\u0142aniem wolnych rodnik\u00f3w oraz promieniowaniem UV. Maseczki z t\u0105 witamin\u0105 pomagaj\u0105 rozja\u015bni\u0107 cer\u0119, wyr\u00f3wna\u0107 koloryt sk\u00f3ry oraz stymulowa\u0107 produkcj\u0119 kolagenu, co przyczynia si\u0119 do redukcji drobnych linii i zmarszczek.<\/p>\n\n\n\n<p>Tego rodzaju maseczki s\u0105 szczeg\u00f3lnie polecane dla os\u00f3b z cer\u0105 zm\u0119czon\u0105, pozbawion\u0105 blasku oraz dla tych, kt\u00f3rzy borykaj\u0105 si\u0119 z przebarwieniami czy nier\u00f3wnym kolorytem sk\u00f3ry. Dzi\u0119ki swoim w\u0142a\u015bciwo\u015bciom rozja\u015bniaj\u0105cym i regeneruj\u0105cym, maseczki z witamin\u0105 C mog\u0105 by\u0107 r\u00f3wnie\u017c korzystne dla os\u00f3b o sk\u00f3rze dojrza\u0142ej, kt\u00f3re pragn\u0105 zachowa\u0107 m\u0142odzie\u0144czy wygl\u0105d. Jednak\u017ce ich stosowanie mo\u017ce przynie\u015b\u0107 korzy\u015bci ka\u017cdemu typowi cery, pod warunkiem odpowiedniego dopasowania produktu do indywidualnych potrzeb sk\u00f3ry.<\/p>\n\n\n\n<h2 class=\"wp-block-heading\">Sekret promiennej cery: Jak maseczka z witamin\u0105 C dzia\u0142a na sk\u00f3r\u0119 i kto powinien j\u0105 stosowa\u0107?<\/h2>\n\n\n\n<p>Maseczka z witamin\u0105 C jest popularnym produktem w piel\u0119gnacji sk\u00f3ry, znanym ze swoich w\u0142a\u015bciwo\u015bci rozja\u015bniaj\u0105cych i antyoksydacyjnych. Witamina C pomaga neutralizowa\u0107 wolne rodniki, co spowalnia proces starzenia si\u0119 sk\u00f3ry. Dodatkowo wspomaga produkcj\u0119 kolagenu, co poprawia elastyczno\u015b\u0107 i j\u0119drno\u015b\u0107 cery. Regularne stosowanie maseczki z witamin\u0105 C mo\u017ce r\u00f3wnie\u017c redukowa\u0107 przebarwienia i wyr\u00f3wnywa\u0107 koloryt sk\u00f3ry.<\/p>\n\n\n\n<p>Maseczka z witamin\u0105 C jest szczeg\u00f3lnie polecana osobom z cer\u0105 zm\u0119czon\u0105, pozbawion\u0105 blasku oraz tym, kt\u00f3rzy chc\u0105 przeciwdzia\u0142a\u0107 oznakom starzenia. Osoby z wra\u017cliw\u0105 sk\u00f3r\u0105 powinny jednak zachowa\u0107 ostro\u017cno\u015b\u0107 i przeprowadzi\u0107 test uczuleniowy przed pe\u0142nym zastosowaniem produktu.<\/p>\n\n\n\n<h2 class=\"wp-block-heading\">Maseczka z witamin\u0105 C &#8211; eliksir m\u0142odo\u015bci dla Twojej sk\u00f3ry: Dla kogo jest najlepsza i jakie przynosi korzy\u015bci?<\/h2>\n\n\n\n<p>Maseczka z witamin\u0105 C jest idealna dla os\u00f3b pragn\u0105cych poprawi\u0107 kondycj\u0119 swojej sk\u00f3ry. Szczeg\u00f3lnie polecana jest dla cery zm\u0119czonej, pozbawionej blasku oraz z oznakami starzenia. Witamina C dzia\u0142a jako silny antyoksydant, chroni\u0105c sk\u00f3r\u0119 przed szkodliwym dzia\u0142aniem wolnych rodnik\u00f3w. Regularne stosowanie maseczki pomaga rozja\u015bni\u0107 przebarwienia, wyr\u00f3wna\u0107 koloryt sk\u00f3ry oraz stymulowa\u0107 produkcj\u0119 kolagenu, co prowadzi do wyg\u0142adzenia drobnych zmarszczek. Dodatkowo, maseczka nawil\u017ca i uelastycznia sk\u00f3r\u0119, nadaj\u0105c jej zdrowy i promienny wygl\u0105d.<\/p>\n\n\n\n<h2 class=\"wp-block-heading\">Odkryj moc witaminy C: Jak dzia\u0142a maseczka na twarz i dlaczego jest idealna dla os\u00f3b z cer\u0105 zm\u0119czon\u0105 i pozbawion\u0105 blasku?<\/h2>\n\n\n\n<p>Witamina C jest silnym antyoksydantem, kt\u00f3ry neutralizuje wolne rodniki, chroni\u0105c sk\u00f3r\u0119 przed stresem oksydacyjnym. Maseczki z witamin\u0105 C rozja\u015bniaj\u0105 cer\u0119, redukuj\u0105c przebarwienia i wyr\u00f3wnuj\u0105c koloryt sk\u00f3ry. Dzia\u0142aj\u0105 stymuluj\u0105co na produkcj\u0119 kolagenu, co poprawia elastyczno\u015b\u0107 i j\u0119drno\u015b\u0107 sk\u00f3ry. Dzi\u0119ki w\u0142a\u015bciwo\u015bciom nawil\u017caj\u0105cym maseczki te przywracaj\u0105 sk\u00f3rze blask i \u015bwie\u017co\u015b\u0107. Idealne dla os\u00f3b z cer\u0105 zm\u0119czon\u0105, pomagaj\u0105 w regeneracji i odnowie kom\u00f3rek sk\u00f3ry. Regularne stosowanie prowadzi do widocznej poprawy kondycji cery.<\/p>\n\n\n\n<p>Maseczka na twarz z witamin\u0105 C dzia\u0142a przede wszystkim jako silny antyoksydant, kt\u00f3ry pomaga neutralizowa\u0107 wolne rodniki, chroni\u0105c sk\u00f3r\u0119 przed stresem oksydacyjnym i przedwczesnym starzeniem si\u0119. Witamina C wspomaga r\u00f3wnie\u017c produkcj\u0119 kolagenu, co przyczynia si\u0119 do poprawy elastyczno\u015bci sk\u00f3ry i redukcji drobnych linii oraz zmarszczek. Dodatkowo, maseczki z witamin\u0105 C mog\u0105 rozja\u015bnia\u0107 przebarwienia i wyr\u00f3wnywa\u0107 koloryt sk\u00f3ry, nadaj\u0105c jej zdrowy blask.<\/p>\n\n\n\n<p>Tego rodzaju maseczki s\u0105 najlepsze dla os\u00f3b, kt\u00f3re chc\u0105 poprawi\u0107 og\u00f3lny wygl\u0105d swojej sk\u00f3ry, zw\u0142aszcza je\u015bli borykaj\u0105 si\u0119 z oznakami starzenia, nier\u00f3wnym kolorytem czy utrat\u0105 j\u0119drno\u015bci. S\u0105 r\u00f3wnie\u017c odpowiednie dla os\u00f3b z cer\u0105 zm\u0119czon\u0105 i pozbawion\u0105 blasku. Jednak\u017ce osoby o bardzo wra\u017cliwej sk\u00f3rze powinny zachowa\u0107 ostro\u017cno\u015b\u0107 i przeprowadzi\u0107 test uczuleniowy przed pe\u0142nym zastosowaniem produktu, aby unikn\u0105\u0107 podra\u017cnie\u0144. Regularne stosowanie maseczek z witamin\u0105 C mo\u017ce przynie\u015b\u0107 widoczne korzy\u015bci w postaci zdrowszej i bardziej promiennej cery.<\/p>\n","protected":false},"excerpt":{"rendered":"<p>Maseczki na twarz z witamin\u0105 C ciesz\u0105 si\u0119 rosn\u0105c\u0105 popularno\u015bci\u0105 w\u015br\u00f3d os\u00f3b dbaj\u0105cych o zdrowy i promienny wygl\u0105d sk\u00f3ry. Witamina C, znana r\u00f3wnie\u017c jako kwas askorbinowy, jest silnym antyoksydantem, kt\u00f3ry odgrywa kluczow\u0105 rol\u0119 w ochronie sk\u00f3ry przed szkodliwym dzia\u0142aniem wolnych rodnik\u00f3w oraz promieniowaniem UV. Maseczki z t\u0105 witamin\u0105 pomagaj\u0105 rozja\u015bni\u0107 cer\u0119, wyr\u00f3wna\u0107 koloryt sk\u00f3ry oraz [&hellip;]<\/p>\n","protected":false},"author":1,"featured_media":0,"comment_status":"","ping_status":"open","sticky":false,"template":"","format":"standard","meta":{"footnotes":""},"categories":[1],"tags":[],"class_list":["post-8105","post","type-post","status-publish","format-standard","hentry","category-bez-kategorii"],"fm_meta_title":"Jak dzia\u0142a maseczka na twarz z witamin\u0105 C i dla kogo jest najlepsza?","fm_meta_description":"Odkryj, jak maseczka z witamin\u0105 C roz\u015bwietla sk\u00f3r\u0119 i dla kogo jest idealna. Zadbaj o cer\u0119 pe\u0142n\u0105 blasku! Sprawd\u017a, czy to rozwi\u0105zanie dla Ciebie.","yoast_head":"<!-- This site is optimized with the Yoast SEO plugin v21.5 - https:\/\/yoast.com\/wordpress\/plugins\/seo\/ -->\n<title>Jak dzia\u0142a maseczka na twarz z witamin\u0105 C i dla kogo jest najlepsza?<\/title>\n<meta name=\"description\" content=\"Odkryj, jak maseczka z witamin\u0105 C roz\u015bwietla sk\u00f3r\u0119 i dla kogo jest idealna. Zadbaj o cer\u0119 pe\u0142n\u0105 blasku! Sprawd\u017a, czy to rozwi\u0105zanie dla Ciebie.\" \/>\n<meta name=\"robots\" content=\"index, follow, max-snippet:-1, max-image-preview:large, max-video-preview:-1\" \/>\n<link rel=\"canonical\" href=\"https:\/\/darzdrowia.pl\/ciekawostki\/jak-dziala-maseczka-na-twarz-z-witamina-c-i-dla-kogo-jest-najlepsza\/\" \/>\n<meta property=\"og:locale\" content=\"pl_PL\" \/>\n<meta property=\"og:type\" content=\"article\" \/>\n<meta property=\"og:title\" content=\"Jak dzia\u0142a maseczka na twarz z witamin\u0105 C i dla kogo jest najlepsza?\" \/>\n<meta property=\"og:description\" content=\"Odkryj, jak maseczka z witamin\u0105 C roz\u015bwietla sk\u00f3r\u0119 i dla kogo jest idealna. Zadbaj o cer\u0119 pe\u0142n\u0105 blasku! Sprawd\u017a, czy to rozwi\u0105zanie dla Ciebie.\" \/>\n<meta property=\"og:url\" content=\"https:\/\/darzdrowia.pl\/ciekawostki\/jak-dziala-maseczka-na-twarz-z-witamina-c-i-dla-kogo-jest-najlepsza\/\" \/>\n<meta property=\"og:site_name\" content=\"Dar Zdrowia Drogeria - Blog\" \/>\n<meta property=\"article:publisher\" content=\"https:\/\/www.facebook.com\/profile.php?id=100063606935396\" \/>\n<meta property=\"article:published_time\" content=\"2025-02-28T17:21:39+00:00\" \/>\n<meta name=\"author\" content=\"funkymedia\" \/>\n<meta name=\"twitter:card\" content=\"summary_large_image\" \/>\n<meta name=\"twitter:label1\" content=\"Napisane przez\" \/>\n\t<meta name=\"twitter:data1\" content=\"funkymedia\" \/>\n\t<meta name=\"twitter:label2\" content=\"Szacowany czas czytania\" \/>\n\t<meta name=\"twitter:data2\" content=\"3 minuty\" \/>\n<script type=\"application\/ld+json\" class=\"yoast-schema-graph\">{\"@context\":\"https:\/\/schema.org\",\"@graph\":[{\"@type\":\"Article\",\"@id\":\"https:\/\/darzdrowia.pl\/ciekawostki\/jak-dziala-maseczka-na-twarz-z-witamina-c-i-dla-kogo-jest-najlepsza\/#article\",\"isPartOf\":{\"@id\":\"https:\/\/darzdrowia.pl\/ciekawostki\/jak-dziala-maseczka-na-twarz-z-witamina-c-i-dla-kogo-jest-najlepsza\/\"},\"author\":{\"name\":\"funkymedia\",\"@id\":\"https:\/\/darzdrowia.pl\/ciekawostki\/#\/schema\/person\/e75579d624630bf943ac69d374bb928e\"},\"headline\":\"Jak dzia\u0142a maseczka na twarz z witamin\u0105 C i dla kogo jest najlepsza?\",\"datePublished\":\"2025-02-28T17:21:39+00:00\",\"dateModified\":\"2025-02-28T17:21:39+00:00\",\"mainEntityOfPage\":{\"@id\":\"https:\/\/darzdrowia.pl\/ciekawostki\/jak-dziala-maseczka-na-twarz-z-witamina-c-i-dla-kogo-jest-najlepsza\/\"},\"wordCount\":710,\"publisher\":{\"@id\":\"https:\/\/darzdrowia.pl\/ciekawostki\/#organization\"},\"inLanguage\":\"pl-PL\"},{\"@type\":\"WebPage\",\"@id\":\"https:\/\/darzdrowia.pl\/ciekawostki\/jak-dziala-maseczka-na-twarz-z-witamina-c-i-dla-kogo-jest-najlepsza\/\",\"url\":\"https:\/\/darzdrowia.pl\/ciekawostki\/jak-dziala-maseczka-na-twarz-z-witamina-c-i-dla-kogo-jest-najlepsza\/\",\"name\":\"Jak dzia\u0142a maseczka na twarz z witamin\u0105 C i dla kogo jest najlepsza?\",\"isPartOf\":{\"@id\":\"https:\/\/darzdrowia.pl\/ciekawostki\/#website\"},\"datePublished\":\"2025-02-28T17:21:39+00:00\",\"dateModified\":\"2025-02-28T17:21:39+00:00\",\"description\":\"Odkryj, jak maseczka z witamin\u0105 C roz\u015bwietla sk\u00f3r\u0119 i dla kogo jest idealna. Zadbaj o cer\u0119 pe\u0142n\u0105 blasku! Sprawd\u017a, czy to rozwi\u0105zanie dla Ciebie.\",\"breadcrumb\":{\"@id\":\"https:\/\/darzdrowia.pl\/ciekawostki\/jak-dziala-maseczka-na-twarz-z-witamina-c-i-dla-kogo-jest-najlepsza\/#breadcrumb\"},\"inLanguage\":\"pl-PL\",\"potentialAction\":[{\"@type\":\"ReadAction\",\"target\":[\"https:\/\/darzdrowia.pl\/ciekawostki\/jak-dziala-maseczka-na-twarz-z-witamina-c-i-dla-kogo-jest-najlepsza\/\"]}]},{\"@type\":\"BreadcrumbList\",\"@id\":\"https:\/\/darzdrowia.pl\/ciekawostki\/jak-dziala-maseczka-na-twarz-z-witamina-c-i-dla-kogo-jest-najlepsza\/#breadcrumb\",\"itemListElement\":[{\"@type\":\"ListItem\",\"position\":1,\"name\":\"Strona g\u0142\u00f3wna\",\"item\":\"https:\/\/darzdrowia.pl\/ciekawostki\/\"},{\"@type\":\"ListItem\",\"position\":2,\"name\":\"Jak dzia\u0142a maseczka na twarz z witamin\u0105 C i dla kogo jest najlepsza?\"}]},{\"@type\":\"WebSite\",\"@id\":\"https:\/\/darzdrowia.pl\/ciekawostki\/#website\",\"url\":\"https:\/\/darzdrowia.pl\/ciekawostki\/\",\"name\":\"Dar Zdrowia Drogeria - Blog\",\"description\":\"\",\"publisher\":{\"@id\":\"https:\/\/darzdrowia.pl\/ciekawostki\/#organization\"},\"potentialAction\":[{\"@type\":\"SearchAction\",\"target\":{\"@type\":\"EntryPoint\",\"urlTemplate\":\"https:\/\/darzdrowia.pl\/ciekawostki\/?s={search_term_string}\"},\"query-input\":\"required name=search_term_string\"}],\"inLanguage\":\"pl-PL\"},{\"@type\":\"Organization\",\"@id\":\"https:\/\/darzdrowia.pl\/ciekawostki\/#organization\",\"name\":\"Dar Zdrowia Drogeria - Blog\",\"url\":\"https:\/\/darzdrowia.pl\/ciekawostki\/\",\"logo\":{\"@type\":\"ImageObject\",\"inLanguage\":\"pl-PL\",\"@id\":\"https:\/\/darzdrowia.pl\/ciekawostki\/#\/schema\/logo\/image\/\",\"url\":\"https:\/\/darzdrowia.pl\/ciekawostki\/wp-content\/uploads\/2023\/11\/logo-darzdrowia.webp\",\"contentUrl\":\"https:\/\/darzdrowia.pl\/ciekawostki\/wp-content\/uploads\/2023\/11\/logo-darzdrowia.webp\",\"width\":744,\"height\":225,\"caption\":\"Dar Zdrowia Drogeria - Blog\"},\"image\":{\"@id\":\"https:\/\/darzdrowia.pl\/ciekawostki\/#\/schema\/logo\/image\/\"},\"sameAs\":[\"https:\/\/www.facebook.com\/profile.php?id=100063606935396\"]},{\"@type\":\"Person\",\"@id\":\"https:\/\/darzdrowia.pl\/ciekawostki\/#\/schema\/person\/e75579d624630bf943ac69d374bb928e\",\"name\":\"funkymedia\",\"image\":{\"@type\":\"ImageObject\",\"inLanguage\":\"pl-PL\",\"@id\":\"https:\/\/darzdrowia.pl\/ciekawostki\/#\/schema\/person\/image\/\",\"url\":\"https:\/\/secure.gravatar.com\/avatar\/393cb205b658aef6e3271ad5a92265e3e4433d2384bbe95524ba160d5bc20299?s=96&d=mm&r=g\",\"contentUrl\":\"https:\/\/secure.gravatar.com\/avatar\/393cb205b658aef6e3271ad5a92265e3e4433d2384bbe95524ba160d5bc20299?s=96&d=mm&r=g\",\"caption\":\"funkymedia\"},\"sameAs\":[\"https:\/\/darzdrowia.pl\/ciekawostki\"],\"url\":\"https:\/\/darzdrowia.pl\/ciekawostki\/author\/funkymedia\/\"}]}<\/script>\n<!-- \/ Yoast SEO plugin. -->","yoast_head_json":{"title":"Jak dzia\u0142a maseczka na twarz z witamin\u0105 C i dla kogo jest najlepsza?","description":"Odkryj, jak maseczka z witamin\u0105 C roz\u015bwietla sk\u00f3r\u0119 i dla kogo jest idealna. Zadbaj o cer\u0119 pe\u0142n\u0105 blasku! Sprawd\u017a, czy to rozwi\u0105zanie dla Ciebie.","robots":{"index":"index","follow":"follow","max-snippet":"max-snippet:-1","max-image-preview":"max-image-preview:large","max-video-preview":"max-video-preview:-1"},"canonical":"https:\/\/darzdrowia.pl\/ciekawostki\/jak-dziala-maseczka-na-twarz-z-witamina-c-i-dla-kogo-jest-najlepsza\/","og_locale":"pl_PL","og_type":"article","og_title":"Jak dzia\u0142a maseczka na twarz z witamin\u0105 C i dla kogo jest najlepsza?","og_description":"Odkryj, jak maseczka z witamin\u0105 C roz\u015bwietla sk\u00f3r\u0119 i dla kogo jest idealna. Zadbaj o cer\u0119 pe\u0142n\u0105 blasku! Sprawd\u017a, czy to rozwi\u0105zanie dla Ciebie.","og_url":"https:\/\/darzdrowia.pl\/ciekawostki\/jak-dziala-maseczka-na-twarz-z-witamina-c-i-dla-kogo-jest-najlepsza\/","og_site_name":"Dar Zdrowia Drogeria - Blog","article_publisher":"https:\/\/www.facebook.com\/profile.php?id=100063606935396","article_published_time":"2025-02-28T17:21:39+00:00","author":"funkymedia","twitter_card":"summary_large_image","twitter_misc":{"Napisane przez":"funkymedia","Szacowany czas czytania":"3 minuty"},"schema":{"@context":"https:\/\/schema.org","@graph":[{"@type":"Article","@id":"https:\/\/darzdrowia.pl\/ciekawostki\/jak-dziala-maseczka-na-twarz-z-witamina-c-i-dla-kogo-jest-najlepsza\/#article","isPartOf":{"@id":"https:\/\/darzdrowia.pl\/ciekawostki\/jak-dziala-maseczka-na-twarz-z-witamina-c-i-dla-kogo-jest-najlepsza\/"},"author":{"name":"funkymedia","@id":"https:\/\/darzdrowia.pl\/ciekawostki\/#\/schema\/person\/e75579d624630bf943ac69d374bb928e"},"headline":"Jak dzia\u0142a maseczka na twarz z witamin\u0105 C i dla kogo jest najlepsza?","datePublished":"2025-02-28T17:21:39+00:00","dateModified":"2025-02-28T17:21:39+00:00","mainEntityOfPage":{"@id":"https:\/\/darzdrowia.pl\/ciekawostki\/jak-dziala-maseczka-na-twarz-z-witamina-c-i-dla-kogo-jest-najlepsza\/"},"wordCount":710,"publisher":{"@id":"https:\/\/darzdrowia.pl\/ciekawostki\/#organization"},"inLanguage":"pl-PL"},{"@type":"WebPage","@id":"https:\/\/darzdrowia.pl\/ciekawostki\/jak-dziala-maseczka-na-twarz-z-witamina-c-i-dla-kogo-jest-najlepsza\/","url":"https:\/\/darzdrowia.pl\/ciekawostki\/jak-dziala-maseczka-na-twarz-z-witamina-c-i-dla-kogo-jest-najlepsza\/","name":"Jak dzia\u0142a maseczka na twarz z witamin\u0105 C i dla kogo jest najlepsza?","isPartOf":{"@id":"https:\/\/darzdrowia.pl\/ciekawostki\/#website"},"datePublished":"2025-02-28T17:21:39+00:00","dateModified":"2025-02-28T17:21:39+00:00","description":"Odkryj, jak maseczka z witamin\u0105 C roz\u015bwietla sk\u00f3r\u0119 i dla kogo jest idealna. Zadbaj o cer\u0119 pe\u0142n\u0105 blasku! Sprawd\u017a, czy to rozwi\u0105zanie dla Ciebie.","breadcrumb":{"@id":"https:\/\/darzdrowia.pl\/ciekawostki\/jak-dziala-maseczka-na-twarz-z-witamina-c-i-dla-kogo-jest-najlepsza\/#breadcrumb"},"inLanguage":"pl-PL","potentialAction":[{"@type":"ReadAction","target":["https:\/\/darzdrowia.pl\/ciekawostki\/jak-dziala-maseczka-na-twarz-z-witamina-c-i-dla-kogo-jest-najlepsza\/"]}]},{"@type":"BreadcrumbList","@id":"https:\/\/darzdrowia.pl\/ciekawostki\/jak-dziala-maseczka-na-twarz-z-witamina-c-i-dla-kogo-jest-najlepsza\/#breadcrumb","itemListElement":[{"@type":"ListItem","position":1,"name":"Strona g\u0142\u00f3wna","item":"https:\/\/darzdrowia.pl\/ciekawostki\/"},{"@type":"ListItem","position":2,"name":"Jak dzia\u0142a maseczka na twarz z witamin\u0105 C i dla kogo jest najlepsza?"}]},{"@type":"WebSite","@id":"https:\/\/darzdrowia.pl\/ciekawostki\/#website","url":"https:\/\/darzdrowia.pl\/ciekawostki\/","name":"Dar Zdrowia Drogeria - Blog","description":"","publisher":{"@id":"https:\/\/darzdrowia.pl\/ciekawostki\/#organization"},"potentialAction":[{"@type":"SearchAction","target":{"@type":"EntryPoint","urlTemplate":"https:\/\/darzdrowia.pl\/ciekawostki\/?s={search_term_string}"},"query-input":"required name=search_term_string"}],"inLanguage":"pl-PL"},{"@type":"Organization","@id":"https:\/\/darzdrowia.pl\/ciekawostki\/#organization","name":"Dar Zdrowia Drogeria - Blog","url":"https:\/\/darzdrowia.pl\/ciekawostki\/","logo":{"@type":"ImageObject","inLanguage":"pl-PL","@id":"https:\/\/darzdrowia.pl\/ciekawostki\/#\/schema\/logo\/image\/","url":"https:\/\/darzdrowia.pl\/ciekawostki\/wp-content\/uploads\/2023\/11\/logo-darzdrowia.webp","contentUrl":"https:\/\/darzdrowia.pl\/ciekawostki\/wp-content\/uploads\/2023\/11\/logo-darzdrowia.webp","width":744,"height":225,"caption":"Dar Zdrowia Drogeria - Blog"},"image":{"@id":"https:\/\/darzdrowia.pl\/ciekawostki\/#\/schema\/logo\/image\/"},"sameAs":["https:\/\/www.facebook.com\/profile.php?id=100063606935396"]},{"@type":"Person","@id":"https:\/\/darzdrowia.pl\/ciekawostki\/#\/schema\/person\/e75579d624630bf943ac69d374bb928e","name":"funkymedia","image":{"@type":"ImageObject","inLanguage":"pl-PL","@id":"https:\/\/darzdrowia.pl\/ciekawostki\/#\/schema\/person\/image\/","url":"https:\/\/secure.gravatar.com\/avatar\/393cb205b658aef6e3271ad5a92265e3e4433d2384bbe95524ba160d5bc20299?s=96&d=mm&r=g","contentUrl":"https:\/\/secure.gravatar.com\/avatar\/393cb205b658aef6e3271ad5a92265e3e4433d2384bbe95524ba160d5bc20299?s=96&d=mm&r=g","caption":"funkymedia"},"sameAs":["https:\/\/darzdrowia.pl\/ciekawostki"],"url":"https:\/\/darzdrowia.pl\/ciekawostki\/author\/funkymedia\/"}]}},"_links":{"self":[{"href":"https:\/\/darzdrowia.pl\/ciekawostki\/wp-json\/wp\/v2\/posts\/8105","targetHints":{"allow":["GET"]}}],"collection":[{"href":"https:\/\/darzdrowia.pl\/ciekawostki\/wp-json\/wp\/v2\/posts"}],"about":[{"href":"https:\/\/darzdrowia.pl\/ciekawostki\/wp-json\/wp\/v2\/types\/post"}],"author":[{"embeddable":true,"href":"https:\/\/darzdrowia.pl\/ciekawostki\/wp-json\/wp\/v2\/users\/1"}],"replies":[{"embeddable":true,"href":"https:\/\/darzdrowia.pl\/ciekawostki\/wp-json\/wp\/v2\/comments?post=8105"}],"version-history":[{"count":0,"href":"https:\/\/darzdrowia.pl\/ciekawostki\/wp-json\/wp\/v2\/posts\/8105\/revisions"}],"wp:attachment":[{"href":"https:\/\/darzdrowia.pl\/ciekawostki\/wp-json\/wp\/v2\/media?parent=8105"}],"wp:term":[{"taxonomy":"category","embeddable":true,"href":"https:\/\/darzdrowia.pl\/ciekawostki\/wp-json\/wp\/v2\/categories?post=8105"},{"taxonomy":"post_tag","embeddable":true,"href":"https:\/\/darzdrowia.pl\/ciekawostki\/wp-json\/wp\/v2\/tags?post=8105"}],"curies":[{"name":"wp","href":"https:\/\/api.w.org\/{rel}","templated":true}]}}