{"id":7981,"date":"2025-02-28T17:39:42","date_gmt":"2025-02-28T16:39:42","guid":{"rendered":"https:\/\/darzdrowia.pl\/ciekawostki\/jakie-maseczki-na-twarz-stosowac-latem-a-jakie-zima-2\/"},"modified":"2025-02-28T17:39:42","modified_gmt":"2025-02-28T16:39:42","slug":"jakie-maseczki-na-twarz-stosowac-latem-a-jakie-zima-2","status":"publish","type":"post","link":"https:\/\/darzdrowia.pl\/ciekawostki\/jakie-maseczki-na-twarz-stosowac-latem-a-jakie-zima-2\/","title":{"rendered":"Jakie maseczki na twarz stosowa\u0107 latem, a jakie zim\u0105"},"content":{"rendered":"\n<p>Latem i zim\u0105 nasza sk\u00f3ra wymaga r\u00f3\u017cnorodnej piel\u0119gnacji, aby sprosta\u0107 zmieniaj\u0105cym si\u0119 warunkom atmosferycznym. W okresie letnim, kiedy s\u0142o\u0144ce jest intensywne, a temperatura wysoka, sk\u00f3ra cz\u0119sto staje si\u0119 bardziej t\u0142usta i nara\u017cona na dzia\u0142anie promieni UV. W tym czasie warto si\u0119ga\u0107 po maseczki o dzia\u0142aniu nawil\u017caj\u0105cym i \u0142agodz\u0105cym, kt\u00f3re pomog\u0105 utrzyma\u0107 odpowiedni poziom nawodnienia oraz z\u0142agodzi\u0107 ewentualne podra\u017cnienia. Z kolei zim\u0105, gdy powietrze jest suche i ch\u0142odne, sk\u00f3ra mo\u017ce sta\u0107 si\u0119 przesuszona i bardziej wra\u017cliwa. W takich warunkach idealne b\u0119d\u0105 maseczki od\u017cywcze i regeneruj\u0105ce, kt\u00f3re dostarcz\u0105 sk\u00f3rze niezb\u0119dnych sk\u0142adnik\u00f3w od\u017cywczych oraz ochroni\u0105 j\u0105 przed szkodliwymi czynnikami zewn\u0119trznymi. Dob\u00f3r odpowiednich maseczek do twarzy w zale\u017cno\u015bci od pory roku jest kluczowy dla utrzymania zdrowej i promiennej cery przez ca\u0142y rok.<\/p>\n\n\n\n<h2 class=\"wp-block-heading\">Sezonowe podej\u015bcie do piel\u0119gnacji: Jakie maseczki na twarz wybra\u0107 na letnie upa\u0142y, a jakie na zimowe mrozy?<\/h2>\n\n\n\n<p>Latem, podczas upa\u0142\u00f3w, warto wybiera\u0107 maseczki nawil\u017caj\u0105ce i od\u015bwie\u017caj\u0105ce. Sk\u0142adniki takie jak aloes, og\u00f3rek czy kwas hialuronowy pomog\u0105 utrzyma\u0107 odpowiedni poziom nawil\u017cenia sk\u00f3ry oraz z\u0142agodzi\u0107 podra\u017cnienia spowodowane s\u0142o\u0144cem. Maseczki \u017celowe lub w formie p\u0142achty s\u0105 szczeg\u00f3lnie polecane ze wzgl\u0119du na ich ch\u0142odz\u0105ce w\u0142a\u015bciwo\u015bci.<\/p>\n\n\n\n<p>Zim\u0105, gdy sk\u00f3ra jest nara\u017cona na mrozy i suche powietrze, zaleca si\u0119 stosowanie maseczek od\u017cywczych i regeneruj\u0105cych. Sk\u0142adniki takie jak mas\u0142o shea, olej arganowy czy witamina E dostarcz\u0105 sk\u00f3rze niezb\u0119dnych lipid\u00f3w i ochroni\u0105 j\u0105 przed utrat\u0105 wilgoci. Maseczki kremowe o bogatej konsystencji b\u0119d\u0105 najlepszym wyborem w tym okresie.<\/p>\n\n\n\n<h2 class=\"wp-block-heading\">Letnia \u015bwie\u017co\u015b\u0107 vs. zimowa ochrona: Przewodnik po maseczkach do twarzy dostosowanych do pory roku<\/h2>\n\n\n\n<p>Letnia \u015bwie\u017co\u015b\u0107: W okresie letnim sk\u00f3ra nara\u017cona jest na dzia\u0142anie promieni UV, wysokie temperatury i wilgotno\u015b\u0107. Wybieraj maseczki o lekkiej formule, kt\u00f3re nawil\u017caj\u0105 i od\u015bwie\u017caj\u0105 sk\u00f3r\u0119. Sk\u0142adniki takie jak aloes, og\u00f3rek czy kwas hialuronowy doskonale sprawdz\u0105 si\u0119 w tej roli. Unikaj ci\u0119\u017ckich masek olejowych, kt\u00f3re mog\u0105 zatyka\u0107 pory.<\/p>\n\n\n\n<p>Zimowa ochrona: Zim\u0105 sk\u00f3ra potrzebuje intensywnej ochrony przed mrozem i suchym powietrzem. Maseczki bogate w sk\u0142adniki od\u017cywcze, takie jak mas\u0142o shea, olej arganowy czy witamina E, pomog\u0105 utrzyma\u0107 odpowiedni poziom nawil\u017cenia i elastyczno\u015bci sk\u00f3ry. Warto stosowa\u0107 maseczki regeneruj\u0105ce, kt\u00f3re wspieraj\u0105 odbudow\u0119 bariery ochronnej sk\u00f3ry.<\/p>\n\n\n\n<p>Dostosowanie piel\u0119gnacji do pory roku pozwala zachowa\u0107 zdrowy wygl\u0105d sk\u00f3ry przez ca\u0142y rok.<\/p>\n\n\n\n<h2 class=\"wp-block-heading\">Od\u015bwie\u017cenie latem, nawil\u017cenie zim\u0105: Jakie maseczki stosowa\u0107, by sk\u00f3ra by\u0142a zdrowa przez ca\u0142y rok?<\/h2>\n\n\n\n<p>Latem warto si\u0119ga\u0107 po maseczki o dzia\u0142aniu od\u015bwie\u017caj\u0105cym i oczyszczaj\u0105cym. Sk\u0142adniki takie jak aloes, og\u00f3rek czy zielona herbata pomog\u0105 w utrzymaniu \u015bwie\u017co\u015bci sk\u00f3ry. Zim\u0105 natomiast kluczowe jest nawil\u017cenie i ochrona przed mrozem. Maseczki z kwasem hialuronowym, mas\u0142em shea czy olejem arganowym zapewni\u0105 odpowiednie nawil\u017cenie i ochron\u0119. Regularne stosowanie maseczek dostosowanych do pory roku wspiera zdrowy wygl\u0105d sk\u00f3ry przez ca\u0142y rok.<\/p>\n\n\n\n<p>Podczas wyboru maseczek na twarz warto dostosowa\u0107 je do pory roku, aby skutecznie piel\u0119gnowa\u0107 sk\u00f3r\u0119 i chroni\u0107 j\u0105 przed r\u00f3\u017cnymi warunkami atmosferycznymi. Latem, kiedy sk\u00f3ra jest nara\u017cona na dzia\u0142anie promieni s\u0142onecznych, wysokich temperatur i wilgoci, najlepiej si\u0119ga\u0107 po maseczki o lekkiej konsystencji, kt\u00f3re nawil\u017caj\u0105 i \u0142agodz\u0105 podra\u017cnienia. Warto wybiera\u0107 produkty z aloesem, kwasem hialuronowym czy og\u00f3rkiem, kt\u00f3re zapewniaj\u0105 odpowiednie nawodnienie i ukojenie.<\/p>\n\n\n\n<p>Zim\u0105 natomiast sk\u00f3ra potrzebuje intensywniejszej ochrony przed zimnem, wiatrem oraz suchym powietrzem w ogrzewanych pomieszczeniach. W tym okresie zaleca si\u0119 stosowanie maseczek o bogatszej formule, kt\u00f3re od\u017cywiaj\u0105 i regeneruj\u0105 sk\u00f3r\u0119. Sk\u0142adniki takie jak mas\u0142o shea, olej arganowy czy witamina E b\u0119d\u0105 doskona\u0142ym wyborem, poniewa\u017c pomagaj\u0105 odbudowa\u0107 barier\u0119 lipidow\u0105 sk\u00f3ry i zapobiegaj\u0105 jej przesuszeniu.<\/p>\n\n\n\n<p>Podsumowuj\u0105c, kluczem do skutecznej piel\u0119gnacji twarzy jest dostosowanie maseczek do specyficznych potrzeb sk\u00f3ry wynikaj\u0105cych z warunk\u00f3w atmosferycznych panuj\u0105cych w danej porze roku. Dzi\u0119ki temu mo\u017cna utrzyma\u0107 zdrow\u0105 i promienn\u0105 cer\u0119 przez ca\u0142y rok.<\/p>\n","protected":false},"excerpt":{"rendered":"<p>Latem i zim\u0105 nasza sk\u00f3ra wymaga r\u00f3\u017cnorodnej piel\u0119gnacji, aby sprosta\u0107 zmieniaj\u0105cym si\u0119 warunkom atmosferycznym. W okresie letnim, kiedy s\u0142o\u0144ce jest intensywne, a temperatura wysoka, sk\u00f3ra cz\u0119sto staje si\u0119 bardziej t\u0142usta i nara\u017cona na dzia\u0142anie promieni UV. W tym czasie warto si\u0119ga\u0107 po maseczki o dzia\u0142aniu nawil\u017caj\u0105cym i \u0142agodz\u0105cym, kt\u00f3re pomog\u0105 utrzyma\u0107 odpowiedni poziom nawodnienia oraz [&hellip;]<\/p>\n","protected":false},"author":1,"featured_media":0,"comment_status":"","ping_status":"open","sticky":false,"template":"","format":"standard","meta":{"footnotes":""},"categories":[1],"tags":[],"class_list":["post-7981","post","type-post","status-publish","format-standard","hentry","category-bez-kategorii"],"fm_meta_title":"Jakie maseczki na twarz stosowa\u0107 latem, a jakie zim\u0105","fm_meta_description":"Odkryj, jakie maseczki na twarz s\u0105 idealne na lato i zim\u0119. Zadbaj o sk\u00f3r\u0119 w ka\u017cd\u0105 por\u0119 roku dzi\u0119ki naszym sprawdzonym poradom!","yoast_head":"<!-- This site is optimized with the Yoast SEO plugin v21.5 - https:\/\/yoast.com\/wordpress\/plugins\/seo\/ -->\n<title>Jakie maseczki na twarz stosowa\u0107 latem, a jakie zim\u0105<\/title>\n<meta name=\"description\" content=\"Odkryj, jakie maseczki na twarz s\u0105 idealne na lato i zim\u0119. Zadbaj o sk\u00f3r\u0119 w ka\u017cd\u0105 por\u0119 roku dzi\u0119ki naszym sprawdzonym poradom!\" \/>\n<meta name=\"robots\" content=\"index, follow, max-snippet:-1, max-image-preview:large, max-video-preview:-1\" \/>\n<link rel=\"canonical\" href=\"https:\/\/darzdrowia.pl\/ciekawostki\/jakie-maseczki-na-twarz-stosowac-latem-a-jakie-zima-2\/\" \/>\n<meta property=\"og:locale\" content=\"pl_PL\" \/>\n<meta property=\"og:type\" content=\"article\" \/>\n<meta property=\"og:title\" content=\"Jakie maseczki na twarz stosowa\u0107 latem, a jakie zim\u0105\" \/>\n<meta property=\"og:description\" content=\"Odkryj, jakie maseczki na twarz s\u0105 idealne na lato i zim\u0119. Zadbaj o sk\u00f3r\u0119 w ka\u017cd\u0105 por\u0119 roku dzi\u0119ki naszym sprawdzonym poradom!\" \/>\n<meta property=\"og:url\" content=\"https:\/\/darzdrowia.pl\/ciekawostki\/jakie-maseczki-na-twarz-stosowac-latem-a-jakie-zima-2\/\" \/>\n<meta property=\"og:site_name\" content=\"Dar Zdrowia Drogeria - Blog\" \/>\n<meta property=\"article:publisher\" content=\"https:\/\/www.facebook.com\/profile.php?id=100063606935396\" \/>\n<meta property=\"article:published_time\" content=\"2025-02-28T16:39:42+00:00\" \/>\n<meta name=\"author\" content=\"funkymedia\" \/>\n<meta name=\"twitter:card\" content=\"summary_large_image\" \/>\n<meta name=\"twitter:label1\" content=\"Napisane przez\" \/>\n\t<meta name=\"twitter:data1\" content=\"funkymedia\" \/>\n\t<meta name=\"twitter:label2\" content=\"Szacowany czas czytania\" \/>\n\t<meta name=\"twitter:data2\" content=\"4 minuty\" \/>\n<script type=\"application\/ld+json\" class=\"yoast-schema-graph\">{\"@context\":\"https:\/\/schema.org\",\"@graph\":[{\"@type\":\"Article\",\"@id\":\"https:\/\/darzdrowia.pl\/ciekawostki\/jakie-maseczki-na-twarz-stosowac-latem-a-jakie-zima-2\/#article\",\"isPartOf\":{\"@id\":\"https:\/\/darzdrowia.pl\/ciekawostki\/jakie-maseczki-na-twarz-stosowac-latem-a-jakie-zima-2\/\"},\"author\":{\"name\":\"funkymedia\",\"@id\":\"https:\/\/darzdrowia.pl\/ciekawostki\/#\/schema\/person\/e75579d624630bf943ac69d374bb928e\"},\"headline\":\"Jakie maseczki na twarz stosowa\u0107 latem, a jakie zim\u0105\",\"datePublished\":\"2025-02-28T16:39:42+00:00\",\"dateModified\":\"2025-02-28T16:39:42+00:00\",\"mainEntityOfPage\":{\"@id\":\"https:\/\/darzdrowia.pl\/ciekawostki\/jakie-maseczki-na-twarz-stosowac-latem-a-jakie-zima-2\/\"},\"wordCount\":730,\"publisher\":{\"@id\":\"https:\/\/darzdrowia.pl\/ciekawostki\/#organization\"},\"inLanguage\":\"pl-PL\"},{\"@type\":\"WebPage\",\"@id\":\"https:\/\/darzdrowia.pl\/ciekawostki\/jakie-maseczki-na-twarz-stosowac-latem-a-jakie-zima-2\/\",\"url\":\"https:\/\/darzdrowia.pl\/ciekawostki\/jakie-maseczki-na-twarz-stosowac-latem-a-jakie-zima-2\/\",\"name\":\"Jakie maseczki na twarz stosowa\u0107 latem, a jakie zim\u0105\",\"isPartOf\":{\"@id\":\"https:\/\/darzdrowia.pl\/ciekawostki\/#website\"},\"datePublished\":\"2025-02-28T16:39:42+00:00\",\"dateModified\":\"2025-02-28T16:39:42+00:00\",\"description\":\"Odkryj, jakie maseczki na twarz s\u0105 idealne na lato i zim\u0119. Zadbaj o sk\u00f3r\u0119 w ka\u017cd\u0105 por\u0119 roku dzi\u0119ki naszym sprawdzonym poradom!\",\"breadcrumb\":{\"@id\":\"https:\/\/darzdrowia.pl\/ciekawostki\/jakie-maseczki-na-twarz-stosowac-latem-a-jakie-zima-2\/#breadcrumb\"},\"inLanguage\":\"pl-PL\",\"potentialAction\":[{\"@type\":\"ReadAction\",\"target\":[\"https:\/\/darzdrowia.pl\/ciekawostki\/jakie-maseczki-na-twarz-stosowac-latem-a-jakie-zima-2\/\"]}]},{\"@type\":\"BreadcrumbList\",\"@id\":\"https:\/\/darzdrowia.pl\/ciekawostki\/jakie-maseczki-na-twarz-stosowac-latem-a-jakie-zima-2\/#breadcrumb\",\"itemListElement\":[{\"@type\":\"ListItem\",\"position\":1,\"name\":\"Strona g\u0142\u00f3wna\",\"item\":\"https:\/\/darzdrowia.pl\/ciekawostki\/\"},{\"@type\":\"ListItem\",\"position\":2,\"name\":\"Jakie maseczki na twarz stosowa\u0107 latem, a jakie zim\u0105\"}]},{\"@type\":\"WebSite\",\"@id\":\"https:\/\/darzdrowia.pl\/ciekawostki\/#website\",\"url\":\"https:\/\/darzdrowia.pl\/ciekawostki\/\",\"name\":\"Dar Zdrowia Drogeria - Blog\",\"description\":\"\",\"publisher\":{\"@id\":\"https:\/\/darzdrowia.pl\/ciekawostki\/#organization\"},\"potentialAction\":[{\"@type\":\"SearchAction\",\"target\":{\"@type\":\"EntryPoint\",\"urlTemplate\":\"https:\/\/darzdrowia.pl\/ciekawostki\/?s={search_term_string}\"},\"query-input\":\"required name=search_term_string\"}],\"inLanguage\":\"pl-PL\"},{\"@type\":\"Organization\",\"@id\":\"https:\/\/darzdrowia.pl\/ciekawostki\/#organization\",\"name\":\"Dar Zdrowia Drogeria - Blog\",\"url\":\"https:\/\/darzdrowia.pl\/ciekawostki\/\",\"logo\":{\"@type\":\"ImageObject\",\"inLanguage\":\"pl-PL\",\"@id\":\"https:\/\/darzdrowia.pl\/ciekawostki\/#\/schema\/logo\/image\/\",\"url\":\"https:\/\/darzdrowia.pl\/ciekawostki\/wp-content\/uploads\/2023\/11\/logo-darzdrowia.webp\",\"contentUrl\":\"https:\/\/darzdrowia.pl\/ciekawostki\/wp-content\/uploads\/2023\/11\/logo-darzdrowia.webp\",\"width\":744,\"height\":225,\"caption\":\"Dar Zdrowia Drogeria - Blog\"},\"image\":{\"@id\":\"https:\/\/darzdrowia.pl\/ciekawostki\/#\/schema\/logo\/image\/\"},\"sameAs\":[\"https:\/\/www.facebook.com\/profile.php?id=100063606935396\"]},{\"@type\":\"Person\",\"@id\":\"https:\/\/darzdrowia.pl\/ciekawostki\/#\/schema\/person\/e75579d624630bf943ac69d374bb928e\",\"name\":\"funkymedia\",\"image\":{\"@type\":\"ImageObject\",\"inLanguage\":\"pl-PL\",\"@id\":\"https:\/\/darzdrowia.pl\/ciekawostki\/#\/schema\/person\/image\/\",\"url\":\"https:\/\/secure.gravatar.com\/avatar\/393cb205b658aef6e3271ad5a92265e3e4433d2384bbe95524ba160d5bc20299?s=96&d=mm&r=g\",\"contentUrl\":\"https:\/\/secure.gravatar.com\/avatar\/393cb205b658aef6e3271ad5a92265e3e4433d2384bbe95524ba160d5bc20299?s=96&d=mm&r=g\",\"caption\":\"funkymedia\"},\"sameAs\":[\"https:\/\/darzdrowia.pl\/ciekawostki\"],\"url\":\"https:\/\/darzdrowia.pl\/ciekawostki\/author\/funkymedia\/\"}]}<\/script>\n<!-- \/ Yoast SEO plugin. -->","yoast_head_json":{"title":"Jakie maseczki na twarz stosowa\u0107 latem, a jakie zim\u0105","description":"Odkryj, jakie maseczki na twarz s\u0105 idealne na lato i zim\u0119. Zadbaj o sk\u00f3r\u0119 w ka\u017cd\u0105 por\u0119 roku dzi\u0119ki naszym sprawdzonym poradom!","robots":{"index":"index","follow":"follow","max-snippet":"max-snippet:-1","max-image-preview":"max-image-preview:large","max-video-preview":"max-video-preview:-1"},"canonical":"https:\/\/darzdrowia.pl\/ciekawostki\/jakie-maseczki-na-twarz-stosowac-latem-a-jakie-zima-2\/","og_locale":"pl_PL","og_type":"article","og_title":"Jakie maseczki na twarz stosowa\u0107 latem, a jakie zim\u0105","og_description":"Odkryj, jakie maseczki na twarz s\u0105 idealne na lato i zim\u0119. Zadbaj o sk\u00f3r\u0119 w ka\u017cd\u0105 por\u0119 roku dzi\u0119ki naszym sprawdzonym poradom!","og_url":"https:\/\/darzdrowia.pl\/ciekawostki\/jakie-maseczki-na-twarz-stosowac-latem-a-jakie-zima-2\/","og_site_name":"Dar Zdrowia Drogeria - Blog","article_publisher":"https:\/\/www.facebook.com\/profile.php?id=100063606935396","article_published_time":"2025-02-28T16:39:42+00:00","author":"funkymedia","twitter_card":"summary_large_image","twitter_misc":{"Napisane przez":"funkymedia","Szacowany czas czytania":"4 minuty"},"schema":{"@context":"https:\/\/schema.org","@graph":[{"@type":"Article","@id":"https:\/\/darzdrowia.pl\/ciekawostki\/jakie-maseczki-na-twarz-stosowac-latem-a-jakie-zima-2\/#article","isPartOf":{"@id":"https:\/\/darzdrowia.pl\/ciekawostki\/jakie-maseczki-na-twarz-stosowac-latem-a-jakie-zima-2\/"},"author":{"name":"funkymedia","@id":"https:\/\/darzdrowia.pl\/ciekawostki\/#\/schema\/person\/e75579d624630bf943ac69d374bb928e"},"headline":"Jakie maseczki na twarz stosowa\u0107 latem, a jakie zim\u0105","datePublished":"2025-02-28T16:39:42+00:00","dateModified":"2025-02-28T16:39:42+00:00","mainEntityOfPage":{"@id":"https:\/\/darzdrowia.pl\/ciekawostki\/jakie-maseczki-na-twarz-stosowac-latem-a-jakie-zima-2\/"},"wordCount":730,"publisher":{"@id":"https:\/\/darzdrowia.pl\/ciekawostki\/#organization"},"inLanguage":"pl-PL"},{"@type":"WebPage","@id":"https:\/\/darzdrowia.pl\/ciekawostki\/jakie-maseczki-na-twarz-stosowac-latem-a-jakie-zima-2\/","url":"https:\/\/darzdrowia.pl\/ciekawostki\/jakie-maseczki-na-twarz-stosowac-latem-a-jakie-zima-2\/","name":"Jakie maseczki na twarz stosowa\u0107 latem, a jakie zim\u0105","isPartOf":{"@id":"https:\/\/darzdrowia.pl\/ciekawostki\/#website"},"datePublished":"2025-02-28T16:39:42+00:00","dateModified":"2025-02-28T16:39:42+00:00","description":"Odkryj, jakie maseczki na twarz s\u0105 idealne na lato i zim\u0119. Zadbaj o sk\u00f3r\u0119 w ka\u017cd\u0105 por\u0119 roku dzi\u0119ki naszym sprawdzonym poradom!","breadcrumb":{"@id":"https:\/\/darzdrowia.pl\/ciekawostki\/jakie-maseczki-na-twarz-stosowac-latem-a-jakie-zima-2\/#breadcrumb"},"inLanguage":"pl-PL","potentialAction":[{"@type":"ReadAction","target":["https:\/\/darzdrowia.pl\/ciekawostki\/jakie-maseczki-na-twarz-stosowac-latem-a-jakie-zima-2\/"]}]},{"@type":"BreadcrumbList","@id":"https:\/\/darzdrowia.pl\/ciekawostki\/jakie-maseczki-na-twarz-stosowac-latem-a-jakie-zima-2\/#breadcrumb","itemListElement":[{"@type":"ListItem","position":1,"name":"Strona g\u0142\u00f3wna","item":"https:\/\/darzdrowia.pl\/ciekawostki\/"},{"@type":"ListItem","position":2,"name":"Jakie maseczki na twarz stosowa\u0107 latem, a jakie zim\u0105"}]},{"@type":"WebSite","@id":"https:\/\/darzdrowia.pl\/ciekawostki\/#website","url":"https:\/\/darzdrowia.pl\/ciekawostki\/","name":"Dar Zdrowia Drogeria - Blog","description":"","publisher":{"@id":"https:\/\/darzdrowia.pl\/ciekawostki\/#organization"},"potentialAction":[{"@type":"SearchAction","target":{"@type":"EntryPoint","urlTemplate":"https:\/\/darzdrowia.pl\/ciekawostki\/?s={search_term_string}"},"query-input":"required name=search_term_string"}],"inLanguage":"pl-PL"},{"@type":"Organization","@id":"https:\/\/darzdrowia.pl\/ciekawostki\/#organization","name":"Dar Zdrowia Drogeria - Blog","url":"https:\/\/darzdrowia.pl\/ciekawostki\/","logo":{"@type":"ImageObject","inLanguage":"pl-PL","@id":"https:\/\/darzdrowia.pl\/ciekawostki\/#\/schema\/logo\/image\/","url":"https:\/\/darzdrowia.pl\/ciekawostki\/wp-content\/uploads\/2023\/11\/logo-darzdrowia.webp","contentUrl":"https:\/\/darzdrowia.pl\/ciekawostki\/wp-content\/uploads\/2023\/11\/logo-darzdrowia.webp","width":744,"height":225,"caption":"Dar Zdrowia Drogeria - Blog"},"image":{"@id":"https:\/\/darzdrowia.pl\/ciekawostki\/#\/schema\/logo\/image\/"},"sameAs":["https:\/\/www.facebook.com\/profile.php?id=100063606935396"]},{"@type":"Person","@id":"https:\/\/darzdrowia.pl\/ciekawostki\/#\/schema\/person\/e75579d624630bf943ac69d374bb928e","name":"funkymedia","image":{"@type":"ImageObject","inLanguage":"pl-PL","@id":"https:\/\/darzdrowia.pl\/ciekawostki\/#\/schema\/person\/image\/","url":"https:\/\/secure.gravatar.com\/avatar\/393cb205b658aef6e3271ad5a92265e3e4433d2384bbe95524ba160d5bc20299?s=96&d=mm&r=g","contentUrl":"https:\/\/secure.gravatar.com\/avatar\/393cb205b658aef6e3271ad5a92265e3e4433d2384bbe95524ba160d5bc20299?s=96&d=mm&r=g","caption":"funkymedia"},"sameAs":["https:\/\/darzdrowia.pl\/ciekawostki"],"url":"https:\/\/darzdrowia.pl\/ciekawostki\/author\/funkymedia\/"}]}},"_links":{"self":[{"href":"https:\/\/darzdrowia.pl\/ciekawostki\/wp-json\/wp\/v2\/posts\/7981","targetHints":{"allow":["GET"]}}],"collection":[{"href":"https:\/\/darzdrowia.pl\/ciekawostki\/wp-json\/wp\/v2\/posts"}],"about":[{"href":"https:\/\/darzdrowia.pl\/ciekawostki\/wp-json\/wp\/v2\/types\/post"}],"author":[{"embeddable":true,"href":"https:\/\/darzdrowia.pl\/ciekawostki\/wp-json\/wp\/v2\/users\/1"}],"replies":[{"embeddable":true,"href":"https:\/\/darzdrowia.pl\/ciekawostki\/wp-json\/wp\/v2\/comments?post=7981"}],"version-history":[{"count":0,"href":"https:\/\/darzdrowia.pl\/ciekawostki\/wp-json\/wp\/v2\/posts\/7981\/revisions"}],"wp:attachment":[{"href":"https:\/\/darzdrowia.pl\/ciekawostki\/wp-json\/wp\/v2\/media?parent=7981"}],"wp:term":[{"taxonomy":"category","embeddable":true,"href":"https:\/\/darzdrowia.pl\/ciekawostki\/wp-json\/wp\/v2\/categories?post=7981"},{"taxonomy":"post_tag","embeddable":true,"href":"https:\/\/darzdrowia.pl\/ciekawostki\/wp-json\/wp\/v2\/tags?post=7981"}],"curies":[{"name":"wp","href":"https:\/\/api.w.org\/{rel}","templated":true}]}}