{"id":7977,"date":"2025-02-28T17:38:43","date_gmt":"2025-02-28T16:38:43","guid":{"rendered":"https:\/\/darzdrowia.pl\/ciekawostki\/maseczki-z-ekstraktem-z-rozy-jak-dzialaja-na-skore-wrazliwa\/"},"modified":"2025-02-28T17:38:43","modified_gmt":"2025-02-28T16:38:43","slug":"maseczki-z-ekstraktem-z-rozy-jak-dzialaja-na-skore-wrazliwa","status":"publish","type":"post","link":"https:\/\/darzdrowia.pl\/ciekawostki\/maseczki-z-ekstraktem-z-rozy-jak-dzialaja-na-skore-wrazliwa\/","title":{"rendered":"Maseczki z ekstraktem z r\u00f3\u017cy \u2013 jak dzia\u0142aj\u0105 na sk\u00f3r\u0119 wra\u017cliw\u0105"},"content":{"rendered":"\n<p>Maseczki z ekstraktem z r\u00f3\u017cy to popularny wyb\u00f3r w piel\u0119gnacji sk\u00f3ry, szczeg\u00f3lnie w przypadku cery wra\u017cliwej. Ekstrakt z r\u00f3\u017cy jest ceniony za swoje w\u0142a\u015bciwo\u015bci \u0142agodz\u0105ce i nawil\u017caj\u0105ce, co czyni go idealnym sk\u0142adnikiem dla os\u00f3b borykaj\u0105cych si\u0119 z podra\u017cnieniami i zaczerwienieniami. Dzi\u0119ki zawarto\u015bci witamin, antyoksydant\u00f3w oraz naturalnych olejk\u00f3w, maseczki te pomagaj\u0105 wzmocni\u0107 barier\u0119 ochronn\u0105 sk\u00f3ry, jednocze\u015bnie redukuj\u0105c uczucie napi\u0119cia i sucho\u015bci. Regularne stosowanie maseczek z ekstraktem z r\u00f3\u017cy mo\u017ce przyczyni\u0107 si\u0119 do poprawy elastyczno\u015bci sk\u00f3ry, nadaj\u0105c jej zdrowy i promienny wygl\u0105d. Wprowadzenie tego rodzaju produkt\u00f3w do rutyny piel\u0119gnacyjnej mo\u017ce by\u0107 kluczowe dla utrzymania komfortu i r\u00f3wnowagi cery wra\u017cliwej.<\/p>\n\n\n\n<h2 class=\"wp-block-heading\">Maseczki z ekstraktem z r\u00f3\u017cy: Naturalne ukojenie dla sk\u00f3ry wra\u017cliwej<\/h2>\n\n\n\n<p>Maseczki z ekstraktem z r\u00f3\u017cy to doskona\u0142e rozwi\u0105zanie dla os\u00f3b z wra\u017cliw\u0105 sk\u00f3r\u0105. Ekstrakt z r\u00f3\u017cy znany jest ze swoich w\u0142a\u015bciwo\u015bci \u0142agodz\u0105cych i nawil\u017caj\u0105cych. Dzi\u0119ki naturalnym sk\u0142adnikom maseczki te pomagaj\u0105 redukowa\u0107 zaczerwienienia i podra\u017cnienia, przywracaj\u0105c sk\u00f3rze zdrowy wygl\u0105d. Regularne stosowanie mo\u017ce poprawi\u0107 elastyczno\u015b\u0107 sk\u00f3ry oraz jej og\u00f3ln\u0105 kondycj\u0119. Produkt ten jest idealny dla os\u00f3b poszukuj\u0105cych delikatnej, a zarazem skutecznej piel\u0119gnacji.<\/p>\n\n\n\n<h2 class=\"wp-block-heading\">Dlaczego ekstrakt z r\u00f3\u017cy jest idealnym sk\u0142adnikiem maseczek dla sk\u00f3ry wra\u017cliwej?<\/h2>\n\n\n\n<p>Ekstrakt z r\u00f3\u017cy jest idealnym sk\u0142adnikiem maseczek dla sk\u00f3ry wra\u017cliwej ze wzgl\u0119du na swoje w\u0142a\u015bciwo\u015bci \u0142agodz\u0105ce i przeciwzapalne. Zawiera antyoksydanty, takie jak witamina C, kt\u00f3re pomagaj\u0105 chroni\u0107 sk\u00f3r\u0119 przed szkodliwym dzia\u0142aniem wolnych rodnik\u00f3w. Dodatkowo, ekstrakt z r\u00f3\u017cy ma dzia\u0142anie nawil\u017caj\u0105ce i regeneruj\u0105ce, co wspomaga odbudow\u0119 bariery ochronnej sk\u00f3ry. Jego delikatny charakter sprawia, \u017ce jest dobrze tolerowany przez osoby z wra\u017cliw\u0105 cer\u0105, minimalizuj\u0105c ryzyko podra\u017cnie\u0144.<\/p>\n\n\n\n<h2 class=\"wp-block-heading\">R\u00f3\u017cane maseczki: Sekret pi\u0119knej i zdrowej cery wra\u017cliwej<\/h2>\n\n\n\n<p>R\u00f3\u017cane maseczki to doskona\u0142e rozwi\u0105zanie dla os\u00f3b z cer\u0105 wra\u017cliw\u0105. Zawieraj\u0105 naturalne ekstrakty z p\u0142atk\u00f3w r\u00f3\u017c, kt\u00f3re \u0142agodz\u0105 podra\u017cnienia i nawil\u017caj\u0105 sk\u00f3r\u0119. Dzi\u0119ki w\u0142a\u015bciwo\u015bciom antyoksydacyjnym, r\u00f3\u017cane maseczki chroni\u0105 przed szkodliwym dzia\u0142aniem wolnych rodnik\u00f3w. Regularne stosowanie pomaga wzmocni\u0107 barier\u0119 ochronn\u0105 sk\u00f3ry, poprawiaj\u0105c jej elastyczno\u015b\u0107 i koloryt. Idealne do stosowania w domowym spa, zapewniaj\u0105 relaks i od\u015bwie\u017cenie. Wybieraj\u0105c maseczk\u0119 r\u00f3\u017can\u0105, warto zwr\u00f3ci\u0107 uwag\u0119 na sk\u0142adniki dodatkowe, takie jak aloes czy witamina E, kt\u00f3re pot\u0119guj\u0105 jej dobroczynne dzia\u0142anie.<\/p>\n\n\n\n<p>Maseczki z ekstraktem z r\u00f3\u017cy s\u0105 szczeg\u00f3lnie polecane dla os\u00f3b o sk\u00f3rze wra\u017cliwej ze wzgl\u0119du na swoje \u0142agodz\u0105ce i nawil\u017caj\u0105ce w\u0142a\u015bciwo\u015bci. Ekstrakt z r\u00f3\u017cy jest bogaty w witaminy, antyoksydanty oraz kwasy t\u0142uszczowe, kt\u00f3re pomagaj\u0105 w regeneracji sk\u00f3ry, redukuj\u0105 zaczerwienienia i podra\u017cnienia. Regularne stosowanie takich maseczek mo\u017ce przyczyni\u0107 si\u0119 do poprawy elastyczno\u015bci sk\u00f3ry oraz jej og\u00f3lnego wygl\u0105du, pozostawiaj\u0105c j\u0105 mi\u0119kk\u0105 i promienn\u0105. Dodatkowo, delikatny zapach r\u00f3\u017cy dzia\u0142a relaksuj\u0105co, co czyni zabieg nie tylko korzystnym dla sk\u00f3ry, ale tak\u017ce dla samopoczucia. W zwi\u0105zku z tym maseczki z ekstraktem z r\u00f3\u017cy stanowi\u0105 doskona\u0142y wyb\u00f3r dla os\u00f3b poszukuj\u0105cych naturalnych i skutecznych rozwi\u0105za\u0144 piel\u0119gnacyjnych dla sk\u00f3ry wra\u017cliwej.<\/p>\n","protected":false},"excerpt":{"rendered":"<p>Maseczki z ekstraktem z r\u00f3\u017cy to popularny wyb\u00f3r w piel\u0119gnacji sk\u00f3ry, szczeg\u00f3lnie w przypadku cery wra\u017cliwej. Ekstrakt z r\u00f3\u017cy jest ceniony za swoje w\u0142a\u015bciwo\u015bci \u0142agodz\u0105ce i nawil\u017caj\u0105ce, co czyni go idealnym sk\u0142adnikiem dla os\u00f3b borykaj\u0105cych si\u0119 z podra\u017cnieniami i zaczerwienieniami. Dzi\u0119ki zawarto\u015bci witamin, antyoksydant\u00f3w oraz naturalnych olejk\u00f3w, maseczki te pomagaj\u0105 wzmocni\u0107 barier\u0119 ochronn\u0105 sk\u00f3ry, jednocze\u015bnie [&hellip;]<\/p>\n","protected":false},"author":1,"featured_media":0,"comment_status":"","ping_status":"open","sticky":false,"template":"","format":"standard","meta":{"footnotes":""},"categories":[1],"tags":[],"class_list":["post-7977","post","type-post","status-publish","format-standard","hentry","category-bez-kategorii"],"fm_meta_title":"Maseczki z ekstraktem z r\u00f3\u017cy \u2013 jak dzia\u0142aj\u0105 na sk\u00f3r\u0119 wra\u017cliw\u0105","fm_meta_description":"Odkryj moc maseczek z ekstraktem z r\u00f3\u017cy! Idealne dla sk\u00f3ry wra\u017cliwej, \u0142agodz\u0105 podra\u017cnienia i nawil\u017caj\u0105. Sprawd\u017a, jak dzia\u0142aj\u0105 na Twoj\u0105 cer\u0119!","yoast_head":"<!-- This site is optimized with the Yoast SEO plugin v21.5 - https:\/\/yoast.com\/wordpress\/plugins\/seo\/ -->\n<title>Maseczki z ekstraktem z r\u00f3\u017cy \u2013 jak dzia\u0142aj\u0105 na sk\u00f3r\u0119 wra\u017cliw\u0105<\/title>\n<meta name=\"description\" content=\"Odkryj moc maseczek z ekstraktem z r\u00f3\u017cy! Idealne dla sk\u00f3ry wra\u017cliwej, \u0142agodz\u0105 podra\u017cnienia i nawil\u017caj\u0105. Sprawd\u017a, jak dzia\u0142aj\u0105 na Twoj\u0105 cer\u0119!\" \/>\n<meta name=\"robots\" content=\"index, follow, max-snippet:-1, max-image-preview:large, max-video-preview:-1\" \/>\n<link rel=\"canonical\" href=\"https:\/\/darzdrowia.pl\/ciekawostki\/maseczki-z-ekstraktem-z-rozy-jak-dzialaja-na-skore-wrazliwa\/\" \/>\n<meta property=\"og:locale\" content=\"pl_PL\" \/>\n<meta property=\"og:type\" content=\"article\" \/>\n<meta property=\"og:title\" content=\"Maseczki z ekstraktem z r\u00f3\u017cy \u2013 jak dzia\u0142aj\u0105 na sk\u00f3r\u0119 wra\u017cliw\u0105\" \/>\n<meta property=\"og:description\" content=\"Odkryj moc maseczek z ekstraktem z r\u00f3\u017cy! Idealne dla sk\u00f3ry wra\u017cliwej, \u0142agodz\u0105 podra\u017cnienia i nawil\u017caj\u0105. Sprawd\u017a, jak dzia\u0142aj\u0105 na Twoj\u0105 cer\u0119!\" \/>\n<meta property=\"og:url\" content=\"https:\/\/darzdrowia.pl\/ciekawostki\/maseczki-z-ekstraktem-z-rozy-jak-dzialaja-na-skore-wrazliwa\/\" \/>\n<meta property=\"og:site_name\" content=\"Dar Zdrowia Drogeria - Blog\" \/>\n<meta property=\"article:publisher\" content=\"https:\/\/www.facebook.com\/profile.php?id=100063606935396\" \/>\n<meta property=\"article:published_time\" content=\"2025-02-28T16:38:43+00:00\" \/>\n<meta name=\"author\" content=\"funkymedia\" \/>\n<meta name=\"twitter:card\" content=\"summary_large_image\" \/>\n<meta name=\"twitter:label1\" content=\"Napisane przez\" \/>\n\t<meta name=\"twitter:data1\" content=\"funkymedia\" \/>\n\t<meta name=\"twitter:label2\" content=\"Szacowany czas czytania\" \/>\n\t<meta name=\"twitter:data2\" content=\"3 minuty\" \/>\n<script type=\"application\/ld+json\" class=\"yoast-schema-graph\">{\"@context\":\"https:\/\/schema.org\",\"@graph\":[{\"@type\":\"Article\",\"@id\":\"https:\/\/darzdrowia.pl\/ciekawostki\/maseczki-z-ekstraktem-z-rozy-jak-dzialaja-na-skore-wrazliwa\/#article\",\"isPartOf\":{\"@id\":\"https:\/\/darzdrowia.pl\/ciekawostki\/maseczki-z-ekstraktem-z-rozy-jak-dzialaja-na-skore-wrazliwa\/\"},\"author\":{\"name\":\"funkymedia\",\"@id\":\"https:\/\/darzdrowia.pl\/ciekawostki\/#\/schema\/person\/e75579d624630bf943ac69d374bb928e\"},\"headline\":\"Maseczki z ekstraktem z r\u00f3\u017cy \u2013 jak dzia\u0142aj\u0105 na sk\u00f3r\u0119 wra\u017cliw\u0105\",\"datePublished\":\"2025-02-28T16:38:43+00:00\",\"dateModified\":\"2025-02-28T16:38:43+00:00\",\"mainEntityOfPage\":{\"@id\":\"https:\/\/darzdrowia.pl\/ciekawostki\/maseczki-z-ekstraktem-z-rozy-jak-dzialaja-na-skore-wrazliwa\/\"},\"wordCount\":603,\"publisher\":{\"@id\":\"https:\/\/darzdrowia.pl\/ciekawostki\/#organization\"},\"inLanguage\":\"pl-PL\"},{\"@type\":\"WebPage\",\"@id\":\"https:\/\/darzdrowia.pl\/ciekawostki\/maseczki-z-ekstraktem-z-rozy-jak-dzialaja-na-skore-wrazliwa\/\",\"url\":\"https:\/\/darzdrowia.pl\/ciekawostki\/maseczki-z-ekstraktem-z-rozy-jak-dzialaja-na-skore-wrazliwa\/\",\"name\":\"Maseczki z ekstraktem z r\u00f3\u017cy \u2013 jak dzia\u0142aj\u0105 na sk\u00f3r\u0119 wra\u017cliw\u0105\",\"isPartOf\":{\"@id\":\"https:\/\/darzdrowia.pl\/ciekawostki\/#website\"},\"datePublished\":\"2025-02-28T16:38:43+00:00\",\"dateModified\":\"2025-02-28T16:38:43+00:00\",\"description\":\"Odkryj moc maseczek z ekstraktem z r\u00f3\u017cy! Idealne dla sk\u00f3ry wra\u017cliwej, \u0142agodz\u0105 podra\u017cnienia i nawil\u017caj\u0105. Sprawd\u017a, jak dzia\u0142aj\u0105 na Twoj\u0105 cer\u0119!\",\"breadcrumb\":{\"@id\":\"https:\/\/darzdrowia.pl\/ciekawostki\/maseczki-z-ekstraktem-z-rozy-jak-dzialaja-na-skore-wrazliwa\/#breadcrumb\"},\"inLanguage\":\"pl-PL\",\"potentialAction\":[{\"@type\":\"ReadAction\",\"target\":[\"https:\/\/darzdrowia.pl\/ciekawostki\/maseczki-z-ekstraktem-z-rozy-jak-dzialaja-na-skore-wrazliwa\/\"]}]},{\"@type\":\"BreadcrumbList\",\"@id\":\"https:\/\/darzdrowia.pl\/ciekawostki\/maseczki-z-ekstraktem-z-rozy-jak-dzialaja-na-skore-wrazliwa\/#breadcrumb\",\"itemListElement\":[{\"@type\":\"ListItem\",\"position\":1,\"name\":\"Strona g\u0142\u00f3wna\",\"item\":\"https:\/\/darzdrowia.pl\/ciekawostki\/\"},{\"@type\":\"ListItem\",\"position\":2,\"name\":\"Maseczki z ekstraktem z r\u00f3\u017cy \u2013 jak dzia\u0142aj\u0105 na sk\u00f3r\u0119 wra\u017cliw\u0105\"}]},{\"@type\":\"WebSite\",\"@id\":\"https:\/\/darzdrowia.pl\/ciekawostki\/#website\",\"url\":\"https:\/\/darzdrowia.pl\/ciekawostki\/\",\"name\":\"Dar Zdrowia Drogeria - Blog\",\"description\":\"\",\"publisher\":{\"@id\":\"https:\/\/darzdrowia.pl\/ciekawostki\/#organization\"},\"potentialAction\":[{\"@type\":\"SearchAction\",\"target\":{\"@type\":\"EntryPoint\",\"urlTemplate\":\"https:\/\/darzdrowia.pl\/ciekawostki\/?s={search_term_string}\"},\"query-input\":\"required name=search_term_string\"}],\"inLanguage\":\"pl-PL\"},{\"@type\":\"Organization\",\"@id\":\"https:\/\/darzdrowia.pl\/ciekawostki\/#organization\",\"name\":\"Dar Zdrowia Drogeria - Blog\",\"url\":\"https:\/\/darzdrowia.pl\/ciekawostki\/\",\"logo\":{\"@type\":\"ImageObject\",\"inLanguage\":\"pl-PL\",\"@id\":\"https:\/\/darzdrowia.pl\/ciekawostki\/#\/schema\/logo\/image\/\",\"url\":\"https:\/\/darzdrowia.pl\/ciekawostki\/wp-content\/uploads\/2023\/11\/logo-darzdrowia.webp\",\"contentUrl\":\"https:\/\/darzdrowia.pl\/ciekawostki\/wp-content\/uploads\/2023\/11\/logo-darzdrowia.webp\",\"width\":744,\"height\":225,\"caption\":\"Dar Zdrowia Drogeria - Blog\"},\"image\":{\"@id\":\"https:\/\/darzdrowia.pl\/ciekawostki\/#\/schema\/logo\/image\/\"},\"sameAs\":[\"https:\/\/www.facebook.com\/profile.php?id=100063606935396\"]},{\"@type\":\"Person\",\"@id\":\"https:\/\/darzdrowia.pl\/ciekawostki\/#\/schema\/person\/e75579d624630bf943ac69d374bb928e\",\"name\":\"funkymedia\",\"image\":{\"@type\":\"ImageObject\",\"inLanguage\":\"pl-PL\",\"@id\":\"https:\/\/darzdrowia.pl\/ciekawostki\/#\/schema\/person\/image\/\",\"url\":\"https:\/\/secure.gravatar.com\/avatar\/393cb205b658aef6e3271ad5a92265e3e4433d2384bbe95524ba160d5bc20299?s=96&d=mm&r=g\",\"contentUrl\":\"https:\/\/secure.gravatar.com\/avatar\/393cb205b658aef6e3271ad5a92265e3e4433d2384bbe95524ba160d5bc20299?s=96&d=mm&r=g\",\"caption\":\"funkymedia\"},\"sameAs\":[\"https:\/\/darzdrowia.pl\/ciekawostki\"],\"url\":\"https:\/\/darzdrowia.pl\/ciekawostki\/author\/funkymedia\/\"}]}<\/script>\n<!-- \/ Yoast SEO plugin. -->","yoast_head_json":{"title":"Maseczki z ekstraktem z r\u00f3\u017cy \u2013 jak dzia\u0142aj\u0105 na sk\u00f3r\u0119 wra\u017cliw\u0105","description":"Odkryj moc maseczek z ekstraktem z r\u00f3\u017cy! Idealne dla sk\u00f3ry wra\u017cliwej, \u0142agodz\u0105 podra\u017cnienia i nawil\u017caj\u0105. Sprawd\u017a, jak dzia\u0142aj\u0105 na Twoj\u0105 cer\u0119!","robots":{"index":"index","follow":"follow","max-snippet":"max-snippet:-1","max-image-preview":"max-image-preview:large","max-video-preview":"max-video-preview:-1"},"canonical":"https:\/\/darzdrowia.pl\/ciekawostki\/maseczki-z-ekstraktem-z-rozy-jak-dzialaja-na-skore-wrazliwa\/","og_locale":"pl_PL","og_type":"article","og_title":"Maseczki z ekstraktem z r\u00f3\u017cy \u2013 jak dzia\u0142aj\u0105 na sk\u00f3r\u0119 wra\u017cliw\u0105","og_description":"Odkryj moc maseczek z ekstraktem z r\u00f3\u017cy! Idealne dla sk\u00f3ry wra\u017cliwej, \u0142agodz\u0105 podra\u017cnienia i nawil\u017caj\u0105. Sprawd\u017a, jak dzia\u0142aj\u0105 na Twoj\u0105 cer\u0119!","og_url":"https:\/\/darzdrowia.pl\/ciekawostki\/maseczki-z-ekstraktem-z-rozy-jak-dzialaja-na-skore-wrazliwa\/","og_site_name":"Dar Zdrowia Drogeria - Blog","article_publisher":"https:\/\/www.facebook.com\/profile.php?id=100063606935396","article_published_time":"2025-02-28T16:38:43+00:00","author":"funkymedia","twitter_card":"summary_large_image","twitter_misc":{"Napisane przez":"funkymedia","Szacowany czas czytania":"3 minuty"},"schema":{"@context":"https:\/\/schema.org","@graph":[{"@type":"Article","@id":"https:\/\/darzdrowia.pl\/ciekawostki\/maseczki-z-ekstraktem-z-rozy-jak-dzialaja-na-skore-wrazliwa\/#article","isPartOf":{"@id":"https:\/\/darzdrowia.pl\/ciekawostki\/maseczki-z-ekstraktem-z-rozy-jak-dzialaja-na-skore-wrazliwa\/"},"author":{"name":"funkymedia","@id":"https:\/\/darzdrowia.pl\/ciekawostki\/#\/schema\/person\/e75579d624630bf943ac69d374bb928e"},"headline":"Maseczki z ekstraktem z r\u00f3\u017cy \u2013 jak dzia\u0142aj\u0105 na sk\u00f3r\u0119 wra\u017cliw\u0105","datePublished":"2025-02-28T16:38:43+00:00","dateModified":"2025-02-28T16:38:43+00:00","mainEntityOfPage":{"@id":"https:\/\/darzdrowia.pl\/ciekawostki\/maseczki-z-ekstraktem-z-rozy-jak-dzialaja-na-skore-wrazliwa\/"},"wordCount":603,"publisher":{"@id":"https:\/\/darzdrowia.pl\/ciekawostki\/#organization"},"inLanguage":"pl-PL"},{"@type":"WebPage","@id":"https:\/\/darzdrowia.pl\/ciekawostki\/maseczki-z-ekstraktem-z-rozy-jak-dzialaja-na-skore-wrazliwa\/","url":"https:\/\/darzdrowia.pl\/ciekawostki\/maseczki-z-ekstraktem-z-rozy-jak-dzialaja-na-skore-wrazliwa\/","name":"Maseczki z ekstraktem z r\u00f3\u017cy \u2013 jak dzia\u0142aj\u0105 na sk\u00f3r\u0119 wra\u017cliw\u0105","isPartOf":{"@id":"https:\/\/darzdrowia.pl\/ciekawostki\/#website"},"datePublished":"2025-02-28T16:38:43+00:00","dateModified":"2025-02-28T16:38:43+00:00","description":"Odkryj moc maseczek z ekstraktem z r\u00f3\u017cy! Idealne dla sk\u00f3ry wra\u017cliwej, \u0142agodz\u0105 podra\u017cnienia i nawil\u017caj\u0105. Sprawd\u017a, jak dzia\u0142aj\u0105 na Twoj\u0105 cer\u0119!","breadcrumb":{"@id":"https:\/\/darzdrowia.pl\/ciekawostki\/maseczki-z-ekstraktem-z-rozy-jak-dzialaja-na-skore-wrazliwa\/#breadcrumb"},"inLanguage":"pl-PL","potentialAction":[{"@type":"ReadAction","target":["https:\/\/darzdrowia.pl\/ciekawostki\/maseczki-z-ekstraktem-z-rozy-jak-dzialaja-na-skore-wrazliwa\/"]}]},{"@type":"BreadcrumbList","@id":"https:\/\/darzdrowia.pl\/ciekawostki\/maseczki-z-ekstraktem-z-rozy-jak-dzialaja-na-skore-wrazliwa\/#breadcrumb","itemListElement":[{"@type":"ListItem","position":1,"name":"Strona g\u0142\u00f3wna","item":"https:\/\/darzdrowia.pl\/ciekawostki\/"},{"@type":"ListItem","position":2,"name":"Maseczki z ekstraktem z r\u00f3\u017cy \u2013 jak dzia\u0142aj\u0105 na sk\u00f3r\u0119 wra\u017cliw\u0105"}]},{"@type":"WebSite","@id":"https:\/\/darzdrowia.pl\/ciekawostki\/#website","url":"https:\/\/darzdrowia.pl\/ciekawostki\/","name":"Dar Zdrowia Drogeria - Blog","description":"","publisher":{"@id":"https:\/\/darzdrowia.pl\/ciekawostki\/#organization"},"potentialAction":[{"@type":"SearchAction","target":{"@type":"EntryPoint","urlTemplate":"https:\/\/darzdrowia.pl\/ciekawostki\/?s={search_term_string}"},"query-input":"required name=search_term_string"}],"inLanguage":"pl-PL"},{"@type":"Organization","@id":"https:\/\/darzdrowia.pl\/ciekawostki\/#organization","name":"Dar Zdrowia Drogeria - Blog","url":"https:\/\/darzdrowia.pl\/ciekawostki\/","logo":{"@type":"ImageObject","inLanguage":"pl-PL","@id":"https:\/\/darzdrowia.pl\/ciekawostki\/#\/schema\/logo\/image\/","url":"https:\/\/darzdrowia.pl\/ciekawostki\/wp-content\/uploads\/2023\/11\/logo-darzdrowia.webp","contentUrl":"https:\/\/darzdrowia.pl\/ciekawostki\/wp-content\/uploads\/2023\/11\/logo-darzdrowia.webp","width":744,"height":225,"caption":"Dar Zdrowia Drogeria - Blog"},"image":{"@id":"https:\/\/darzdrowia.pl\/ciekawostki\/#\/schema\/logo\/image\/"},"sameAs":["https:\/\/www.facebook.com\/profile.php?id=100063606935396"]},{"@type":"Person","@id":"https:\/\/darzdrowia.pl\/ciekawostki\/#\/schema\/person\/e75579d624630bf943ac69d374bb928e","name":"funkymedia","image":{"@type":"ImageObject","inLanguage":"pl-PL","@id":"https:\/\/darzdrowia.pl\/ciekawostki\/#\/schema\/person\/image\/","url":"https:\/\/secure.gravatar.com\/avatar\/393cb205b658aef6e3271ad5a92265e3e4433d2384bbe95524ba160d5bc20299?s=96&d=mm&r=g","contentUrl":"https:\/\/secure.gravatar.com\/avatar\/393cb205b658aef6e3271ad5a92265e3e4433d2384bbe95524ba160d5bc20299?s=96&d=mm&r=g","caption":"funkymedia"},"sameAs":["https:\/\/darzdrowia.pl\/ciekawostki"],"url":"https:\/\/darzdrowia.pl\/ciekawostki\/author\/funkymedia\/"}]}},"_links":{"self":[{"href":"https:\/\/darzdrowia.pl\/ciekawostki\/wp-json\/wp\/v2\/posts\/7977","targetHints":{"allow":["GET"]}}],"collection":[{"href":"https:\/\/darzdrowia.pl\/ciekawostki\/wp-json\/wp\/v2\/posts"}],"about":[{"href":"https:\/\/darzdrowia.pl\/ciekawostki\/wp-json\/wp\/v2\/types\/post"}],"author":[{"embeddable":true,"href":"https:\/\/darzdrowia.pl\/ciekawostki\/wp-json\/wp\/v2\/users\/1"}],"replies":[{"embeddable":true,"href":"https:\/\/darzdrowia.pl\/ciekawostki\/wp-json\/wp\/v2\/comments?post=7977"}],"version-history":[{"count":0,"href":"https:\/\/darzdrowia.pl\/ciekawostki\/wp-json\/wp\/v2\/posts\/7977\/revisions"}],"wp:attachment":[{"href":"https:\/\/darzdrowia.pl\/ciekawostki\/wp-json\/wp\/v2\/media?parent=7977"}],"wp:term":[{"taxonomy":"category","embeddable":true,"href":"https:\/\/darzdrowia.pl\/ciekawostki\/wp-json\/wp\/v2\/categories?post=7977"},{"taxonomy":"post_tag","embeddable":true,"href":"https:\/\/darzdrowia.pl\/ciekawostki\/wp-json\/wp\/v2\/tags?post=7977"}],"curies":[{"name":"wp","href":"https:\/\/api.w.org\/{rel}","templated":true}]}}