{"id":7960,"date":"2025-02-28T17:32:49","date_gmt":"2025-02-28T16:32:49","guid":{"rendered":"https:\/\/darzdrowia.pl\/ciekawostki\/maseczki-z-wegla-aktywnego-czy-rzeczywiscie-dzialaja-na-zaskorniki\/"},"modified":"2025-02-28T17:32:49","modified_gmt":"2025-02-28T16:32:49","slug":"maseczki-z-wegla-aktywnego-czy-rzeczywiscie-dzialaja-na-zaskorniki","status":"publish","type":"post","link":"https:\/\/darzdrowia.pl\/ciekawostki\/maseczki-z-wegla-aktywnego-czy-rzeczywiscie-dzialaja-na-zaskorniki\/","title":{"rendered":"Maseczki z w\u0119gla aktywnego \u2013 czy rzeczywi\u015bcie dzia\u0142aj\u0105 na zask\u00f3rniki"},"content":{"rendered":"\n<p>Maseczki z w\u0119gla aktywnego sta\u0142y si\u0119 popularnym produktem w piel\u0119gnacji sk\u00f3ry, szczeg\u00f3lnie w walce z zask\u00f3rnikami. W\u0119giel aktywny, znany ze swoich w\u0142a\u015bciwo\u015bci adsorpcyjnych, jest cz\u0119sto wykorzystywany do oczyszczania sk\u00f3ry i usuwania zanieczyszcze\u0144. Zask\u00f3rniki, b\u0119d\u0105ce wynikiem zatkanych por\u00f3w i nadmiernej produkcji sebum, stanowi\u0105 powszechny problem estetyczny. Wiele os\u00f3b si\u0119ga po maseczki z w\u0119gla aktywnego, wierz\u0105c, \u017ce mog\u0105 one skutecznie oczy\u015bci\u0107 sk\u00f3r\u0119 i zmniejszy\u0107 widoczno\u015b\u0107 tych niedoskona\u0142o\u015bci. Jednak czy rzeczywi\u015bcie s\u0105 one tak skuteczne, jak obiecuj\u0105 producenci? W niniejszym artykule przyjrzymy si\u0119 bli\u017cej dzia\u0142aniu maseczek z w\u0119gla aktywnego na zask\u00f3rniki oraz ocenimy ich efektywno\u015b\u0107 na podstawie dost\u0119pnych bada\u0144 i opinii u\u017cytkownik\u00f3w.<\/p>\n\n\n\n<h2 class=\"wp-block-heading\">Maseczki z w\u0119gla aktywnego: Skuteczno\u015b\u0107 w walce z zask\u00f3rnikami \u2013 mit czy rzeczywisto\u015b\u0107?<\/h2>\n\n\n\n<p>Maseczki z w\u0119gla aktywnego ciesz\u0105 si\u0119 popularno\u015bci\u0105 jako \u015brodek do walki z zask\u00f3rnikami. W\u0119giel aktywny jest znany ze swoich w\u0142a\u015bciwo\u015bci adsorpcyjnych, co teoretycznie pozwala na usuwanie zanieczyszcze\u0144 i nadmiaru sebum z powierzchni sk\u00f3ry. Badania naukowe dotycz\u0105ce skuteczno\u015bci maseczek z w\u0119gla aktywnego s\u0105 jednak ograniczone. Niekt\u00f3re osoby zg\u0142aszaj\u0105 popraw\u0119 stanu sk\u00f3ry po ich u\u017cyciu, ale efekty mog\u0105 by\u0107 kr\u00f3tkotrwa\u0142e i r\u00f3\u017cni\u0107 si\u0119 w zale\u017cno\u015bci od typu cery. Warto pami\u0119ta\u0107, \u017ce skuteczno\u015b\u0107 takich maseczek mo\u017ce by\u0107 wspomagana przez regularn\u0105 piel\u0119gnacj\u0119 i zdrowy tryb \u017cycia.<\/p>\n\n\n\n<h2 class=\"wp-block-heading\">W\u0119giel aktywny w piel\u0119gnacji sk\u00f3ry: Jak dzia\u0142aj\u0105 maseczki na zask\u00f3rniki i czy warto je stosowa\u0107?<\/h2>\n\n\n\n<p>W\u0119giel aktywny jest popularnym sk\u0142adnikiem w produktach do piel\u0119gnacji sk\u00f3ry, szczeg\u00f3lnie w maseczkach na zask\u00f3rniki. Jego dzia\u0142anie opiera si\u0119 na zdolno\u015bci do adsorpcji zanieczyszcze\u0144 i nadmiaru sebum z powierzchni sk\u00f3ry. Dzi\u0119ki porowatej strukturze, w\u0119giel aktywny przyci\u0105ga i wi\u0105\u017ce cz\u0105steczki brudu, co pomaga oczy\u015bci\u0107 pory i zmniejszy\u0107 widoczno\u015b\u0107 zask\u00f3rnik\u00f3w.<\/p>\n\n\n\n<p>Stosowanie maseczek z w\u0119glem aktywnym mo\u017ce przynie\u015b\u0107 korzy\u015bci osobom z cer\u0105 t\u0142ust\u0105 lub sk\u0142onn\u0105 do niedoskona\u0142o\u015bci. Regularne u\u017cycie mo\u017ce prowadzi\u0107 do poprawy tekstury sk\u00f3ry oraz redukcji nadmiernego b\u0142yszczenia. Warto jednak pami\u0119ta\u0107, \u017ce efekty mog\u0105 si\u0119 r\u00f3\u017cni\u0107 w zale\u017cno\u015bci od indywidualnych potrzeb sk\u00f3ry.<\/p>\n\n\n\n<p>Przed zastosowaniem maseczki zaleca si\u0119 wykonanie testu uczuleniowego oraz konsultacj\u0119 ze specjalist\u0105 dermatologiem, zw\u0142aszcza je\u015bli sk\u00f3ra jest wra\u017cliwa lub sk\u0142onna do podra\u017cnie\u0144. W\u0119giel aktywny to skuteczny sk\u0142adnik, ale nie zast\u0105pi kompleksowej piel\u0119gnacji dostosowanej do specyficznych potrzeb sk\u00f3ry.<\/p>\n\n\n\n<h2 class=\"wp-block-heading\">Zask\u00f3rniki pod lup\u0105: Czy maseczki z w\u0119gla aktywnego to skuteczne rozwi\u0105zanie dla problematycznej cery?<\/h2>\n\n\n\n<p>Maseczki z w\u0119gla aktywnego ciesz\u0105 si\u0119 rosn\u0105c\u0105 popularno\u015bci\u0105 jako \u015brodek do walki z zask\u00f3rnikami. W\u0119giel aktywny, znany ze swoich w\u0142a\u015bciwo\u015bci adsorpcyjnych, ma zdolno\u015b\u0107 przyci\u0105gania i wi\u0105zania zanieczyszcze\u0144 oraz nadmiaru sebum. Dzi\u0119ki temu mo\u017ce skutecznie oczyszcza\u0107 pory sk\u00f3ry, co jest kluczowe w redukcji zask\u00f3rnik\u00f3w.<\/p>\n\n\n\n<p>Badania wskazuj\u0105, \u017ce regularne stosowanie maseczek z w\u0119glem aktywnym mo\u017ce prowadzi\u0107 do widocznej poprawy stanu cery. Jednak\u017ce efektywno\u015b\u0107 tego rozwi\u0105zania zale\u017cy od indywidualnych cech sk\u00f3ry oraz cz\u0119stotliwo\u015bci aplikacji. Nale\u017cy pami\u0119ta\u0107, \u017ce nadmierne stosowanie mo\u017ce prowadzi\u0107 do przesuszenia sk\u00f3ry.<\/p>\n\n\n\n<p>Podsumowuj\u0105c, maseczki z w\u0119gla aktywnego mog\u0105 by\u0107 skutecznym elementem piel\u0119gnacji problematycznej cery, ale powinny by\u0107 stosowane z umiarem i w po\u0142\u0105czeniu z innymi metodami piel\u0119gnacyjnymi.<\/p>\n\n\n\n<p>Maseczki z w\u0119gla aktywnego sta\u0142y si\u0119 popularnym produktem w piel\u0119gnacji sk\u00f3ry, szczeg\u00f3lnie w walce z zask\u00f3rnikami. W\u0119giel aktywny jest znany ze swoich w\u0142a\u015bciwo\u015bci adsorpcyjnych, co oznacza, \u017ce mo\u017ce przyci\u0105ga\u0107 i wi\u0105za\u0107 zanieczyszczenia oraz nadmiar sebum z powierzchni sk\u00f3ry. Dzi\u0119ki temu maseczki te mog\u0105 pom\u00f3c w oczyszczaniu por\u00f3w i redukcji widoczno\u015bci zask\u00f3rnik\u00f3w.<\/p>\n\n\n\n<p>Jednak skuteczno\u015b\u0107 maseczek z w\u0119gla aktywnego mo\u017ce r\u00f3\u017cni\u0107 si\u0119 w zale\u017cno\u015bci od indywidualnych cech sk\u00f3ry oraz formu\u0142y samego produktu. Niekt\u00f3re osoby mog\u0105 zauwa\u017cy\u0107 znaczn\u0105 popraw\u0119 stanu swojej cery, podczas gdy inne mog\u0105 nie dostrzec wyra\u017anych efekt\u00f3w. Wa\u017cne jest r\u00f3wnie\u017c regularne stosowanie oraz \u0142\u0105czenie maseczek z innymi elementami rutyny piel\u0119gnacyjnej, takimi jak odpowiednie nawil\u017cenie i ochrona przeciws\u0142oneczna.<\/p>\n\n\n\n<p>Podsumowuj\u0105c, maseczki z w\u0119gla aktywnego mog\u0105 by\u0107 skutecznym narz\u0119dziem w walce z zask\u00f3rnikami dla wielu os\u00f3b, ale ich dzia\u0142anie nie jest uniwersalne. Kluczem do sukcesu jest dobranie odpowiednich produkt\u00f3w do swojego typu sk\u00f3ry oraz konsekwentne stosowanie ich jako cz\u0119\u015bci kompleksowej piel\u0119gnacji.<\/p>\n","protected":false},"excerpt":{"rendered":"<p>Maseczki z w\u0119gla aktywnego sta\u0142y si\u0119 popularnym produktem w piel\u0119gnacji sk\u00f3ry, szczeg\u00f3lnie w walce z zask\u00f3rnikami. W\u0119giel aktywny, znany ze swoich w\u0142a\u015bciwo\u015bci adsorpcyjnych, jest cz\u0119sto wykorzystywany do oczyszczania sk\u00f3ry i usuwania zanieczyszcze\u0144. Zask\u00f3rniki, b\u0119d\u0105ce wynikiem zatkanych por\u00f3w i nadmiernej produkcji sebum, stanowi\u0105 powszechny problem estetyczny. Wiele os\u00f3b si\u0119ga po maseczki z w\u0119gla aktywnego, wierz\u0105c, \u017ce [&hellip;]<\/p>\n","protected":false},"author":1,"featured_media":0,"comment_status":"","ping_status":"open","sticky":false,"template":"","format":"standard","meta":{"footnotes":""},"categories":[1],"tags":[],"class_list":["post-7960","post","type-post","status-publish","format-standard","hentry","category-bez-kategorii"],"fm_meta_title":"Maseczki z w\u0119gla aktywnego \u2013 czy rzeczywi\u015bcie dzia\u0142aj\u0105 na zask\u00f3rniki","fm_meta_description":"Odkryj prawd\u0119 o maseczkach z w\u0119gla aktywnego! Czy naprawd\u0119 eliminuj\u0105 zask\u00f3rniki? Sprawd\u017a, jak dzia\u0142aj\u0105 i czy warto je stosowa\u0107.","yoast_head":"<!-- This site is optimized with the Yoast SEO plugin v21.5 - https:\/\/yoast.com\/wordpress\/plugins\/seo\/ -->\n<title>Maseczki z w\u0119gla aktywnego \u2013 czy rzeczywi\u015bcie dzia\u0142aj\u0105 na zask\u00f3rniki<\/title>\n<meta name=\"description\" content=\"Odkryj prawd\u0119 o maseczkach z w\u0119gla aktywnego! Czy naprawd\u0119 eliminuj\u0105 zask\u00f3rniki? Sprawd\u017a, jak dzia\u0142aj\u0105 i czy warto je stosowa\u0107.\" \/>\n<meta name=\"robots\" content=\"index, follow, max-snippet:-1, max-image-preview:large, max-video-preview:-1\" \/>\n<link rel=\"canonical\" href=\"https:\/\/darzdrowia.pl\/ciekawostki\/maseczki-z-wegla-aktywnego-czy-rzeczywiscie-dzialaja-na-zaskorniki\/\" \/>\n<meta property=\"og:locale\" content=\"pl_PL\" \/>\n<meta property=\"og:type\" content=\"article\" \/>\n<meta property=\"og:title\" content=\"Maseczki z w\u0119gla aktywnego \u2013 czy rzeczywi\u015bcie dzia\u0142aj\u0105 na zask\u00f3rniki\" \/>\n<meta property=\"og:description\" content=\"Odkryj prawd\u0119 o maseczkach z w\u0119gla aktywnego! Czy naprawd\u0119 eliminuj\u0105 zask\u00f3rniki? Sprawd\u017a, jak dzia\u0142aj\u0105 i czy warto je stosowa\u0107.\" \/>\n<meta property=\"og:url\" content=\"https:\/\/darzdrowia.pl\/ciekawostki\/maseczki-z-wegla-aktywnego-czy-rzeczywiscie-dzialaja-na-zaskorniki\/\" \/>\n<meta property=\"og:site_name\" content=\"Dar Zdrowia Drogeria - Blog\" \/>\n<meta property=\"article:publisher\" content=\"https:\/\/www.facebook.com\/profile.php?id=100063606935396\" \/>\n<meta property=\"article:published_time\" content=\"2025-02-28T16:32:49+00:00\" \/>\n<meta name=\"author\" content=\"funkymedia\" \/>\n<meta name=\"twitter:card\" content=\"summary_large_image\" \/>\n<meta name=\"twitter:label1\" content=\"Napisane przez\" \/>\n\t<meta name=\"twitter:data1\" content=\"funkymedia\" \/>\n\t<meta name=\"twitter:label2\" content=\"Szacowany czas czytania\" \/>\n\t<meta name=\"twitter:data2\" content=\"4 minuty\" \/>\n<script type=\"application\/ld+json\" class=\"yoast-schema-graph\">{\"@context\":\"https:\/\/schema.org\",\"@graph\":[{\"@type\":\"Article\",\"@id\":\"https:\/\/darzdrowia.pl\/ciekawostki\/maseczki-z-wegla-aktywnego-czy-rzeczywiscie-dzialaja-na-zaskorniki\/#article\",\"isPartOf\":{\"@id\":\"https:\/\/darzdrowia.pl\/ciekawostki\/maseczki-z-wegla-aktywnego-czy-rzeczywiscie-dzialaja-na-zaskorniki\/\"},\"author\":{\"name\":\"funkymedia\",\"@id\":\"https:\/\/darzdrowia.pl\/ciekawostki\/#\/schema\/person\/e75579d624630bf943ac69d374bb928e\"},\"headline\":\"Maseczki z w\u0119gla aktywnego \u2013 czy rzeczywi\u015bcie dzia\u0142aj\u0105 na zask\u00f3rniki\",\"datePublished\":\"2025-02-28T16:32:49+00:00\",\"dateModified\":\"2025-02-28T16:32:49+00:00\",\"mainEntityOfPage\":{\"@id\":\"https:\/\/darzdrowia.pl\/ciekawostki\/maseczki-z-wegla-aktywnego-czy-rzeczywiscie-dzialaja-na-zaskorniki\/\"},\"wordCount\":803,\"publisher\":{\"@id\":\"https:\/\/darzdrowia.pl\/ciekawostki\/#organization\"},\"inLanguage\":\"pl-PL\"},{\"@type\":\"WebPage\",\"@id\":\"https:\/\/darzdrowia.pl\/ciekawostki\/maseczki-z-wegla-aktywnego-czy-rzeczywiscie-dzialaja-na-zaskorniki\/\",\"url\":\"https:\/\/darzdrowia.pl\/ciekawostki\/maseczki-z-wegla-aktywnego-czy-rzeczywiscie-dzialaja-na-zaskorniki\/\",\"name\":\"Maseczki z w\u0119gla aktywnego \u2013 czy rzeczywi\u015bcie dzia\u0142aj\u0105 na zask\u00f3rniki\",\"isPartOf\":{\"@id\":\"https:\/\/darzdrowia.pl\/ciekawostki\/#website\"},\"datePublished\":\"2025-02-28T16:32:49+00:00\",\"dateModified\":\"2025-02-28T16:32:49+00:00\",\"description\":\"Odkryj prawd\u0119 o maseczkach z w\u0119gla aktywnego! Czy naprawd\u0119 eliminuj\u0105 zask\u00f3rniki? Sprawd\u017a, jak dzia\u0142aj\u0105 i czy warto je stosowa\u0107.\",\"breadcrumb\":{\"@id\":\"https:\/\/darzdrowia.pl\/ciekawostki\/maseczki-z-wegla-aktywnego-czy-rzeczywiscie-dzialaja-na-zaskorniki\/#breadcrumb\"},\"inLanguage\":\"pl-PL\",\"potentialAction\":[{\"@type\":\"ReadAction\",\"target\":[\"https:\/\/darzdrowia.pl\/ciekawostki\/maseczki-z-wegla-aktywnego-czy-rzeczywiscie-dzialaja-na-zaskorniki\/\"]}]},{\"@type\":\"BreadcrumbList\",\"@id\":\"https:\/\/darzdrowia.pl\/ciekawostki\/maseczki-z-wegla-aktywnego-czy-rzeczywiscie-dzialaja-na-zaskorniki\/#breadcrumb\",\"itemListElement\":[{\"@type\":\"ListItem\",\"position\":1,\"name\":\"Strona g\u0142\u00f3wna\",\"item\":\"https:\/\/darzdrowia.pl\/ciekawostki\/\"},{\"@type\":\"ListItem\",\"position\":2,\"name\":\"Maseczki z w\u0119gla aktywnego \u2013 czy rzeczywi\u015bcie dzia\u0142aj\u0105 na zask\u00f3rniki\"}]},{\"@type\":\"WebSite\",\"@id\":\"https:\/\/darzdrowia.pl\/ciekawostki\/#website\",\"url\":\"https:\/\/darzdrowia.pl\/ciekawostki\/\",\"name\":\"Dar Zdrowia Drogeria - Blog\",\"description\":\"\",\"publisher\":{\"@id\":\"https:\/\/darzdrowia.pl\/ciekawostki\/#organization\"},\"potentialAction\":[{\"@type\":\"SearchAction\",\"target\":{\"@type\":\"EntryPoint\",\"urlTemplate\":\"https:\/\/darzdrowia.pl\/ciekawostki\/?s={search_term_string}\"},\"query-input\":\"required name=search_term_string\"}],\"inLanguage\":\"pl-PL\"},{\"@type\":\"Organization\",\"@id\":\"https:\/\/darzdrowia.pl\/ciekawostki\/#organization\",\"name\":\"Dar Zdrowia Drogeria - Blog\",\"url\":\"https:\/\/darzdrowia.pl\/ciekawostki\/\",\"logo\":{\"@type\":\"ImageObject\",\"inLanguage\":\"pl-PL\",\"@id\":\"https:\/\/darzdrowia.pl\/ciekawostki\/#\/schema\/logo\/image\/\",\"url\":\"https:\/\/darzdrowia.pl\/ciekawostki\/wp-content\/uploads\/2023\/11\/logo-darzdrowia.webp\",\"contentUrl\":\"https:\/\/darzdrowia.pl\/ciekawostki\/wp-content\/uploads\/2023\/11\/logo-darzdrowia.webp\",\"width\":744,\"height\":225,\"caption\":\"Dar Zdrowia Drogeria - Blog\"},\"image\":{\"@id\":\"https:\/\/darzdrowia.pl\/ciekawostki\/#\/schema\/logo\/image\/\"},\"sameAs\":[\"https:\/\/www.facebook.com\/profile.php?id=100063606935396\"]},{\"@type\":\"Person\",\"@id\":\"https:\/\/darzdrowia.pl\/ciekawostki\/#\/schema\/person\/e75579d624630bf943ac69d374bb928e\",\"name\":\"funkymedia\",\"image\":{\"@type\":\"ImageObject\",\"inLanguage\":\"pl-PL\",\"@id\":\"https:\/\/darzdrowia.pl\/ciekawostki\/#\/schema\/person\/image\/\",\"url\":\"https:\/\/secure.gravatar.com\/avatar\/393cb205b658aef6e3271ad5a92265e3e4433d2384bbe95524ba160d5bc20299?s=96&d=mm&r=g\",\"contentUrl\":\"https:\/\/secure.gravatar.com\/avatar\/393cb205b658aef6e3271ad5a92265e3e4433d2384bbe95524ba160d5bc20299?s=96&d=mm&r=g\",\"caption\":\"funkymedia\"},\"sameAs\":[\"https:\/\/darzdrowia.pl\/ciekawostki\"],\"url\":\"https:\/\/darzdrowia.pl\/ciekawostki\/author\/funkymedia\/\"}]}<\/script>\n<!-- \/ Yoast SEO plugin. -->","yoast_head_json":{"title":"Maseczki z w\u0119gla aktywnego \u2013 czy rzeczywi\u015bcie dzia\u0142aj\u0105 na zask\u00f3rniki","description":"Odkryj prawd\u0119 o maseczkach z w\u0119gla aktywnego! Czy naprawd\u0119 eliminuj\u0105 zask\u00f3rniki? Sprawd\u017a, jak dzia\u0142aj\u0105 i czy warto je stosowa\u0107.","robots":{"index":"index","follow":"follow","max-snippet":"max-snippet:-1","max-image-preview":"max-image-preview:large","max-video-preview":"max-video-preview:-1"},"canonical":"https:\/\/darzdrowia.pl\/ciekawostki\/maseczki-z-wegla-aktywnego-czy-rzeczywiscie-dzialaja-na-zaskorniki\/","og_locale":"pl_PL","og_type":"article","og_title":"Maseczki z w\u0119gla aktywnego \u2013 czy rzeczywi\u015bcie dzia\u0142aj\u0105 na zask\u00f3rniki","og_description":"Odkryj prawd\u0119 o maseczkach z w\u0119gla aktywnego! Czy naprawd\u0119 eliminuj\u0105 zask\u00f3rniki? Sprawd\u017a, jak dzia\u0142aj\u0105 i czy warto je stosowa\u0107.","og_url":"https:\/\/darzdrowia.pl\/ciekawostki\/maseczki-z-wegla-aktywnego-czy-rzeczywiscie-dzialaja-na-zaskorniki\/","og_site_name":"Dar Zdrowia Drogeria - Blog","article_publisher":"https:\/\/www.facebook.com\/profile.php?id=100063606935396","article_published_time":"2025-02-28T16:32:49+00:00","author":"funkymedia","twitter_card":"summary_large_image","twitter_misc":{"Napisane przez":"funkymedia","Szacowany czas czytania":"4 minuty"},"schema":{"@context":"https:\/\/schema.org","@graph":[{"@type":"Article","@id":"https:\/\/darzdrowia.pl\/ciekawostki\/maseczki-z-wegla-aktywnego-czy-rzeczywiscie-dzialaja-na-zaskorniki\/#article","isPartOf":{"@id":"https:\/\/darzdrowia.pl\/ciekawostki\/maseczki-z-wegla-aktywnego-czy-rzeczywiscie-dzialaja-na-zaskorniki\/"},"author":{"name":"funkymedia","@id":"https:\/\/darzdrowia.pl\/ciekawostki\/#\/schema\/person\/e75579d624630bf943ac69d374bb928e"},"headline":"Maseczki z w\u0119gla aktywnego \u2013 czy rzeczywi\u015bcie dzia\u0142aj\u0105 na zask\u00f3rniki","datePublished":"2025-02-28T16:32:49+00:00","dateModified":"2025-02-28T16:32:49+00:00","mainEntityOfPage":{"@id":"https:\/\/darzdrowia.pl\/ciekawostki\/maseczki-z-wegla-aktywnego-czy-rzeczywiscie-dzialaja-na-zaskorniki\/"},"wordCount":803,"publisher":{"@id":"https:\/\/darzdrowia.pl\/ciekawostki\/#organization"},"inLanguage":"pl-PL"},{"@type":"WebPage","@id":"https:\/\/darzdrowia.pl\/ciekawostki\/maseczki-z-wegla-aktywnego-czy-rzeczywiscie-dzialaja-na-zaskorniki\/","url":"https:\/\/darzdrowia.pl\/ciekawostki\/maseczki-z-wegla-aktywnego-czy-rzeczywiscie-dzialaja-na-zaskorniki\/","name":"Maseczki z w\u0119gla aktywnego \u2013 czy rzeczywi\u015bcie dzia\u0142aj\u0105 na zask\u00f3rniki","isPartOf":{"@id":"https:\/\/darzdrowia.pl\/ciekawostki\/#website"},"datePublished":"2025-02-28T16:32:49+00:00","dateModified":"2025-02-28T16:32:49+00:00","description":"Odkryj prawd\u0119 o maseczkach z w\u0119gla aktywnego! Czy naprawd\u0119 eliminuj\u0105 zask\u00f3rniki? Sprawd\u017a, jak dzia\u0142aj\u0105 i czy warto je stosowa\u0107.","breadcrumb":{"@id":"https:\/\/darzdrowia.pl\/ciekawostki\/maseczki-z-wegla-aktywnego-czy-rzeczywiscie-dzialaja-na-zaskorniki\/#breadcrumb"},"inLanguage":"pl-PL","potentialAction":[{"@type":"ReadAction","target":["https:\/\/darzdrowia.pl\/ciekawostki\/maseczki-z-wegla-aktywnego-czy-rzeczywiscie-dzialaja-na-zaskorniki\/"]}]},{"@type":"BreadcrumbList","@id":"https:\/\/darzdrowia.pl\/ciekawostki\/maseczki-z-wegla-aktywnego-czy-rzeczywiscie-dzialaja-na-zaskorniki\/#breadcrumb","itemListElement":[{"@type":"ListItem","position":1,"name":"Strona g\u0142\u00f3wna","item":"https:\/\/darzdrowia.pl\/ciekawostki\/"},{"@type":"ListItem","position":2,"name":"Maseczki z w\u0119gla aktywnego \u2013 czy rzeczywi\u015bcie dzia\u0142aj\u0105 na zask\u00f3rniki"}]},{"@type":"WebSite","@id":"https:\/\/darzdrowia.pl\/ciekawostki\/#website","url":"https:\/\/darzdrowia.pl\/ciekawostki\/","name":"Dar Zdrowia Drogeria - Blog","description":"","publisher":{"@id":"https:\/\/darzdrowia.pl\/ciekawostki\/#organization"},"potentialAction":[{"@type":"SearchAction","target":{"@type":"EntryPoint","urlTemplate":"https:\/\/darzdrowia.pl\/ciekawostki\/?s={search_term_string}"},"query-input":"required name=search_term_string"}],"inLanguage":"pl-PL"},{"@type":"Organization","@id":"https:\/\/darzdrowia.pl\/ciekawostki\/#organization","name":"Dar Zdrowia Drogeria - Blog","url":"https:\/\/darzdrowia.pl\/ciekawostki\/","logo":{"@type":"ImageObject","inLanguage":"pl-PL","@id":"https:\/\/darzdrowia.pl\/ciekawostki\/#\/schema\/logo\/image\/","url":"https:\/\/darzdrowia.pl\/ciekawostki\/wp-content\/uploads\/2023\/11\/logo-darzdrowia.webp","contentUrl":"https:\/\/darzdrowia.pl\/ciekawostki\/wp-content\/uploads\/2023\/11\/logo-darzdrowia.webp","width":744,"height":225,"caption":"Dar Zdrowia Drogeria - Blog"},"image":{"@id":"https:\/\/darzdrowia.pl\/ciekawostki\/#\/schema\/logo\/image\/"},"sameAs":["https:\/\/www.facebook.com\/profile.php?id=100063606935396"]},{"@type":"Person","@id":"https:\/\/darzdrowia.pl\/ciekawostki\/#\/schema\/person\/e75579d624630bf943ac69d374bb928e","name":"funkymedia","image":{"@type":"ImageObject","inLanguage":"pl-PL","@id":"https:\/\/darzdrowia.pl\/ciekawostki\/#\/schema\/person\/image\/","url":"https:\/\/secure.gravatar.com\/avatar\/393cb205b658aef6e3271ad5a92265e3e4433d2384bbe95524ba160d5bc20299?s=96&d=mm&r=g","contentUrl":"https:\/\/secure.gravatar.com\/avatar\/393cb205b658aef6e3271ad5a92265e3e4433d2384bbe95524ba160d5bc20299?s=96&d=mm&r=g","caption":"funkymedia"},"sameAs":["https:\/\/darzdrowia.pl\/ciekawostki"],"url":"https:\/\/darzdrowia.pl\/ciekawostki\/author\/funkymedia\/"}]}},"_links":{"self":[{"href":"https:\/\/darzdrowia.pl\/ciekawostki\/wp-json\/wp\/v2\/posts\/7960","targetHints":{"allow":["GET"]}}],"collection":[{"href":"https:\/\/darzdrowia.pl\/ciekawostki\/wp-json\/wp\/v2\/posts"}],"about":[{"href":"https:\/\/darzdrowia.pl\/ciekawostki\/wp-json\/wp\/v2\/types\/post"}],"author":[{"embeddable":true,"href":"https:\/\/darzdrowia.pl\/ciekawostki\/wp-json\/wp\/v2\/users\/1"}],"replies":[{"embeddable":true,"href":"https:\/\/darzdrowia.pl\/ciekawostki\/wp-json\/wp\/v2\/comments?post=7960"}],"version-history":[{"count":0,"href":"https:\/\/darzdrowia.pl\/ciekawostki\/wp-json\/wp\/v2\/posts\/7960\/revisions"}],"wp:attachment":[{"href":"https:\/\/darzdrowia.pl\/ciekawostki\/wp-json\/wp\/v2\/media?parent=7960"}],"wp:term":[{"taxonomy":"category","embeddable":true,"href":"https:\/\/darzdrowia.pl\/ciekawostki\/wp-json\/wp\/v2\/categories?post=7960"},{"taxonomy":"post_tag","embeddable":true,"href":"https:\/\/darzdrowia.pl\/ciekawostki\/wp-json\/wp\/v2\/tags?post=7960"}],"curies":[{"name":"wp","href":"https:\/\/api.w.org\/{rel}","templated":true}]}}