{"id":7955,"date":"2025-02-28T17:31:38","date_gmt":"2025-02-28T16:31:38","guid":{"rendered":"https:\/\/darzdrowia.pl\/ciekawostki\/czy-krem-z-filtrem-50-do-twarzy-jest-konieczny-zima\/"},"modified":"2025-02-28T17:31:38","modified_gmt":"2025-02-28T16:31:38","slug":"czy-krem-z-filtrem-50-do-twarzy-jest-konieczny-zima","status":"publish","type":"post","link":"https:\/\/darzdrowia.pl\/ciekawostki\/czy-krem-z-filtrem-50-do-twarzy-jest-konieczny-zima\/","title":{"rendered":"Czy krem z filtrem 50 do twarzy jest konieczny zim\u0105?"},"content":{"rendered":"\n<p>Zim\u0105, kiedy dni staj\u0105 si\u0119 kr\u00f3tsze, a s\u0142o\u0144ce wydaje si\u0119 mniej intensywne, wiele os\u00f3b zastanawia si\u0119, czy stosowanie kremu z filtrem przeciws\u0142onecznym o wysokim faktorze, takim jak SPF 50, jest naprawd\u0119 konieczne. Wydawa\u0107 by si\u0119 mog\u0142o, \u017ce ochrona przed s\u0142o\u0144cem jest potrzebna jedynie latem, gdy promienie s\u0142oneczne s\u0105 najsilniejsze. Jednak\u017ce nawet w ch\u0142odniejszych miesi\u0105cach roku nasza sk\u00f3ra nara\u017cona jest na szkodliwe dzia\u0142anie promieniowania UV. \u015anieg i l\u00f3d mog\u0105 odbija\u0107 promienie s\u0142oneczne, zwi\u0119kszaj\u0105c ich intensywno\u015b\u0107 i potencjalne ryzyko uszkodze\u0144 sk\u00f3ry. Dlatego warto zastanowi\u0107 si\u0119 nad tym, jakie korzy\u015bci niesie ze sob\u0105 stosowanie kremu z filtrem 50 do twarzy zim\u0105 oraz jakie mity zwi\u0105zane z ochron\u0105 przeciws\u0142oneczn\u0105 w tym okresie nale\u017cy obali\u0107.<\/p>\n\n\n\n<h2 class=\"wp-block-heading\">Zimowe promienie UV: Dlaczego krem z filtrem 50 jest niezb\u0119dny nawet w ch\u0142odniejsze miesi\u0105ce?<\/h2>\n\n\n\n<p>Zimowe promienie UV mog\u0105 by\u0107 r\u00f3wnie szkodliwe jak te letnie. \u015anieg odbija do 80% promieniowania UV, co zwi\u0119ksza ryzyko uszkodze\u0144 sk\u00f3ry. Wysoko\u015b\u0107 nad poziomem morza r\u00f3wnie\u017c wp\u0142ywa na intensywno\u015b\u0107 promieniowania; im wy\u017cej, tym wi\u0119ksze nara\u017cenie. Krem z filtrem 50 zapewnia skuteczn\u0105 ochron\u0119 przed promieniowaniem UVA i UVB, minimalizuj\u0105c ryzyko przedwczesnego starzenia si\u0119 sk\u00f3ry oraz nowotwor\u00f3w. Nawet w pochmurne dni promienie UV przenikaj\u0105 przez chmury, dlatego regularne stosowanie kremu z filtrem jest kluczowe dla zdrowia sk\u00f3ry przez ca\u0142y rok.<\/p>\n\n\n\n<h2 class=\"wp-block-heading\">Ochrona sk\u00f3ry przez ca\u0142y rok: Czy warto stosowa\u0107 krem z filtrem 50 zim\u0105?<\/h2>\n\n\n\n<p>Stosowanie kremu z filtrem 50 zim\u0105 jest zalecane, poniewa\u017c promieniowanie UV dzia\u0142a przez ca\u0142y rok. Mimo \u017ce zim\u0105 s\u0142o\u0144ce jest mniej intensywne, promienie UVA przenikaj\u0105 przez chmury i mog\u0105 uszkadza\u0107 sk\u00f3r\u0119. Krem z filtrem chroni przed fotostarzeniem i zmniejsza ryzyko nowotwor\u00f3w sk\u00f3ry. Warto stosowa\u0107 go szczeg\u00f3lnie podczas aktywno\u015bci na \u015bwie\u017cym powietrzu, np. w g\u00f3rach, gdzie \u015bnieg odbija promienie s\u0142oneczne, zwi\u0119kszaj\u0105c ich dzia\u0142anie. Regularna ochrona sk\u00f3ry to inwestycja w jej zdrowie i m\u0142ody wygl\u0105d.<\/p>\n\n\n\n<h2 class=\"wp-block-heading\">Mit czy fakt? Skuteczno\u015b\u0107 kremu z filtrem 50 w ochronie twarzy podczas zimowych dni<\/h2>\n\n\n\n<p>Fakt. Krem z filtrem 50 skutecznie chroni sk\u00f3r\u0119 twarzy przed promieniowaniem UV nawet zim\u0105. \u015anieg odbija promienie s\u0142oneczne, zwi\u0119kszaj\u0105c ich intensywno\u015b\u0107. Filtr 50 zapewnia wysok\u0105 ochron\u0119 przed szkodliwym dzia\u0142aniem s\u0142o\u0144ca, zapobiegaj\u0105c uszkodzeniom sk\u00f3ry i fotostarzeniu. Regularne stosowanie jest zalecane, zw\u0142aszcza podczas aktywno\u015bci na \u015bwie\u017cym powietrzu.<\/p>\n\n\n\n<p>Krem z filtrem 50 do twarzy jest cz\u0119sto kojarzony z ochron\u0105 przed s\u0142o\u0144cem w miesi\u0105cach letnich, jednak jego stosowanie zim\u0105 r\u00f3wnie\u017c ma swoje uzasadnienie. Promieniowanie UV dociera do nas przez ca\u0142y rok, a \u015bnieg i l\u00f3d mog\u0105 odbija\u0107 promienie s\u0142oneczne, zwi\u0119kszaj\u0105c ich intensywno\u015b\u0107. Dodatkowo, zimowe warunki atmosferyczne, takie jak wiatr i niska temperatura, mog\u0105 os\u0142abia\u0107 barier\u0119 ochronn\u0105 sk\u00f3ry, czyni\u0105c j\u0105 bardziej podatn\u0105 na uszkodzenia. Dlatego stosowanie kremu z filtrem 50 zim\u0105 mo\u017ce pom\u00f3c w ochronie sk\u00f3ry przed szkodliwym dzia\u0142aniem promieni UV oraz przedwczesnym starzeniem si\u0119. Warto wi\u0119c rozwa\u017cy\u0107 jego u\u017cycie jako element codziennej piel\u0119gnacji sk\u00f3ry przez ca\u0142y rok.<\/p>\n","protected":false},"excerpt":{"rendered":"<p>Zim\u0105, kiedy dni staj\u0105 si\u0119 kr\u00f3tsze, a s\u0142o\u0144ce wydaje si\u0119 mniej intensywne, wiele os\u00f3b zastanawia si\u0119, czy stosowanie kremu z filtrem przeciws\u0142onecznym o wysokim faktorze, takim jak SPF 50, jest naprawd\u0119 konieczne. Wydawa\u0107 by si\u0119 mog\u0142o, \u017ce ochrona przed s\u0142o\u0144cem jest potrzebna jedynie latem, gdy promienie s\u0142oneczne s\u0105 najsilniejsze. Jednak\u017ce nawet w ch\u0142odniejszych miesi\u0105cach roku [&hellip;]<\/p>\n","protected":false},"author":1,"featured_media":0,"comment_status":"","ping_status":"open","sticky":false,"template":"","format":"standard","meta":{"footnotes":""},"categories":[1],"tags":[],"class_list":["post-7955","post","type-post","status-publish","format-standard","hentry","category-bez-kategorii"],"fm_meta_title":"Czy krem z filtrem 50 do twarzy jest konieczny zim\u0105?","fm_meta_description":"Odkryj, czy krem z filtrem 50 do twarzy jest niezb\u0119dny zim\u0105. Zadbaj o sk\u00f3r\u0119 w ch\u0142odne dni i poznaj korzy\u015bci ochrony UV przez ca\u0142y rok!","yoast_head":"<!-- This site is optimized with the Yoast SEO plugin v21.5 - https:\/\/yoast.com\/wordpress\/plugins\/seo\/ -->\n<title>Czy krem z filtrem 50 do twarzy jest konieczny zim\u0105?<\/title>\n<meta name=\"description\" content=\"Odkryj, czy krem z filtrem 50 do twarzy jest niezb\u0119dny zim\u0105. Zadbaj o sk\u00f3r\u0119 w ch\u0142odne dni i poznaj korzy\u015bci ochrony UV przez ca\u0142y rok!\" \/>\n<meta name=\"robots\" content=\"index, follow, max-snippet:-1, max-image-preview:large, max-video-preview:-1\" \/>\n<link rel=\"canonical\" href=\"https:\/\/darzdrowia.pl\/ciekawostki\/czy-krem-z-filtrem-50-do-twarzy-jest-konieczny-zima\/\" \/>\n<meta property=\"og:locale\" content=\"pl_PL\" \/>\n<meta property=\"og:type\" content=\"article\" \/>\n<meta property=\"og:title\" content=\"Czy krem z filtrem 50 do twarzy jest konieczny zim\u0105?\" \/>\n<meta property=\"og:description\" content=\"Odkryj, czy krem z filtrem 50 do twarzy jest niezb\u0119dny zim\u0105. Zadbaj o sk\u00f3r\u0119 w ch\u0142odne dni i poznaj korzy\u015bci ochrony UV przez ca\u0142y rok!\" \/>\n<meta property=\"og:url\" content=\"https:\/\/darzdrowia.pl\/ciekawostki\/czy-krem-z-filtrem-50-do-twarzy-jest-konieczny-zima\/\" \/>\n<meta property=\"og:site_name\" content=\"Dar Zdrowia Drogeria - Blog\" \/>\n<meta property=\"article:publisher\" content=\"https:\/\/www.facebook.com\/profile.php?id=100063606935396\" \/>\n<meta property=\"article:published_time\" content=\"2025-02-28T16:31:38+00:00\" \/>\n<meta name=\"author\" content=\"funkymedia\" \/>\n<meta name=\"twitter:card\" content=\"summary_large_image\" \/>\n<meta name=\"twitter:label1\" content=\"Napisane przez\" \/>\n\t<meta name=\"twitter:data1\" content=\"funkymedia\" \/>\n\t<meta name=\"twitter:label2\" content=\"Szacowany czas czytania\" \/>\n\t<meta name=\"twitter:data2\" content=\"3 minuty\" \/>\n<script type=\"application\/ld+json\" class=\"yoast-schema-graph\">{\"@context\":\"https:\/\/schema.org\",\"@graph\":[{\"@type\":\"Article\",\"@id\":\"https:\/\/darzdrowia.pl\/ciekawostki\/czy-krem-z-filtrem-50-do-twarzy-jest-konieczny-zima\/#article\",\"isPartOf\":{\"@id\":\"https:\/\/darzdrowia.pl\/ciekawostki\/czy-krem-z-filtrem-50-do-twarzy-jest-konieczny-zima\/\"},\"author\":{\"name\":\"funkymedia\",\"@id\":\"https:\/\/darzdrowia.pl\/ciekawostki\/#\/schema\/person\/e75579d624630bf943ac69d374bb928e\"},\"headline\":\"Czy krem z filtrem 50 do twarzy jest konieczny zim\u0105?\",\"datePublished\":\"2025-02-28T16:31:38+00:00\",\"dateModified\":\"2025-02-28T16:31:38+00:00\",\"mainEntityOfPage\":{\"@id\":\"https:\/\/darzdrowia.pl\/ciekawostki\/czy-krem-z-filtrem-50-do-twarzy-jest-konieczny-zima\/\"},\"wordCount\":537,\"publisher\":{\"@id\":\"https:\/\/darzdrowia.pl\/ciekawostki\/#organization\"},\"inLanguage\":\"pl-PL\"},{\"@type\":\"WebPage\",\"@id\":\"https:\/\/darzdrowia.pl\/ciekawostki\/czy-krem-z-filtrem-50-do-twarzy-jest-konieczny-zima\/\",\"url\":\"https:\/\/darzdrowia.pl\/ciekawostki\/czy-krem-z-filtrem-50-do-twarzy-jest-konieczny-zima\/\",\"name\":\"Czy krem z filtrem 50 do twarzy jest konieczny zim\u0105?\",\"isPartOf\":{\"@id\":\"https:\/\/darzdrowia.pl\/ciekawostki\/#website\"},\"datePublished\":\"2025-02-28T16:31:38+00:00\",\"dateModified\":\"2025-02-28T16:31:38+00:00\",\"description\":\"Odkryj, czy krem z filtrem 50 do twarzy jest niezb\u0119dny zim\u0105. Zadbaj o sk\u00f3r\u0119 w ch\u0142odne dni i poznaj korzy\u015bci ochrony UV przez ca\u0142y rok!\",\"breadcrumb\":{\"@id\":\"https:\/\/darzdrowia.pl\/ciekawostki\/czy-krem-z-filtrem-50-do-twarzy-jest-konieczny-zima\/#breadcrumb\"},\"inLanguage\":\"pl-PL\",\"potentialAction\":[{\"@type\":\"ReadAction\",\"target\":[\"https:\/\/darzdrowia.pl\/ciekawostki\/czy-krem-z-filtrem-50-do-twarzy-jest-konieczny-zima\/\"]}]},{\"@type\":\"BreadcrumbList\",\"@id\":\"https:\/\/darzdrowia.pl\/ciekawostki\/czy-krem-z-filtrem-50-do-twarzy-jest-konieczny-zima\/#breadcrumb\",\"itemListElement\":[{\"@type\":\"ListItem\",\"position\":1,\"name\":\"Strona g\u0142\u00f3wna\",\"item\":\"https:\/\/darzdrowia.pl\/ciekawostki\/\"},{\"@type\":\"ListItem\",\"position\":2,\"name\":\"Czy krem z filtrem 50 do twarzy jest konieczny zim\u0105?\"}]},{\"@type\":\"WebSite\",\"@id\":\"https:\/\/darzdrowia.pl\/ciekawostki\/#website\",\"url\":\"https:\/\/darzdrowia.pl\/ciekawostki\/\",\"name\":\"Dar Zdrowia Drogeria - Blog\",\"description\":\"\",\"publisher\":{\"@id\":\"https:\/\/darzdrowia.pl\/ciekawostki\/#organization\"},\"potentialAction\":[{\"@type\":\"SearchAction\",\"target\":{\"@type\":\"EntryPoint\",\"urlTemplate\":\"https:\/\/darzdrowia.pl\/ciekawostki\/?s={search_term_string}\"},\"query-input\":\"required name=search_term_string\"}],\"inLanguage\":\"pl-PL\"},{\"@type\":\"Organization\",\"@id\":\"https:\/\/darzdrowia.pl\/ciekawostki\/#organization\",\"name\":\"Dar Zdrowia Drogeria - Blog\",\"url\":\"https:\/\/darzdrowia.pl\/ciekawostki\/\",\"logo\":{\"@type\":\"ImageObject\",\"inLanguage\":\"pl-PL\",\"@id\":\"https:\/\/darzdrowia.pl\/ciekawostki\/#\/schema\/logo\/image\/\",\"url\":\"https:\/\/darzdrowia.pl\/ciekawostki\/wp-content\/uploads\/2023\/11\/logo-darzdrowia.webp\",\"contentUrl\":\"https:\/\/darzdrowia.pl\/ciekawostki\/wp-content\/uploads\/2023\/11\/logo-darzdrowia.webp\",\"width\":744,\"height\":225,\"caption\":\"Dar Zdrowia Drogeria - Blog\"},\"image\":{\"@id\":\"https:\/\/darzdrowia.pl\/ciekawostki\/#\/schema\/logo\/image\/\"},\"sameAs\":[\"https:\/\/www.facebook.com\/profile.php?id=100063606935396\"]},{\"@type\":\"Person\",\"@id\":\"https:\/\/darzdrowia.pl\/ciekawostki\/#\/schema\/person\/e75579d624630bf943ac69d374bb928e\",\"name\":\"funkymedia\",\"image\":{\"@type\":\"ImageObject\",\"inLanguage\":\"pl-PL\",\"@id\":\"https:\/\/darzdrowia.pl\/ciekawostki\/#\/schema\/person\/image\/\",\"url\":\"https:\/\/secure.gravatar.com\/avatar\/393cb205b658aef6e3271ad5a92265e3e4433d2384bbe95524ba160d5bc20299?s=96&d=mm&r=g\",\"contentUrl\":\"https:\/\/secure.gravatar.com\/avatar\/393cb205b658aef6e3271ad5a92265e3e4433d2384bbe95524ba160d5bc20299?s=96&d=mm&r=g\",\"caption\":\"funkymedia\"},\"sameAs\":[\"https:\/\/darzdrowia.pl\/ciekawostki\"],\"url\":\"https:\/\/darzdrowia.pl\/ciekawostki\/author\/funkymedia\/\"}]}<\/script>\n<!-- \/ Yoast SEO plugin. -->","yoast_head_json":{"title":"Czy krem z filtrem 50 do twarzy jest konieczny zim\u0105?","description":"Odkryj, czy krem z filtrem 50 do twarzy jest niezb\u0119dny zim\u0105. Zadbaj o sk\u00f3r\u0119 w ch\u0142odne dni i poznaj korzy\u015bci ochrony UV przez ca\u0142y rok!","robots":{"index":"index","follow":"follow","max-snippet":"max-snippet:-1","max-image-preview":"max-image-preview:large","max-video-preview":"max-video-preview:-1"},"canonical":"https:\/\/darzdrowia.pl\/ciekawostki\/czy-krem-z-filtrem-50-do-twarzy-jest-konieczny-zima\/","og_locale":"pl_PL","og_type":"article","og_title":"Czy krem z filtrem 50 do twarzy jest konieczny zim\u0105?","og_description":"Odkryj, czy krem z filtrem 50 do twarzy jest niezb\u0119dny zim\u0105. Zadbaj o sk\u00f3r\u0119 w ch\u0142odne dni i poznaj korzy\u015bci ochrony UV przez ca\u0142y rok!","og_url":"https:\/\/darzdrowia.pl\/ciekawostki\/czy-krem-z-filtrem-50-do-twarzy-jest-konieczny-zima\/","og_site_name":"Dar Zdrowia Drogeria - Blog","article_publisher":"https:\/\/www.facebook.com\/profile.php?id=100063606935396","article_published_time":"2025-02-28T16:31:38+00:00","author":"funkymedia","twitter_card":"summary_large_image","twitter_misc":{"Napisane przez":"funkymedia","Szacowany czas czytania":"3 minuty"},"schema":{"@context":"https:\/\/schema.org","@graph":[{"@type":"Article","@id":"https:\/\/darzdrowia.pl\/ciekawostki\/czy-krem-z-filtrem-50-do-twarzy-jest-konieczny-zima\/#article","isPartOf":{"@id":"https:\/\/darzdrowia.pl\/ciekawostki\/czy-krem-z-filtrem-50-do-twarzy-jest-konieczny-zima\/"},"author":{"name":"funkymedia","@id":"https:\/\/darzdrowia.pl\/ciekawostki\/#\/schema\/person\/e75579d624630bf943ac69d374bb928e"},"headline":"Czy krem z filtrem 50 do twarzy jest konieczny zim\u0105?","datePublished":"2025-02-28T16:31:38+00:00","dateModified":"2025-02-28T16:31:38+00:00","mainEntityOfPage":{"@id":"https:\/\/darzdrowia.pl\/ciekawostki\/czy-krem-z-filtrem-50-do-twarzy-jest-konieczny-zima\/"},"wordCount":537,"publisher":{"@id":"https:\/\/darzdrowia.pl\/ciekawostki\/#organization"},"inLanguage":"pl-PL"},{"@type":"WebPage","@id":"https:\/\/darzdrowia.pl\/ciekawostki\/czy-krem-z-filtrem-50-do-twarzy-jest-konieczny-zima\/","url":"https:\/\/darzdrowia.pl\/ciekawostki\/czy-krem-z-filtrem-50-do-twarzy-jest-konieczny-zima\/","name":"Czy krem z filtrem 50 do twarzy jest konieczny zim\u0105?","isPartOf":{"@id":"https:\/\/darzdrowia.pl\/ciekawostki\/#website"},"datePublished":"2025-02-28T16:31:38+00:00","dateModified":"2025-02-28T16:31:38+00:00","description":"Odkryj, czy krem z filtrem 50 do twarzy jest niezb\u0119dny zim\u0105. Zadbaj o sk\u00f3r\u0119 w ch\u0142odne dni i poznaj korzy\u015bci ochrony UV przez ca\u0142y rok!","breadcrumb":{"@id":"https:\/\/darzdrowia.pl\/ciekawostki\/czy-krem-z-filtrem-50-do-twarzy-jest-konieczny-zima\/#breadcrumb"},"inLanguage":"pl-PL","potentialAction":[{"@type":"ReadAction","target":["https:\/\/darzdrowia.pl\/ciekawostki\/czy-krem-z-filtrem-50-do-twarzy-jest-konieczny-zima\/"]}]},{"@type":"BreadcrumbList","@id":"https:\/\/darzdrowia.pl\/ciekawostki\/czy-krem-z-filtrem-50-do-twarzy-jest-konieczny-zima\/#breadcrumb","itemListElement":[{"@type":"ListItem","position":1,"name":"Strona g\u0142\u00f3wna","item":"https:\/\/darzdrowia.pl\/ciekawostki\/"},{"@type":"ListItem","position":2,"name":"Czy krem z filtrem 50 do twarzy jest konieczny zim\u0105?"}]},{"@type":"WebSite","@id":"https:\/\/darzdrowia.pl\/ciekawostki\/#website","url":"https:\/\/darzdrowia.pl\/ciekawostki\/","name":"Dar Zdrowia Drogeria - Blog","description":"","publisher":{"@id":"https:\/\/darzdrowia.pl\/ciekawostki\/#organization"},"potentialAction":[{"@type":"SearchAction","target":{"@type":"EntryPoint","urlTemplate":"https:\/\/darzdrowia.pl\/ciekawostki\/?s={search_term_string}"},"query-input":"required name=search_term_string"}],"inLanguage":"pl-PL"},{"@type":"Organization","@id":"https:\/\/darzdrowia.pl\/ciekawostki\/#organization","name":"Dar Zdrowia Drogeria - Blog","url":"https:\/\/darzdrowia.pl\/ciekawostki\/","logo":{"@type":"ImageObject","inLanguage":"pl-PL","@id":"https:\/\/darzdrowia.pl\/ciekawostki\/#\/schema\/logo\/image\/","url":"https:\/\/darzdrowia.pl\/ciekawostki\/wp-content\/uploads\/2023\/11\/logo-darzdrowia.webp","contentUrl":"https:\/\/darzdrowia.pl\/ciekawostki\/wp-content\/uploads\/2023\/11\/logo-darzdrowia.webp","width":744,"height":225,"caption":"Dar Zdrowia Drogeria - Blog"},"image":{"@id":"https:\/\/darzdrowia.pl\/ciekawostki\/#\/schema\/logo\/image\/"},"sameAs":["https:\/\/www.facebook.com\/profile.php?id=100063606935396"]},{"@type":"Person","@id":"https:\/\/darzdrowia.pl\/ciekawostki\/#\/schema\/person\/e75579d624630bf943ac69d374bb928e","name":"funkymedia","image":{"@type":"ImageObject","inLanguage":"pl-PL","@id":"https:\/\/darzdrowia.pl\/ciekawostki\/#\/schema\/person\/image\/","url":"https:\/\/secure.gravatar.com\/avatar\/393cb205b658aef6e3271ad5a92265e3e4433d2384bbe95524ba160d5bc20299?s=96&d=mm&r=g","contentUrl":"https:\/\/secure.gravatar.com\/avatar\/393cb205b658aef6e3271ad5a92265e3e4433d2384bbe95524ba160d5bc20299?s=96&d=mm&r=g","caption":"funkymedia"},"sameAs":["https:\/\/darzdrowia.pl\/ciekawostki"],"url":"https:\/\/darzdrowia.pl\/ciekawostki\/author\/funkymedia\/"}]}},"_links":{"self":[{"href":"https:\/\/darzdrowia.pl\/ciekawostki\/wp-json\/wp\/v2\/posts\/7955","targetHints":{"allow":["GET"]}}],"collection":[{"href":"https:\/\/darzdrowia.pl\/ciekawostki\/wp-json\/wp\/v2\/posts"}],"about":[{"href":"https:\/\/darzdrowia.pl\/ciekawostki\/wp-json\/wp\/v2\/types\/post"}],"author":[{"embeddable":true,"href":"https:\/\/darzdrowia.pl\/ciekawostki\/wp-json\/wp\/v2\/users\/1"}],"replies":[{"embeddable":true,"href":"https:\/\/darzdrowia.pl\/ciekawostki\/wp-json\/wp\/v2\/comments?post=7955"}],"version-history":[{"count":0,"href":"https:\/\/darzdrowia.pl\/ciekawostki\/wp-json\/wp\/v2\/posts\/7955\/revisions"}],"wp:attachment":[{"href":"https:\/\/darzdrowia.pl\/ciekawostki\/wp-json\/wp\/v2\/media?parent=7955"}],"wp:term":[{"taxonomy":"category","embeddable":true,"href":"https:\/\/darzdrowia.pl\/ciekawostki\/wp-json\/wp\/v2\/categories?post=7955"},{"taxonomy":"post_tag","embeddable":true,"href":"https:\/\/darzdrowia.pl\/ciekawostki\/wp-json\/wp\/v2\/tags?post=7955"}],"curies":[{"name":"wp","href":"https:\/\/api.w.org\/{rel}","templated":true}]}}