{"id":7954,"date":"2025-02-28T17:30:54","date_gmt":"2025-02-28T16:30:54","guid":{"rendered":"https:\/\/darzdrowia.pl\/ciekawostki\/peeling-do-twarzy-z-weglem-aktywnym-czy-warto-go-stosowac\/"},"modified":"2025-02-28T17:30:54","modified_gmt":"2025-02-28T16:30:54","slug":"peeling-do-twarzy-z-weglem-aktywnym-czy-warto-go-stosowac","status":"publish","type":"post","link":"https:\/\/darzdrowia.pl\/ciekawostki\/peeling-do-twarzy-z-weglem-aktywnym-czy-warto-go-stosowac\/","title":{"rendered":"Peeling do twarzy z w\u0119glem aktywnym \u2013 czy warto go stosowa\u0107"},"content":{"rendered":"\n<p>Peeling do twarzy z w\u0119glem aktywnym to jeden z popularnych produkt\u00f3w w piel\u0119gnacji sk\u00f3ry, kt\u00f3ry zdobywa coraz wi\u0119ksze uznanie w\u015br\u00f3d os\u00f3b dbaj\u0105cych o zdrowy i promienny wygl\u0105d cery. W\u0119giel aktywny, znany ze swoich w\u0142a\u015bciwo\u015bci oczyszczaj\u0105cych i detoksykuj\u0105cych, jest cz\u0119sto wykorzystywany w kosmetykach przeznaczonych do g\u0142\u0119bokiego oczyszczania sk\u00f3ry. Dzi\u0119ki swojej porowatej strukturze, w\u0119giel aktywny skutecznie absorbuje zanieczyszczenia, nadmiar sebum oraz toksyny, co czyni go idealnym sk\u0142adnikiem dla os\u00f3b borykaj\u0105cych si\u0119 z problemami sk\u00f3rnymi takimi jak tr\u0105dzik czy zask\u00f3rniki. Wprowadzenie peelingu z w\u0119glem aktywnym do rutyny piel\u0119gnacyjnej mo\u017ce przynie\u015b\u0107 wiele korzy\u015bci, jednak warto zastanowi\u0107 si\u0119 nad jego odpowiednim stosowaniem oraz potencjalnymi efektami ubocznymi. Czy rzeczywi\u015bcie warto go stosowa\u0107? Przyjrzyjmy si\u0119 bli\u017cej jego dzia\u0142aniu i zaletom.<\/p>\n\n\n\n<h2 class=\"wp-block-heading\">Peeling do twarzy z w\u0119glem aktywnym: Jak dzia\u0142a i dlaczego warto go wypr\u00f3bowa\u0107?<\/h2>\n\n\n\n<p>Peeling do twarzy z w\u0119glem aktywnym dzia\u0142a poprzez usuwanie martwego nask\u00f3rka i oczyszczanie por\u00f3w. W\u0119giel aktywny, znany ze swoich w\u0142a\u015bciwo\u015bci adsorpcyjnych, skutecznie przyci\u0105ga zanieczyszczenia i nadmiar sebum. Dzi\u0119ki temu sk\u00f3ra staje si\u0119 g\u0142adsza i bardziej promienna. Regularne stosowanie peelingu mo\u017ce pom\u00f3c w redukcji zask\u00f3rnik\u00f3w oraz poprawie og\u00f3lnego wygl\u0105du cery. Produkt ten jest szczeg\u00f3lnie polecany dla os\u00f3b z cer\u0105 t\u0142ust\u0105 i tr\u0105dzikow\u0105, ale mo\u017ce by\u0107 stosowany przez r\u00f3\u017cne typy sk\u00f3ry. Warto go wypr\u00f3bowa\u0107, aby cieszy\u0107 si\u0119 czystsz\u0105 i zdrowsz\u0105 sk\u00f3r\u0105.<\/p>\n\n\n\n<h2 class=\"wp-block-heading\">W\u0119giel aktywny w piel\u0119gnacji sk\u00f3ry: Zalety stosowania peelingu do twarzy<\/h2>\n\n\n\n<p>W\u0119giel aktywny jest popularnym sk\u0142adnikiem w kosmetykach do piel\u0119gnacji sk\u00f3ry, szczeg\u00f3lnie w peelingach do twarzy. Jego g\u0142\u00f3wn\u0105 zalet\u0105 jest zdolno\u015b\u0107 do g\u0142\u0119bokiego oczyszczania sk\u00f3ry. Dzi\u0119ki porowatej strukturze, w\u0119giel aktywny skutecznie absorbuje zanieczyszczenia, nadmiar sebum oraz toksyny z powierzchni sk\u00f3ry. Regularne stosowanie peelingu z w\u0119glem aktywnym mo\u017ce prowadzi\u0107 do zmniejszenia widoczno\u015bci por\u00f3w oraz poprawy og\u00f3lnego wygl\u0105du cery. Dodatkowo, w\u0119giel aktywny dzia\u0142a delikatnie z\u0142uszczaj\u0105co, co sprzyja usuwaniu martwych kom\u00f3rek nask\u00f3rka i stymuluje regeneracj\u0119 sk\u00f3ry. Peelingi z tym sk\u0142adnikiem s\u0105 odpowiednie dla r\u00f3\u017cnych typ\u00f3w cery, zw\u0142aszcza t\u0142ustej i mieszanej.<\/p>\n\n\n\n<h2 class=\"wp-block-heading\">Czy peeling z w\u0119glem aktywnym to klucz do czystej i promiennej cery?<\/h2>\n\n\n\n<p>Peeling z w\u0119glem aktywnym jest popularnym produktem w piel\u0119gnacji sk\u00f3ry, znanym ze swoich w\u0142a\u015bciwo\u015bci oczyszczaj\u0105cych. W\u0119giel aktywny dzia\u0142a jak magnes, przyci\u0105gaj\u0105c zanieczyszczenia i nadmiar sebum z powierzchni sk\u00f3ry. Regularne stosowanie peelingu mo\u017ce pom\u00f3c w odblokowywaniu por\u00f3w i redukcji niedoskona\u0142o\u015bci. Dodatkowo, z\u0142uszczanie martwego nask\u00f3rka sprzyja regeneracji sk\u00f3ry, co mo\u017ce prowadzi\u0107 do bardziej promiennego wygl\u0105du. Jednak\u017ce skuteczno\u015b\u0107 produktu zale\u017cy od indywidualnych potrzeb sk\u00f3ry oraz jej reakcji na sk\u0142adniki aktywne. Zaleca si\u0119 ostro\u017cno\u015b\u0107 przy sk\u00f3rze wra\u017cliwej oraz konsultacj\u0119 z dermatologiem przed rozpocz\u0119ciem nowej kuracji piel\u0119gnacyjnej.<\/p>\n\n\n\n<p>Peeling do twarzy z w\u0119glem aktywnym to produkt, kt\u00f3ry zdobywa coraz wi\u0119ksz\u0105 popularno\u015b\u0107 w piel\u0119gnacji sk\u00f3ry. Jego g\u0142\u00f3wn\u0105 zalet\u0105 jest zdolno\u015b\u0107 do g\u0142\u0119bokiego oczyszczania por\u00f3w oraz usuwania zanieczyszcze\u0144 i nadmiaru sebum, co jest szczeg\u00f3lnie korzystne dla os\u00f3b z cer\u0105 t\u0142ust\u0105 i sk\u0142onn\u0105 do niedoskona\u0142o\u015bci. W\u0119giel aktywny dzia\u0142a jak magnes, przyci\u0105gaj\u0105c zanieczyszczenia i toksyny, co mo\u017ce prowadzi\u0107 do poprawy og\u00f3lnego wygl\u0105du sk\u00f3ry.<\/p>\n\n\n\n<p>Jednak warto pami\u0119ta\u0107, \u017ce peelingi tego typu mog\u0105 by\u0107 do\u015b\u0107 intensywne, dlatego nie s\u0105 zalecane do codziennego stosowania. Osoby z cer\u0105 wra\u017cliw\u0105 powinny zachowa\u0107 ostro\u017cno\u015b\u0107 i rozwa\u017cy\u0107 rzadsze u\u017cycie lub wyb\u00f3r \u0142agodniejszego produktu. Regularne stosowanie peelingu z w\u0119glem aktywnym mo\u017ce przyczyni\u0107 si\u0119 do wyg\u0142adzenia sk\u00f3ry i poprawy jej tekstury, ale kluczowe jest dostosowanie cz\u0119stotliwo\u015bci u\u017cycia do indywidualnych potrzeb sk\u00f3ry.<\/p>\n\n\n\n<p>Podsumowuj\u0105c, peeling do twarzy z w\u0119glem aktywnym mo\u017ce by\u0107 warto\u015bciowym dodatkiem do rutyny piel\u0119gnacyjnej dla wielu os\u00f3b, zw\u0142aszcza tych borykaj\u0105cych si\u0119 z problemem zatkanych por\u00f3w czy nadmiernego przet\u0142uszczania si\u0119 sk\u00f3ry. Jak zawsze, wa\u017cne jest obserwowanie reakcji swojej sk\u00f3ry i dostosowywanie produkt\u00f3w piel\u0119gnacyjnych zgodnie z jej potrzebami.<\/p>\n","protected":false},"excerpt":{"rendered":"<p>Peeling do twarzy z w\u0119glem aktywnym to jeden z popularnych produkt\u00f3w w piel\u0119gnacji sk\u00f3ry, kt\u00f3ry zdobywa coraz wi\u0119ksze uznanie w\u015br\u00f3d os\u00f3b dbaj\u0105cych o zdrowy i promienny wygl\u0105d cery. W\u0119giel aktywny, znany ze swoich w\u0142a\u015bciwo\u015bci oczyszczaj\u0105cych i detoksykuj\u0105cych, jest cz\u0119sto wykorzystywany w kosmetykach przeznaczonych do g\u0142\u0119bokiego oczyszczania sk\u00f3ry. Dzi\u0119ki swojej porowatej strukturze, w\u0119giel aktywny skutecznie absorbuje [&hellip;]<\/p>\n","protected":false},"author":1,"featured_media":0,"comment_status":"","ping_status":"open","sticky":false,"template":"","format":"standard","meta":{"footnotes":""},"categories":[1],"tags":[],"class_list":["post-7954","post","type-post","status-publish","format-standard","hentry","category-bez-kategorii"],"fm_meta_title":"Peeling do twarzy z w\u0119glem aktywnym \u2013 czy warto go stosowa\u0107","fm_meta_description":"Odkryj zalety peelingu z w\u0119glem aktywnym! Czy warto go stosowa\u0107? Sprawd\u017a, jak dzia\u0142a na sk\u00f3r\u0119 i dlaczego zyskuje popularno\u015b\u0107. Dowiedz si\u0119 wi\u0119cej!","yoast_head":"<!-- This site is optimized with the Yoast SEO plugin v21.5 - https:\/\/yoast.com\/wordpress\/plugins\/seo\/ -->\n<title>Peeling do twarzy z w\u0119glem aktywnym \u2013 czy warto go stosowa\u0107<\/title>\n<meta name=\"description\" content=\"Odkryj zalety peelingu z w\u0119glem aktywnym! Czy warto go stosowa\u0107? Sprawd\u017a, jak dzia\u0142a na sk\u00f3r\u0119 i dlaczego zyskuje popularno\u015b\u0107. Dowiedz si\u0119 wi\u0119cej!\" \/>\n<meta name=\"robots\" content=\"index, follow, max-snippet:-1, max-image-preview:large, max-video-preview:-1\" \/>\n<link rel=\"canonical\" href=\"https:\/\/darzdrowia.pl\/ciekawostki\/peeling-do-twarzy-z-weglem-aktywnym-czy-warto-go-stosowac\/\" \/>\n<meta property=\"og:locale\" content=\"pl_PL\" \/>\n<meta property=\"og:type\" content=\"article\" \/>\n<meta property=\"og:title\" content=\"Peeling do twarzy z w\u0119glem aktywnym \u2013 czy warto go stosowa\u0107\" \/>\n<meta property=\"og:description\" content=\"Odkryj zalety peelingu z w\u0119glem aktywnym! Czy warto go stosowa\u0107? Sprawd\u017a, jak dzia\u0142a na sk\u00f3r\u0119 i dlaczego zyskuje popularno\u015b\u0107. Dowiedz si\u0119 wi\u0119cej!\" \/>\n<meta property=\"og:url\" content=\"https:\/\/darzdrowia.pl\/ciekawostki\/peeling-do-twarzy-z-weglem-aktywnym-czy-warto-go-stosowac\/\" \/>\n<meta property=\"og:site_name\" content=\"Dar Zdrowia Drogeria - Blog\" \/>\n<meta property=\"article:publisher\" content=\"https:\/\/www.facebook.com\/profile.php?id=100063606935396\" \/>\n<meta property=\"article:published_time\" content=\"2025-02-28T16:30:54+00:00\" \/>\n<meta name=\"author\" content=\"funkymedia\" \/>\n<meta name=\"twitter:card\" content=\"summary_large_image\" \/>\n<meta name=\"twitter:label1\" content=\"Napisane przez\" \/>\n\t<meta name=\"twitter:data1\" content=\"funkymedia\" \/>\n\t<meta name=\"twitter:label2\" content=\"Szacowany czas czytania\" \/>\n\t<meta name=\"twitter:data2\" content=\"4 minuty\" \/>\n<script type=\"application\/ld+json\" class=\"yoast-schema-graph\">{\"@context\":\"https:\/\/schema.org\",\"@graph\":[{\"@type\":\"Article\",\"@id\":\"https:\/\/darzdrowia.pl\/ciekawostki\/peeling-do-twarzy-z-weglem-aktywnym-czy-warto-go-stosowac\/#article\",\"isPartOf\":{\"@id\":\"https:\/\/darzdrowia.pl\/ciekawostki\/peeling-do-twarzy-z-weglem-aktywnym-czy-warto-go-stosowac\/\"},\"author\":{\"name\":\"funkymedia\",\"@id\":\"https:\/\/darzdrowia.pl\/ciekawostki\/#\/schema\/person\/e75579d624630bf943ac69d374bb928e\"},\"headline\":\"Peeling do twarzy z w\u0119glem aktywnym \u2013 czy warto go stosowa\u0107\",\"datePublished\":\"2025-02-28T16:30:54+00:00\",\"dateModified\":\"2025-02-28T16:30:54+00:00\",\"mainEntityOfPage\":{\"@id\":\"https:\/\/darzdrowia.pl\/ciekawostki\/peeling-do-twarzy-z-weglem-aktywnym-czy-warto-go-stosowac\/\"},\"wordCount\":752,\"publisher\":{\"@id\":\"https:\/\/darzdrowia.pl\/ciekawostki\/#organization\"},\"inLanguage\":\"pl-PL\"},{\"@type\":\"WebPage\",\"@id\":\"https:\/\/darzdrowia.pl\/ciekawostki\/peeling-do-twarzy-z-weglem-aktywnym-czy-warto-go-stosowac\/\",\"url\":\"https:\/\/darzdrowia.pl\/ciekawostki\/peeling-do-twarzy-z-weglem-aktywnym-czy-warto-go-stosowac\/\",\"name\":\"Peeling do twarzy z w\u0119glem aktywnym \u2013 czy warto go stosowa\u0107\",\"isPartOf\":{\"@id\":\"https:\/\/darzdrowia.pl\/ciekawostki\/#website\"},\"datePublished\":\"2025-02-28T16:30:54+00:00\",\"dateModified\":\"2025-02-28T16:30:54+00:00\",\"description\":\"Odkryj zalety peelingu z w\u0119glem aktywnym! Czy warto go stosowa\u0107? Sprawd\u017a, jak dzia\u0142a na sk\u00f3r\u0119 i dlaczego zyskuje popularno\u015b\u0107. Dowiedz si\u0119 wi\u0119cej!\",\"breadcrumb\":{\"@id\":\"https:\/\/darzdrowia.pl\/ciekawostki\/peeling-do-twarzy-z-weglem-aktywnym-czy-warto-go-stosowac\/#breadcrumb\"},\"inLanguage\":\"pl-PL\",\"potentialAction\":[{\"@type\":\"ReadAction\",\"target\":[\"https:\/\/darzdrowia.pl\/ciekawostki\/peeling-do-twarzy-z-weglem-aktywnym-czy-warto-go-stosowac\/\"]}]},{\"@type\":\"BreadcrumbList\",\"@id\":\"https:\/\/darzdrowia.pl\/ciekawostki\/peeling-do-twarzy-z-weglem-aktywnym-czy-warto-go-stosowac\/#breadcrumb\",\"itemListElement\":[{\"@type\":\"ListItem\",\"position\":1,\"name\":\"Strona g\u0142\u00f3wna\",\"item\":\"https:\/\/darzdrowia.pl\/ciekawostki\/\"},{\"@type\":\"ListItem\",\"position\":2,\"name\":\"Peeling do twarzy z w\u0119glem aktywnym \u2013 czy warto go stosowa\u0107\"}]},{\"@type\":\"WebSite\",\"@id\":\"https:\/\/darzdrowia.pl\/ciekawostki\/#website\",\"url\":\"https:\/\/darzdrowia.pl\/ciekawostki\/\",\"name\":\"Dar Zdrowia Drogeria - Blog\",\"description\":\"\",\"publisher\":{\"@id\":\"https:\/\/darzdrowia.pl\/ciekawostki\/#organization\"},\"potentialAction\":[{\"@type\":\"SearchAction\",\"target\":{\"@type\":\"EntryPoint\",\"urlTemplate\":\"https:\/\/darzdrowia.pl\/ciekawostki\/?s={search_term_string}\"},\"query-input\":\"required name=search_term_string\"}],\"inLanguage\":\"pl-PL\"},{\"@type\":\"Organization\",\"@id\":\"https:\/\/darzdrowia.pl\/ciekawostki\/#organization\",\"name\":\"Dar Zdrowia Drogeria - Blog\",\"url\":\"https:\/\/darzdrowia.pl\/ciekawostki\/\",\"logo\":{\"@type\":\"ImageObject\",\"inLanguage\":\"pl-PL\",\"@id\":\"https:\/\/darzdrowia.pl\/ciekawostki\/#\/schema\/logo\/image\/\",\"url\":\"https:\/\/darzdrowia.pl\/ciekawostki\/wp-content\/uploads\/2023\/11\/logo-darzdrowia.webp\",\"contentUrl\":\"https:\/\/darzdrowia.pl\/ciekawostki\/wp-content\/uploads\/2023\/11\/logo-darzdrowia.webp\",\"width\":744,\"height\":225,\"caption\":\"Dar Zdrowia Drogeria - Blog\"},\"image\":{\"@id\":\"https:\/\/darzdrowia.pl\/ciekawostki\/#\/schema\/logo\/image\/\"},\"sameAs\":[\"https:\/\/www.facebook.com\/profile.php?id=100063606935396\"]},{\"@type\":\"Person\",\"@id\":\"https:\/\/darzdrowia.pl\/ciekawostki\/#\/schema\/person\/e75579d624630bf943ac69d374bb928e\",\"name\":\"funkymedia\",\"image\":{\"@type\":\"ImageObject\",\"inLanguage\":\"pl-PL\",\"@id\":\"https:\/\/darzdrowia.pl\/ciekawostki\/#\/schema\/person\/image\/\",\"url\":\"https:\/\/secure.gravatar.com\/avatar\/393cb205b658aef6e3271ad5a92265e3e4433d2384bbe95524ba160d5bc20299?s=96&d=mm&r=g\",\"contentUrl\":\"https:\/\/secure.gravatar.com\/avatar\/393cb205b658aef6e3271ad5a92265e3e4433d2384bbe95524ba160d5bc20299?s=96&d=mm&r=g\",\"caption\":\"funkymedia\"},\"sameAs\":[\"https:\/\/darzdrowia.pl\/ciekawostki\"],\"url\":\"https:\/\/darzdrowia.pl\/ciekawostki\/author\/funkymedia\/\"}]}<\/script>\n<!-- \/ Yoast SEO plugin. -->","yoast_head_json":{"title":"Peeling do twarzy z w\u0119glem aktywnym \u2013 czy warto go stosowa\u0107","description":"Odkryj zalety peelingu z w\u0119glem aktywnym! Czy warto go stosowa\u0107? Sprawd\u017a, jak dzia\u0142a na sk\u00f3r\u0119 i dlaczego zyskuje popularno\u015b\u0107. Dowiedz si\u0119 wi\u0119cej!","robots":{"index":"index","follow":"follow","max-snippet":"max-snippet:-1","max-image-preview":"max-image-preview:large","max-video-preview":"max-video-preview:-1"},"canonical":"https:\/\/darzdrowia.pl\/ciekawostki\/peeling-do-twarzy-z-weglem-aktywnym-czy-warto-go-stosowac\/","og_locale":"pl_PL","og_type":"article","og_title":"Peeling do twarzy z w\u0119glem aktywnym \u2013 czy warto go stosowa\u0107","og_description":"Odkryj zalety peelingu z w\u0119glem aktywnym! Czy warto go stosowa\u0107? Sprawd\u017a, jak dzia\u0142a na sk\u00f3r\u0119 i dlaczego zyskuje popularno\u015b\u0107. Dowiedz si\u0119 wi\u0119cej!","og_url":"https:\/\/darzdrowia.pl\/ciekawostki\/peeling-do-twarzy-z-weglem-aktywnym-czy-warto-go-stosowac\/","og_site_name":"Dar Zdrowia Drogeria - Blog","article_publisher":"https:\/\/www.facebook.com\/profile.php?id=100063606935396","article_published_time":"2025-02-28T16:30:54+00:00","author":"funkymedia","twitter_card":"summary_large_image","twitter_misc":{"Napisane przez":"funkymedia","Szacowany czas czytania":"4 minuty"},"schema":{"@context":"https:\/\/schema.org","@graph":[{"@type":"Article","@id":"https:\/\/darzdrowia.pl\/ciekawostki\/peeling-do-twarzy-z-weglem-aktywnym-czy-warto-go-stosowac\/#article","isPartOf":{"@id":"https:\/\/darzdrowia.pl\/ciekawostki\/peeling-do-twarzy-z-weglem-aktywnym-czy-warto-go-stosowac\/"},"author":{"name":"funkymedia","@id":"https:\/\/darzdrowia.pl\/ciekawostki\/#\/schema\/person\/e75579d624630bf943ac69d374bb928e"},"headline":"Peeling do twarzy z w\u0119glem aktywnym \u2013 czy warto go stosowa\u0107","datePublished":"2025-02-28T16:30:54+00:00","dateModified":"2025-02-28T16:30:54+00:00","mainEntityOfPage":{"@id":"https:\/\/darzdrowia.pl\/ciekawostki\/peeling-do-twarzy-z-weglem-aktywnym-czy-warto-go-stosowac\/"},"wordCount":752,"publisher":{"@id":"https:\/\/darzdrowia.pl\/ciekawostki\/#organization"},"inLanguage":"pl-PL"},{"@type":"WebPage","@id":"https:\/\/darzdrowia.pl\/ciekawostki\/peeling-do-twarzy-z-weglem-aktywnym-czy-warto-go-stosowac\/","url":"https:\/\/darzdrowia.pl\/ciekawostki\/peeling-do-twarzy-z-weglem-aktywnym-czy-warto-go-stosowac\/","name":"Peeling do twarzy z w\u0119glem aktywnym \u2013 czy warto go stosowa\u0107","isPartOf":{"@id":"https:\/\/darzdrowia.pl\/ciekawostki\/#website"},"datePublished":"2025-02-28T16:30:54+00:00","dateModified":"2025-02-28T16:30:54+00:00","description":"Odkryj zalety peelingu z w\u0119glem aktywnym! Czy warto go stosowa\u0107? Sprawd\u017a, jak dzia\u0142a na sk\u00f3r\u0119 i dlaczego zyskuje popularno\u015b\u0107. Dowiedz si\u0119 wi\u0119cej!","breadcrumb":{"@id":"https:\/\/darzdrowia.pl\/ciekawostki\/peeling-do-twarzy-z-weglem-aktywnym-czy-warto-go-stosowac\/#breadcrumb"},"inLanguage":"pl-PL","potentialAction":[{"@type":"ReadAction","target":["https:\/\/darzdrowia.pl\/ciekawostki\/peeling-do-twarzy-z-weglem-aktywnym-czy-warto-go-stosowac\/"]}]},{"@type":"BreadcrumbList","@id":"https:\/\/darzdrowia.pl\/ciekawostki\/peeling-do-twarzy-z-weglem-aktywnym-czy-warto-go-stosowac\/#breadcrumb","itemListElement":[{"@type":"ListItem","position":1,"name":"Strona g\u0142\u00f3wna","item":"https:\/\/darzdrowia.pl\/ciekawostki\/"},{"@type":"ListItem","position":2,"name":"Peeling do twarzy z w\u0119glem aktywnym \u2013 czy warto go stosowa\u0107"}]},{"@type":"WebSite","@id":"https:\/\/darzdrowia.pl\/ciekawostki\/#website","url":"https:\/\/darzdrowia.pl\/ciekawostki\/","name":"Dar Zdrowia Drogeria - Blog","description":"","publisher":{"@id":"https:\/\/darzdrowia.pl\/ciekawostki\/#organization"},"potentialAction":[{"@type":"SearchAction","target":{"@type":"EntryPoint","urlTemplate":"https:\/\/darzdrowia.pl\/ciekawostki\/?s={search_term_string}"},"query-input":"required name=search_term_string"}],"inLanguage":"pl-PL"},{"@type":"Organization","@id":"https:\/\/darzdrowia.pl\/ciekawostki\/#organization","name":"Dar Zdrowia Drogeria - Blog","url":"https:\/\/darzdrowia.pl\/ciekawostki\/","logo":{"@type":"ImageObject","inLanguage":"pl-PL","@id":"https:\/\/darzdrowia.pl\/ciekawostki\/#\/schema\/logo\/image\/","url":"https:\/\/darzdrowia.pl\/ciekawostki\/wp-content\/uploads\/2023\/11\/logo-darzdrowia.webp","contentUrl":"https:\/\/darzdrowia.pl\/ciekawostki\/wp-content\/uploads\/2023\/11\/logo-darzdrowia.webp","width":744,"height":225,"caption":"Dar Zdrowia Drogeria - Blog"},"image":{"@id":"https:\/\/darzdrowia.pl\/ciekawostki\/#\/schema\/logo\/image\/"},"sameAs":["https:\/\/www.facebook.com\/profile.php?id=100063606935396"]},{"@type":"Person","@id":"https:\/\/darzdrowia.pl\/ciekawostki\/#\/schema\/person\/e75579d624630bf943ac69d374bb928e","name":"funkymedia","image":{"@type":"ImageObject","inLanguage":"pl-PL","@id":"https:\/\/darzdrowia.pl\/ciekawostki\/#\/schema\/person\/image\/","url":"https:\/\/secure.gravatar.com\/avatar\/393cb205b658aef6e3271ad5a92265e3e4433d2384bbe95524ba160d5bc20299?s=96&d=mm&r=g","contentUrl":"https:\/\/secure.gravatar.com\/avatar\/393cb205b658aef6e3271ad5a92265e3e4433d2384bbe95524ba160d5bc20299?s=96&d=mm&r=g","caption":"funkymedia"},"sameAs":["https:\/\/darzdrowia.pl\/ciekawostki"],"url":"https:\/\/darzdrowia.pl\/ciekawostki\/author\/funkymedia\/"}]}},"_links":{"self":[{"href":"https:\/\/darzdrowia.pl\/ciekawostki\/wp-json\/wp\/v2\/posts\/7954","targetHints":{"allow":["GET"]}}],"collection":[{"href":"https:\/\/darzdrowia.pl\/ciekawostki\/wp-json\/wp\/v2\/posts"}],"about":[{"href":"https:\/\/darzdrowia.pl\/ciekawostki\/wp-json\/wp\/v2\/types\/post"}],"author":[{"embeddable":true,"href":"https:\/\/darzdrowia.pl\/ciekawostki\/wp-json\/wp\/v2\/users\/1"}],"replies":[{"embeddable":true,"href":"https:\/\/darzdrowia.pl\/ciekawostki\/wp-json\/wp\/v2\/comments?post=7954"}],"version-history":[{"count":0,"href":"https:\/\/darzdrowia.pl\/ciekawostki\/wp-json\/wp\/v2\/posts\/7954\/revisions"}],"wp:attachment":[{"href":"https:\/\/darzdrowia.pl\/ciekawostki\/wp-json\/wp\/v2\/media?parent=7954"}],"wp:term":[{"taxonomy":"category","embeddable":true,"href":"https:\/\/darzdrowia.pl\/ciekawostki\/wp-json\/wp\/v2\/categories?post=7954"},{"taxonomy":"post_tag","embeddable":true,"href":"https:\/\/darzdrowia.pl\/ciekawostki\/wp-json\/wp\/v2\/tags?post=7954"}],"curies":[{"name":"wp","href":"https:\/\/api.w.org\/{rel}","templated":true}]}}