{"id":7913,"date":"2025-02-28T17:17:36","date_gmt":"2025-02-28T16:17:36","guid":{"rendered":"https:\/\/darzdrowia.pl\/ciekawostki\/krem-nawilzajacy-na-dzien-i-na-noc-czy-warto-stosowac-oba\/"},"modified":"2025-02-28T17:17:36","modified_gmt":"2025-02-28T16:17:36","slug":"krem-nawilzajacy-na-dzien-i-na-noc-czy-warto-stosowac-oba","status":"publish","type":"post","link":"https:\/\/darzdrowia.pl\/ciekawostki\/krem-nawilzajacy-na-dzien-i-na-noc-czy-warto-stosowac-oba\/","title":{"rendered":"Krem nawil\u017caj\u0105cy na dzie\u0144 i na noc \u2013 czy warto stosowa\u0107 oba"},"content":{"rendered":"\n<p>Kremy nawil\u017caj\u0105ce odgrywaj\u0105 kluczow\u0105 rol\u0119 w codziennej piel\u0119gnacji sk\u00f3ry, pomagaj\u0105c utrzyma\u0107 jej odpowiednie nawodnienie i zdrowy wygl\u0105d. W\u015br\u00f3d dost\u0119pnych na rynku produkt\u00f3w cz\u0119sto spotykamy si\u0119 z podzia\u0142em na kremy na dzie\u0144 i na noc. Ka\u017cdy z nich ma swoje unikalne w\u0142a\u015bciwo\u015bci i spe\u0142nia r\u00f3\u017cne funkcje w zale\u017cno\u015bci od pory dnia. Kremy na dzie\u0144 zazwyczaj zawieraj\u0105 filtry UV, kt\u00f3re chroni\u0105 sk\u00f3r\u0119 przed szkodliwym dzia\u0142aniem promieni s\u0142onecznych, oraz lekkie formu\u0142y, kt\u00f3re szybko si\u0119 wch\u0142aniaj\u0105, nie pozostawiaj\u0105c t\u0142ustego filmu. Z kolei kremy na noc s\u0105 bogatsze w sk\u0142adniki od\u017cywcze i regeneruj\u0105ce, wspomagaj\u0105c procesy naprawcze sk\u00f3ry podczas snu. Warto zastanowi\u0107 si\u0119 nad tym, czy stosowanie obu rodzaj\u00f3w krem\u00f3w jest konieczne dla zachowania zdrowej i promiennej cery oraz jakie korzy\u015bci mog\u0105 przynie\u015b\u0107 naszej sk\u00f3rze.<\/p>\n\n\n\n<h2 class=\"wp-block-heading\">Dzie\u0144 vs. Noc: Jakie korzy\u015bci przynosi stosowanie r\u00f3\u017cnych krem\u00f3w nawil\u017caj\u0105cych w zale\u017cno\u015bci od pory dnia?<\/h2>\n\n\n\n<p>Stosowanie r\u00f3\u017cnych krem\u00f3w nawil\u017caj\u0105cych w zale\u017cno\u015bci od pory dnia przynosi liczne korzy\u015bci dla sk\u00f3ry. W ci\u0105gu dnia sk\u00f3ra jest nara\u017cona na dzia\u0142anie czynnik\u00f3w zewn\u0119trznych, takich jak promieniowanie UV i zanieczyszczenia. Kremy dzienne cz\u0119sto zawieraj\u0105 filtry przeciws\u0142oneczne oraz antyoksydanty, kt\u00f3re chroni\u0105 sk\u00f3r\u0119 przed szkodliwym dzia\u0142aniem \u015brodowiska. Dodatkowo, lekkie formu\u0142y zapewniaj\u0105 odpowiednie nawil\u017cenie bez obci\u0105\u017cania sk\u00f3ry.<\/p>\n\n\n\n<p>Noc\u0105 sk\u00f3ra przechodzi w tryb regeneracji. Kremy na noc s\u0105 zazwyczaj bogatsze w sk\u0142adniki od\u017cywcze, takie jak retinol czy kwas hialuronowy, kt\u00f3re wspomagaj\u0105 procesy naprawcze i regeneracyjne. G\u0142\u0119bokie nawil\u017cenie oraz intensywne od\u017cywienie pomagaj\u0105 w odbudowie bariery ochronnej sk\u00f3ry i poprawiaj\u0105 jej elastyczno\u015b\u0107. Dzi\u0119ki temu rano sk\u00f3ra wygl\u0105da \u015bwie\u017co i promiennie.<\/p>\n\n\n\n<h2 class=\"wp-block-heading\">Podw\u00f3jna piel\u0119gnacja: Czy warto inwestowa\u0107 w osobne kremy na dzie\u0144 i na noc dla zdrowej sk\u00f3ry?<\/h2>\n\n\n\n<p>Podw\u00f3jna piel\u0119gnacja sk\u00f3ry, polegaj\u0105ca na stosowaniu osobnych krem\u00f3w na dzie\u0144 i na noc, mo\u017ce przynie\u015b\u0107 korzy\u015bci dla zdrowia sk\u00f3ry. Kremy na dzie\u0144 zazwyczaj zawieraj\u0105 filtry UV, kt\u00f3re chroni\u0105 sk\u00f3r\u0119 przed szkodliwym dzia\u0142aniem promieni s\u0142onecznych. Dodatkowo, ich formu\u0142a jest cz\u0119sto l\u017cejsza, co u\u0142atwia aplikacj\u0119 makija\u017cu. Kremy na noc s\u0105 z kolei bogatsze w sk\u0142adniki od\u017cywcze i regeneruj\u0105ce, takie jak retinol czy kwas hialuronowy, kt\u00f3re wspomagaj\u0105 procesy naprawcze sk\u00f3ry podczas snu. Inwestycja w oba rodzaje krem\u00f3w mo\u017ce wi\u0119c wspiera\u0107 kompleksow\u0105 piel\u0119gnacj\u0119 i poprawi\u0107 kondycj\u0119 sk\u00f3ry.<\/p>\n\n\n\n<h2 class=\"wp-block-heading\">Kremy nawil\u017caj\u0105ce 24\/7: Dlaczego r\u00f3\u017cnorodno\u015b\u0107 w piel\u0119gnacji sk\u00f3ry mo\u017ce przynie\u015b\u0107 najlepsze rezultaty?<\/h2>\n\n\n\n<p>R\u00f3\u017cnorodno\u015b\u0107 w piel\u0119gnacji sk\u00f3ry jest kluczowa dla osi\u0105gni\u0119cia optymalnych rezultat\u00f3w. Kremy nawil\u017caj\u0105ce 24\/7 oferuj\u0105 sta\u0142e nawil\u017cenie, ale sk\u00f3ra potrzebuje tak\u017ce innych sk\u0142adnik\u00f3w, aby zachowa\u0107 zdrowie i elastyczno\u015b\u0107. Zmieniaj\u0105ce si\u0119 warunki \u015brodowiskowe, takie jak temperatura czy wilgotno\u015b\u0107, wp\u0142ywaj\u0105 na potrzeby sk\u00f3ry. Dlatego warto stosowa\u0107 r\u00f3\u017cne produkty, kt\u00f3re dostarcz\u0105 sk\u00f3rze niezb\u0119dnych witamin, antyoksydant\u00f3w i substancji od\u017cywczych. R\u00f3\u017cnorodno\u015b\u0107 w piel\u0119gnacji pozwala lepiej reagowa\u0107 na zmieniaj\u0105ce si\u0119 potrzeby sk\u00f3ry i zapobiega\u0107 problemom takim jak sucho\u015b\u0107 czy podra\u017cnienia.<\/p>\n\n\n\n<p>Stosowanie zar\u00f3wno kremu nawil\u017caj\u0105cego na dzie\u0144, jak i na noc, mo\u017ce przynie\u015b\u0107 wiele korzy\u015bci dla sk\u00f3ry. Kremy te s\u0105 zazwyczaj formu\u0142owane z my\u015bl\u0105 o r\u00f3\u017cnych potrzebach sk\u00f3ry w ci\u0105gu dnia i nocy. Krem na dzie\u0144 cz\u0119sto zawiera sk\u0142adniki ochronne, takie jak filtry UV, kt\u00f3re chroni\u0105 sk\u00f3r\u0119 przed szkodliwym dzia\u0142aniem promieni s\u0142onecznych oraz zanieczyszczeniami \u015brodowiskowymi. Z kolei krem na noc jest zazwyczaj bogatszy w sk\u0142adniki od\u017cywcze i regeneruj\u0105ce, kt\u00f3re wspieraj\u0105 procesy naprawcze sk\u00f3ry podczas snu.<\/p>\n\n\n\n<p>Stosowanie obu rodzaj\u00f3w krem\u00f3w mo\u017ce pom\u00f3c w utrzymaniu odpowiedniego poziomu nawil\u017cenia sk\u00f3ry przez ca\u0142\u0105 dob\u0119, co jest kluczowe dla jej zdrowia i m\u0142odzie\u0144czego wygl\u0105du. Regularne u\u017cywanie tych produkt\u00f3w mo\u017ce r\u00f3wnie\u017c poprawi\u0107 elastyczno\u015b\u0107 sk\u00f3ry, zmniejszy\u0107 widoczno\u015b\u0107 drobnych linii i zmarszczek oraz zapewni\u0107 jej promienny wygl\u0105d.<\/p>\n\n\n\n<p>Podsumowuj\u0105c, warto rozwa\u017cy\u0107 stosowanie zar\u00f3wno kremu na dzie\u0144, jak i na noc jako cz\u0119\u015b\u0107 codziennej rutyny piel\u0119gnacyjnej. Dzi\u0119ki temu mo\u017cna kompleksowo zadba\u0107 o sk\u00f3r\u0119, dostarczaj\u0105c jej niezb\u0119dnych sk\u0142adnik\u00f3w w odpowiednich momentach doby. Ostateczny wyb\u00f3r powinien jednak zale\u017ce\u0107 od indywidualnych potrzeb sk\u00f3ry oraz preferencji u\u017cytkownika.<\/p>\n","protected":false},"excerpt":{"rendered":"<p>Kremy nawil\u017caj\u0105ce odgrywaj\u0105 kluczow\u0105 rol\u0119 w codziennej piel\u0119gnacji sk\u00f3ry, pomagaj\u0105c utrzyma\u0107 jej odpowiednie nawodnienie i zdrowy wygl\u0105d. W\u015br\u00f3d dost\u0119pnych na rynku produkt\u00f3w cz\u0119sto spotykamy si\u0119 z podzia\u0142em na kremy na dzie\u0144 i na noc. Ka\u017cdy z nich ma swoje unikalne w\u0142a\u015bciwo\u015bci i spe\u0142nia r\u00f3\u017cne funkcje w zale\u017cno\u015bci od pory dnia. Kremy na dzie\u0144 zazwyczaj zawieraj\u0105 [&hellip;]<\/p>\n","protected":false},"author":1,"featured_media":0,"comment_status":"","ping_status":"open","sticky":false,"template":"","format":"standard","meta":{"footnotes":""},"categories":[1],"tags":[],"class_list":["post-7913","post","type-post","status-publish","format-standard","hentry","category-bez-kategorii"],"fm_meta_title":"Krem nawil\u017caj\u0105cy na dzie\u0144 i na noc \u2013 czy warto stosowa\u0107 oba","fm_meta_description":"Odkryj, czy warto stosowa\u0107 krem nawil\u017caj\u0105cy na dzie\u0144 i na noc. Dowiedz si\u0119, jak mog\u0105 poprawi\u0107 kondycj\u0119 Twojej sk\u00f3ry. Sprawd\u017a teraz!","yoast_head":"<!-- This site is optimized with the Yoast SEO plugin v21.5 - https:\/\/yoast.com\/wordpress\/plugins\/seo\/ -->\n<title>Krem nawil\u017caj\u0105cy na dzie\u0144 i na noc \u2013 czy warto stosowa\u0107 oba<\/title>\n<meta name=\"description\" content=\"Odkryj, czy warto stosowa\u0107 krem nawil\u017caj\u0105cy na dzie\u0144 i na noc. Dowiedz si\u0119, jak mog\u0105 poprawi\u0107 kondycj\u0119 Twojej sk\u00f3ry. Sprawd\u017a teraz!\" \/>\n<meta name=\"robots\" content=\"index, follow, max-snippet:-1, max-image-preview:large, max-video-preview:-1\" \/>\n<link rel=\"canonical\" href=\"https:\/\/darzdrowia.pl\/ciekawostki\/krem-nawilzajacy-na-dzien-i-na-noc-czy-warto-stosowac-oba\/\" \/>\n<meta property=\"og:locale\" content=\"pl_PL\" \/>\n<meta property=\"og:type\" content=\"article\" \/>\n<meta property=\"og:title\" content=\"Krem nawil\u017caj\u0105cy na dzie\u0144 i na noc \u2013 czy warto stosowa\u0107 oba\" \/>\n<meta property=\"og:description\" content=\"Odkryj, czy warto stosowa\u0107 krem nawil\u017caj\u0105cy na dzie\u0144 i na noc. Dowiedz si\u0119, jak mog\u0105 poprawi\u0107 kondycj\u0119 Twojej sk\u00f3ry. Sprawd\u017a teraz!\" \/>\n<meta property=\"og:url\" content=\"https:\/\/darzdrowia.pl\/ciekawostki\/krem-nawilzajacy-na-dzien-i-na-noc-czy-warto-stosowac-oba\/\" \/>\n<meta property=\"og:site_name\" content=\"Dar Zdrowia Drogeria - Blog\" \/>\n<meta property=\"article:publisher\" content=\"https:\/\/www.facebook.com\/profile.php?id=100063606935396\" \/>\n<meta property=\"article:published_time\" content=\"2025-02-28T16:17:36+00:00\" \/>\n<meta name=\"author\" content=\"funkymedia\" \/>\n<meta name=\"twitter:card\" content=\"summary_large_image\" \/>\n<meta name=\"twitter:label1\" content=\"Napisane przez\" \/>\n\t<meta name=\"twitter:data1\" content=\"funkymedia\" \/>\n\t<meta name=\"twitter:label2\" content=\"Szacowany czas czytania\" \/>\n\t<meta name=\"twitter:data2\" content=\"4 minuty\" \/>\n<script type=\"application\/ld+json\" class=\"yoast-schema-graph\">{\"@context\":\"https:\/\/schema.org\",\"@graph\":[{\"@type\":\"Article\",\"@id\":\"https:\/\/darzdrowia.pl\/ciekawostki\/krem-nawilzajacy-na-dzien-i-na-noc-czy-warto-stosowac-oba\/#article\",\"isPartOf\":{\"@id\":\"https:\/\/darzdrowia.pl\/ciekawostki\/krem-nawilzajacy-na-dzien-i-na-noc-czy-warto-stosowac-oba\/\"},\"author\":{\"name\":\"funkymedia\",\"@id\":\"https:\/\/darzdrowia.pl\/ciekawostki\/#\/schema\/person\/e75579d624630bf943ac69d374bb928e\"},\"headline\":\"Krem nawil\u017caj\u0105cy na dzie\u0144 i na noc \u2013 czy warto stosowa\u0107 oba\",\"datePublished\":\"2025-02-28T16:17:36+00:00\",\"dateModified\":\"2025-02-28T16:17:36+00:00\",\"mainEntityOfPage\":{\"@id\":\"https:\/\/darzdrowia.pl\/ciekawostki\/krem-nawilzajacy-na-dzien-i-na-noc-czy-warto-stosowac-oba\/\"},\"wordCount\":791,\"publisher\":{\"@id\":\"https:\/\/darzdrowia.pl\/ciekawostki\/#organization\"},\"inLanguage\":\"pl-PL\"},{\"@type\":\"WebPage\",\"@id\":\"https:\/\/darzdrowia.pl\/ciekawostki\/krem-nawilzajacy-na-dzien-i-na-noc-czy-warto-stosowac-oba\/\",\"url\":\"https:\/\/darzdrowia.pl\/ciekawostki\/krem-nawilzajacy-na-dzien-i-na-noc-czy-warto-stosowac-oba\/\",\"name\":\"Krem nawil\u017caj\u0105cy na dzie\u0144 i na noc \u2013 czy warto stosowa\u0107 oba\",\"isPartOf\":{\"@id\":\"https:\/\/darzdrowia.pl\/ciekawostki\/#website\"},\"datePublished\":\"2025-02-28T16:17:36+00:00\",\"dateModified\":\"2025-02-28T16:17:36+00:00\",\"description\":\"Odkryj, czy warto stosowa\u0107 krem nawil\u017caj\u0105cy na dzie\u0144 i na noc. Dowiedz si\u0119, jak mog\u0105 poprawi\u0107 kondycj\u0119 Twojej sk\u00f3ry. Sprawd\u017a teraz!\",\"breadcrumb\":{\"@id\":\"https:\/\/darzdrowia.pl\/ciekawostki\/krem-nawilzajacy-na-dzien-i-na-noc-czy-warto-stosowac-oba\/#breadcrumb\"},\"inLanguage\":\"pl-PL\",\"potentialAction\":[{\"@type\":\"ReadAction\",\"target\":[\"https:\/\/darzdrowia.pl\/ciekawostki\/krem-nawilzajacy-na-dzien-i-na-noc-czy-warto-stosowac-oba\/\"]}]},{\"@type\":\"BreadcrumbList\",\"@id\":\"https:\/\/darzdrowia.pl\/ciekawostki\/krem-nawilzajacy-na-dzien-i-na-noc-czy-warto-stosowac-oba\/#breadcrumb\",\"itemListElement\":[{\"@type\":\"ListItem\",\"position\":1,\"name\":\"Strona g\u0142\u00f3wna\",\"item\":\"https:\/\/darzdrowia.pl\/ciekawostki\/\"},{\"@type\":\"ListItem\",\"position\":2,\"name\":\"Krem nawil\u017caj\u0105cy na dzie\u0144 i na noc \u2013 czy warto stosowa\u0107 oba\"}]},{\"@type\":\"WebSite\",\"@id\":\"https:\/\/darzdrowia.pl\/ciekawostki\/#website\",\"url\":\"https:\/\/darzdrowia.pl\/ciekawostki\/\",\"name\":\"Dar Zdrowia Drogeria - Blog\",\"description\":\"\",\"publisher\":{\"@id\":\"https:\/\/darzdrowia.pl\/ciekawostki\/#organization\"},\"potentialAction\":[{\"@type\":\"SearchAction\",\"target\":{\"@type\":\"EntryPoint\",\"urlTemplate\":\"https:\/\/darzdrowia.pl\/ciekawostki\/?s={search_term_string}\"},\"query-input\":\"required name=search_term_string\"}],\"inLanguage\":\"pl-PL\"},{\"@type\":\"Organization\",\"@id\":\"https:\/\/darzdrowia.pl\/ciekawostki\/#organization\",\"name\":\"Dar Zdrowia Drogeria - Blog\",\"url\":\"https:\/\/darzdrowia.pl\/ciekawostki\/\",\"logo\":{\"@type\":\"ImageObject\",\"inLanguage\":\"pl-PL\",\"@id\":\"https:\/\/darzdrowia.pl\/ciekawostki\/#\/schema\/logo\/image\/\",\"url\":\"https:\/\/darzdrowia.pl\/ciekawostki\/wp-content\/uploads\/2023\/11\/logo-darzdrowia.webp\",\"contentUrl\":\"https:\/\/darzdrowia.pl\/ciekawostki\/wp-content\/uploads\/2023\/11\/logo-darzdrowia.webp\",\"width\":744,\"height\":225,\"caption\":\"Dar Zdrowia Drogeria - Blog\"},\"image\":{\"@id\":\"https:\/\/darzdrowia.pl\/ciekawostki\/#\/schema\/logo\/image\/\"},\"sameAs\":[\"https:\/\/www.facebook.com\/profile.php?id=100063606935396\"]},{\"@type\":\"Person\",\"@id\":\"https:\/\/darzdrowia.pl\/ciekawostki\/#\/schema\/person\/e75579d624630bf943ac69d374bb928e\",\"name\":\"funkymedia\",\"image\":{\"@type\":\"ImageObject\",\"inLanguage\":\"pl-PL\",\"@id\":\"https:\/\/darzdrowia.pl\/ciekawostki\/#\/schema\/person\/image\/\",\"url\":\"https:\/\/secure.gravatar.com\/avatar\/393cb205b658aef6e3271ad5a92265e3e4433d2384bbe95524ba160d5bc20299?s=96&d=mm&r=g\",\"contentUrl\":\"https:\/\/secure.gravatar.com\/avatar\/393cb205b658aef6e3271ad5a92265e3e4433d2384bbe95524ba160d5bc20299?s=96&d=mm&r=g\",\"caption\":\"funkymedia\"},\"sameAs\":[\"https:\/\/darzdrowia.pl\/ciekawostki\"],\"url\":\"https:\/\/darzdrowia.pl\/ciekawostki\/author\/funkymedia\/\"}]}<\/script>\n<!-- \/ Yoast SEO plugin. -->","yoast_head_json":{"title":"Krem nawil\u017caj\u0105cy na dzie\u0144 i na noc \u2013 czy warto stosowa\u0107 oba","description":"Odkryj, czy warto stosowa\u0107 krem nawil\u017caj\u0105cy na dzie\u0144 i na noc. Dowiedz si\u0119, jak mog\u0105 poprawi\u0107 kondycj\u0119 Twojej sk\u00f3ry. Sprawd\u017a teraz!","robots":{"index":"index","follow":"follow","max-snippet":"max-snippet:-1","max-image-preview":"max-image-preview:large","max-video-preview":"max-video-preview:-1"},"canonical":"https:\/\/darzdrowia.pl\/ciekawostki\/krem-nawilzajacy-na-dzien-i-na-noc-czy-warto-stosowac-oba\/","og_locale":"pl_PL","og_type":"article","og_title":"Krem nawil\u017caj\u0105cy na dzie\u0144 i na noc \u2013 czy warto stosowa\u0107 oba","og_description":"Odkryj, czy warto stosowa\u0107 krem nawil\u017caj\u0105cy na dzie\u0144 i na noc. Dowiedz si\u0119, jak mog\u0105 poprawi\u0107 kondycj\u0119 Twojej sk\u00f3ry. Sprawd\u017a teraz!","og_url":"https:\/\/darzdrowia.pl\/ciekawostki\/krem-nawilzajacy-na-dzien-i-na-noc-czy-warto-stosowac-oba\/","og_site_name":"Dar Zdrowia Drogeria - Blog","article_publisher":"https:\/\/www.facebook.com\/profile.php?id=100063606935396","article_published_time":"2025-02-28T16:17:36+00:00","author":"funkymedia","twitter_card":"summary_large_image","twitter_misc":{"Napisane przez":"funkymedia","Szacowany czas czytania":"4 minuty"},"schema":{"@context":"https:\/\/schema.org","@graph":[{"@type":"Article","@id":"https:\/\/darzdrowia.pl\/ciekawostki\/krem-nawilzajacy-na-dzien-i-na-noc-czy-warto-stosowac-oba\/#article","isPartOf":{"@id":"https:\/\/darzdrowia.pl\/ciekawostki\/krem-nawilzajacy-na-dzien-i-na-noc-czy-warto-stosowac-oba\/"},"author":{"name":"funkymedia","@id":"https:\/\/darzdrowia.pl\/ciekawostki\/#\/schema\/person\/e75579d624630bf943ac69d374bb928e"},"headline":"Krem nawil\u017caj\u0105cy na dzie\u0144 i na noc \u2013 czy warto stosowa\u0107 oba","datePublished":"2025-02-28T16:17:36+00:00","dateModified":"2025-02-28T16:17:36+00:00","mainEntityOfPage":{"@id":"https:\/\/darzdrowia.pl\/ciekawostki\/krem-nawilzajacy-na-dzien-i-na-noc-czy-warto-stosowac-oba\/"},"wordCount":791,"publisher":{"@id":"https:\/\/darzdrowia.pl\/ciekawostki\/#organization"},"inLanguage":"pl-PL"},{"@type":"WebPage","@id":"https:\/\/darzdrowia.pl\/ciekawostki\/krem-nawilzajacy-na-dzien-i-na-noc-czy-warto-stosowac-oba\/","url":"https:\/\/darzdrowia.pl\/ciekawostki\/krem-nawilzajacy-na-dzien-i-na-noc-czy-warto-stosowac-oba\/","name":"Krem nawil\u017caj\u0105cy na dzie\u0144 i na noc \u2013 czy warto stosowa\u0107 oba","isPartOf":{"@id":"https:\/\/darzdrowia.pl\/ciekawostki\/#website"},"datePublished":"2025-02-28T16:17:36+00:00","dateModified":"2025-02-28T16:17:36+00:00","description":"Odkryj, czy warto stosowa\u0107 krem nawil\u017caj\u0105cy na dzie\u0144 i na noc. Dowiedz si\u0119, jak mog\u0105 poprawi\u0107 kondycj\u0119 Twojej sk\u00f3ry. Sprawd\u017a teraz!","breadcrumb":{"@id":"https:\/\/darzdrowia.pl\/ciekawostki\/krem-nawilzajacy-na-dzien-i-na-noc-czy-warto-stosowac-oba\/#breadcrumb"},"inLanguage":"pl-PL","potentialAction":[{"@type":"ReadAction","target":["https:\/\/darzdrowia.pl\/ciekawostki\/krem-nawilzajacy-na-dzien-i-na-noc-czy-warto-stosowac-oba\/"]}]},{"@type":"BreadcrumbList","@id":"https:\/\/darzdrowia.pl\/ciekawostki\/krem-nawilzajacy-na-dzien-i-na-noc-czy-warto-stosowac-oba\/#breadcrumb","itemListElement":[{"@type":"ListItem","position":1,"name":"Strona g\u0142\u00f3wna","item":"https:\/\/darzdrowia.pl\/ciekawostki\/"},{"@type":"ListItem","position":2,"name":"Krem nawil\u017caj\u0105cy na dzie\u0144 i na noc \u2013 czy warto stosowa\u0107 oba"}]},{"@type":"WebSite","@id":"https:\/\/darzdrowia.pl\/ciekawostki\/#website","url":"https:\/\/darzdrowia.pl\/ciekawostki\/","name":"Dar Zdrowia Drogeria - Blog","description":"","publisher":{"@id":"https:\/\/darzdrowia.pl\/ciekawostki\/#organization"},"potentialAction":[{"@type":"SearchAction","target":{"@type":"EntryPoint","urlTemplate":"https:\/\/darzdrowia.pl\/ciekawostki\/?s={search_term_string}"},"query-input":"required name=search_term_string"}],"inLanguage":"pl-PL"},{"@type":"Organization","@id":"https:\/\/darzdrowia.pl\/ciekawostki\/#organization","name":"Dar Zdrowia Drogeria - Blog","url":"https:\/\/darzdrowia.pl\/ciekawostki\/","logo":{"@type":"ImageObject","inLanguage":"pl-PL","@id":"https:\/\/darzdrowia.pl\/ciekawostki\/#\/schema\/logo\/image\/","url":"https:\/\/darzdrowia.pl\/ciekawostki\/wp-content\/uploads\/2023\/11\/logo-darzdrowia.webp","contentUrl":"https:\/\/darzdrowia.pl\/ciekawostki\/wp-content\/uploads\/2023\/11\/logo-darzdrowia.webp","width":744,"height":225,"caption":"Dar Zdrowia Drogeria - Blog"},"image":{"@id":"https:\/\/darzdrowia.pl\/ciekawostki\/#\/schema\/logo\/image\/"},"sameAs":["https:\/\/www.facebook.com\/profile.php?id=100063606935396"]},{"@type":"Person","@id":"https:\/\/darzdrowia.pl\/ciekawostki\/#\/schema\/person\/e75579d624630bf943ac69d374bb928e","name":"funkymedia","image":{"@type":"ImageObject","inLanguage":"pl-PL","@id":"https:\/\/darzdrowia.pl\/ciekawostki\/#\/schema\/person\/image\/","url":"https:\/\/secure.gravatar.com\/avatar\/393cb205b658aef6e3271ad5a92265e3e4433d2384bbe95524ba160d5bc20299?s=96&d=mm&r=g","contentUrl":"https:\/\/secure.gravatar.com\/avatar\/393cb205b658aef6e3271ad5a92265e3e4433d2384bbe95524ba160d5bc20299?s=96&d=mm&r=g","caption":"funkymedia"},"sameAs":["https:\/\/darzdrowia.pl\/ciekawostki"],"url":"https:\/\/darzdrowia.pl\/ciekawostki\/author\/funkymedia\/"}]}},"_links":{"self":[{"href":"https:\/\/darzdrowia.pl\/ciekawostki\/wp-json\/wp\/v2\/posts\/7913","targetHints":{"allow":["GET"]}}],"collection":[{"href":"https:\/\/darzdrowia.pl\/ciekawostki\/wp-json\/wp\/v2\/posts"}],"about":[{"href":"https:\/\/darzdrowia.pl\/ciekawostki\/wp-json\/wp\/v2\/types\/post"}],"author":[{"embeddable":true,"href":"https:\/\/darzdrowia.pl\/ciekawostki\/wp-json\/wp\/v2\/users\/1"}],"replies":[{"embeddable":true,"href":"https:\/\/darzdrowia.pl\/ciekawostki\/wp-json\/wp\/v2\/comments?post=7913"}],"version-history":[{"count":0,"href":"https:\/\/darzdrowia.pl\/ciekawostki\/wp-json\/wp\/v2\/posts\/7913\/revisions"}],"wp:attachment":[{"href":"https:\/\/darzdrowia.pl\/ciekawostki\/wp-json\/wp\/v2\/media?parent=7913"}],"wp:term":[{"taxonomy":"category","embeddable":true,"href":"https:\/\/darzdrowia.pl\/ciekawostki\/wp-json\/wp\/v2\/categories?post=7913"},{"taxonomy":"post_tag","embeddable":true,"href":"https:\/\/darzdrowia.pl\/ciekawostki\/wp-json\/wp\/v2\/tags?post=7913"}],"curies":[{"name":"wp","href":"https:\/\/api.w.org\/{rel}","templated":true}]}}