{"id":7912,"date":"2025-02-28T17:16:52","date_gmt":"2025-02-28T16:16:52","guid":{"rendered":"https:\/\/darzdrowia.pl\/ciekawostki\/zele-do-mycia-twarzy-z-weglem-aktywnym-czy-sa-skuteczne\/"},"modified":"2025-02-28T17:16:52","modified_gmt":"2025-02-28T16:16:52","slug":"zele-do-mycia-twarzy-z-weglem-aktywnym-czy-sa-skuteczne","status":"publish","type":"post","link":"https:\/\/darzdrowia.pl\/ciekawostki\/zele-do-mycia-twarzy-z-weglem-aktywnym-czy-sa-skuteczne\/","title":{"rendered":"\u017bele do mycia twarzy z w\u0119glem aktywnym \u2013 czy s\u0105 skuteczne?"},"content":{"rendered":"\n<p>\u017bele do mycia twarzy z w\u0119glem aktywnym zyskuj\u0105 coraz wi\u0119ksz\u0105 popularno\u015b\u0107 w\u015br\u00f3d os\u00f3b poszukuj\u0105cych skutecznych rozwi\u0105za\u0144 w piel\u0119gnacji sk\u00f3ry. W\u0119giel aktywny, znany ze swoich w\u0142a\u015bciwo\u015bci absorpcyjnych, jest cz\u0119sto wykorzystywany w produktach kosmetycznych przeznaczonych do g\u0142\u0119bokiego oczyszczania. Jego zdolno\u015b\u0107 do przyci\u0105gania i wi\u0105zania zanieczyszcze\u0144 oraz nadmiaru sebum sprawia, \u017ce jest idealnym sk\u0142adnikiem dla os\u00f3b borykaj\u0105cych si\u0119 z problemami sk\u00f3rnymi, takimi jak tr\u0105dzik czy zask\u00f3rniki. W niniejszym artykule przyjrzymy si\u0119 bli\u017cej dzia\u0142aniu \u017celi do mycia twarzy zawieraj\u0105cych w\u0119giel aktywny oraz ocenimy ich skuteczno\u015b\u0107 w codziennej piel\u0119gnacji sk\u00f3ry. Czy rzeczywi\u015bcie s\u0105 one tak efektywne, jak obiecuj\u0105 producenci? Jakie s\u0105 opinie u\u017cytkownik\u00f3w i ekspert\u00f3w na temat ich dzia\u0142ania? Zapraszamy do lektury, aby dowiedzie\u0107 si\u0119 wi\u0119cej o tym popularnym trendzie kosmetycznym.<\/p>\n\n\n\n<h2 class=\"wp-block-heading\">\u017bele do mycia twarzy z w\u0119glem aktywnym: Jak dzia\u0142aj\u0105 i czy naprawd\u0119 oczyszczaj\u0105 sk\u00f3r\u0119?<\/h2>\n\n\n\n<p>\u017bele do mycia twarzy z w\u0119glem aktywnym ciesz\u0105 si\u0119 rosn\u0105c\u0105 popularno\u015bci\u0105 ze wzgl\u0119du na swoje w\u0142a\u015bciwo\u015bci oczyszczaj\u0105ce. W\u0119giel aktywny jest znany z wysokiej zdolno\u015bci adsorpcyjnej, co oznacza, \u017ce skutecznie przyci\u0105ga i wi\u0105\u017ce zanieczyszczenia oraz nadmiar sebum. Dzi\u0119ki temu \u017cele te mog\u0105 g\u0142\u0119boko oczyszcza\u0107 pory, redukuj\u0105c ryzyko powstawania zask\u00f3rnik\u00f3w i wyprysk\u00f3w.<\/p>\n\n\n\n<p>Dzia\u0142anie \u017celi opiera si\u0119 na usuwaniu toksyn i martwych kom\u00f3rek nask\u00f3rka, co sprzyja od\u015bwie\u017ceniu sk\u00f3ry i poprawie jej tekstury. Regularne stosowanie mo\u017ce prowadzi\u0107 do zmniejszenia widoczno\u015bci por\u00f3w oraz poprawy og\u00f3lnego wygl\u0105du cery. Warto jednak pami\u0119ta\u0107, \u017ce efektywno\u015b\u0107 produktu zale\u017cy od jego sk\u0142adu oraz indywidualnych potrzeb sk\u00f3ry.<\/p>\n\n\n\n<p>Podsumowuj\u0105c, \u017cele z w\u0119glem aktywnym mog\u0105 by\u0107 skutecznym elementem codziennej piel\u0119gnacji dla os\u00f3b poszukuj\u0105cych g\u0142\u0119bokiego oczyszczenia sk\u00f3ry. Zaleca si\u0119 jednak ostro\u017cno\u015b\u0107 w przypadku sk\u00f3ry wra\u017cliwej lub suchej, gdy\u017c intensywne dzia\u0142anie mo\u017ce prowadzi\u0107 do podra\u017cnie\u0144.<\/p>\n\n\n\n<h2 class=\"wp-block-heading\">W\u0119giel aktywny w kosmetykach: Czy \u017cele do mycia twarzy z tym sk\u0142adnikiem s\u0105 skuteczne dla ka\u017cdego typu sk\u00f3ry?<\/h2>\n\n\n\n<p>W\u0119giel aktywny jest popularnym sk\u0142adnikiem w kosmetykach, szczeg\u00f3lnie w \u017celach do mycia twarzy. Jego g\u0142\u00f3wn\u0105 zalet\u0105 jest zdolno\u015b\u0107 do absorbowania zanieczyszcze\u0144 i nadmiaru sebum, co czyni go skutecznym dla sk\u00f3ry t\u0142ustej i mieszanej. Dzia\u0142a oczyszczaj\u0105co, pomagaj\u0105c w redukcji zask\u00f3rnik\u00f3w i niedoskona\u0142o\u015bci. Jednak dla sk\u00f3ry suchej lub wra\u017cliwej mo\u017ce by\u0107 zbyt intensywny, prowadz\u0105c do podra\u017cnie\u0144 lub przesuszenia. Osoby z tymi typami sk\u00f3ry powinny stosowa\u0107 go ostro\u017cnie lub wybiera\u0107 produkty o \u0142agodniejszym dzia\u0142aniu. Warto zwr\u00f3ci\u0107 uwag\u0119 na dodatkowe sk\u0142adniki nawil\u017caj\u0105ce w formule produktu.<\/p>\n\n\n\n<h2 class=\"wp-block-heading\">Por\u00f3wnanie popularnych \u017celi do mycia twarzy z w\u0119glem aktywnym: Kt\u00f3re produkty warto wypr\u00f3bowa\u0107?<\/h2>\n\n\n\n<p>Oto por\u00f3wnanie popularnych \u017celi do mycia twarzy z w\u0119glem aktywnym:<\/p>\n\n\n\n<p>1. **Garnier Pure Active Intensive**<\/p>\n\n\n\n<p>&#8211; Sk\u0142adniki: W\u0119giel aktywny, kwas salicylowy.<\/p>\n\n\n\n<p>&#8211; Dzia\u0142anie: Redukuje niedoskona\u0142o\u015bci, oczyszcza pory.<\/p>\n\n\n\n<p>&#8211; Cena: \u015arednia p\u00f3\u0142ka cenowa.<\/p>\n\n\n\n<p>&#8211; Opinie: Chwalony za skuteczno\u015b\u0107 w walce z tr\u0105dzikiem.<\/p>\n\n\n\n<p>2. **Bielenda Carbo Detox**<\/p>\n\n\n\n<p>&#8211; Sk\u0142adniki: W\u0119giel aktywny, glinka zielona.<\/p>\n\n\n\n<p>&#8211; Dzia\u0142anie: Detoksykuje, matuje sk\u00f3r\u0119.<\/p>\n\n\n\n<p>&#8211; Cena: Przyst\u0119pna cena.<\/p>\n\n\n\n<p>&#8211; Opinie: Doceniany za delikatno\u015b\u0107 i brak podra\u017cnie\u0144.<\/p>\n\n\n\n<p>3. **L&#8217;Oreal Men Expert Pure Power**<\/p>\n\n\n\n<p>&#8211; Sk\u0142adniki: W\u0119giel aktywny, kwas salicylowy.<\/p>\n\n\n\n<p>&#8211; Dzia\u0142anie: Zmniejsza widoczno\u015b\u0107 por\u00f3w, eliminuje zask\u00f3rniki.<\/p>\n\n\n\n<p>&#8211; Cena: Wy\u017csza p\u00f3\u0142ka cenowa.<\/p>\n\n\n\n<p>&#8211; Opinie: Popularny w\u015br\u00f3d m\u0119\u017cczyzn za efektywno\u015b\u0107.<\/p>\n\n\n\n<p>4. **Ziaja Jeju Young Skin**<\/p>\n\n\n\n<p>&#8211; Sk\u0142adniki: W\u0119giel aktywny, ekstrakt z czarnej herbaty.<\/p>\n\n\n\n<p>&#8211; Dzia\u0142anie: Oczyszcza i od\u015bwie\u017ca sk\u00f3r\u0119 m\u0142od\u0105.<\/p>\n\n\n\n<p>&#8211; Cena: Niska cena.<\/p>\n\n\n\n<p>&#8211; Opinie: Lubiany za przyjemny zapach i \u0142agodno\u015b\u0107.<\/p>\n\n\n\n<p>5. **Nivea Urban Skin Detox**<\/p>\n\n\n\n<p>&#8211; Sk\u0142adniki: W\u0119giel aktywny, ekstrakt z zielonej herbaty.<\/p>\n\n\n\n<p>&#8211; Dzia\u0142anie: Chroni przed zanieczyszczeniami miejskimi, od\u015bwie\u017ca cer\u0119.<\/p>\n\n\n\n<p>&#8211; Cena: \u015arednia p\u00f3\u0142ka cenowa.<\/p>\n\n\n\n<p>&#8211; Opinie: Ceniony za szybkie efekty oczyszczaj\u0105ce.<\/p>\n\n\n\n<p>Ka\u017cdy produkt ma swoje unikalne w\u0142a\u015bciwo\u015bci i warto wypr\u00f3bowa\u0107 je w zale\u017cno\u015bci od indywidualnych potrzeb sk\u00f3ry oraz preferencji cenowych i sk\u0142adnikowych u\u017cytkownika.<\/p>\n\n\n\n<p>\u017bele do mycia twarzy z w\u0119glem aktywnym ciesz\u0105 si\u0119 rosn\u0105c\u0105 popularno\u015bci\u0105 ze wzgl\u0119du na swoje w\u0142a\u015bciwo\u015bci oczyszczaj\u0105ce i detoksykuj\u0105ce. W\u0119giel aktywny jest znany z doskona\u0142ej zdolno\u015bci do absorbowania zanieczyszcze\u0144, co czyni go skutecznym sk\u0142adnikiem w produktach do piel\u0119gnacji sk\u00f3ry, zw\u0142aszcza dla os\u00f3b z cer\u0105 t\u0142ust\u0105 i sk\u0142onn\u0105 do niedoskona\u0142o\u015bci. Regularne stosowanie \u017celi z w\u0119glem aktywnym mo\u017ce pom\u00f3c w redukcji nadmiaru sebum, odblokowywaniu por\u00f3w oraz usuwaniu martwych kom\u00f3rek nask\u00f3rka.<\/p>\n\n\n\n<p>Jednak\u017ce skuteczno\u015b\u0107 tych produkt\u00f3w mo\u017ce r\u00f3\u017cni\u0107 si\u0119 w zale\u017cno\u015bci od indywidualnych potrzeb sk\u00f3ry oraz jej reakcji na sk\u0142adniki zawarte w \u017celu. Dla niekt\u00f3rych os\u00f3b mog\u0105 one okaza\u0107 si\u0119 zbyt wysuszaj\u0105ce, dlatego wa\u017cne jest, aby po ich u\u017cyciu stosowa\u0107 odpowiednie nawil\u017cenie. Osoby o sk\u00f3rze wra\u017cliwej powinny zachowa\u0107 ostro\u017cno\u015b\u0107 i ewentualnie skonsultowa\u0107 si\u0119 ze specjalist\u0105 przed rozpocz\u0119ciem regularnego stosowania.<\/p>\n\n\n\n<p>Podsumowuj\u0105c, \u017cele do mycia twarzy z w\u0119glem aktywnym mog\u0105 by\u0107 skutecznym rozwi\u0105zaniem dla os\u00f3b poszukuj\u0105cych g\u0142\u0119bokiego oczyszczenia sk\u00f3ry. Kluczem jest jednak dobranie odpowiedniego produktu do swojego typu cery oraz obserwacja reakcji sk\u00f3ry na jego dzia\u0142anie.<\/p>\n","protected":false},"excerpt":{"rendered":"<p>\u017bele do mycia twarzy z w\u0119glem aktywnym zyskuj\u0105 coraz wi\u0119ksz\u0105 popularno\u015b\u0107 w\u015br\u00f3d os\u00f3b poszukuj\u0105cych skutecznych rozwi\u0105za\u0144 w piel\u0119gnacji sk\u00f3ry. W\u0119giel aktywny, znany ze swoich w\u0142a\u015bciwo\u015bci absorpcyjnych, jest cz\u0119sto wykorzystywany w produktach kosmetycznych przeznaczonych do g\u0142\u0119bokiego oczyszczania. Jego zdolno\u015b\u0107 do przyci\u0105gania i wi\u0105zania zanieczyszcze\u0144 oraz nadmiaru sebum sprawia, \u017ce jest idealnym sk\u0142adnikiem dla os\u00f3b borykaj\u0105cych si\u0119 [&hellip;]<\/p>\n","protected":false},"author":1,"featured_media":0,"comment_status":"","ping_status":"open","sticky":false,"template":"","format":"standard","meta":{"footnotes":""},"categories":[1],"tags":[],"class_list":["post-7912","post","type-post","status-publish","format-standard","hentry","category-bez-kategorii"],"fm_meta_title":"\u017bele do mycia twarzy z w\u0119glem aktywnym \u2013 czy s\u0105 skuteczne?","fm_meta_description":"Odkryj skuteczno\u015b\u0107 \u017celi do mycia twarzy z w\u0119glem aktywnym! Dowiedz si\u0119, jak dzia\u0142aj\u0105 i czy warto je wypr\u00f3bowa\u0107 dla zdrowej, czystej sk\u00f3ry.","yoast_head":"<!-- This site is optimized with the Yoast SEO plugin v21.5 - https:\/\/yoast.com\/wordpress\/plugins\/seo\/ -->\n<title>\u017bele do mycia twarzy z w\u0119glem aktywnym \u2013 czy s\u0105 skuteczne?<\/title>\n<meta name=\"description\" content=\"Odkryj skuteczno\u015b\u0107 \u017celi do mycia twarzy z w\u0119glem aktywnym! Dowiedz si\u0119, jak dzia\u0142aj\u0105 i czy warto je wypr\u00f3bowa\u0107 dla zdrowej, czystej sk\u00f3ry.\" \/>\n<meta name=\"robots\" content=\"index, follow, max-snippet:-1, max-image-preview:large, max-video-preview:-1\" \/>\n<link rel=\"canonical\" href=\"https:\/\/darzdrowia.pl\/ciekawostki\/zele-do-mycia-twarzy-z-weglem-aktywnym-czy-sa-skuteczne\/\" \/>\n<meta property=\"og:locale\" content=\"pl_PL\" \/>\n<meta property=\"og:type\" content=\"article\" \/>\n<meta property=\"og:title\" content=\"\u017bele do mycia twarzy z w\u0119glem aktywnym \u2013 czy s\u0105 skuteczne?\" \/>\n<meta property=\"og:description\" content=\"Odkryj skuteczno\u015b\u0107 \u017celi do mycia twarzy z w\u0119glem aktywnym! Dowiedz si\u0119, jak dzia\u0142aj\u0105 i czy warto je wypr\u00f3bowa\u0107 dla zdrowej, czystej sk\u00f3ry.\" \/>\n<meta property=\"og:url\" content=\"https:\/\/darzdrowia.pl\/ciekawostki\/zele-do-mycia-twarzy-z-weglem-aktywnym-czy-sa-skuteczne\/\" \/>\n<meta property=\"og:site_name\" content=\"Dar Zdrowia Drogeria - Blog\" \/>\n<meta property=\"article:publisher\" content=\"https:\/\/www.facebook.com\/profile.php?id=100063606935396\" \/>\n<meta property=\"article:published_time\" content=\"2025-02-28T16:16:52+00:00\" \/>\n<meta name=\"author\" content=\"funkymedia\" \/>\n<meta name=\"twitter:card\" content=\"summary_large_image\" \/>\n<meta name=\"twitter:label1\" content=\"Napisane przez\" \/>\n\t<meta name=\"twitter:data1\" content=\"funkymedia\" \/>\n\t<meta name=\"twitter:label2\" content=\"Szacowany czas czytania\" \/>\n\t<meta name=\"twitter:data2\" content=\"5 minut\" \/>\n<script type=\"application\/ld+json\" class=\"yoast-schema-graph\">{\"@context\":\"https:\/\/schema.org\",\"@graph\":[{\"@type\":\"Article\",\"@id\":\"https:\/\/darzdrowia.pl\/ciekawostki\/zele-do-mycia-twarzy-z-weglem-aktywnym-czy-sa-skuteczne\/#article\",\"isPartOf\":{\"@id\":\"https:\/\/darzdrowia.pl\/ciekawostki\/zele-do-mycia-twarzy-z-weglem-aktywnym-czy-sa-skuteczne\/\"},\"author\":{\"name\":\"funkymedia\",\"@id\":\"https:\/\/darzdrowia.pl\/ciekawostki\/#\/schema\/person\/e75579d624630bf943ac69d374bb928e\"},\"headline\":\"\u017bele do mycia twarzy z w\u0119glem aktywnym \u2013 czy s\u0105 skuteczne?\",\"datePublished\":\"2025-02-28T16:16:52+00:00\",\"dateModified\":\"2025-02-28T16:16:52+00:00\",\"mainEntityOfPage\":{\"@id\":\"https:\/\/darzdrowia.pl\/ciekawostki\/zele-do-mycia-twarzy-z-weglem-aktywnym-czy-sa-skuteczne\/\"},\"wordCount\":945,\"publisher\":{\"@id\":\"https:\/\/darzdrowia.pl\/ciekawostki\/#organization\"},\"inLanguage\":\"pl-PL\"},{\"@type\":\"WebPage\",\"@id\":\"https:\/\/darzdrowia.pl\/ciekawostki\/zele-do-mycia-twarzy-z-weglem-aktywnym-czy-sa-skuteczne\/\",\"url\":\"https:\/\/darzdrowia.pl\/ciekawostki\/zele-do-mycia-twarzy-z-weglem-aktywnym-czy-sa-skuteczne\/\",\"name\":\"\u017bele do mycia twarzy z w\u0119glem aktywnym \u2013 czy s\u0105 skuteczne?\",\"isPartOf\":{\"@id\":\"https:\/\/darzdrowia.pl\/ciekawostki\/#website\"},\"datePublished\":\"2025-02-28T16:16:52+00:00\",\"dateModified\":\"2025-02-28T16:16:52+00:00\",\"description\":\"Odkryj skuteczno\u015b\u0107 \u017celi do mycia twarzy z w\u0119glem aktywnym! Dowiedz si\u0119, jak dzia\u0142aj\u0105 i czy warto je wypr\u00f3bowa\u0107 dla zdrowej, czystej sk\u00f3ry.\",\"breadcrumb\":{\"@id\":\"https:\/\/darzdrowia.pl\/ciekawostki\/zele-do-mycia-twarzy-z-weglem-aktywnym-czy-sa-skuteczne\/#breadcrumb\"},\"inLanguage\":\"pl-PL\",\"potentialAction\":[{\"@type\":\"ReadAction\",\"target\":[\"https:\/\/darzdrowia.pl\/ciekawostki\/zele-do-mycia-twarzy-z-weglem-aktywnym-czy-sa-skuteczne\/\"]}]},{\"@type\":\"BreadcrumbList\",\"@id\":\"https:\/\/darzdrowia.pl\/ciekawostki\/zele-do-mycia-twarzy-z-weglem-aktywnym-czy-sa-skuteczne\/#breadcrumb\",\"itemListElement\":[{\"@type\":\"ListItem\",\"position\":1,\"name\":\"Strona g\u0142\u00f3wna\",\"item\":\"https:\/\/darzdrowia.pl\/ciekawostki\/\"},{\"@type\":\"ListItem\",\"position\":2,\"name\":\"\u017bele do mycia twarzy z w\u0119glem aktywnym \u2013 czy s\u0105 skuteczne?\"}]},{\"@type\":\"WebSite\",\"@id\":\"https:\/\/darzdrowia.pl\/ciekawostki\/#website\",\"url\":\"https:\/\/darzdrowia.pl\/ciekawostki\/\",\"name\":\"Dar Zdrowia Drogeria - Blog\",\"description\":\"\",\"publisher\":{\"@id\":\"https:\/\/darzdrowia.pl\/ciekawostki\/#organization\"},\"potentialAction\":[{\"@type\":\"SearchAction\",\"target\":{\"@type\":\"EntryPoint\",\"urlTemplate\":\"https:\/\/darzdrowia.pl\/ciekawostki\/?s={search_term_string}\"},\"query-input\":\"required name=search_term_string\"}],\"inLanguage\":\"pl-PL\"},{\"@type\":\"Organization\",\"@id\":\"https:\/\/darzdrowia.pl\/ciekawostki\/#organization\",\"name\":\"Dar Zdrowia Drogeria - Blog\",\"url\":\"https:\/\/darzdrowia.pl\/ciekawostki\/\",\"logo\":{\"@type\":\"ImageObject\",\"inLanguage\":\"pl-PL\",\"@id\":\"https:\/\/darzdrowia.pl\/ciekawostki\/#\/schema\/logo\/image\/\",\"url\":\"https:\/\/darzdrowia.pl\/ciekawostki\/wp-content\/uploads\/2023\/11\/logo-darzdrowia.webp\",\"contentUrl\":\"https:\/\/darzdrowia.pl\/ciekawostki\/wp-content\/uploads\/2023\/11\/logo-darzdrowia.webp\",\"width\":744,\"height\":225,\"caption\":\"Dar Zdrowia Drogeria - Blog\"},\"image\":{\"@id\":\"https:\/\/darzdrowia.pl\/ciekawostki\/#\/schema\/logo\/image\/\"},\"sameAs\":[\"https:\/\/www.facebook.com\/profile.php?id=100063606935396\"]},{\"@type\":\"Person\",\"@id\":\"https:\/\/darzdrowia.pl\/ciekawostki\/#\/schema\/person\/e75579d624630bf943ac69d374bb928e\",\"name\":\"funkymedia\",\"image\":{\"@type\":\"ImageObject\",\"inLanguage\":\"pl-PL\",\"@id\":\"https:\/\/darzdrowia.pl\/ciekawostki\/#\/schema\/person\/image\/\",\"url\":\"https:\/\/secure.gravatar.com\/avatar\/393cb205b658aef6e3271ad5a92265e3e4433d2384bbe95524ba160d5bc20299?s=96&d=mm&r=g\",\"contentUrl\":\"https:\/\/secure.gravatar.com\/avatar\/393cb205b658aef6e3271ad5a92265e3e4433d2384bbe95524ba160d5bc20299?s=96&d=mm&r=g\",\"caption\":\"funkymedia\"},\"sameAs\":[\"https:\/\/darzdrowia.pl\/ciekawostki\"],\"url\":\"https:\/\/darzdrowia.pl\/ciekawostki\/author\/funkymedia\/\"}]}<\/script>\n<!-- \/ Yoast SEO plugin. -->","yoast_head_json":{"title":"\u017bele do mycia twarzy z w\u0119glem aktywnym \u2013 czy s\u0105 skuteczne?","description":"Odkryj skuteczno\u015b\u0107 \u017celi do mycia twarzy z w\u0119glem aktywnym! Dowiedz si\u0119, jak dzia\u0142aj\u0105 i czy warto je wypr\u00f3bowa\u0107 dla zdrowej, czystej sk\u00f3ry.","robots":{"index":"index","follow":"follow","max-snippet":"max-snippet:-1","max-image-preview":"max-image-preview:large","max-video-preview":"max-video-preview:-1"},"canonical":"https:\/\/darzdrowia.pl\/ciekawostki\/zele-do-mycia-twarzy-z-weglem-aktywnym-czy-sa-skuteczne\/","og_locale":"pl_PL","og_type":"article","og_title":"\u017bele do mycia twarzy z w\u0119glem aktywnym \u2013 czy s\u0105 skuteczne?","og_description":"Odkryj skuteczno\u015b\u0107 \u017celi do mycia twarzy z w\u0119glem aktywnym! Dowiedz si\u0119, jak dzia\u0142aj\u0105 i czy warto je wypr\u00f3bowa\u0107 dla zdrowej, czystej sk\u00f3ry.","og_url":"https:\/\/darzdrowia.pl\/ciekawostki\/zele-do-mycia-twarzy-z-weglem-aktywnym-czy-sa-skuteczne\/","og_site_name":"Dar Zdrowia Drogeria - Blog","article_publisher":"https:\/\/www.facebook.com\/profile.php?id=100063606935396","article_published_time":"2025-02-28T16:16:52+00:00","author":"funkymedia","twitter_card":"summary_large_image","twitter_misc":{"Napisane przez":"funkymedia","Szacowany czas czytania":"5 minut"},"schema":{"@context":"https:\/\/schema.org","@graph":[{"@type":"Article","@id":"https:\/\/darzdrowia.pl\/ciekawostki\/zele-do-mycia-twarzy-z-weglem-aktywnym-czy-sa-skuteczne\/#article","isPartOf":{"@id":"https:\/\/darzdrowia.pl\/ciekawostki\/zele-do-mycia-twarzy-z-weglem-aktywnym-czy-sa-skuteczne\/"},"author":{"name":"funkymedia","@id":"https:\/\/darzdrowia.pl\/ciekawostki\/#\/schema\/person\/e75579d624630bf943ac69d374bb928e"},"headline":"\u017bele do mycia twarzy z w\u0119glem aktywnym \u2013 czy s\u0105 skuteczne?","datePublished":"2025-02-28T16:16:52+00:00","dateModified":"2025-02-28T16:16:52+00:00","mainEntityOfPage":{"@id":"https:\/\/darzdrowia.pl\/ciekawostki\/zele-do-mycia-twarzy-z-weglem-aktywnym-czy-sa-skuteczne\/"},"wordCount":945,"publisher":{"@id":"https:\/\/darzdrowia.pl\/ciekawostki\/#organization"},"inLanguage":"pl-PL"},{"@type":"WebPage","@id":"https:\/\/darzdrowia.pl\/ciekawostki\/zele-do-mycia-twarzy-z-weglem-aktywnym-czy-sa-skuteczne\/","url":"https:\/\/darzdrowia.pl\/ciekawostki\/zele-do-mycia-twarzy-z-weglem-aktywnym-czy-sa-skuteczne\/","name":"\u017bele do mycia twarzy z w\u0119glem aktywnym \u2013 czy s\u0105 skuteczne?","isPartOf":{"@id":"https:\/\/darzdrowia.pl\/ciekawostki\/#website"},"datePublished":"2025-02-28T16:16:52+00:00","dateModified":"2025-02-28T16:16:52+00:00","description":"Odkryj skuteczno\u015b\u0107 \u017celi do mycia twarzy z w\u0119glem aktywnym! Dowiedz si\u0119, jak dzia\u0142aj\u0105 i czy warto je wypr\u00f3bowa\u0107 dla zdrowej, czystej sk\u00f3ry.","breadcrumb":{"@id":"https:\/\/darzdrowia.pl\/ciekawostki\/zele-do-mycia-twarzy-z-weglem-aktywnym-czy-sa-skuteczne\/#breadcrumb"},"inLanguage":"pl-PL","potentialAction":[{"@type":"ReadAction","target":["https:\/\/darzdrowia.pl\/ciekawostki\/zele-do-mycia-twarzy-z-weglem-aktywnym-czy-sa-skuteczne\/"]}]},{"@type":"BreadcrumbList","@id":"https:\/\/darzdrowia.pl\/ciekawostki\/zele-do-mycia-twarzy-z-weglem-aktywnym-czy-sa-skuteczne\/#breadcrumb","itemListElement":[{"@type":"ListItem","position":1,"name":"Strona g\u0142\u00f3wna","item":"https:\/\/darzdrowia.pl\/ciekawostki\/"},{"@type":"ListItem","position":2,"name":"\u017bele do mycia twarzy z w\u0119glem aktywnym \u2013 czy s\u0105 skuteczne?"}]},{"@type":"WebSite","@id":"https:\/\/darzdrowia.pl\/ciekawostki\/#website","url":"https:\/\/darzdrowia.pl\/ciekawostki\/","name":"Dar Zdrowia Drogeria - Blog","description":"","publisher":{"@id":"https:\/\/darzdrowia.pl\/ciekawostki\/#organization"},"potentialAction":[{"@type":"SearchAction","target":{"@type":"EntryPoint","urlTemplate":"https:\/\/darzdrowia.pl\/ciekawostki\/?s={search_term_string}"},"query-input":"required name=search_term_string"}],"inLanguage":"pl-PL"},{"@type":"Organization","@id":"https:\/\/darzdrowia.pl\/ciekawostki\/#organization","name":"Dar Zdrowia Drogeria - Blog","url":"https:\/\/darzdrowia.pl\/ciekawostki\/","logo":{"@type":"ImageObject","inLanguage":"pl-PL","@id":"https:\/\/darzdrowia.pl\/ciekawostki\/#\/schema\/logo\/image\/","url":"https:\/\/darzdrowia.pl\/ciekawostki\/wp-content\/uploads\/2023\/11\/logo-darzdrowia.webp","contentUrl":"https:\/\/darzdrowia.pl\/ciekawostki\/wp-content\/uploads\/2023\/11\/logo-darzdrowia.webp","width":744,"height":225,"caption":"Dar Zdrowia Drogeria - Blog"},"image":{"@id":"https:\/\/darzdrowia.pl\/ciekawostki\/#\/schema\/logo\/image\/"},"sameAs":["https:\/\/www.facebook.com\/profile.php?id=100063606935396"]},{"@type":"Person","@id":"https:\/\/darzdrowia.pl\/ciekawostki\/#\/schema\/person\/e75579d624630bf943ac69d374bb928e","name":"funkymedia","image":{"@type":"ImageObject","inLanguage":"pl-PL","@id":"https:\/\/darzdrowia.pl\/ciekawostki\/#\/schema\/person\/image\/","url":"https:\/\/secure.gravatar.com\/avatar\/393cb205b658aef6e3271ad5a92265e3e4433d2384bbe95524ba160d5bc20299?s=96&d=mm&r=g","contentUrl":"https:\/\/secure.gravatar.com\/avatar\/393cb205b658aef6e3271ad5a92265e3e4433d2384bbe95524ba160d5bc20299?s=96&d=mm&r=g","caption":"funkymedia"},"sameAs":["https:\/\/darzdrowia.pl\/ciekawostki"],"url":"https:\/\/darzdrowia.pl\/ciekawostki\/author\/funkymedia\/"}]}},"_links":{"self":[{"href":"https:\/\/darzdrowia.pl\/ciekawostki\/wp-json\/wp\/v2\/posts\/7912","targetHints":{"allow":["GET"]}}],"collection":[{"href":"https:\/\/darzdrowia.pl\/ciekawostki\/wp-json\/wp\/v2\/posts"}],"about":[{"href":"https:\/\/darzdrowia.pl\/ciekawostki\/wp-json\/wp\/v2\/types\/post"}],"author":[{"embeddable":true,"href":"https:\/\/darzdrowia.pl\/ciekawostki\/wp-json\/wp\/v2\/users\/1"}],"replies":[{"embeddable":true,"href":"https:\/\/darzdrowia.pl\/ciekawostki\/wp-json\/wp\/v2\/comments?post=7912"}],"version-history":[{"count":0,"href":"https:\/\/darzdrowia.pl\/ciekawostki\/wp-json\/wp\/v2\/posts\/7912\/revisions"}],"wp:attachment":[{"href":"https:\/\/darzdrowia.pl\/ciekawostki\/wp-json\/wp\/v2\/media?parent=7912"}],"wp:term":[{"taxonomy":"category","embeddable":true,"href":"https:\/\/darzdrowia.pl\/ciekawostki\/wp-json\/wp\/v2\/categories?post=7912"},{"taxonomy":"post_tag","embeddable":true,"href":"https:\/\/darzdrowia.pl\/ciekawostki\/wp-json\/wp\/v2\/tags?post=7912"}],"curies":[{"name":"wp","href":"https:\/\/api.w.org\/{rel}","templated":true}]}}