{"id":7907,"date":"2025-02-28T17:15:44","date_gmt":"2025-02-28T16:15:44","guid":{"rendered":"https:\/\/darzdrowia.pl\/ciekawostki\/serum-do-twarzy-z-niacynamidem-dlaczego-warto-je-stosowac\/"},"modified":"2025-02-28T17:15:44","modified_gmt":"2025-02-28T16:15:44","slug":"serum-do-twarzy-z-niacynamidem-dlaczego-warto-je-stosowac","status":"publish","type":"post","link":"https:\/\/darzdrowia.pl\/ciekawostki\/serum-do-twarzy-z-niacynamidem-dlaczego-warto-je-stosowac\/","title":{"rendered":"Serum do twarzy z niacynamidem \u2013 dlaczego warto je stosowa\u0107?"},"content":{"rendered":"\n<p>Serum do twarzy z niacynamidem to produkt, kt\u00f3ry zyskuje coraz wi\u0119ksz\u0105 popularno\u015b\u0107 w \u015bwiecie piel\u0119gnacji sk\u00f3ry. Niacynamid, znany r\u00f3wnie\u017c jako witamina B3, jest sk\u0142adnikiem o wszechstronnym dzia\u0142aniu, kt\u00f3ry mo\u017ce przynie\u015b\u0107 wiele korzy\u015bci dla r\u00f3\u017cnych typ\u00f3w cery. Jego regularne stosowanie pomaga w walce z problemami sk\u00f3rnymi takimi jak tr\u0105dzik, przebarwienia czy nadmierne wydzielanie sebum. Ponadto, niacynamid ma w\u0142a\u015bciwo\u015bci przeciwzapalne i nawil\u017caj\u0105ce, co czyni go idealnym wyborem dla os\u00f3b z cer\u0105 wra\u017cliw\u0105 lub sk\u0142onn\u0105 do podra\u017cnie\u0144. Dzi\u0119ki zdolno\u015bci do wzmacniania bariery ochronnej sk\u00f3ry oraz poprawy jej tekstury i elastyczno\u015bci, serum z niacynamidem staje si\u0119 nieodzownym elementem codziennej rutyny piel\u0119gnacyjnej dla tych, kt\u00f3rzy pragn\u0105 zdrowej i promiennej cery.<\/p>\n\n\n\n<h2 class=\"wp-block-heading\">Niacynamid w piel\u0119gnacji sk\u00f3ry: Jak serum z tym sk\u0142adnikiem mo\u017ce odmieni\u0107 Twoj\u0105 cer\u0119?<\/h2>\n\n\n\n<p>Niacynamid, znany r\u00f3wnie\u017c jako witamina B3, jest popularnym sk\u0142adnikiem w produktach do piel\u0119gnacji sk\u00f3ry. Jego wszechstronne dzia\u0142anie sprawia, \u017ce jest ceniony w kosmetologii. Serum z niacynamidem mo\u017ce znacz\u0105co poprawi\u0107 kondycj\u0119 cery dzi\u0119ki swoim w\u0142a\u015bciwo\u015bciom przeciwzapalnym i nawil\u017caj\u0105cym. Pomaga w redukcji zaczerwienie\u0144 oraz wyr\u00f3wnaniu kolorytu sk\u00f3ry. Dodatkowo, niacynamid wspiera produkcj\u0119 ceramid\u00f3w, co wzmacnia barier\u0119 ochronn\u0105 sk\u00f3ry. Regularne stosowanie serum z tym sk\u0142adnikiem mo\u017ce prowadzi\u0107 do zmniejszenia widoczno\u015bci por\u00f3w oraz poprawy elastyczno\u015bci sk\u00f3ry. Jest odpowiedni dla r\u00f3\u017cnych typ\u00f3w cery, w tym dla sk\u00f3ry t\u0142ustej i tr\u0105dzikowej, dzi\u0119ki regulacji wydzielania sebum.<\/p>\n\n\n\n<h2 class=\"wp-block-heading\">Serum do twarzy z niacynamidem: Klucz do zdrowej i promiennej sk\u00f3ry<\/h2>\n\n\n\n<p>Serum do twarzy z niacynamidem to produkt, kt\u00f3ry zdobywa coraz wi\u0119ksz\u0105 popularno\u015b\u0107 w piel\u0119gnacji sk\u00f3ry. Niacynamid, znany r\u00f3wnie\u017c jako witamina B3, jest sk\u0142adnikiem o wszechstronnym dzia\u0142aniu. Pomaga w redukcji zaczerwienie\u0144 i stan\u00f3w zapalnych, co czyni go idealnym dla os\u00f3b z tr\u0105dzikiem lub cer\u0105 naczynkow\u0105. Dodatkowo, niacynamid wspiera produkcj\u0119 ceramid\u00f3w, co wzmacnia barier\u0119 ochronn\u0105 sk\u00f3ry i zapobiega utracie wilgoci. Regularne stosowanie serum z tym sk\u0142adnikiem mo\u017ce prowadzi\u0107 do poprawy tekstury sk\u00f3ry oraz zmniejszenia widoczno\u015bci por\u00f3w. Dzi\u0119ki swoim w\u0142a\u015bciwo\u015bciom przeciwutleniaj\u0105cym, niacynamid chroni sk\u00f3r\u0119 przed szkodliwym dzia\u0142aniem wolnych rodnik\u00f3w. Serum z niacynamidem to klucz do zdrowej i promiennej cery, odpowiedni dla r\u00f3\u017cnych typ\u00f3w sk\u00f3ry.<\/p>\n\n\n\n<h2 class=\"wp-block-heading\">Dlaczego warto w\u0142\u0105czy\u0107 serum z niacynamidem do swojej rutyny piel\u0119gnacyjnej?<\/h2>\n\n\n\n<p>Serum z niacynamidem warto w\u0142\u0105czy\u0107 do rutyny piel\u0119gnacyjnej ze wzgl\u0119du na jego liczne korzy\u015bci dla sk\u00f3ry. Niacynamid, znany r\u00f3wnie\u017c jako witamina B3, pomaga w regulacji produkcji sebum, co jest szczeg\u00f3lnie korzystne dla os\u00f3b z cer\u0105 t\u0142ust\u0105 i sk\u0142onn\u0105 do tr\u0105dziku. Dzia\u0142a przeciwzapalnie, redukuj\u0105c zaczerwienienia i podra\u017cnienia. Ponadto, niacynamid wspomaga barier\u0119 ochronn\u0105 sk\u00f3ry, zwi\u0119kszaj\u0105c jej odporno\u015b\u0107 na czynniki zewn\u0119trzne. Regularne stosowanie serum mo\u017ce r\u00f3wnie\u017c poprawi\u0107 elastyczno\u015b\u0107 sk\u00f3ry oraz zmniejszy\u0107 widoczno\u015b\u0107 por\u00f3w i drobnych zmarszczek. Dzi\u0119ki swoim w\u0142a\u015bciwo\u015bciom rozja\u015bniaj\u0105cym, niacynamid pomaga wyr\u00f3wna\u0107 koloryt sk\u00f3ry i redukowa\u0107 przebarwienia.<\/p>\n\n\n\n<p>Serum do twarzy z niacynamidem to produkt, kt\u00f3ry zdobywa coraz wi\u0119ksz\u0105 popularno\u015b\u0107 w piel\u0119gnacji sk\u00f3ry, i to z wielu dobrych powod\u00f3w. Niacynamid, znany r\u00f3wnie\u017c jako witamina B3, oferuje szeroki wachlarz korzy\u015bci dla r\u00f3\u017cnych typ\u00f3w cery. Przede wszystkim, pomaga w regulacji produkcji sebum, co jest szczeg\u00f3lnie korzystne dla os\u00f3b z cer\u0105 t\u0142ust\u0105 i sk\u0142onn\u0105 do tr\u0105dziku. Dzia\u0142a tak\u017ce przeciwzapalnie, co mo\u017ce \u0142agodzi\u0107 zaczerwienienia i podra\u017cnienia sk\u00f3ry.<\/p>\n\n\n\n<p>Dodatkowo, niacynamid wspiera barier\u0119 ochronn\u0105 sk\u00f3ry, co jest kluczowe dla utrzymania odpowiedniego poziomu nawil\u017cenia oraz ochrony przed szkodliwymi czynnikami zewn\u0119trznymi. Regularne stosowanie serum z tym sk\u0142adnikiem mo\u017ce r\u00f3wnie\u017c przyczyni\u0107 si\u0119 do wyr\u00f3wnania kolorytu sk\u00f3ry oraz zmniejszenia widoczno\u015bci por\u00f3w.<\/p>\n\n\n\n<p>Podsumowuj\u0105c, serum do twarzy z niacynamidem to wszechstronny produkt piel\u0119gnacyjny, kt\u00f3ry warto w\u0142\u0105czy\u0107 do swojej rutyny kosmetycznej. Jego wielokierunkowe dzia\u0142anie sprawia, \u017ce jest odpowiedni dla r\u00f3\u017cnych potrzeb sk\u00f3ry \u2013 od nawil\u017cenia i ochrony po walk\u0119 z niedoskona\u0142o\u015bciami. Dzi\u0119ki temu mo\u017ce znacz\u0105co poprawi\u0107 og\u00f3lny wygl\u0105d i kondycj\u0119 cery.<\/p>\n","protected":false},"excerpt":{"rendered":"<p>Serum do twarzy z niacynamidem to produkt, kt\u00f3ry zyskuje coraz wi\u0119ksz\u0105 popularno\u015b\u0107 w \u015bwiecie piel\u0119gnacji sk\u00f3ry. Niacynamid, znany r\u00f3wnie\u017c jako witamina B3, jest sk\u0142adnikiem o wszechstronnym dzia\u0142aniu, kt\u00f3ry mo\u017ce przynie\u015b\u0107 wiele korzy\u015bci dla r\u00f3\u017cnych typ\u00f3w cery. Jego regularne stosowanie pomaga w walce z problemami sk\u00f3rnymi takimi jak tr\u0105dzik, przebarwienia czy nadmierne wydzielanie sebum. Ponadto, niacynamid [&hellip;]<\/p>\n","protected":false},"author":1,"featured_media":0,"comment_status":"","ping_status":"open","sticky":false,"template":"","format":"standard","meta":{"footnotes":""},"categories":[1],"tags":[],"class_list":["post-7907","post","type-post","status-publish","format-standard","hentry","category-bez-kategorii"],"fm_meta_title":"Serum do twarzy z niacynamidem \u2013 dlaczego warto je stosowa\u0107?","fm_meta_description":"Odkryj korzy\u015bci serum z niacynamidem! Popraw wygl\u0105d sk\u00f3ry, zmniejsz niedoskona\u0142o\u015bci i ciesz si\u0119 promienn\u0105 cer\u0105. Sprawd\u017a, dlaczego warto je stosowa\u0107!","yoast_head":"<!-- This site is optimized with the Yoast SEO plugin v21.5 - https:\/\/yoast.com\/wordpress\/plugins\/seo\/ -->\n<title>Serum do twarzy z niacynamidem \u2013 dlaczego warto je stosowa\u0107?<\/title>\n<meta name=\"description\" content=\"Odkryj korzy\u015bci serum z niacynamidem! Popraw wygl\u0105d sk\u00f3ry, zmniejsz niedoskona\u0142o\u015bci i ciesz si\u0119 promienn\u0105 cer\u0105. Sprawd\u017a, dlaczego warto je stosowa\u0107!\" \/>\n<meta name=\"robots\" content=\"index, follow, max-snippet:-1, max-image-preview:large, max-video-preview:-1\" \/>\n<link rel=\"canonical\" href=\"https:\/\/darzdrowia.pl\/ciekawostki\/serum-do-twarzy-z-niacynamidem-dlaczego-warto-je-stosowac\/\" \/>\n<meta property=\"og:locale\" content=\"pl_PL\" \/>\n<meta property=\"og:type\" content=\"article\" \/>\n<meta property=\"og:title\" content=\"Serum do twarzy z niacynamidem \u2013 dlaczego warto je stosowa\u0107?\" \/>\n<meta property=\"og:description\" content=\"Odkryj korzy\u015bci serum z niacynamidem! Popraw wygl\u0105d sk\u00f3ry, zmniejsz niedoskona\u0142o\u015bci i ciesz si\u0119 promienn\u0105 cer\u0105. Sprawd\u017a, dlaczego warto je stosowa\u0107!\" \/>\n<meta property=\"og:url\" content=\"https:\/\/darzdrowia.pl\/ciekawostki\/serum-do-twarzy-z-niacynamidem-dlaczego-warto-je-stosowac\/\" \/>\n<meta property=\"og:site_name\" content=\"Dar Zdrowia Drogeria - Blog\" \/>\n<meta property=\"article:publisher\" content=\"https:\/\/www.facebook.com\/profile.php?id=100063606935396\" \/>\n<meta property=\"article:published_time\" content=\"2025-02-28T16:15:44+00:00\" \/>\n<meta name=\"author\" content=\"funkymedia\" \/>\n<meta name=\"twitter:card\" content=\"summary_large_image\" \/>\n<meta name=\"twitter:label1\" content=\"Napisane przez\" \/>\n\t<meta name=\"twitter:data1\" content=\"funkymedia\" \/>\n\t<meta name=\"twitter:label2\" content=\"Szacowany czas czytania\" \/>\n\t<meta name=\"twitter:data2\" content=\"4 minuty\" \/>\n<script type=\"application\/ld+json\" class=\"yoast-schema-graph\">{\"@context\":\"https:\/\/schema.org\",\"@graph\":[{\"@type\":\"Article\",\"@id\":\"https:\/\/darzdrowia.pl\/ciekawostki\/serum-do-twarzy-z-niacynamidem-dlaczego-warto-je-stosowac\/#article\",\"isPartOf\":{\"@id\":\"https:\/\/darzdrowia.pl\/ciekawostki\/serum-do-twarzy-z-niacynamidem-dlaczego-warto-je-stosowac\/\"},\"author\":{\"name\":\"funkymedia\",\"@id\":\"https:\/\/darzdrowia.pl\/ciekawostki\/#\/schema\/person\/e75579d624630bf943ac69d374bb928e\"},\"headline\":\"Serum do twarzy z niacynamidem \u2013 dlaczego warto je stosowa\u0107?\",\"datePublished\":\"2025-02-28T16:15:44+00:00\",\"dateModified\":\"2025-02-28T16:15:44+00:00\",\"mainEntityOfPage\":{\"@id\":\"https:\/\/darzdrowia.pl\/ciekawostki\/serum-do-twarzy-z-niacynamidem-dlaczego-warto-je-stosowac\/\"},\"wordCount\":738,\"publisher\":{\"@id\":\"https:\/\/darzdrowia.pl\/ciekawostki\/#organization\"},\"inLanguage\":\"pl-PL\"},{\"@type\":\"WebPage\",\"@id\":\"https:\/\/darzdrowia.pl\/ciekawostki\/serum-do-twarzy-z-niacynamidem-dlaczego-warto-je-stosowac\/\",\"url\":\"https:\/\/darzdrowia.pl\/ciekawostki\/serum-do-twarzy-z-niacynamidem-dlaczego-warto-je-stosowac\/\",\"name\":\"Serum do twarzy z niacynamidem \u2013 dlaczego warto je stosowa\u0107?\",\"isPartOf\":{\"@id\":\"https:\/\/darzdrowia.pl\/ciekawostki\/#website\"},\"datePublished\":\"2025-02-28T16:15:44+00:00\",\"dateModified\":\"2025-02-28T16:15:44+00:00\",\"description\":\"Odkryj korzy\u015bci serum z niacynamidem! Popraw wygl\u0105d sk\u00f3ry, zmniejsz niedoskona\u0142o\u015bci i ciesz si\u0119 promienn\u0105 cer\u0105. Sprawd\u017a, dlaczego warto je stosowa\u0107!\",\"breadcrumb\":{\"@id\":\"https:\/\/darzdrowia.pl\/ciekawostki\/serum-do-twarzy-z-niacynamidem-dlaczego-warto-je-stosowac\/#breadcrumb\"},\"inLanguage\":\"pl-PL\",\"potentialAction\":[{\"@type\":\"ReadAction\",\"target\":[\"https:\/\/darzdrowia.pl\/ciekawostki\/serum-do-twarzy-z-niacynamidem-dlaczego-warto-je-stosowac\/\"]}]},{\"@type\":\"BreadcrumbList\",\"@id\":\"https:\/\/darzdrowia.pl\/ciekawostki\/serum-do-twarzy-z-niacynamidem-dlaczego-warto-je-stosowac\/#breadcrumb\",\"itemListElement\":[{\"@type\":\"ListItem\",\"position\":1,\"name\":\"Strona g\u0142\u00f3wna\",\"item\":\"https:\/\/darzdrowia.pl\/ciekawostki\/\"},{\"@type\":\"ListItem\",\"position\":2,\"name\":\"Serum do twarzy z niacynamidem \u2013 dlaczego warto je stosowa\u0107?\"}]},{\"@type\":\"WebSite\",\"@id\":\"https:\/\/darzdrowia.pl\/ciekawostki\/#website\",\"url\":\"https:\/\/darzdrowia.pl\/ciekawostki\/\",\"name\":\"Dar Zdrowia Drogeria - Blog\",\"description\":\"\",\"publisher\":{\"@id\":\"https:\/\/darzdrowia.pl\/ciekawostki\/#organization\"},\"potentialAction\":[{\"@type\":\"SearchAction\",\"target\":{\"@type\":\"EntryPoint\",\"urlTemplate\":\"https:\/\/darzdrowia.pl\/ciekawostki\/?s={search_term_string}\"},\"query-input\":\"required name=search_term_string\"}],\"inLanguage\":\"pl-PL\"},{\"@type\":\"Organization\",\"@id\":\"https:\/\/darzdrowia.pl\/ciekawostki\/#organization\",\"name\":\"Dar Zdrowia Drogeria - Blog\",\"url\":\"https:\/\/darzdrowia.pl\/ciekawostki\/\",\"logo\":{\"@type\":\"ImageObject\",\"inLanguage\":\"pl-PL\",\"@id\":\"https:\/\/darzdrowia.pl\/ciekawostki\/#\/schema\/logo\/image\/\",\"url\":\"https:\/\/darzdrowia.pl\/ciekawostki\/wp-content\/uploads\/2023\/11\/logo-darzdrowia.webp\",\"contentUrl\":\"https:\/\/darzdrowia.pl\/ciekawostki\/wp-content\/uploads\/2023\/11\/logo-darzdrowia.webp\",\"width\":744,\"height\":225,\"caption\":\"Dar Zdrowia Drogeria - Blog\"},\"image\":{\"@id\":\"https:\/\/darzdrowia.pl\/ciekawostki\/#\/schema\/logo\/image\/\"},\"sameAs\":[\"https:\/\/www.facebook.com\/profile.php?id=100063606935396\"]},{\"@type\":\"Person\",\"@id\":\"https:\/\/darzdrowia.pl\/ciekawostki\/#\/schema\/person\/e75579d624630bf943ac69d374bb928e\",\"name\":\"funkymedia\",\"image\":{\"@type\":\"ImageObject\",\"inLanguage\":\"pl-PL\",\"@id\":\"https:\/\/darzdrowia.pl\/ciekawostki\/#\/schema\/person\/image\/\",\"url\":\"https:\/\/secure.gravatar.com\/avatar\/393cb205b658aef6e3271ad5a92265e3e4433d2384bbe95524ba160d5bc20299?s=96&d=mm&r=g\",\"contentUrl\":\"https:\/\/secure.gravatar.com\/avatar\/393cb205b658aef6e3271ad5a92265e3e4433d2384bbe95524ba160d5bc20299?s=96&d=mm&r=g\",\"caption\":\"funkymedia\"},\"sameAs\":[\"https:\/\/darzdrowia.pl\/ciekawostki\"],\"url\":\"https:\/\/darzdrowia.pl\/ciekawostki\/author\/funkymedia\/\"}]}<\/script>\n<!-- \/ Yoast SEO plugin. -->","yoast_head_json":{"title":"Serum do twarzy z niacynamidem \u2013 dlaczego warto je stosowa\u0107?","description":"Odkryj korzy\u015bci serum z niacynamidem! Popraw wygl\u0105d sk\u00f3ry, zmniejsz niedoskona\u0142o\u015bci i ciesz si\u0119 promienn\u0105 cer\u0105. Sprawd\u017a, dlaczego warto je stosowa\u0107!","robots":{"index":"index","follow":"follow","max-snippet":"max-snippet:-1","max-image-preview":"max-image-preview:large","max-video-preview":"max-video-preview:-1"},"canonical":"https:\/\/darzdrowia.pl\/ciekawostki\/serum-do-twarzy-z-niacynamidem-dlaczego-warto-je-stosowac\/","og_locale":"pl_PL","og_type":"article","og_title":"Serum do twarzy z niacynamidem \u2013 dlaczego warto je stosowa\u0107?","og_description":"Odkryj korzy\u015bci serum z niacynamidem! Popraw wygl\u0105d sk\u00f3ry, zmniejsz niedoskona\u0142o\u015bci i ciesz si\u0119 promienn\u0105 cer\u0105. Sprawd\u017a, dlaczego warto je stosowa\u0107!","og_url":"https:\/\/darzdrowia.pl\/ciekawostki\/serum-do-twarzy-z-niacynamidem-dlaczego-warto-je-stosowac\/","og_site_name":"Dar Zdrowia Drogeria - Blog","article_publisher":"https:\/\/www.facebook.com\/profile.php?id=100063606935396","article_published_time":"2025-02-28T16:15:44+00:00","author":"funkymedia","twitter_card":"summary_large_image","twitter_misc":{"Napisane przez":"funkymedia","Szacowany czas czytania":"4 minuty"},"schema":{"@context":"https:\/\/schema.org","@graph":[{"@type":"Article","@id":"https:\/\/darzdrowia.pl\/ciekawostki\/serum-do-twarzy-z-niacynamidem-dlaczego-warto-je-stosowac\/#article","isPartOf":{"@id":"https:\/\/darzdrowia.pl\/ciekawostki\/serum-do-twarzy-z-niacynamidem-dlaczego-warto-je-stosowac\/"},"author":{"name":"funkymedia","@id":"https:\/\/darzdrowia.pl\/ciekawostki\/#\/schema\/person\/e75579d624630bf943ac69d374bb928e"},"headline":"Serum do twarzy z niacynamidem \u2013 dlaczego warto je stosowa\u0107?","datePublished":"2025-02-28T16:15:44+00:00","dateModified":"2025-02-28T16:15:44+00:00","mainEntityOfPage":{"@id":"https:\/\/darzdrowia.pl\/ciekawostki\/serum-do-twarzy-z-niacynamidem-dlaczego-warto-je-stosowac\/"},"wordCount":738,"publisher":{"@id":"https:\/\/darzdrowia.pl\/ciekawostki\/#organization"},"inLanguage":"pl-PL"},{"@type":"WebPage","@id":"https:\/\/darzdrowia.pl\/ciekawostki\/serum-do-twarzy-z-niacynamidem-dlaczego-warto-je-stosowac\/","url":"https:\/\/darzdrowia.pl\/ciekawostki\/serum-do-twarzy-z-niacynamidem-dlaczego-warto-je-stosowac\/","name":"Serum do twarzy z niacynamidem \u2013 dlaczego warto je stosowa\u0107?","isPartOf":{"@id":"https:\/\/darzdrowia.pl\/ciekawostki\/#website"},"datePublished":"2025-02-28T16:15:44+00:00","dateModified":"2025-02-28T16:15:44+00:00","description":"Odkryj korzy\u015bci serum z niacynamidem! Popraw wygl\u0105d sk\u00f3ry, zmniejsz niedoskona\u0142o\u015bci i ciesz si\u0119 promienn\u0105 cer\u0105. Sprawd\u017a, dlaczego warto je stosowa\u0107!","breadcrumb":{"@id":"https:\/\/darzdrowia.pl\/ciekawostki\/serum-do-twarzy-z-niacynamidem-dlaczego-warto-je-stosowac\/#breadcrumb"},"inLanguage":"pl-PL","potentialAction":[{"@type":"ReadAction","target":["https:\/\/darzdrowia.pl\/ciekawostki\/serum-do-twarzy-z-niacynamidem-dlaczego-warto-je-stosowac\/"]}]},{"@type":"BreadcrumbList","@id":"https:\/\/darzdrowia.pl\/ciekawostki\/serum-do-twarzy-z-niacynamidem-dlaczego-warto-je-stosowac\/#breadcrumb","itemListElement":[{"@type":"ListItem","position":1,"name":"Strona g\u0142\u00f3wna","item":"https:\/\/darzdrowia.pl\/ciekawostki\/"},{"@type":"ListItem","position":2,"name":"Serum do twarzy z niacynamidem \u2013 dlaczego warto je stosowa\u0107?"}]},{"@type":"WebSite","@id":"https:\/\/darzdrowia.pl\/ciekawostki\/#website","url":"https:\/\/darzdrowia.pl\/ciekawostki\/","name":"Dar Zdrowia Drogeria - Blog","description":"","publisher":{"@id":"https:\/\/darzdrowia.pl\/ciekawostki\/#organization"},"potentialAction":[{"@type":"SearchAction","target":{"@type":"EntryPoint","urlTemplate":"https:\/\/darzdrowia.pl\/ciekawostki\/?s={search_term_string}"},"query-input":"required name=search_term_string"}],"inLanguage":"pl-PL"},{"@type":"Organization","@id":"https:\/\/darzdrowia.pl\/ciekawostki\/#organization","name":"Dar Zdrowia Drogeria - Blog","url":"https:\/\/darzdrowia.pl\/ciekawostki\/","logo":{"@type":"ImageObject","inLanguage":"pl-PL","@id":"https:\/\/darzdrowia.pl\/ciekawostki\/#\/schema\/logo\/image\/","url":"https:\/\/darzdrowia.pl\/ciekawostki\/wp-content\/uploads\/2023\/11\/logo-darzdrowia.webp","contentUrl":"https:\/\/darzdrowia.pl\/ciekawostki\/wp-content\/uploads\/2023\/11\/logo-darzdrowia.webp","width":744,"height":225,"caption":"Dar Zdrowia Drogeria - Blog"},"image":{"@id":"https:\/\/darzdrowia.pl\/ciekawostki\/#\/schema\/logo\/image\/"},"sameAs":["https:\/\/www.facebook.com\/profile.php?id=100063606935396"]},{"@type":"Person","@id":"https:\/\/darzdrowia.pl\/ciekawostki\/#\/schema\/person\/e75579d624630bf943ac69d374bb928e","name":"funkymedia","image":{"@type":"ImageObject","inLanguage":"pl-PL","@id":"https:\/\/darzdrowia.pl\/ciekawostki\/#\/schema\/person\/image\/","url":"https:\/\/secure.gravatar.com\/avatar\/393cb205b658aef6e3271ad5a92265e3e4433d2384bbe95524ba160d5bc20299?s=96&d=mm&r=g","contentUrl":"https:\/\/secure.gravatar.com\/avatar\/393cb205b658aef6e3271ad5a92265e3e4433d2384bbe95524ba160d5bc20299?s=96&d=mm&r=g","caption":"funkymedia"},"sameAs":["https:\/\/darzdrowia.pl\/ciekawostki"],"url":"https:\/\/darzdrowia.pl\/ciekawostki\/author\/funkymedia\/"}]}},"_links":{"self":[{"href":"https:\/\/darzdrowia.pl\/ciekawostki\/wp-json\/wp\/v2\/posts\/7907","targetHints":{"allow":["GET"]}}],"collection":[{"href":"https:\/\/darzdrowia.pl\/ciekawostki\/wp-json\/wp\/v2\/posts"}],"about":[{"href":"https:\/\/darzdrowia.pl\/ciekawostki\/wp-json\/wp\/v2\/types\/post"}],"author":[{"embeddable":true,"href":"https:\/\/darzdrowia.pl\/ciekawostki\/wp-json\/wp\/v2\/users\/1"}],"replies":[{"embeddable":true,"href":"https:\/\/darzdrowia.pl\/ciekawostki\/wp-json\/wp\/v2\/comments?post=7907"}],"version-history":[{"count":0,"href":"https:\/\/darzdrowia.pl\/ciekawostki\/wp-json\/wp\/v2\/posts\/7907\/revisions"}],"wp:attachment":[{"href":"https:\/\/darzdrowia.pl\/ciekawostki\/wp-json\/wp\/v2\/media?parent=7907"}],"wp:term":[{"taxonomy":"category","embeddable":true,"href":"https:\/\/darzdrowia.pl\/ciekawostki\/wp-json\/wp\/v2\/categories?post=7907"},{"taxonomy":"post_tag","embeddable":true,"href":"https:\/\/darzdrowia.pl\/ciekawostki\/wp-json\/wp\/v2\/tags?post=7907"}],"curies":[{"name":"wp","href":"https:\/\/api.w.org\/{rel}","templated":true}]}}