{"id":7880,"date":"2025-02-28T17:06:36","date_gmt":"2025-02-28T16:06:36","guid":{"rendered":"https:\/\/darzdrowia.pl\/ciekawostki\/maseczka-z-kurkumy-naturalny-sposob-na-promienna-cere\/"},"modified":"2025-02-28T17:06:36","modified_gmt":"2025-02-28T16:06:36","slug":"maseczka-z-kurkumy-naturalny-sposob-na-promienna-cere","status":"publish","type":"post","link":"https:\/\/darzdrowia.pl\/ciekawostki\/maseczka-z-kurkumy-naturalny-sposob-na-promienna-cere\/","title":{"rendered":"Maseczka z kurkumy \u2013 naturalny spos\u00f3b na promienn\u0105 cer\u0119"},"content":{"rendered":"\n<p>Maseczka z kurkumy to jeden z naturalnych sposob\u00f3w piel\u0119gnacji sk\u00f3ry, kt\u00f3ry zdobywa coraz wi\u0119ksz\u0105 popularno\u015b\u0107 w\u015br\u00f3d mi\u0142o\u015bnik\u00f3w kosmetyk\u00f3w naturalnych. Kurkuma, znana przede wszystkim jako aromatyczna przyprawa stosowana w kuchni azjatyckiej, posiada r\u00f3wnie\u017c niezwyk\u0142e w\u0142a\u015bciwo\u015bci piel\u0119gnacyjne. Dzi\u0119ki swoim przeciwzapalnym i antyoksydacyjnym w\u0142a\u015bciwo\u015bciom, kurkuma mo\u017ce pom\u00f3c w walce z niedoskona\u0142o\u015bciami sk\u00f3ry, takimi jak tr\u0105dzik czy przebarwienia. Maseczka z kurkumy jest \u0142atwa do przygotowania w domowym zaciszu i stanowi doskona\u0142y spos\u00f3b na uzyskanie promiennej i zdrowo wygl\u0105daj\u0105cej cery. W tym artykule przyjrzymy si\u0119 bli\u017cej korzy\u015bciom p\u0142yn\u0105cym z jej stosowania oraz podpowiemy, jak samodzielnie przygotowa\u0107 t\u0119 z\u0142ocist\u0105 maseczk\u0119.<\/p>\n\n\n\n<h2 class=\"wp-block-heading\">Maseczka z kurkumy: Jak przygotowa\u0107 domowy eliksir dla zdrowej i promiennej cery<\/h2>\n\n\n\n<p>Aby przygotowa\u0107 maseczk\u0119 z kurkumy, potrzebne b\u0119d\u0105 nast\u0119puj\u0105ce sk\u0142adniki: 1 \u0142y\u017ceczka kurkumy w proszku, 2 \u0142y\u017cki jogurtu naturalnego oraz 1 \u0142y\u017ceczka miodu. W misce dok\u0142adnie wymieszaj wszystkie sk\u0142adniki, a\u017c do uzyskania jednolitej konsystencji. Na\u0142\u00f3\u017c maseczk\u0119 na oczyszczon\u0105 sk\u00f3r\u0119 twarzy, omijaj\u0105c okolice oczu. Pozostaw na oko\u0142o 15-20 minut, a nast\u0119pnie sp\u0142ucz letni\u0105 wod\u0105. Stosuj raz w tygodniu dla uzyskania najlepszych efekt\u00f3w. Maseczka z kurkumy pomaga w redukcji stan\u00f3w zapalnych i poprawia koloryt sk\u00f3ry.<\/p>\n\n\n\n<h2 class=\"wp-block-heading\">Kurkuma w piel\u0119gnacji sk\u00f3ry: Dlaczego maseczka z kurkumy to must-have w twojej rutynie kosmetycznej<\/h2>\n\n\n\n<p>Kurkuma, znana ze swoich w\u0142a\u015bciwo\u015bci przeciwzapalnych i antyoksydacyjnych, jest cenionym sk\u0142adnikiem w piel\u0119gnacji sk\u00f3ry. Maseczka z kurkumy pomaga w redukcji zaczerwienie\u0144 i podra\u017cnie\u0144, co czyni j\u0105 idealnym rozwi\u0105zaniem dla os\u00f3b z problematyczn\u0105 cer\u0105. Dzia\u0142a r\u00f3wnie\u017c rozja\u015bniaj\u0105co, poprawiaj\u0105c koloryt sk\u00f3ry i nadaj\u0105c jej zdrowy blask. Regularne stosowanie maseczki z kurkumy mo\u017ce wspomaga\u0107 walk\u0119 z tr\u0105dzikiem oraz spowalnia\u0107 procesy starzenia si\u0119 sk\u00f3ry. Dzi\u0119ki naturalnym sk\u0142adnikom jest bezpieczna dla wi\u0119kszo\u015bci typ\u00f3w cery, co czyni j\u0105 uniwersalnym dodatkiem do codziennej rutyny piel\u0119gnacyjnej.<\/p>\n\n\n\n<h2 class=\"wp-block-heading\">Sekrety ajurwedy: Maseczka z kurkumy jako naturalny spos\u00f3b na walk\u0119 z niedoskona\u0142o\u015bciami sk\u00f3ry<\/h2>\n\n\n\n<p>Maseczka z kurkumy jest ceniona w ajurwedzie za swoje w\u0142a\u015bciwo\u015bci przeciwzapalne i antybakteryjne. Kurkuma, dzi\u0119ki zawarto\u015bci kurkuminy, pomaga redukowa\u0107 zaczerwienienia i stany zapalne sk\u00f3ry. Regularne stosowanie maseczki mo\u017ce przyczyni\u0107 si\u0119 do zmniejszenia widoczno\u015bci niedoskona\u0142o\u015bci, takich jak tr\u0105dzik czy przebarwienia. Aby przygotowa\u0107 maseczk\u0119, nale\u017cy wymiesza\u0107 kurkum\u0119 z miodem lub jogurtem naturalnym, co dodatkowo nawil\u017cy sk\u00f3r\u0119. Nale\u017cy jednak zachowa\u0107 ostro\u017cno\u015b\u0107, gdy\u017c kurkuma mo\u017ce barwi\u0107 sk\u00f3r\u0119 na \u017c\u00f3\u0142to; zaleca si\u0119 kr\u00f3tkie testy na ma\u0142ym fragmencie sk\u00f3ry przed pe\u0142nym zastosowaniem.<\/p>\n\n\n\n<p>Maseczka z kurkumy to naturalny i skuteczny spos\u00f3b na popraw\u0119 kondycji sk\u00f3ry, kt\u00f3ry cieszy si\u0119 rosn\u0105c\u0105 popularno\u015bci\u0105 w\u015br\u00f3d mi\u0142o\u015bnik\u00f3w naturalnej piel\u0119gnacji. Kurkuma, dzi\u0119ki swoim w\u0142a\u015bciwo\u015bciom przeciwzapalnym i antyoksydacyjnym, pomaga w walce z niedoskona\u0142o\u015bciami sk\u00f3ry, takimi jak tr\u0105dzik czy przebarwienia. Regularne stosowanie maseczki z kurkumy mo\u017ce prowadzi\u0107 do uzyskania promiennej i zdrowo wygl\u0105daj\u0105cej cery. Wa\u017cne jest jednak, aby pami\u0119ta\u0107 o odpowiednim przygotowaniu maseczki oraz przetestowaniu jej na ma\u0142ym fragmencie sk\u00f3ry, aby unikn\u0105\u0107 ewentualnych reakcji alergicznych. Dzi\u0119ki prostocie wykonania i naturalnym sk\u0142adnikom, maseczka z kurkumy stanowi doskona\u0142e uzupe\u0142nienie codziennej rutyny piel\u0119gnacyjnej dla os\u00f3b poszukuj\u0105cych ekologicznych rozwi\u0105za\u0144 dla swojej sk\u00f3ry.<\/p>\n","protected":false},"excerpt":{"rendered":"<p>Maseczka z kurkumy to jeden z naturalnych sposob\u00f3w piel\u0119gnacji sk\u00f3ry, kt\u00f3ry zdobywa coraz wi\u0119ksz\u0105 popularno\u015b\u0107 w\u015br\u00f3d mi\u0142o\u015bnik\u00f3w kosmetyk\u00f3w naturalnych. Kurkuma, znana przede wszystkim jako aromatyczna przyprawa stosowana w kuchni azjatyckiej, posiada r\u00f3wnie\u017c niezwyk\u0142e w\u0142a\u015bciwo\u015bci piel\u0119gnacyjne. Dzi\u0119ki swoim przeciwzapalnym i antyoksydacyjnym w\u0142a\u015bciwo\u015bciom, kurkuma mo\u017ce pom\u00f3c w walce z niedoskona\u0142o\u015bciami sk\u00f3ry, takimi jak tr\u0105dzik czy przebarwienia. Maseczka [&hellip;]<\/p>\n","protected":false},"author":1,"featured_media":0,"comment_status":"","ping_status":"open","sticky":false,"template":"","format":"standard","meta":{"footnotes":""},"categories":[1],"tags":[],"class_list":["post-7880","post","type-post","status-publish","format-standard","hentry","category-bez-kategorii"],"fm_meta_title":"Maseczka z kurkumy \u2013 naturalny spos\u00f3b na promienn\u0105 cer\u0119","fm_meta_description":"Odkryj maseczk\u0119 z kurkumy \u2013 naturalny spos\u00f3b na promienn\u0105 cer\u0119. Zwalczaj niedoskona\u0142o\u015bci i ciesz si\u0119 zdrowym blaskiem sk\u00f3ry ju\u017c dzi\u015b!","yoast_head":"<!-- This site is optimized with the Yoast SEO plugin v21.5 - https:\/\/yoast.com\/wordpress\/plugins\/seo\/ -->\n<title>Maseczka z kurkumy \u2013 naturalny spos\u00f3b na promienn\u0105 cer\u0119<\/title>\n<meta name=\"description\" content=\"Odkryj maseczk\u0119 z kurkumy \u2013 naturalny spos\u00f3b na promienn\u0105 cer\u0119. Zwalczaj niedoskona\u0142o\u015bci i ciesz si\u0119 zdrowym blaskiem sk\u00f3ry ju\u017c dzi\u015b!\" \/>\n<meta name=\"robots\" content=\"index, follow, max-snippet:-1, max-image-preview:large, max-video-preview:-1\" \/>\n<link rel=\"canonical\" href=\"https:\/\/darzdrowia.pl\/ciekawostki\/maseczka-z-kurkumy-naturalny-sposob-na-promienna-cere\/\" \/>\n<meta property=\"og:locale\" content=\"pl_PL\" \/>\n<meta property=\"og:type\" content=\"article\" \/>\n<meta property=\"og:title\" content=\"Maseczka z kurkumy \u2013 naturalny spos\u00f3b na promienn\u0105 cer\u0119\" \/>\n<meta property=\"og:description\" content=\"Odkryj maseczk\u0119 z kurkumy \u2013 naturalny spos\u00f3b na promienn\u0105 cer\u0119. Zwalczaj niedoskona\u0142o\u015bci i ciesz si\u0119 zdrowym blaskiem sk\u00f3ry ju\u017c dzi\u015b!\" \/>\n<meta property=\"og:url\" content=\"https:\/\/darzdrowia.pl\/ciekawostki\/maseczka-z-kurkumy-naturalny-sposob-na-promienna-cere\/\" \/>\n<meta property=\"og:site_name\" content=\"Dar Zdrowia Drogeria - Blog\" \/>\n<meta property=\"article:publisher\" content=\"https:\/\/www.facebook.com\/profile.php?id=100063606935396\" \/>\n<meta property=\"article:published_time\" content=\"2025-02-28T16:06:36+00:00\" \/>\n<meta name=\"author\" content=\"funkymedia\" \/>\n<meta name=\"twitter:card\" content=\"summary_large_image\" \/>\n<meta name=\"twitter:label1\" content=\"Napisane przez\" \/>\n\t<meta name=\"twitter:data1\" content=\"funkymedia\" \/>\n\t<meta name=\"twitter:label2\" content=\"Szacowany czas czytania\" \/>\n\t<meta name=\"twitter:data2\" content=\"3 minuty\" \/>\n<script type=\"application\/ld+json\" class=\"yoast-schema-graph\">{\"@context\":\"https:\/\/schema.org\",\"@graph\":[{\"@type\":\"Article\",\"@id\":\"https:\/\/darzdrowia.pl\/ciekawostki\/maseczka-z-kurkumy-naturalny-sposob-na-promienna-cere\/#article\",\"isPartOf\":{\"@id\":\"https:\/\/darzdrowia.pl\/ciekawostki\/maseczka-z-kurkumy-naturalny-sposob-na-promienna-cere\/\"},\"author\":{\"name\":\"funkymedia\",\"@id\":\"https:\/\/darzdrowia.pl\/ciekawostki\/#\/schema\/person\/e75579d624630bf943ac69d374bb928e\"},\"headline\":\"Maseczka z kurkumy \u2013 naturalny spos\u00f3b na promienn\u0105 cer\u0119\",\"datePublished\":\"2025-02-28T16:06:36+00:00\",\"dateModified\":\"2025-02-28T16:06:36+00:00\",\"mainEntityOfPage\":{\"@id\":\"https:\/\/darzdrowia.pl\/ciekawostki\/maseczka-z-kurkumy-naturalny-sposob-na-promienna-cere\/\"},\"wordCount\":603,\"publisher\":{\"@id\":\"https:\/\/darzdrowia.pl\/ciekawostki\/#organization\"},\"inLanguage\":\"pl-PL\"},{\"@type\":\"WebPage\",\"@id\":\"https:\/\/darzdrowia.pl\/ciekawostki\/maseczka-z-kurkumy-naturalny-sposob-na-promienna-cere\/\",\"url\":\"https:\/\/darzdrowia.pl\/ciekawostki\/maseczka-z-kurkumy-naturalny-sposob-na-promienna-cere\/\",\"name\":\"Maseczka z kurkumy \u2013 naturalny spos\u00f3b na promienn\u0105 cer\u0119\",\"isPartOf\":{\"@id\":\"https:\/\/darzdrowia.pl\/ciekawostki\/#website\"},\"datePublished\":\"2025-02-28T16:06:36+00:00\",\"dateModified\":\"2025-02-28T16:06:36+00:00\",\"description\":\"Odkryj maseczk\u0119 z kurkumy \u2013 naturalny spos\u00f3b na promienn\u0105 cer\u0119. Zwalczaj niedoskona\u0142o\u015bci i ciesz si\u0119 zdrowym blaskiem sk\u00f3ry ju\u017c dzi\u015b!\",\"breadcrumb\":{\"@id\":\"https:\/\/darzdrowia.pl\/ciekawostki\/maseczka-z-kurkumy-naturalny-sposob-na-promienna-cere\/#breadcrumb\"},\"inLanguage\":\"pl-PL\",\"potentialAction\":[{\"@type\":\"ReadAction\",\"target\":[\"https:\/\/darzdrowia.pl\/ciekawostki\/maseczka-z-kurkumy-naturalny-sposob-na-promienna-cere\/\"]}]},{\"@type\":\"BreadcrumbList\",\"@id\":\"https:\/\/darzdrowia.pl\/ciekawostki\/maseczka-z-kurkumy-naturalny-sposob-na-promienna-cere\/#breadcrumb\",\"itemListElement\":[{\"@type\":\"ListItem\",\"position\":1,\"name\":\"Strona g\u0142\u00f3wna\",\"item\":\"https:\/\/darzdrowia.pl\/ciekawostki\/\"},{\"@type\":\"ListItem\",\"position\":2,\"name\":\"Maseczka z kurkumy \u2013 naturalny spos\u00f3b na promienn\u0105 cer\u0119\"}]},{\"@type\":\"WebSite\",\"@id\":\"https:\/\/darzdrowia.pl\/ciekawostki\/#website\",\"url\":\"https:\/\/darzdrowia.pl\/ciekawostki\/\",\"name\":\"Dar Zdrowia Drogeria - Blog\",\"description\":\"\",\"publisher\":{\"@id\":\"https:\/\/darzdrowia.pl\/ciekawostki\/#organization\"},\"potentialAction\":[{\"@type\":\"SearchAction\",\"target\":{\"@type\":\"EntryPoint\",\"urlTemplate\":\"https:\/\/darzdrowia.pl\/ciekawostki\/?s={search_term_string}\"},\"query-input\":\"required name=search_term_string\"}],\"inLanguage\":\"pl-PL\"},{\"@type\":\"Organization\",\"@id\":\"https:\/\/darzdrowia.pl\/ciekawostki\/#organization\",\"name\":\"Dar Zdrowia Drogeria - Blog\",\"url\":\"https:\/\/darzdrowia.pl\/ciekawostki\/\",\"logo\":{\"@type\":\"ImageObject\",\"inLanguage\":\"pl-PL\",\"@id\":\"https:\/\/darzdrowia.pl\/ciekawostki\/#\/schema\/logo\/image\/\",\"url\":\"https:\/\/darzdrowia.pl\/ciekawostki\/wp-content\/uploads\/2023\/11\/logo-darzdrowia.webp\",\"contentUrl\":\"https:\/\/darzdrowia.pl\/ciekawostki\/wp-content\/uploads\/2023\/11\/logo-darzdrowia.webp\",\"width\":744,\"height\":225,\"caption\":\"Dar Zdrowia Drogeria - Blog\"},\"image\":{\"@id\":\"https:\/\/darzdrowia.pl\/ciekawostki\/#\/schema\/logo\/image\/\"},\"sameAs\":[\"https:\/\/www.facebook.com\/profile.php?id=100063606935396\"]},{\"@type\":\"Person\",\"@id\":\"https:\/\/darzdrowia.pl\/ciekawostki\/#\/schema\/person\/e75579d624630bf943ac69d374bb928e\",\"name\":\"funkymedia\",\"image\":{\"@type\":\"ImageObject\",\"inLanguage\":\"pl-PL\",\"@id\":\"https:\/\/darzdrowia.pl\/ciekawostki\/#\/schema\/person\/image\/\",\"url\":\"https:\/\/secure.gravatar.com\/avatar\/393cb205b658aef6e3271ad5a92265e3e4433d2384bbe95524ba160d5bc20299?s=96&d=mm&r=g\",\"contentUrl\":\"https:\/\/secure.gravatar.com\/avatar\/393cb205b658aef6e3271ad5a92265e3e4433d2384bbe95524ba160d5bc20299?s=96&d=mm&r=g\",\"caption\":\"funkymedia\"},\"sameAs\":[\"https:\/\/darzdrowia.pl\/ciekawostki\"],\"url\":\"https:\/\/darzdrowia.pl\/ciekawostki\/author\/funkymedia\/\"}]}<\/script>\n<!-- \/ Yoast SEO plugin. -->","yoast_head_json":{"title":"Maseczka z kurkumy \u2013 naturalny spos\u00f3b na promienn\u0105 cer\u0119","description":"Odkryj maseczk\u0119 z kurkumy \u2013 naturalny spos\u00f3b na promienn\u0105 cer\u0119. Zwalczaj niedoskona\u0142o\u015bci i ciesz si\u0119 zdrowym blaskiem sk\u00f3ry ju\u017c dzi\u015b!","robots":{"index":"index","follow":"follow","max-snippet":"max-snippet:-1","max-image-preview":"max-image-preview:large","max-video-preview":"max-video-preview:-1"},"canonical":"https:\/\/darzdrowia.pl\/ciekawostki\/maseczka-z-kurkumy-naturalny-sposob-na-promienna-cere\/","og_locale":"pl_PL","og_type":"article","og_title":"Maseczka z kurkumy \u2013 naturalny spos\u00f3b na promienn\u0105 cer\u0119","og_description":"Odkryj maseczk\u0119 z kurkumy \u2013 naturalny spos\u00f3b na promienn\u0105 cer\u0119. Zwalczaj niedoskona\u0142o\u015bci i ciesz si\u0119 zdrowym blaskiem sk\u00f3ry ju\u017c dzi\u015b!","og_url":"https:\/\/darzdrowia.pl\/ciekawostki\/maseczka-z-kurkumy-naturalny-sposob-na-promienna-cere\/","og_site_name":"Dar Zdrowia Drogeria - Blog","article_publisher":"https:\/\/www.facebook.com\/profile.php?id=100063606935396","article_published_time":"2025-02-28T16:06:36+00:00","author":"funkymedia","twitter_card":"summary_large_image","twitter_misc":{"Napisane przez":"funkymedia","Szacowany czas czytania":"3 minuty"},"schema":{"@context":"https:\/\/schema.org","@graph":[{"@type":"Article","@id":"https:\/\/darzdrowia.pl\/ciekawostki\/maseczka-z-kurkumy-naturalny-sposob-na-promienna-cere\/#article","isPartOf":{"@id":"https:\/\/darzdrowia.pl\/ciekawostki\/maseczka-z-kurkumy-naturalny-sposob-na-promienna-cere\/"},"author":{"name":"funkymedia","@id":"https:\/\/darzdrowia.pl\/ciekawostki\/#\/schema\/person\/e75579d624630bf943ac69d374bb928e"},"headline":"Maseczka z kurkumy \u2013 naturalny spos\u00f3b na promienn\u0105 cer\u0119","datePublished":"2025-02-28T16:06:36+00:00","dateModified":"2025-02-28T16:06:36+00:00","mainEntityOfPage":{"@id":"https:\/\/darzdrowia.pl\/ciekawostki\/maseczka-z-kurkumy-naturalny-sposob-na-promienna-cere\/"},"wordCount":603,"publisher":{"@id":"https:\/\/darzdrowia.pl\/ciekawostki\/#organization"},"inLanguage":"pl-PL"},{"@type":"WebPage","@id":"https:\/\/darzdrowia.pl\/ciekawostki\/maseczka-z-kurkumy-naturalny-sposob-na-promienna-cere\/","url":"https:\/\/darzdrowia.pl\/ciekawostki\/maseczka-z-kurkumy-naturalny-sposob-na-promienna-cere\/","name":"Maseczka z kurkumy \u2013 naturalny spos\u00f3b na promienn\u0105 cer\u0119","isPartOf":{"@id":"https:\/\/darzdrowia.pl\/ciekawostki\/#website"},"datePublished":"2025-02-28T16:06:36+00:00","dateModified":"2025-02-28T16:06:36+00:00","description":"Odkryj maseczk\u0119 z kurkumy \u2013 naturalny spos\u00f3b na promienn\u0105 cer\u0119. Zwalczaj niedoskona\u0142o\u015bci i ciesz si\u0119 zdrowym blaskiem sk\u00f3ry ju\u017c dzi\u015b!","breadcrumb":{"@id":"https:\/\/darzdrowia.pl\/ciekawostki\/maseczka-z-kurkumy-naturalny-sposob-na-promienna-cere\/#breadcrumb"},"inLanguage":"pl-PL","potentialAction":[{"@type":"ReadAction","target":["https:\/\/darzdrowia.pl\/ciekawostki\/maseczka-z-kurkumy-naturalny-sposob-na-promienna-cere\/"]}]},{"@type":"BreadcrumbList","@id":"https:\/\/darzdrowia.pl\/ciekawostki\/maseczka-z-kurkumy-naturalny-sposob-na-promienna-cere\/#breadcrumb","itemListElement":[{"@type":"ListItem","position":1,"name":"Strona g\u0142\u00f3wna","item":"https:\/\/darzdrowia.pl\/ciekawostki\/"},{"@type":"ListItem","position":2,"name":"Maseczka z kurkumy \u2013 naturalny spos\u00f3b na promienn\u0105 cer\u0119"}]},{"@type":"WebSite","@id":"https:\/\/darzdrowia.pl\/ciekawostki\/#website","url":"https:\/\/darzdrowia.pl\/ciekawostki\/","name":"Dar Zdrowia Drogeria - Blog","description":"","publisher":{"@id":"https:\/\/darzdrowia.pl\/ciekawostki\/#organization"},"potentialAction":[{"@type":"SearchAction","target":{"@type":"EntryPoint","urlTemplate":"https:\/\/darzdrowia.pl\/ciekawostki\/?s={search_term_string}"},"query-input":"required name=search_term_string"}],"inLanguage":"pl-PL"},{"@type":"Organization","@id":"https:\/\/darzdrowia.pl\/ciekawostki\/#organization","name":"Dar Zdrowia Drogeria - Blog","url":"https:\/\/darzdrowia.pl\/ciekawostki\/","logo":{"@type":"ImageObject","inLanguage":"pl-PL","@id":"https:\/\/darzdrowia.pl\/ciekawostki\/#\/schema\/logo\/image\/","url":"https:\/\/darzdrowia.pl\/ciekawostki\/wp-content\/uploads\/2023\/11\/logo-darzdrowia.webp","contentUrl":"https:\/\/darzdrowia.pl\/ciekawostki\/wp-content\/uploads\/2023\/11\/logo-darzdrowia.webp","width":744,"height":225,"caption":"Dar Zdrowia Drogeria - Blog"},"image":{"@id":"https:\/\/darzdrowia.pl\/ciekawostki\/#\/schema\/logo\/image\/"},"sameAs":["https:\/\/www.facebook.com\/profile.php?id=100063606935396"]},{"@type":"Person","@id":"https:\/\/darzdrowia.pl\/ciekawostki\/#\/schema\/person\/e75579d624630bf943ac69d374bb928e","name":"funkymedia","image":{"@type":"ImageObject","inLanguage":"pl-PL","@id":"https:\/\/darzdrowia.pl\/ciekawostki\/#\/schema\/person\/image\/","url":"https:\/\/secure.gravatar.com\/avatar\/393cb205b658aef6e3271ad5a92265e3e4433d2384bbe95524ba160d5bc20299?s=96&d=mm&r=g","contentUrl":"https:\/\/secure.gravatar.com\/avatar\/393cb205b658aef6e3271ad5a92265e3e4433d2384bbe95524ba160d5bc20299?s=96&d=mm&r=g","caption":"funkymedia"},"sameAs":["https:\/\/darzdrowia.pl\/ciekawostki"],"url":"https:\/\/darzdrowia.pl\/ciekawostki\/author\/funkymedia\/"}]}},"_links":{"self":[{"href":"https:\/\/darzdrowia.pl\/ciekawostki\/wp-json\/wp\/v2\/posts\/7880","targetHints":{"allow":["GET"]}}],"collection":[{"href":"https:\/\/darzdrowia.pl\/ciekawostki\/wp-json\/wp\/v2\/posts"}],"about":[{"href":"https:\/\/darzdrowia.pl\/ciekawostki\/wp-json\/wp\/v2\/types\/post"}],"author":[{"embeddable":true,"href":"https:\/\/darzdrowia.pl\/ciekawostki\/wp-json\/wp\/v2\/users\/1"}],"replies":[{"embeddable":true,"href":"https:\/\/darzdrowia.pl\/ciekawostki\/wp-json\/wp\/v2\/comments?post=7880"}],"version-history":[{"count":0,"href":"https:\/\/darzdrowia.pl\/ciekawostki\/wp-json\/wp\/v2\/posts\/7880\/revisions"}],"wp:attachment":[{"href":"https:\/\/darzdrowia.pl\/ciekawostki\/wp-json\/wp\/v2\/media?parent=7880"}],"wp:term":[{"taxonomy":"category","embeddable":true,"href":"https:\/\/darzdrowia.pl\/ciekawostki\/wp-json\/wp\/v2\/categories?post=7880"},{"taxonomy":"post_tag","embeddable":true,"href":"https:\/\/darzdrowia.pl\/ciekawostki\/wp-json\/wp\/v2\/tags?post=7880"}],"curies":[{"name":"wp","href":"https:\/\/api.w.org\/{rel}","templated":true}]}}