{"id":7846,"date":"2025-02-28T16:54:44","date_gmt":"2025-02-28T15:54:44","guid":{"rendered":"https:\/\/darzdrowia.pl\/ciekawostki\/kremy-nawilzajace-z-filtrem-spf-dlaczego-warto-je-stosowac\/"},"modified":"2025-02-28T16:54:44","modified_gmt":"2025-02-28T15:54:44","slug":"kremy-nawilzajace-z-filtrem-spf-dlaczego-warto-je-stosowac","status":"publish","type":"post","link":"https:\/\/darzdrowia.pl\/ciekawostki\/kremy-nawilzajace-z-filtrem-spf-dlaczego-warto-je-stosowac\/","title":{"rendered":"Kremy nawil\u017caj\u0105ce z filtrem SPF \u2013 dlaczego warto je stosowa\u0107"},"content":{"rendered":"\n<p>Kremy nawil\u017caj\u0105ce z filtrem SPF to produkty, kt\u00f3re \u0142\u0105cz\u0105 w sobie dwie kluczowe funkcje piel\u0119gnacyjne: nawil\u017canie sk\u00f3ry oraz ochron\u0119 przed szkodliwym dzia\u0142aniem promieniowania s\u0142onecznego. W dzisiejszych czasach, kiedy coraz wi\u0119cej m\u00f3wi si\u0119 o negatywnych skutkach ekspozycji na s\u0142o\u0144ce, takich jak przedwczesne starzenie si\u0119 sk\u00f3ry czy ryzyko nowotwor\u00f3w, stosowanie kosmetyk\u00f3w z filtrem SPF staje si\u0119 nie tylko zaleceniem dermatolog\u00f3w, ale wr\u0119cz konieczno\u015bci\u0105. Kremy te pomagaj\u0105 utrzyma\u0107 odpowiedni poziom nawil\u017cenia sk\u00f3ry, co jest kluczowe dla jej zdrowego wygl\u0105du i elastyczno\u015bci. Dodatkowo, dzi\u0119ki zawarto\u015bci filtr\u00f3w przeciws\u0142onecznych, chroni\u0105 sk\u00f3r\u0119 przed promieniowaniem UVA i UVB, kt\u00f3re mog\u0105 prowadzi\u0107 do uszkodze\u0144 kom\u00f3rek sk\u00f3ry. Regularne stosowanie krem\u00f3w nawil\u017caj\u0105cych z SPF to prosty krok w codziennej rutynie piel\u0119gnacyjnej, kt\u00f3ry mo\u017ce przynie\u015b\u0107 d\u0142ugotrwa\u0142e korzy\u015bci dla zdrowia i wygl\u0105du naszej sk\u00f3ry.<\/p>\n\n\n\n<h2 class=\"wp-block-heading\">Ochrona i nawil\u017cenie w jednym: Dlaczego kremy nawil\u017caj\u0105ce z filtrem SPF to must-have w codziennej piel\u0119gnacji sk\u00f3ry<\/h2>\n\n\n\n<p>Kremy nawil\u017caj\u0105ce z filtrem SPF to kluczowy element codziennej piel\u0119gnacji sk\u00f3ry, \u0142\u0105cz\u0105cy ochron\u0119 przed promieniowaniem UV z w\u0142a\u015bciwo\u015bciami nawil\u017caj\u0105cymi. Promieniowanie UV jest g\u0142\u00f3wnym czynnikiem przyspieszaj\u0105cym starzenie si\u0119 sk\u00f3ry oraz zwi\u0119kszaj\u0105cym ryzyko nowotwor\u00f3w. Regularne stosowanie krem\u00f3w z SPF pomaga w zapobieganiu uszkodzeniom sk\u00f3ry, takim jak przebarwienia czy zmarszczki. Dodatkowo, nawil\u017cenie zapewnia sk\u00f3rze elastyczno\u015b\u0107 i zdrowy wygl\u0105d. Wybieraj\u0105c krem z odpowiednim filtrem, mo\u017cna skutecznie chroni\u0107 sk\u00f3r\u0119 przez ca\u0142y rok, niezale\u017cnie od pogody.<\/p>\n\n\n\n<h2 class=\"wp-block-heading\">Kremy nawil\u017caj\u0105ce z SPF: Jak wybra\u0107 odpowiedni produkt dla swojego typu sk\u00f3ry i stylu \u017cycia<\/h2>\n\n\n\n<p>Wyb\u00f3r odpowiedniego kremu nawil\u017caj\u0105cego z SPF zale\u017cy od kilku kluczowych czynnik\u00f3w. Po pierwsze, okre\u015bl sw\u00f3j typ sk\u00f3ry: sucha, t\u0142usta, mieszana czy wra\u017cliwa. Dla sk\u00f3ry suchej wybierz kremy o bogatej konsystencji z dodatkowymi sk\u0142adnikami nawil\u017caj\u0105cymi, takimi jak kwas hialuronowy. Sk\u00f3ra t\u0142usta skorzysta z lekkich formu\u0142 \u017celowych lub bezt\u0142uszczowych. Sk\u00f3ra mieszana wymaga produkt\u00f3w balansuj\u0105cych wilgotno\u015b\u0107 i kontroluj\u0105cych sebum.<\/p>\n\n\n\n<p>Dla sk\u00f3ry wra\u017cliwej zaleca si\u0119 produkty bez substancji zapachowych i z minimaln\u0105 ilo\u015bci\u0105 sk\u0142adnik\u00f3w dra\u017cni\u0105cych. Warto zwr\u00f3ci\u0107 uwag\u0119 na poziom SPF; codzienna ochrona powinna wynosi\u0107 co najmniej SPF 30. Styl \u017cycia r\u00f3wnie\u017c ma znaczenie: osoby aktywne na \u015bwie\u017cym powietrzu mog\u0105 potrzebowa\u0107 wy\u017cszej ochrony przeciws\u0142onecznej oraz wodoodpornych formu\u0142.<\/p>\n\n\n\n<p>Sprawd\u017a tak\u017ce dodatkowe w\u0142a\u015bciwo\u015bci produktu, takie jak antyoksydanty czy witaminy, kt\u00f3re mog\u0105 wspiera\u0107 zdrowie sk\u00f3ry. Przed zakupem warto przetestowa\u0107 pr\u00f3bk\u0119 produktu, aby upewni\u0107 si\u0119, \u017ce nie powoduje podra\u017cnie\u0144 ani reakcji alergicznych.<\/p>\n\n\n\n<h2 class=\"wp-block-heading\">Mit czy fakt? Rozprawiamy si\u0119 z najcz\u0119stszymi mitami na temat krem\u00f3w nawil\u017caj\u0105cych z filtrem SPF<\/h2>\n\n\n\n<p>Mit: Kremy nawil\u017caj\u0105ce z filtrem SPF wystarczaj\u0105 jako ochrona przeciws\u0142oneczna.<\/p>\n\n\n\n<p>Fakt: Kremy nawil\u017caj\u0105ce z SPF mog\u0105 nie zapewnia\u0107 pe\u0142nej ochrony. Zwykle maj\u0105 ni\u017cszy poziom SPF ni\u017c specjalistyczne kremy przeciws\u0142oneczne. Dodatkowo, ilo\u015b\u0107 nak\u0142adana na sk\u00f3r\u0119 mo\u017ce by\u0107 niewystarczaj\u0105ca do skutecznej ochrony.<\/p>\n\n\n\n<p>Mit: Wystarczy aplikowa\u0107 krem z SPF raz dziennie.<\/p>\n\n\n\n<p>Fakt: Aby zapewni\u0107 skuteczn\u0105 ochron\u0119, krem z SPF nale\u017cy aplikowa\u0107 co dwie godziny, zw\u0142aszcza po p\u0142ywaniu lub poceniu si\u0119. Jednorazowa aplikacja nie chroni przez ca\u0142y dzie\u0144.<\/p>\n\n\n\n<p>Mit: Kremy z filtrem s\u0105 potrzebne tylko w s\u0142oneczne dni.<\/p>\n\n\n\n<p>Fakt: Promieniowanie UV przenika przez chmury i szk\u0142o, dlatego ochrona jest konieczna tak\u017ce w pochmurne dni i w pomieszczeniach. Regularne stosowanie SPF pomaga zapobiega\u0107 uszkodzeniom sk\u00f3ry przez ca\u0142y rok.<\/p>\n\n\n\n<p>Mit: Osoby o ciemniejszej karnacji nie potrzebuj\u0105 filtr\u00f3w przeciws\u0142onecznych.<\/p>\n\n\n\n<p>Fakt: Ka\u017cdy typ sk\u00f3ry jest nara\u017cony na szkodliwe dzia\u0142anie promieni UV. Osoby o ciemniejszej karnacji r\u00f3wnie\u017c powinny stosowa\u0107 produkty z SPF, aby chroni\u0107 sk\u00f3r\u0119 przed uszkodzeniami i ryzykiem nowotwor\u00f3w sk\u00f3ry.<\/p>\n\n\n\n<p>Kremy nawil\u017caj\u0105ce z filtrem SPF to produkty, kt\u00f3re \u0142\u0105cz\u0105 w sobie dwie kluczowe funkcje piel\u0119gnacyjne: nawil\u017canie sk\u00f3ry oraz ochron\u0119 przed szkodliwym promieniowaniem UV. Stosowanie takich krem\u00f3w jest niezwykle wa\u017cne dla utrzymania zdrowej i m\u0142odo wygl\u0105daj\u0105cej sk\u00f3ry. Po pierwsze, regularne nawil\u017canie pomaga w utrzymaniu odpowiedniego poziomu wilgoci w sk\u00f3rze, co zapobiega jej przesuszeniu i przedwczesnemu starzeniu si\u0119. Po drugie, ochrona przeciws\u0142oneczna jest niezb\u0119dna do minimalizowania ryzyka uszkodze\u0144 sk\u00f3ry spowodowanych promieniowaniem UV, kt\u00f3re mo\u017ce prowadzi\u0107 do powstawania przebarwie\u0144, zmarszczek oraz zwi\u0119ksza\u0107 ryzyko rozwoju nowotwor\u00f3w sk\u00f3ry. Dlatego te\u017c stosowanie krem\u00f3w nawil\u017caj\u0105cych z SPF to prosty i skuteczny spos\u00f3b na kompleksow\u0105 piel\u0119gnacj\u0119 sk\u00f3ry ka\u017cdego dnia. Warto w\u0142\u0105czy\u0107 je do swojej codziennej rutyny piel\u0119gnacyjnej, aby cieszy\u0107 si\u0119 zdrow\u0105 i promienn\u0105 cer\u0105 przez d\u0142ugie lata.<\/p>\n","protected":false},"excerpt":{"rendered":"<p>Kremy nawil\u017caj\u0105ce z filtrem SPF to produkty, kt\u00f3re \u0142\u0105cz\u0105 w sobie dwie kluczowe funkcje piel\u0119gnacyjne: nawil\u017canie sk\u00f3ry oraz ochron\u0119 przed szkodliwym dzia\u0142aniem promieniowania s\u0142onecznego. W dzisiejszych czasach, kiedy coraz wi\u0119cej m\u00f3wi si\u0119 o negatywnych skutkach ekspozycji na s\u0142o\u0144ce, takich jak przedwczesne starzenie si\u0119 sk\u00f3ry czy ryzyko nowotwor\u00f3w, stosowanie kosmetyk\u00f3w z filtrem SPF staje si\u0119 nie [&hellip;]<\/p>\n","protected":false},"author":1,"featured_media":0,"comment_status":"","ping_status":"open","sticky":false,"template":"","format":"standard","meta":{"footnotes":""},"categories":[1],"tags":[],"class_list":["post-7846","post","type-post","status-publish","format-standard","hentry","category-bez-kategorii"],"fm_meta_title":"Kremy nawil\u017caj\u0105ce z filtrem SPF \u2013 dlaczego warto je stosowa\u0107","fm_meta_description":"Odkryj, dlaczego kremy nawil\u017caj\u0105ce z SPF to must-have! Chroni\u0105 sk\u00f3r\u0119 przed s\u0142o\u0144cem i nawil\u017caj\u0105. Zadbaj o zdrow\u0105 cer\u0119 ka\u017cdego dnia!","yoast_head":"<!-- This site is optimized with the Yoast SEO plugin v21.5 - https:\/\/yoast.com\/wordpress\/plugins\/seo\/ -->\n<title>Kremy nawil\u017caj\u0105ce z filtrem SPF \u2013 dlaczego warto je stosowa\u0107<\/title>\n<meta name=\"description\" content=\"Odkryj, dlaczego kremy nawil\u017caj\u0105ce z SPF to must-have! Chroni\u0105 sk\u00f3r\u0119 przed s\u0142o\u0144cem i nawil\u017caj\u0105. Zadbaj o zdrow\u0105 cer\u0119 ka\u017cdego dnia!\" \/>\n<meta name=\"robots\" content=\"index, follow, max-snippet:-1, max-image-preview:large, max-video-preview:-1\" \/>\n<link rel=\"canonical\" href=\"https:\/\/darzdrowia.pl\/ciekawostki\/kremy-nawilzajace-z-filtrem-spf-dlaczego-warto-je-stosowac\/\" \/>\n<meta property=\"og:locale\" content=\"pl_PL\" \/>\n<meta property=\"og:type\" content=\"article\" \/>\n<meta property=\"og:title\" content=\"Kremy nawil\u017caj\u0105ce z filtrem SPF \u2013 dlaczego warto je stosowa\u0107\" \/>\n<meta property=\"og:description\" content=\"Odkryj, dlaczego kremy nawil\u017caj\u0105ce z SPF to must-have! Chroni\u0105 sk\u00f3r\u0119 przed s\u0142o\u0144cem i nawil\u017caj\u0105. Zadbaj o zdrow\u0105 cer\u0119 ka\u017cdego dnia!\" \/>\n<meta property=\"og:url\" content=\"https:\/\/darzdrowia.pl\/ciekawostki\/kremy-nawilzajace-z-filtrem-spf-dlaczego-warto-je-stosowac\/\" \/>\n<meta property=\"og:site_name\" content=\"Dar Zdrowia Drogeria - Blog\" \/>\n<meta property=\"article:publisher\" content=\"https:\/\/www.facebook.com\/profile.php?id=100063606935396\" \/>\n<meta property=\"article:published_time\" content=\"2025-02-28T15:54:44+00:00\" \/>\n<meta name=\"author\" content=\"funkymedia\" \/>\n<meta name=\"twitter:card\" content=\"summary_large_image\" \/>\n<meta name=\"twitter:label1\" content=\"Napisane przez\" \/>\n\t<meta name=\"twitter:data1\" content=\"funkymedia\" \/>\n\t<meta name=\"twitter:label2\" content=\"Szacowany czas czytania\" \/>\n\t<meta name=\"twitter:data2\" content=\"4 minuty\" \/>\n<script type=\"application\/ld+json\" class=\"yoast-schema-graph\">{\"@context\":\"https:\/\/schema.org\",\"@graph\":[{\"@type\":\"Article\",\"@id\":\"https:\/\/darzdrowia.pl\/ciekawostki\/kremy-nawilzajace-z-filtrem-spf-dlaczego-warto-je-stosowac\/#article\",\"isPartOf\":{\"@id\":\"https:\/\/darzdrowia.pl\/ciekawostki\/kremy-nawilzajace-z-filtrem-spf-dlaczego-warto-je-stosowac\/\"},\"author\":{\"name\":\"funkymedia\",\"@id\":\"https:\/\/darzdrowia.pl\/ciekawostki\/#\/schema\/person\/e75579d624630bf943ac69d374bb928e\"},\"headline\":\"Kremy nawil\u017caj\u0105ce z filtrem SPF \u2013 dlaczego warto je stosowa\u0107\",\"datePublished\":\"2025-02-28T15:54:44+00:00\",\"dateModified\":\"2025-02-28T15:54:44+00:00\",\"mainEntityOfPage\":{\"@id\":\"https:\/\/darzdrowia.pl\/ciekawostki\/kremy-nawilzajace-z-filtrem-spf-dlaczego-warto-je-stosowac\/\"},\"wordCount\":836,\"publisher\":{\"@id\":\"https:\/\/darzdrowia.pl\/ciekawostki\/#organization\"},\"inLanguage\":\"pl-PL\"},{\"@type\":\"WebPage\",\"@id\":\"https:\/\/darzdrowia.pl\/ciekawostki\/kremy-nawilzajace-z-filtrem-spf-dlaczego-warto-je-stosowac\/\",\"url\":\"https:\/\/darzdrowia.pl\/ciekawostki\/kremy-nawilzajace-z-filtrem-spf-dlaczego-warto-je-stosowac\/\",\"name\":\"Kremy nawil\u017caj\u0105ce z filtrem SPF \u2013 dlaczego warto je stosowa\u0107\",\"isPartOf\":{\"@id\":\"https:\/\/darzdrowia.pl\/ciekawostki\/#website\"},\"datePublished\":\"2025-02-28T15:54:44+00:00\",\"dateModified\":\"2025-02-28T15:54:44+00:00\",\"description\":\"Odkryj, dlaczego kremy nawil\u017caj\u0105ce z SPF to must-have! Chroni\u0105 sk\u00f3r\u0119 przed s\u0142o\u0144cem i nawil\u017caj\u0105. Zadbaj o zdrow\u0105 cer\u0119 ka\u017cdego dnia!\",\"breadcrumb\":{\"@id\":\"https:\/\/darzdrowia.pl\/ciekawostki\/kremy-nawilzajace-z-filtrem-spf-dlaczego-warto-je-stosowac\/#breadcrumb\"},\"inLanguage\":\"pl-PL\",\"potentialAction\":[{\"@type\":\"ReadAction\",\"target\":[\"https:\/\/darzdrowia.pl\/ciekawostki\/kremy-nawilzajace-z-filtrem-spf-dlaczego-warto-je-stosowac\/\"]}]},{\"@type\":\"BreadcrumbList\",\"@id\":\"https:\/\/darzdrowia.pl\/ciekawostki\/kremy-nawilzajace-z-filtrem-spf-dlaczego-warto-je-stosowac\/#breadcrumb\",\"itemListElement\":[{\"@type\":\"ListItem\",\"position\":1,\"name\":\"Strona g\u0142\u00f3wna\",\"item\":\"https:\/\/darzdrowia.pl\/ciekawostki\/\"},{\"@type\":\"ListItem\",\"position\":2,\"name\":\"Kremy nawil\u017caj\u0105ce z filtrem SPF \u2013 dlaczego warto je stosowa\u0107\"}]},{\"@type\":\"WebSite\",\"@id\":\"https:\/\/darzdrowia.pl\/ciekawostki\/#website\",\"url\":\"https:\/\/darzdrowia.pl\/ciekawostki\/\",\"name\":\"Dar Zdrowia Drogeria - Blog\",\"description\":\"\",\"publisher\":{\"@id\":\"https:\/\/darzdrowia.pl\/ciekawostki\/#organization\"},\"potentialAction\":[{\"@type\":\"SearchAction\",\"target\":{\"@type\":\"EntryPoint\",\"urlTemplate\":\"https:\/\/darzdrowia.pl\/ciekawostki\/?s={search_term_string}\"},\"query-input\":\"required name=search_term_string\"}],\"inLanguage\":\"pl-PL\"},{\"@type\":\"Organization\",\"@id\":\"https:\/\/darzdrowia.pl\/ciekawostki\/#organization\",\"name\":\"Dar Zdrowia Drogeria - Blog\",\"url\":\"https:\/\/darzdrowia.pl\/ciekawostki\/\",\"logo\":{\"@type\":\"ImageObject\",\"inLanguage\":\"pl-PL\",\"@id\":\"https:\/\/darzdrowia.pl\/ciekawostki\/#\/schema\/logo\/image\/\",\"url\":\"https:\/\/darzdrowia.pl\/ciekawostki\/wp-content\/uploads\/2023\/11\/logo-darzdrowia.webp\",\"contentUrl\":\"https:\/\/darzdrowia.pl\/ciekawostki\/wp-content\/uploads\/2023\/11\/logo-darzdrowia.webp\",\"width\":744,\"height\":225,\"caption\":\"Dar Zdrowia Drogeria - Blog\"},\"image\":{\"@id\":\"https:\/\/darzdrowia.pl\/ciekawostki\/#\/schema\/logo\/image\/\"},\"sameAs\":[\"https:\/\/www.facebook.com\/profile.php?id=100063606935396\"]},{\"@type\":\"Person\",\"@id\":\"https:\/\/darzdrowia.pl\/ciekawostki\/#\/schema\/person\/e75579d624630bf943ac69d374bb928e\",\"name\":\"funkymedia\",\"image\":{\"@type\":\"ImageObject\",\"inLanguage\":\"pl-PL\",\"@id\":\"https:\/\/darzdrowia.pl\/ciekawostki\/#\/schema\/person\/image\/\",\"url\":\"https:\/\/secure.gravatar.com\/avatar\/393cb205b658aef6e3271ad5a92265e3e4433d2384bbe95524ba160d5bc20299?s=96&d=mm&r=g\",\"contentUrl\":\"https:\/\/secure.gravatar.com\/avatar\/393cb205b658aef6e3271ad5a92265e3e4433d2384bbe95524ba160d5bc20299?s=96&d=mm&r=g\",\"caption\":\"funkymedia\"},\"sameAs\":[\"https:\/\/darzdrowia.pl\/ciekawostki\"],\"url\":\"https:\/\/darzdrowia.pl\/ciekawostki\/author\/funkymedia\/\"}]}<\/script>\n<!-- \/ Yoast SEO plugin. -->","yoast_head_json":{"title":"Kremy nawil\u017caj\u0105ce z filtrem SPF \u2013 dlaczego warto je stosowa\u0107","description":"Odkryj, dlaczego kremy nawil\u017caj\u0105ce z SPF to must-have! Chroni\u0105 sk\u00f3r\u0119 przed s\u0142o\u0144cem i nawil\u017caj\u0105. Zadbaj o zdrow\u0105 cer\u0119 ka\u017cdego dnia!","robots":{"index":"index","follow":"follow","max-snippet":"max-snippet:-1","max-image-preview":"max-image-preview:large","max-video-preview":"max-video-preview:-1"},"canonical":"https:\/\/darzdrowia.pl\/ciekawostki\/kremy-nawilzajace-z-filtrem-spf-dlaczego-warto-je-stosowac\/","og_locale":"pl_PL","og_type":"article","og_title":"Kremy nawil\u017caj\u0105ce z filtrem SPF \u2013 dlaczego warto je stosowa\u0107","og_description":"Odkryj, dlaczego kremy nawil\u017caj\u0105ce z SPF to must-have! Chroni\u0105 sk\u00f3r\u0119 przed s\u0142o\u0144cem i nawil\u017caj\u0105. Zadbaj o zdrow\u0105 cer\u0119 ka\u017cdego dnia!","og_url":"https:\/\/darzdrowia.pl\/ciekawostki\/kremy-nawilzajace-z-filtrem-spf-dlaczego-warto-je-stosowac\/","og_site_name":"Dar Zdrowia Drogeria - Blog","article_publisher":"https:\/\/www.facebook.com\/profile.php?id=100063606935396","article_published_time":"2025-02-28T15:54:44+00:00","author":"funkymedia","twitter_card":"summary_large_image","twitter_misc":{"Napisane przez":"funkymedia","Szacowany czas czytania":"4 minuty"},"schema":{"@context":"https:\/\/schema.org","@graph":[{"@type":"Article","@id":"https:\/\/darzdrowia.pl\/ciekawostki\/kremy-nawilzajace-z-filtrem-spf-dlaczego-warto-je-stosowac\/#article","isPartOf":{"@id":"https:\/\/darzdrowia.pl\/ciekawostki\/kremy-nawilzajace-z-filtrem-spf-dlaczego-warto-je-stosowac\/"},"author":{"name":"funkymedia","@id":"https:\/\/darzdrowia.pl\/ciekawostki\/#\/schema\/person\/e75579d624630bf943ac69d374bb928e"},"headline":"Kremy nawil\u017caj\u0105ce z filtrem SPF \u2013 dlaczego warto je stosowa\u0107","datePublished":"2025-02-28T15:54:44+00:00","dateModified":"2025-02-28T15:54:44+00:00","mainEntityOfPage":{"@id":"https:\/\/darzdrowia.pl\/ciekawostki\/kremy-nawilzajace-z-filtrem-spf-dlaczego-warto-je-stosowac\/"},"wordCount":836,"publisher":{"@id":"https:\/\/darzdrowia.pl\/ciekawostki\/#organization"},"inLanguage":"pl-PL"},{"@type":"WebPage","@id":"https:\/\/darzdrowia.pl\/ciekawostki\/kremy-nawilzajace-z-filtrem-spf-dlaczego-warto-je-stosowac\/","url":"https:\/\/darzdrowia.pl\/ciekawostki\/kremy-nawilzajace-z-filtrem-spf-dlaczego-warto-je-stosowac\/","name":"Kremy nawil\u017caj\u0105ce z filtrem SPF \u2013 dlaczego warto je stosowa\u0107","isPartOf":{"@id":"https:\/\/darzdrowia.pl\/ciekawostki\/#website"},"datePublished":"2025-02-28T15:54:44+00:00","dateModified":"2025-02-28T15:54:44+00:00","description":"Odkryj, dlaczego kremy nawil\u017caj\u0105ce z SPF to must-have! Chroni\u0105 sk\u00f3r\u0119 przed s\u0142o\u0144cem i nawil\u017caj\u0105. Zadbaj o zdrow\u0105 cer\u0119 ka\u017cdego dnia!","breadcrumb":{"@id":"https:\/\/darzdrowia.pl\/ciekawostki\/kremy-nawilzajace-z-filtrem-spf-dlaczego-warto-je-stosowac\/#breadcrumb"},"inLanguage":"pl-PL","potentialAction":[{"@type":"ReadAction","target":["https:\/\/darzdrowia.pl\/ciekawostki\/kremy-nawilzajace-z-filtrem-spf-dlaczego-warto-je-stosowac\/"]}]},{"@type":"BreadcrumbList","@id":"https:\/\/darzdrowia.pl\/ciekawostki\/kremy-nawilzajace-z-filtrem-spf-dlaczego-warto-je-stosowac\/#breadcrumb","itemListElement":[{"@type":"ListItem","position":1,"name":"Strona g\u0142\u00f3wna","item":"https:\/\/darzdrowia.pl\/ciekawostki\/"},{"@type":"ListItem","position":2,"name":"Kremy nawil\u017caj\u0105ce z filtrem SPF \u2013 dlaczego warto je stosowa\u0107"}]},{"@type":"WebSite","@id":"https:\/\/darzdrowia.pl\/ciekawostki\/#website","url":"https:\/\/darzdrowia.pl\/ciekawostki\/","name":"Dar Zdrowia Drogeria - Blog","description":"","publisher":{"@id":"https:\/\/darzdrowia.pl\/ciekawostki\/#organization"},"potentialAction":[{"@type":"SearchAction","target":{"@type":"EntryPoint","urlTemplate":"https:\/\/darzdrowia.pl\/ciekawostki\/?s={search_term_string}"},"query-input":"required name=search_term_string"}],"inLanguage":"pl-PL"},{"@type":"Organization","@id":"https:\/\/darzdrowia.pl\/ciekawostki\/#organization","name":"Dar Zdrowia Drogeria - Blog","url":"https:\/\/darzdrowia.pl\/ciekawostki\/","logo":{"@type":"ImageObject","inLanguage":"pl-PL","@id":"https:\/\/darzdrowia.pl\/ciekawostki\/#\/schema\/logo\/image\/","url":"https:\/\/darzdrowia.pl\/ciekawostki\/wp-content\/uploads\/2023\/11\/logo-darzdrowia.webp","contentUrl":"https:\/\/darzdrowia.pl\/ciekawostki\/wp-content\/uploads\/2023\/11\/logo-darzdrowia.webp","width":744,"height":225,"caption":"Dar Zdrowia Drogeria - Blog"},"image":{"@id":"https:\/\/darzdrowia.pl\/ciekawostki\/#\/schema\/logo\/image\/"},"sameAs":["https:\/\/www.facebook.com\/profile.php?id=100063606935396"]},{"@type":"Person","@id":"https:\/\/darzdrowia.pl\/ciekawostki\/#\/schema\/person\/e75579d624630bf943ac69d374bb928e","name":"funkymedia","image":{"@type":"ImageObject","inLanguage":"pl-PL","@id":"https:\/\/darzdrowia.pl\/ciekawostki\/#\/schema\/person\/image\/","url":"https:\/\/secure.gravatar.com\/avatar\/393cb205b658aef6e3271ad5a92265e3e4433d2384bbe95524ba160d5bc20299?s=96&d=mm&r=g","contentUrl":"https:\/\/secure.gravatar.com\/avatar\/393cb205b658aef6e3271ad5a92265e3e4433d2384bbe95524ba160d5bc20299?s=96&d=mm&r=g","caption":"funkymedia"},"sameAs":["https:\/\/darzdrowia.pl\/ciekawostki"],"url":"https:\/\/darzdrowia.pl\/ciekawostki\/author\/funkymedia\/"}]}},"_links":{"self":[{"href":"https:\/\/darzdrowia.pl\/ciekawostki\/wp-json\/wp\/v2\/posts\/7846","targetHints":{"allow":["GET"]}}],"collection":[{"href":"https:\/\/darzdrowia.pl\/ciekawostki\/wp-json\/wp\/v2\/posts"}],"about":[{"href":"https:\/\/darzdrowia.pl\/ciekawostki\/wp-json\/wp\/v2\/types\/post"}],"author":[{"embeddable":true,"href":"https:\/\/darzdrowia.pl\/ciekawostki\/wp-json\/wp\/v2\/users\/1"}],"replies":[{"embeddable":true,"href":"https:\/\/darzdrowia.pl\/ciekawostki\/wp-json\/wp\/v2\/comments?post=7846"}],"version-history":[{"count":0,"href":"https:\/\/darzdrowia.pl\/ciekawostki\/wp-json\/wp\/v2\/posts\/7846\/revisions"}],"wp:attachment":[{"href":"https:\/\/darzdrowia.pl\/ciekawostki\/wp-json\/wp\/v2\/media?parent=7846"}],"wp:term":[{"taxonomy":"category","embeddable":true,"href":"https:\/\/darzdrowia.pl\/ciekawostki\/wp-json\/wp\/v2\/categories?post=7846"},{"taxonomy":"post_tag","embeddable":true,"href":"https:\/\/darzdrowia.pl\/ciekawostki\/wp-json\/wp\/v2\/tags?post=7846"}],"curies":[{"name":"wp","href":"https:\/\/api.w.org\/{rel}","templated":true}]}}