{"id":7826,"date":"2025-02-28T16:48:48","date_gmt":"2025-02-28T15:48:48","guid":{"rendered":"https:\/\/darzdrowia.pl\/ciekawostki\/nawilzanie-twarzy-latem-lekki-krem-czy-zel-nawilzajacy\/"},"modified":"2025-02-28T16:48:48","modified_gmt":"2025-02-28T15:48:48","slug":"nawilzanie-twarzy-latem-lekki-krem-czy-zel-nawilzajacy","status":"publish","type":"post","link":"https:\/\/darzdrowia.pl\/ciekawostki\/nawilzanie-twarzy-latem-lekki-krem-czy-zel-nawilzajacy\/","title":{"rendered":"Nawil\u017canie twarzy latem \u2013 lekki krem czy \u017cel nawil\u017caj\u0105cy"},"content":{"rendered":"\n<p>Latem, gdy temperatury rosn\u0105, a s\u0142o\u0144ce \u015bwieci intensywnie, nasza sk\u00f3ra wymaga szczeg\u00f3lnej troski i odpowiedniego nawil\u017cenia. Wysokie temperatury oraz promieniowanie UV mog\u0105 prowadzi\u0107 do przesuszenia sk\u00f3ry, co z kolei mo\u017ce powodowa\u0107 jej podra\u017cnienia i przedwczesne starzenie si\u0119. Wyb\u00f3r odpowiedniego produktu nawil\u017caj\u0105cego staje si\u0119 kluczowy dla utrzymania zdrowego i promiennego wygl\u0105du cery. W tym kontek\u015bcie cz\u0119sto pojawia si\u0119 pytanie: czy lepiej postawi\u0107 na lekki krem, czy mo\u017ce \u017cel nawil\u017caj\u0105cy? Oba produkty maj\u0105 swoje zalety i mog\u0105 by\u0107 idealnym rozwi\u0105zaniem w zale\u017cno\u015bci od indywidualnych potrzeb sk\u00f3ry oraz preferencji u\u017cytkownika. Przyjrzyjmy si\u0119 bli\u017cej w\u0142a\u015bciwo\u015bciom tych dw\u00f3ch rodzaj\u00f3w kosmetyk\u00f3w, aby pom\u00f3c w dokonaniu najlepszego wyboru na letnie dni.<\/p>\n\n\n\n<h2 class=\"wp-block-heading\">Letnia piel\u0119gnacja sk\u00f3ry: Czy lekki krem nawil\u017caj\u0105cy to najlepszy wyb\u00f3r na upalne dni?<\/h2>\n\n\n\n<p>Latem sk\u00f3ra nara\u017cona jest na dzia\u0142anie wysokich temperatur i promieniowania UV, co mo\u017ce prowadzi\u0107 do jej przesuszenia. Lekki krem nawil\u017caj\u0105cy jest cz\u0119sto polecany jako optymalny wyb\u00f3r na upalne dni. Jego formu\u0142a szybko si\u0119 wch\u0142ania, nie obci\u0105\u017caj\u0105c sk\u00f3ry, co jest istotne przy wy\u017cszych temperaturach. Dodatkowo, wiele lekkich krem\u00f3w zawiera filtry przeciws\u0142oneczne, kt\u00f3re chroni\u0105 przed szkodliwym dzia\u0142aniem s\u0142o\u0144ca. Warto jednak dostosowa\u0107 wyb\u00f3r kosmetyku do indywidualnych potrzeb sk\u00f3ry oraz zwr\u00f3ci\u0107 uwag\u0119 na sk\u0142adniki aktywne, takie jak kwas hialuronowy czy aloes, kt\u00f3re wspomagaj\u0105 nawil\u017cenie i regeneracj\u0119.<\/p>\n\n\n\n<h2 class=\"wp-block-heading\">\u017bel nawil\u017caj\u0105cy vs. lekki krem: Jak wybra\u0107 idealny produkt do nawil\u017cania twarzy latem?<\/h2>\n\n\n\n<p>Wyb\u00f3r idealnego produktu do nawil\u017cania twarzy latem zale\u017cy od kilku czynnik\u00f3w. \u017bel nawil\u017caj\u0105cy jest lekki, szybko si\u0119 wch\u0142ania i nie obci\u0105\u017ca sk\u00f3ry, co czyni go idealnym dla os\u00f3b z cer\u0105 t\u0142ust\u0105 lub mieszan\u0105. Zawiera cz\u0119sto sk\u0142adniki takie jak kwas hialuronowy, kt\u00f3re intensywnie nawil\u017caj\u0105 bez pozostawiania t\u0142ustego filmu.<\/p>\n\n\n\n<p>Lekki krem natomiast mo\u017ce by\u0107 lepszym wyborem dla os\u00f3b z cer\u0105 such\u0105 lub normaln\u0105. Oferuje on dodatkowe sk\u0142adniki od\u017cywcze i ochronne, kt\u00f3re mog\u0105 pom\u00f3c w utrzymaniu odpowiedniego poziomu nawil\u017cenia przez ca\u0142y dzie\u0144. Warto zwr\u00f3ci\u0107 uwag\u0119 na obecno\u015b\u0107 filtr\u00f3w UV, kt\u00f3re chroni\u0105 sk\u00f3r\u0119 przed szkodliwym dzia\u0142aniem promieni s\u0142onecznych.<\/p>\n\n\n\n<p>Przy wyborze produktu nale\u017cy uwzgl\u0119dni\u0107 typ cery oraz indywidualne potrzeby sk\u00f3ry. Testowanie r\u00f3\u017cnych formu\u0142 pomo\u017ce znale\u017a\u0107 najlepsze rozwi\u0105zanie dla konkretnej osoby.<\/p>\n\n\n\n<h2 class=\"wp-block-heading\">Nawil\u017canie twarzy w gor\u0105ce dni: Por\u00f3wnanie lekkich krem\u00f3w i \u017celi nawil\u017caj\u0105cych dla r\u00f3\u017cnych typ\u00f3w sk\u00f3ry<\/h2>\n\n\n\n<p>Nawil\u017canie twarzy w gor\u0105ce dni jest kluczowe dla utrzymania zdrowej sk\u00f3ry. Lekkie kremy i \u017cele nawil\u017caj\u0105ce to popularne opcje, kt\u00f3re r\u00f3\u017cni\u0105 si\u0119 konsystencj\u0105 i sk\u0142adnikami.<\/p>\n\n\n\n<p>Dla sk\u00f3ry t\u0142ustej zaleca si\u0119 \u017cele nawil\u017caj\u0105ce, kt\u00f3re szybko si\u0119 wch\u0142aniaj\u0105 i nie obci\u0105\u017caj\u0105 sk\u00f3ry. Cz\u0119sto zawieraj\u0105 sk\u0142adniki takie jak kwas hialuronowy czy aloes, kt\u00f3re zapewniaj\u0105 intensywne nawil\u017cenie bez uczucia lepko\u015bci.<\/p>\n\n\n\n<p>Sk\u00f3ra sucha wymaga bardziej intensywnego nawil\u017cenia. Lekkie kremy z dodatkiem ceramid\u00f3w lub olejk\u00f3w ro\u015blinnych mog\u0105 by\u0107 bardziej odpowiednie, poniewa\u017c tworz\u0105 barier\u0119 ochronn\u0105, zapobiegaj\u0105c utracie wilgoci.<\/p>\n\n\n\n<p>Sk\u00f3ra mieszana mo\u017ce korzysta\u0107 z obu formu\u0142 w zale\u017cno\u015bci od potrzeb poszczeg\u00f3lnych partii twarzy. Warto wybiera\u0107 produkty bezzapachowe i hipoalergiczne, aby zminimalizowa\u0107 ryzyko podra\u017cnie\u0144.<\/p>\n\n\n\n<p>W przypadku sk\u00f3ry wra\u017cliwej nale\u017cy zwr\u00f3ci\u0107 uwag\u0119 na sk\u0142adniki \u0142agodz\u0105ce, takie jak pantenol czy ekstrakt z rumianku. Produkty powinny by\u0107 testowane dermatologicznie.<\/p>\n\n\n\n<p>Podsumowuj\u0105c, wyb\u00f3r odpowiedniego produktu zale\u017cy od typu sk\u00f3ry oraz indywidualnych preferencji. Regularne stosowanie lekkich krem\u00f3w lub \u017celi pomo\u017ce utrzyma\u0107 sk\u00f3r\u0119 nawil\u017con\u0105 i zdrow\u0105 nawet w upalne dni.<\/p>\n\n\n\n<p>Podczas letnich miesi\u0119cy, kiedy sk\u00f3ra jest nara\u017cona na intensywne dzia\u0142anie promieni s\u0142onecznych, wysokie temperatury i wilgotno\u015b\u0107, odpowiednie nawil\u017cenie twarzy staje si\u0119 kluczowe dla utrzymania jej zdrowego wygl\u0105du i kondycji. Wyb\u00f3r mi\u0119dzy lekkim kremem a \u017celem nawil\u017caj\u0105cym zale\u017cy od indywidualnych potrzeb sk\u00f3ry oraz preferencji u\u017cytkownika. Lekkie kremy mog\u0105 zapewni\u0107 sk\u00f3rze odpowiedni\u0105 dawk\u0119 nawil\u017cenia bez obci\u0105\u017cania jej, co jest szczeg\u00f3lnie wa\u017cne dla os\u00f3b z cer\u0105 such\u0105 lub normaln\u0105. Z kolei \u017cele nawil\u017caj\u0105ce, dzi\u0119ki swojej lekkiej konsystencji i szybkiemu wch\u0142anianiu, s\u0105 idealne dla os\u00f3b z cer\u0105 t\u0142ust\u0105 lub mieszan\u0105, kt\u00f3re potrzebuj\u0105 od\u015bwie\u017cenia i matowego wyko\u0144czenia. Niezale\u017cnie od wyboru produktu, kluczowe jest regularne stosowanie oraz ochrona przeciws\u0142oneczna, aby skutecznie chroni\u0107 sk\u00f3r\u0119 przed szkodliwym dzia\u0142aniem UV i utrzyma\u0107 jej zdrowy blask przez ca\u0142e lato.<\/p>\n","protected":false},"excerpt":{"rendered":"<p>Latem, gdy temperatury rosn\u0105, a s\u0142o\u0144ce \u015bwieci intensywnie, nasza sk\u00f3ra wymaga szczeg\u00f3lnej troski i odpowiedniego nawil\u017cenia. Wysokie temperatury oraz promieniowanie UV mog\u0105 prowadzi\u0107 do przesuszenia sk\u00f3ry, co z kolei mo\u017ce powodowa\u0107 jej podra\u017cnienia i przedwczesne starzenie si\u0119. Wyb\u00f3r odpowiedniego produktu nawil\u017caj\u0105cego staje si\u0119 kluczowy dla utrzymania zdrowego i promiennego wygl\u0105du cery. W tym kontek\u015bcie cz\u0119sto [&hellip;]<\/p>\n","protected":false},"author":1,"featured_media":0,"comment_status":"","ping_status":"open","sticky":false,"template":"","format":"standard","meta":{"footnotes":""},"categories":[1],"tags":[],"class_list":["post-7826","post","type-post","status-publish","format-standard","hentry","category-bez-kategorii"],"fm_meta_title":"Nawil\u017canie twarzy latem \u2013 lekki krem czy \u017cel nawil\u017caj\u0105cy","fm_meta_description":"Odkryj idealne nawil\u017cenie twarzy latem! Wybierz lekki krem lub \u017cel nawil\u017caj\u0105cy i ciesz si\u0119 \u015bwie\u017co\u015bci\u0105 oraz promienn\u0105 cer\u0105 przez ca\u0142e lato.","yoast_head":"<!-- This site is optimized with the Yoast SEO plugin v21.5 - https:\/\/yoast.com\/wordpress\/plugins\/seo\/ -->\n<title>Nawil\u017canie twarzy latem \u2013 lekki krem czy \u017cel nawil\u017caj\u0105cy<\/title>\n<meta name=\"description\" content=\"Odkryj idealne nawil\u017cenie twarzy latem! Wybierz lekki krem lub \u017cel nawil\u017caj\u0105cy i ciesz si\u0119 \u015bwie\u017co\u015bci\u0105 oraz promienn\u0105 cer\u0105 przez ca\u0142e lato.\" \/>\n<meta name=\"robots\" content=\"index, follow, max-snippet:-1, max-image-preview:large, max-video-preview:-1\" \/>\n<link rel=\"canonical\" href=\"https:\/\/darzdrowia.pl\/ciekawostki\/nawilzanie-twarzy-latem-lekki-krem-czy-zel-nawilzajacy\/\" \/>\n<meta property=\"og:locale\" content=\"pl_PL\" \/>\n<meta property=\"og:type\" content=\"article\" \/>\n<meta property=\"og:title\" content=\"Nawil\u017canie twarzy latem \u2013 lekki krem czy \u017cel nawil\u017caj\u0105cy\" \/>\n<meta property=\"og:description\" content=\"Odkryj idealne nawil\u017cenie twarzy latem! Wybierz lekki krem lub \u017cel nawil\u017caj\u0105cy i ciesz si\u0119 \u015bwie\u017co\u015bci\u0105 oraz promienn\u0105 cer\u0105 przez ca\u0142e lato.\" \/>\n<meta property=\"og:url\" content=\"https:\/\/darzdrowia.pl\/ciekawostki\/nawilzanie-twarzy-latem-lekki-krem-czy-zel-nawilzajacy\/\" \/>\n<meta property=\"og:site_name\" content=\"Dar Zdrowia Drogeria - Blog\" \/>\n<meta property=\"article:publisher\" content=\"https:\/\/www.facebook.com\/profile.php?id=100063606935396\" \/>\n<meta property=\"article:published_time\" content=\"2025-02-28T15:48:48+00:00\" \/>\n<meta name=\"author\" content=\"funkymedia\" \/>\n<meta name=\"twitter:card\" content=\"summary_large_image\" \/>\n<meta name=\"twitter:label1\" content=\"Napisane przez\" \/>\n\t<meta name=\"twitter:data1\" content=\"funkymedia\" \/>\n\t<meta name=\"twitter:label2\" content=\"Szacowany czas czytania\" \/>\n\t<meta name=\"twitter:data2\" content=\"4 minuty\" \/>\n<script type=\"application\/ld+json\" class=\"yoast-schema-graph\">{\"@context\":\"https:\/\/schema.org\",\"@graph\":[{\"@type\":\"Article\",\"@id\":\"https:\/\/darzdrowia.pl\/ciekawostki\/nawilzanie-twarzy-latem-lekki-krem-czy-zel-nawilzajacy\/#article\",\"isPartOf\":{\"@id\":\"https:\/\/darzdrowia.pl\/ciekawostki\/nawilzanie-twarzy-latem-lekki-krem-czy-zel-nawilzajacy\/\"},\"author\":{\"name\":\"funkymedia\",\"@id\":\"https:\/\/darzdrowia.pl\/ciekawostki\/#\/schema\/person\/e75579d624630bf943ac69d374bb928e\"},\"headline\":\"Nawil\u017canie twarzy latem \u2013 lekki krem czy \u017cel nawil\u017caj\u0105cy\",\"datePublished\":\"2025-02-28T15:48:48+00:00\",\"dateModified\":\"2025-02-28T15:48:48+00:00\",\"mainEntityOfPage\":{\"@id\":\"https:\/\/darzdrowia.pl\/ciekawostki\/nawilzanie-twarzy-latem-lekki-krem-czy-zel-nawilzajacy\/\"},\"wordCount\":817,\"publisher\":{\"@id\":\"https:\/\/darzdrowia.pl\/ciekawostki\/#organization\"},\"inLanguage\":\"pl-PL\"},{\"@type\":\"WebPage\",\"@id\":\"https:\/\/darzdrowia.pl\/ciekawostki\/nawilzanie-twarzy-latem-lekki-krem-czy-zel-nawilzajacy\/\",\"url\":\"https:\/\/darzdrowia.pl\/ciekawostki\/nawilzanie-twarzy-latem-lekki-krem-czy-zel-nawilzajacy\/\",\"name\":\"Nawil\u017canie twarzy latem \u2013 lekki krem czy \u017cel nawil\u017caj\u0105cy\",\"isPartOf\":{\"@id\":\"https:\/\/darzdrowia.pl\/ciekawostki\/#website\"},\"datePublished\":\"2025-02-28T15:48:48+00:00\",\"dateModified\":\"2025-02-28T15:48:48+00:00\",\"description\":\"Odkryj idealne nawil\u017cenie twarzy latem! Wybierz lekki krem lub \u017cel nawil\u017caj\u0105cy i ciesz si\u0119 \u015bwie\u017co\u015bci\u0105 oraz promienn\u0105 cer\u0105 przez ca\u0142e lato.\",\"breadcrumb\":{\"@id\":\"https:\/\/darzdrowia.pl\/ciekawostki\/nawilzanie-twarzy-latem-lekki-krem-czy-zel-nawilzajacy\/#breadcrumb\"},\"inLanguage\":\"pl-PL\",\"potentialAction\":[{\"@type\":\"ReadAction\",\"target\":[\"https:\/\/darzdrowia.pl\/ciekawostki\/nawilzanie-twarzy-latem-lekki-krem-czy-zel-nawilzajacy\/\"]}]},{\"@type\":\"BreadcrumbList\",\"@id\":\"https:\/\/darzdrowia.pl\/ciekawostki\/nawilzanie-twarzy-latem-lekki-krem-czy-zel-nawilzajacy\/#breadcrumb\",\"itemListElement\":[{\"@type\":\"ListItem\",\"position\":1,\"name\":\"Strona g\u0142\u00f3wna\",\"item\":\"https:\/\/darzdrowia.pl\/ciekawostki\/\"},{\"@type\":\"ListItem\",\"position\":2,\"name\":\"Nawil\u017canie twarzy latem \u2013 lekki krem czy \u017cel nawil\u017caj\u0105cy\"}]},{\"@type\":\"WebSite\",\"@id\":\"https:\/\/darzdrowia.pl\/ciekawostki\/#website\",\"url\":\"https:\/\/darzdrowia.pl\/ciekawostki\/\",\"name\":\"Dar Zdrowia Drogeria - Blog\",\"description\":\"\",\"publisher\":{\"@id\":\"https:\/\/darzdrowia.pl\/ciekawostki\/#organization\"},\"potentialAction\":[{\"@type\":\"SearchAction\",\"target\":{\"@type\":\"EntryPoint\",\"urlTemplate\":\"https:\/\/darzdrowia.pl\/ciekawostki\/?s={search_term_string}\"},\"query-input\":\"required name=search_term_string\"}],\"inLanguage\":\"pl-PL\"},{\"@type\":\"Organization\",\"@id\":\"https:\/\/darzdrowia.pl\/ciekawostki\/#organization\",\"name\":\"Dar Zdrowia Drogeria - Blog\",\"url\":\"https:\/\/darzdrowia.pl\/ciekawostki\/\",\"logo\":{\"@type\":\"ImageObject\",\"inLanguage\":\"pl-PL\",\"@id\":\"https:\/\/darzdrowia.pl\/ciekawostki\/#\/schema\/logo\/image\/\",\"url\":\"https:\/\/darzdrowia.pl\/ciekawostki\/wp-content\/uploads\/2023\/11\/logo-darzdrowia.webp\",\"contentUrl\":\"https:\/\/darzdrowia.pl\/ciekawostki\/wp-content\/uploads\/2023\/11\/logo-darzdrowia.webp\",\"width\":744,\"height\":225,\"caption\":\"Dar Zdrowia Drogeria - Blog\"},\"image\":{\"@id\":\"https:\/\/darzdrowia.pl\/ciekawostki\/#\/schema\/logo\/image\/\"},\"sameAs\":[\"https:\/\/www.facebook.com\/profile.php?id=100063606935396\"]},{\"@type\":\"Person\",\"@id\":\"https:\/\/darzdrowia.pl\/ciekawostki\/#\/schema\/person\/e75579d624630bf943ac69d374bb928e\",\"name\":\"funkymedia\",\"image\":{\"@type\":\"ImageObject\",\"inLanguage\":\"pl-PL\",\"@id\":\"https:\/\/darzdrowia.pl\/ciekawostki\/#\/schema\/person\/image\/\",\"url\":\"https:\/\/secure.gravatar.com\/avatar\/393cb205b658aef6e3271ad5a92265e3e4433d2384bbe95524ba160d5bc20299?s=96&d=mm&r=g\",\"contentUrl\":\"https:\/\/secure.gravatar.com\/avatar\/393cb205b658aef6e3271ad5a92265e3e4433d2384bbe95524ba160d5bc20299?s=96&d=mm&r=g\",\"caption\":\"funkymedia\"},\"sameAs\":[\"https:\/\/darzdrowia.pl\/ciekawostki\"],\"url\":\"https:\/\/darzdrowia.pl\/ciekawostki\/author\/funkymedia\/\"}]}<\/script>\n<!-- \/ Yoast SEO plugin. -->","yoast_head_json":{"title":"Nawil\u017canie twarzy latem \u2013 lekki krem czy \u017cel nawil\u017caj\u0105cy","description":"Odkryj idealne nawil\u017cenie twarzy latem! Wybierz lekki krem lub \u017cel nawil\u017caj\u0105cy i ciesz si\u0119 \u015bwie\u017co\u015bci\u0105 oraz promienn\u0105 cer\u0105 przez ca\u0142e lato.","robots":{"index":"index","follow":"follow","max-snippet":"max-snippet:-1","max-image-preview":"max-image-preview:large","max-video-preview":"max-video-preview:-1"},"canonical":"https:\/\/darzdrowia.pl\/ciekawostki\/nawilzanie-twarzy-latem-lekki-krem-czy-zel-nawilzajacy\/","og_locale":"pl_PL","og_type":"article","og_title":"Nawil\u017canie twarzy latem \u2013 lekki krem czy \u017cel nawil\u017caj\u0105cy","og_description":"Odkryj idealne nawil\u017cenie twarzy latem! Wybierz lekki krem lub \u017cel nawil\u017caj\u0105cy i ciesz si\u0119 \u015bwie\u017co\u015bci\u0105 oraz promienn\u0105 cer\u0105 przez ca\u0142e lato.","og_url":"https:\/\/darzdrowia.pl\/ciekawostki\/nawilzanie-twarzy-latem-lekki-krem-czy-zel-nawilzajacy\/","og_site_name":"Dar Zdrowia Drogeria - Blog","article_publisher":"https:\/\/www.facebook.com\/profile.php?id=100063606935396","article_published_time":"2025-02-28T15:48:48+00:00","author":"funkymedia","twitter_card":"summary_large_image","twitter_misc":{"Napisane przez":"funkymedia","Szacowany czas czytania":"4 minuty"},"schema":{"@context":"https:\/\/schema.org","@graph":[{"@type":"Article","@id":"https:\/\/darzdrowia.pl\/ciekawostki\/nawilzanie-twarzy-latem-lekki-krem-czy-zel-nawilzajacy\/#article","isPartOf":{"@id":"https:\/\/darzdrowia.pl\/ciekawostki\/nawilzanie-twarzy-latem-lekki-krem-czy-zel-nawilzajacy\/"},"author":{"name":"funkymedia","@id":"https:\/\/darzdrowia.pl\/ciekawostki\/#\/schema\/person\/e75579d624630bf943ac69d374bb928e"},"headline":"Nawil\u017canie twarzy latem \u2013 lekki krem czy \u017cel nawil\u017caj\u0105cy","datePublished":"2025-02-28T15:48:48+00:00","dateModified":"2025-02-28T15:48:48+00:00","mainEntityOfPage":{"@id":"https:\/\/darzdrowia.pl\/ciekawostki\/nawilzanie-twarzy-latem-lekki-krem-czy-zel-nawilzajacy\/"},"wordCount":817,"publisher":{"@id":"https:\/\/darzdrowia.pl\/ciekawostki\/#organization"},"inLanguage":"pl-PL"},{"@type":"WebPage","@id":"https:\/\/darzdrowia.pl\/ciekawostki\/nawilzanie-twarzy-latem-lekki-krem-czy-zel-nawilzajacy\/","url":"https:\/\/darzdrowia.pl\/ciekawostki\/nawilzanie-twarzy-latem-lekki-krem-czy-zel-nawilzajacy\/","name":"Nawil\u017canie twarzy latem \u2013 lekki krem czy \u017cel nawil\u017caj\u0105cy","isPartOf":{"@id":"https:\/\/darzdrowia.pl\/ciekawostki\/#website"},"datePublished":"2025-02-28T15:48:48+00:00","dateModified":"2025-02-28T15:48:48+00:00","description":"Odkryj idealne nawil\u017cenie twarzy latem! Wybierz lekki krem lub \u017cel nawil\u017caj\u0105cy i ciesz si\u0119 \u015bwie\u017co\u015bci\u0105 oraz promienn\u0105 cer\u0105 przez ca\u0142e lato.","breadcrumb":{"@id":"https:\/\/darzdrowia.pl\/ciekawostki\/nawilzanie-twarzy-latem-lekki-krem-czy-zel-nawilzajacy\/#breadcrumb"},"inLanguage":"pl-PL","potentialAction":[{"@type":"ReadAction","target":["https:\/\/darzdrowia.pl\/ciekawostki\/nawilzanie-twarzy-latem-lekki-krem-czy-zel-nawilzajacy\/"]}]},{"@type":"BreadcrumbList","@id":"https:\/\/darzdrowia.pl\/ciekawostki\/nawilzanie-twarzy-latem-lekki-krem-czy-zel-nawilzajacy\/#breadcrumb","itemListElement":[{"@type":"ListItem","position":1,"name":"Strona g\u0142\u00f3wna","item":"https:\/\/darzdrowia.pl\/ciekawostki\/"},{"@type":"ListItem","position":2,"name":"Nawil\u017canie twarzy latem \u2013 lekki krem czy \u017cel nawil\u017caj\u0105cy"}]},{"@type":"WebSite","@id":"https:\/\/darzdrowia.pl\/ciekawostki\/#website","url":"https:\/\/darzdrowia.pl\/ciekawostki\/","name":"Dar Zdrowia Drogeria - Blog","description":"","publisher":{"@id":"https:\/\/darzdrowia.pl\/ciekawostki\/#organization"},"potentialAction":[{"@type":"SearchAction","target":{"@type":"EntryPoint","urlTemplate":"https:\/\/darzdrowia.pl\/ciekawostki\/?s={search_term_string}"},"query-input":"required name=search_term_string"}],"inLanguage":"pl-PL"},{"@type":"Organization","@id":"https:\/\/darzdrowia.pl\/ciekawostki\/#organization","name":"Dar Zdrowia Drogeria - Blog","url":"https:\/\/darzdrowia.pl\/ciekawostki\/","logo":{"@type":"ImageObject","inLanguage":"pl-PL","@id":"https:\/\/darzdrowia.pl\/ciekawostki\/#\/schema\/logo\/image\/","url":"https:\/\/darzdrowia.pl\/ciekawostki\/wp-content\/uploads\/2023\/11\/logo-darzdrowia.webp","contentUrl":"https:\/\/darzdrowia.pl\/ciekawostki\/wp-content\/uploads\/2023\/11\/logo-darzdrowia.webp","width":744,"height":225,"caption":"Dar Zdrowia Drogeria - Blog"},"image":{"@id":"https:\/\/darzdrowia.pl\/ciekawostki\/#\/schema\/logo\/image\/"},"sameAs":["https:\/\/www.facebook.com\/profile.php?id=100063606935396"]},{"@type":"Person","@id":"https:\/\/darzdrowia.pl\/ciekawostki\/#\/schema\/person\/e75579d624630bf943ac69d374bb928e","name":"funkymedia","image":{"@type":"ImageObject","inLanguage":"pl-PL","@id":"https:\/\/darzdrowia.pl\/ciekawostki\/#\/schema\/person\/image\/","url":"https:\/\/secure.gravatar.com\/avatar\/393cb205b658aef6e3271ad5a92265e3e4433d2384bbe95524ba160d5bc20299?s=96&d=mm&r=g","contentUrl":"https:\/\/secure.gravatar.com\/avatar\/393cb205b658aef6e3271ad5a92265e3e4433d2384bbe95524ba160d5bc20299?s=96&d=mm&r=g","caption":"funkymedia"},"sameAs":["https:\/\/darzdrowia.pl\/ciekawostki"],"url":"https:\/\/darzdrowia.pl\/ciekawostki\/author\/funkymedia\/"}]}},"_links":{"self":[{"href":"https:\/\/darzdrowia.pl\/ciekawostki\/wp-json\/wp\/v2\/posts\/7826","targetHints":{"allow":["GET"]}}],"collection":[{"href":"https:\/\/darzdrowia.pl\/ciekawostki\/wp-json\/wp\/v2\/posts"}],"about":[{"href":"https:\/\/darzdrowia.pl\/ciekawostki\/wp-json\/wp\/v2\/types\/post"}],"author":[{"embeddable":true,"href":"https:\/\/darzdrowia.pl\/ciekawostki\/wp-json\/wp\/v2\/users\/1"}],"replies":[{"embeddable":true,"href":"https:\/\/darzdrowia.pl\/ciekawostki\/wp-json\/wp\/v2\/comments?post=7826"}],"version-history":[{"count":0,"href":"https:\/\/darzdrowia.pl\/ciekawostki\/wp-json\/wp\/v2\/posts\/7826\/revisions"}],"wp:attachment":[{"href":"https:\/\/darzdrowia.pl\/ciekawostki\/wp-json\/wp\/v2\/media?parent=7826"}],"wp:term":[{"taxonomy":"category","embeddable":true,"href":"https:\/\/darzdrowia.pl\/ciekawostki\/wp-json\/wp\/v2\/categories?post=7826"},{"taxonomy":"post_tag","embeddable":true,"href":"https:\/\/darzdrowia.pl\/ciekawostki\/wp-json\/wp\/v2\/tags?post=7826"}],"curies":[{"name":"wp","href":"https:\/\/api.w.org\/{rel}","templated":true}]}}