{"id":7807,"date":"2025-02-28T16:41:45","date_gmt":"2025-02-28T15:41:45","guid":{"rendered":"https:\/\/darzdrowia.pl\/ciekawostki\/zel-do-mycia-twarzy-z-witamina-c-czy-warto-go-stosowac\/"},"modified":"2025-02-28T16:41:45","modified_gmt":"2025-02-28T15:41:45","slug":"zel-do-mycia-twarzy-z-witamina-c-czy-warto-go-stosowac","status":"publish","type":"post","link":"https:\/\/darzdrowia.pl\/ciekawostki\/zel-do-mycia-twarzy-z-witamina-c-czy-warto-go-stosowac\/","title":{"rendered":"\u017bel do mycia twarzy z witamin\u0105 C \u2013 czy warto go stosowa\u0107?"},"content":{"rendered":"\n<p>\u017bel do mycia twarzy z witamin\u0105 C to produkt, kt\u00f3ry zyskuje coraz wi\u0119ksz\u0105 popularno\u015b\u0107 w\u015br\u00f3d os\u00f3b dbaj\u0105cych o zdrowie i wygl\u0105d swojej sk\u00f3ry. Witamina C, znana ze swoich w\u0142a\u015bciwo\u015bci antyoksydacyjnych, odgrywa kluczow\u0105 rol\u0119 w ochronie sk\u00f3ry przed szkodliwym dzia\u0142aniem wolnych rodnik\u00f3w oraz wspomaga produkcj\u0119 kolagenu, co przyczynia si\u0119 do poprawy elastyczno\u015bci i j\u0119drno\u015bci cery. Wprowadzenie \u017celu z witamin\u0105 C do codziennej rutyny piel\u0119gnacyjnej mo\u017ce przynie\u015b\u0107 wiele korzy\u015bci, takich jak rozja\u015bnienie przebarwie\u0144, wyr\u00f3wnanie kolorytu sk\u00f3ry oraz nadanie jej zdrowego blasku. Warto jednak zastanowi\u0107 si\u0119, czy ten produkt jest odpowiedni dla ka\u017cdego rodzaju cery i jakie efekty mo\u017cna osi\u0105gn\u0105\u0107 przy regularnym stosowaniu. W niniejszym artykule przyjrzymy si\u0119 bli\u017cej w\u0142a\u015bciwo\u015bciom \u017celu do mycia twarzy z witamin\u0105 C oraz ocenimy, czy warto go w\u0142\u0105czy\u0107 do swojej codziennej piel\u0119gnacji.<\/p>\n\n\n\n<h2 class=\"wp-block-heading\">\u017bel do mycia twarzy z witamin\u0105 C: Jakie korzy\u015bci przynosi sk\u00f3rze i czy warto go w\u0142\u0105czy\u0107 do codziennej piel\u0119gnacji?<\/h2>\n\n\n\n<p>\u017bel do mycia twarzy z witamin\u0105 C oferuje wiele korzy\u015bci dla sk\u00f3ry. Witamina C jest silnym antyoksydantem, kt\u00f3ry pomaga w walce z wolnymi rodnikami, co mo\u017ce op\u00f3\u017ania\u0107 procesy starzenia si\u0119 sk\u00f3ry. Regularne stosowanie \u017celu z witamin\u0105 C mo\u017ce poprawi\u0107 koloryt sk\u00f3ry, rozja\u015bniaj\u0105c przebarwienia i nadaj\u0105c cerze zdrowy blask. Dodatkowo, witamina C wspomaga produkcj\u0119 kolagenu, co przyczynia si\u0119 do zwi\u0119kszenia elastyczno\u015bci sk\u00f3ry i redukcji drobnych zmarszczek. \u017bel do mycia twarzy z tym sk\u0142adnikiem skutecznie oczyszcza sk\u00f3r\u0119, usuwaj\u0105c zanieczyszczenia i nadmiar sebum bez przesuszania. W\u0142\u0105czenie go do codziennej piel\u0119gnacji mo\u017ce by\u0107 korzystne dla os\u00f3b pragn\u0105cych poprawi\u0107 wygl\u0105d swojej cery oraz chroni\u0107 j\u0105 przed szkodliwymi czynnikami \u015brodowiskowymi.<\/p>\n\n\n\n<h2 class=\"wp-block-heading\">Witamina C w kosmetykach: Czy \u017cel do mycia twarzy z tym sk\u0142adnikiem to must-have w twojej \u0142azience?<\/h2>\n\n\n\n<p>Witamina C jest popularnym sk\u0142adnikiem w kosmetykach ze wzgl\u0119du na swoje w\u0142a\u015bciwo\u015bci antyoksydacyjne i rozja\u015bniaj\u0105ce. \u017bel do mycia twarzy z witamin\u0105 C mo\u017ce pom\u00f3c w usuwaniu zanieczyszcze\u0144, jednocze\u015bnie wspieraj\u0105c zdrowy wygl\u0105d sk\u00f3ry. Regularne stosowanie takiego produktu mo\u017ce przyczyni\u0107 si\u0119 do poprawy kolorytu cery oraz ochrony przed szkodliwym dzia\u0142aniem wolnych rodnik\u00f3w. Jednak\u017ce, nie jest to produkt niezb\u0119dny dla ka\u017cdego typu sk\u00f3ry. Osoby z wra\u017cliw\u0105 sk\u00f3r\u0105 powinny zachowa\u0107 ostro\u017cno\u015b\u0107, aby unikn\u0105\u0107 podra\u017cnie\u0144. Warto rozwa\u017cy\u0107 indywidualne potrzeby sk\u00f3ry przed wprowadzeniem \u017celu z witamin\u0105 C do codziennej piel\u0119gnacji.<\/p>\n\n\n\n<h2 class=\"wp-block-heading\">Por\u00f3wnanie \u017celi do mycia twarzy: Czy wersja z witamin\u0105 C rzeczywi\u015bcie dzia\u0142a lepiej?<\/h2>\n\n\n\n<p>\u017bele do mycia twarzy z witamin\u0105 C s\u0105 popularne ze wzgl\u0119du na swoje w\u0142a\u015bciwo\u015bci antyoksydacyjne. Witamina C pomaga w walce z wolnymi rodnikami, co mo\u017ce prowadzi\u0107 do ja\u015bniejszej i bardziej promiennej sk\u00f3ry. Badania wskazuj\u0105, \u017ce witamina C wspomaga produkcj\u0119 kolagenu, co mo\u017ce poprawi\u0107 elastyczno\u015b\u0107 sk\u00f3ry. Jednak skuteczno\u015b\u0107 \u017celu zale\u017cy od st\u0119\u017cenia witaminy C oraz formu\u0142y produktu. Wersje bez witaminy C mog\u0105 by\u0107 r\u00f3wnie skuteczne w oczyszczaniu, ale mog\u0105 nie oferowa\u0107 tych samych korzy\u015bci antyoksydacyjnych. Wyb\u00f3r odpowiedniego produktu powinien uwzgl\u0119dnia\u0107 indywidualne potrzeby sk\u00f3ry oraz ewentualne reakcje alergiczne.<\/p>\n\n\n\n<p>\u017bel do mycia twarzy z witamin\u0105 C mo\u017ce by\u0107 warto\u015bciowym dodatkiem do codziennej piel\u0119gnacji sk\u00f3ry, zw\u0142aszcza dla os\u00f3b poszukuj\u0105cych produkt\u00f3w o dzia\u0142aniu rozja\u015bniaj\u0105cym i antyoksydacyjnym. Witamina C jest znana ze swoich w\u0142a\u015bciwo\u015bci roz\u015bwietlaj\u0105cych, co mo\u017ce pom\u00f3c w redukcji przebarwie\u0144 i poprawie og\u00f3lnego kolorytu sk\u00f3ry. Dodatkowo, jako silny antyoksydant, wspiera ochron\u0119 przed szkodliwym dzia\u0142aniem wolnych rodnik\u00f3w, co jest istotne w profilaktyce przeciwstarzeniowej.<\/p>\n\n\n\n<p>Stosowanie \u017celu z witamin\u0105 C mo\u017ce r\u00f3wnie\u017c przyczyni\u0107 si\u0119 do poprawy tekstury sk\u00f3ry oraz jej nawil\u017cenia, zw\u0142aszcza je\u015bli produkt zawiera dodatkowe sk\u0142adniki nawil\u017caj\u0105ce. Warto jednak pami\u0119ta\u0107, \u017ce efekty mog\u0105 si\u0119 r\u00f3\u017cni\u0107 w zale\u017cno\u015bci od indywidualnych potrzeb i typu sk\u00f3ry. Osoby z wra\u017cliw\u0105 sk\u00f3r\u0105 powinny zachowa\u0107 ostro\u017cno\u015b\u0107 i ewentualnie skonsultowa\u0107 si\u0119 z dermatologiem przed wprowadzeniem nowego produktu do swojej rutyny piel\u0119gnacyjnej.<\/p>\n\n\n\n<p>Podsumowuj\u0105c, \u017cel do mycia twarzy z witamin\u0105 C to produkt godny uwagi dla tych, kt\u00f3rzy chc\u0105 zadba\u0107 o zdrowy wygl\u0105d swojej sk\u00f3ry. Regularne stosowanie mo\u017ce przynie\u015b\u0107 widoczne korzy\u015bci, jednak kluczowe jest dobranie odpowiedniego produktu dostosowanego do indywidualnych potrzeb sk\u00f3ry.<\/p>\n","protected":false},"excerpt":{"rendered":"<p>\u017bel do mycia twarzy z witamin\u0105 C to produkt, kt\u00f3ry zyskuje coraz wi\u0119ksz\u0105 popularno\u015b\u0107 w\u015br\u00f3d os\u00f3b dbaj\u0105cych o zdrowie i wygl\u0105d swojej sk\u00f3ry. Witamina C, znana ze swoich w\u0142a\u015bciwo\u015bci antyoksydacyjnych, odgrywa kluczow\u0105 rol\u0119 w ochronie sk\u00f3ry przed szkodliwym dzia\u0142aniem wolnych rodnik\u00f3w oraz wspomaga produkcj\u0119 kolagenu, co przyczynia si\u0119 do poprawy elastyczno\u015bci i j\u0119drno\u015bci cery. Wprowadzenie [&hellip;]<\/p>\n","protected":false},"author":1,"featured_media":0,"comment_status":"","ping_status":"open","sticky":false,"template":"","format":"standard","meta":{"footnotes":""},"categories":[1],"tags":[],"class_list":["post-7807","post","type-post","status-publish","format-standard","hentry","category-bez-kategorii"],"fm_meta_title":"\u017bel do mycia twarzy z witamin\u0105 C \u2013 czy warto go stosowa\u0107?","fm_meta_description":"Odkryj korzy\u015bci \u017celu do mycia twarzy z witamin\u0105 C! Sprawd\u017a, jak mo\u017ce poprawi\u0107 kondycj\u0119 Twojej sk\u00f3ry i doda\u0107 jej blasku. Czy warto go stosowa\u0107? Dowiedz si\u0119 wi\u0119cej!","yoast_head":"<!-- This site is optimized with the Yoast SEO plugin v21.5 - https:\/\/yoast.com\/wordpress\/plugins\/seo\/ -->\n<title>\u017bel do mycia twarzy z witamin\u0105 C \u2013 czy warto go stosowa\u0107?<\/title>\n<meta name=\"description\" content=\"Odkryj korzy\u015bci \u017celu do mycia twarzy z witamin\u0105 C! Sprawd\u017a, jak mo\u017ce poprawi\u0107 kondycj\u0119 Twojej sk\u00f3ry i doda\u0107 jej blasku. Czy warto go stosowa\u0107? Dowiedz si\u0119 wi\u0119cej!\" \/>\n<meta name=\"robots\" content=\"index, follow, max-snippet:-1, max-image-preview:large, max-video-preview:-1\" \/>\n<link rel=\"canonical\" href=\"https:\/\/darzdrowia.pl\/ciekawostki\/zel-do-mycia-twarzy-z-witamina-c-czy-warto-go-stosowac\/\" \/>\n<meta property=\"og:locale\" content=\"pl_PL\" \/>\n<meta property=\"og:type\" content=\"article\" \/>\n<meta property=\"og:title\" content=\"\u017bel do mycia twarzy z witamin\u0105 C \u2013 czy warto go stosowa\u0107?\" \/>\n<meta property=\"og:description\" content=\"Odkryj korzy\u015bci \u017celu do mycia twarzy z witamin\u0105 C! Sprawd\u017a, jak mo\u017ce poprawi\u0107 kondycj\u0119 Twojej sk\u00f3ry i doda\u0107 jej blasku. Czy warto go stosowa\u0107? Dowiedz si\u0119 wi\u0119cej!\" \/>\n<meta property=\"og:url\" content=\"https:\/\/darzdrowia.pl\/ciekawostki\/zel-do-mycia-twarzy-z-witamina-c-czy-warto-go-stosowac\/\" \/>\n<meta property=\"og:site_name\" content=\"Dar Zdrowia Drogeria - Blog\" \/>\n<meta property=\"article:publisher\" content=\"https:\/\/www.facebook.com\/profile.php?id=100063606935396\" \/>\n<meta property=\"article:published_time\" content=\"2025-02-28T15:41:45+00:00\" \/>\n<meta name=\"author\" content=\"funkymedia\" \/>\n<meta name=\"twitter:card\" content=\"summary_large_image\" \/>\n<meta name=\"twitter:label1\" content=\"Napisane przez\" \/>\n\t<meta name=\"twitter:data1\" content=\"funkymedia\" \/>\n\t<meta name=\"twitter:label2\" content=\"Szacowany czas czytania\" \/>\n\t<meta name=\"twitter:data2\" content=\"4 minuty\" \/>\n<script type=\"application\/ld+json\" class=\"yoast-schema-graph\">{\"@context\":\"https:\/\/schema.org\",\"@graph\":[{\"@type\":\"Article\",\"@id\":\"https:\/\/darzdrowia.pl\/ciekawostki\/zel-do-mycia-twarzy-z-witamina-c-czy-warto-go-stosowac\/#article\",\"isPartOf\":{\"@id\":\"https:\/\/darzdrowia.pl\/ciekawostki\/zel-do-mycia-twarzy-z-witamina-c-czy-warto-go-stosowac\/\"},\"author\":{\"name\":\"funkymedia\",\"@id\":\"https:\/\/darzdrowia.pl\/ciekawostki\/#\/schema\/person\/e75579d624630bf943ac69d374bb928e\"},\"headline\":\"\u017bel do mycia twarzy z witamin\u0105 C \u2013 czy warto go stosowa\u0107?\",\"datePublished\":\"2025-02-28T15:41:45+00:00\",\"dateModified\":\"2025-02-28T15:41:45+00:00\",\"mainEntityOfPage\":{\"@id\":\"https:\/\/darzdrowia.pl\/ciekawostki\/zel-do-mycia-twarzy-z-witamina-c-czy-warto-go-stosowac\/\"},\"wordCount\":772,\"publisher\":{\"@id\":\"https:\/\/darzdrowia.pl\/ciekawostki\/#organization\"},\"inLanguage\":\"pl-PL\"},{\"@type\":\"WebPage\",\"@id\":\"https:\/\/darzdrowia.pl\/ciekawostki\/zel-do-mycia-twarzy-z-witamina-c-czy-warto-go-stosowac\/\",\"url\":\"https:\/\/darzdrowia.pl\/ciekawostki\/zel-do-mycia-twarzy-z-witamina-c-czy-warto-go-stosowac\/\",\"name\":\"\u017bel do mycia twarzy z witamin\u0105 C \u2013 czy warto go stosowa\u0107?\",\"isPartOf\":{\"@id\":\"https:\/\/darzdrowia.pl\/ciekawostki\/#website\"},\"datePublished\":\"2025-02-28T15:41:45+00:00\",\"dateModified\":\"2025-02-28T15:41:45+00:00\",\"description\":\"Odkryj korzy\u015bci \u017celu do mycia twarzy z witamin\u0105 C! Sprawd\u017a, jak mo\u017ce poprawi\u0107 kondycj\u0119 Twojej sk\u00f3ry i doda\u0107 jej blasku. Czy warto go stosowa\u0107? Dowiedz si\u0119 wi\u0119cej!\",\"breadcrumb\":{\"@id\":\"https:\/\/darzdrowia.pl\/ciekawostki\/zel-do-mycia-twarzy-z-witamina-c-czy-warto-go-stosowac\/#breadcrumb\"},\"inLanguage\":\"pl-PL\",\"potentialAction\":[{\"@type\":\"ReadAction\",\"target\":[\"https:\/\/darzdrowia.pl\/ciekawostki\/zel-do-mycia-twarzy-z-witamina-c-czy-warto-go-stosowac\/\"]}]},{\"@type\":\"BreadcrumbList\",\"@id\":\"https:\/\/darzdrowia.pl\/ciekawostki\/zel-do-mycia-twarzy-z-witamina-c-czy-warto-go-stosowac\/#breadcrumb\",\"itemListElement\":[{\"@type\":\"ListItem\",\"position\":1,\"name\":\"Strona g\u0142\u00f3wna\",\"item\":\"https:\/\/darzdrowia.pl\/ciekawostki\/\"},{\"@type\":\"ListItem\",\"position\":2,\"name\":\"\u017bel do mycia twarzy z witamin\u0105 C \u2013 czy warto go stosowa\u0107?\"}]},{\"@type\":\"WebSite\",\"@id\":\"https:\/\/darzdrowia.pl\/ciekawostki\/#website\",\"url\":\"https:\/\/darzdrowia.pl\/ciekawostki\/\",\"name\":\"Dar Zdrowia Drogeria - Blog\",\"description\":\"\",\"publisher\":{\"@id\":\"https:\/\/darzdrowia.pl\/ciekawostki\/#organization\"},\"potentialAction\":[{\"@type\":\"SearchAction\",\"target\":{\"@type\":\"EntryPoint\",\"urlTemplate\":\"https:\/\/darzdrowia.pl\/ciekawostki\/?s={search_term_string}\"},\"query-input\":\"required name=search_term_string\"}],\"inLanguage\":\"pl-PL\"},{\"@type\":\"Organization\",\"@id\":\"https:\/\/darzdrowia.pl\/ciekawostki\/#organization\",\"name\":\"Dar Zdrowia Drogeria - Blog\",\"url\":\"https:\/\/darzdrowia.pl\/ciekawostki\/\",\"logo\":{\"@type\":\"ImageObject\",\"inLanguage\":\"pl-PL\",\"@id\":\"https:\/\/darzdrowia.pl\/ciekawostki\/#\/schema\/logo\/image\/\",\"url\":\"https:\/\/darzdrowia.pl\/ciekawostki\/wp-content\/uploads\/2023\/11\/logo-darzdrowia.webp\",\"contentUrl\":\"https:\/\/darzdrowia.pl\/ciekawostki\/wp-content\/uploads\/2023\/11\/logo-darzdrowia.webp\",\"width\":744,\"height\":225,\"caption\":\"Dar Zdrowia Drogeria - Blog\"},\"image\":{\"@id\":\"https:\/\/darzdrowia.pl\/ciekawostki\/#\/schema\/logo\/image\/\"},\"sameAs\":[\"https:\/\/www.facebook.com\/profile.php?id=100063606935396\"]},{\"@type\":\"Person\",\"@id\":\"https:\/\/darzdrowia.pl\/ciekawostki\/#\/schema\/person\/e75579d624630bf943ac69d374bb928e\",\"name\":\"funkymedia\",\"image\":{\"@type\":\"ImageObject\",\"inLanguage\":\"pl-PL\",\"@id\":\"https:\/\/darzdrowia.pl\/ciekawostki\/#\/schema\/person\/image\/\",\"url\":\"https:\/\/secure.gravatar.com\/avatar\/393cb205b658aef6e3271ad5a92265e3e4433d2384bbe95524ba160d5bc20299?s=96&d=mm&r=g\",\"contentUrl\":\"https:\/\/secure.gravatar.com\/avatar\/393cb205b658aef6e3271ad5a92265e3e4433d2384bbe95524ba160d5bc20299?s=96&d=mm&r=g\",\"caption\":\"funkymedia\"},\"sameAs\":[\"https:\/\/darzdrowia.pl\/ciekawostki\"],\"url\":\"https:\/\/darzdrowia.pl\/ciekawostki\/author\/funkymedia\/\"}]}<\/script>\n<!-- \/ Yoast SEO plugin. -->","yoast_head_json":{"title":"\u017bel do mycia twarzy z witamin\u0105 C \u2013 czy warto go stosowa\u0107?","description":"Odkryj korzy\u015bci \u017celu do mycia twarzy z witamin\u0105 C! Sprawd\u017a, jak mo\u017ce poprawi\u0107 kondycj\u0119 Twojej sk\u00f3ry i doda\u0107 jej blasku. Czy warto go stosowa\u0107? Dowiedz si\u0119 wi\u0119cej!","robots":{"index":"index","follow":"follow","max-snippet":"max-snippet:-1","max-image-preview":"max-image-preview:large","max-video-preview":"max-video-preview:-1"},"canonical":"https:\/\/darzdrowia.pl\/ciekawostki\/zel-do-mycia-twarzy-z-witamina-c-czy-warto-go-stosowac\/","og_locale":"pl_PL","og_type":"article","og_title":"\u017bel do mycia twarzy z witamin\u0105 C \u2013 czy warto go stosowa\u0107?","og_description":"Odkryj korzy\u015bci \u017celu do mycia twarzy z witamin\u0105 C! Sprawd\u017a, jak mo\u017ce poprawi\u0107 kondycj\u0119 Twojej sk\u00f3ry i doda\u0107 jej blasku. Czy warto go stosowa\u0107? Dowiedz si\u0119 wi\u0119cej!","og_url":"https:\/\/darzdrowia.pl\/ciekawostki\/zel-do-mycia-twarzy-z-witamina-c-czy-warto-go-stosowac\/","og_site_name":"Dar Zdrowia Drogeria - Blog","article_publisher":"https:\/\/www.facebook.com\/profile.php?id=100063606935396","article_published_time":"2025-02-28T15:41:45+00:00","author":"funkymedia","twitter_card":"summary_large_image","twitter_misc":{"Napisane przez":"funkymedia","Szacowany czas czytania":"4 minuty"},"schema":{"@context":"https:\/\/schema.org","@graph":[{"@type":"Article","@id":"https:\/\/darzdrowia.pl\/ciekawostki\/zel-do-mycia-twarzy-z-witamina-c-czy-warto-go-stosowac\/#article","isPartOf":{"@id":"https:\/\/darzdrowia.pl\/ciekawostki\/zel-do-mycia-twarzy-z-witamina-c-czy-warto-go-stosowac\/"},"author":{"name":"funkymedia","@id":"https:\/\/darzdrowia.pl\/ciekawostki\/#\/schema\/person\/e75579d624630bf943ac69d374bb928e"},"headline":"\u017bel do mycia twarzy z witamin\u0105 C \u2013 czy warto go stosowa\u0107?","datePublished":"2025-02-28T15:41:45+00:00","dateModified":"2025-02-28T15:41:45+00:00","mainEntityOfPage":{"@id":"https:\/\/darzdrowia.pl\/ciekawostki\/zel-do-mycia-twarzy-z-witamina-c-czy-warto-go-stosowac\/"},"wordCount":772,"publisher":{"@id":"https:\/\/darzdrowia.pl\/ciekawostki\/#organization"},"inLanguage":"pl-PL"},{"@type":"WebPage","@id":"https:\/\/darzdrowia.pl\/ciekawostki\/zel-do-mycia-twarzy-z-witamina-c-czy-warto-go-stosowac\/","url":"https:\/\/darzdrowia.pl\/ciekawostki\/zel-do-mycia-twarzy-z-witamina-c-czy-warto-go-stosowac\/","name":"\u017bel do mycia twarzy z witamin\u0105 C \u2013 czy warto go stosowa\u0107?","isPartOf":{"@id":"https:\/\/darzdrowia.pl\/ciekawostki\/#website"},"datePublished":"2025-02-28T15:41:45+00:00","dateModified":"2025-02-28T15:41:45+00:00","description":"Odkryj korzy\u015bci \u017celu do mycia twarzy z witamin\u0105 C! Sprawd\u017a, jak mo\u017ce poprawi\u0107 kondycj\u0119 Twojej sk\u00f3ry i doda\u0107 jej blasku. Czy warto go stosowa\u0107? Dowiedz si\u0119 wi\u0119cej!","breadcrumb":{"@id":"https:\/\/darzdrowia.pl\/ciekawostki\/zel-do-mycia-twarzy-z-witamina-c-czy-warto-go-stosowac\/#breadcrumb"},"inLanguage":"pl-PL","potentialAction":[{"@type":"ReadAction","target":["https:\/\/darzdrowia.pl\/ciekawostki\/zel-do-mycia-twarzy-z-witamina-c-czy-warto-go-stosowac\/"]}]},{"@type":"BreadcrumbList","@id":"https:\/\/darzdrowia.pl\/ciekawostki\/zel-do-mycia-twarzy-z-witamina-c-czy-warto-go-stosowac\/#breadcrumb","itemListElement":[{"@type":"ListItem","position":1,"name":"Strona g\u0142\u00f3wna","item":"https:\/\/darzdrowia.pl\/ciekawostki\/"},{"@type":"ListItem","position":2,"name":"\u017bel do mycia twarzy z witamin\u0105 C \u2013 czy warto go stosowa\u0107?"}]},{"@type":"WebSite","@id":"https:\/\/darzdrowia.pl\/ciekawostki\/#website","url":"https:\/\/darzdrowia.pl\/ciekawostki\/","name":"Dar Zdrowia Drogeria - Blog","description":"","publisher":{"@id":"https:\/\/darzdrowia.pl\/ciekawostki\/#organization"},"potentialAction":[{"@type":"SearchAction","target":{"@type":"EntryPoint","urlTemplate":"https:\/\/darzdrowia.pl\/ciekawostki\/?s={search_term_string}"},"query-input":"required name=search_term_string"}],"inLanguage":"pl-PL"},{"@type":"Organization","@id":"https:\/\/darzdrowia.pl\/ciekawostki\/#organization","name":"Dar Zdrowia Drogeria - Blog","url":"https:\/\/darzdrowia.pl\/ciekawostki\/","logo":{"@type":"ImageObject","inLanguage":"pl-PL","@id":"https:\/\/darzdrowia.pl\/ciekawostki\/#\/schema\/logo\/image\/","url":"https:\/\/darzdrowia.pl\/ciekawostki\/wp-content\/uploads\/2023\/11\/logo-darzdrowia.webp","contentUrl":"https:\/\/darzdrowia.pl\/ciekawostki\/wp-content\/uploads\/2023\/11\/logo-darzdrowia.webp","width":744,"height":225,"caption":"Dar Zdrowia Drogeria - Blog"},"image":{"@id":"https:\/\/darzdrowia.pl\/ciekawostki\/#\/schema\/logo\/image\/"},"sameAs":["https:\/\/www.facebook.com\/profile.php?id=100063606935396"]},{"@type":"Person","@id":"https:\/\/darzdrowia.pl\/ciekawostki\/#\/schema\/person\/e75579d624630bf943ac69d374bb928e","name":"funkymedia","image":{"@type":"ImageObject","inLanguage":"pl-PL","@id":"https:\/\/darzdrowia.pl\/ciekawostki\/#\/schema\/person\/image\/","url":"https:\/\/secure.gravatar.com\/avatar\/393cb205b658aef6e3271ad5a92265e3e4433d2384bbe95524ba160d5bc20299?s=96&d=mm&r=g","contentUrl":"https:\/\/secure.gravatar.com\/avatar\/393cb205b658aef6e3271ad5a92265e3e4433d2384bbe95524ba160d5bc20299?s=96&d=mm&r=g","caption":"funkymedia"},"sameAs":["https:\/\/darzdrowia.pl\/ciekawostki"],"url":"https:\/\/darzdrowia.pl\/ciekawostki\/author\/funkymedia\/"}]}},"_links":{"self":[{"href":"https:\/\/darzdrowia.pl\/ciekawostki\/wp-json\/wp\/v2\/posts\/7807","targetHints":{"allow":["GET"]}}],"collection":[{"href":"https:\/\/darzdrowia.pl\/ciekawostki\/wp-json\/wp\/v2\/posts"}],"about":[{"href":"https:\/\/darzdrowia.pl\/ciekawostki\/wp-json\/wp\/v2\/types\/post"}],"author":[{"embeddable":true,"href":"https:\/\/darzdrowia.pl\/ciekawostki\/wp-json\/wp\/v2\/users\/1"}],"replies":[{"embeddable":true,"href":"https:\/\/darzdrowia.pl\/ciekawostki\/wp-json\/wp\/v2\/comments?post=7807"}],"version-history":[{"count":0,"href":"https:\/\/darzdrowia.pl\/ciekawostki\/wp-json\/wp\/v2\/posts\/7807\/revisions"}],"wp:attachment":[{"href":"https:\/\/darzdrowia.pl\/ciekawostki\/wp-json\/wp\/v2\/media?parent=7807"}],"wp:term":[{"taxonomy":"category","embeddable":true,"href":"https:\/\/darzdrowia.pl\/ciekawostki\/wp-json\/wp\/v2\/categories?post=7807"},{"taxonomy":"post_tag","embeddable":true,"href":"https:\/\/darzdrowia.pl\/ciekawostki\/wp-json\/wp\/v2\/tags?post=7807"}],"curies":[{"name":"wp","href":"https:\/\/api.w.org\/{rel}","templated":true}]}}