{"id":7788,"date":"2025-02-28T16:35:44","date_gmt":"2025-02-28T15:35:44","guid":{"rendered":"https:\/\/darzdrowia.pl\/ciekawostki\/maseczki-na-twarz-przed-snem-nocna-regeneracja-cery\/"},"modified":"2025-02-28T16:35:44","modified_gmt":"2025-02-28T15:35:44","slug":"maseczki-na-twarz-przed-snem-nocna-regeneracja-cery","status":"publish","type":"post","link":"https:\/\/darzdrowia.pl\/ciekawostki\/maseczki-na-twarz-przed-snem-nocna-regeneracja-cery\/","title":{"rendered":"Maseczki na twarz przed snem \u2013 nocna regeneracja cery"},"content":{"rendered":"\n<p>Maseczki na twarz przed snem to popularny element piel\u0119gnacji sk\u00f3ry, kt\u00f3ry zyskuje coraz wi\u0119ksze uznanie w\u015br\u00f3d os\u00f3b dbaj\u0105cych o zdrowy i promienny wygl\u0105d cery. Nocna regeneracja sk\u00f3ry jest kluczowym procesem, podczas kt\u00f3rego sk\u00f3ra ma szans\u0119 odpocz\u0105\u0107 i zregenerowa\u0107 si\u0119 po ca\u0142ym dniu nara\u017cenia na szkodliwe czynniki zewn\u0119trzne, takie jak zanieczyszczenia, promieniowanie UV czy stres. Maseczki stosowane przed snem s\u0105 specjalnie opracowane, aby wspiera\u0107 ten proces, dostarczaj\u0105c sk\u00f3rze niezb\u0119dnych sk\u0142adnik\u00f3w od\u017cywczych i nawil\u017caj\u0105cych. Dzi\u0119ki bogatym formu\u0142om zawieraj\u0105cym witaminy, minera\u0142y oraz naturalne ekstrakty ro\u015blinne, maseczki te pomagaj\u0105 wzmocni\u0107 barier\u0119 ochronn\u0105 sk\u00f3ry, poprawi\u0107 jej elastyczno\u015b\u0107 oraz przywr\u00f3ci\u0107 zdrowy blask. Regularne stosowanie maseczek nocnych mo\u017ce znacz\u0105co wp\u0142yn\u0105\u0107 na popraw\u0119 kondycji cery, sprawiaj\u0105c, \u017ce staje si\u0119 ona bardziej j\u0119drna, g\u0142adka i pe\u0142na \u017cycia ka\u017cdego poranka.<\/p>\n\n\n\n<h2 class=\"wp-block-heading\">Nocna magia: Jak maseczki na twarz przed snem mog\u0105 odmieni\u0107 Twoj\u0105 cer\u0119<\/h2>\n\n\n\n<p>Maseczki na twarz stosowane przed snem mog\u0105 znacz\u0105co poprawi\u0107 kondycj\u0119 cery. W nocy sk\u00f3ra intensywnie si\u0119 regeneruje, a sk\u0142adniki aktywne zawarte w maseczkach wspieraj\u0105 ten proces. Dzi\u0119ki temu sk\u00f3ra staje si\u0119 bardziej nawil\u017cona, elastyczna i promienna. Regularne stosowanie maseczek nocnych mo\u017ce r\u00f3wnie\u017c pom\u00f3c w redukcji drobnych zmarszczek i przebarwie\u0144. Wa\u017cne jest, aby dobra\u0107 odpowiedni produkt do typu cery, co zapewni optymalne rezultaty.<\/p>\n\n\n\n<h2 class=\"wp-block-heading\">Sekrety nocnej piel\u0119gnacji: Najlepsze maseczki na twarz do stosowania przed snem<\/h2>\n\n\n\n<p>1. **Maseczka nawil\u017caj\u0105ca z kwasem hialuronowym**<\/p>\n\n\n\n<p>Kwas hialuronowy intensywnie nawil\u017ca sk\u00f3r\u0119, wspomagaj\u0105c jej regeneracj\u0119 podczas snu.<\/p>\n\n\n\n<p>2. **Maseczka z witamin\u0105 C**<\/p>\n\n\n\n<p>Witamina C rozja\u015bnia cer\u0119 i redukuje przebarwienia, nadaj\u0105c sk\u00f3rze zdrowy blask.<\/p>\n\n\n\n<p>3. **Maseczka z retinolem**<\/p>\n\n\n\n<p>Retinol wspomaga odnow\u0119 kom\u00f3rkow\u0105, zmniejszaj\u0105c widoczno\u015b\u0107 zmarszczek i poprawiaj\u0105c elastyczno\u015b\u0107 sk\u00f3ry.<\/p>\n\n\n\n<p>4. **Maseczka z aloesem**<\/p>\n\n\n\n<p>Aloes \u0142agodzi podra\u017cnienia i dzia\u0142a koj\u0105co, idealna dla sk\u00f3ry wra\u017cliwej.<\/p>\n\n\n\n<p>5. **Maseczka z glink\u0105 zielon\u0105**<\/p>\n\n\n\n<p>Glinka zielona oczyszcza pory i reguluje wydzielanie sebum, polecana dla cery t\u0142ustej.<\/p>\n\n\n\n<p>6. **Maseczka z kolagenem**<\/p>\n\n\n\n<p>Kolagen wzmacnia struktur\u0119 sk\u00f3ry, poprawiaj\u0105c jej j\u0119drno\u015b\u0107 i spr\u0119\u017cysto\u015b\u0107.<\/p>\n\n\n\n<p>7. **Maseczka z olejem arganowym**<\/p>\n\n\n\n<p>Olej arganowy od\u017cywia sk\u00f3r\u0119, dostarczaj\u0105c jej niezb\u0119dnych kwas\u00f3w t\u0142uszczowych i witamin.<\/p>\n\n\n\n<p>Stosowanie maseczek przed snem pozwala na ich efektywne dzia\u0142anie przez ca\u0142\u0105 noc, co sprzyja regeneracji sk\u00f3ry.<\/p>\n\n\n\n<h2 class=\"wp-block-heading\">Regeneracja sk\u00f3ry podczas snu: Dlaczego warto stosowa\u0107 maseczki na noc?<\/h2>\n\n\n\n<p>Regeneracja sk\u00f3ry podczas snu to kluczowy proces, kt\u00f3ry wspiera jej zdrowie i wygl\u0105d. Nocne maseczki s\u0105 szczeg\u00f3lnie skuteczne, poniewa\u017c sk\u00f3ra w nocy intensywnie si\u0119 regeneruje. W tym czasie zwi\u0119ksza si\u0119 przepuszczalno\u015b\u0107 nask\u00f3rka, co pozwala na lepsze wch\u0142anianie sk\u0142adnik\u00f3w aktywnych zawartych w maseczkach. Produkty te cz\u0119sto zawieraj\u0105 substancje nawil\u017caj\u0105ce, od\u017cywcze i regeneruj\u0105ce, kt\u00f3re wspomagaj\u0105 odbudow\u0119 bariery ochronnej sk\u00f3ry. Regularne stosowanie maseczek na noc mo\u017ce prowadzi\u0107 do poprawy elastyczno\u015bci sk\u00f3ry, redukcji zmarszczek oraz wyr\u00f3wnania kolorytu cery.<\/p>\n\n\n\n<p>Maseczki na twarz stosowane przed snem to doskona\u0142y spos\u00f3b na nocn\u0105 regeneracj\u0119 cery. Dzi\u0119ki skoncentrowanym sk\u0142adnikom aktywnym, takim jak kwas hialuronowy, witaminy czy ekstrakty ro\u015blinne, maseczki te intensywnie nawil\u017caj\u0105, od\u017cywiaj\u0105 i regeneruj\u0105 sk\u00f3r\u0119 podczas snu. Noc to czas, kiedy procesy naprawcze w sk\u00f3rze s\u0105 najbardziej aktywne, dlatego aplikacja maseczki przed snem mo\u017ce znacz\u0105co poprawi\u0107 jej kondycj\u0119. Regularne stosowanie takich produkt\u00f3w pomaga w redukcji oznak zm\u0119czenia, poprawia elastyczno\u015b\u0107 sk\u00f3ry oraz przyczynia si\u0119 do jej zdrowego i promiennego wygl\u0105du. Warto wi\u0119c w\u0142\u0105czy\u0107 nocne maseczki do swojej rutyny piel\u0119gnacyjnej, aby cieszy\u0107 si\u0119 pi\u0119kn\u0105 i zadban\u0105 cer\u0105 ka\u017cdego dnia.<\/p>\n","protected":false},"excerpt":{"rendered":"<p>Maseczki na twarz przed snem to popularny element piel\u0119gnacji sk\u00f3ry, kt\u00f3ry zyskuje coraz wi\u0119ksze uznanie w\u015br\u00f3d os\u00f3b dbaj\u0105cych o zdrowy i promienny wygl\u0105d cery. Nocna regeneracja sk\u00f3ry jest kluczowym procesem, podczas kt\u00f3rego sk\u00f3ra ma szans\u0119 odpocz\u0105\u0107 i zregenerowa\u0107 si\u0119 po ca\u0142ym dniu nara\u017cenia na szkodliwe czynniki zewn\u0119trzne, takie jak zanieczyszczenia, promieniowanie UV czy stres. Maseczki [&hellip;]<\/p>\n","protected":false},"author":1,"featured_media":0,"comment_status":"","ping_status":"open","sticky":false,"template":"","format":"standard","meta":{"footnotes":""},"categories":[1],"tags":[],"class_list":["post-7788","post","type-post","status-publish","format-standard","hentry","category-bez-kategorii"],"fm_meta_title":"Maseczki na twarz przed snem \u2013 nocna regeneracja cery","fm_meta_description":"Odkryj moc nocnej regeneracji! Maseczki na twarz przed snem od\u017cywi\u0105 i zrewitalizuj\u0105 Twoj\u0105 cer\u0119, zapewniaj\u0105c jej zdrowy blask ka\u017cdego poranka.","yoast_head":"<!-- This site is optimized with the Yoast SEO plugin v21.5 - https:\/\/yoast.com\/wordpress\/plugins\/seo\/ -->\n<title>Maseczki na twarz przed snem \u2013 nocna regeneracja cery<\/title>\n<meta name=\"description\" content=\"Odkryj moc nocnej regeneracji! Maseczki na twarz przed snem od\u017cywi\u0105 i zrewitalizuj\u0105 Twoj\u0105 cer\u0119, zapewniaj\u0105c jej zdrowy blask ka\u017cdego poranka.\" \/>\n<meta name=\"robots\" content=\"index, follow, max-snippet:-1, max-image-preview:large, max-video-preview:-1\" \/>\n<link rel=\"canonical\" href=\"https:\/\/darzdrowia.pl\/ciekawostki\/maseczki-na-twarz-przed-snem-nocna-regeneracja-cery\/\" \/>\n<meta property=\"og:locale\" content=\"pl_PL\" \/>\n<meta property=\"og:type\" content=\"article\" \/>\n<meta property=\"og:title\" content=\"Maseczki na twarz przed snem \u2013 nocna regeneracja cery\" \/>\n<meta property=\"og:description\" content=\"Odkryj moc nocnej regeneracji! Maseczki na twarz przed snem od\u017cywi\u0105 i zrewitalizuj\u0105 Twoj\u0105 cer\u0119, zapewniaj\u0105c jej zdrowy blask ka\u017cdego poranka.\" \/>\n<meta property=\"og:url\" content=\"https:\/\/darzdrowia.pl\/ciekawostki\/maseczki-na-twarz-przed-snem-nocna-regeneracja-cery\/\" \/>\n<meta property=\"og:site_name\" content=\"Dar Zdrowia Drogeria - Blog\" \/>\n<meta property=\"article:publisher\" content=\"https:\/\/www.facebook.com\/profile.php?id=100063606935396\" \/>\n<meta property=\"article:published_time\" content=\"2025-02-28T15:35:44+00:00\" \/>\n<meta name=\"author\" content=\"funkymedia\" \/>\n<meta name=\"twitter:card\" content=\"summary_large_image\" \/>\n<meta name=\"twitter:label1\" content=\"Napisane przez\" \/>\n\t<meta name=\"twitter:data1\" content=\"funkymedia\" \/>\n\t<meta name=\"twitter:label2\" content=\"Szacowany czas czytania\" \/>\n\t<meta name=\"twitter:data2\" content=\"3 minuty\" \/>\n<script type=\"application\/ld+json\" class=\"yoast-schema-graph\">{\"@context\":\"https:\/\/schema.org\",\"@graph\":[{\"@type\":\"Article\",\"@id\":\"https:\/\/darzdrowia.pl\/ciekawostki\/maseczki-na-twarz-przed-snem-nocna-regeneracja-cery\/#article\",\"isPartOf\":{\"@id\":\"https:\/\/darzdrowia.pl\/ciekawostki\/maseczki-na-twarz-przed-snem-nocna-regeneracja-cery\/\"},\"author\":{\"name\":\"funkymedia\",\"@id\":\"https:\/\/darzdrowia.pl\/ciekawostki\/#\/schema\/person\/e75579d624630bf943ac69d374bb928e\"},\"headline\":\"Maseczki na twarz przed snem \u2013 nocna regeneracja cery\",\"datePublished\":\"2025-02-28T15:35:44+00:00\",\"dateModified\":\"2025-02-28T15:35:44+00:00\",\"mainEntityOfPage\":{\"@id\":\"https:\/\/darzdrowia.pl\/ciekawostki\/maseczki-na-twarz-przed-snem-nocna-regeneracja-cery\/\"},\"wordCount\":629,\"publisher\":{\"@id\":\"https:\/\/darzdrowia.pl\/ciekawostki\/#organization\"},\"inLanguage\":\"pl-PL\"},{\"@type\":\"WebPage\",\"@id\":\"https:\/\/darzdrowia.pl\/ciekawostki\/maseczki-na-twarz-przed-snem-nocna-regeneracja-cery\/\",\"url\":\"https:\/\/darzdrowia.pl\/ciekawostki\/maseczki-na-twarz-przed-snem-nocna-regeneracja-cery\/\",\"name\":\"Maseczki na twarz przed snem \u2013 nocna regeneracja cery\",\"isPartOf\":{\"@id\":\"https:\/\/darzdrowia.pl\/ciekawostki\/#website\"},\"datePublished\":\"2025-02-28T15:35:44+00:00\",\"dateModified\":\"2025-02-28T15:35:44+00:00\",\"description\":\"Odkryj moc nocnej regeneracji! Maseczki na twarz przed snem od\u017cywi\u0105 i zrewitalizuj\u0105 Twoj\u0105 cer\u0119, zapewniaj\u0105c jej zdrowy blask ka\u017cdego poranka.\",\"breadcrumb\":{\"@id\":\"https:\/\/darzdrowia.pl\/ciekawostki\/maseczki-na-twarz-przed-snem-nocna-regeneracja-cery\/#breadcrumb\"},\"inLanguage\":\"pl-PL\",\"potentialAction\":[{\"@type\":\"ReadAction\",\"target\":[\"https:\/\/darzdrowia.pl\/ciekawostki\/maseczki-na-twarz-przed-snem-nocna-regeneracja-cery\/\"]}]},{\"@type\":\"BreadcrumbList\",\"@id\":\"https:\/\/darzdrowia.pl\/ciekawostki\/maseczki-na-twarz-przed-snem-nocna-regeneracja-cery\/#breadcrumb\",\"itemListElement\":[{\"@type\":\"ListItem\",\"position\":1,\"name\":\"Strona g\u0142\u00f3wna\",\"item\":\"https:\/\/darzdrowia.pl\/ciekawostki\/\"},{\"@type\":\"ListItem\",\"position\":2,\"name\":\"Maseczki na twarz przed snem \u2013 nocna regeneracja cery\"}]},{\"@type\":\"WebSite\",\"@id\":\"https:\/\/darzdrowia.pl\/ciekawostki\/#website\",\"url\":\"https:\/\/darzdrowia.pl\/ciekawostki\/\",\"name\":\"Dar Zdrowia Drogeria - Blog\",\"description\":\"\",\"publisher\":{\"@id\":\"https:\/\/darzdrowia.pl\/ciekawostki\/#organization\"},\"potentialAction\":[{\"@type\":\"SearchAction\",\"target\":{\"@type\":\"EntryPoint\",\"urlTemplate\":\"https:\/\/darzdrowia.pl\/ciekawostki\/?s={search_term_string}\"},\"query-input\":\"required name=search_term_string\"}],\"inLanguage\":\"pl-PL\"},{\"@type\":\"Organization\",\"@id\":\"https:\/\/darzdrowia.pl\/ciekawostki\/#organization\",\"name\":\"Dar Zdrowia Drogeria - Blog\",\"url\":\"https:\/\/darzdrowia.pl\/ciekawostki\/\",\"logo\":{\"@type\":\"ImageObject\",\"inLanguage\":\"pl-PL\",\"@id\":\"https:\/\/darzdrowia.pl\/ciekawostki\/#\/schema\/logo\/image\/\",\"url\":\"https:\/\/darzdrowia.pl\/ciekawostki\/wp-content\/uploads\/2023\/11\/logo-darzdrowia.webp\",\"contentUrl\":\"https:\/\/darzdrowia.pl\/ciekawostki\/wp-content\/uploads\/2023\/11\/logo-darzdrowia.webp\",\"width\":744,\"height\":225,\"caption\":\"Dar Zdrowia Drogeria - Blog\"},\"image\":{\"@id\":\"https:\/\/darzdrowia.pl\/ciekawostki\/#\/schema\/logo\/image\/\"},\"sameAs\":[\"https:\/\/www.facebook.com\/profile.php?id=100063606935396\"]},{\"@type\":\"Person\",\"@id\":\"https:\/\/darzdrowia.pl\/ciekawostki\/#\/schema\/person\/e75579d624630bf943ac69d374bb928e\",\"name\":\"funkymedia\",\"image\":{\"@type\":\"ImageObject\",\"inLanguage\":\"pl-PL\",\"@id\":\"https:\/\/darzdrowia.pl\/ciekawostki\/#\/schema\/person\/image\/\",\"url\":\"https:\/\/secure.gravatar.com\/avatar\/393cb205b658aef6e3271ad5a92265e3e4433d2384bbe95524ba160d5bc20299?s=96&d=mm&r=g\",\"contentUrl\":\"https:\/\/secure.gravatar.com\/avatar\/393cb205b658aef6e3271ad5a92265e3e4433d2384bbe95524ba160d5bc20299?s=96&d=mm&r=g\",\"caption\":\"funkymedia\"},\"sameAs\":[\"https:\/\/darzdrowia.pl\/ciekawostki\"],\"url\":\"https:\/\/darzdrowia.pl\/ciekawostki\/author\/funkymedia\/\"}]}<\/script>\n<!-- \/ Yoast SEO plugin. -->","yoast_head_json":{"title":"Maseczki na twarz przed snem \u2013 nocna regeneracja cery","description":"Odkryj moc nocnej regeneracji! Maseczki na twarz przed snem od\u017cywi\u0105 i zrewitalizuj\u0105 Twoj\u0105 cer\u0119, zapewniaj\u0105c jej zdrowy blask ka\u017cdego poranka.","robots":{"index":"index","follow":"follow","max-snippet":"max-snippet:-1","max-image-preview":"max-image-preview:large","max-video-preview":"max-video-preview:-1"},"canonical":"https:\/\/darzdrowia.pl\/ciekawostki\/maseczki-na-twarz-przed-snem-nocna-regeneracja-cery\/","og_locale":"pl_PL","og_type":"article","og_title":"Maseczki na twarz przed snem \u2013 nocna regeneracja cery","og_description":"Odkryj moc nocnej regeneracji! Maseczki na twarz przed snem od\u017cywi\u0105 i zrewitalizuj\u0105 Twoj\u0105 cer\u0119, zapewniaj\u0105c jej zdrowy blask ka\u017cdego poranka.","og_url":"https:\/\/darzdrowia.pl\/ciekawostki\/maseczki-na-twarz-przed-snem-nocna-regeneracja-cery\/","og_site_name":"Dar Zdrowia Drogeria - Blog","article_publisher":"https:\/\/www.facebook.com\/profile.php?id=100063606935396","article_published_time":"2025-02-28T15:35:44+00:00","author":"funkymedia","twitter_card":"summary_large_image","twitter_misc":{"Napisane przez":"funkymedia","Szacowany czas czytania":"3 minuty"},"schema":{"@context":"https:\/\/schema.org","@graph":[{"@type":"Article","@id":"https:\/\/darzdrowia.pl\/ciekawostki\/maseczki-na-twarz-przed-snem-nocna-regeneracja-cery\/#article","isPartOf":{"@id":"https:\/\/darzdrowia.pl\/ciekawostki\/maseczki-na-twarz-przed-snem-nocna-regeneracja-cery\/"},"author":{"name":"funkymedia","@id":"https:\/\/darzdrowia.pl\/ciekawostki\/#\/schema\/person\/e75579d624630bf943ac69d374bb928e"},"headline":"Maseczki na twarz przed snem \u2013 nocna regeneracja cery","datePublished":"2025-02-28T15:35:44+00:00","dateModified":"2025-02-28T15:35:44+00:00","mainEntityOfPage":{"@id":"https:\/\/darzdrowia.pl\/ciekawostki\/maseczki-na-twarz-przed-snem-nocna-regeneracja-cery\/"},"wordCount":629,"publisher":{"@id":"https:\/\/darzdrowia.pl\/ciekawostki\/#organization"},"inLanguage":"pl-PL"},{"@type":"WebPage","@id":"https:\/\/darzdrowia.pl\/ciekawostki\/maseczki-na-twarz-przed-snem-nocna-regeneracja-cery\/","url":"https:\/\/darzdrowia.pl\/ciekawostki\/maseczki-na-twarz-przed-snem-nocna-regeneracja-cery\/","name":"Maseczki na twarz przed snem \u2013 nocna regeneracja cery","isPartOf":{"@id":"https:\/\/darzdrowia.pl\/ciekawostki\/#website"},"datePublished":"2025-02-28T15:35:44+00:00","dateModified":"2025-02-28T15:35:44+00:00","description":"Odkryj moc nocnej regeneracji! Maseczki na twarz przed snem od\u017cywi\u0105 i zrewitalizuj\u0105 Twoj\u0105 cer\u0119, zapewniaj\u0105c jej zdrowy blask ka\u017cdego poranka.","breadcrumb":{"@id":"https:\/\/darzdrowia.pl\/ciekawostki\/maseczki-na-twarz-przed-snem-nocna-regeneracja-cery\/#breadcrumb"},"inLanguage":"pl-PL","potentialAction":[{"@type":"ReadAction","target":["https:\/\/darzdrowia.pl\/ciekawostki\/maseczki-na-twarz-przed-snem-nocna-regeneracja-cery\/"]}]},{"@type":"BreadcrumbList","@id":"https:\/\/darzdrowia.pl\/ciekawostki\/maseczki-na-twarz-przed-snem-nocna-regeneracja-cery\/#breadcrumb","itemListElement":[{"@type":"ListItem","position":1,"name":"Strona g\u0142\u00f3wna","item":"https:\/\/darzdrowia.pl\/ciekawostki\/"},{"@type":"ListItem","position":2,"name":"Maseczki na twarz przed snem \u2013 nocna regeneracja cery"}]},{"@type":"WebSite","@id":"https:\/\/darzdrowia.pl\/ciekawostki\/#website","url":"https:\/\/darzdrowia.pl\/ciekawostki\/","name":"Dar Zdrowia Drogeria - Blog","description":"","publisher":{"@id":"https:\/\/darzdrowia.pl\/ciekawostki\/#organization"},"potentialAction":[{"@type":"SearchAction","target":{"@type":"EntryPoint","urlTemplate":"https:\/\/darzdrowia.pl\/ciekawostki\/?s={search_term_string}"},"query-input":"required name=search_term_string"}],"inLanguage":"pl-PL"},{"@type":"Organization","@id":"https:\/\/darzdrowia.pl\/ciekawostki\/#organization","name":"Dar Zdrowia Drogeria - Blog","url":"https:\/\/darzdrowia.pl\/ciekawostki\/","logo":{"@type":"ImageObject","inLanguage":"pl-PL","@id":"https:\/\/darzdrowia.pl\/ciekawostki\/#\/schema\/logo\/image\/","url":"https:\/\/darzdrowia.pl\/ciekawostki\/wp-content\/uploads\/2023\/11\/logo-darzdrowia.webp","contentUrl":"https:\/\/darzdrowia.pl\/ciekawostki\/wp-content\/uploads\/2023\/11\/logo-darzdrowia.webp","width":744,"height":225,"caption":"Dar Zdrowia Drogeria - Blog"},"image":{"@id":"https:\/\/darzdrowia.pl\/ciekawostki\/#\/schema\/logo\/image\/"},"sameAs":["https:\/\/www.facebook.com\/profile.php?id=100063606935396"]},{"@type":"Person","@id":"https:\/\/darzdrowia.pl\/ciekawostki\/#\/schema\/person\/e75579d624630bf943ac69d374bb928e","name":"funkymedia","image":{"@type":"ImageObject","inLanguage":"pl-PL","@id":"https:\/\/darzdrowia.pl\/ciekawostki\/#\/schema\/person\/image\/","url":"https:\/\/secure.gravatar.com\/avatar\/393cb205b658aef6e3271ad5a92265e3e4433d2384bbe95524ba160d5bc20299?s=96&d=mm&r=g","contentUrl":"https:\/\/secure.gravatar.com\/avatar\/393cb205b658aef6e3271ad5a92265e3e4433d2384bbe95524ba160d5bc20299?s=96&d=mm&r=g","caption":"funkymedia"},"sameAs":["https:\/\/darzdrowia.pl\/ciekawostki"],"url":"https:\/\/darzdrowia.pl\/ciekawostki\/author\/funkymedia\/"}]}},"_links":{"self":[{"href":"https:\/\/darzdrowia.pl\/ciekawostki\/wp-json\/wp\/v2\/posts\/7788","targetHints":{"allow":["GET"]}}],"collection":[{"href":"https:\/\/darzdrowia.pl\/ciekawostki\/wp-json\/wp\/v2\/posts"}],"about":[{"href":"https:\/\/darzdrowia.pl\/ciekawostki\/wp-json\/wp\/v2\/types\/post"}],"author":[{"embeddable":true,"href":"https:\/\/darzdrowia.pl\/ciekawostki\/wp-json\/wp\/v2\/users\/1"}],"replies":[{"embeddable":true,"href":"https:\/\/darzdrowia.pl\/ciekawostki\/wp-json\/wp\/v2\/comments?post=7788"}],"version-history":[{"count":0,"href":"https:\/\/darzdrowia.pl\/ciekawostki\/wp-json\/wp\/v2\/posts\/7788\/revisions"}],"wp:attachment":[{"href":"https:\/\/darzdrowia.pl\/ciekawostki\/wp-json\/wp\/v2\/media?parent=7788"}],"wp:term":[{"taxonomy":"category","embeddable":true,"href":"https:\/\/darzdrowia.pl\/ciekawostki\/wp-json\/wp\/v2\/categories?post=7788"},{"taxonomy":"post_tag","embeddable":true,"href":"https:\/\/darzdrowia.pl\/ciekawostki\/wp-json\/wp\/v2\/tags?post=7788"}],"curies":[{"name":"wp","href":"https:\/\/api.w.org\/{rel}","templated":true}]}}