{"id":7782,"date":"2025-02-28T16:33:43","date_gmt":"2025-02-28T15:33:43","guid":{"rendered":"https:\/\/darzdrowia.pl\/ciekawostki\/maseczki-rozjasniajace-sposob-na-przebarwienia-i-nierowny-koloryt\/"},"modified":"2025-02-28T16:33:43","modified_gmt":"2025-02-28T15:33:43","slug":"maseczki-rozjasniajace-sposob-na-przebarwienia-i-nierowny-koloryt","status":"publish","type":"post","link":"https:\/\/darzdrowia.pl\/ciekawostki\/maseczki-rozjasniajace-sposob-na-przebarwienia-i-nierowny-koloryt\/","title":{"rendered":"Maseczki rozja\u015bniaj\u0105ce \u2013 spos\u00f3b na przebarwienia i nier\u00f3wny koloryt"},"content":{"rendered":"\n<p>Maseczki rozja\u015bniaj\u0105ce to popularny spos\u00f3b na walk\u0119 z przebarwieniami i nier\u00f3wnym kolorytem sk\u00f3ry, kt\u00f3re mog\u0105 by\u0107 wynikiem nadmiernej ekspozycji na s\u0142o\u0144ce, zmian hormonalnych czy starzenia si\u0119. Dzi\u0119ki zawarto\u015bci sk\u0142adnik\u00f3w aktywnych, takich jak witamina C, kwas kojowy czy ekstrakty ro\u015blinne, maseczki te pomagaj\u0105 wyr\u00f3wna\u0107 koloryt cery, redukuj\u0105c widoczno\u015b\u0107 ciemnych plam i nadaj\u0105c sk\u00f3rze zdrowy blask. Regularne stosowanie maseczek rozja\u015bniaj\u0105cych mo\u017ce nie tylko poprawi\u0107 wygl\u0105d sk\u00f3ry, ale tak\u017ce zwi\u0119kszy\u0107 jej elastyczno\u015b\u0107 i nawil\u017cenie. Wprowadzenie tego rodzaju piel\u0119gnacji do codziennej rutyny mo\u017ce by\u0107 kluczem do uzyskania promiennej i jednolitej cery.<\/p>\n\n\n\n<h2 class=\"wp-block-heading\">Naturalne maseczki rozja\u015bniaj\u0105ce: Skuteczne sposoby na walk\u0119 z przebarwieniami sk\u00f3ry<\/h2>\n\n\n\n<p>Naturalne maseczki rozja\u015bniaj\u0105ce mog\u0105 by\u0107 skutecznym sposobem na walk\u0119 z przebarwieniami sk\u00f3ry. Oto kilka sprawdzonych metod:<\/p>\n\n\n\n<p>1. **Maseczka z cytryny i miodu**: Sok z cytryny ma w\u0142a\u015bciwo\u015bci rozja\u015bniaj\u0105ce, a mi\u00f3d dzia\u0142a nawil\u017caj\u0105co. Wymieszaj \u0142y\u017ck\u0119 soku z cytryny z \u0142y\u017ck\u0105 miodu, na\u0142\u00f3\u017c na sk\u00f3r\u0119 i pozostaw na 15 minut.<\/p>\n\n\n\n<p>2. **Maseczka z kurkumy i jogurtu**: Kurkuma ma dzia\u0142anie przeciwzapalne i rozja\u015bniaj\u0105ce. Po\u0142\u0105cz p\u00f3\u0142 \u0142y\u017ceczki kurkumy z dwoma \u0142y\u017ckami jogurtu naturalnego, aplikuj na twarz przez 20 minut.<\/p>\n\n\n\n<p>3. **Maseczka z aloesu**: Aloes \u0142agodzi podra\u017cnienia i wspomaga regeneracj\u0119 sk\u00f3ry. Na\u0142\u00f3\u017c \u015bwie\u017cy \u017cel aloesowy bezpo\u015brednio na przebarwienia, pozostaw do wch\u0142oni\u0119cia.<\/p>\n\n\n\n<p>4. **Maseczka z og\u00f3rka**: Og\u00f3rek ma w\u0142a\u015bciwo\u015bci ch\u0142odz\u0105ce i rozja\u015bniaj\u0105ce. Zetrzyj og\u00f3rek na tarce, a nast\u0119pnie aplikuj papk\u0119 na twarz przez 15 minut.<\/p>\n\n\n\n<p>5. **Maseczka z papai**: Papaja zawiera enzymy z\u0142uszczaj\u0105ce martwy nask\u00f3rek. Rozgnie\u0107 kawa\u0142ek papai i nanie\u015b go na sk\u00f3r\u0119, pozostawiaj\u0105c na oko\u0142o 20 minut.<\/p>\n\n\n\n<p>Regularne stosowanie tych maseczek mo\u017ce pom\u00f3c w redukcji przebarwie\u0144 oraz poprawie og\u00f3lnego wygl\u0105du sk\u00f3ry.<\/p>\n\n\n\n<h2 class=\"wp-block-heading\">Domowe receptury na maseczki rozja\u015bniaj\u0105ce: Jak uzyska\u0107 jednolity koloryt cery?<\/h2>\n\n\n\n<p>1. **Maseczka z cytryny i miodu**<\/p>\n\n\n\n<p>&#8211; Sk\u0142adniki: 1 \u0142y\u017cka soku z cytryny, 1 \u0142y\u017cka miodu.<\/p>\n\n\n\n<p>&#8211; Przygotowanie: Wymieszaj sk\u0142adniki do uzyskania jednolitej konsystencji.<\/p>\n\n\n\n<p>&#8211; Zastosowanie: Na\u0142\u00f3\u017c na twarz na 15 minut, sp\u0142ucz letni\u0105 wod\u0105.<\/p>\n\n\n\n<p>2. **Maseczka z jogurtu i kurkumy**<\/p>\n\n\n\n<p>&#8211; Sk\u0142adniki: 2 \u0142y\u017cki jogurtu naturalnego, szczypta kurkumy.<\/p>\n\n\n\n<p>&#8211; Przygotowanie: Po\u0142\u0105cz sk\u0142adniki w miseczce.<\/p>\n\n\n\n<p>&#8211; Zastosowanie: Rozprowad\u017a na sk\u00f3rze, pozostaw na 20 minut, sp\u0142ucz dok\u0142adnie.<\/p>\n\n\n\n<p>3. **Maseczka z og\u00f3rka i aloesu**<\/p>\n\n\n\n<p>&#8211; Sk\u0142adniki: P\u00f3\u0142 og\u00f3rka, 2 \u0142y\u017cki \u017celu aloesowego.<\/p>\n\n\n\n<p>&#8211; Przygotowanie: Zblenduj og\u00f3rek i wymieszaj z aloesem.<\/p>\n\n\n\n<p>&#8211; Zastosowanie: Aplikuj na twarz przez 15 minut, nast\u0119pnie sp\u0142ucz.<\/p>\n\n\n\n<p>4. **Maseczka z papai i miodu**<\/p>\n\n\n\n<p>&#8211; Sk\u0142adniki: P\u00f3\u0142 dojrza\u0142ej papai, 1 \u0142y\u017cka miodu.<\/p>\n\n\n\n<p>&#8211; Przygotowanie: Rozgnie\u0107 papaj\u0119 i po\u0142\u0105cz z miodem.<\/p>\n\n\n\n<p>&#8211; Zastosowanie: Na\u0142\u00f3\u017c na sk\u00f3r\u0119 na 20 minut, sp\u0142ucz letni\u0105 wod\u0105.<\/p>\n\n\n\n<p>5. **Maseczka z ziemniaka i mleka**<\/p>\n\n\n\n<p>&#8211; Sk\u0142adniki: Ma\u0142y ziemniak, 2 \u0142y\u017cki mleka.<\/p>\n\n\n\n<p>&#8211; Przygotowanie: Ugotuj ziemniaka, rozgnie\u0107 go i dodaj mleko.<\/p>\n\n\n\n<p>&#8211; Zastosowanie: Stosuj na twarz przez 15 minut, dok\u0142adnie sp\u0142ucz.<\/p>\n\n\n\n<p>Stosuj regularnie dla uzyskania najlepszych efekt\u00f3w rozja\u015bniaj\u0105cych cery.<\/p>\n\n\n\n<h2 class=\"wp-block-heading\">Przebarwienia pod kontrol\u0105: Najlepsze sk\u0142adniki w maseczkach rozja\u015bniaj\u0105cych dla zdrowej i promiennej sk\u00f3ry<\/h2>\n\n\n\n<p>Przebarwienia sk\u00f3ry to cz\u0119sty problem, z kt\u00f3rym mo\u017cna skutecznie walczy\u0107 za pomoc\u0105 odpowiednich maseczek rozja\u015bniaj\u0105cych. Kluczowe sk\u0142adniki, kt\u00f3re warto uwzgl\u0119dni\u0107 w takich produktach, to witamina C, kwas kojowy oraz niacynamid. Witamina C dzia\u0142a jako silny antyoksydant, redukuj\u0105c widoczno\u015b\u0107 przebarwie\u0144 i poprawiaj\u0105c og\u00f3lny koloryt sk\u00f3ry. Kwas kojowy jest znany ze swoich w\u0142a\u015bciwo\u015bci depigmentacyjnych, hamuj\u0105c produkcj\u0119 melaniny. Niacynamid natomiast wspomaga regeneracj\u0119 sk\u00f3ry i wyr\u00f3wnuje jej koloryt. Regularne stosowanie maseczek z tymi sk\u0142adnikami mo\u017ce przyczyni\u0107 si\u0119 do uzyskania zdrowej i promiennej cery.<\/p>\n\n\n\n<p>Maseczki rozja\u015bniaj\u0105ce stanowi\u0105 skuteczne rozwi\u0105zanie w walce z przebarwieniami i nier\u00f3wnym kolorytem sk\u00f3ry. Dzi\u0119ki zawarto\u015bci sk\u0142adnik\u00f3w aktywnych, takich jak witamina C, kwas kojowy czy ekstrakty ro\u015blinne, pomagaj\u0105 one w redukcji widoczno\u015bci plam pigmentacyjnych oraz wyr\u00f3wnaniu kolorytu cery. Regularne stosowanie maseczek rozja\u015bniaj\u0105cych mo\u017ce prowadzi\u0107 do poprawy og\u00f3lnego wygl\u0105du sk\u00f3ry, nadaj\u0105c jej zdrowy i promienny wygl\u0105d. Wa\u017cne jest jednak, aby pami\u0119ta\u0107 o ochronie przeciws\u0142onecznej oraz odpowiednim nawil\u017ceniu sk\u00f3ry, co wspiera efektywno\u015b\u0107 kuracji rozja\u015bniaj\u0105cej. Wybieraj\u0105c odpowiednie produkty i stosuj\u0105c je zgodnie z zaleceniami, mo\u017cna osi\u0105gn\u0105\u0107 satysfakcjonuj\u0105ce rezultaty w piel\u0119gnacji sk\u00f3ry z problemem przebarwie\u0144.<\/p>\n","protected":false},"excerpt":{"rendered":"<p>Maseczki rozja\u015bniaj\u0105ce to popularny spos\u00f3b na walk\u0119 z przebarwieniami i nier\u00f3wnym kolorytem sk\u00f3ry, kt\u00f3re mog\u0105 by\u0107 wynikiem nadmiernej ekspozycji na s\u0142o\u0144ce, zmian hormonalnych czy starzenia si\u0119. Dzi\u0119ki zawarto\u015bci sk\u0142adnik\u00f3w aktywnych, takich jak witamina C, kwas kojowy czy ekstrakty ro\u015blinne, maseczki te pomagaj\u0105 wyr\u00f3wna\u0107 koloryt cery, redukuj\u0105c widoczno\u015b\u0107 ciemnych plam i nadaj\u0105c sk\u00f3rze zdrowy blask. Regularne [&hellip;]<\/p>\n","protected":false},"author":1,"featured_media":0,"comment_status":"","ping_status":"open","sticky":false,"template":"","format":"standard","meta":{"footnotes":""},"categories":[1],"tags":[],"class_list":["post-7782","post","type-post","status-publish","format-standard","hentry","category-bez-kategorii"],"fm_meta_title":"Maseczki rozja\u015bniaj\u0105ce \u2013 spos\u00f3b na przebarwienia i nier\u00f3wny koloryt","fm_meta_description":"Rozja\u015bnij sk\u00f3r\u0119 i wyr\u00f3wnaj koloryt! Odkryj skuteczne maseczki na przebarwienia. Zyskaj promienn\u0105 cer\u0119 ju\u017c dzi\u015b!","yoast_head":"<!-- This site is optimized with the Yoast SEO plugin v21.5 - https:\/\/yoast.com\/wordpress\/plugins\/seo\/ -->\n<title>Maseczki rozja\u015bniaj\u0105ce \u2013 spos\u00f3b na przebarwienia i nier\u00f3wny koloryt<\/title>\n<meta name=\"description\" content=\"Rozja\u015bnij sk\u00f3r\u0119 i wyr\u00f3wnaj koloryt! Odkryj skuteczne maseczki na przebarwienia. Zyskaj promienn\u0105 cer\u0119 ju\u017c dzi\u015b!\" \/>\n<meta name=\"robots\" content=\"index, follow, max-snippet:-1, max-image-preview:large, max-video-preview:-1\" \/>\n<link rel=\"canonical\" href=\"https:\/\/darzdrowia.pl\/ciekawostki\/maseczki-rozjasniajace-sposob-na-przebarwienia-i-nierowny-koloryt\/\" \/>\n<meta property=\"og:locale\" content=\"pl_PL\" \/>\n<meta property=\"og:type\" content=\"article\" \/>\n<meta property=\"og:title\" content=\"Maseczki rozja\u015bniaj\u0105ce \u2013 spos\u00f3b na przebarwienia i nier\u00f3wny koloryt\" \/>\n<meta property=\"og:description\" content=\"Rozja\u015bnij sk\u00f3r\u0119 i wyr\u00f3wnaj koloryt! Odkryj skuteczne maseczki na przebarwienia. Zyskaj promienn\u0105 cer\u0119 ju\u017c dzi\u015b!\" \/>\n<meta property=\"og:url\" content=\"https:\/\/darzdrowia.pl\/ciekawostki\/maseczki-rozjasniajace-sposob-na-przebarwienia-i-nierowny-koloryt\/\" \/>\n<meta property=\"og:site_name\" content=\"Dar Zdrowia Drogeria - Blog\" \/>\n<meta property=\"article:publisher\" content=\"https:\/\/www.facebook.com\/profile.php?id=100063606935396\" \/>\n<meta property=\"article:published_time\" content=\"2025-02-28T15:33:43+00:00\" \/>\n<meta name=\"author\" content=\"funkymedia\" \/>\n<meta name=\"twitter:card\" content=\"summary_large_image\" \/>\n<meta name=\"twitter:label1\" content=\"Napisane przez\" \/>\n\t<meta name=\"twitter:data1\" content=\"funkymedia\" \/>\n\t<meta name=\"twitter:label2\" content=\"Szacowany czas czytania\" \/>\n\t<meta name=\"twitter:data2\" content=\"4 minuty\" \/>\n<script type=\"application\/ld+json\" class=\"yoast-schema-graph\">{\"@context\":\"https:\/\/schema.org\",\"@graph\":[{\"@type\":\"Article\",\"@id\":\"https:\/\/darzdrowia.pl\/ciekawostki\/maseczki-rozjasniajace-sposob-na-przebarwienia-i-nierowny-koloryt\/#article\",\"isPartOf\":{\"@id\":\"https:\/\/darzdrowia.pl\/ciekawostki\/maseczki-rozjasniajace-sposob-na-przebarwienia-i-nierowny-koloryt\/\"},\"author\":{\"name\":\"funkymedia\",\"@id\":\"https:\/\/darzdrowia.pl\/ciekawostki\/#\/schema\/person\/e75579d624630bf943ac69d374bb928e\"},\"headline\":\"Maseczki rozja\u015bniaj\u0105ce \u2013 spos\u00f3b na przebarwienia i nier\u00f3wny koloryt\",\"datePublished\":\"2025-02-28T15:33:43+00:00\",\"dateModified\":\"2025-02-28T15:33:43+00:00\",\"mainEntityOfPage\":{\"@id\":\"https:\/\/darzdrowia.pl\/ciekawostki\/maseczki-rozjasniajace-sposob-na-przebarwienia-i-nierowny-koloryt\/\"},\"wordCount\":778,\"publisher\":{\"@id\":\"https:\/\/darzdrowia.pl\/ciekawostki\/#organization\"},\"inLanguage\":\"pl-PL\"},{\"@type\":\"WebPage\",\"@id\":\"https:\/\/darzdrowia.pl\/ciekawostki\/maseczki-rozjasniajace-sposob-na-przebarwienia-i-nierowny-koloryt\/\",\"url\":\"https:\/\/darzdrowia.pl\/ciekawostki\/maseczki-rozjasniajace-sposob-na-przebarwienia-i-nierowny-koloryt\/\",\"name\":\"Maseczki rozja\u015bniaj\u0105ce \u2013 spos\u00f3b na przebarwienia i nier\u00f3wny koloryt\",\"isPartOf\":{\"@id\":\"https:\/\/darzdrowia.pl\/ciekawostki\/#website\"},\"datePublished\":\"2025-02-28T15:33:43+00:00\",\"dateModified\":\"2025-02-28T15:33:43+00:00\",\"description\":\"Rozja\u015bnij sk\u00f3r\u0119 i wyr\u00f3wnaj koloryt! Odkryj skuteczne maseczki na przebarwienia. Zyskaj promienn\u0105 cer\u0119 ju\u017c dzi\u015b!\",\"breadcrumb\":{\"@id\":\"https:\/\/darzdrowia.pl\/ciekawostki\/maseczki-rozjasniajace-sposob-na-przebarwienia-i-nierowny-koloryt\/#breadcrumb\"},\"inLanguage\":\"pl-PL\",\"potentialAction\":[{\"@type\":\"ReadAction\",\"target\":[\"https:\/\/darzdrowia.pl\/ciekawostki\/maseczki-rozjasniajace-sposob-na-przebarwienia-i-nierowny-koloryt\/\"]}]},{\"@type\":\"BreadcrumbList\",\"@id\":\"https:\/\/darzdrowia.pl\/ciekawostki\/maseczki-rozjasniajace-sposob-na-przebarwienia-i-nierowny-koloryt\/#breadcrumb\",\"itemListElement\":[{\"@type\":\"ListItem\",\"position\":1,\"name\":\"Strona g\u0142\u00f3wna\",\"item\":\"https:\/\/darzdrowia.pl\/ciekawostki\/\"},{\"@type\":\"ListItem\",\"position\":2,\"name\":\"Maseczki rozja\u015bniaj\u0105ce \u2013 spos\u00f3b na przebarwienia i nier\u00f3wny koloryt\"}]},{\"@type\":\"WebSite\",\"@id\":\"https:\/\/darzdrowia.pl\/ciekawostki\/#website\",\"url\":\"https:\/\/darzdrowia.pl\/ciekawostki\/\",\"name\":\"Dar Zdrowia Drogeria - Blog\",\"description\":\"\",\"publisher\":{\"@id\":\"https:\/\/darzdrowia.pl\/ciekawostki\/#organization\"},\"potentialAction\":[{\"@type\":\"SearchAction\",\"target\":{\"@type\":\"EntryPoint\",\"urlTemplate\":\"https:\/\/darzdrowia.pl\/ciekawostki\/?s={search_term_string}\"},\"query-input\":\"required name=search_term_string\"}],\"inLanguage\":\"pl-PL\"},{\"@type\":\"Organization\",\"@id\":\"https:\/\/darzdrowia.pl\/ciekawostki\/#organization\",\"name\":\"Dar Zdrowia Drogeria - Blog\",\"url\":\"https:\/\/darzdrowia.pl\/ciekawostki\/\",\"logo\":{\"@type\":\"ImageObject\",\"inLanguage\":\"pl-PL\",\"@id\":\"https:\/\/darzdrowia.pl\/ciekawostki\/#\/schema\/logo\/image\/\",\"url\":\"https:\/\/darzdrowia.pl\/ciekawostki\/wp-content\/uploads\/2023\/11\/logo-darzdrowia.webp\",\"contentUrl\":\"https:\/\/darzdrowia.pl\/ciekawostki\/wp-content\/uploads\/2023\/11\/logo-darzdrowia.webp\",\"width\":744,\"height\":225,\"caption\":\"Dar Zdrowia Drogeria - Blog\"},\"image\":{\"@id\":\"https:\/\/darzdrowia.pl\/ciekawostki\/#\/schema\/logo\/image\/\"},\"sameAs\":[\"https:\/\/www.facebook.com\/profile.php?id=100063606935396\"]},{\"@type\":\"Person\",\"@id\":\"https:\/\/darzdrowia.pl\/ciekawostki\/#\/schema\/person\/e75579d624630bf943ac69d374bb928e\",\"name\":\"funkymedia\",\"image\":{\"@type\":\"ImageObject\",\"inLanguage\":\"pl-PL\",\"@id\":\"https:\/\/darzdrowia.pl\/ciekawostki\/#\/schema\/person\/image\/\",\"url\":\"https:\/\/secure.gravatar.com\/avatar\/393cb205b658aef6e3271ad5a92265e3e4433d2384bbe95524ba160d5bc20299?s=96&d=mm&r=g\",\"contentUrl\":\"https:\/\/secure.gravatar.com\/avatar\/393cb205b658aef6e3271ad5a92265e3e4433d2384bbe95524ba160d5bc20299?s=96&d=mm&r=g\",\"caption\":\"funkymedia\"},\"sameAs\":[\"https:\/\/darzdrowia.pl\/ciekawostki\"],\"url\":\"https:\/\/darzdrowia.pl\/ciekawostki\/author\/funkymedia\/\"}]}<\/script>\n<!-- \/ Yoast SEO plugin. -->","yoast_head_json":{"title":"Maseczki rozja\u015bniaj\u0105ce \u2013 spos\u00f3b na przebarwienia i nier\u00f3wny koloryt","description":"Rozja\u015bnij sk\u00f3r\u0119 i wyr\u00f3wnaj koloryt! Odkryj skuteczne maseczki na przebarwienia. Zyskaj promienn\u0105 cer\u0119 ju\u017c dzi\u015b!","robots":{"index":"index","follow":"follow","max-snippet":"max-snippet:-1","max-image-preview":"max-image-preview:large","max-video-preview":"max-video-preview:-1"},"canonical":"https:\/\/darzdrowia.pl\/ciekawostki\/maseczki-rozjasniajace-sposob-na-przebarwienia-i-nierowny-koloryt\/","og_locale":"pl_PL","og_type":"article","og_title":"Maseczki rozja\u015bniaj\u0105ce \u2013 spos\u00f3b na przebarwienia i nier\u00f3wny koloryt","og_description":"Rozja\u015bnij sk\u00f3r\u0119 i wyr\u00f3wnaj koloryt! Odkryj skuteczne maseczki na przebarwienia. Zyskaj promienn\u0105 cer\u0119 ju\u017c dzi\u015b!","og_url":"https:\/\/darzdrowia.pl\/ciekawostki\/maseczki-rozjasniajace-sposob-na-przebarwienia-i-nierowny-koloryt\/","og_site_name":"Dar Zdrowia Drogeria - Blog","article_publisher":"https:\/\/www.facebook.com\/profile.php?id=100063606935396","article_published_time":"2025-02-28T15:33:43+00:00","author":"funkymedia","twitter_card":"summary_large_image","twitter_misc":{"Napisane przez":"funkymedia","Szacowany czas czytania":"4 minuty"},"schema":{"@context":"https:\/\/schema.org","@graph":[{"@type":"Article","@id":"https:\/\/darzdrowia.pl\/ciekawostki\/maseczki-rozjasniajace-sposob-na-przebarwienia-i-nierowny-koloryt\/#article","isPartOf":{"@id":"https:\/\/darzdrowia.pl\/ciekawostki\/maseczki-rozjasniajace-sposob-na-przebarwienia-i-nierowny-koloryt\/"},"author":{"name":"funkymedia","@id":"https:\/\/darzdrowia.pl\/ciekawostki\/#\/schema\/person\/e75579d624630bf943ac69d374bb928e"},"headline":"Maseczki rozja\u015bniaj\u0105ce \u2013 spos\u00f3b na przebarwienia i nier\u00f3wny koloryt","datePublished":"2025-02-28T15:33:43+00:00","dateModified":"2025-02-28T15:33:43+00:00","mainEntityOfPage":{"@id":"https:\/\/darzdrowia.pl\/ciekawostki\/maseczki-rozjasniajace-sposob-na-przebarwienia-i-nierowny-koloryt\/"},"wordCount":778,"publisher":{"@id":"https:\/\/darzdrowia.pl\/ciekawostki\/#organization"},"inLanguage":"pl-PL"},{"@type":"WebPage","@id":"https:\/\/darzdrowia.pl\/ciekawostki\/maseczki-rozjasniajace-sposob-na-przebarwienia-i-nierowny-koloryt\/","url":"https:\/\/darzdrowia.pl\/ciekawostki\/maseczki-rozjasniajace-sposob-na-przebarwienia-i-nierowny-koloryt\/","name":"Maseczki rozja\u015bniaj\u0105ce \u2013 spos\u00f3b na przebarwienia i nier\u00f3wny koloryt","isPartOf":{"@id":"https:\/\/darzdrowia.pl\/ciekawostki\/#website"},"datePublished":"2025-02-28T15:33:43+00:00","dateModified":"2025-02-28T15:33:43+00:00","description":"Rozja\u015bnij sk\u00f3r\u0119 i wyr\u00f3wnaj koloryt! Odkryj skuteczne maseczki na przebarwienia. Zyskaj promienn\u0105 cer\u0119 ju\u017c dzi\u015b!","breadcrumb":{"@id":"https:\/\/darzdrowia.pl\/ciekawostki\/maseczki-rozjasniajace-sposob-na-przebarwienia-i-nierowny-koloryt\/#breadcrumb"},"inLanguage":"pl-PL","potentialAction":[{"@type":"ReadAction","target":["https:\/\/darzdrowia.pl\/ciekawostki\/maseczki-rozjasniajace-sposob-na-przebarwienia-i-nierowny-koloryt\/"]}]},{"@type":"BreadcrumbList","@id":"https:\/\/darzdrowia.pl\/ciekawostki\/maseczki-rozjasniajace-sposob-na-przebarwienia-i-nierowny-koloryt\/#breadcrumb","itemListElement":[{"@type":"ListItem","position":1,"name":"Strona g\u0142\u00f3wna","item":"https:\/\/darzdrowia.pl\/ciekawostki\/"},{"@type":"ListItem","position":2,"name":"Maseczki rozja\u015bniaj\u0105ce \u2013 spos\u00f3b na przebarwienia i nier\u00f3wny koloryt"}]},{"@type":"WebSite","@id":"https:\/\/darzdrowia.pl\/ciekawostki\/#website","url":"https:\/\/darzdrowia.pl\/ciekawostki\/","name":"Dar Zdrowia Drogeria - Blog","description":"","publisher":{"@id":"https:\/\/darzdrowia.pl\/ciekawostki\/#organization"},"potentialAction":[{"@type":"SearchAction","target":{"@type":"EntryPoint","urlTemplate":"https:\/\/darzdrowia.pl\/ciekawostki\/?s={search_term_string}"},"query-input":"required name=search_term_string"}],"inLanguage":"pl-PL"},{"@type":"Organization","@id":"https:\/\/darzdrowia.pl\/ciekawostki\/#organization","name":"Dar Zdrowia Drogeria - Blog","url":"https:\/\/darzdrowia.pl\/ciekawostki\/","logo":{"@type":"ImageObject","inLanguage":"pl-PL","@id":"https:\/\/darzdrowia.pl\/ciekawostki\/#\/schema\/logo\/image\/","url":"https:\/\/darzdrowia.pl\/ciekawostki\/wp-content\/uploads\/2023\/11\/logo-darzdrowia.webp","contentUrl":"https:\/\/darzdrowia.pl\/ciekawostki\/wp-content\/uploads\/2023\/11\/logo-darzdrowia.webp","width":744,"height":225,"caption":"Dar Zdrowia Drogeria - Blog"},"image":{"@id":"https:\/\/darzdrowia.pl\/ciekawostki\/#\/schema\/logo\/image\/"},"sameAs":["https:\/\/www.facebook.com\/profile.php?id=100063606935396"]},{"@type":"Person","@id":"https:\/\/darzdrowia.pl\/ciekawostki\/#\/schema\/person\/e75579d624630bf943ac69d374bb928e","name":"funkymedia","image":{"@type":"ImageObject","inLanguage":"pl-PL","@id":"https:\/\/darzdrowia.pl\/ciekawostki\/#\/schema\/person\/image\/","url":"https:\/\/secure.gravatar.com\/avatar\/393cb205b658aef6e3271ad5a92265e3e4433d2384bbe95524ba160d5bc20299?s=96&d=mm&r=g","contentUrl":"https:\/\/secure.gravatar.com\/avatar\/393cb205b658aef6e3271ad5a92265e3e4433d2384bbe95524ba160d5bc20299?s=96&d=mm&r=g","caption":"funkymedia"},"sameAs":["https:\/\/darzdrowia.pl\/ciekawostki"],"url":"https:\/\/darzdrowia.pl\/ciekawostki\/author\/funkymedia\/"}]}},"_links":{"self":[{"href":"https:\/\/darzdrowia.pl\/ciekawostki\/wp-json\/wp\/v2\/posts\/7782","targetHints":{"allow":["GET"]}}],"collection":[{"href":"https:\/\/darzdrowia.pl\/ciekawostki\/wp-json\/wp\/v2\/posts"}],"about":[{"href":"https:\/\/darzdrowia.pl\/ciekawostki\/wp-json\/wp\/v2\/types\/post"}],"author":[{"embeddable":true,"href":"https:\/\/darzdrowia.pl\/ciekawostki\/wp-json\/wp\/v2\/users\/1"}],"replies":[{"embeddable":true,"href":"https:\/\/darzdrowia.pl\/ciekawostki\/wp-json\/wp\/v2\/comments?post=7782"}],"version-history":[{"count":0,"href":"https:\/\/darzdrowia.pl\/ciekawostki\/wp-json\/wp\/v2\/posts\/7782\/revisions"}],"wp:attachment":[{"href":"https:\/\/darzdrowia.pl\/ciekawostki\/wp-json\/wp\/v2\/media?parent=7782"}],"wp:term":[{"taxonomy":"category","embeddable":true,"href":"https:\/\/darzdrowia.pl\/ciekawostki\/wp-json\/wp\/v2\/categories?post=7782"},{"taxonomy":"post_tag","embeddable":true,"href":"https:\/\/darzdrowia.pl\/ciekawostki\/wp-json\/wp\/v2\/tags?post=7782"}],"curies":[{"name":"wp","href":"https:\/\/api.w.org\/{rel}","templated":true}]}}