{"id":7767,"date":"2025-02-28T16:28:38","date_gmt":"2025-02-28T15:28:38","guid":{"rendered":"https:\/\/darzdrowia.pl\/ciekawostki\/krem-nawilzajacy-do-twarzy-kiedy-i-jak-czesto-nalezy-go-stosowac\/"},"modified":"2025-02-28T16:28:38","modified_gmt":"2025-02-28T15:28:38","slug":"krem-nawilzajacy-do-twarzy-kiedy-i-jak-czesto-nalezy-go-stosowac","status":"publish","type":"post","link":"https:\/\/darzdrowia.pl\/ciekawostki\/krem-nawilzajacy-do-twarzy-kiedy-i-jak-czesto-nalezy-go-stosowac\/","title":{"rendered":"Krem nawil\u017caj\u0105cy do twarzy \u2013 kiedy i jak cz\u0119sto nale\u017cy go stosowa\u0107"},"content":{"rendered":"\n<p>Krem nawil\u017caj\u0105cy do twarzy to kluczowy element codziennej piel\u0119gnacji sk\u00f3ry, kt\u00f3ry pomaga utrzyma\u0107 jej odpowiedni poziom nawil\u017cenia, elastyczno\u015b\u0107 oraz zdrowy wygl\u0105d. Stosowanie kremu nawil\u017caj\u0105cego jest szczeg\u00f3lnie istotne w kontek\u015bcie ochrony sk\u00f3ry przed szkodliwymi czynnikami zewn\u0119trznymi, takimi jak zanieczyszczenia powietrza, promieniowanie UV czy zmienne warunki atmosferyczne. Aby osi\u0105gn\u0105\u0107 najlepsze rezultaty, warto wiedzie\u0107, kiedy i jak cz\u0119sto nale\u017cy aplikowa\u0107 ten kosmetyk.<\/p>\n\n\n\n<p>Zaleca si\u0119 stosowanie kremu nawil\u017caj\u0105cego dwa razy dziennie \u2013 rano i wieczorem. Poranna aplikacja pomaga przygotowa\u0107 sk\u00f3r\u0119 na ca\u0142y dzie\u0144, tworz\u0105c barier\u0119 ochronn\u0105 przed czynnikami zewn\u0119trznymi oraz stanowi\u0105c doskona\u0142\u0105 baz\u0119 pod makija\u017c. Wieczorna piel\u0119gnacja natomiast wspiera procesy regeneracyjne sk\u00f3ry zachodz\u0105ce podczas snu, dostarczaj\u0105c jej niezb\u0119dnych sk\u0142adnik\u00f3w od\u017cywczych.<\/p>\n\n\n\n<p>Warto r\u00f3wnie\u017c dostosowa\u0107 cz\u0119stotliwo\u015b\u0107 stosowania kremu do indywidualnych potrzeb sk\u00f3ry oraz pory roku. W okresie zimowym lub w przypadku sk\u00f3ry suchej mo\u017cna rozwa\u017cy\u0107 cz\u0119stsze aplikacje lub wyb\u00f3r bardziej tre\u015bciwego produktu. Pami\u0119tajmy jednak, \u017ce regularno\u015b\u0107 i odpowiedni dob\u00f3r kosmetyk\u00f3w to klucz do zdrowej i promiennej cery.<\/p>\n\n\n\n<h2 class=\"wp-block-heading\">Codzienna piel\u0119gnacja sk\u00f3ry: Jak cz\u0119sto stosowa\u0107 krem nawil\u017caj\u0105cy do twarzy, aby uzyska\u0107 najlepsze rezultaty?<\/h2>\n\n\n\n<p>Krem nawil\u017caj\u0105cy do twarzy nale\u017cy stosowa\u0107 codziennie, aby uzyska\u0107 najlepsze rezultaty. Zaleca si\u0119 aplikacj\u0119 dwa razy dziennie: rano i wieczorem. Rano krem chroni sk\u00f3r\u0119 przed czynnikami zewn\u0119trznymi, a wieczorem wspomaga regeneracj\u0119. Regularne stosowanie pomaga utrzyma\u0107 odpowiedni poziom nawil\u017cenia i elastyczno\u015b\u0107 sk\u00f3ry.<\/p>\n\n\n\n<h2 class=\"wp-block-heading\">Pory roku a nawil\u017canie sk\u00f3ry: Kiedy zmienia\u0107 cz\u0119stotliwo\u015b\u0107 stosowania kremu nawil\u017caj\u0105cego do twarzy?<\/h2>\n\n\n\n<p>Wiosna: Wraz z ociepleniem i wzrostem wilgotno\u015bci powietrza, mo\u017cna zmniejszy\u0107 cz\u0119stotliwo\u015b\u0107 stosowania kremu nawil\u017caj\u0105cego. Sk\u00f3ra mo\u017ce potrzebowa\u0107 l\u017cejszych formu\u0142.<\/p>\n\n\n\n<p>Lato: Wysokie temperatury i promieniowanie UV mog\u0105 prowadzi\u0107 do odwodnienia sk\u00f3ry. Zaleca si\u0119 regularne nawil\u017canie, najlepiej lekkimi kremami z filtrem przeciws\u0142onecznym.<\/p>\n\n\n\n<p>Jesie\u0144: Spadek temperatury i wilgotno\u015bci wymaga zwi\u0119kszenia cz\u0119stotliwo\u015bci nawil\u017cania. Warto si\u0119gn\u0105\u0107 po bardziej od\u017cywcze formu\u0142y, aby przygotowa\u0107 sk\u00f3r\u0119 na zim\u0119.<\/p>\n\n\n\n<p>Zima: Niskie temperatury i suche powietrze w pomieszczeniach mog\u0105 powodowa\u0107 przesuszenie sk\u00f3ry. Zaleca si\u0119 cz\u0119stsze stosowanie bogatych krem\u00f3w nawil\u017caj\u0105cych, aby utrzyma\u0107 odpowiedni poziom nawodnienia.<\/p>\n\n\n\n<h2 class=\"wp-block-heading\">Poranna vs wieczorna rutyna piel\u0119gnacyjna: Kiedy najlepiej aplikowa\u0107 krem nawil\u017caj\u0105cy, aby maksymalnie wykorzysta\u0107 jego w\u0142a\u015bciwo\u015bci?<\/h2>\n\n\n\n<p>Krem nawil\u017caj\u0105cy najlepiej aplikowa\u0107 zar\u00f3wno rano, jak i wieczorem, aby maksymalnie wykorzysta\u0107 jego w\u0142a\u015bciwo\u015bci. Rano krem nawil\u017caj\u0105cy chroni sk\u00f3r\u0119 przed utrat\u0105 wilgoci i szkodliwymi czynnikami zewn\u0119trznymi, takimi jak zanieczyszczenia i promieniowanie UV. Wieczorem natomiast wspomaga regeneracj\u0119 sk\u00f3ry podczas snu, kiedy procesy naprawcze s\u0105 najbardziej intensywne. Warto pami\u0119ta\u0107, aby wieczorna aplikacja by\u0142a cz\u0119\u015bci\u0105 rutyny obejmuj\u0105cej dok\u0142adne oczyszczenie sk\u00f3ry.<\/p>\n\n\n\n<p>Krem nawil\u017caj\u0105cy do twarzy jest kluczowym elementem codziennej piel\u0119gnacji sk\u00f3ry, niezale\u017cnie od jej typu. Jego regularne stosowanie pomaga utrzyma\u0107 odpowiedni poziom nawil\u017cenia, chroni przed szkodliwymi czynnikami zewn\u0119trznymi oraz wspiera regeneracj\u0119 nask\u00f3rka. Zaleca si\u0119 aplikowanie kremu nawil\u017caj\u0105cego dwa razy dziennie \u2013 rano i wieczorem. Rano krem tworzy barier\u0119 ochronn\u0105 przed zanieczyszczeniami i promieniowaniem UV (je\u015bli zawiera filtr SPF), natomiast wieczorem wspomaga procesy regeneracyjne sk\u00f3ry podczas snu. Wa\u017cne jest, aby dobra\u0107 krem odpowiedni do swojego typu cery oraz pory roku, poniewa\u017c sk\u00f3ra mo\u017ce mie\u0107 r\u00f3\u017cne potrzeby w zale\u017cno\u015bci od warunk\u00f3w atmosferycznych. Regularno\u015b\u0107 i odpowiedni dob\u00f3r produktu to klucz do zdrowej, promiennej cery.<\/p>\n","protected":false},"excerpt":{"rendered":"<p>Krem nawil\u017caj\u0105cy do twarzy to kluczowy element codziennej piel\u0119gnacji sk\u00f3ry, kt\u00f3ry pomaga utrzyma\u0107 jej odpowiedni poziom nawil\u017cenia, elastyczno\u015b\u0107 oraz zdrowy wygl\u0105d. Stosowanie kremu nawil\u017caj\u0105cego jest szczeg\u00f3lnie istotne w kontek\u015bcie ochrony sk\u00f3ry przed szkodliwymi czynnikami zewn\u0119trznymi, takimi jak zanieczyszczenia powietrza, promieniowanie UV czy zmienne warunki atmosferyczne. Aby osi\u0105gn\u0105\u0107 najlepsze rezultaty, warto wiedzie\u0107, kiedy i jak cz\u0119sto [&hellip;]<\/p>\n","protected":false},"author":1,"featured_media":0,"comment_status":"","ping_status":"open","sticky":false,"template":"","format":"standard","meta":{"footnotes":""},"categories":[1],"tags":[],"class_list":["post-7767","post","type-post","status-publish","format-standard","hentry","category-bez-kategorii"],"fm_meta_title":"Krem nawil\u017caj\u0105cy do twarzy \u2013 kiedy i jak cz\u0119sto nale\u017cy go stosowa\u0107","fm_meta_description":"Dowiedz si\u0119, kiedy i jak cz\u0119sto stosowa\u0107 krem nawil\u017caj\u0105cy do twarzy, aby cieszy\u0107 si\u0119 zdrow\u0105 i promienn\u0105 sk\u00f3r\u0105 ka\u017cdego dnia!","yoast_head":"<!-- This site is optimized with the Yoast SEO plugin v21.5 - https:\/\/yoast.com\/wordpress\/plugins\/seo\/ -->\n<title>Krem nawil\u017caj\u0105cy do twarzy \u2013 kiedy i jak cz\u0119sto nale\u017cy go stosowa\u0107<\/title>\n<meta name=\"description\" content=\"Dowiedz si\u0119, kiedy i jak cz\u0119sto stosowa\u0107 krem nawil\u017caj\u0105cy do twarzy, aby cieszy\u0107 si\u0119 zdrow\u0105 i promienn\u0105 sk\u00f3r\u0105 ka\u017cdego dnia!\" \/>\n<meta name=\"robots\" content=\"index, follow, max-snippet:-1, max-image-preview:large, max-video-preview:-1\" \/>\n<link rel=\"canonical\" href=\"https:\/\/darzdrowia.pl\/ciekawostki\/krem-nawilzajacy-do-twarzy-kiedy-i-jak-czesto-nalezy-go-stosowac\/\" \/>\n<meta property=\"og:locale\" content=\"pl_PL\" \/>\n<meta property=\"og:type\" content=\"article\" \/>\n<meta property=\"og:title\" content=\"Krem nawil\u017caj\u0105cy do twarzy \u2013 kiedy i jak cz\u0119sto nale\u017cy go stosowa\u0107\" \/>\n<meta property=\"og:description\" content=\"Dowiedz si\u0119, kiedy i jak cz\u0119sto stosowa\u0107 krem nawil\u017caj\u0105cy do twarzy, aby cieszy\u0107 si\u0119 zdrow\u0105 i promienn\u0105 sk\u00f3r\u0105 ka\u017cdego dnia!\" \/>\n<meta property=\"og:url\" content=\"https:\/\/darzdrowia.pl\/ciekawostki\/krem-nawilzajacy-do-twarzy-kiedy-i-jak-czesto-nalezy-go-stosowac\/\" \/>\n<meta property=\"og:site_name\" content=\"Dar Zdrowia Drogeria - Blog\" \/>\n<meta property=\"article:publisher\" content=\"https:\/\/www.facebook.com\/profile.php?id=100063606935396\" \/>\n<meta property=\"article:published_time\" content=\"2025-02-28T15:28:38+00:00\" \/>\n<meta name=\"author\" content=\"funkymedia\" \/>\n<meta name=\"twitter:card\" content=\"summary_large_image\" \/>\n<meta name=\"twitter:label1\" content=\"Napisane przez\" \/>\n\t<meta name=\"twitter:data1\" content=\"funkymedia\" \/>\n\t<meta name=\"twitter:label2\" content=\"Szacowany czas czytania\" \/>\n\t<meta name=\"twitter:data2\" content=\"3 minuty\" \/>\n<script type=\"application\/ld+json\" class=\"yoast-schema-graph\">{\"@context\":\"https:\/\/schema.org\",\"@graph\":[{\"@type\":\"Article\",\"@id\":\"https:\/\/darzdrowia.pl\/ciekawostki\/krem-nawilzajacy-do-twarzy-kiedy-i-jak-czesto-nalezy-go-stosowac\/#article\",\"isPartOf\":{\"@id\":\"https:\/\/darzdrowia.pl\/ciekawostki\/krem-nawilzajacy-do-twarzy-kiedy-i-jak-czesto-nalezy-go-stosowac\/\"},\"author\":{\"name\":\"funkymedia\",\"@id\":\"https:\/\/darzdrowia.pl\/ciekawostki\/#\/schema\/person\/e75579d624630bf943ac69d374bb928e\"},\"headline\":\"Krem nawil\u017caj\u0105cy do twarzy \u2013 kiedy i jak cz\u0119sto nale\u017cy go stosowa\u0107\",\"datePublished\":\"2025-02-28T15:28:38+00:00\",\"dateModified\":\"2025-02-28T15:28:38+00:00\",\"mainEntityOfPage\":{\"@id\":\"https:\/\/darzdrowia.pl\/ciekawostki\/krem-nawilzajacy-do-twarzy-kiedy-i-jak-czesto-nalezy-go-stosowac\/\"},\"wordCount\":616,\"publisher\":{\"@id\":\"https:\/\/darzdrowia.pl\/ciekawostki\/#organization\"},\"inLanguage\":\"pl-PL\"},{\"@type\":\"WebPage\",\"@id\":\"https:\/\/darzdrowia.pl\/ciekawostki\/krem-nawilzajacy-do-twarzy-kiedy-i-jak-czesto-nalezy-go-stosowac\/\",\"url\":\"https:\/\/darzdrowia.pl\/ciekawostki\/krem-nawilzajacy-do-twarzy-kiedy-i-jak-czesto-nalezy-go-stosowac\/\",\"name\":\"Krem nawil\u017caj\u0105cy do twarzy \u2013 kiedy i jak cz\u0119sto nale\u017cy go stosowa\u0107\",\"isPartOf\":{\"@id\":\"https:\/\/darzdrowia.pl\/ciekawostki\/#website\"},\"datePublished\":\"2025-02-28T15:28:38+00:00\",\"dateModified\":\"2025-02-28T15:28:38+00:00\",\"description\":\"Dowiedz si\u0119, kiedy i jak cz\u0119sto stosowa\u0107 krem nawil\u017caj\u0105cy do twarzy, aby cieszy\u0107 si\u0119 zdrow\u0105 i promienn\u0105 sk\u00f3r\u0105 ka\u017cdego dnia!\",\"breadcrumb\":{\"@id\":\"https:\/\/darzdrowia.pl\/ciekawostki\/krem-nawilzajacy-do-twarzy-kiedy-i-jak-czesto-nalezy-go-stosowac\/#breadcrumb\"},\"inLanguage\":\"pl-PL\",\"potentialAction\":[{\"@type\":\"ReadAction\",\"target\":[\"https:\/\/darzdrowia.pl\/ciekawostki\/krem-nawilzajacy-do-twarzy-kiedy-i-jak-czesto-nalezy-go-stosowac\/\"]}]},{\"@type\":\"BreadcrumbList\",\"@id\":\"https:\/\/darzdrowia.pl\/ciekawostki\/krem-nawilzajacy-do-twarzy-kiedy-i-jak-czesto-nalezy-go-stosowac\/#breadcrumb\",\"itemListElement\":[{\"@type\":\"ListItem\",\"position\":1,\"name\":\"Strona g\u0142\u00f3wna\",\"item\":\"https:\/\/darzdrowia.pl\/ciekawostki\/\"},{\"@type\":\"ListItem\",\"position\":2,\"name\":\"Krem nawil\u017caj\u0105cy do twarzy \u2013 kiedy i jak cz\u0119sto nale\u017cy go stosowa\u0107\"}]},{\"@type\":\"WebSite\",\"@id\":\"https:\/\/darzdrowia.pl\/ciekawostki\/#website\",\"url\":\"https:\/\/darzdrowia.pl\/ciekawostki\/\",\"name\":\"Dar Zdrowia Drogeria - Blog\",\"description\":\"\",\"publisher\":{\"@id\":\"https:\/\/darzdrowia.pl\/ciekawostki\/#organization\"},\"potentialAction\":[{\"@type\":\"SearchAction\",\"target\":{\"@type\":\"EntryPoint\",\"urlTemplate\":\"https:\/\/darzdrowia.pl\/ciekawostki\/?s={search_term_string}\"},\"query-input\":\"required name=search_term_string\"}],\"inLanguage\":\"pl-PL\"},{\"@type\":\"Organization\",\"@id\":\"https:\/\/darzdrowia.pl\/ciekawostki\/#organization\",\"name\":\"Dar Zdrowia Drogeria - Blog\",\"url\":\"https:\/\/darzdrowia.pl\/ciekawostki\/\",\"logo\":{\"@type\":\"ImageObject\",\"inLanguage\":\"pl-PL\",\"@id\":\"https:\/\/darzdrowia.pl\/ciekawostki\/#\/schema\/logo\/image\/\",\"url\":\"https:\/\/darzdrowia.pl\/ciekawostki\/wp-content\/uploads\/2023\/11\/logo-darzdrowia.webp\",\"contentUrl\":\"https:\/\/darzdrowia.pl\/ciekawostki\/wp-content\/uploads\/2023\/11\/logo-darzdrowia.webp\",\"width\":744,\"height\":225,\"caption\":\"Dar Zdrowia Drogeria - Blog\"},\"image\":{\"@id\":\"https:\/\/darzdrowia.pl\/ciekawostki\/#\/schema\/logo\/image\/\"},\"sameAs\":[\"https:\/\/www.facebook.com\/profile.php?id=100063606935396\"]},{\"@type\":\"Person\",\"@id\":\"https:\/\/darzdrowia.pl\/ciekawostki\/#\/schema\/person\/e75579d624630bf943ac69d374bb928e\",\"name\":\"funkymedia\",\"image\":{\"@type\":\"ImageObject\",\"inLanguage\":\"pl-PL\",\"@id\":\"https:\/\/darzdrowia.pl\/ciekawostki\/#\/schema\/person\/image\/\",\"url\":\"https:\/\/secure.gravatar.com\/avatar\/393cb205b658aef6e3271ad5a92265e3e4433d2384bbe95524ba160d5bc20299?s=96&d=mm&r=g\",\"contentUrl\":\"https:\/\/secure.gravatar.com\/avatar\/393cb205b658aef6e3271ad5a92265e3e4433d2384bbe95524ba160d5bc20299?s=96&d=mm&r=g\",\"caption\":\"funkymedia\"},\"sameAs\":[\"https:\/\/darzdrowia.pl\/ciekawostki\"],\"url\":\"https:\/\/darzdrowia.pl\/ciekawostki\/author\/funkymedia\/\"}]}<\/script>\n<!-- \/ Yoast SEO plugin. -->","yoast_head_json":{"title":"Krem nawil\u017caj\u0105cy do twarzy \u2013 kiedy i jak cz\u0119sto nale\u017cy go stosowa\u0107","description":"Dowiedz si\u0119, kiedy i jak cz\u0119sto stosowa\u0107 krem nawil\u017caj\u0105cy do twarzy, aby cieszy\u0107 si\u0119 zdrow\u0105 i promienn\u0105 sk\u00f3r\u0105 ka\u017cdego dnia!","robots":{"index":"index","follow":"follow","max-snippet":"max-snippet:-1","max-image-preview":"max-image-preview:large","max-video-preview":"max-video-preview:-1"},"canonical":"https:\/\/darzdrowia.pl\/ciekawostki\/krem-nawilzajacy-do-twarzy-kiedy-i-jak-czesto-nalezy-go-stosowac\/","og_locale":"pl_PL","og_type":"article","og_title":"Krem nawil\u017caj\u0105cy do twarzy \u2013 kiedy i jak cz\u0119sto nale\u017cy go stosowa\u0107","og_description":"Dowiedz si\u0119, kiedy i jak cz\u0119sto stosowa\u0107 krem nawil\u017caj\u0105cy do twarzy, aby cieszy\u0107 si\u0119 zdrow\u0105 i promienn\u0105 sk\u00f3r\u0105 ka\u017cdego dnia!","og_url":"https:\/\/darzdrowia.pl\/ciekawostki\/krem-nawilzajacy-do-twarzy-kiedy-i-jak-czesto-nalezy-go-stosowac\/","og_site_name":"Dar Zdrowia Drogeria - Blog","article_publisher":"https:\/\/www.facebook.com\/profile.php?id=100063606935396","article_published_time":"2025-02-28T15:28:38+00:00","author":"funkymedia","twitter_card":"summary_large_image","twitter_misc":{"Napisane przez":"funkymedia","Szacowany czas czytania":"3 minuty"},"schema":{"@context":"https:\/\/schema.org","@graph":[{"@type":"Article","@id":"https:\/\/darzdrowia.pl\/ciekawostki\/krem-nawilzajacy-do-twarzy-kiedy-i-jak-czesto-nalezy-go-stosowac\/#article","isPartOf":{"@id":"https:\/\/darzdrowia.pl\/ciekawostki\/krem-nawilzajacy-do-twarzy-kiedy-i-jak-czesto-nalezy-go-stosowac\/"},"author":{"name":"funkymedia","@id":"https:\/\/darzdrowia.pl\/ciekawostki\/#\/schema\/person\/e75579d624630bf943ac69d374bb928e"},"headline":"Krem nawil\u017caj\u0105cy do twarzy \u2013 kiedy i jak cz\u0119sto nale\u017cy go stosowa\u0107","datePublished":"2025-02-28T15:28:38+00:00","dateModified":"2025-02-28T15:28:38+00:00","mainEntityOfPage":{"@id":"https:\/\/darzdrowia.pl\/ciekawostki\/krem-nawilzajacy-do-twarzy-kiedy-i-jak-czesto-nalezy-go-stosowac\/"},"wordCount":616,"publisher":{"@id":"https:\/\/darzdrowia.pl\/ciekawostki\/#organization"},"inLanguage":"pl-PL"},{"@type":"WebPage","@id":"https:\/\/darzdrowia.pl\/ciekawostki\/krem-nawilzajacy-do-twarzy-kiedy-i-jak-czesto-nalezy-go-stosowac\/","url":"https:\/\/darzdrowia.pl\/ciekawostki\/krem-nawilzajacy-do-twarzy-kiedy-i-jak-czesto-nalezy-go-stosowac\/","name":"Krem nawil\u017caj\u0105cy do twarzy \u2013 kiedy i jak cz\u0119sto nale\u017cy go stosowa\u0107","isPartOf":{"@id":"https:\/\/darzdrowia.pl\/ciekawostki\/#website"},"datePublished":"2025-02-28T15:28:38+00:00","dateModified":"2025-02-28T15:28:38+00:00","description":"Dowiedz si\u0119, kiedy i jak cz\u0119sto stosowa\u0107 krem nawil\u017caj\u0105cy do twarzy, aby cieszy\u0107 si\u0119 zdrow\u0105 i promienn\u0105 sk\u00f3r\u0105 ka\u017cdego dnia!","breadcrumb":{"@id":"https:\/\/darzdrowia.pl\/ciekawostki\/krem-nawilzajacy-do-twarzy-kiedy-i-jak-czesto-nalezy-go-stosowac\/#breadcrumb"},"inLanguage":"pl-PL","potentialAction":[{"@type":"ReadAction","target":["https:\/\/darzdrowia.pl\/ciekawostki\/krem-nawilzajacy-do-twarzy-kiedy-i-jak-czesto-nalezy-go-stosowac\/"]}]},{"@type":"BreadcrumbList","@id":"https:\/\/darzdrowia.pl\/ciekawostki\/krem-nawilzajacy-do-twarzy-kiedy-i-jak-czesto-nalezy-go-stosowac\/#breadcrumb","itemListElement":[{"@type":"ListItem","position":1,"name":"Strona g\u0142\u00f3wna","item":"https:\/\/darzdrowia.pl\/ciekawostki\/"},{"@type":"ListItem","position":2,"name":"Krem nawil\u017caj\u0105cy do twarzy \u2013 kiedy i jak cz\u0119sto nale\u017cy go stosowa\u0107"}]},{"@type":"WebSite","@id":"https:\/\/darzdrowia.pl\/ciekawostki\/#website","url":"https:\/\/darzdrowia.pl\/ciekawostki\/","name":"Dar Zdrowia Drogeria - Blog","description":"","publisher":{"@id":"https:\/\/darzdrowia.pl\/ciekawostki\/#organization"},"potentialAction":[{"@type":"SearchAction","target":{"@type":"EntryPoint","urlTemplate":"https:\/\/darzdrowia.pl\/ciekawostki\/?s={search_term_string}"},"query-input":"required name=search_term_string"}],"inLanguage":"pl-PL"},{"@type":"Organization","@id":"https:\/\/darzdrowia.pl\/ciekawostki\/#organization","name":"Dar Zdrowia Drogeria - Blog","url":"https:\/\/darzdrowia.pl\/ciekawostki\/","logo":{"@type":"ImageObject","inLanguage":"pl-PL","@id":"https:\/\/darzdrowia.pl\/ciekawostki\/#\/schema\/logo\/image\/","url":"https:\/\/darzdrowia.pl\/ciekawostki\/wp-content\/uploads\/2023\/11\/logo-darzdrowia.webp","contentUrl":"https:\/\/darzdrowia.pl\/ciekawostki\/wp-content\/uploads\/2023\/11\/logo-darzdrowia.webp","width":744,"height":225,"caption":"Dar Zdrowia Drogeria - Blog"},"image":{"@id":"https:\/\/darzdrowia.pl\/ciekawostki\/#\/schema\/logo\/image\/"},"sameAs":["https:\/\/www.facebook.com\/profile.php?id=100063606935396"]},{"@type":"Person","@id":"https:\/\/darzdrowia.pl\/ciekawostki\/#\/schema\/person\/e75579d624630bf943ac69d374bb928e","name":"funkymedia","image":{"@type":"ImageObject","inLanguage":"pl-PL","@id":"https:\/\/darzdrowia.pl\/ciekawostki\/#\/schema\/person\/image\/","url":"https:\/\/secure.gravatar.com\/avatar\/393cb205b658aef6e3271ad5a92265e3e4433d2384bbe95524ba160d5bc20299?s=96&d=mm&r=g","contentUrl":"https:\/\/secure.gravatar.com\/avatar\/393cb205b658aef6e3271ad5a92265e3e4433d2384bbe95524ba160d5bc20299?s=96&d=mm&r=g","caption":"funkymedia"},"sameAs":["https:\/\/darzdrowia.pl\/ciekawostki"],"url":"https:\/\/darzdrowia.pl\/ciekawostki\/author\/funkymedia\/"}]}},"_links":{"self":[{"href":"https:\/\/darzdrowia.pl\/ciekawostki\/wp-json\/wp\/v2\/posts\/7767","targetHints":{"allow":["GET"]}}],"collection":[{"href":"https:\/\/darzdrowia.pl\/ciekawostki\/wp-json\/wp\/v2\/posts"}],"about":[{"href":"https:\/\/darzdrowia.pl\/ciekawostki\/wp-json\/wp\/v2\/types\/post"}],"author":[{"embeddable":true,"href":"https:\/\/darzdrowia.pl\/ciekawostki\/wp-json\/wp\/v2\/users\/1"}],"replies":[{"embeddable":true,"href":"https:\/\/darzdrowia.pl\/ciekawostki\/wp-json\/wp\/v2\/comments?post=7767"}],"version-history":[{"count":0,"href":"https:\/\/darzdrowia.pl\/ciekawostki\/wp-json\/wp\/v2\/posts\/7767\/revisions"}],"wp:attachment":[{"href":"https:\/\/darzdrowia.pl\/ciekawostki\/wp-json\/wp\/v2\/media?parent=7767"}],"wp:term":[{"taxonomy":"category","embeddable":true,"href":"https:\/\/darzdrowia.pl\/ciekawostki\/wp-json\/wp\/v2\/categories?post=7767"},{"taxonomy":"post_tag","embeddable":true,"href":"https:\/\/darzdrowia.pl\/ciekawostki\/wp-json\/wp\/v2\/tags?post=7767"}],"curies":[{"name":"wp","href":"https:\/\/api.w.org\/{rel}","templated":true}]}}