{"id":7730,"date":"2025-02-28T16:15:45","date_gmt":"2025-02-28T15:15:45","guid":{"rendered":"https:\/\/darzdrowia.pl\/ciekawostki\/jak-dzialaja-maseczki-probiotyczne-i-dlaczego-warto-je-stosowac\/"},"modified":"2025-02-28T16:15:45","modified_gmt":"2025-02-28T15:15:45","slug":"jak-dzialaja-maseczki-probiotyczne-i-dlaczego-warto-je-stosowac","status":"publish","type":"post","link":"https:\/\/darzdrowia.pl\/ciekawostki\/jak-dzialaja-maseczki-probiotyczne-i-dlaczego-warto-je-stosowac\/","title":{"rendered":"Jak dzia\u0142aj\u0105 maseczki probiotyczne i dlaczego warto je stosowa\u0107?"},"content":{"rendered":"\n<p>Maseczki probiotyczne to innowacyjne produkty w dziedzinie piel\u0119gnacji sk\u00f3ry, kt\u00f3re zyskuj\u0105 coraz wi\u0119ksz\u0105 popularno\u015b\u0107 w\u015br\u00f3d os\u00f3b poszukuj\u0105cych naturalnych i skutecznych rozwi\u0105za\u0144 dla swojej cery. Dzia\u0142anie tych maseczek opiera si\u0119 na wykorzystaniu dobroczynnych mikroorganizm\u00f3w, znanych jako probiotyki, kt\u00f3re odgrywaj\u0105 kluczow\u0105 rol\u0119 w utrzymaniu zdrowej r\u00f3wnowagi mikroflory sk\u00f3ry. Probiotyki pomagaj\u0105 wzmacnia\u0107 barier\u0119 ochronn\u0105 sk\u00f3ry, redukowa\u0107 stany zapalne oraz wspiera\u0107 procesy regeneracyjne. Dzi\u0119ki temu maseczki probiotyczne mog\u0105 by\u0107 szczeg\u00f3lnie korzystne dla os\u00f3b z problemami sk\u00f3rnymi, takimi jak tr\u0105dzik, zaczerwienienia czy sucho\u015b\u0107. Stosowanie maseczek probiotycznych nie tylko poprawia kondycj\u0119 sk\u00f3ry, ale tak\u017ce przyczynia si\u0119 do jej lepszego nawil\u017cenia i elastyczno\u015bci. Warto wi\u0119c rozwa\u017cy\u0107 ich w\u0142\u0105czenie do codziennej rutyny piel\u0119gnacyjnej, aby cieszy\u0107 si\u0119 zdrowsz\u0105 i bardziej promienn\u0105 cer\u0105.<\/p>\n\n\n\n<h2 class=\"wp-block-heading\">Sekret zdrowej sk\u00f3ry: Jak dzia\u0142aj\u0105 maseczki probiotyczne i dlaczego s\u0105 kluczem do promiennej cery<\/h2>\n\n\n\n<p>Maseczki probiotyczne zyskuj\u0105 na popularno\u015bci jako skuteczny spos\u00f3b na popraw\u0119 kondycji sk\u00f3ry. Zawieraj\u0105 one \u017cywe kultury bakterii, kt\u00f3re wspieraj\u0105 naturaln\u0105 mikroflor\u0119 sk\u00f3ry. Probiotyki pomagaj\u0105 w utrzymaniu r\u00f3wnowagi mikrobiomu, co jest kluczowe dla zdrowej cery. Dzia\u0142aj\u0105 przeciwzapalnie, redukuj\u0105c zaczerwienienia i podra\u017cnienia. Ponadto, wzmacniaj\u0105 barier\u0119 ochronn\u0105 sk\u00f3ry, co zwi\u0119ksza jej odporno\u015b\u0107 na szkodliwe czynniki zewn\u0119trzne. Regularne stosowanie maseczek probiotycznych mo\u017ce prowadzi\u0107 do bardziej promiennej i g\u0142adkiej cery, dzi\u0119ki poprawie nawil\u017cenia i elastyczno\u015bci sk\u00f3ry.<\/p>\n\n\n\n<h2 class=\"wp-block-heading\">Probiotyczne rewolucje w piel\u0119gnacji: Dlaczego warto w\u0142\u0105czy\u0107 maseczki probiotyczne do swojej rutyny kosmetycznej<\/h2>\n\n\n\n<p>Probiotyczne maseczki do twarzy zyskuj\u0105 na popularno\u015bci w \u015bwiecie kosmetyki. Zawieraj\u0105 \u017cywe kultury bakterii, kt\u00f3re wspieraj\u0105 naturaln\u0105 mikroflor\u0119 sk\u00f3ry. Dzi\u0119ki temu pomagaj\u0105 w utrzymaniu r\u00f3wnowagi mikrobiomu, co jest kluczowe dla zdrowej cery. Regularne stosowanie takich maseczek mo\u017ce poprawi\u0107 nawil\u017cenie sk\u00f3ry, zmniejszy\u0107 podra\u017cnienia oraz wspom\u00f3c regeneracj\u0119 nask\u00f3rka. Dodatkowo, probiotyki mog\u0105 wzmacnia\u0107 barier\u0119 ochronn\u0105 sk\u00f3ry, co jest istotne w walce z zanieczyszczeniami \u015brodowiskowymi. W\u0142\u0105czenie probiotycznych maseczek do rutyny piel\u0119gnacyjnej to krok ku zdrowszej i bardziej promiennej sk\u00f3rze.<\/p>\n\n\n\n<h2 class=\"wp-block-heading\">Maseczki probiotyczne &#8211; naturalna tarcza dla Twojej sk\u00f3ry: Mechanizmy dzia\u0142ania i korzy\u015bci stosowania<\/h2>\n\n\n\n<p>Maseczki probiotyczne to innowacyjne rozwi\u0105zanie w piel\u0119gnacji sk\u00f3ry, kt\u00f3re wykorzystuje dobroczynne mikroorganizmy do poprawy jej kondycji. Mechanizm dzia\u0142ania opiera si\u0119 na wprowadzeniu korzystnych bakterii, kt\u00f3re wspieraj\u0105 naturaln\u0105 flor\u0119 sk\u00f3ry, wzmacniaj\u0105c jej barier\u0119 ochronn\u0105. Dzi\u0119ki temu sk\u00f3ra staje si\u0119 bardziej odporna na dzia\u0142anie szkodliwych czynnik\u00f3w zewn\u0119trznych, takich jak zanieczyszczenia czy promieniowanie UV.<\/p>\n\n\n\n<p>Korzy\u015bci ze stosowania maseczek probiotycznych obejmuj\u0105 popraw\u0119 nawil\u017cenia sk\u00f3ry, redukcj\u0119 stan\u00f3w zapalnych oraz zmniejszenie podra\u017cnie\u0144. Regularne stosowanie mo\u017ce prowadzi\u0107 do wyr\u00f3wnania kolorytu cery i zmniejszenia widoczno\u015bci drobnych zmarszczek. Dodatkowo, probiotyki mog\u0105 wspomaga\u0107 proces regeneracji nask\u00f3rka, co sprzyja szybszemu gojeniu si\u0119 drobnych uszkodze\u0144.<\/p>\n\n\n\n<p>Maseczki te s\u0105 szczeg\u00f3lnie polecane dla os\u00f3b z cer\u0105 wra\u017cliw\u0105 lub problematyczn\u0105, poniewa\u017c ich \u0142agodne dzia\u0142anie minimalizuje ryzyko reakcji alergicznych. Warto jednak pami\u0119ta\u0107 o regularnym stosowaniu dla uzyskania optymalnych efekt\u00f3w.<\/p>\n\n\n\n<p>Maseczki probiotyczne dzia\u0142aj\u0105 na zasadzie wprowadzania korzystnych mikroorganizm\u00f3w na powierzchni\u0119 sk\u00f3ry, co pomaga w utrzymaniu jej naturalnej r\u00f3wnowagi mikrobiologicznej. Probiotyki wspieraj\u0105 barier\u0119 ochronn\u0105 sk\u00f3ry, pomagaj\u0105c w walce z patogenami i redukuj\u0105c stany zapalne. Dzi\u0119ki temu sk\u00f3ra staje si\u0119 bardziej odporna na czynniki zewn\u0119trzne, takie jak zanieczyszczenia czy promieniowanie UV. Regularne stosowanie maseczek probiotycznych mo\u017ce prowadzi\u0107 do poprawy kondycji sk\u00f3ry, zwi\u0119kszenia jej elastyczno\u015bci oraz zmniejszenia problem\u00f3w takich jak tr\u0105dzik czy podra\u017cnienia.<\/p>\n\n\n\n<p>Warto stosowa\u0107 maseczki probiotyczne ze wzgl\u0119du na ich naturalne podej\u015bcie do piel\u0119gnacji sk\u00f3ry. W przeciwie\u0144stwie do niekt\u00f3rych produkt\u00f3w chemicznych, probiotyki dzia\u0142aj\u0105 delikatnie i s\u0105 odpowiednie nawet dla os\u00f3b o wra\u017cliwej sk\u00f3rze. Dodatkowo, wspieraj\u0105c naturaln\u0105 flor\u0119 bakteryjn\u0105 sk\u00f3ry, przyczyniaj\u0105 si\u0119 do d\u0142ugotrwa\u0142ego zdrowia i pi\u0119kna cery. W obliczu rosn\u0105cej \u015bwiadomo\u015bci dotycz\u0105cej znaczenia mikrobiomu dla og\u00f3lnego zdrowia organizmu, maseczki probiotyczne stanowi\u0105 innowacyjne i skuteczne rozwi\u0105zanie w codziennej rutynie piel\u0119gnacyjnej.<\/p>\n","protected":false},"excerpt":{"rendered":"<p>Maseczki probiotyczne to innowacyjne produkty w dziedzinie piel\u0119gnacji sk\u00f3ry, kt\u00f3re zyskuj\u0105 coraz wi\u0119ksz\u0105 popularno\u015b\u0107 w\u015br\u00f3d os\u00f3b poszukuj\u0105cych naturalnych i skutecznych rozwi\u0105za\u0144 dla swojej cery. Dzia\u0142anie tych maseczek opiera si\u0119 na wykorzystaniu dobroczynnych mikroorganizm\u00f3w, znanych jako probiotyki, kt\u00f3re odgrywaj\u0105 kluczow\u0105 rol\u0119 w utrzymaniu zdrowej r\u00f3wnowagi mikroflory sk\u00f3ry. Probiotyki pomagaj\u0105 wzmacnia\u0107 barier\u0119 ochronn\u0105 sk\u00f3ry, redukowa\u0107 stany zapalne [&hellip;]<\/p>\n","protected":false},"author":1,"featured_media":0,"comment_status":"","ping_status":"open","sticky":false,"template":"","format":"standard","meta":{"footnotes":""},"categories":[1],"tags":[],"class_list":["post-7730","post","type-post","status-publish","format-standard","hentry","category-bez-kategorii"],"fm_meta_title":"Jak dzia\u0142aj\u0105 maseczki probiotyczne i dlaczego warto je stosowa\u0107?","fm_meta_description":"Odkryj, jak maseczki probiotyczne dzia\u0142aj\u0105 na sk\u00f3r\u0119 i dlaczego warto je stosowa\u0107. Zadbaj o zdrow\u0105 cer\u0119 dzi\u0119ki naturalnym sk\u0142adnikom!","yoast_head":"<!-- This site is optimized with the Yoast SEO plugin v21.5 - https:\/\/yoast.com\/wordpress\/plugins\/seo\/ -->\n<title>Jak dzia\u0142aj\u0105 maseczki probiotyczne i dlaczego warto je stosowa\u0107?<\/title>\n<meta name=\"description\" content=\"Odkryj, jak maseczki probiotyczne dzia\u0142aj\u0105 na sk\u00f3r\u0119 i dlaczego warto je stosowa\u0107. Zadbaj o zdrow\u0105 cer\u0119 dzi\u0119ki naturalnym sk\u0142adnikom!\" \/>\n<meta name=\"robots\" content=\"index, follow, max-snippet:-1, max-image-preview:large, max-video-preview:-1\" \/>\n<link rel=\"canonical\" href=\"https:\/\/darzdrowia.pl\/ciekawostki\/jak-dzialaja-maseczki-probiotyczne-i-dlaczego-warto-je-stosowac\/\" \/>\n<meta property=\"og:locale\" content=\"pl_PL\" \/>\n<meta property=\"og:type\" content=\"article\" \/>\n<meta property=\"og:title\" content=\"Jak dzia\u0142aj\u0105 maseczki probiotyczne i dlaczego warto je stosowa\u0107?\" \/>\n<meta property=\"og:description\" content=\"Odkryj, jak maseczki probiotyczne dzia\u0142aj\u0105 na sk\u00f3r\u0119 i dlaczego warto je stosowa\u0107. Zadbaj o zdrow\u0105 cer\u0119 dzi\u0119ki naturalnym sk\u0142adnikom!\" \/>\n<meta property=\"og:url\" content=\"https:\/\/darzdrowia.pl\/ciekawostki\/jak-dzialaja-maseczki-probiotyczne-i-dlaczego-warto-je-stosowac\/\" \/>\n<meta property=\"og:site_name\" content=\"Dar Zdrowia Drogeria - Blog\" \/>\n<meta property=\"article:publisher\" content=\"https:\/\/www.facebook.com\/profile.php?id=100063606935396\" \/>\n<meta property=\"article:published_time\" content=\"2025-02-28T15:15:45+00:00\" \/>\n<meta name=\"author\" content=\"funkymedia\" \/>\n<meta name=\"twitter:card\" content=\"summary_large_image\" \/>\n<meta name=\"twitter:label1\" content=\"Napisane przez\" \/>\n\t<meta name=\"twitter:data1\" content=\"funkymedia\" \/>\n\t<meta name=\"twitter:label2\" content=\"Szacowany czas czytania\" \/>\n\t<meta name=\"twitter:data2\" content=\"3 minuty\" \/>\n<script type=\"application\/ld+json\" class=\"yoast-schema-graph\">{\"@context\":\"https:\/\/schema.org\",\"@graph\":[{\"@type\":\"Article\",\"@id\":\"https:\/\/darzdrowia.pl\/ciekawostki\/jak-dzialaja-maseczki-probiotyczne-i-dlaczego-warto-je-stosowac\/#article\",\"isPartOf\":{\"@id\":\"https:\/\/darzdrowia.pl\/ciekawostki\/jak-dzialaja-maseczki-probiotyczne-i-dlaczego-warto-je-stosowac\/\"},\"author\":{\"name\":\"funkymedia\",\"@id\":\"https:\/\/darzdrowia.pl\/ciekawostki\/#\/schema\/person\/e75579d624630bf943ac69d374bb928e\"},\"headline\":\"Jak dzia\u0142aj\u0105 maseczki probiotyczne i dlaczego warto je stosowa\u0107?\",\"datePublished\":\"2025-02-28T15:15:45+00:00\",\"dateModified\":\"2025-02-28T15:15:45+00:00\",\"mainEntityOfPage\":{\"@id\":\"https:\/\/darzdrowia.pl\/ciekawostki\/jak-dzialaja-maseczki-probiotyczne-i-dlaczego-warto-je-stosowac\/\"},\"wordCount\":704,\"publisher\":{\"@id\":\"https:\/\/darzdrowia.pl\/ciekawostki\/#organization\"},\"inLanguage\":\"pl-PL\"},{\"@type\":\"WebPage\",\"@id\":\"https:\/\/darzdrowia.pl\/ciekawostki\/jak-dzialaja-maseczki-probiotyczne-i-dlaczego-warto-je-stosowac\/\",\"url\":\"https:\/\/darzdrowia.pl\/ciekawostki\/jak-dzialaja-maseczki-probiotyczne-i-dlaczego-warto-je-stosowac\/\",\"name\":\"Jak dzia\u0142aj\u0105 maseczki probiotyczne i dlaczego warto je stosowa\u0107?\",\"isPartOf\":{\"@id\":\"https:\/\/darzdrowia.pl\/ciekawostki\/#website\"},\"datePublished\":\"2025-02-28T15:15:45+00:00\",\"dateModified\":\"2025-02-28T15:15:45+00:00\",\"description\":\"Odkryj, jak maseczki probiotyczne dzia\u0142aj\u0105 na sk\u00f3r\u0119 i dlaczego warto je stosowa\u0107. Zadbaj o zdrow\u0105 cer\u0119 dzi\u0119ki naturalnym sk\u0142adnikom!\",\"breadcrumb\":{\"@id\":\"https:\/\/darzdrowia.pl\/ciekawostki\/jak-dzialaja-maseczki-probiotyczne-i-dlaczego-warto-je-stosowac\/#breadcrumb\"},\"inLanguage\":\"pl-PL\",\"potentialAction\":[{\"@type\":\"ReadAction\",\"target\":[\"https:\/\/darzdrowia.pl\/ciekawostki\/jak-dzialaja-maseczki-probiotyczne-i-dlaczego-warto-je-stosowac\/\"]}]},{\"@type\":\"BreadcrumbList\",\"@id\":\"https:\/\/darzdrowia.pl\/ciekawostki\/jak-dzialaja-maseczki-probiotyczne-i-dlaczego-warto-je-stosowac\/#breadcrumb\",\"itemListElement\":[{\"@type\":\"ListItem\",\"position\":1,\"name\":\"Strona g\u0142\u00f3wna\",\"item\":\"https:\/\/darzdrowia.pl\/ciekawostki\/\"},{\"@type\":\"ListItem\",\"position\":2,\"name\":\"Jak dzia\u0142aj\u0105 maseczki probiotyczne i dlaczego warto je stosowa\u0107?\"}]},{\"@type\":\"WebSite\",\"@id\":\"https:\/\/darzdrowia.pl\/ciekawostki\/#website\",\"url\":\"https:\/\/darzdrowia.pl\/ciekawostki\/\",\"name\":\"Dar Zdrowia Drogeria - Blog\",\"description\":\"\",\"publisher\":{\"@id\":\"https:\/\/darzdrowia.pl\/ciekawostki\/#organization\"},\"potentialAction\":[{\"@type\":\"SearchAction\",\"target\":{\"@type\":\"EntryPoint\",\"urlTemplate\":\"https:\/\/darzdrowia.pl\/ciekawostki\/?s={search_term_string}\"},\"query-input\":\"required name=search_term_string\"}],\"inLanguage\":\"pl-PL\"},{\"@type\":\"Organization\",\"@id\":\"https:\/\/darzdrowia.pl\/ciekawostki\/#organization\",\"name\":\"Dar Zdrowia Drogeria - Blog\",\"url\":\"https:\/\/darzdrowia.pl\/ciekawostki\/\",\"logo\":{\"@type\":\"ImageObject\",\"inLanguage\":\"pl-PL\",\"@id\":\"https:\/\/darzdrowia.pl\/ciekawostki\/#\/schema\/logo\/image\/\",\"url\":\"https:\/\/darzdrowia.pl\/ciekawostki\/wp-content\/uploads\/2023\/11\/logo-darzdrowia.webp\",\"contentUrl\":\"https:\/\/darzdrowia.pl\/ciekawostki\/wp-content\/uploads\/2023\/11\/logo-darzdrowia.webp\",\"width\":744,\"height\":225,\"caption\":\"Dar Zdrowia Drogeria - Blog\"},\"image\":{\"@id\":\"https:\/\/darzdrowia.pl\/ciekawostki\/#\/schema\/logo\/image\/\"},\"sameAs\":[\"https:\/\/www.facebook.com\/profile.php?id=100063606935396\"]},{\"@type\":\"Person\",\"@id\":\"https:\/\/darzdrowia.pl\/ciekawostki\/#\/schema\/person\/e75579d624630bf943ac69d374bb928e\",\"name\":\"funkymedia\",\"image\":{\"@type\":\"ImageObject\",\"inLanguage\":\"pl-PL\",\"@id\":\"https:\/\/darzdrowia.pl\/ciekawostki\/#\/schema\/person\/image\/\",\"url\":\"https:\/\/secure.gravatar.com\/avatar\/393cb205b658aef6e3271ad5a92265e3e4433d2384bbe95524ba160d5bc20299?s=96&d=mm&r=g\",\"contentUrl\":\"https:\/\/secure.gravatar.com\/avatar\/393cb205b658aef6e3271ad5a92265e3e4433d2384bbe95524ba160d5bc20299?s=96&d=mm&r=g\",\"caption\":\"funkymedia\"},\"sameAs\":[\"https:\/\/darzdrowia.pl\/ciekawostki\"],\"url\":\"https:\/\/darzdrowia.pl\/ciekawostki\/author\/funkymedia\/\"}]}<\/script>\n<!-- \/ Yoast SEO plugin. -->","yoast_head_json":{"title":"Jak dzia\u0142aj\u0105 maseczki probiotyczne i dlaczego warto je stosowa\u0107?","description":"Odkryj, jak maseczki probiotyczne dzia\u0142aj\u0105 na sk\u00f3r\u0119 i dlaczego warto je stosowa\u0107. Zadbaj o zdrow\u0105 cer\u0119 dzi\u0119ki naturalnym sk\u0142adnikom!","robots":{"index":"index","follow":"follow","max-snippet":"max-snippet:-1","max-image-preview":"max-image-preview:large","max-video-preview":"max-video-preview:-1"},"canonical":"https:\/\/darzdrowia.pl\/ciekawostki\/jak-dzialaja-maseczki-probiotyczne-i-dlaczego-warto-je-stosowac\/","og_locale":"pl_PL","og_type":"article","og_title":"Jak dzia\u0142aj\u0105 maseczki probiotyczne i dlaczego warto je stosowa\u0107?","og_description":"Odkryj, jak maseczki probiotyczne dzia\u0142aj\u0105 na sk\u00f3r\u0119 i dlaczego warto je stosowa\u0107. Zadbaj o zdrow\u0105 cer\u0119 dzi\u0119ki naturalnym sk\u0142adnikom!","og_url":"https:\/\/darzdrowia.pl\/ciekawostki\/jak-dzialaja-maseczki-probiotyczne-i-dlaczego-warto-je-stosowac\/","og_site_name":"Dar Zdrowia Drogeria - Blog","article_publisher":"https:\/\/www.facebook.com\/profile.php?id=100063606935396","article_published_time":"2025-02-28T15:15:45+00:00","author":"funkymedia","twitter_card":"summary_large_image","twitter_misc":{"Napisane przez":"funkymedia","Szacowany czas czytania":"3 minuty"},"schema":{"@context":"https:\/\/schema.org","@graph":[{"@type":"Article","@id":"https:\/\/darzdrowia.pl\/ciekawostki\/jak-dzialaja-maseczki-probiotyczne-i-dlaczego-warto-je-stosowac\/#article","isPartOf":{"@id":"https:\/\/darzdrowia.pl\/ciekawostki\/jak-dzialaja-maseczki-probiotyczne-i-dlaczego-warto-je-stosowac\/"},"author":{"name":"funkymedia","@id":"https:\/\/darzdrowia.pl\/ciekawostki\/#\/schema\/person\/e75579d624630bf943ac69d374bb928e"},"headline":"Jak dzia\u0142aj\u0105 maseczki probiotyczne i dlaczego warto je stosowa\u0107?","datePublished":"2025-02-28T15:15:45+00:00","dateModified":"2025-02-28T15:15:45+00:00","mainEntityOfPage":{"@id":"https:\/\/darzdrowia.pl\/ciekawostki\/jak-dzialaja-maseczki-probiotyczne-i-dlaczego-warto-je-stosowac\/"},"wordCount":704,"publisher":{"@id":"https:\/\/darzdrowia.pl\/ciekawostki\/#organization"},"inLanguage":"pl-PL"},{"@type":"WebPage","@id":"https:\/\/darzdrowia.pl\/ciekawostki\/jak-dzialaja-maseczki-probiotyczne-i-dlaczego-warto-je-stosowac\/","url":"https:\/\/darzdrowia.pl\/ciekawostki\/jak-dzialaja-maseczki-probiotyczne-i-dlaczego-warto-je-stosowac\/","name":"Jak dzia\u0142aj\u0105 maseczki probiotyczne i dlaczego warto je stosowa\u0107?","isPartOf":{"@id":"https:\/\/darzdrowia.pl\/ciekawostki\/#website"},"datePublished":"2025-02-28T15:15:45+00:00","dateModified":"2025-02-28T15:15:45+00:00","description":"Odkryj, jak maseczki probiotyczne dzia\u0142aj\u0105 na sk\u00f3r\u0119 i dlaczego warto je stosowa\u0107. Zadbaj o zdrow\u0105 cer\u0119 dzi\u0119ki naturalnym sk\u0142adnikom!","breadcrumb":{"@id":"https:\/\/darzdrowia.pl\/ciekawostki\/jak-dzialaja-maseczki-probiotyczne-i-dlaczego-warto-je-stosowac\/#breadcrumb"},"inLanguage":"pl-PL","potentialAction":[{"@type":"ReadAction","target":["https:\/\/darzdrowia.pl\/ciekawostki\/jak-dzialaja-maseczki-probiotyczne-i-dlaczego-warto-je-stosowac\/"]}]},{"@type":"BreadcrumbList","@id":"https:\/\/darzdrowia.pl\/ciekawostki\/jak-dzialaja-maseczki-probiotyczne-i-dlaczego-warto-je-stosowac\/#breadcrumb","itemListElement":[{"@type":"ListItem","position":1,"name":"Strona g\u0142\u00f3wna","item":"https:\/\/darzdrowia.pl\/ciekawostki\/"},{"@type":"ListItem","position":2,"name":"Jak dzia\u0142aj\u0105 maseczki probiotyczne i dlaczego warto je stosowa\u0107?"}]},{"@type":"WebSite","@id":"https:\/\/darzdrowia.pl\/ciekawostki\/#website","url":"https:\/\/darzdrowia.pl\/ciekawostki\/","name":"Dar Zdrowia Drogeria - Blog","description":"","publisher":{"@id":"https:\/\/darzdrowia.pl\/ciekawostki\/#organization"},"potentialAction":[{"@type":"SearchAction","target":{"@type":"EntryPoint","urlTemplate":"https:\/\/darzdrowia.pl\/ciekawostki\/?s={search_term_string}"},"query-input":"required name=search_term_string"}],"inLanguage":"pl-PL"},{"@type":"Organization","@id":"https:\/\/darzdrowia.pl\/ciekawostki\/#organization","name":"Dar Zdrowia Drogeria - Blog","url":"https:\/\/darzdrowia.pl\/ciekawostki\/","logo":{"@type":"ImageObject","inLanguage":"pl-PL","@id":"https:\/\/darzdrowia.pl\/ciekawostki\/#\/schema\/logo\/image\/","url":"https:\/\/darzdrowia.pl\/ciekawostki\/wp-content\/uploads\/2023\/11\/logo-darzdrowia.webp","contentUrl":"https:\/\/darzdrowia.pl\/ciekawostki\/wp-content\/uploads\/2023\/11\/logo-darzdrowia.webp","width":744,"height":225,"caption":"Dar Zdrowia Drogeria - Blog"},"image":{"@id":"https:\/\/darzdrowia.pl\/ciekawostki\/#\/schema\/logo\/image\/"},"sameAs":["https:\/\/www.facebook.com\/profile.php?id=100063606935396"]},{"@type":"Person","@id":"https:\/\/darzdrowia.pl\/ciekawostki\/#\/schema\/person\/e75579d624630bf943ac69d374bb928e","name":"funkymedia","image":{"@type":"ImageObject","inLanguage":"pl-PL","@id":"https:\/\/darzdrowia.pl\/ciekawostki\/#\/schema\/person\/image\/","url":"https:\/\/secure.gravatar.com\/avatar\/393cb205b658aef6e3271ad5a92265e3e4433d2384bbe95524ba160d5bc20299?s=96&d=mm&r=g","contentUrl":"https:\/\/secure.gravatar.com\/avatar\/393cb205b658aef6e3271ad5a92265e3e4433d2384bbe95524ba160d5bc20299?s=96&d=mm&r=g","caption":"funkymedia"},"sameAs":["https:\/\/darzdrowia.pl\/ciekawostki"],"url":"https:\/\/darzdrowia.pl\/ciekawostki\/author\/funkymedia\/"}]}},"_links":{"self":[{"href":"https:\/\/darzdrowia.pl\/ciekawostki\/wp-json\/wp\/v2\/posts\/7730","targetHints":{"allow":["GET"]}}],"collection":[{"href":"https:\/\/darzdrowia.pl\/ciekawostki\/wp-json\/wp\/v2\/posts"}],"about":[{"href":"https:\/\/darzdrowia.pl\/ciekawostki\/wp-json\/wp\/v2\/types\/post"}],"author":[{"embeddable":true,"href":"https:\/\/darzdrowia.pl\/ciekawostki\/wp-json\/wp\/v2\/users\/1"}],"replies":[{"embeddable":true,"href":"https:\/\/darzdrowia.pl\/ciekawostki\/wp-json\/wp\/v2\/comments?post=7730"}],"version-history":[{"count":0,"href":"https:\/\/darzdrowia.pl\/ciekawostki\/wp-json\/wp\/v2\/posts\/7730\/revisions"}],"wp:attachment":[{"href":"https:\/\/darzdrowia.pl\/ciekawostki\/wp-json\/wp\/v2\/media?parent=7730"}],"wp:term":[{"taxonomy":"category","embeddable":true,"href":"https:\/\/darzdrowia.pl\/ciekawostki\/wp-json\/wp\/v2\/categories?post=7730"},{"taxonomy":"post_tag","embeddable":true,"href":"https:\/\/darzdrowia.pl\/ciekawostki\/wp-json\/wp\/v2\/tags?post=7730"}],"curies":[{"name":"wp","href":"https:\/\/api.w.org\/{rel}","templated":true}]}}