{"id":7707,"date":"2025-02-28T16:07:47","date_gmt":"2025-02-28T15:07:47","guid":{"rendered":"https:\/\/darzdrowia.pl\/ciekawostki\/jakie-maseczki-na-twarz-stosowac-latem-a-jakie-zima\/"},"modified":"2025-02-28T16:07:47","modified_gmt":"2025-02-28T15:07:47","slug":"jakie-maseczki-na-twarz-stosowac-latem-a-jakie-zima","status":"publish","type":"post","link":"https:\/\/darzdrowia.pl\/ciekawostki\/jakie-maseczki-na-twarz-stosowac-latem-a-jakie-zima\/","title":{"rendered":"Jakie maseczki na twarz stosowa\u0107 latem, a jakie zim\u0105"},"content":{"rendered":"\n<p>Latem i zim\u0105 nasza sk\u00f3ra wymaga r\u00f3\u017cnorodnej piel\u0119gnacji, aby zachowa\u0107 zdrowy i promienny wygl\u0105d. Wyb\u00f3r odpowiednich maseczek na twarz w zale\u017cno\u015bci od pory roku jest kluczowy, poniewa\u017c warunki atmosferyczne maj\u0105 znacz\u0105cy wp\u0142yw na kondycj\u0119 naszej cery. Latem, kiedy s\u0142o\u0144ce \u015bwieci intensywnie, a temperatury s\u0105 wysokie, sk\u00f3ra nara\u017cona jest na nadmierne wysuszenie oraz dzia\u0142anie promieni UV. W tym okresie warto si\u0119ga\u0107 po maseczki nawil\u017caj\u0105ce i \u0142agodz\u0105ce, kt\u00f3re pomog\u0105 utrzyma\u0107 odpowiedni poziom nawodnienia oraz z\u0142agodzi\u0107 ewentualne podra\u017cnienia. Z kolei zim\u0105, gdy powietrze staje si\u0119 suche i ch\u0142odne, a wiatr potrafi by\u0107 wyj\u0105tkowo nieprzyjemny, sk\u00f3ra potrzebuje dodatkowej ochrony i regeneracji. Maseczki od\u017cywcze i ochronne b\u0119d\u0105 idealnym wyborem, aby zabezpieczy\u0107 cer\u0119 przed szkodliwymi czynnikami zewn\u0119trznymi oraz wspom\u00f3c jej regeneracj\u0119. W\u0142a\u015bciwa piel\u0119gnacja dostosowana do sezonowych potrzeb sk\u00f3ry pozwoli cieszy\u0107 si\u0119 jej zdrowym wygl\u0105dem przez ca\u0142y rok.<\/p>\n\n\n\n<h2 class=\"wp-block-heading\">Sezonowe podej\u015bcie do piel\u0119gnacji: Jakie maseczki na twarz wybra\u0107 na upalne lato, a jakie na mro\u017an\u0105 zim\u0119?<\/h2>\n\n\n\n<p>Latem warto wybiera\u0107 maseczki nawil\u017caj\u0105ce i \u0142agodz\u0105ce, kt\u00f3re pomog\u0105 zredukowa\u0107 podra\u017cnienia spowodowane s\u0142o\u0144cem. Sk\u0142adniki takie jak aloes, kwas hialuronowy czy og\u00f3rek b\u0119d\u0105 idealne. Zim\u0105 natomiast zaleca si\u0119 stosowanie maseczek od\u017cywczych i regeneruj\u0105cych, kt\u00f3re ochroni\u0105 sk\u00f3r\u0119 przed mrozem i suchym powietrzem. Dobrze sprawdz\u0105 si\u0119 produkty z mas\u0142em shea, olejem arganowym czy witamin\u0105 E.<\/p>\n\n\n\n<h2 class=\"wp-block-heading\">Letnie orze\u017awienie i zimowa regeneracja: Przewodnik po maseczkach do twarzy dostosowanych do pory roku<\/h2>\n\n\n\n<p>**Letnie orze\u017awienie**<\/p>\n\n\n\n<p>Latem sk\u00f3ra twarzy nara\u017cona jest na dzia\u0142anie promieni s\u0142onecznych, wysokie temperatury i wilgo\u0107. W tym okresie warto si\u0119gn\u0105\u0107 po maseczki o dzia\u0142aniu nawil\u017caj\u0105cym i od\u015bwie\u017caj\u0105cym. Sk\u0142adniki takie jak aloes, og\u00f3rek czy kwas hialuronowy doskonale sprawdz\u0105 si\u0119 w piel\u0119gnacji letniej. Aloes \u0142agodzi podra\u017cnienia i nawil\u017ca, og\u00f3rek dzia\u0142a ch\u0142odz\u0105co, a kwas hialuronowy zatrzymuje wilgo\u0107 w sk\u00f3rze.<\/p>\n\n\n\n<p>**Zimowa regeneracja**<\/p>\n\n\n\n<p>Zim\u0105 sk\u00f3ra potrzebuje intensywnej regeneracji i ochrony przed mrozem oraz suchym powietrzem. Maseczki bogate w sk\u0142adniki od\u017cywcze, takie jak mas\u0142o shea, olej arganowy czy witamina E, pomog\u0105 w odbudowie bariery lipidowej sk\u00f3ry. Mas\u0142o shea g\u0142\u0119boko nawil\u017ca i chroni przed utrat\u0105 wilgoci, olej arganowy regeneruje i wzmacnia sk\u00f3r\u0119, a witamina E dzia\u0142a jako silny antyoksydant.<\/p>\n\n\n\n<p>Dostosowanie piel\u0119gnacji do pory roku pozwala utrzyma\u0107 zdrowy wygl\u0105d sk\u00f3ry przez ca\u0142y rok.<\/p>\n\n\n\n<h2 class=\"wp-block-heading\">Od\u015bwie\u017cenie czy ochrona? Jak dopasowa\u0107 maseczki do twarzy do letnich i zimowych warunk\u00f3w atmosferycznych<\/h2>\n\n\n\n<p>W letnich warunkach atmosferycznych zaleca si\u0119 stosowanie maseczek o lekkiej formule, kt\u00f3re zapewniaj\u0105 od\u015bwie\u017cenie i nawil\u017cenie sk\u00f3ry. Warto wybiera\u0107 produkty z aloesem lub og\u00f3rkiem, kt\u00f3re dzia\u0142aj\u0105 koj\u0105co i ch\u0142odz\u0105co. Maseczki \u017celowe lub w formie mgie\u0142ki mog\u0105 by\u0107 szczeg\u00f3lnie korzystne.<\/p>\n\n\n\n<p>Zim\u0105 sk\u00f3ra wymaga ochrony przed niskimi temperaturami i suchym powietrzem. W tym okresie warto si\u0119ga\u0107 po maseczki o bogatszej konsystencji, zawieraj\u0105ce sk\u0142adniki takie jak mas\u0142o shea czy oleje ro\u015blinne. Produkty te tworz\u0105 barier\u0119 ochronn\u0105, zapobiegaj\u0105c utracie wilgoci i chroni\u0105c przed szkodliwymi czynnikami zewn\u0119trznymi.<\/p>\n\n\n\n<p>Dopasowanie maseczki do pory roku pozwala na skuteczn\u0105 piel\u0119gnacj\u0119 sk\u00f3ry, dostosowan\u0105 do jej zmieniaj\u0105cych si\u0119 potrzeb.<\/p>\n\n\n\n<p>Podczas wyboru maseczek na twarz warto dostosowa\u0107 je do pory roku, aby skutecznie zadba\u0107 o sk\u00f3r\u0119 i jej potrzeby. Latem, kiedy sk\u00f3ra jest nara\u017cona na dzia\u0142anie promieni s\u0142onecznych, wysokich temperatur i wilgoci, najlepiej si\u0119ga\u0107 po maseczki o dzia\u0142aniu nawil\u017caj\u0105cym i \u0142agodz\u0105cym. Warto wybiera\u0107 produkty z aloesem, kwasem hialuronowym czy og\u00f3rkiem, kt\u00f3re pomog\u0105 utrzyma\u0107 odpowiedni poziom nawodnienia sk\u00f3ry oraz z\u0142agodzi\u0107 ewentualne podra\u017cnienia.<\/p>\n\n\n\n<p>Zim\u0105 natomiast sk\u00f3ra cz\u0119sto staje si\u0119 sucha i wra\u017cliwa z powodu niskich temperatur oraz suchego powietrza w ogrzewanych pomieszczeniach. W tym okresie warto stosowa\u0107 maseczki od\u017cywcze i regeneruj\u0105ce, kt\u00f3re zawieraj\u0105 sk\u0142adniki takie jak mas\u0142o shea, olej arganowy czy witamina E. Te sk\u0142adniki pomog\u0105 odbudowa\u0107 barier\u0119 ochronn\u0105 sk\u00f3ry i zapewni\u0107 jej odpowiednie od\u017cywienie.<\/p>\n\n\n\n<p>Podsumowuj\u0105c, kluczem do zdrowej sk\u00f3ry przez ca\u0142y rok jest dostosowanie piel\u0119gnacji do zmieniaj\u0105cych si\u0119 warunk\u00f3w atmosferycznych. Wybieraj\u0105c odpowiednie maseczki na lato i zim\u0119, mo\u017cemy skutecznie wspiera\u0107 kondycj\u0119 naszej sk\u00f3ry i cieszy\u0107 si\u0119 jej zdrowym wygl\u0105dem niezale\u017cnie od pory roku.<\/p>\n","protected":false},"excerpt":{"rendered":"<p>Latem i zim\u0105 nasza sk\u00f3ra wymaga r\u00f3\u017cnorodnej piel\u0119gnacji, aby zachowa\u0107 zdrowy i promienny wygl\u0105d. Wyb\u00f3r odpowiednich maseczek na twarz w zale\u017cno\u015bci od pory roku jest kluczowy, poniewa\u017c warunki atmosferyczne maj\u0105 znacz\u0105cy wp\u0142yw na kondycj\u0119 naszej cery. Latem, kiedy s\u0142o\u0144ce \u015bwieci intensywnie, a temperatury s\u0105 wysokie, sk\u00f3ra nara\u017cona jest na nadmierne wysuszenie oraz dzia\u0142anie promieni UV. [&hellip;]<\/p>\n","protected":false},"author":1,"featured_media":0,"comment_status":"","ping_status":"open","sticky":false,"template":"","format":"standard","meta":{"footnotes":""},"categories":[1],"tags":[],"class_list":["post-7707","post","type-post","status-publish","format-standard","hentry","category-bez-kategorii"],"fm_meta_title":"Jakie maseczki na twarz stosowa\u0107 latem, a jakie zim\u0105","fm_meta_description":"Odkryj, jakie maseczki na twarz najlepiej stosowa\u0107 latem i zim\u0105, aby zachowa\u0107 zdrow\u0105 i promienn\u0105 sk\u00f3r\u0119 przez ca\u0142y rok. Sprawd\u017a nasze porady!","yoast_head":"<!-- This site is optimized with the Yoast SEO plugin v21.5 - https:\/\/yoast.com\/wordpress\/plugins\/seo\/ -->\n<title>Jakie maseczki na twarz stosowa\u0107 latem, a jakie zim\u0105<\/title>\n<meta name=\"description\" content=\"Odkryj, jakie maseczki na twarz najlepiej stosowa\u0107 latem i zim\u0105, aby zachowa\u0107 zdrow\u0105 i promienn\u0105 sk\u00f3r\u0119 przez ca\u0142y rok. Sprawd\u017a nasze porady!\" \/>\n<meta name=\"robots\" content=\"index, follow, max-snippet:-1, max-image-preview:large, max-video-preview:-1\" \/>\n<link rel=\"canonical\" href=\"https:\/\/darzdrowia.pl\/ciekawostki\/jakie-maseczki-na-twarz-stosowac-latem-a-jakie-zima\/\" \/>\n<meta property=\"og:locale\" content=\"pl_PL\" \/>\n<meta property=\"og:type\" content=\"article\" \/>\n<meta property=\"og:title\" content=\"Jakie maseczki na twarz stosowa\u0107 latem, a jakie zim\u0105\" \/>\n<meta property=\"og:description\" content=\"Odkryj, jakie maseczki na twarz najlepiej stosowa\u0107 latem i zim\u0105, aby zachowa\u0107 zdrow\u0105 i promienn\u0105 sk\u00f3r\u0119 przez ca\u0142y rok. Sprawd\u017a nasze porady!\" \/>\n<meta property=\"og:url\" content=\"https:\/\/darzdrowia.pl\/ciekawostki\/jakie-maseczki-na-twarz-stosowac-latem-a-jakie-zima\/\" \/>\n<meta property=\"og:site_name\" content=\"Dar Zdrowia Drogeria - Blog\" \/>\n<meta property=\"article:publisher\" content=\"https:\/\/www.facebook.com\/profile.php?id=100063606935396\" \/>\n<meta property=\"article:published_time\" content=\"2025-02-28T15:07:47+00:00\" \/>\n<meta name=\"author\" content=\"funkymedia\" \/>\n<meta name=\"twitter:card\" content=\"summary_large_image\" \/>\n<meta name=\"twitter:label1\" content=\"Napisane przez\" \/>\n\t<meta name=\"twitter:data1\" content=\"funkymedia\" \/>\n\t<meta name=\"twitter:label2\" content=\"Szacowany czas czytania\" \/>\n\t<meta name=\"twitter:data2\" content=\"4 minuty\" \/>\n<script type=\"application\/ld+json\" class=\"yoast-schema-graph\">{\"@context\":\"https:\/\/schema.org\",\"@graph\":[{\"@type\":\"Article\",\"@id\":\"https:\/\/darzdrowia.pl\/ciekawostki\/jakie-maseczki-na-twarz-stosowac-latem-a-jakie-zima\/#article\",\"isPartOf\":{\"@id\":\"https:\/\/darzdrowia.pl\/ciekawostki\/jakie-maseczki-na-twarz-stosowac-latem-a-jakie-zima\/\"},\"author\":{\"name\":\"funkymedia\",\"@id\":\"https:\/\/darzdrowia.pl\/ciekawostki\/#\/schema\/person\/e75579d624630bf943ac69d374bb928e\"},\"headline\":\"Jakie maseczki na twarz stosowa\u0107 latem, a jakie zim\u0105\",\"datePublished\":\"2025-02-28T15:07:47+00:00\",\"dateModified\":\"2025-02-28T15:07:47+00:00\",\"mainEntityOfPage\":{\"@id\":\"https:\/\/darzdrowia.pl\/ciekawostki\/jakie-maseczki-na-twarz-stosowac-latem-a-jakie-zima\/\"},\"wordCount\":766,\"publisher\":{\"@id\":\"https:\/\/darzdrowia.pl\/ciekawostki\/#organization\"},\"inLanguage\":\"pl-PL\"},{\"@type\":\"WebPage\",\"@id\":\"https:\/\/darzdrowia.pl\/ciekawostki\/jakie-maseczki-na-twarz-stosowac-latem-a-jakie-zima\/\",\"url\":\"https:\/\/darzdrowia.pl\/ciekawostki\/jakie-maseczki-na-twarz-stosowac-latem-a-jakie-zima\/\",\"name\":\"Jakie maseczki na twarz stosowa\u0107 latem, a jakie zim\u0105\",\"isPartOf\":{\"@id\":\"https:\/\/darzdrowia.pl\/ciekawostki\/#website\"},\"datePublished\":\"2025-02-28T15:07:47+00:00\",\"dateModified\":\"2025-02-28T15:07:47+00:00\",\"description\":\"Odkryj, jakie maseczki na twarz najlepiej stosowa\u0107 latem i zim\u0105, aby zachowa\u0107 zdrow\u0105 i promienn\u0105 sk\u00f3r\u0119 przez ca\u0142y rok. Sprawd\u017a nasze porady!\",\"breadcrumb\":{\"@id\":\"https:\/\/darzdrowia.pl\/ciekawostki\/jakie-maseczki-na-twarz-stosowac-latem-a-jakie-zima\/#breadcrumb\"},\"inLanguage\":\"pl-PL\",\"potentialAction\":[{\"@type\":\"ReadAction\",\"target\":[\"https:\/\/darzdrowia.pl\/ciekawostki\/jakie-maseczki-na-twarz-stosowac-latem-a-jakie-zima\/\"]}]},{\"@type\":\"BreadcrumbList\",\"@id\":\"https:\/\/darzdrowia.pl\/ciekawostki\/jakie-maseczki-na-twarz-stosowac-latem-a-jakie-zima\/#breadcrumb\",\"itemListElement\":[{\"@type\":\"ListItem\",\"position\":1,\"name\":\"Strona g\u0142\u00f3wna\",\"item\":\"https:\/\/darzdrowia.pl\/ciekawostki\/\"},{\"@type\":\"ListItem\",\"position\":2,\"name\":\"Jakie maseczki na twarz stosowa\u0107 latem, a jakie zim\u0105\"}]},{\"@type\":\"WebSite\",\"@id\":\"https:\/\/darzdrowia.pl\/ciekawostki\/#website\",\"url\":\"https:\/\/darzdrowia.pl\/ciekawostki\/\",\"name\":\"Dar Zdrowia Drogeria - Blog\",\"description\":\"\",\"publisher\":{\"@id\":\"https:\/\/darzdrowia.pl\/ciekawostki\/#organization\"},\"potentialAction\":[{\"@type\":\"SearchAction\",\"target\":{\"@type\":\"EntryPoint\",\"urlTemplate\":\"https:\/\/darzdrowia.pl\/ciekawostki\/?s={search_term_string}\"},\"query-input\":\"required name=search_term_string\"}],\"inLanguage\":\"pl-PL\"},{\"@type\":\"Organization\",\"@id\":\"https:\/\/darzdrowia.pl\/ciekawostki\/#organization\",\"name\":\"Dar Zdrowia Drogeria - Blog\",\"url\":\"https:\/\/darzdrowia.pl\/ciekawostki\/\",\"logo\":{\"@type\":\"ImageObject\",\"inLanguage\":\"pl-PL\",\"@id\":\"https:\/\/darzdrowia.pl\/ciekawostki\/#\/schema\/logo\/image\/\",\"url\":\"https:\/\/darzdrowia.pl\/ciekawostki\/wp-content\/uploads\/2023\/11\/logo-darzdrowia.webp\",\"contentUrl\":\"https:\/\/darzdrowia.pl\/ciekawostki\/wp-content\/uploads\/2023\/11\/logo-darzdrowia.webp\",\"width\":744,\"height\":225,\"caption\":\"Dar Zdrowia Drogeria - Blog\"},\"image\":{\"@id\":\"https:\/\/darzdrowia.pl\/ciekawostki\/#\/schema\/logo\/image\/\"},\"sameAs\":[\"https:\/\/www.facebook.com\/profile.php?id=100063606935396\"]},{\"@type\":\"Person\",\"@id\":\"https:\/\/darzdrowia.pl\/ciekawostki\/#\/schema\/person\/e75579d624630bf943ac69d374bb928e\",\"name\":\"funkymedia\",\"image\":{\"@type\":\"ImageObject\",\"inLanguage\":\"pl-PL\",\"@id\":\"https:\/\/darzdrowia.pl\/ciekawostki\/#\/schema\/person\/image\/\",\"url\":\"https:\/\/secure.gravatar.com\/avatar\/393cb205b658aef6e3271ad5a92265e3e4433d2384bbe95524ba160d5bc20299?s=96&d=mm&r=g\",\"contentUrl\":\"https:\/\/secure.gravatar.com\/avatar\/393cb205b658aef6e3271ad5a92265e3e4433d2384bbe95524ba160d5bc20299?s=96&d=mm&r=g\",\"caption\":\"funkymedia\"},\"sameAs\":[\"https:\/\/darzdrowia.pl\/ciekawostki\"],\"url\":\"https:\/\/darzdrowia.pl\/ciekawostki\/author\/funkymedia\/\"}]}<\/script>\n<!-- \/ Yoast SEO plugin. -->","yoast_head_json":{"title":"Jakie maseczki na twarz stosowa\u0107 latem, a jakie zim\u0105","description":"Odkryj, jakie maseczki na twarz najlepiej stosowa\u0107 latem i zim\u0105, aby zachowa\u0107 zdrow\u0105 i promienn\u0105 sk\u00f3r\u0119 przez ca\u0142y rok. Sprawd\u017a nasze porady!","robots":{"index":"index","follow":"follow","max-snippet":"max-snippet:-1","max-image-preview":"max-image-preview:large","max-video-preview":"max-video-preview:-1"},"canonical":"https:\/\/darzdrowia.pl\/ciekawostki\/jakie-maseczki-na-twarz-stosowac-latem-a-jakie-zima\/","og_locale":"pl_PL","og_type":"article","og_title":"Jakie maseczki na twarz stosowa\u0107 latem, a jakie zim\u0105","og_description":"Odkryj, jakie maseczki na twarz najlepiej stosowa\u0107 latem i zim\u0105, aby zachowa\u0107 zdrow\u0105 i promienn\u0105 sk\u00f3r\u0119 przez ca\u0142y rok. Sprawd\u017a nasze porady!","og_url":"https:\/\/darzdrowia.pl\/ciekawostki\/jakie-maseczki-na-twarz-stosowac-latem-a-jakie-zima\/","og_site_name":"Dar Zdrowia Drogeria - Blog","article_publisher":"https:\/\/www.facebook.com\/profile.php?id=100063606935396","article_published_time":"2025-02-28T15:07:47+00:00","author":"funkymedia","twitter_card":"summary_large_image","twitter_misc":{"Napisane przez":"funkymedia","Szacowany czas czytania":"4 minuty"},"schema":{"@context":"https:\/\/schema.org","@graph":[{"@type":"Article","@id":"https:\/\/darzdrowia.pl\/ciekawostki\/jakie-maseczki-na-twarz-stosowac-latem-a-jakie-zima\/#article","isPartOf":{"@id":"https:\/\/darzdrowia.pl\/ciekawostki\/jakie-maseczki-na-twarz-stosowac-latem-a-jakie-zima\/"},"author":{"name":"funkymedia","@id":"https:\/\/darzdrowia.pl\/ciekawostki\/#\/schema\/person\/e75579d624630bf943ac69d374bb928e"},"headline":"Jakie maseczki na twarz stosowa\u0107 latem, a jakie zim\u0105","datePublished":"2025-02-28T15:07:47+00:00","dateModified":"2025-02-28T15:07:47+00:00","mainEntityOfPage":{"@id":"https:\/\/darzdrowia.pl\/ciekawostki\/jakie-maseczki-na-twarz-stosowac-latem-a-jakie-zima\/"},"wordCount":766,"publisher":{"@id":"https:\/\/darzdrowia.pl\/ciekawostki\/#organization"},"inLanguage":"pl-PL"},{"@type":"WebPage","@id":"https:\/\/darzdrowia.pl\/ciekawostki\/jakie-maseczki-na-twarz-stosowac-latem-a-jakie-zima\/","url":"https:\/\/darzdrowia.pl\/ciekawostki\/jakie-maseczki-na-twarz-stosowac-latem-a-jakie-zima\/","name":"Jakie maseczki na twarz stosowa\u0107 latem, a jakie zim\u0105","isPartOf":{"@id":"https:\/\/darzdrowia.pl\/ciekawostki\/#website"},"datePublished":"2025-02-28T15:07:47+00:00","dateModified":"2025-02-28T15:07:47+00:00","description":"Odkryj, jakie maseczki na twarz najlepiej stosowa\u0107 latem i zim\u0105, aby zachowa\u0107 zdrow\u0105 i promienn\u0105 sk\u00f3r\u0119 przez ca\u0142y rok. Sprawd\u017a nasze porady!","breadcrumb":{"@id":"https:\/\/darzdrowia.pl\/ciekawostki\/jakie-maseczki-na-twarz-stosowac-latem-a-jakie-zima\/#breadcrumb"},"inLanguage":"pl-PL","potentialAction":[{"@type":"ReadAction","target":["https:\/\/darzdrowia.pl\/ciekawostki\/jakie-maseczki-na-twarz-stosowac-latem-a-jakie-zima\/"]}]},{"@type":"BreadcrumbList","@id":"https:\/\/darzdrowia.pl\/ciekawostki\/jakie-maseczki-na-twarz-stosowac-latem-a-jakie-zima\/#breadcrumb","itemListElement":[{"@type":"ListItem","position":1,"name":"Strona g\u0142\u00f3wna","item":"https:\/\/darzdrowia.pl\/ciekawostki\/"},{"@type":"ListItem","position":2,"name":"Jakie maseczki na twarz stosowa\u0107 latem, a jakie zim\u0105"}]},{"@type":"WebSite","@id":"https:\/\/darzdrowia.pl\/ciekawostki\/#website","url":"https:\/\/darzdrowia.pl\/ciekawostki\/","name":"Dar Zdrowia Drogeria - Blog","description":"","publisher":{"@id":"https:\/\/darzdrowia.pl\/ciekawostki\/#organization"},"potentialAction":[{"@type":"SearchAction","target":{"@type":"EntryPoint","urlTemplate":"https:\/\/darzdrowia.pl\/ciekawostki\/?s={search_term_string}"},"query-input":"required name=search_term_string"}],"inLanguage":"pl-PL"},{"@type":"Organization","@id":"https:\/\/darzdrowia.pl\/ciekawostki\/#organization","name":"Dar Zdrowia Drogeria - Blog","url":"https:\/\/darzdrowia.pl\/ciekawostki\/","logo":{"@type":"ImageObject","inLanguage":"pl-PL","@id":"https:\/\/darzdrowia.pl\/ciekawostki\/#\/schema\/logo\/image\/","url":"https:\/\/darzdrowia.pl\/ciekawostki\/wp-content\/uploads\/2023\/11\/logo-darzdrowia.webp","contentUrl":"https:\/\/darzdrowia.pl\/ciekawostki\/wp-content\/uploads\/2023\/11\/logo-darzdrowia.webp","width":744,"height":225,"caption":"Dar Zdrowia Drogeria - Blog"},"image":{"@id":"https:\/\/darzdrowia.pl\/ciekawostki\/#\/schema\/logo\/image\/"},"sameAs":["https:\/\/www.facebook.com\/profile.php?id=100063606935396"]},{"@type":"Person","@id":"https:\/\/darzdrowia.pl\/ciekawostki\/#\/schema\/person\/e75579d624630bf943ac69d374bb928e","name":"funkymedia","image":{"@type":"ImageObject","inLanguage":"pl-PL","@id":"https:\/\/darzdrowia.pl\/ciekawostki\/#\/schema\/person\/image\/","url":"https:\/\/secure.gravatar.com\/avatar\/393cb205b658aef6e3271ad5a92265e3e4433d2384bbe95524ba160d5bc20299?s=96&d=mm&r=g","contentUrl":"https:\/\/secure.gravatar.com\/avatar\/393cb205b658aef6e3271ad5a92265e3e4433d2384bbe95524ba160d5bc20299?s=96&d=mm&r=g","caption":"funkymedia"},"sameAs":["https:\/\/darzdrowia.pl\/ciekawostki"],"url":"https:\/\/darzdrowia.pl\/ciekawostki\/author\/funkymedia\/"}]}},"_links":{"self":[{"href":"https:\/\/darzdrowia.pl\/ciekawostki\/wp-json\/wp\/v2\/posts\/7707","targetHints":{"allow":["GET"]}}],"collection":[{"href":"https:\/\/darzdrowia.pl\/ciekawostki\/wp-json\/wp\/v2\/posts"}],"about":[{"href":"https:\/\/darzdrowia.pl\/ciekawostki\/wp-json\/wp\/v2\/types\/post"}],"author":[{"embeddable":true,"href":"https:\/\/darzdrowia.pl\/ciekawostki\/wp-json\/wp\/v2\/users\/1"}],"replies":[{"embeddable":true,"href":"https:\/\/darzdrowia.pl\/ciekawostki\/wp-json\/wp\/v2\/comments?post=7707"}],"version-history":[{"count":0,"href":"https:\/\/darzdrowia.pl\/ciekawostki\/wp-json\/wp\/v2\/posts\/7707\/revisions"}],"wp:attachment":[{"href":"https:\/\/darzdrowia.pl\/ciekawostki\/wp-json\/wp\/v2\/media?parent=7707"}],"wp:term":[{"taxonomy":"category","embeddable":true,"href":"https:\/\/darzdrowia.pl\/ciekawostki\/wp-json\/wp\/v2\/categories?post=7707"},{"taxonomy":"post_tag","embeddable":true,"href":"https:\/\/darzdrowia.pl\/ciekawostki\/wp-json\/wp\/v2\/tags?post=7707"}],"curies":[{"name":"wp","href":"https:\/\/api.w.org\/{rel}","templated":true}]}}