{"id":7669,"date":"2025-02-28T15:54:41","date_gmt":"2025-02-28T14:54:41","guid":{"rendered":"https:\/\/darzdrowia.pl\/ciekawostki\/maseczki-na-twarz-z-aloesem-naturalne-ukojenie-dla-skory\/"},"modified":"2025-02-28T15:54:41","modified_gmt":"2025-02-28T14:54:41","slug":"maseczki-na-twarz-z-aloesem-naturalne-ukojenie-dla-skory","status":"publish","type":"post","link":"https:\/\/darzdrowia.pl\/ciekawostki\/maseczki-na-twarz-z-aloesem-naturalne-ukojenie-dla-skory\/","title":{"rendered":"Maseczki na twarz z aloesem \u2013 naturalne ukojenie dla sk\u00f3ry"},"content":{"rendered":"\n<p>Maseczki na twarz z aloesem to doskona\u0142y spos\u00f3b na naturalne ukojenie i piel\u0119gnacj\u0119 sk\u00f3ry. Aloes, znany ze swoich w\u0142a\u015bciwo\u015bci \u0142agodz\u0105cych i nawil\u017caj\u0105cych, od wiek\u00f3w jest wykorzystywany w medycynie naturalnej oraz kosmetyce. Jego \u017celowa konsystencja jest bogata w witaminy, minera\u0142y i aminokwasy, kt\u00f3re wspieraj\u0105 regeneracj\u0119 sk\u00f3ry, redukuj\u0105 podra\u017cnienia oraz przywracaj\u0105 jej zdrowy blask. Maseczki z aloesem s\u0105 szczeg\u00f3lnie polecane dla os\u00f3b z cer\u0105 wra\u017cliw\u0105, sk\u0142onn\u0105 do zaczerwienie\u0144 czy przesusze\u0144. Dzi\u0119ki regularnemu stosowaniu takich maseczek mo\u017cna zauwa\u017cy\u0107 popraw\u0119 elastyczno\u015bci sk\u00f3ry oraz jej og\u00f3lnego wygl\u0105du. Wprowadzenie aloesu do codziennej rutyny piel\u0119gnacyjnej to krok ku bardziej naturalnej i skutecznej trosce o nasz\u0105 cer\u0119.<\/p>\n\n\n\n<h2 class=\"wp-block-heading\">Aloes w piel\u0119gnacji sk\u00f3ry: Jak maseczki z aloesem mog\u0105 przynie\u015b\u0107 ulg\u0119 i nawil\u017cenie Twojej cerze<\/h2>\n\n\n\n<p>Aloes jest ro\u015blin\u0105 znan\u0105 z licznych w\u0142a\u015bciwo\u015bci piel\u0119gnacyjnych, szczeg\u00f3lnie w kontek\u015bcie nawil\u017cania i \u0142agodzenia sk\u00f3ry. Maseczki z aloesem mog\u0105 by\u0107 skutecznym rozwi\u0105zaniem dla os\u00f3b poszukuj\u0105cych naturalnych metod piel\u0119gnacji cery. \u017bel aloesowy zawiera witaminy, minera\u0142y oraz aminokwasy, kt\u00f3re wspomagaj\u0105 regeneracj\u0119 nask\u00f3rka i przywracaj\u0105 jego elastyczno\u015b\u0107.<\/p>\n\n\n\n<p>Stosowanie maseczek z aloesem mo\u017ce przynie\u015b\u0107 ulg\u0119 sk\u00f3rze podra\u017cnionej, redukuj\u0105c zaczerwienienia i uczucie pieczenia. Dzi\u0119ki swoim w\u0142a\u015bciwo\u015bciom nawil\u017caj\u0105cym, aloes pomaga zatrzyma\u0107 wilgo\u0107 w sk\u00f3rze, co jest szczeg\u00f3lnie korzystne dla os\u00f3b z cer\u0105 such\u0105 lub odwodnion\u0105. Regularne stosowanie takich maseczek mo\u017ce poprawi\u0107 og\u00f3lny wygl\u0105d sk\u00f3ry, czyni\u0105c j\u0105 bardziej g\u0142adk\u0105 i promienn\u0105.<\/p>\n\n\n\n<p>Aby przygotowa\u0107 maseczk\u0119 z aloesem w domu, wystarczy zmiesza\u0107 \u015bwie\u017cy \u017cel aloesowy z innymi sk\u0142adnikami nawil\u017caj\u0105cymi, takimi jak mi\u00f3d czy jogurt naturalny. Na\u0142o\u017cy\u0107 na oczyszczon\u0105 sk\u00f3r\u0119 twarzy i pozostawi\u0107 na oko\u0142o 15-20 minut, a nast\u0119pnie sp\u0142uka\u0107 letni\u0105 wod\u0105. Taka piel\u0119gnacja mo\u017ce sta\u0107 si\u0119 cz\u0119\u015bci\u0105 regularnej rutyny dbania o cer\u0119, przynosz\u0105c d\u0142ugotrwa\u0142e korzy\u015bci.<\/p>\n\n\n\n<h2 class=\"wp-block-heading\">DIY: Jak przygotowa\u0107 domow\u0105 maseczk\u0119 z aloesem dla zdrowej i promiennej sk\u00f3ry<\/h2>\n\n\n\n<p>Sk\u0142adniki:<\/p>\n\n\n\n<p>&#8211; 2 \u0142y\u017cki \u017celu aloesowego<\/p>\n\n\n\n<p>&#8211; 1 \u0142y\u017cka miodu<\/p>\n\n\n\n<p>&#8211; 1 \u0142y\u017cka jogurtu naturalnego<\/p>\n\n\n\n<p>Instrukcje:<\/p>\n\n\n\n<p>1. W misce po\u0142\u0105cz \u017cel aloesowy, mi\u00f3d i jogurt.<\/p>\n\n\n\n<p>2. Mieszaj sk\u0142adniki do uzyskania jednolitej konsystencji.<\/p>\n\n\n\n<p>3. Na\u0142\u00f3\u017c maseczk\u0119 r\u00f3wnomiernie na oczyszczon\u0105 twarz, omijaj\u0105c okolice oczu.<\/p>\n\n\n\n<p>4. Pozostaw na sk\u00f3rze przez 15-20 minut.<\/p>\n\n\n\n<p>5. Sp\u0142ucz letni\u0105 wod\u0105 i delikatnie osusz twarz r\u0119cznikiem.<\/p>\n\n\n\n<p>Zalecenia: Stosuj maseczk\u0119 raz w tygodniu dla najlepszych efekt\u00f3w.<\/p>\n\n\n\n<h2 class=\"wp-block-heading\">Por\u00f3wnanie maseczek z aloesem dost\u0119pnych na rynku: Kt\u00f3re produkty warto wybra\u0107 dla najlepszego efektu?<\/h2>\n\n\n\n<p>1. **Holika Holika Aloe 99% Soothing Gel**<\/p>\n\n\n\n<p>&#8211; **Zalety**: Wysoka zawarto\u015b\u0107 aloesu, lekka konsystencja, szybkie wch\u0142anianie.<\/p>\n\n\n\n<p>&#8211; **Wady**: Mo\u017ce by\u0107 zbyt lekka dla bardzo suchej sk\u00f3ry.<\/p>\n\n\n\n<p>2. **Benton Aloe Soothing Mask Pack**<\/p>\n\n\n\n<p>&#8211; **Zalety**: Naturalne sk\u0142adniki, intensywne nawil\u017cenie, \u0142agodzenie podra\u017cnie\u0144.<\/p>\n\n\n\n<p>&#8211; **Wady**: Wy\u017csza cena.<\/p>\n\n\n\n<p>3. **Nature Republic Real Nature Aloe Mask Sheet**<\/p>\n\n\n\n<p>&#8211; **Zalety**: Przyst\u0119pna cena, \u0142atwo\u015b\u0107 u\u017cycia, przyjemny zapach.<\/p>\n\n\n\n<p>&#8211; **Wady**: Mniejsza zawarto\u015b\u0107 aloesu w por\u00f3wnaniu do konkurencji.<\/p>\n\n\n\n<p>4. **Innisfree My Real Squeeze Mask \u2013 Aloe**<\/p>\n\n\n\n<p>&#8211; **Zalety**: Ekologiczne opakowanie, delikatna formu\u0142a, od\u015bwie\u017caj\u0105cy efekt.<\/p>\n\n\n\n<p>&#8211; **Wady**: Mo\u017ce nie wystarczy\u0107 dla bardzo wymagaj\u0105cej sk\u00f3ry.<\/p>\n\n\n\n<p>5. **Missha Airy Fit Sheet Mask \u2013 Aloe**<\/p>\n\n\n\n<p>&#8211; **Zalety**: Cienki materia\u0142 maski, dobre przyleganie do twarzy, natychmiastowe ukojenie.<\/p>\n\n\n\n<p>&#8211; **Wady**: Kr\u00f3tkotrwa\u0142y efekt nawil\u017cenia.<\/p>\n\n\n\n<p>Rekomendacja zale\u017cy od indywidualnych potrzeb sk\u00f3ry i bud\u017cetu.<\/p>\n\n\n\n<p>Maseczki na twarz z aloesem stanowi\u0105 doskona\u0142e rozwi\u0105zanie dla os\u00f3b poszukuj\u0105cych naturalnych metod piel\u0119gnacji sk\u00f3ry. Aloes, znany ze swoich w\u0142a\u015bciwo\u015bci \u0142agodz\u0105cych i nawil\u017caj\u0105cych, jest idealnym sk\u0142adnikiem dla cery wymagaj\u0105cej ukojenia i regeneracji. Regularne stosowanie maseczek z aloesem mo\u017ce pom\u00f3c w redukcji podra\u017cnie\u0144, zaczerwienie\u0144 oraz wspiera\u0107 procesy gojenia si\u0119 sk\u00f3ry. Dodatkowo, dzi\u0119ki zawarto\u015bci witamin i minera\u0142\u00f3w, aloes wspomaga od\u017cywienie sk\u00f3ry, nadaj\u0105c jej zdrowy i promienny wygl\u0105d. Wybieraj\u0105c maseczki z aloesem, inwestujemy w naturaln\u0105 piel\u0119gnacj\u0119, kt\u00f3ra przynosi widoczne efekty i d\u0142ugotrwa\u0142e korzy\u015bci dla naszej cery.<\/p>\n","protected":false},"excerpt":{"rendered":"<p>Maseczki na twarz z aloesem to doskona\u0142y spos\u00f3b na naturalne ukojenie i piel\u0119gnacj\u0119 sk\u00f3ry. Aloes, znany ze swoich w\u0142a\u015bciwo\u015bci \u0142agodz\u0105cych i nawil\u017caj\u0105cych, od wiek\u00f3w jest wykorzystywany w medycynie naturalnej oraz kosmetyce. Jego \u017celowa konsystencja jest bogata w witaminy, minera\u0142y i aminokwasy, kt\u00f3re wspieraj\u0105 regeneracj\u0119 sk\u00f3ry, redukuj\u0105 podra\u017cnienia oraz przywracaj\u0105 jej zdrowy blask. Maseczki z aloesem [&hellip;]<\/p>\n","protected":false},"author":1,"featured_media":0,"comment_status":"","ping_status":"open","sticky":false,"template":"","format":"standard","meta":{"footnotes":""},"categories":[1],"tags":[],"class_list":["post-7669","post","type-post","status-publish","format-standard","hentry","category-bez-kategorii"],"fm_meta_title":"Maseczki na twarz z aloesem \u2013 naturalne ukojenie dla sk\u00f3ry","fm_meta_description":"Odkryj maseczki z aloesem \u2013 naturalne ukojenie dla Twojej sk\u00f3ry. Nawil\u017cenie, regeneracja i \u015bwie\u017co\u015b\u0107 w jednym! Sprawd\u017a, jak dzia\u0142a aloes na Twoj\u0105 cer\u0119.","yoast_head":"<!-- This site is optimized with the Yoast SEO plugin v21.5 - https:\/\/yoast.com\/wordpress\/plugins\/seo\/ -->\n<title>Maseczki na twarz z aloesem \u2013 naturalne ukojenie dla sk\u00f3ry<\/title>\n<meta name=\"description\" content=\"Odkryj maseczki z aloesem \u2013 naturalne ukojenie dla Twojej sk\u00f3ry. Nawil\u017cenie, regeneracja i \u015bwie\u017co\u015b\u0107 w jednym! Sprawd\u017a, jak dzia\u0142a aloes na Twoj\u0105 cer\u0119.\" \/>\n<meta name=\"robots\" content=\"index, follow, max-snippet:-1, max-image-preview:large, max-video-preview:-1\" \/>\n<link rel=\"canonical\" href=\"https:\/\/darzdrowia.pl\/ciekawostki\/maseczki-na-twarz-z-aloesem-naturalne-ukojenie-dla-skory\/\" \/>\n<meta property=\"og:locale\" content=\"pl_PL\" \/>\n<meta property=\"og:type\" content=\"article\" \/>\n<meta property=\"og:title\" content=\"Maseczki na twarz z aloesem \u2013 naturalne ukojenie dla sk\u00f3ry\" \/>\n<meta property=\"og:description\" content=\"Odkryj maseczki z aloesem \u2013 naturalne ukojenie dla Twojej sk\u00f3ry. Nawil\u017cenie, regeneracja i \u015bwie\u017co\u015b\u0107 w jednym! Sprawd\u017a, jak dzia\u0142a aloes na Twoj\u0105 cer\u0119.\" \/>\n<meta property=\"og:url\" content=\"https:\/\/darzdrowia.pl\/ciekawostki\/maseczki-na-twarz-z-aloesem-naturalne-ukojenie-dla-skory\/\" \/>\n<meta property=\"og:site_name\" content=\"Dar Zdrowia Drogeria - Blog\" \/>\n<meta property=\"article:publisher\" content=\"https:\/\/www.facebook.com\/profile.php?id=100063606935396\" \/>\n<meta property=\"article:published_time\" content=\"2025-02-28T14:54:41+00:00\" \/>\n<meta name=\"author\" content=\"funkymedia\" \/>\n<meta name=\"twitter:card\" content=\"summary_large_image\" \/>\n<meta name=\"twitter:label1\" content=\"Napisane przez\" \/>\n\t<meta name=\"twitter:data1\" content=\"funkymedia\" \/>\n\t<meta name=\"twitter:label2\" content=\"Szacowany czas czytania\" \/>\n\t<meta name=\"twitter:data2\" content=\"4 minuty\" \/>\n<script type=\"application\/ld+json\" class=\"yoast-schema-graph\">{\"@context\":\"https:\/\/schema.org\",\"@graph\":[{\"@type\":\"Article\",\"@id\":\"https:\/\/darzdrowia.pl\/ciekawostki\/maseczki-na-twarz-z-aloesem-naturalne-ukojenie-dla-skory\/#article\",\"isPartOf\":{\"@id\":\"https:\/\/darzdrowia.pl\/ciekawostki\/maseczki-na-twarz-z-aloesem-naturalne-ukojenie-dla-skory\/\"},\"author\":{\"name\":\"funkymedia\",\"@id\":\"https:\/\/darzdrowia.pl\/ciekawostki\/#\/schema\/person\/e75579d624630bf943ac69d374bb928e\"},\"headline\":\"Maseczki na twarz z aloesem \u2013 naturalne ukojenie dla sk\u00f3ry\",\"datePublished\":\"2025-02-28T14:54:41+00:00\",\"dateModified\":\"2025-02-28T14:54:41+00:00\",\"mainEntityOfPage\":{\"@id\":\"https:\/\/darzdrowia.pl\/ciekawostki\/maseczki-na-twarz-z-aloesem-naturalne-ukojenie-dla-skory\/\"},\"wordCount\":710,\"publisher\":{\"@id\":\"https:\/\/darzdrowia.pl\/ciekawostki\/#organization\"},\"inLanguage\":\"pl-PL\"},{\"@type\":\"WebPage\",\"@id\":\"https:\/\/darzdrowia.pl\/ciekawostki\/maseczki-na-twarz-z-aloesem-naturalne-ukojenie-dla-skory\/\",\"url\":\"https:\/\/darzdrowia.pl\/ciekawostki\/maseczki-na-twarz-z-aloesem-naturalne-ukojenie-dla-skory\/\",\"name\":\"Maseczki na twarz z aloesem \u2013 naturalne ukojenie dla sk\u00f3ry\",\"isPartOf\":{\"@id\":\"https:\/\/darzdrowia.pl\/ciekawostki\/#website\"},\"datePublished\":\"2025-02-28T14:54:41+00:00\",\"dateModified\":\"2025-02-28T14:54:41+00:00\",\"description\":\"Odkryj maseczki z aloesem \u2013 naturalne ukojenie dla Twojej sk\u00f3ry. Nawil\u017cenie, regeneracja i \u015bwie\u017co\u015b\u0107 w jednym! Sprawd\u017a, jak dzia\u0142a aloes na Twoj\u0105 cer\u0119.\",\"breadcrumb\":{\"@id\":\"https:\/\/darzdrowia.pl\/ciekawostki\/maseczki-na-twarz-z-aloesem-naturalne-ukojenie-dla-skory\/#breadcrumb\"},\"inLanguage\":\"pl-PL\",\"potentialAction\":[{\"@type\":\"ReadAction\",\"target\":[\"https:\/\/darzdrowia.pl\/ciekawostki\/maseczki-na-twarz-z-aloesem-naturalne-ukojenie-dla-skory\/\"]}]},{\"@type\":\"BreadcrumbList\",\"@id\":\"https:\/\/darzdrowia.pl\/ciekawostki\/maseczki-na-twarz-z-aloesem-naturalne-ukojenie-dla-skory\/#breadcrumb\",\"itemListElement\":[{\"@type\":\"ListItem\",\"position\":1,\"name\":\"Strona g\u0142\u00f3wna\",\"item\":\"https:\/\/darzdrowia.pl\/ciekawostki\/\"},{\"@type\":\"ListItem\",\"position\":2,\"name\":\"Maseczki na twarz z aloesem \u2013 naturalne ukojenie dla sk\u00f3ry\"}]},{\"@type\":\"WebSite\",\"@id\":\"https:\/\/darzdrowia.pl\/ciekawostki\/#website\",\"url\":\"https:\/\/darzdrowia.pl\/ciekawostki\/\",\"name\":\"Dar Zdrowia Drogeria - Blog\",\"description\":\"\",\"publisher\":{\"@id\":\"https:\/\/darzdrowia.pl\/ciekawostki\/#organization\"},\"potentialAction\":[{\"@type\":\"SearchAction\",\"target\":{\"@type\":\"EntryPoint\",\"urlTemplate\":\"https:\/\/darzdrowia.pl\/ciekawostki\/?s={search_term_string}\"},\"query-input\":\"required name=search_term_string\"}],\"inLanguage\":\"pl-PL\"},{\"@type\":\"Organization\",\"@id\":\"https:\/\/darzdrowia.pl\/ciekawostki\/#organization\",\"name\":\"Dar Zdrowia Drogeria - Blog\",\"url\":\"https:\/\/darzdrowia.pl\/ciekawostki\/\",\"logo\":{\"@type\":\"ImageObject\",\"inLanguage\":\"pl-PL\",\"@id\":\"https:\/\/darzdrowia.pl\/ciekawostki\/#\/schema\/logo\/image\/\",\"url\":\"https:\/\/darzdrowia.pl\/ciekawostki\/wp-content\/uploads\/2023\/11\/logo-darzdrowia.webp\",\"contentUrl\":\"https:\/\/darzdrowia.pl\/ciekawostki\/wp-content\/uploads\/2023\/11\/logo-darzdrowia.webp\",\"width\":744,\"height\":225,\"caption\":\"Dar Zdrowia Drogeria - Blog\"},\"image\":{\"@id\":\"https:\/\/darzdrowia.pl\/ciekawostki\/#\/schema\/logo\/image\/\"},\"sameAs\":[\"https:\/\/www.facebook.com\/profile.php?id=100063606935396\"]},{\"@type\":\"Person\",\"@id\":\"https:\/\/darzdrowia.pl\/ciekawostki\/#\/schema\/person\/e75579d624630bf943ac69d374bb928e\",\"name\":\"funkymedia\",\"image\":{\"@type\":\"ImageObject\",\"inLanguage\":\"pl-PL\",\"@id\":\"https:\/\/darzdrowia.pl\/ciekawostki\/#\/schema\/person\/image\/\",\"url\":\"https:\/\/secure.gravatar.com\/avatar\/393cb205b658aef6e3271ad5a92265e3e4433d2384bbe95524ba160d5bc20299?s=96&d=mm&r=g\",\"contentUrl\":\"https:\/\/secure.gravatar.com\/avatar\/393cb205b658aef6e3271ad5a92265e3e4433d2384bbe95524ba160d5bc20299?s=96&d=mm&r=g\",\"caption\":\"funkymedia\"},\"sameAs\":[\"https:\/\/darzdrowia.pl\/ciekawostki\"],\"url\":\"https:\/\/darzdrowia.pl\/ciekawostki\/author\/funkymedia\/\"}]}<\/script>\n<!-- \/ Yoast SEO plugin. -->","yoast_head_json":{"title":"Maseczki na twarz z aloesem \u2013 naturalne ukojenie dla sk\u00f3ry","description":"Odkryj maseczki z aloesem \u2013 naturalne ukojenie dla Twojej sk\u00f3ry. Nawil\u017cenie, regeneracja i \u015bwie\u017co\u015b\u0107 w jednym! Sprawd\u017a, jak dzia\u0142a aloes na Twoj\u0105 cer\u0119.","robots":{"index":"index","follow":"follow","max-snippet":"max-snippet:-1","max-image-preview":"max-image-preview:large","max-video-preview":"max-video-preview:-1"},"canonical":"https:\/\/darzdrowia.pl\/ciekawostki\/maseczki-na-twarz-z-aloesem-naturalne-ukojenie-dla-skory\/","og_locale":"pl_PL","og_type":"article","og_title":"Maseczki na twarz z aloesem \u2013 naturalne ukojenie dla sk\u00f3ry","og_description":"Odkryj maseczki z aloesem \u2013 naturalne ukojenie dla Twojej sk\u00f3ry. Nawil\u017cenie, regeneracja i \u015bwie\u017co\u015b\u0107 w jednym! Sprawd\u017a, jak dzia\u0142a aloes na Twoj\u0105 cer\u0119.","og_url":"https:\/\/darzdrowia.pl\/ciekawostki\/maseczki-na-twarz-z-aloesem-naturalne-ukojenie-dla-skory\/","og_site_name":"Dar Zdrowia Drogeria - Blog","article_publisher":"https:\/\/www.facebook.com\/profile.php?id=100063606935396","article_published_time":"2025-02-28T14:54:41+00:00","author":"funkymedia","twitter_card":"summary_large_image","twitter_misc":{"Napisane przez":"funkymedia","Szacowany czas czytania":"4 minuty"},"schema":{"@context":"https:\/\/schema.org","@graph":[{"@type":"Article","@id":"https:\/\/darzdrowia.pl\/ciekawostki\/maseczki-na-twarz-z-aloesem-naturalne-ukojenie-dla-skory\/#article","isPartOf":{"@id":"https:\/\/darzdrowia.pl\/ciekawostki\/maseczki-na-twarz-z-aloesem-naturalne-ukojenie-dla-skory\/"},"author":{"name":"funkymedia","@id":"https:\/\/darzdrowia.pl\/ciekawostki\/#\/schema\/person\/e75579d624630bf943ac69d374bb928e"},"headline":"Maseczki na twarz z aloesem \u2013 naturalne ukojenie dla sk\u00f3ry","datePublished":"2025-02-28T14:54:41+00:00","dateModified":"2025-02-28T14:54:41+00:00","mainEntityOfPage":{"@id":"https:\/\/darzdrowia.pl\/ciekawostki\/maseczki-na-twarz-z-aloesem-naturalne-ukojenie-dla-skory\/"},"wordCount":710,"publisher":{"@id":"https:\/\/darzdrowia.pl\/ciekawostki\/#organization"},"inLanguage":"pl-PL"},{"@type":"WebPage","@id":"https:\/\/darzdrowia.pl\/ciekawostki\/maseczki-na-twarz-z-aloesem-naturalne-ukojenie-dla-skory\/","url":"https:\/\/darzdrowia.pl\/ciekawostki\/maseczki-na-twarz-z-aloesem-naturalne-ukojenie-dla-skory\/","name":"Maseczki na twarz z aloesem \u2013 naturalne ukojenie dla sk\u00f3ry","isPartOf":{"@id":"https:\/\/darzdrowia.pl\/ciekawostki\/#website"},"datePublished":"2025-02-28T14:54:41+00:00","dateModified":"2025-02-28T14:54:41+00:00","description":"Odkryj maseczki z aloesem \u2013 naturalne ukojenie dla Twojej sk\u00f3ry. Nawil\u017cenie, regeneracja i \u015bwie\u017co\u015b\u0107 w jednym! Sprawd\u017a, jak dzia\u0142a aloes na Twoj\u0105 cer\u0119.","breadcrumb":{"@id":"https:\/\/darzdrowia.pl\/ciekawostki\/maseczki-na-twarz-z-aloesem-naturalne-ukojenie-dla-skory\/#breadcrumb"},"inLanguage":"pl-PL","potentialAction":[{"@type":"ReadAction","target":["https:\/\/darzdrowia.pl\/ciekawostki\/maseczki-na-twarz-z-aloesem-naturalne-ukojenie-dla-skory\/"]}]},{"@type":"BreadcrumbList","@id":"https:\/\/darzdrowia.pl\/ciekawostki\/maseczki-na-twarz-z-aloesem-naturalne-ukojenie-dla-skory\/#breadcrumb","itemListElement":[{"@type":"ListItem","position":1,"name":"Strona g\u0142\u00f3wna","item":"https:\/\/darzdrowia.pl\/ciekawostki\/"},{"@type":"ListItem","position":2,"name":"Maseczki na twarz z aloesem \u2013 naturalne ukojenie dla sk\u00f3ry"}]},{"@type":"WebSite","@id":"https:\/\/darzdrowia.pl\/ciekawostki\/#website","url":"https:\/\/darzdrowia.pl\/ciekawostki\/","name":"Dar Zdrowia Drogeria - Blog","description":"","publisher":{"@id":"https:\/\/darzdrowia.pl\/ciekawostki\/#organization"},"potentialAction":[{"@type":"SearchAction","target":{"@type":"EntryPoint","urlTemplate":"https:\/\/darzdrowia.pl\/ciekawostki\/?s={search_term_string}"},"query-input":"required name=search_term_string"}],"inLanguage":"pl-PL"},{"@type":"Organization","@id":"https:\/\/darzdrowia.pl\/ciekawostki\/#organization","name":"Dar Zdrowia Drogeria - Blog","url":"https:\/\/darzdrowia.pl\/ciekawostki\/","logo":{"@type":"ImageObject","inLanguage":"pl-PL","@id":"https:\/\/darzdrowia.pl\/ciekawostki\/#\/schema\/logo\/image\/","url":"https:\/\/darzdrowia.pl\/ciekawostki\/wp-content\/uploads\/2023\/11\/logo-darzdrowia.webp","contentUrl":"https:\/\/darzdrowia.pl\/ciekawostki\/wp-content\/uploads\/2023\/11\/logo-darzdrowia.webp","width":744,"height":225,"caption":"Dar Zdrowia Drogeria - Blog"},"image":{"@id":"https:\/\/darzdrowia.pl\/ciekawostki\/#\/schema\/logo\/image\/"},"sameAs":["https:\/\/www.facebook.com\/profile.php?id=100063606935396"]},{"@type":"Person","@id":"https:\/\/darzdrowia.pl\/ciekawostki\/#\/schema\/person\/e75579d624630bf943ac69d374bb928e","name":"funkymedia","image":{"@type":"ImageObject","inLanguage":"pl-PL","@id":"https:\/\/darzdrowia.pl\/ciekawostki\/#\/schema\/person\/image\/","url":"https:\/\/secure.gravatar.com\/avatar\/393cb205b658aef6e3271ad5a92265e3e4433d2384bbe95524ba160d5bc20299?s=96&d=mm&r=g","contentUrl":"https:\/\/secure.gravatar.com\/avatar\/393cb205b658aef6e3271ad5a92265e3e4433d2384bbe95524ba160d5bc20299?s=96&d=mm&r=g","caption":"funkymedia"},"sameAs":["https:\/\/darzdrowia.pl\/ciekawostki"],"url":"https:\/\/darzdrowia.pl\/ciekawostki\/author\/funkymedia\/"}]}},"_links":{"self":[{"href":"https:\/\/darzdrowia.pl\/ciekawostki\/wp-json\/wp\/v2\/posts\/7669","targetHints":{"allow":["GET"]}}],"collection":[{"href":"https:\/\/darzdrowia.pl\/ciekawostki\/wp-json\/wp\/v2\/posts"}],"about":[{"href":"https:\/\/darzdrowia.pl\/ciekawostki\/wp-json\/wp\/v2\/types\/post"}],"author":[{"embeddable":true,"href":"https:\/\/darzdrowia.pl\/ciekawostki\/wp-json\/wp\/v2\/users\/1"}],"replies":[{"embeddable":true,"href":"https:\/\/darzdrowia.pl\/ciekawostki\/wp-json\/wp\/v2\/comments?post=7669"}],"version-history":[{"count":0,"href":"https:\/\/darzdrowia.pl\/ciekawostki\/wp-json\/wp\/v2\/posts\/7669\/revisions"}],"wp:attachment":[{"href":"https:\/\/darzdrowia.pl\/ciekawostki\/wp-json\/wp\/v2\/media?parent=7669"}],"wp:term":[{"taxonomy":"category","embeddable":true,"href":"https:\/\/darzdrowia.pl\/ciekawostki\/wp-json\/wp\/v2\/categories?post=7669"},{"taxonomy":"post_tag","embeddable":true,"href":"https:\/\/darzdrowia.pl\/ciekawostki\/wp-json\/wp\/v2\/tags?post=7669"}],"curies":[{"name":"wp","href":"https:\/\/api.w.org\/{rel}","templated":true}]}}