{"id":7656,"date":"2025-02-28T15:50:41","date_gmt":"2025-02-28T14:50:41","guid":{"rendered":"https:\/\/darzdrowia.pl\/ciekawostki\/czy-krem-z-filtrem-50-do-twarzy-mozna-stosowac-na-noc\/"},"modified":"2025-02-28T15:50:41","modified_gmt":"2025-02-28T14:50:41","slug":"czy-krem-z-filtrem-50-do-twarzy-mozna-stosowac-na-noc","status":"publish","type":"post","link":"https:\/\/darzdrowia.pl\/ciekawostki\/czy-krem-z-filtrem-50-do-twarzy-mozna-stosowac-na-noc\/","title":{"rendered":"Czy krem z filtrem 50 do twarzy mo\u017cna stosowa\u0107 na noc?"},"content":{"rendered":"\n<p>Stosowanie kremu z filtrem przeciws\u0142onecznym jest kluczowym elementem codziennej piel\u0119gnacji sk\u00f3ry, chroni\u0105cym j\u0105 przed szkodliwym dzia\u0142aniem promieniowania UV. Wiele os\u00f3b zastanawia si\u0119 jednak, czy krem z filtrem SPF 50, kt\u00f3ry zapewnia wysok\u0105 ochron\u0119 w ci\u0105gu dnia, mo\u017cna r\u00f3wnie\u017c stosowa\u0107 na noc. Wprowadzenie do tego tematu wymaga zrozumienia funkcji i sk\u0142adu takich produkt\u00f3w oraz ich wp\u0142ywu na sk\u00f3r\u0119 w r\u00f3\u017cnych porach dnia. Czy aplikacja kremu z filtrem na noc ma sens i jakie mog\u0105 by\u0107 tego konsekwencje dla naszej cery? Przyjrzyjmy si\u0119 bli\u017cej temu zagadnieniu, aby rozwia\u0107 wszelkie w\u0105tpliwo\u015bci i podj\u0105\u0107 \u015bwiadome decyzje dotycz\u0105ce piel\u0119gnacji sk\u00f3ry.<\/p>\n\n\n\n<h2 class=\"wp-block-heading\">Czy stosowanie kremu z filtrem 50 na noc ma sens? Fakty i mity dotycz\u0105ce piel\u0119gnacji sk\u00f3ry<\/h2>\n\n\n\n<p>Stosowanie kremu z filtrem 50 na noc nie ma sensu. Filtry przeciws\u0142oneczne s\u0105 zaprojektowane do ochrony sk\u00f3ry przed promieniowaniem UV, kt\u00f3re wyst\u0119puje g\u0142\u00f3wnie w ci\u0105gu dnia. W nocy sk\u00f3ra nie jest nara\u017cona na dzia\u0142anie s\u0142o\u0144ca, wi\u0119c u\u017cycie takiego produktu jest zb\u0119dne.<\/p>\n\n\n\n<p>Fakty:<\/p>\n\n\n\n<p>1. Filtry UV chroni\u0105 przed uszkodzeniami s\u0142onecznymi i fotostarzeniem.<\/p>\n\n\n\n<p>2. Kremy z filtrem powinny by\u0107 stosowane codziennie rano, niezale\u017cnie od pogody.<\/p>\n\n\n\n<p>Mity:<\/p>\n\n\n\n<p>1. Filtr 50 blokuje 100% promieni UV \u2013 w rzeczywisto\u015bci blokuje oko\u0142o 98%.<\/p>\n\n\n\n<p>2. Stosowanie filtra na noc poprawia kondycj\u0119 sk\u00f3ry \u2013 brak dowod\u00f3w naukowych.<\/p>\n\n\n\n<p>Podsumowuj\u0105c, kremy z filtrem s\u0105 kluczowe w dziennej piel\u0119gnacji, ale nie maj\u0105 zastosowania noc\u0105.<\/p>\n\n\n\n<h2 class=\"wp-block-heading\">Krem z filtrem 50 na noc: Czy to nowy trend w piel\u0119gnacji, czy zb\u0119dny krok?<\/h2>\n\n\n\n<p>Stosowanie kremu z filtrem 50 na noc nie jest powszechnie uznawanym trendem w piel\u0119gnacji sk\u00f3ry. Filtry przeciws\u0142oneczne s\u0105 zaprojektowane, aby chroni\u0107 sk\u00f3r\u0119 przed promieniowaniem UV, kt\u00f3re wyst\u0119puje g\u0142\u00f3wnie w ci\u0105gu dnia. W nocy sk\u00f3ra nie jest nara\u017cona na dzia\u0142anie s\u0142o\u0144ca, co sprawia, \u017ce u\u017cycie kremu z filtrem mo\u017ce by\u0107 zb\u0119dne. Dermatolodzy zazwyczaj zalecaj\u0105 stosowanie produkt\u00f3w nawil\u017caj\u0105cych i regeneruj\u0105cych na noc, kt\u00f3re wspieraj\u0105 naturalne procesy odnowy sk\u00f3ry. Jednak\u017ce niekt\u00f3rzy mog\u0105 decydowa\u0107 si\u0119 na takie rozwi\u0105zanie ze wzgl\u0119du na inne sk\u0142adniki zawarte w kremie, kt\u00f3re mog\u0105 mie\u0107 korzystny wp\u0142yw na sk\u00f3r\u0119.<\/p>\n\n\n\n<h2 class=\"wp-block-heading\">Nocna rutyna piel\u0119gnacyjna: Dlaczego krem z filtrem 50 nie jest potrzebny po zmroku?<\/h2>\n\n\n\n<p>Krem z filtrem SPF 50 jest przeznaczony do ochrony sk\u00f3ry przed promieniowaniem UV, kt\u00f3re jest obecne w \u015bwietle s\u0142onecznym. Po zmroku, gdy s\u0142o\u0144ce ju\u017c nie \u015bwieci, promieniowanie UV nie wyst\u0119puje. Dlatego stosowanie kremu z filtrem w nocy jest zb\u0119dne. Nocna rutyna piel\u0119gnacyjna powinna skupia\u0107 si\u0119 na regeneracji i nawil\u017ceniu sk\u00f3ry, a nie na ochronie przed s\u0142o\u0144cem. Warto wtedy u\u017cywa\u0107 produkt\u00f3w takich jak serum, kremy nawil\u017caj\u0105ce czy olejki od\u017cywcze, kt\u00f3re wspieraj\u0105 procesy naprawcze sk\u00f3ry podczas snu.<\/p>\n\n\n\n<p>Stosowanie kremu z filtrem 50 do twarzy na noc nie jest konieczne ani zalecane. Filtry przeciws\u0142oneczne s\u0105 zaprojektowane, aby chroni\u0107 sk\u00f3r\u0119 przed promieniowaniem UV, kt\u00f3re wyst\u0119puje g\u0142\u00f3wnie w ci\u0105gu dnia. W nocy, gdy nie jeste\u015bmy nara\u017ceni na dzia\u0142anie s\u0142o\u0144ca, stosowanie takich produkt\u00f3w nie przynosi korzy\u015bci ochronnych. Zamiast tego, warto skupi\u0107 si\u0119 na produktach piel\u0119gnacyjnych dostosowanych do nocnej regeneracji sk\u00f3ry, takich jak kremy nawil\u017caj\u0105ce czy serum z aktywnymi sk\u0142adnikami od\u017cywczymi. Dzi\u0119ki temu sk\u00f3ra mo\u017ce si\u0119 skutecznie regenerowa\u0107 i przygotowywa\u0107 na kolejny dzie\u0144.<\/p>\n","protected":false},"excerpt":{"rendered":"<p>Stosowanie kremu z filtrem przeciws\u0142onecznym jest kluczowym elementem codziennej piel\u0119gnacji sk\u00f3ry, chroni\u0105cym j\u0105 przed szkodliwym dzia\u0142aniem promieniowania UV. Wiele os\u00f3b zastanawia si\u0119 jednak, czy krem z filtrem SPF 50, kt\u00f3ry zapewnia wysok\u0105 ochron\u0119 w ci\u0105gu dnia, mo\u017cna r\u00f3wnie\u017c stosowa\u0107 na noc. Wprowadzenie do tego tematu wymaga zrozumienia funkcji i sk\u0142adu takich produkt\u00f3w oraz ich wp\u0142ywu [&hellip;]<\/p>\n","protected":false},"author":1,"featured_media":0,"comment_status":"","ping_status":"open","sticky":false,"template":"","format":"standard","meta":{"footnotes":""},"categories":[1],"tags":[],"class_list":["post-7656","post","type-post","status-publish","format-standard","hentry","category-bez-kategorii"],"fm_meta_title":"Czy krem z filtrem 50 do twarzy mo\u017cna stosowa\u0107 na noc?","fm_meta_description":"Dowiedz si\u0119, czy krem z filtrem 50 do twarzy jest odpowiedni na noc. Odkryj korzy\u015bci i potencjalne skutki uboczne stosowania go przed snem!","yoast_head":"<!-- This site is optimized with the Yoast SEO plugin v21.5 - https:\/\/yoast.com\/wordpress\/plugins\/seo\/ -->\n<title>Czy krem z filtrem 50 do twarzy mo\u017cna stosowa\u0107 na noc?<\/title>\n<meta name=\"description\" content=\"Dowiedz si\u0119, czy krem z filtrem 50 do twarzy jest odpowiedni na noc. Odkryj korzy\u015bci i potencjalne skutki uboczne stosowania go przed snem!\" \/>\n<meta name=\"robots\" content=\"index, follow, max-snippet:-1, max-image-preview:large, max-video-preview:-1\" \/>\n<link rel=\"canonical\" href=\"https:\/\/darzdrowia.pl\/ciekawostki\/czy-krem-z-filtrem-50-do-twarzy-mozna-stosowac-na-noc\/\" \/>\n<meta property=\"og:locale\" content=\"pl_PL\" \/>\n<meta property=\"og:type\" content=\"article\" \/>\n<meta property=\"og:title\" content=\"Czy krem z filtrem 50 do twarzy mo\u017cna stosowa\u0107 na noc?\" \/>\n<meta property=\"og:description\" content=\"Dowiedz si\u0119, czy krem z filtrem 50 do twarzy jest odpowiedni na noc. Odkryj korzy\u015bci i potencjalne skutki uboczne stosowania go przed snem!\" \/>\n<meta property=\"og:url\" content=\"https:\/\/darzdrowia.pl\/ciekawostki\/czy-krem-z-filtrem-50-do-twarzy-mozna-stosowac-na-noc\/\" \/>\n<meta property=\"og:site_name\" content=\"Dar Zdrowia Drogeria - Blog\" \/>\n<meta property=\"article:publisher\" content=\"https:\/\/www.facebook.com\/profile.php?id=100063606935396\" \/>\n<meta property=\"article:published_time\" content=\"2025-02-28T14:50:41+00:00\" \/>\n<meta name=\"author\" content=\"funkymedia\" \/>\n<meta name=\"twitter:card\" content=\"summary_large_image\" \/>\n<meta name=\"twitter:label1\" content=\"Napisane przez\" \/>\n\t<meta name=\"twitter:data1\" content=\"funkymedia\" \/>\n\t<meta name=\"twitter:label2\" content=\"Szacowany czas czytania\" \/>\n\t<meta name=\"twitter:data2\" content=\"3 minuty\" \/>\n<script type=\"application\/ld+json\" class=\"yoast-schema-graph\">{\"@context\":\"https:\/\/schema.org\",\"@graph\":[{\"@type\":\"Article\",\"@id\":\"https:\/\/darzdrowia.pl\/ciekawostki\/czy-krem-z-filtrem-50-do-twarzy-mozna-stosowac-na-noc\/#article\",\"isPartOf\":{\"@id\":\"https:\/\/darzdrowia.pl\/ciekawostki\/czy-krem-z-filtrem-50-do-twarzy-mozna-stosowac-na-noc\/\"},\"author\":{\"name\":\"funkymedia\",\"@id\":\"https:\/\/darzdrowia.pl\/ciekawostki\/#\/schema\/person\/e75579d624630bf943ac69d374bb928e\"},\"headline\":\"Czy krem z filtrem 50 do twarzy mo\u017cna stosowa\u0107 na noc?\",\"datePublished\":\"2025-02-28T14:50:41+00:00\",\"dateModified\":\"2025-02-28T14:50:41+00:00\",\"mainEntityOfPage\":{\"@id\":\"https:\/\/darzdrowia.pl\/ciekawostki\/czy-krem-z-filtrem-50-do-twarzy-mozna-stosowac-na-noc\/\"},\"wordCount\":601,\"publisher\":{\"@id\":\"https:\/\/darzdrowia.pl\/ciekawostki\/#organization\"},\"inLanguage\":\"pl-PL\"},{\"@type\":\"WebPage\",\"@id\":\"https:\/\/darzdrowia.pl\/ciekawostki\/czy-krem-z-filtrem-50-do-twarzy-mozna-stosowac-na-noc\/\",\"url\":\"https:\/\/darzdrowia.pl\/ciekawostki\/czy-krem-z-filtrem-50-do-twarzy-mozna-stosowac-na-noc\/\",\"name\":\"Czy krem z filtrem 50 do twarzy mo\u017cna stosowa\u0107 na noc?\",\"isPartOf\":{\"@id\":\"https:\/\/darzdrowia.pl\/ciekawostki\/#website\"},\"datePublished\":\"2025-02-28T14:50:41+00:00\",\"dateModified\":\"2025-02-28T14:50:41+00:00\",\"description\":\"Dowiedz si\u0119, czy krem z filtrem 50 do twarzy jest odpowiedni na noc. Odkryj korzy\u015bci i potencjalne skutki uboczne stosowania go przed snem!\",\"breadcrumb\":{\"@id\":\"https:\/\/darzdrowia.pl\/ciekawostki\/czy-krem-z-filtrem-50-do-twarzy-mozna-stosowac-na-noc\/#breadcrumb\"},\"inLanguage\":\"pl-PL\",\"potentialAction\":[{\"@type\":\"ReadAction\",\"target\":[\"https:\/\/darzdrowia.pl\/ciekawostki\/czy-krem-z-filtrem-50-do-twarzy-mozna-stosowac-na-noc\/\"]}]},{\"@type\":\"BreadcrumbList\",\"@id\":\"https:\/\/darzdrowia.pl\/ciekawostki\/czy-krem-z-filtrem-50-do-twarzy-mozna-stosowac-na-noc\/#breadcrumb\",\"itemListElement\":[{\"@type\":\"ListItem\",\"position\":1,\"name\":\"Strona g\u0142\u00f3wna\",\"item\":\"https:\/\/darzdrowia.pl\/ciekawostki\/\"},{\"@type\":\"ListItem\",\"position\":2,\"name\":\"Czy krem z filtrem 50 do twarzy mo\u017cna stosowa\u0107 na noc?\"}]},{\"@type\":\"WebSite\",\"@id\":\"https:\/\/darzdrowia.pl\/ciekawostki\/#website\",\"url\":\"https:\/\/darzdrowia.pl\/ciekawostki\/\",\"name\":\"Dar Zdrowia Drogeria - Blog\",\"description\":\"\",\"publisher\":{\"@id\":\"https:\/\/darzdrowia.pl\/ciekawostki\/#organization\"},\"potentialAction\":[{\"@type\":\"SearchAction\",\"target\":{\"@type\":\"EntryPoint\",\"urlTemplate\":\"https:\/\/darzdrowia.pl\/ciekawostki\/?s={search_term_string}\"},\"query-input\":\"required name=search_term_string\"}],\"inLanguage\":\"pl-PL\"},{\"@type\":\"Organization\",\"@id\":\"https:\/\/darzdrowia.pl\/ciekawostki\/#organization\",\"name\":\"Dar Zdrowia Drogeria - Blog\",\"url\":\"https:\/\/darzdrowia.pl\/ciekawostki\/\",\"logo\":{\"@type\":\"ImageObject\",\"inLanguage\":\"pl-PL\",\"@id\":\"https:\/\/darzdrowia.pl\/ciekawostki\/#\/schema\/logo\/image\/\",\"url\":\"https:\/\/darzdrowia.pl\/ciekawostki\/wp-content\/uploads\/2023\/11\/logo-darzdrowia.webp\",\"contentUrl\":\"https:\/\/darzdrowia.pl\/ciekawostki\/wp-content\/uploads\/2023\/11\/logo-darzdrowia.webp\",\"width\":744,\"height\":225,\"caption\":\"Dar Zdrowia Drogeria - Blog\"},\"image\":{\"@id\":\"https:\/\/darzdrowia.pl\/ciekawostki\/#\/schema\/logo\/image\/\"},\"sameAs\":[\"https:\/\/www.facebook.com\/profile.php?id=100063606935396\"]},{\"@type\":\"Person\",\"@id\":\"https:\/\/darzdrowia.pl\/ciekawostki\/#\/schema\/person\/e75579d624630bf943ac69d374bb928e\",\"name\":\"funkymedia\",\"image\":{\"@type\":\"ImageObject\",\"inLanguage\":\"pl-PL\",\"@id\":\"https:\/\/darzdrowia.pl\/ciekawostki\/#\/schema\/person\/image\/\",\"url\":\"https:\/\/secure.gravatar.com\/avatar\/393cb205b658aef6e3271ad5a92265e3e4433d2384bbe95524ba160d5bc20299?s=96&d=mm&r=g\",\"contentUrl\":\"https:\/\/secure.gravatar.com\/avatar\/393cb205b658aef6e3271ad5a92265e3e4433d2384bbe95524ba160d5bc20299?s=96&d=mm&r=g\",\"caption\":\"funkymedia\"},\"sameAs\":[\"https:\/\/darzdrowia.pl\/ciekawostki\"],\"url\":\"https:\/\/darzdrowia.pl\/ciekawostki\/author\/funkymedia\/\"}]}<\/script>\n<!-- \/ Yoast SEO plugin. -->","yoast_head_json":{"title":"Czy krem z filtrem 50 do twarzy mo\u017cna stosowa\u0107 na noc?","description":"Dowiedz si\u0119, czy krem z filtrem 50 do twarzy jest odpowiedni na noc. Odkryj korzy\u015bci i potencjalne skutki uboczne stosowania go przed snem!","robots":{"index":"index","follow":"follow","max-snippet":"max-snippet:-1","max-image-preview":"max-image-preview:large","max-video-preview":"max-video-preview:-1"},"canonical":"https:\/\/darzdrowia.pl\/ciekawostki\/czy-krem-z-filtrem-50-do-twarzy-mozna-stosowac-na-noc\/","og_locale":"pl_PL","og_type":"article","og_title":"Czy krem z filtrem 50 do twarzy mo\u017cna stosowa\u0107 na noc?","og_description":"Dowiedz si\u0119, czy krem z filtrem 50 do twarzy jest odpowiedni na noc. Odkryj korzy\u015bci i potencjalne skutki uboczne stosowania go przed snem!","og_url":"https:\/\/darzdrowia.pl\/ciekawostki\/czy-krem-z-filtrem-50-do-twarzy-mozna-stosowac-na-noc\/","og_site_name":"Dar Zdrowia Drogeria - Blog","article_publisher":"https:\/\/www.facebook.com\/profile.php?id=100063606935396","article_published_time":"2025-02-28T14:50:41+00:00","author":"funkymedia","twitter_card":"summary_large_image","twitter_misc":{"Napisane przez":"funkymedia","Szacowany czas czytania":"3 minuty"},"schema":{"@context":"https:\/\/schema.org","@graph":[{"@type":"Article","@id":"https:\/\/darzdrowia.pl\/ciekawostki\/czy-krem-z-filtrem-50-do-twarzy-mozna-stosowac-na-noc\/#article","isPartOf":{"@id":"https:\/\/darzdrowia.pl\/ciekawostki\/czy-krem-z-filtrem-50-do-twarzy-mozna-stosowac-na-noc\/"},"author":{"name":"funkymedia","@id":"https:\/\/darzdrowia.pl\/ciekawostki\/#\/schema\/person\/e75579d624630bf943ac69d374bb928e"},"headline":"Czy krem z filtrem 50 do twarzy mo\u017cna stosowa\u0107 na noc?","datePublished":"2025-02-28T14:50:41+00:00","dateModified":"2025-02-28T14:50:41+00:00","mainEntityOfPage":{"@id":"https:\/\/darzdrowia.pl\/ciekawostki\/czy-krem-z-filtrem-50-do-twarzy-mozna-stosowac-na-noc\/"},"wordCount":601,"publisher":{"@id":"https:\/\/darzdrowia.pl\/ciekawostki\/#organization"},"inLanguage":"pl-PL"},{"@type":"WebPage","@id":"https:\/\/darzdrowia.pl\/ciekawostki\/czy-krem-z-filtrem-50-do-twarzy-mozna-stosowac-na-noc\/","url":"https:\/\/darzdrowia.pl\/ciekawostki\/czy-krem-z-filtrem-50-do-twarzy-mozna-stosowac-na-noc\/","name":"Czy krem z filtrem 50 do twarzy mo\u017cna stosowa\u0107 na noc?","isPartOf":{"@id":"https:\/\/darzdrowia.pl\/ciekawostki\/#website"},"datePublished":"2025-02-28T14:50:41+00:00","dateModified":"2025-02-28T14:50:41+00:00","description":"Dowiedz si\u0119, czy krem z filtrem 50 do twarzy jest odpowiedni na noc. Odkryj korzy\u015bci i potencjalne skutki uboczne stosowania go przed snem!","breadcrumb":{"@id":"https:\/\/darzdrowia.pl\/ciekawostki\/czy-krem-z-filtrem-50-do-twarzy-mozna-stosowac-na-noc\/#breadcrumb"},"inLanguage":"pl-PL","potentialAction":[{"@type":"ReadAction","target":["https:\/\/darzdrowia.pl\/ciekawostki\/czy-krem-z-filtrem-50-do-twarzy-mozna-stosowac-na-noc\/"]}]},{"@type":"BreadcrumbList","@id":"https:\/\/darzdrowia.pl\/ciekawostki\/czy-krem-z-filtrem-50-do-twarzy-mozna-stosowac-na-noc\/#breadcrumb","itemListElement":[{"@type":"ListItem","position":1,"name":"Strona g\u0142\u00f3wna","item":"https:\/\/darzdrowia.pl\/ciekawostki\/"},{"@type":"ListItem","position":2,"name":"Czy krem z filtrem 50 do twarzy mo\u017cna stosowa\u0107 na noc?"}]},{"@type":"WebSite","@id":"https:\/\/darzdrowia.pl\/ciekawostki\/#website","url":"https:\/\/darzdrowia.pl\/ciekawostki\/","name":"Dar Zdrowia Drogeria - Blog","description":"","publisher":{"@id":"https:\/\/darzdrowia.pl\/ciekawostki\/#organization"},"potentialAction":[{"@type":"SearchAction","target":{"@type":"EntryPoint","urlTemplate":"https:\/\/darzdrowia.pl\/ciekawostki\/?s={search_term_string}"},"query-input":"required name=search_term_string"}],"inLanguage":"pl-PL"},{"@type":"Organization","@id":"https:\/\/darzdrowia.pl\/ciekawostki\/#organization","name":"Dar Zdrowia Drogeria - Blog","url":"https:\/\/darzdrowia.pl\/ciekawostki\/","logo":{"@type":"ImageObject","inLanguage":"pl-PL","@id":"https:\/\/darzdrowia.pl\/ciekawostki\/#\/schema\/logo\/image\/","url":"https:\/\/darzdrowia.pl\/ciekawostki\/wp-content\/uploads\/2023\/11\/logo-darzdrowia.webp","contentUrl":"https:\/\/darzdrowia.pl\/ciekawostki\/wp-content\/uploads\/2023\/11\/logo-darzdrowia.webp","width":744,"height":225,"caption":"Dar Zdrowia Drogeria - Blog"},"image":{"@id":"https:\/\/darzdrowia.pl\/ciekawostki\/#\/schema\/logo\/image\/"},"sameAs":["https:\/\/www.facebook.com\/profile.php?id=100063606935396"]},{"@type":"Person","@id":"https:\/\/darzdrowia.pl\/ciekawostki\/#\/schema\/person\/e75579d624630bf943ac69d374bb928e","name":"funkymedia","image":{"@type":"ImageObject","inLanguage":"pl-PL","@id":"https:\/\/darzdrowia.pl\/ciekawostki\/#\/schema\/person\/image\/","url":"https:\/\/secure.gravatar.com\/avatar\/393cb205b658aef6e3271ad5a92265e3e4433d2384bbe95524ba160d5bc20299?s=96&d=mm&r=g","contentUrl":"https:\/\/secure.gravatar.com\/avatar\/393cb205b658aef6e3271ad5a92265e3e4433d2384bbe95524ba160d5bc20299?s=96&d=mm&r=g","caption":"funkymedia"},"sameAs":["https:\/\/darzdrowia.pl\/ciekawostki"],"url":"https:\/\/darzdrowia.pl\/ciekawostki\/author\/funkymedia\/"}]}},"_links":{"self":[{"href":"https:\/\/darzdrowia.pl\/ciekawostki\/wp-json\/wp\/v2\/posts\/7656","targetHints":{"allow":["GET"]}}],"collection":[{"href":"https:\/\/darzdrowia.pl\/ciekawostki\/wp-json\/wp\/v2\/posts"}],"about":[{"href":"https:\/\/darzdrowia.pl\/ciekawostki\/wp-json\/wp\/v2\/types\/post"}],"author":[{"embeddable":true,"href":"https:\/\/darzdrowia.pl\/ciekawostki\/wp-json\/wp\/v2\/users\/1"}],"replies":[{"embeddable":true,"href":"https:\/\/darzdrowia.pl\/ciekawostki\/wp-json\/wp\/v2\/comments?post=7656"}],"version-history":[{"count":0,"href":"https:\/\/darzdrowia.pl\/ciekawostki\/wp-json\/wp\/v2\/posts\/7656\/revisions"}],"wp:attachment":[{"href":"https:\/\/darzdrowia.pl\/ciekawostki\/wp-json\/wp\/v2\/media?parent=7656"}],"wp:term":[{"taxonomy":"category","embeddable":true,"href":"https:\/\/darzdrowia.pl\/ciekawostki\/wp-json\/wp\/v2\/categories?post=7656"},{"taxonomy":"post_tag","embeddable":true,"href":"https:\/\/darzdrowia.pl\/ciekawostki\/wp-json\/wp\/v2\/tags?post=7656"}],"curies":[{"name":"wp","href":"https:\/\/api.w.org\/{rel}","templated":true}]}}