{"id":7652,"date":"2025-02-28T15:49:38","date_gmt":"2025-02-28T14:49:38","guid":{"rendered":"https:\/\/darzdrowia.pl\/ciekawostki\/maseczki-z-kurkuma-naturalny-sposob-na-wyrownanie-kolorytu\/"},"modified":"2025-02-28T15:49:38","modified_gmt":"2025-02-28T14:49:38","slug":"maseczki-z-kurkuma-naturalny-sposob-na-wyrownanie-kolorytu","status":"publish","type":"post","link":"https:\/\/darzdrowia.pl\/ciekawostki\/maseczki-z-kurkuma-naturalny-sposob-na-wyrownanie-kolorytu\/","title":{"rendered":"Maseczki z kurkum\u0105 \u2013 naturalny spos\u00f3b na wyr\u00f3wnanie kolorytu"},"content":{"rendered":"\n<p>Maseczki z kurkum\u0105 to jeden z naturalnych sposob\u00f3w na popraw\u0119 kondycji sk\u00f3ry, kt\u00f3ry zdobywa coraz wi\u0119ksz\u0105 popularno\u015b\u0107 w\u015br\u00f3d mi\u0142o\u015bnik\u00f3w domowej piel\u0119gnacji. Kurkuma, znana g\u0142\u00f3wnie jako aromatyczna przyprawa stosowana w kuchni azjatyckiej, posiada r\u00f3wnie\u017c niezwyk\u0142e w\u0142a\u015bciwo\u015bci kosmetyczne. Dzi\u0119ki swoim przeciwzapalnym i antyoksydacyjnym w\u0142a\u015bciwo\u015bciom, kurkuma mo\u017ce pom\u00f3c w wyr\u00f3wnaniu kolorytu sk\u00f3ry, redukcji przebarwie\u0144 oraz poprawie og\u00f3lnego wygl\u0105du cery. Wprowadzenie maseczek z kurkum\u0105 do rutyny piel\u0119gnacyjnej mo\u017ce by\u0107 prostym i skutecznym sposobem na uzyskanie zdrowej i promiennej sk\u00f3ry bez konieczno\u015bci si\u0119gania po drogie kosmetyki. W niniejszym artykule przyjrzymy si\u0119 bli\u017cej korzy\u015bciom p\u0142yn\u0105cym z u\u017cywania maseczek z kurkum\u0105 oraz podpowiemy, jak samodzielnie przygotowa\u0107 je w domu.<\/p>\n\n\n\n<h2 class=\"wp-block-heading\">Maseczki z kurkum\u0105: Jak naturalnie wyr\u00f3wna\u0107 koloryt sk\u00f3ry i zredukowa\u0107 przebarwienia<\/h2>\n\n\n\n<p>Maseczki z kurkum\u0105 s\u0105 popularnym sposobem na naturalne wyr\u00f3wnanie kolorytu sk\u00f3ry i redukcj\u0119 przebarwie\u0144. Kurkuma, znana ze swoich w\u0142a\u015bciwo\u015bci przeciwzapalnych i antyoksydacyjnych, mo\u017ce pom\u00f3c w rozja\u015bnieniu sk\u00f3ry oraz zmniejszeniu widoczno\u015bci plam pigmentacyjnych.<\/p>\n\n\n\n<p>Aby przygotowa\u0107 maseczk\u0119, wymieszaj \u0142y\u017ceczk\u0119 kurkumy z jogurtem naturalnym lub miodem. Na\u0142\u00f3\u017c r\u00f3wnomiernie na oczyszczon\u0105 sk\u00f3r\u0119 twarzy, omijaj\u0105c okolice oczu. Pozostaw na 10-15 minut, a nast\u0119pnie sp\u0142ucz letni\u0105 wod\u0105. Stosuj raz w tygodniu dla uzyskania najlepszych efekt\u00f3w.<\/p>\n\n\n\n<p>Przed pierwszym u\u017cyciem zaleca si\u0119 wykonanie testu alergicznego na ma\u0142ym fragmencie sk\u00f3ry. Regularne stosowanie maseczek z kurkum\u0105 mo\u017ce przyczyni\u0107 si\u0119 do poprawy wygl\u0105du cery i jej zdrowego blasku.<\/p>\n\n\n\n<h2 class=\"wp-block-heading\">Sekret promiennej cery: W\u0142a\u015bciwo\u015bci kurkumy w domowych maseczkach do twarzy<\/h2>\n\n\n\n<p>Kurkuma, znana ze swoich w\u0142a\u015bciwo\u015bci przeciwzapalnych i antyoksydacyjnych, jest cenionym sk\u0142adnikiem w piel\u0119gnacji sk\u00f3ry. Zawarta w niej kurkumina pomaga redukowa\u0107 zaczerwienienia i stany zapalne, co sprzyja poprawie kolorytu cery. Domowe maseczki z kurkum\u0105 mog\u0105 wspiera\u0107 walk\u0119 z tr\u0105dzikiem oraz rozja\u015bnia\u0107 przebarwienia. Aby przygotowa\u0107 maseczk\u0119, wystarczy po\u0142\u0105czy\u0107 kurkum\u0119 z jogurtem naturalnym lub miodem, co dodatkowo nawil\u017cy sk\u00f3r\u0119. Regularne stosowanie takich maseczek mo\u017ce przyczyni\u0107 si\u0119 do uzyskania promiennej i zdrowo wygl\u0105daj\u0105cej cery. Nale\u017cy jednak pami\u0119ta\u0107 o ostro\u017cno\u015bci, gdy\u017c kurkuma mo\u017ce barwi\u0107 sk\u00f3r\u0119 na \u017c\u00f3\u0142to; zaleca si\u0119 wykonanie pr\u00f3by na ma\u0142ym fragmencie sk\u00f3ry przed pe\u0142nym zastosowaniem.<\/p>\n\n\n\n<h2 class=\"wp-block-heading\">Krok po kroku: Przygotowanie i aplikacja maseczki z kurkum\u0105 dla jednolitego kolorytu sk\u00f3ry<\/h2>\n\n\n\n<p>### Przygotowanie maseczki z kurkum\u0105<\/p>\n\n\n\n<p>1. **Sk\u0142adniki:**<\/p>\n\n\n\n<p>&#8211; 1 \u0142y\u017ceczka kurkumy w proszku<\/p>\n\n\n\n<p>&#8211; 2 \u0142y\u017ceczki jogurtu naturalnego<\/p>\n\n\n\n<p>&#8211; 1 \u0142y\u017ceczka miodu<\/p>\n\n\n\n<p>2. **Przygotowanie:**<\/p>\n\n\n\n<p>&#8211; W ma\u0142ej misce wymieszaj kurkum\u0119 z jogurtem.<\/p>\n\n\n\n<p>&#8211; Dodaj mi\u00f3d i dok\u0142adnie wymieszaj, a\u017c do uzyskania jednolitej pasty.<\/p>\n\n\n\n<p>### Aplikacja maseczki<\/p>\n\n\n\n<p>1. **Przygotowanie sk\u00f3ry:**<\/p>\n\n\n\n<p>&#8211; Umyj twarz delikatnym \u015brodkiem myj\u0105cym.<\/p>\n\n\n\n<p>&#8211; Osusz sk\u00f3r\u0119 r\u0119cznikiem.<\/p>\n\n\n\n<p>2. **Nak\u0142adanie maseczki:**<\/p>\n\n\n\n<p>&#8211; Na\u0142\u00f3\u017c cienk\u0105 warstw\u0119 maseczki na twarz, omijaj\u0105c okolice oczu i ust.<\/p>\n\n\n\n<p>&#8211; Pozostaw na sk\u00f3rze przez 10-15 minut.<\/p>\n\n\n\n<p>3. **Zmywanie maseczki:**<\/p>\n\n\n\n<p>&#8211; Sp\u0142ucz twarz letni\u0105 wod\u0105, delikatnie masuj\u0105c sk\u00f3r\u0119.<\/p>\n\n\n\n<p>&#8211; Osusz twarz r\u0119cznikiem.<\/p>\n\n\n\n<p>4. **Piel\u0119gnacja po zabiegu:**<\/p>\n\n\n\n<p>&#8211; Na\u0142\u00f3\u017c lekki krem nawil\u017caj\u0105cy, aby zabezpieczy\u0107 sk\u00f3r\u0119.<\/p>\n\n\n\n<p>### Uwagi:<\/p>\n\n\n\n<p>&#8211; Stosuj raz w tygodniu dla najlepszych efekt\u00f3w.<\/p>\n\n\n\n<p>&#8211; Przed pierwszym u\u017cyciem wykonaj test uczuleniowy na ma\u0142ym fragmencie sk\u00f3ry.<\/p>\n\n\n\n<p>Maseczki z kurkum\u0105 to naturalny i skuteczny spos\u00f3b na popraw\u0119 kolorytu sk\u00f3ry. Kurkuma, znana ze swoich w\u0142a\u015bciwo\u015bci przeciwzapalnych i antyoksydacyjnych, pomaga w redukcji przebarwie\u0144 oraz wyr\u00f3wnaniu kolorytu cery. Regularne stosowanie maseczek z dodatkiem tej przyprawy mo\u017ce prowadzi\u0107 do zauwa\u017calnej poprawy wygl\u0105du sk\u00f3ry, czyni\u0105c j\u0105 bardziej promienn\u0105 i zdrow\u0105. Dodatkowo, kurkuma jest sk\u0142adnikiem \u0142atwo dost\u0119pnym i niedrogim, co czyni j\u0105 atrakcyjn\u0105 alternatyw\u0105 dla komercyjnych produkt\u00f3w kosmetycznych. Warto jednak pami\u0119ta\u0107 o przeprowadzeniu pr\u00f3by uczuleniowej przed pierwszym u\u017cyciem oraz o tym, \u017ce efekty mog\u0105 si\u0119 r\u00f3\u017cni\u0107 w zale\u017cno\u015bci od indywidualnych cech sk\u00f3ry.<\/p>\n","protected":false},"excerpt":{"rendered":"<p>Maseczki z kurkum\u0105 to jeden z naturalnych sposob\u00f3w na popraw\u0119 kondycji sk\u00f3ry, kt\u00f3ry zdobywa coraz wi\u0119ksz\u0105 popularno\u015b\u0107 w\u015br\u00f3d mi\u0142o\u015bnik\u00f3w domowej piel\u0119gnacji. Kurkuma, znana g\u0142\u00f3wnie jako aromatyczna przyprawa stosowana w kuchni azjatyckiej, posiada r\u00f3wnie\u017c niezwyk\u0142e w\u0142a\u015bciwo\u015bci kosmetyczne. Dzi\u0119ki swoim przeciwzapalnym i antyoksydacyjnym w\u0142a\u015bciwo\u015bciom, kurkuma mo\u017ce pom\u00f3c w wyr\u00f3wnaniu kolorytu sk\u00f3ry, redukcji przebarwie\u0144 oraz poprawie og\u00f3lnego wygl\u0105du [&hellip;]<\/p>\n","protected":false},"author":1,"featured_media":0,"comment_status":"","ping_status":"open","sticky":false,"template":"","format":"standard","meta":{"footnotes":""},"categories":[1],"tags":[],"class_list":["post-7652","post","type-post","status-publish","format-standard","hentry","category-bez-kategorii"],"fm_meta_title":"Maseczki z kurkum\u0105 \u2013 naturalny spos\u00f3b na wyr\u00f3wnanie kolorytu","fm_meta_description":"Odkryj maseczki z kurkum\u0105 \u2013 naturalny spos\u00f3b na wyr\u00f3wnanie kolorytu sk\u00f3ry. Zadbaj o promienn\u0105 cer\u0119 dzi\u0119ki mocy natury!","yoast_head":"<!-- This site is optimized with the Yoast SEO plugin v21.5 - https:\/\/yoast.com\/wordpress\/plugins\/seo\/ -->\n<title>Maseczki z kurkum\u0105 \u2013 naturalny spos\u00f3b na wyr\u00f3wnanie kolorytu<\/title>\n<meta name=\"description\" content=\"Odkryj maseczki z kurkum\u0105 \u2013 naturalny spos\u00f3b na wyr\u00f3wnanie kolorytu sk\u00f3ry. Zadbaj o promienn\u0105 cer\u0119 dzi\u0119ki mocy natury!\" \/>\n<meta name=\"robots\" content=\"index, follow, max-snippet:-1, max-image-preview:large, max-video-preview:-1\" \/>\n<link rel=\"canonical\" href=\"https:\/\/darzdrowia.pl\/ciekawostki\/maseczki-z-kurkuma-naturalny-sposob-na-wyrownanie-kolorytu\/\" \/>\n<meta property=\"og:locale\" content=\"pl_PL\" \/>\n<meta property=\"og:type\" content=\"article\" \/>\n<meta property=\"og:title\" content=\"Maseczki z kurkum\u0105 \u2013 naturalny spos\u00f3b na wyr\u00f3wnanie kolorytu\" \/>\n<meta property=\"og:description\" content=\"Odkryj maseczki z kurkum\u0105 \u2013 naturalny spos\u00f3b na wyr\u00f3wnanie kolorytu sk\u00f3ry. Zadbaj o promienn\u0105 cer\u0119 dzi\u0119ki mocy natury!\" \/>\n<meta property=\"og:url\" content=\"https:\/\/darzdrowia.pl\/ciekawostki\/maseczki-z-kurkuma-naturalny-sposob-na-wyrownanie-kolorytu\/\" \/>\n<meta property=\"og:site_name\" content=\"Dar Zdrowia Drogeria - Blog\" \/>\n<meta property=\"article:publisher\" content=\"https:\/\/www.facebook.com\/profile.php?id=100063606935396\" \/>\n<meta property=\"article:published_time\" content=\"2025-02-28T14:49:38+00:00\" \/>\n<meta name=\"author\" content=\"funkymedia\" \/>\n<meta name=\"twitter:card\" content=\"summary_large_image\" \/>\n<meta name=\"twitter:label1\" content=\"Napisane przez\" \/>\n\t<meta name=\"twitter:data1\" content=\"funkymedia\" \/>\n\t<meta name=\"twitter:label2\" content=\"Szacowany czas czytania\" \/>\n\t<meta name=\"twitter:data2\" content=\"3 minuty\" \/>\n<script type=\"application\/ld+json\" class=\"yoast-schema-graph\">{\"@context\":\"https:\/\/schema.org\",\"@graph\":[{\"@type\":\"Article\",\"@id\":\"https:\/\/darzdrowia.pl\/ciekawostki\/maseczki-z-kurkuma-naturalny-sposob-na-wyrownanie-kolorytu\/#article\",\"isPartOf\":{\"@id\":\"https:\/\/darzdrowia.pl\/ciekawostki\/maseczki-z-kurkuma-naturalny-sposob-na-wyrownanie-kolorytu\/\"},\"author\":{\"name\":\"funkymedia\",\"@id\":\"https:\/\/darzdrowia.pl\/ciekawostki\/#\/schema\/person\/e75579d624630bf943ac69d374bb928e\"},\"headline\":\"Maseczki z kurkum\u0105 \u2013 naturalny spos\u00f3b na wyr\u00f3wnanie kolorytu\",\"datePublished\":\"2025-02-28T14:49:38+00:00\",\"dateModified\":\"2025-02-28T14:49:38+00:00\",\"mainEntityOfPage\":{\"@id\":\"https:\/\/darzdrowia.pl\/ciekawostki\/maseczki-z-kurkuma-naturalny-sposob-na-wyrownanie-kolorytu\/\"},\"wordCount\":677,\"publisher\":{\"@id\":\"https:\/\/darzdrowia.pl\/ciekawostki\/#organization\"},\"inLanguage\":\"pl-PL\"},{\"@type\":\"WebPage\",\"@id\":\"https:\/\/darzdrowia.pl\/ciekawostki\/maseczki-z-kurkuma-naturalny-sposob-na-wyrownanie-kolorytu\/\",\"url\":\"https:\/\/darzdrowia.pl\/ciekawostki\/maseczki-z-kurkuma-naturalny-sposob-na-wyrownanie-kolorytu\/\",\"name\":\"Maseczki z kurkum\u0105 \u2013 naturalny spos\u00f3b na wyr\u00f3wnanie kolorytu\",\"isPartOf\":{\"@id\":\"https:\/\/darzdrowia.pl\/ciekawostki\/#website\"},\"datePublished\":\"2025-02-28T14:49:38+00:00\",\"dateModified\":\"2025-02-28T14:49:38+00:00\",\"description\":\"Odkryj maseczki z kurkum\u0105 \u2013 naturalny spos\u00f3b na wyr\u00f3wnanie kolorytu sk\u00f3ry. Zadbaj o promienn\u0105 cer\u0119 dzi\u0119ki mocy natury!\",\"breadcrumb\":{\"@id\":\"https:\/\/darzdrowia.pl\/ciekawostki\/maseczki-z-kurkuma-naturalny-sposob-na-wyrownanie-kolorytu\/#breadcrumb\"},\"inLanguage\":\"pl-PL\",\"potentialAction\":[{\"@type\":\"ReadAction\",\"target\":[\"https:\/\/darzdrowia.pl\/ciekawostki\/maseczki-z-kurkuma-naturalny-sposob-na-wyrownanie-kolorytu\/\"]}]},{\"@type\":\"BreadcrumbList\",\"@id\":\"https:\/\/darzdrowia.pl\/ciekawostki\/maseczki-z-kurkuma-naturalny-sposob-na-wyrownanie-kolorytu\/#breadcrumb\",\"itemListElement\":[{\"@type\":\"ListItem\",\"position\":1,\"name\":\"Strona g\u0142\u00f3wna\",\"item\":\"https:\/\/darzdrowia.pl\/ciekawostki\/\"},{\"@type\":\"ListItem\",\"position\":2,\"name\":\"Maseczki z kurkum\u0105 \u2013 naturalny spos\u00f3b na wyr\u00f3wnanie kolorytu\"}]},{\"@type\":\"WebSite\",\"@id\":\"https:\/\/darzdrowia.pl\/ciekawostki\/#website\",\"url\":\"https:\/\/darzdrowia.pl\/ciekawostki\/\",\"name\":\"Dar Zdrowia Drogeria - Blog\",\"description\":\"\",\"publisher\":{\"@id\":\"https:\/\/darzdrowia.pl\/ciekawostki\/#organization\"},\"potentialAction\":[{\"@type\":\"SearchAction\",\"target\":{\"@type\":\"EntryPoint\",\"urlTemplate\":\"https:\/\/darzdrowia.pl\/ciekawostki\/?s={search_term_string}\"},\"query-input\":\"required name=search_term_string\"}],\"inLanguage\":\"pl-PL\"},{\"@type\":\"Organization\",\"@id\":\"https:\/\/darzdrowia.pl\/ciekawostki\/#organization\",\"name\":\"Dar Zdrowia Drogeria - Blog\",\"url\":\"https:\/\/darzdrowia.pl\/ciekawostki\/\",\"logo\":{\"@type\":\"ImageObject\",\"inLanguage\":\"pl-PL\",\"@id\":\"https:\/\/darzdrowia.pl\/ciekawostki\/#\/schema\/logo\/image\/\",\"url\":\"https:\/\/darzdrowia.pl\/ciekawostki\/wp-content\/uploads\/2023\/11\/logo-darzdrowia.webp\",\"contentUrl\":\"https:\/\/darzdrowia.pl\/ciekawostki\/wp-content\/uploads\/2023\/11\/logo-darzdrowia.webp\",\"width\":744,\"height\":225,\"caption\":\"Dar Zdrowia Drogeria - Blog\"},\"image\":{\"@id\":\"https:\/\/darzdrowia.pl\/ciekawostki\/#\/schema\/logo\/image\/\"},\"sameAs\":[\"https:\/\/www.facebook.com\/profile.php?id=100063606935396\"]},{\"@type\":\"Person\",\"@id\":\"https:\/\/darzdrowia.pl\/ciekawostki\/#\/schema\/person\/e75579d624630bf943ac69d374bb928e\",\"name\":\"funkymedia\",\"image\":{\"@type\":\"ImageObject\",\"inLanguage\":\"pl-PL\",\"@id\":\"https:\/\/darzdrowia.pl\/ciekawostki\/#\/schema\/person\/image\/\",\"url\":\"https:\/\/secure.gravatar.com\/avatar\/393cb205b658aef6e3271ad5a92265e3e4433d2384bbe95524ba160d5bc20299?s=96&d=mm&r=g\",\"contentUrl\":\"https:\/\/secure.gravatar.com\/avatar\/393cb205b658aef6e3271ad5a92265e3e4433d2384bbe95524ba160d5bc20299?s=96&d=mm&r=g\",\"caption\":\"funkymedia\"},\"sameAs\":[\"https:\/\/darzdrowia.pl\/ciekawostki\"],\"url\":\"https:\/\/darzdrowia.pl\/ciekawostki\/author\/funkymedia\/\"}]}<\/script>\n<!-- \/ Yoast SEO plugin. -->","yoast_head_json":{"title":"Maseczki z kurkum\u0105 \u2013 naturalny spos\u00f3b na wyr\u00f3wnanie kolorytu","description":"Odkryj maseczki z kurkum\u0105 \u2013 naturalny spos\u00f3b na wyr\u00f3wnanie kolorytu sk\u00f3ry. Zadbaj o promienn\u0105 cer\u0119 dzi\u0119ki mocy natury!","robots":{"index":"index","follow":"follow","max-snippet":"max-snippet:-1","max-image-preview":"max-image-preview:large","max-video-preview":"max-video-preview:-1"},"canonical":"https:\/\/darzdrowia.pl\/ciekawostki\/maseczki-z-kurkuma-naturalny-sposob-na-wyrownanie-kolorytu\/","og_locale":"pl_PL","og_type":"article","og_title":"Maseczki z kurkum\u0105 \u2013 naturalny spos\u00f3b na wyr\u00f3wnanie kolorytu","og_description":"Odkryj maseczki z kurkum\u0105 \u2013 naturalny spos\u00f3b na wyr\u00f3wnanie kolorytu sk\u00f3ry. Zadbaj o promienn\u0105 cer\u0119 dzi\u0119ki mocy natury!","og_url":"https:\/\/darzdrowia.pl\/ciekawostki\/maseczki-z-kurkuma-naturalny-sposob-na-wyrownanie-kolorytu\/","og_site_name":"Dar Zdrowia Drogeria - Blog","article_publisher":"https:\/\/www.facebook.com\/profile.php?id=100063606935396","article_published_time":"2025-02-28T14:49:38+00:00","author":"funkymedia","twitter_card":"summary_large_image","twitter_misc":{"Napisane przez":"funkymedia","Szacowany czas czytania":"3 minuty"},"schema":{"@context":"https:\/\/schema.org","@graph":[{"@type":"Article","@id":"https:\/\/darzdrowia.pl\/ciekawostki\/maseczki-z-kurkuma-naturalny-sposob-na-wyrownanie-kolorytu\/#article","isPartOf":{"@id":"https:\/\/darzdrowia.pl\/ciekawostki\/maseczki-z-kurkuma-naturalny-sposob-na-wyrownanie-kolorytu\/"},"author":{"name":"funkymedia","@id":"https:\/\/darzdrowia.pl\/ciekawostki\/#\/schema\/person\/e75579d624630bf943ac69d374bb928e"},"headline":"Maseczki z kurkum\u0105 \u2013 naturalny spos\u00f3b na wyr\u00f3wnanie kolorytu","datePublished":"2025-02-28T14:49:38+00:00","dateModified":"2025-02-28T14:49:38+00:00","mainEntityOfPage":{"@id":"https:\/\/darzdrowia.pl\/ciekawostki\/maseczki-z-kurkuma-naturalny-sposob-na-wyrownanie-kolorytu\/"},"wordCount":677,"publisher":{"@id":"https:\/\/darzdrowia.pl\/ciekawostki\/#organization"},"inLanguage":"pl-PL"},{"@type":"WebPage","@id":"https:\/\/darzdrowia.pl\/ciekawostki\/maseczki-z-kurkuma-naturalny-sposob-na-wyrownanie-kolorytu\/","url":"https:\/\/darzdrowia.pl\/ciekawostki\/maseczki-z-kurkuma-naturalny-sposob-na-wyrownanie-kolorytu\/","name":"Maseczki z kurkum\u0105 \u2013 naturalny spos\u00f3b na wyr\u00f3wnanie kolorytu","isPartOf":{"@id":"https:\/\/darzdrowia.pl\/ciekawostki\/#website"},"datePublished":"2025-02-28T14:49:38+00:00","dateModified":"2025-02-28T14:49:38+00:00","description":"Odkryj maseczki z kurkum\u0105 \u2013 naturalny spos\u00f3b na wyr\u00f3wnanie kolorytu sk\u00f3ry. Zadbaj o promienn\u0105 cer\u0119 dzi\u0119ki mocy natury!","breadcrumb":{"@id":"https:\/\/darzdrowia.pl\/ciekawostki\/maseczki-z-kurkuma-naturalny-sposob-na-wyrownanie-kolorytu\/#breadcrumb"},"inLanguage":"pl-PL","potentialAction":[{"@type":"ReadAction","target":["https:\/\/darzdrowia.pl\/ciekawostki\/maseczki-z-kurkuma-naturalny-sposob-na-wyrownanie-kolorytu\/"]}]},{"@type":"BreadcrumbList","@id":"https:\/\/darzdrowia.pl\/ciekawostki\/maseczki-z-kurkuma-naturalny-sposob-na-wyrownanie-kolorytu\/#breadcrumb","itemListElement":[{"@type":"ListItem","position":1,"name":"Strona g\u0142\u00f3wna","item":"https:\/\/darzdrowia.pl\/ciekawostki\/"},{"@type":"ListItem","position":2,"name":"Maseczki z kurkum\u0105 \u2013 naturalny spos\u00f3b na wyr\u00f3wnanie kolorytu"}]},{"@type":"WebSite","@id":"https:\/\/darzdrowia.pl\/ciekawostki\/#website","url":"https:\/\/darzdrowia.pl\/ciekawostki\/","name":"Dar Zdrowia Drogeria - Blog","description":"","publisher":{"@id":"https:\/\/darzdrowia.pl\/ciekawostki\/#organization"},"potentialAction":[{"@type":"SearchAction","target":{"@type":"EntryPoint","urlTemplate":"https:\/\/darzdrowia.pl\/ciekawostki\/?s={search_term_string}"},"query-input":"required name=search_term_string"}],"inLanguage":"pl-PL"},{"@type":"Organization","@id":"https:\/\/darzdrowia.pl\/ciekawostki\/#organization","name":"Dar Zdrowia Drogeria - Blog","url":"https:\/\/darzdrowia.pl\/ciekawostki\/","logo":{"@type":"ImageObject","inLanguage":"pl-PL","@id":"https:\/\/darzdrowia.pl\/ciekawostki\/#\/schema\/logo\/image\/","url":"https:\/\/darzdrowia.pl\/ciekawostki\/wp-content\/uploads\/2023\/11\/logo-darzdrowia.webp","contentUrl":"https:\/\/darzdrowia.pl\/ciekawostki\/wp-content\/uploads\/2023\/11\/logo-darzdrowia.webp","width":744,"height":225,"caption":"Dar Zdrowia Drogeria - Blog"},"image":{"@id":"https:\/\/darzdrowia.pl\/ciekawostki\/#\/schema\/logo\/image\/"},"sameAs":["https:\/\/www.facebook.com\/profile.php?id=100063606935396"]},{"@type":"Person","@id":"https:\/\/darzdrowia.pl\/ciekawostki\/#\/schema\/person\/e75579d624630bf943ac69d374bb928e","name":"funkymedia","image":{"@type":"ImageObject","inLanguage":"pl-PL","@id":"https:\/\/darzdrowia.pl\/ciekawostki\/#\/schema\/person\/image\/","url":"https:\/\/secure.gravatar.com\/avatar\/393cb205b658aef6e3271ad5a92265e3e4433d2384bbe95524ba160d5bc20299?s=96&d=mm&r=g","contentUrl":"https:\/\/secure.gravatar.com\/avatar\/393cb205b658aef6e3271ad5a92265e3e4433d2384bbe95524ba160d5bc20299?s=96&d=mm&r=g","caption":"funkymedia"},"sameAs":["https:\/\/darzdrowia.pl\/ciekawostki"],"url":"https:\/\/darzdrowia.pl\/ciekawostki\/author\/funkymedia\/"}]}},"_links":{"self":[{"href":"https:\/\/darzdrowia.pl\/ciekawostki\/wp-json\/wp\/v2\/posts\/7652","targetHints":{"allow":["GET"]}}],"collection":[{"href":"https:\/\/darzdrowia.pl\/ciekawostki\/wp-json\/wp\/v2\/posts"}],"about":[{"href":"https:\/\/darzdrowia.pl\/ciekawostki\/wp-json\/wp\/v2\/types\/post"}],"author":[{"embeddable":true,"href":"https:\/\/darzdrowia.pl\/ciekawostki\/wp-json\/wp\/v2\/users\/1"}],"replies":[{"embeddable":true,"href":"https:\/\/darzdrowia.pl\/ciekawostki\/wp-json\/wp\/v2\/comments?post=7652"}],"version-history":[{"count":0,"href":"https:\/\/darzdrowia.pl\/ciekawostki\/wp-json\/wp\/v2\/posts\/7652\/revisions"}],"wp:attachment":[{"href":"https:\/\/darzdrowia.pl\/ciekawostki\/wp-json\/wp\/v2\/media?parent=7652"}],"wp:term":[{"taxonomy":"category","embeddable":true,"href":"https:\/\/darzdrowia.pl\/ciekawostki\/wp-json\/wp\/v2\/categories?post=7652"},{"taxonomy":"post_tag","embeddable":true,"href":"https:\/\/darzdrowia.pl\/ciekawostki\/wp-json\/wp\/v2\/tags?post=7652"}],"curies":[{"name":"wp","href":"https:\/\/api.w.org\/{rel}","templated":true}]}}