{"id":7506,"date":"2025-01-21T14:03:34","date_gmt":"2025-01-21T13:03:34","guid":{"rendered":"https:\/\/darzdrowia.pl\/ciekawostki\/niedobor-witaminy-d-a-problemy-z-koncentracja-i-pamiecia\/"},"modified":"2025-01-21T14:03:34","modified_gmt":"2025-01-21T13:03:34","slug":"niedobor-witaminy-d-a-problemy-z-koncentracja-i-pamiecia","status":"publish","type":"post","link":"https:\/\/darzdrowia.pl\/ciekawostki\/niedobor-witaminy-d-a-problemy-z-koncentracja-i-pamiecia\/","title":{"rendered":"Niedob\u00f3r witaminy D a problemy z koncentracj\u0105 i pami\u0119ci\u0105"},"content":{"rendered":"\n<p>Niedob\u00f3r witaminy D jest coraz cz\u0119\u015bciej rozpoznawanym problemem zdrowotnym, kt\u00f3ry mo\u017ce mie\u0107 szeroki wp\u0142yw na funkcjonowanie organizmu. Witamina D, znana g\u0142\u00f3wnie ze swojej roli w utrzymaniu zdrowych ko\u015bci i z\u0119b\u00f3w poprzez regulacj\u0119 gospodarki wapniowo-fosforanowej, odgrywa r\u00f3wnie\u017c istotn\u0105 rol\u0119 w wielu innych procesach biologicznych. W ostatnich latach naukowcy zacz\u0119li zwraca\u0107 uwag\u0119 na jej wp\u0142yw na funkcje poznawcze, w tym koncentracj\u0119 i pami\u0119\u0107. Badania sugeruj\u0105, \u017ce niedob\u00f3r tej witaminy mo\u017ce prowadzi\u0107 do pogorszenia zdolno\u015bci kognitywnych, co jest szczeg\u00f3lnie niepokoj\u0105ce w kontek\u015bcie starzej\u0105cego si\u0119 spo\u0142ecze\u0144stwa oraz rosn\u0105cej liczby os\u00f3b borykaj\u0105cych si\u0119 z problemami zwi\u0105zanymi z pami\u0119ci\u0105 i koncentracj\u0105. Wprowadzenie odpowiedniej suplementacji oraz dbanie o w\u0142a\u015bciwy poziom witaminy D w organizmie mog\u0105 stanowi\u0107 kluczowy element profilaktyki zaburze\u0144 poznawczych i poprawy jako\u015bci \u017cycia.<\/p>\n\n\n\n<h2 class=\"wp-block-heading\">Jak niedob\u00f3r witaminy D wp\u0142ywa na nasz\u0105 zdolno\u015b\u0107 koncentracji i pami\u0119\u0107? Odkryj zaskakuj\u0105ce powi\u0105zania!<\/h2>\n\n\n\n<p>Niedob\u00f3r witaminy D mo\u017ce znacz\u0105co wp\u0142ywa\u0107 na zdolno\u015b\u0107 koncentracji i pami\u0119\u0107. Badania wskazuj\u0105, \u017ce niski poziom tej witaminy jest zwi\u0105zany z pogorszeniem funkcji poznawczych. Witamina D odgrywa rol\u0119 w regulacji neuroprzeka\u017anik\u00f3w, kt\u00f3re s\u0105 kluczowe dla proces\u00f3w my\u015blowych. Jej brak mo\u017ce prowadzi\u0107 do zmniejszenia plastyczno\u015bci synaptycznej, co utrudnia przyswajanie nowych informacji i koncentracj\u0119. Ponadto, niedob\u00f3r witaminy D jest powi\u0105zany z wy\u017cszym ryzykiem wyst\u0105pienia zaburze\u0144 nastroju, takich jak depresja, co r\u00f3wnie\u017c negatywnie wp\u0142ywa na zdolno\u015bci poznawcze. Regularne monitorowanie poziomu witaminy D i jej suplementacja mog\u0105 wspiera\u0107 zdrowie m\u00f3zgu i poprawi\u0107 funkcje poznawcze.<\/p>\n\n\n\n<h2 class=\"wp-block-heading\">Witamina D a zdrowie m\u00f3zgu: Czy brak s\u0142o\u0144ca mo\u017ce by\u0107 przyczyn\u0105 problem\u00f3w z pami\u0119ci\u0105 i skupieniem?<\/h2>\n\n\n\n<p>Witamina D odgrywa kluczow\u0105 rol\u0119 w funkcjonowaniu m\u00f3zgu. Jej niedob\u00f3r mo\u017ce prowadzi\u0107 do problem\u00f3w z pami\u0119ci\u0105 i koncentracj\u0105. Witamina ta jest syntetyzowana w sk\u00f3rze pod wp\u0142ywem promieniowania UVB ze s\u0142o\u0144ca. W okresach ograniczonego nas\u0142onecznienia, takich jak zima, ryzyko niedoboru wzrasta, co mo\u017ce negatywnie wp\u0142ywa\u0107 na zdrowie neurologiczne. Badania sugeruj\u0105, \u017ce niski poziom witaminy D jest zwi\u0105zany z pogorszeniem funkcji poznawczych oraz zwi\u0119kszonym ryzykiem wyst\u0105pienia chor\u00f3b neurodegeneracyjnych. Suplementacja witaminy D oraz dieta bogata w t\u0119 witamin\u0119 mog\u0105 pom\u00f3c w utrzymaniu prawid\u0142owego funkcjonowania m\u00f3zgu.<\/p>\n\n\n\n<h2 class=\"wp-block-heading\">Czy suplementacja witaminy D mo\u017ce poprawi\u0107 Twoj\u0105 koncentracj\u0119? Przegl\u0105d bada\u0144 nad wp\u0142ywem witaminy D na funkcje poznawcze.<\/h2>\n\n\n\n<p>Witamina D odgrywa istotn\u0105 rol\u0119 w funkcjonowaniu uk\u0142adu nerwowego. Badania sugeruj\u0105, \u017ce jej odpowiedni poziom mo\u017ce wp\u0142ywa\u0107 na popraw\u0119 funkcji poznawczych, w tym koncentracji. Niedob\u00f3r witaminy D jest cz\u0119sto zwi\u0105zany z pogorszeniem zdolno\u015bci poznawczych oraz zwi\u0119kszonym ryzykiem zaburze\u0144 neurodegeneracyjnych. Niekt\u00f3re badania wskazuj\u0105, \u017ce suplementacja witaminy D mo\u017ce prowadzi\u0107 do poprawy koncentracji i pami\u0119ci, zw\u0142aszcza u os\u00f3b starszych lub z niedoborami tej witaminy. Jednak wyniki bada\u0144 s\u0105 niejednoznaczne i wymagaj\u0105 dalszych analiz. Wa\u017cne jest indywidualne podej\u015bcie oraz konsultacja z lekarzem przed rozpocz\u0119ciem suplementacji.<\/p>\n\n\n\n<p>Niedob\u00f3r witaminy D jest coraz cz\u0119\u015bciej rozpoznawanym problemem zdrowotnym, kt\u00f3ry mo\u017ce mie\u0107 istotny wp\u0142yw na funkcjonowanie organizmu, w tym na zdolno\u015bci poznawcze. Badania wskazuj\u0105, \u017ce niski poziom tej witaminy mo\u017ce by\u0107 zwi\u0105zany z problemami z koncentracj\u0105 i pami\u0119ci\u0105. Witamina D odgrywa kluczow\u0105 rol\u0119 w funkcjonowaniu uk\u0142adu nerwowego, a jej niedob\u00f3r mo\u017ce prowadzi\u0107 do zaburze\u0144 w przekazywaniu sygna\u0142\u00f3w nerwowych oraz do stan\u00f3w zapalnych w m\u00f3zgu.<\/p>\n\n\n\n<p>Podsumowuj\u0105c, utrzymanie odpowiedniego poziomu witaminy D jest istotne nie tylko dla zdrowia ko\u015bci i uk\u0142adu odporno\u015bciowego, ale tak\u017ce dla optymalnego funkcjonowania m\u00f3zgu. Osoby do\u015bwiadczaj\u0105ce trudno\u015bci z koncentracj\u0105 i pami\u0119ci\u0105 powinny rozwa\u017cy\u0107 badanie poziomu tej witaminy oraz ewentualn\u0105 suplementacj\u0119 po konsultacji z lekarzem. W\u0142\u0105czenie do diety produkt\u00f3w bogatych w witamin\u0119 D oraz regularna ekspozycja na s\u0142o\u0144ce mog\u0105 r\u00f3wnie\u017c pom\u00f3c w zapobieganiu niedoborom i wspiera\u0107 zdrowie poznawcze.<\/p>\n","protected":false},"excerpt":{"rendered":"<p>Niedob\u00f3r witaminy D jest coraz cz\u0119\u015bciej rozpoznawanym problemem zdrowotnym, kt\u00f3ry mo\u017ce mie\u0107 szeroki wp\u0142yw na funkcjonowanie organizmu. Witamina D, znana g\u0142\u00f3wnie ze swojej roli w utrzymaniu zdrowych ko\u015bci i z\u0119b\u00f3w poprzez regulacj\u0119 gospodarki wapniowo-fosforanowej, odgrywa r\u00f3wnie\u017c istotn\u0105 rol\u0119 w wielu innych procesach biologicznych. W ostatnich latach naukowcy zacz\u0119li zwraca\u0107 uwag\u0119 na jej wp\u0142yw na funkcje [&hellip;]<\/p>\n","protected":false},"author":1,"featured_media":0,"comment_status":"","ping_status":"open","sticky":false,"template":"","format":"standard","meta":{"footnotes":""},"categories":[1],"tags":[],"class_list":["post-7506","post","type-post","status-publish","format-standard","hentry","category-bez-kategorii"],"fm_meta_title":"Niedob\u00f3r witaminy D a problemy z koncentracj\u0105 i pami\u0119ci\u0105","fm_meta_description":"Odkryj, jak niedob\u00f3r witaminy D wp\u0142ywa na koncentracj\u0119 i pami\u0119\u0107. Zadbaj o swoje zdrowie i popraw funkcje poznawcze ju\u017c dzi\u015b!","yoast_head":"<!-- This site is optimized with the Yoast SEO plugin v21.5 - https:\/\/yoast.com\/wordpress\/plugins\/seo\/ -->\n<title>Niedob\u00f3r witaminy D a problemy z koncentracj\u0105 i pami\u0119ci\u0105<\/title>\n<meta name=\"description\" content=\"Odkryj, jak niedob\u00f3r witaminy D wp\u0142ywa na koncentracj\u0119 i pami\u0119\u0107. Zadbaj o swoje zdrowie i popraw funkcje poznawcze ju\u017c dzi\u015b!\" \/>\n<meta name=\"robots\" content=\"index, follow, max-snippet:-1, max-image-preview:large, max-video-preview:-1\" \/>\n<link rel=\"canonical\" href=\"https:\/\/darzdrowia.pl\/ciekawostki\/niedobor-witaminy-d-a-problemy-z-koncentracja-i-pamiecia\/\" \/>\n<meta property=\"og:locale\" content=\"pl_PL\" \/>\n<meta property=\"og:type\" content=\"article\" \/>\n<meta property=\"og:title\" content=\"Niedob\u00f3r witaminy D a problemy z koncentracj\u0105 i pami\u0119ci\u0105\" \/>\n<meta property=\"og:description\" content=\"Odkryj, jak niedob\u00f3r witaminy D wp\u0142ywa na koncentracj\u0119 i pami\u0119\u0107. Zadbaj o swoje zdrowie i popraw funkcje poznawcze ju\u017c dzi\u015b!\" \/>\n<meta property=\"og:url\" content=\"https:\/\/darzdrowia.pl\/ciekawostki\/niedobor-witaminy-d-a-problemy-z-koncentracja-i-pamiecia\/\" \/>\n<meta property=\"og:site_name\" content=\"Dar Zdrowia Drogeria - Blog\" \/>\n<meta property=\"article:publisher\" content=\"https:\/\/www.facebook.com\/profile.php?id=100063606935396\" \/>\n<meta property=\"article:published_time\" content=\"2025-01-21T13:03:34+00:00\" \/>\n<meta name=\"author\" content=\"funkymedia\" \/>\n<meta name=\"twitter:card\" content=\"summary_large_image\" \/>\n<meta name=\"twitter:label1\" content=\"Napisane przez\" \/>\n\t<meta name=\"twitter:data1\" content=\"funkymedia\" \/>\n\t<meta name=\"twitter:label2\" content=\"Szacowany czas czytania\" \/>\n\t<meta name=\"twitter:data2\" content=\"3 minuty\" \/>\n<script type=\"application\/ld+json\" class=\"yoast-schema-graph\">{\"@context\":\"https:\/\/schema.org\",\"@graph\":[{\"@type\":\"Article\",\"@id\":\"https:\/\/darzdrowia.pl\/ciekawostki\/niedobor-witaminy-d-a-problemy-z-koncentracja-i-pamiecia\/#article\",\"isPartOf\":{\"@id\":\"https:\/\/darzdrowia.pl\/ciekawostki\/niedobor-witaminy-d-a-problemy-z-koncentracja-i-pamiecia\/\"},\"author\":{\"name\":\"funkymedia\",\"@id\":\"https:\/\/darzdrowia.pl\/ciekawostki\/#\/schema\/person\/e75579d624630bf943ac69d374bb928e\"},\"headline\":\"Niedob\u00f3r witaminy D a problemy z koncentracj\u0105 i pami\u0119ci\u0105\",\"datePublished\":\"2025-01-21T13:03:34+00:00\",\"dateModified\":\"2025-01-21T13:03:34+00:00\",\"mainEntityOfPage\":{\"@id\":\"https:\/\/darzdrowia.pl\/ciekawostki\/niedobor-witaminy-d-a-problemy-z-koncentracja-i-pamiecia\/\"},\"wordCount\":688,\"publisher\":{\"@id\":\"https:\/\/darzdrowia.pl\/ciekawostki\/#organization\"},\"inLanguage\":\"pl-PL\"},{\"@type\":\"WebPage\",\"@id\":\"https:\/\/darzdrowia.pl\/ciekawostki\/niedobor-witaminy-d-a-problemy-z-koncentracja-i-pamiecia\/\",\"url\":\"https:\/\/darzdrowia.pl\/ciekawostki\/niedobor-witaminy-d-a-problemy-z-koncentracja-i-pamiecia\/\",\"name\":\"Niedob\u00f3r witaminy D a problemy z koncentracj\u0105 i pami\u0119ci\u0105\",\"isPartOf\":{\"@id\":\"https:\/\/darzdrowia.pl\/ciekawostki\/#website\"},\"datePublished\":\"2025-01-21T13:03:34+00:00\",\"dateModified\":\"2025-01-21T13:03:34+00:00\",\"description\":\"Odkryj, jak niedob\u00f3r witaminy D wp\u0142ywa na koncentracj\u0119 i pami\u0119\u0107. Zadbaj o swoje zdrowie i popraw funkcje poznawcze ju\u017c dzi\u015b!\",\"breadcrumb\":{\"@id\":\"https:\/\/darzdrowia.pl\/ciekawostki\/niedobor-witaminy-d-a-problemy-z-koncentracja-i-pamiecia\/#breadcrumb\"},\"inLanguage\":\"pl-PL\",\"potentialAction\":[{\"@type\":\"ReadAction\",\"target\":[\"https:\/\/darzdrowia.pl\/ciekawostki\/niedobor-witaminy-d-a-problemy-z-koncentracja-i-pamiecia\/\"]}]},{\"@type\":\"BreadcrumbList\",\"@id\":\"https:\/\/darzdrowia.pl\/ciekawostki\/niedobor-witaminy-d-a-problemy-z-koncentracja-i-pamiecia\/#breadcrumb\",\"itemListElement\":[{\"@type\":\"ListItem\",\"position\":1,\"name\":\"Strona g\u0142\u00f3wna\",\"item\":\"https:\/\/darzdrowia.pl\/ciekawostki\/\"},{\"@type\":\"ListItem\",\"position\":2,\"name\":\"Niedob\u00f3r witaminy D a problemy z koncentracj\u0105 i pami\u0119ci\u0105\"}]},{\"@type\":\"WebSite\",\"@id\":\"https:\/\/darzdrowia.pl\/ciekawostki\/#website\",\"url\":\"https:\/\/darzdrowia.pl\/ciekawostki\/\",\"name\":\"Dar Zdrowia Drogeria - Blog\",\"description\":\"\",\"publisher\":{\"@id\":\"https:\/\/darzdrowia.pl\/ciekawostki\/#organization\"},\"potentialAction\":[{\"@type\":\"SearchAction\",\"target\":{\"@type\":\"EntryPoint\",\"urlTemplate\":\"https:\/\/darzdrowia.pl\/ciekawostki\/?s={search_term_string}\"},\"query-input\":\"required name=search_term_string\"}],\"inLanguage\":\"pl-PL\"},{\"@type\":\"Organization\",\"@id\":\"https:\/\/darzdrowia.pl\/ciekawostki\/#organization\",\"name\":\"Dar Zdrowia Drogeria - Blog\",\"url\":\"https:\/\/darzdrowia.pl\/ciekawostki\/\",\"logo\":{\"@type\":\"ImageObject\",\"inLanguage\":\"pl-PL\",\"@id\":\"https:\/\/darzdrowia.pl\/ciekawostki\/#\/schema\/logo\/image\/\",\"url\":\"https:\/\/darzdrowia.pl\/ciekawostki\/wp-content\/uploads\/2023\/11\/logo-darzdrowia.webp\",\"contentUrl\":\"https:\/\/darzdrowia.pl\/ciekawostki\/wp-content\/uploads\/2023\/11\/logo-darzdrowia.webp\",\"width\":744,\"height\":225,\"caption\":\"Dar Zdrowia Drogeria - Blog\"},\"image\":{\"@id\":\"https:\/\/darzdrowia.pl\/ciekawostki\/#\/schema\/logo\/image\/\"},\"sameAs\":[\"https:\/\/www.facebook.com\/profile.php?id=100063606935396\"]},{\"@type\":\"Person\",\"@id\":\"https:\/\/darzdrowia.pl\/ciekawostki\/#\/schema\/person\/e75579d624630bf943ac69d374bb928e\",\"name\":\"funkymedia\",\"image\":{\"@type\":\"ImageObject\",\"inLanguage\":\"pl-PL\",\"@id\":\"https:\/\/darzdrowia.pl\/ciekawostki\/#\/schema\/person\/image\/\",\"url\":\"https:\/\/secure.gravatar.com\/avatar\/393cb205b658aef6e3271ad5a92265e3e4433d2384bbe95524ba160d5bc20299?s=96&d=mm&r=g\",\"contentUrl\":\"https:\/\/secure.gravatar.com\/avatar\/393cb205b658aef6e3271ad5a92265e3e4433d2384bbe95524ba160d5bc20299?s=96&d=mm&r=g\",\"caption\":\"funkymedia\"},\"sameAs\":[\"https:\/\/darzdrowia.pl\/ciekawostki\"],\"url\":\"https:\/\/darzdrowia.pl\/ciekawostki\/author\/funkymedia\/\"}]}<\/script>\n<!-- \/ Yoast SEO plugin. -->","yoast_head_json":{"title":"Niedob\u00f3r witaminy D a problemy z koncentracj\u0105 i pami\u0119ci\u0105","description":"Odkryj, jak niedob\u00f3r witaminy D wp\u0142ywa na koncentracj\u0119 i pami\u0119\u0107. Zadbaj o swoje zdrowie i popraw funkcje poznawcze ju\u017c dzi\u015b!","robots":{"index":"index","follow":"follow","max-snippet":"max-snippet:-1","max-image-preview":"max-image-preview:large","max-video-preview":"max-video-preview:-1"},"canonical":"https:\/\/darzdrowia.pl\/ciekawostki\/niedobor-witaminy-d-a-problemy-z-koncentracja-i-pamiecia\/","og_locale":"pl_PL","og_type":"article","og_title":"Niedob\u00f3r witaminy D a problemy z koncentracj\u0105 i pami\u0119ci\u0105","og_description":"Odkryj, jak niedob\u00f3r witaminy D wp\u0142ywa na koncentracj\u0119 i pami\u0119\u0107. Zadbaj o swoje zdrowie i popraw funkcje poznawcze ju\u017c dzi\u015b!","og_url":"https:\/\/darzdrowia.pl\/ciekawostki\/niedobor-witaminy-d-a-problemy-z-koncentracja-i-pamiecia\/","og_site_name":"Dar Zdrowia Drogeria - Blog","article_publisher":"https:\/\/www.facebook.com\/profile.php?id=100063606935396","article_published_time":"2025-01-21T13:03:34+00:00","author":"funkymedia","twitter_card":"summary_large_image","twitter_misc":{"Napisane przez":"funkymedia","Szacowany czas czytania":"3 minuty"},"schema":{"@context":"https:\/\/schema.org","@graph":[{"@type":"Article","@id":"https:\/\/darzdrowia.pl\/ciekawostki\/niedobor-witaminy-d-a-problemy-z-koncentracja-i-pamiecia\/#article","isPartOf":{"@id":"https:\/\/darzdrowia.pl\/ciekawostki\/niedobor-witaminy-d-a-problemy-z-koncentracja-i-pamiecia\/"},"author":{"name":"funkymedia","@id":"https:\/\/darzdrowia.pl\/ciekawostki\/#\/schema\/person\/e75579d624630bf943ac69d374bb928e"},"headline":"Niedob\u00f3r witaminy D a problemy z koncentracj\u0105 i pami\u0119ci\u0105","datePublished":"2025-01-21T13:03:34+00:00","dateModified":"2025-01-21T13:03:34+00:00","mainEntityOfPage":{"@id":"https:\/\/darzdrowia.pl\/ciekawostki\/niedobor-witaminy-d-a-problemy-z-koncentracja-i-pamiecia\/"},"wordCount":688,"publisher":{"@id":"https:\/\/darzdrowia.pl\/ciekawostki\/#organization"},"inLanguage":"pl-PL"},{"@type":"WebPage","@id":"https:\/\/darzdrowia.pl\/ciekawostki\/niedobor-witaminy-d-a-problemy-z-koncentracja-i-pamiecia\/","url":"https:\/\/darzdrowia.pl\/ciekawostki\/niedobor-witaminy-d-a-problemy-z-koncentracja-i-pamiecia\/","name":"Niedob\u00f3r witaminy D a problemy z koncentracj\u0105 i pami\u0119ci\u0105","isPartOf":{"@id":"https:\/\/darzdrowia.pl\/ciekawostki\/#website"},"datePublished":"2025-01-21T13:03:34+00:00","dateModified":"2025-01-21T13:03:34+00:00","description":"Odkryj, jak niedob\u00f3r witaminy D wp\u0142ywa na koncentracj\u0119 i pami\u0119\u0107. Zadbaj o swoje zdrowie i popraw funkcje poznawcze ju\u017c dzi\u015b!","breadcrumb":{"@id":"https:\/\/darzdrowia.pl\/ciekawostki\/niedobor-witaminy-d-a-problemy-z-koncentracja-i-pamiecia\/#breadcrumb"},"inLanguage":"pl-PL","potentialAction":[{"@type":"ReadAction","target":["https:\/\/darzdrowia.pl\/ciekawostki\/niedobor-witaminy-d-a-problemy-z-koncentracja-i-pamiecia\/"]}]},{"@type":"BreadcrumbList","@id":"https:\/\/darzdrowia.pl\/ciekawostki\/niedobor-witaminy-d-a-problemy-z-koncentracja-i-pamiecia\/#breadcrumb","itemListElement":[{"@type":"ListItem","position":1,"name":"Strona g\u0142\u00f3wna","item":"https:\/\/darzdrowia.pl\/ciekawostki\/"},{"@type":"ListItem","position":2,"name":"Niedob\u00f3r witaminy D a problemy z koncentracj\u0105 i pami\u0119ci\u0105"}]},{"@type":"WebSite","@id":"https:\/\/darzdrowia.pl\/ciekawostki\/#website","url":"https:\/\/darzdrowia.pl\/ciekawostki\/","name":"Dar Zdrowia Drogeria - Blog","description":"","publisher":{"@id":"https:\/\/darzdrowia.pl\/ciekawostki\/#organization"},"potentialAction":[{"@type":"SearchAction","target":{"@type":"EntryPoint","urlTemplate":"https:\/\/darzdrowia.pl\/ciekawostki\/?s={search_term_string}"},"query-input":"required name=search_term_string"}],"inLanguage":"pl-PL"},{"@type":"Organization","@id":"https:\/\/darzdrowia.pl\/ciekawostki\/#organization","name":"Dar Zdrowia Drogeria - Blog","url":"https:\/\/darzdrowia.pl\/ciekawostki\/","logo":{"@type":"ImageObject","inLanguage":"pl-PL","@id":"https:\/\/darzdrowia.pl\/ciekawostki\/#\/schema\/logo\/image\/","url":"https:\/\/darzdrowia.pl\/ciekawostki\/wp-content\/uploads\/2023\/11\/logo-darzdrowia.webp","contentUrl":"https:\/\/darzdrowia.pl\/ciekawostki\/wp-content\/uploads\/2023\/11\/logo-darzdrowia.webp","width":744,"height":225,"caption":"Dar Zdrowia Drogeria - Blog"},"image":{"@id":"https:\/\/darzdrowia.pl\/ciekawostki\/#\/schema\/logo\/image\/"},"sameAs":["https:\/\/www.facebook.com\/profile.php?id=100063606935396"]},{"@type":"Person","@id":"https:\/\/darzdrowia.pl\/ciekawostki\/#\/schema\/person\/e75579d624630bf943ac69d374bb928e","name":"funkymedia","image":{"@type":"ImageObject","inLanguage":"pl-PL","@id":"https:\/\/darzdrowia.pl\/ciekawostki\/#\/schema\/person\/image\/","url":"https:\/\/secure.gravatar.com\/avatar\/393cb205b658aef6e3271ad5a92265e3e4433d2384bbe95524ba160d5bc20299?s=96&d=mm&r=g","contentUrl":"https:\/\/secure.gravatar.com\/avatar\/393cb205b658aef6e3271ad5a92265e3e4433d2384bbe95524ba160d5bc20299?s=96&d=mm&r=g","caption":"funkymedia"},"sameAs":["https:\/\/darzdrowia.pl\/ciekawostki"],"url":"https:\/\/darzdrowia.pl\/ciekawostki\/author\/funkymedia\/"}]}},"_links":{"self":[{"href":"https:\/\/darzdrowia.pl\/ciekawostki\/wp-json\/wp\/v2\/posts\/7506","targetHints":{"allow":["GET"]}}],"collection":[{"href":"https:\/\/darzdrowia.pl\/ciekawostki\/wp-json\/wp\/v2\/posts"}],"about":[{"href":"https:\/\/darzdrowia.pl\/ciekawostki\/wp-json\/wp\/v2\/types\/post"}],"author":[{"embeddable":true,"href":"https:\/\/darzdrowia.pl\/ciekawostki\/wp-json\/wp\/v2\/users\/1"}],"replies":[{"embeddable":true,"href":"https:\/\/darzdrowia.pl\/ciekawostki\/wp-json\/wp\/v2\/comments?post=7506"}],"version-history":[{"count":0,"href":"https:\/\/darzdrowia.pl\/ciekawostki\/wp-json\/wp\/v2\/posts\/7506\/revisions"}],"wp:attachment":[{"href":"https:\/\/darzdrowia.pl\/ciekawostki\/wp-json\/wp\/v2\/media?parent=7506"}],"wp:term":[{"taxonomy":"category","embeddable":true,"href":"https:\/\/darzdrowia.pl\/ciekawostki\/wp-json\/wp\/v2\/categories?post=7506"},{"taxonomy":"post_tag","embeddable":true,"href":"https:\/\/darzdrowia.pl\/ciekawostki\/wp-json\/wp\/v2\/tags?post=7506"}],"curies":[{"name":"wp","href":"https:\/\/api.w.org\/{rel}","templated":true}]}}