{"id":7466,"date":"2025-01-21T13:49:41","date_gmt":"2025-01-21T12:49:41","guid":{"rendered":"https:\/\/darzdrowia.pl\/ciekawostki\/serum-do-twarzy-z-probiotykami-co-warto-wiedziec\/"},"modified":"2025-01-21T13:49:41","modified_gmt":"2025-01-21T12:49:41","slug":"serum-do-twarzy-z-probiotykami-co-warto-wiedziec","status":"publish","type":"post","link":"https:\/\/darzdrowia.pl\/ciekawostki\/serum-do-twarzy-z-probiotykami-co-warto-wiedziec\/","title":{"rendered":"Serum do twarzy z probiotykami \u2013 co warto wiedzie\u0107?"},"content":{"rendered":"\n<p>Serum do twarzy z probiotykami to innowacyjny produkt w dziedzinie piel\u0119gnacji sk\u00f3ry, kt\u00f3ry zdobywa coraz wi\u0119ksz\u0105 popularno\u015b\u0107 w\u015br\u00f3d os\u00f3b poszukuj\u0105cych skutecznych rozwi\u0105za\u0144 dla zdrowia i urody swojej cery. Probiotyki, znane g\u0142\u00f3wnie z korzystnego wp\u0142ywu na uk\u0142ad trawienny, znalaz\u0142y swoje zastosowanie r\u00f3wnie\u017c w kosmetyce, oferuj\u0105c szereg korzy\u015bci dla sk\u00f3ry. Wprowadzenie probiotyk\u00f3w do codziennej rutyny piel\u0119gnacyjnej mo\u017ce pom\u00f3c w przywr\u00f3ceniu naturalnej r\u00f3wnowagi mikroflory sk\u00f3ry, co jest kluczowe dla jej zdrowego wygl\u0105du i funkcjonowania. Serum z probiotykami dzia\u0142a na wielu poziomach \u2013 wzmacnia barier\u0119 ochronn\u0105 sk\u00f3ry, \u0142agodzi podra\u017cnienia oraz wspomaga regeneracj\u0119 nask\u00f3rka. Warto wiedzie\u0107, jakie sk\u0142adniki aktywne zawiera takie serum, jak je stosowa\u0107 oraz jakie efekty mo\u017cna osi\u0105gn\u0105\u0107 dzi\u0119ki regularnemu u\u017cywaniu tego typu produkt\u00f3w. Poznanie tych aspekt\u00f3w pomo\u017ce w pe\u0142ni wykorzysta\u0107 potencja\u0142 serum z probiotykami i cieszy\u0107 si\u0119 promienn\u0105 oraz zdrow\u0105 cer\u0105.<\/p>\n\n\n\n<h2 class=\"wp-block-heading\">Probiotyczne serum do twarzy: Jak dzia\u0142aj\u0105 dobre bakterie na nasz\u0105 sk\u00f3r\u0119?<\/h2>\n\n\n\n<p>Probiotyczne serum do twarzy zawiera \u017cywe kultury bakterii, kt\u00f3re wspieraj\u0105 naturaln\u0105 mikroflor\u0119 sk\u00f3ry. Dobre bakterie pomagaj\u0105 w utrzymaniu r\u00f3wnowagi mikrobiomu, co mo\u017ce prowadzi\u0107 do poprawy bariery ochronnej sk\u00f3ry. Dzi\u0119ki temu sk\u00f3ra staje si\u0119 bardziej odporna na dzia\u0142anie szkodliwych czynnik\u00f3w zewn\u0119trznych, takich jak zanieczyszczenia czy promieniowanie UV. Probiotyki mog\u0105 r\u00f3wnie\u017c redukowa\u0107 stany zapalne i \u0142agodzi\u0107 podra\u017cnienia, co jest szczeg\u00f3lnie korzystne dla os\u00f3b z wra\u017cliw\u0105 lub problematyczn\u0105 cer\u0105. Regularne stosowanie probiotycznego serum mo\u017ce przyczyni\u0107 si\u0119 do poprawy nawil\u017cenia i elastyczno\u015bci sk\u00f3ry, a tak\u017ce wspomaga\u0107 jej regeneracj\u0119.<\/p>\n\n\n\n<h2 class=\"wp-block-heading\">Serum z probiotykami w codziennej piel\u0119gnacji: Kluczowe korzy\u015bci i jak je stosowa\u0107<\/h2>\n\n\n\n<p>Serum z probiotykami w codziennej piel\u0119gnacji sk\u00f3ry oferuje wiele korzy\u015bci. Probiotyki wspieraj\u0105 naturaln\u0105 barier\u0119 ochronn\u0105 sk\u00f3ry, pomagaj\u0105c w utrzymaniu jej r\u00f3wnowagi mikrobiologicznej. Dzi\u0119ki temu sk\u00f3ra staje si\u0119 bardziej odporna na dzia\u0142anie szkodliwych czynnik\u00f3w zewn\u0119trznych, takich jak zanieczyszczenia czy promieniowanie UV.<\/p>\n\n\n\n<p>Regularne stosowanie serum z probiotykami mo\u017ce r\u00f3wnie\u017c przyczyni\u0107 si\u0119 do redukcji stan\u00f3w zapalnych oraz poprawy nawil\u017cenia sk\u00f3ry. Dzia\u0142a koj\u0105co, co jest szczeg\u00f3lnie korzystne dla os\u00f3b z cer\u0105 wra\u017cliw\u0105 lub sk\u0142onn\u0105 do podra\u017cnie\u0144.<\/p>\n\n\n\n<p>Aby uzyska\u0107 najlepsze efekty, serum nale\u017cy stosowa\u0107 na oczyszczon\u0105 sk\u00f3r\u0119 twarzy, przed na\u0142o\u017ceniem kremu nawil\u017caj\u0105cego. Zaleca si\u0119 aplikacj\u0119 rano i wieczorem, delikatnie wmasowuj\u0105c produkt opuszkami palc\u00f3w. Regularno\u015b\u0107 i odpowiednia technika aplikacji s\u0105 kluczowe dla osi\u0105gni\u0119cia optymalnych rezultat\u00f3w.<\/p>\n\n\n\n<h2 class=\"wp-block-heading\">Czy probiotyki w serum do twarzy to przysz\u0142o\u015b\u0107 piel\u0119gnacji sk\u00f3ry? Odkrywamy fakty i mity<\/h2>\n\n\n\n<p>Probiotyki w serum do twarzy zyskuj\u0105 na popularno\u015bci jako innowacyjny sk\u0142adnik w piel\u0119gnacji sk\u00f3ry. Ich zwolennicy twierdz\u0105, \u017ce mog\u0105 one wspiera\u0107 naturaln\u0105 barier\u0119 ochronn\u0105 sk\u00f3ry, redukowa\u0107 stany zapalne i poprawia\u0107 og\u00f3lny wygl\u0105d cery. Probiotyki dzia\u0142aj\u0105 poprzez r\u00f3wnowa\u017cenie mikroflory sk\u00f3ry, co mo\u017ce prowadzi\u0107 do jej lepszego nawil\u017cenia i elastyczno\u015bci.<\/p>\n\n\n\n<p>Jednak nie wszystkie twierdzenia s\u0105 poparte solidnymi badaniami naukowymi. Wiele z dost\u0119pnych produkt\u00f3w opiera si\u0119 na ograniczonych dowodach dotycz\u0105cych skuteczno\u015bci probiotyk\u00f3w w kosmetykach. Istnieje potrzeba dalszych bada\u0144, aby jednoznacznie potwierdzi\u0107 ich korzy\u015bci.<\/p>\n\n\n\n<p>Warto r\u00f3wnie\u017c pami\u0119ta\u0107, \u017ce skuteczno\u015b\u0107 probiotyk\u00f3w mo\u017ce zale\u017ce\u0107 od indywidualnych potrzeb sk\u00f3ry oraz od formu\u0142y produktu. Konsumenci powinni by\u0107 \u015bwiadomi r\u00f3\u017cnic mi\u0119dzy poszczeg\u00f3lnymi produktami i wybiera\u0107 te, kt\u00f3re najlepiej odpowiadaj\u0105 ich potrzebom.<\/p>\n\n\n\n<p>Podsumowuj\u0105c, probiotyki w serum do twarzy maj\u0105 potencja\u0142 jako przysz\u0142o\u015bciowy sk\u0142adnik piel\u0119gnacyjny, ale wymagaj\u0105 dalszych bada\u0144 i indywidualnego podej\u015bcia przy wyborze odpowiednich produkt\u00f3w.<\/p>\n\n\n\n<p>Serum do twarzy z probiotykami to innowacyjny produkt w piel\u0119gnacji sk\u00f3ry, kt\u00f3ry zdobywa coraz wi\u0119ksz\u0105 popularno\u015b\u0107 dzi\u0119ki swoim unikalnym w\u0142a\u015bciwo\u015bciom. Probiotyki, znane g\u0142\u00f3wnie z korzystnego wp\u0142ywu na uk\u0142ad trawienny, w kosmetykach dzia\u0142aj\u0105 na rzecz przywr\u00f3cenia i utrzymania r\u00f3wnowagi mikroflory sk\u00f3ry. Regularne stosowanie serum z probiotykami mo\u017ce prowadzi\u0107 do poprawy kondycji sk\u00f3ry, zwi\u0119kszenia jej odporno\u015bci na czynniki zewn\u0119trzne oraz redukcji stan\u00f3w zapalnych i podra\u017cnie\u0144. Warto zwr\u00f3ci\u0107 uwag\u0119 na sk\u0142ad produktu, aby upewni\u0107 si\u0119, \u017ce zawiera on odpowiednie szczepy probiotyczne oraz inne sk\u0142adniki wspieraj\u0105ce zdrowie sk\u00f3ry. Serum tego typu jest szczeg\u00f3lnie polecane osobom z problematyczn\u0105 cer\u0105, ale mo\u017ce by\u0107 korzystne dla ka\u017cdego rodzaju sk\u00f3ry jako element codziennej piel\u0119gnacji. Podsumowuj\u0105c, serum do twarzy z probiotykami to warto\u015bciowy dodatek do rutyny piel\u0119gnacyjnej, kt\u00f3ry pomaga w utrzymaniu zdrowej i promiennej cery.<\/p>\n","protected":false},"excerpt":{"rendered":"<p>Serum do twarzy z probiotykami to innowacyjny produkt w dziedzinie piel\u0119gnacji sk\u00f3ry, kt\u00f3ry zdobywa coraz wi\u0119ksz\u0105 popularno\u015b\u0107 w\u015br\u00f3d os\u00f3b poszukuj\u0105cych skutecznych rozwi\u0105za\u0144 dla zdrowia i urody swojej cery. Probiotyki, znane g\u0142\u00f3wnie z korzystnego wp\u0142ywu na uk\u0142ad trawienny, znalaz\u0142y swoje zastosowanie r\u00f3wnie\u017c w kosmetyce, oferuj\u0105c szereg korzy\u015bci dla sk\u00f3ry. Wprowadzenie probiotyk\u00f3w do codziennej rutyny piel\u0119gnacyjnej mo\u017ce [&hellip;]<\/p>\n","protected":false},"author":1,"featured_media":0,"comment_status":"","ping_status":"open","sticky":false,"template":"","format":"standard","meta":{"footnotes":""},"categories":[1],"tags":[],"class_list":["post-7466","post","type-post","status-publish","format-standard","hentry","category-bez-kategorii"],"fm_meta_title":"Serum do twarzy z probiotykami \u2013 co warto wiedzie\u0107?","fm_meta_description":"Odkryj moc serum z probiotykami! Dowiedz si\u0119, jak poprawia kondycj\u0119 sk\u00f3ry, wzmacnia barier\u0119 ochronn\u0105 i przywraca naturalny blask. Sprawd\u017a teraz!","yoast_head":"<!-- This site is optimized with the Yoast SEO plugin v21.5 - https:\/\/yoast.com\/wordpress\/plugins\/seo\/ -->\n<title>Serum do twarzy z probiotykami \u2013 co warto wiedzie\u0107?<\/title>\n<meta name=\"description\" content=\"Odkryj moc serum z probiotykami! Dowiedz si\u0119, jak poprawia kondycj\u0119 sk\u00f3ry, wzmacnia barier\u0119 ochronn\u0105 i przywraca naturalny blask. Sprawd\u017a teraz!\" \/>\n<meta name=\"robots\" content=\"index, follow, max-snippet:-1, max-image-preview:large, max-video-preview:-1\" \/>\n<link rel=\"canonical\" href=\"https:\/\/darzdrowia.pl\/ciekawostki\/serum-do-twarzy-z-probiotykami-co-warto-wiedziec\/\" \/>\n<meta property=\"og:locale\" content=\"pl_PL\" \/>\n<meta property=\"og:type\" content=\"article\" \/>\n<meta property=\"og:title\" content=\"Serum do twarzy z probiotykami \u2013 co warto wiedzie\u0107?\" \/>\n<meta property=\"og:description\" content=\"Odkryj moc serum z probiotykami! Dowiedz si\u0119, jak poprawia kondycj\u0119 sk\u00f3ry, wzmacnia barier\u0119 ochronn\u0105 i przywraca naturalny blask. Sprawd\u017a teraz!\" \/>\n<meta property=\"og:url\" content=\"https:\/\/darzdrowia.pl\/ciekawostki\/serum-do-twarzy-z-probiotykami-co-warto-wiedziec\/\" \/>\n<meta property=\"og:site_name\" content=\"Dar Zdrowia Drogeria - Blog\" \/>\n<meta property=\"article:publisher\" content=\"https:\/\/www.facebook.com\/profile.php?id=100063606935396\" \/>\n<meta property=\"article:published_time\" content=\"2025-01-21T12:49:41+00:00\" \/>\n<meta name=\"author\" content=\"funkymedia\" \/>\n<meta name=\"twitter:card\" content=\"summary_large_image\" \/>\n<meta name=\"twitter:label1\" content=\"Napisane przez\" \/>\n\t<meta name=\"twitter:data1\" content=\"funkymedia\" \/>\n\t<meta name=\"twitter:label2\" content=\"Szacowany czas czytania\" \/>\n\t<meta name=\"twitter:data2\" content=\"4 minuty\" \/>\n<script type=\"application\/ld+json\" class=\"yoast-schema-graph\">{\"@context\":\"https:\/\/schema.org\",\"@graph\":[{\"@type\":\"Article\",\"@id\":\"https:\/\/darzdrowia.pl\/ciekawostki\/serum-do-twarzy-z-probiotykami-co-warto-wiedziec\/#article\",\"isPartOf\":{\"@id\":\"https:\/\/darzdrowia.pl\/ciekawostki\/serum-do-twarzy-z-probiotykami-co-warto-wiedziec\/\"},\"author\":{\"name\":\"funkymedia\",\"@id\":\"https:\/\/darzdrowia.pl\/ciekawostki\/#\/schema\/person\/e75579d624630bf943ac69d374bb928e\"},\"headline\":\"Serum do twarzy z probiotykami \u2013 co warto wiedzie\u0107?\",\"datePublished\":\"2025-01-21T12:49:41+00:00\",\"dateModified\":\"2025-01-21T12:49:41+00:00\",\"mainEntityOfPage\":{\"@id\":\"https:\/\/darzdrowia.pl\/ciekawostki\/serum-do-twarzy-z-probiotykami-co-warto-wiedziec\/\"},\"wordCount\":800,\"publisher\":{\"@id\":\"https:\/\/darzdrowia.pl\/ciekawostki\/#organization\"},\"inLanguage\":\"pl-PL\"},{\"@type\":\"WebPage\",\"@id\":\"https:\/\/darzdrowia.pl\/ciekawostki\/serum-do-twarzy-z-probiotykami-co-warto-wiedziec\/\",\"url\":\"https:\/\/darzdrowia.pl\/ciekawostki\/serum-do-twarzy-z-probiotykami-co-warto-wiedziec\/\",\"name\":\"Serum do twarzy z probiotykami \u2013 co warto wiedzie\u0107?\",\"isPartOf\":{\"@id\":\"https:\/\/darzdrowia.pl\/ciekawostki\/#website\"},\"datePublished\":\"2025-01-21T12:49:41+00:00\",\"dateModified\":\"2025-01-21T12:49:41+00:00\",\"description\":\"Odkryj moc serum z probiotykami! Dowiedz si\u0119, jak poprawia kondycj\u0119 sk\u00f3ry, wzmacnia barier\u0119 ochronn\u0105 i przywraca naturalny blask. Sprawd\u017a teraz!\",\"breadcrumb\":{\"@id\":\"https:\/\/darzdrowia.pl\/ciekawostki\/serum-do-twarzy-z-probiotykami-co-warto-wiedziec\/#breadcrumb\"},\"inLanguage\":\"pl-PL\",\"potentialAction\":[{\"@type\":\"ReadAction\",\"target\":[\"https:\/\/darzdrowia.pl\/ciekawostki\/serum-do-twarzy-z-probiotykami-co-warto-wiedziec\/\"]}]},{\"@type\":\"BreadcrumbList\",\"@id\":\"https:\/\/darzdrowia.pl\/ciekawostki\/serum-do-twarzy-z-probiotykami-co-warto-wiedziec\/#breadcrumb\",\"itemListElement\":[{\"@type\":\"ListItem\",\"position\":1,\"name\":\"Strona g\u0142\u00f3wna\",\"item\":\"https:\/\/darzdrowia.pl\/ciekawostki\/\"},{\"@type\":\"ListItem\",\"position\":2,\"name\":\"Serum do twarzy z probiotykami \u2013 co warto wiedzie\u0107?\"}]},{\"@type\":\"WebSite\",\"@id\":\"https:\/\/darzdrowia.pl\/ciekawostki\/#website\",\"url\":\"https:\/\/darzdrowia.pl\/ciekawostki\/\",\"name\":\"Dar Zdrowia Drogeria - Blog\",\"description\":\"\",\"publisher\":{\"@id\":\"https:\/\/darzdrowia.pl\/ciekawostki\/#organization\"},\"potentialAction\":[{\"@type\":\"SearchAction\",\"target\":{\"@type\":\"EntryPoint\",\"urlTemplate\":\"https:\/\/darzdrowia.pl\/ciekawostki\/?s={search_term_string}\"},\"query-input\":\"required name=search_term_string\"}],\"inLanguage\":\"pl-PL\"},{\"@type\":\"Organization\",\"@id\":\"https:\/\/darzdrowia.pl\/ciekawostki\/#organization\",\"name\":\"Dar Zdrowia Drogeria - Blog\",\"url\":\"https:\/\/darzdrowia.pl\/ciekawostki\/\",\"logo\":{\"@type\":\"ImageObject\",\"inLanguage\":\"pl-PL\",\"@id\":\"https:\/\/darzdrowia.pl\/ciekawostki\/#\/schema\/logo\/image\/\",\"url\":\"https:\/\/darzdrowia.pl\/ciekawostki\/wp-content\/uploads\/2023\/11\/logo-darzdrowia.webp\",\"contentUrl\":\"https:\/\/darzdrowia.pl\/ciekawostki\/wp-content\/uploads\/2023\/11\/logo-darzdrowia.webp\",\"width\":744,\"height\":225,\"caption\":\"Dar Zdrowia Drogeria - Blog\"},\"image\":{\"@id\":\"https:\/\/darzdrowia.pl\/ciekawostki\/#\/schema\/logo\/image\/\"},\"sameAs\":[\"https:\/\/www.facebook.com\/profile.php?id=100063606935396\"]},{\"@type\":\"Person\",\"@id\":\"https:\/\/darzdrowia.pl\/ciekawostki\/#\/schema\/person\/e75579d624630bf943ac69d374bb928e\",\"name\":\"funkymedia\",\"image\":{\"@type\":\"ImageObject\",\"inLanguage\":\"pl-PL\",\"@id\":\"https:\/\/darzdrowia.pl\/ciekawostki\/#\/schema\/person\/image\/\",\"url\":\"https:\/\/secure.gravatar.com\/avatar\/393cb205b658aef6e3271ad5a92265e3e4433d2384bbe95524ba160d5bc20299?s=96&d=mm&r=g\",\"contentUrl\":\"https:\/\/secure.gravatar.com\/avatar\/393cb205b658aef6e3271ad5a92265e3e4433d2384bbe95524ba160d5bc20299?s=96&d=mm&r=g\",\"caption\":\"funkymedia\"},\"sameAs\":[\"https:\/\/darzdrowia.pl\/ciekawostki\"],\"url\":\"https:\/\/darzdrowia.pl\/ciekawostki\/author\/funkymedia\/\"}]}<\/script>\n<!-- \/ Yoast SEO plugin. -->","yoast_head_json":{"title":"Serum do twarzy z probiotykami \u2013 co warto wiedzie\u0107?","description":"Odkryj moc serum z probiotykami! Dowiedz si\u0119, jak poprawia kondycj\u0119 sk\u00f3ry, wzmacnia barier\u0119 ochronn\u0105 i przywraca naturalny blask. Sprawd\u017a teraz!","robots":{"index":"index","follow":"follow","max-snippet":"max-snippet:-1","max-image-preview":"max-image-preview:large","max-video-preview":"max-video-preview:-1"},"canonical":"https:\/\/darzdrowia.pl\/ciekawostki\/serum-do-twarzy-z-probiotykami-co-warto-wiedziec\/","og_locale":"pl_PL","og_type":"article","og_title":"Serum do twarzy z probiotykami \u2013 co warto wiedzie\u0107?","og_description":"Odkryj moc serum z probiotykami! Dowiedz si\u0119, jak poprawia kondycj\u0119 sk\u00f3ry, wzmacnia barier\u0119 ochronn\u0105 i przywraca naturalny blask. Sprawd\u017a teraz!","og_url":"https:\/\/darzdrowia.pl\/ciekawostki\/serum-do-twarzy-z-probiotykami-co-warto-wiedziec\/","og_site_name":"Dar Zdrowia Drogeria - Blog","article_publisher":"https:\/\/www.facebook.com\/profile.php?id=100063606935396","article_published_time":"2025-01-21T12:49:41+00:00","author":"funkymedia","twitter_card":"summary_large_image","twitter_misc":{"Napisane przez":"funkymedia","Szacowany czas czytania":"4 minuty"},"schema":{"@context":"https:\/\/schema.org","@graph":[{"@type":"Article","@id":"https:\/\/darzdrowia.pl\/ciekawostki\/serum-do-twarzy-z-probiotykami-co-warto-wiedziec\/#article","isPartOf":{"@id":"https:\/\/darzdrowia.pl\/ciekawostki\/serum-do-twarzy-z-probiotykami-co-warto-wiedziec\/"},"author":{"name":"funkymedia","@id":"https:\/\/darzdrowia.pl\/ciekawostki\/#\/schema\/person\/e75579d624630bf943ac69d374bb928e"},"headline":"Serum do twarzy z probiotykami \u2013 co warto wiedzie\u0107?","datePublished":"2025-01-21T12:49:41+00:00","dateModified":"2025-01-21T12:49:41+00:00","mainEntityOfPage":{"@id":"https:\/\/darzdrowia.pl\/ciekawostki\/serum-do-twarzy-z-probiotykami-co-warto-wiedziec\/"},"wordCount":800,"publisher":{"@id":"https:\/\/darzdrowia.pl\/ciekawostki\/#organization"},"inLanguage":"pl-PL"},{"@type":"WebPage","@id":"https:\/\/darzdrowia.pl\/ciekawostki\/serum-do-twarzy-z-probiotykami-co-warto-wiedziec\/","url":"https:\/\/darzdrowia.pl\/ciekawostki\/serum-do-twarzy-z-probiotykami-co-warto-wiedziec\/","name":"Serum do twarzy z probiotykami \u2013 co warto wiedzie\u0107?","isPartOf":{"@id":"https:\/\/darzdrowia.pl\/ciekawostki\/#website"},"datePublished":"2025-01-21T12:49:41+00:00","dateModified":"2025-01-21T12:49:41+00:00","description":"Odkryj moc serum z probiotykami! Dowiedz si\u0119, jak poprawia kondycj\u0119 sk\u00f3ry, wzmacnia barier\u0119 ochronn\u0105 i przywraca naturalny blask. Sprawd\u017a teraz!","breadcrumb":{"@id":"https:\/\/darzdrowia.pl\/ciekawostki\/serum-do-twarzy-z-probiotykami-co-warto-wiedziec\/#breadcrumb"},"inLanguage":"pl-PL","potentialAction":[{"@type":"ReadAction","target":["https:\/\/darzdrowia.pl\/ciekawostki\/serum-do-twarzy-z-probiotykami-co-warto-wiedziec\/"]}]},{"@type":"BreadcrumbList","@id":"https:\/\/darzdrowia.pl\/ciekawostki\/serum-do-twarzy-z-probiotykami-co-warto-wiedziec\/#breadcrumb","itemListElement":[{"@type":"ListItem","position":1,"name":"Strona g\u0142\u00f3wna","item":"https:\/\/darzdrowia.pl\/ciekawostki\/"},{"@type":"ListItem","position":2,"name":"Serum do twarzy z probiotykami \u2013 co warto wiedzie\u0107?"}]},{"@type":"WebSite","@id":"https:\/\/darzdrowia.pl\/ciekawostki\/#website","url":"https:\/\/darzdrowia.pl\/ciekawostki\/","name":"Dar Zdrowia Drogeria - Blog","description":"","publisher":{"@id":"https:\/\/darzdrowia.pl\/ciekawostki\/#organization"},"potentialAction":[{"@type":"SearchAction","target":{"@type":"EntryPoint","urlTemplate":"https:\/\/darzdrowia.pl\/ciekawostki\/?s={search_term_string}"},"query-input":"required name=search_term_string"}],"inLanguage":"pl-PL"},{"@type":"Organization","@id":"https:\/\/darzdrowia.pl\/ciekawostki\/#organization","name":"Dar Zdrowia Drogeria - Blog","url":"https:\/\/darzdrowia.pl\/ciekawostki\/","logo":{"@type":"ImageObject","inLanguage":"pl-PL","@id":"https:\/\/darzdrowia.pl\/ciekawostki\/#\/schema\/logo\/image\/","url":"https:\/\/darzdrowia.pl\/ciekawostki\/wp-content\/uploads\/2023\/11\/logo-darzdrowia.webp","contentUrl":"https:\/\/darzdrowia.pl\/ciekawostki\/wp-content\/uploads\/2023\/11\/logo-darzdrowia.webp","width":744,"height":225,"caption":"Dar Zdrowia Drogeria - Blog"},"image":{"@id":"https:\/\/darzdrowia.pl\/ciekawostki\/#\/schema\/logo\/image\/"},"sameAs":["https:\/\/www.facebook.com\/profile.php?id=100063606935396"]},{"@type":"Person","@id":"https:\/\/darzdrowia.pl\/ciekawostki\/#\/schema\/person\/e75579d624630bf943ac69d374bb928e","name":"funkymedia","image":{"@type":"ImageObject","inLanguage":"pl-PL","@id":"https:\/\/darzdrowia.pl\/ciekawostki\/#\/schema\/person\/image\/","url":"https:\/\/secure.gravatar.com\/avatar\/393cb205b658aef6e3271ad5a92265e3e4433d2384bbe95524ba160d5bc20299?s=96&d=mm&r=g","contentUrl":"https:\/\/secure.gravatar.com\/avatar\/393cb205b658aef6e3271ad5a92265e3e4433d2384bbe95524ba160d5bc20299?s=96&d=mm&r=g","caption":"funkymedia"},"sameAs":["https:\/\/darzdrowia.pl\/ciekawostki"],"url":"https:\/\/darzdrowia.pl\/ciekawostki\/author\/funkymedia\/"}]}},"_links":{"self":[{"href":"https:\/\/darzdrowia.pl\/ciekawostki\/wp-json\/wp\/v2\/posts\/7466","targetHints":{"allow":["GET"]}}],"collection":[{"href":"https:\/\/darzdrowia.pl\/ciekawostki\/wp-json\/wp\/v2\/posts"}],"about":[{"href":"https:\/\/darzdrowia.pl\/ciekawostki\/wp-json\/wp\/v2\/types\/post"}],"author":[{"embeddable":true,"href":"https:\/\/darzdrowia.pl\/ciekawostki\/wp-json\/wp\/v2\/users\/1"}],"replies":[{"embeddable":true,"href":"https:\/\/darzdrowia.pl\/ciekawostki\/wp-json\/wp\/v2\/comments?post=7466"}],"version-history":[{"count":0,"href":"https:\/\/darzdrowia.pl\/ciekawostki\/wp-json\/wp\/v2\/posts\/7466\/revisions"}],"wp:attachment":[{"href":"https:\/\/darzdrowia.pl\/ciekawostki\/wp-json\/wp\/v2\/media?parent=7466"}],"wp:term":[{"taxonomy":"category","embeddable":true,"href":"https:\/\/darzdrowia.pl\/ciekawostki\/wp-json\/wp\/v2\/categories?post=7466"},{"taxonomy":"post_tag","embeddable":true,"href":"https:\/\/darzdrowia.pl\/ciekawostki\/wp-json\/wp\/v2\/tags?post=7466"}],"curies":[{"name":"wp","href":"https:\/\/api.w.org\/{rel}","templated":true}]}}