{"id":7439,"date":"2025-01-21T13:40:46","date_gmt":"2025-01-21T12:40:46","guid":{"rendered":"https:\/\/darzdrowia.pl\/ciekawostki\/czy-serum-z-witamina-c-nadaje-sie-na-noc\/"},"modified":"2025-01-21T13:40:46","modified_gmt":"2025-01-21T12:40:46","slug":"czy-serum-z-witamina-c-nadaje-sie-na-noc","status":"publish","type":"post","link":"https:\/\/darzdrowia.pl\/ciekawostki\/czy-serum-z-witamina-c-nadaje-sie-na-noc\/","title":{"rendered":"Czy serum z witamin\u0105 C nadaje si\u0119 na noc?"},"content":{"rendered":"\n<p>Serum z witamin\u0105 C to popularny produkt w piel\u0119gnacji sk\u00f3ry, ceniony za swoje w\u0142a\u015bciwo\u015bci rozja\u015bniaj\u0105ce, przeciwutleniaj\u0105ce i wspomagaj\u0105ce produkcj\u0119 kolagenu. Wiele os\u00f3b zastanawia si\u0119, czy stosowanie tego typu serum na noc jest odpowiednie i przynosi korzy\u015bci dla sk\u00f3ry. Witamina C, znana r\u00f3wnie\u017c jako kwas askorbinowy, pomaga w walce z wolnymi rodnikami oraz wspiera regeneracj\u0119 sk\u00f3ry, co czyni j\u0105 atrakcyjnym sk\u0142adnikiem w codziennej rutynie piel\u0119gnacyjnej. Jednak\u017ce, ze wzgl\u0119du na jej specyficzne w\u0142a\u015bciwo\u015bci chemiczne i interakcje z innymi sk\u0142adnikami kosmetyk\u00f3w, warto zastanowi\u0107 si\u0119 nad najlepszym czasem jej aplikacji. W tym artykule przyjrzymy si\u0119 zaletom i potencjalnym wyzwaniom zwi\u0105zanym z u\u017cywaniem serum z witamin\u0105 C na noc oraz podpowiemy, jak najlepiej w\u0142\u0105czy\u0107 je do wieczornej piel\u0119gnacji sk\u00f3ry.<\/p>\n\n\n\n<h2 class=\"wp-block-heading\">Serum z witamin\u0105 C na noc: Czy to dobry pomys\u0142? Analiza korzy\u015bci i potencjalnych zagro\u017ce\u0144<\/h2>\n\n\n\n<p>Serum z witamin\u0105 C jest popularnym produktem w piel\u0119gnacji sk\u00f3ry, znanym z w\u0142a\u015bciwo\u015bci rozja\u015bniaj\u0105cych i antyoksydacyjnych. Stosowanie go na noc mo\u017ce przynie\u015b\u0107 wiele korzy\u015bci, ale wi\u0105\u017ce si\u0119 tak\u017ce z pewnymi zagro\u017ceniami.<\/p>\n\n\n\n<p>**Korzy\u015bci:**<\/p>\n\n\n\n<p>1. **Regeneracja sk\u00f3ry:** Noc to czas intensywnej regeneracji sk\u00f3ry. Witamina C wspomaga produkcj\u0119 kolagenu, co mo\u017ce poprawi\u0107 elastyczno\u015b\u0107 i j\u0119drno\u015b\u0107 sk\u00f3ry.<\/p>\n\n\n\n<p>2. **Dzia\u0142anie antyoksydacyjne:** Neutralizuje wolne rodniki, kt\u00f3re mog\u0105 uszkadza\u0107 kom\u00f3rki sk\u00f3ry, co jest szczeg\u00f3lnie korzystne po ca\u0142ym dniu ekspozycji na czynniki zewn\u0119trzne.<\/p>\n\n\n\n<p>3. **Rozja\u015bnianie przebarwie\u0144:** Regularne stosowanie mo\u017ce pom\u00f3c w redukcji przebarwie\u0144 i wyr\u00f3wnaniu kolorytu sk\u00f3ry.<\/p>\n\n\n\n<p>**Potencjalne zagro\u017cenia:**<\/p>\n\n\n\n<p>1. **Podra\u017cnienia:** Witamina C w wysokich st\u0119\u017ceniach mo\u017ce powodowa\u0107 podra\u017cnienia, zw\u0142aszcza u os\u00f3b z wra\u017cliw\u0105 sk\u00f3r\u0105.<\/p>\n\n\n\n<p>2. **Reakcje alergiczne:** Istnieje ryzyko wyst\u0105pienia reakcji alergicznych, dlatego zaleca si\u0119 wykonanie testu uczuleniowego przed pe\u0142nym zastosowaniem.<\/p>\n\n\n\n<p>3. **Interakcje z innymi sk\u0142adnikami:** Nale\u017cy unika\u0107 \u0142\u0105czenia witaminy C z niekt\u00f3rymi kwasami (np. AHA\/BHA) bez konsultacji ze specjalist\u0105, aby unikn\u0105\u0107 podra\u017cnie\u0144.<\/p>\n\n\n\n<p>Podsumowuj\u0105c, serum z witamin\u0105 C na noc mo\u017ce by\u0107 korzystne dla wielu typ\u00f3w sk\u00f3ry, ale wymaga ostro\u017cno\u015bci i dostosowania do indywidualnych potrzeb oraz tolerancji sk\u00f3ry.<\/p>\n\n\n\n<h2 class=\"wp-block-heading\">Nocna piel\u0119gnacja sk\u00f3ry: Jak w\u0142\u0105czy\u0107 serum z witamin\u0105 C do wieczornej rutyny kosmetycznej?<\/h2>\n\n\n\n<p>Aby w\u0142\u0105czy\u0107 serum z witamin\u0105 C do wieczornej rutyny kosmetycznej, zacznij od dok\u0142adnego oczyszczenia sk\u00f3ry. U\u017cyj delikatnego \u015brodka myj\u0105cego, aby usun\u0105\u0107 zanieczyszczenia i makija\u017c. Nast\u0119pnie osusz twarz r\u0119cznikiem. Na\u0142\u00f3\u017c tonik, aby przywr\u00f3ci\u0107 sk\u00f3rze odpowiednie pH. Po tonizacji na\u0142\u00f3\u017c kilka kropli serum z witamin\u0105 C na twarz i szyj\u0119, delikatnie wklepuj\u0105c produkt opuszkami palc\u00f3w. Unikaj okolic oczu. Po wch\u0142oni\u0119ciu serum zastosuj krem nawil\u017caj\u0105cy, aby zamkn\u0105\u0107 sk\u0142adniki aktywne w sk\u00f3rze i zapewni\u0107 jej odpowiednie nawodnienie przez noc. Stosuj serum regularnie, ale zacznij od mniejszej cz\u0119stotliwo\u015bci (np. co drugi dzie\u0144), aby sk\u00f3ra mog\u0142a si\u0119 przyzwyczai\u0107 do nowego produktu.<\/p>\n\n\n\n<h2 class=\"wp-block-heading\">Witamina C w nocnej piel\u0119gnacji: Fakty i mity dotycz\u0105ce stosowania serum przed snem<\/h2>\n\n\n\n<p>Witamina C jest popularnym sk\u0142adnikiem w piel\u0119gnacji sk\u00f3ry, znanym z w\u0142a\u015bciwo\u015bci antyoksydacyjnych i rozja\u015bniaj\u0105cych. Wiele os\u00f3b zastanawia si\u0119, czy stosowanie serum z witamin\u0105 C przed snem jest skuteczne. Faktem jest, \u017ce witamina C mo\u017ce wspiera\u0107 regeneracj\u0119 sk\u00f3ry podczas nocnego odpoczynku, neutralizuj\u0105c wolne rodniki i wspomagaj\u0105c produkcj\u0119 kolagenu. Jednak niekt\u00f3re formy witaminy C s\u0105 niestabilne i mog\u0105 traci\u0107 skuteczno\u015b\u0107 w kontakcie z powietrzem lub \u015bwiat\u0142em. Dlatego wa\u017cne jest, aby wybiera\u0107 produkty w odpowiednich opakowaniach i przechowywa\u0107 je zgodnie z zaleceniami producenta. Mitem jest przekonanie, \u017ce witamina C nie powinna by\u0107 stosowana wieczorem; kluczowe jest dobranie odpowiedniej formu\u0142y do indywidualnych potrzeb sk\u00f3ry.<\/p>\n\n\n\n<p>Serum z witamin\u0105 C jest popularnym produktem w piel\u0119gnacji sk\u00f3ry, znanym ze swoich w\u0142a\u015bciwo\u015bci rozja\u015bniaj\u0105cych i antyoksydacyjnych. Cho\u0107 tradycyjnie zaleca si\u0119 jego stosowanie rano, aby chroni\u0107 sk\u00f3r\u0119 przed szkodliwym dzia\u0142aniem wolnych rodnik\u00f3w w ci\u0105gu dnia, nie ma przeciwwskaza\u0144 do u\u017cywania go r\u00f3wnie\u017c na noc. Nocne stosowanie serum z witamin\u0105 C mo\u017ce wspiera\u0107 regeneracj\u0119 sk\u00f3ry i poprawia\u0107 jej koloryt podczas snu. Kluczowe jest jednak, aby dostosowa\u0107 piel\u0119gnacj\u0119 do indywidualnych potrzeb sk\u00f3ry oraz upewni\u0107 si\u0119, \u017ce produkt jest odpowiednio sformu\u0142owany i stabilny. Warto r\u00f3wnie\u017c pami\u0119ta\u0107 o stosowaniu kremu z filtrem UV w ci\u0105gu dnia, je\u015bli u\u017cywamy serum z witamin\u0105 C na noc, aby zapewni\u0107 sk\u00f3rze pe\u0142n\u0105 ochron\u0119.<\/p>\n","protected":false},"excerpt":{"rendered":"<p>Serum z witamin\u0105 C to popularny produkt w piel\u0119gnacji sk\u00f3ry, ceniony za swoje w\u0142a\u015bciwo\u015bci rozja\u015bniaj\u0105ce, przeciwutleniaj\u0105ce i wspomagaj\u0105ce produkcj\u0119 kolagenu. Wiele os\u00f3b zastanawia si\u0119, czy stosowanie tego typu serum na noc jest odpowiednie i przynosi korzy\u015bci dla sk\u00f3ry. Witamina C, znana r\u00f3wnie\u017c jako kwas askorbinowy, pomaga w walce z wolnymi rodnikami oraz wspiera regeneracj\u0119 sk\u00f3ry, [&hellip;]<\/p>\n","protected":false},"author":1,"featured_media":0,"comment_status":"","ping_status":"open","sticky":false,"template":"","format":"standard","meta":{"footnotes":""},"categories":[1],"tags":[],"class_list":["post-7439","post","type-post","status-publish","format-standard","hentry","category-bez-kategorii"],"fm_meta_title":"Czy serum z witamin\u0105 C nadaje si\u0119 na noc?","fm_meta_description":"Dowiedz si\u0119, czy serum z witamin\u0105 C jest odpowiednie na noc. Odkryj korzy\u015bci i najlepsze praktyki stosowania dla zdrowej, promiennej sk\u00f3ry!","yoast_head":"<!-- This site is optimized with the Yoast SEO plugin v21.5 - https:\/\/yoast.com\/wordpress\/plugins\/seo\/ -->\n<title>Czy serum z witamin\u0105 C nadaje si\u0119 na noc?<\/title>\n<meta name=\"description\" content=\"Dowiedz si\u0119, czy serum z witamin\u0105 C jest odpowiednie na noc. Odkryj korzy\u015bci i najlepsze praktyki stosowania dla zdrowej, promiennej sk\u00f3ry!\" \/>\n<meta name=\"robots\" content=\"index, follow, max-snippet:-1, max-image-preview:large, max-video-preview:-1\" \/>\n<link rel=\"canonical\" href=\"https:\/\/darzdrowia.pl\/ciekawostki\/czy-serum-z-witamina-c-nadaje-sie-na-noc\/\" \/>\n<meta property=\"og:locale\" content=\"pl_PL\" \/>\n<meta property=\"og:type\" content=\"article\" \/>\n<meta property=\"og:title\" content=\"Czy serum z witamin\u0105 C nadaje si\u0119 na noc?\" \/>\n<meta property=\"og:description\" content=\"Dowiedz si\u0119, czy serum z witamin\u0105 C jest odpowiednie na noc. Odkryj korzy\u015bci i najlepsze praktyki stosowania dla zdrowej, promiennej sk\u00f3ry!\" \/>\n<meta property=\"og:url\" content=\"https:\/\/darzdrowia.pl\/ciekawostki\/czy-serum-z-witamina-c-nadaje-sie-na-noc\/\" \/>\n<meta property=\"og:site_name\" content=\"Dar Zdrowia Drogeria - Blog\" \/>\n<meta property=\"article:publisher\" content=\"https:\/\/www.facebook.com\/profile.php?id=100063606935396\" \/>\n<meta property=\"article:published_time\" content=\"2025-01-21T12:40:46+00:00\" \/>\n<meta name=\"author\" content=\"funkymedia\" \/>\n<meta name=\"twitter:card\" content=\"summary_large_image\" \/>\n<meta name=\"twitter:label1\" content=\"Napisane przez\" \/>\n\t<meta name=\"twitter:data1\" content=\"funkymedia\" \/>\n\t<meta name=\"twitter:label2\" content=\"Szacowany czas czytania\" \/>\n\t<meta name=\"twitter:data2\" content=\"4 minuty\" \/>\n<script type=\"application\/ld+json\" class=\"yoast-schema-graph\">{\"@context\":\"https:\/\/schema.org\",\"@graph\":[{\"@type\":\"Article\",\"@id\":\"https:\/\/darzdrowia.pl\/ciekawostki\/czy-serum-z-witamina-c-nadaje-sie-na-noc\/#article\",\"isPartOf\":{\"@id\":\"https:\/\/darzdrowia.pl\/ciekawostki\/czy-serum-z-witamina-c-nadaje-sie-na-noc\/\"},\"author\":{\"name\":\"funkymedia\",\"@id\":\"https:\/\/darzdrowia.pl\/ciekawostki\/#\/schema\/person\/e75579d624630bf943ac69d374bb928e\"},\"headline\":\"Czy serum z witamin\u0105 C nadaje si\u0119 na noc?\",\"datePublished\":\"2025-01-21T12:40:46+00:00\",\"dateModified\":\"2025-01-21T12:40:46+00:00\",\"mainEntityOfPage\":{\"@id\":\"https:\/\/darzdrowia.pl\/ciekawostki\/czy-serum-z-witamina-c-nadaje-sie-na-noc\/\"},\"wordCount\":781,\"publisher\":{\"@id\":\"https:\/\/darzdrowia.pl\/ciekawostki\/#organization\"},\"inLanguage\":\"pl-PL\"},{\"@type\":\"WebPage\",\"@id\":\"https:\/\/darzdrowia.pl\/ciekawostki\/czy-serum-z-witamina-c-nadaje-sie-na-noc\/\",\"url\":\"https:\/\/darzdrowia.pl\/ciekawostki\/czy-serum-z-witamina-c-nadaje-sie-na-noc\/\",\"name\":\"Czy serum z witamin\u0105 C nadaje si\u0119 na noc?\",\"isPartOf\":{\"@id\":\"https:\/\/darzdrowia.pl\/ciekawostki\/#website\"},\"datePublished\":\"2025-01-21T12:40:46+00:00\",\"dateModified\":\"2025-01-21T12:40:46+00:00\",\"description\":\"Dowiedz si\u0119, czy serum z witamin\u0105 C jest odpowiednie na noc. Odkryj korzy\u015bci i najlepsze praktyki stosowania dla zdrowej, promiennej sk\u00f3ry!\",\"breadcrumb\":{\"@id\":\"https:\/\/darzdrowia.pl\/ciekawostki\/czy-serum-z-witamina-c-nadaje-sie-na-noc\/#breadcrumb\"},\"inLanguage\":\"pl-PL\",\"potentialAction\":[{\"@type\":\"ReadAction\",\"target\":[\"https:\/\/darzdrowia.pl\/ciekawostki\/czy-serum-z-witamina-c-nadaje-sie-na-noc\/\"]}]},{\"@type\":\"BreadcrumbList\",\"@id\":\"https:\/\/darzdrowia.pl\/ciekawostki\/czy-serum-z-witamina-c-nadaje-sie-na-noc\/#breadcrumb\",\"itemListElement\":[{\"@type\":\"ListItem\",\"position\":1,\"name\":\"Strona g\u0142\u00f3wna\",\"item\":\"https:\/\/darzdrowia.pl\/ciekawostki\/\"},{\"@type\":\"ListItem\",\"position\":2,\"name\":\"Czy serum z witamin\u0105 C nadaje si\u0119 na noc?\"}]},{\"@type\":\"WebSite\",\"@id\":\"https:\/\/darzdrowia.pl\/ciekawostki\/#website\",\"url\":\"https:\/\/darzdrowia.pl\/ciekawostki\/\",\"name\":\"Dar Zdrowia Drogeria - Blog\",\"description\":\"\",\"publisher\":{\"@id\":\"https:\/\/darzdrowia.pl\/ciekawostki\/#organization\"},\"potentialAction\":[{\"@type\":\"SearchAction\",\"target\":{\"@type\":\"EntryPoint\",\"urlTemplate\":\"https:\/\/darzdrowia.pl\/ciekawostki\/?s={search_term_string}\"},\"query-input\":\"required name=search_term_string\"}],\"inLanguage\":\"pl-PL\"},{\"@type\":\"Organization\",\"@id\":\"https:\/\/darzdrowia.pl\/ciekawostki\/#organization\",\"name\":\"Dar Zdrowia Drogeria - Blog\",\"url\":\"https:\/\/darzdrowia.pl\/ciekawostki\/\",\"logo\":{\"@type\":\"ImageObject\",\"inLanguage\":\"pl-PL\",\"@id\":\"https:\/\/darzdrowia.pl\/ciekawostki\/#\/schema\/logo\/image\/\",\"url\":\"https:\/\/darzdrowia.pl\/ciekawostki\/wp-content\/uploads\/2023\/11\/logo-darzdrowia.webp\",\"contentUrl\":\"https:\/\/darzdrowia.pl\/ciekawostki\/wp-content\/uploads\/2023\/11\/logo-darzdrowia.webp\",\"width\":744,\"height\":225,\"caption\":\"Dar Zdrowia Drogeria - Blog\"},\"image\":{\"@id\":\"https:\/\/darzdrowia.pl\/ciekawostki\/#\/schema\/logo\/image\/\"},\"sameAs\":[\"https:\/\/www.facebook.com\/profile.php?id=100063606935396\"]},{\"@type\":\"Person\",\"@id\":\"https:\/\/darzdrowia.pl\/ciekawostki\/#\/schema\/person\/e75579d624630bf943ac69d374bb928e\",\"name\":\"funkymedia\",\"image\":{\"@type\":\"ImageObject\",\"inLanguage\":\"pl-PL\",\"@id\":\"https:\/\/darzdrowia.pl\/ciekawostki\/#\/schema\/person\/image\/\",\"url\":\"https:\/\/secure.gravatar.com\/avatar\/393cb205b658aef6e3271ad5a92265e3e4433d2384bbe95524ba160d5bc20299?s=96&d=mm&r=g\",\"contentUrl\":\"https:\/\/secure.gravatar.com\/avatar\/393cb205b658aef6e3271ad5a92265e3e4433d2384bbe95524ba160d5bc20299?s=96&d=mm&r=g\",\"caption\":\"funkymedia\"},\"sameAs\":[\"https:\/\/darzdrowia.pl\/ciekawostki\"],\"url\":\"https:\/\/darzdrowia.pl\/ciekawostki\/author\/funkymedia\/\"}]}<\/script>\n<!-- \/ Yoast SEO plugin. -->","yoast_head_json":{"title":"Czy serum z witamin\u0105 C nadaje si\u0119 na noc?","description":"Dowiedz si\u0119, czy serum z witamin\u0105 C jest odpowiednie na noc. Odkryj korzy\u015bci i najlepsze praktyki stosowania dla zdrowej, promiennej sk\u00f3ry!","robots":{"index":"index","follow":"follow","max-snippet":"max-snippet:-1","max-image-preview":"max-image-preview:large","max-video-preview":"max-video-preview:-1"},"canonical":"https:\/\/darzdrowia.pl\/ciekawostki\/czy-serum-z-witamina-c-nadaje-sie-na-noc\/","og_locale":"pl_PL","og_type":"article","og_title":"Czy serum z witamin\u0105 C nadaje si\u0119 na noc?","og_description":"Dowiedz si\u0119, czy serum z witamin\u0105 C jest odpowiednie na noc. Odkryj korzy\u015bci i najlepsze praktyki stosowania dla zdrowej, promiennej sk\u00f3ry!","og_url":"https:\/\/darzdrowia.pl\/ciekawostki\/czy-serum-z-witamina-c-nadaje-sie-na-noc\/","og_site_name":"Dar Zdrowia Drogeria - Blog","article_publisher":"https:\/\/www.facebook.com\/profile.php?id=100063606935396","article_published_time":"2025-01-21T12:40:46+00:00","author":"funkymedia","twitter_card":"summary_large_image","twitter_misc":{"Napisane przez":"funkymedia","Szacowany czas czytania":"4 minuty"},"schema":{"@context":"https:\/\/schema.org","@graph":[{"@type":"Article","@id":"https:\/\/darzdrowia.pl\/ciekawostki\/czy-serum-z-witamina-c-nadaje-sie-na-noc\/#article","isPartOf":{"@id":"https:\/\/darzdrowia.pl\/ciekawostki\/czy-serum-z-witamina-c-nadaje-sie-na-noc\/"},"author":{"name":"funkymedia","@id":"https:\/\/darzdrowia.pl\/ciekawostki\/#\/schema\/person\/e75579d624630bf943ac69d374bb928e"},"headline":"Czy serum z witamin\u0105 C nadaje si\u0119 na noc?","datePublished":"2025-01-21T12:40:46+00:00","dateModified":"2025-01-21T12:40:46+00:00","mainEntityOfPage":{"@id":"https:\/\/darzdrowia.pl\/ciekawostki\/czy-serum-z-witamina-c-nadaje-sie-na-noc\/"},"wordCount":781,"publisher":{"@id":"https:\/\/darzdrowia.pl\/ciekawostki\/#organization"},"inLanguage":"pl-PL"},{"@type":"WebPage","@id":"https:\/\/darzdrowia.pl\/ciekawostki\/czy-serum-z-witamina-c-nadaje-sie-na-noc\/","url":"https:\/\/darzdrowia.pl\/ciekawostki\/czy-serum-z-witamina-c-nadaje-sie-na-noc\/","name":"Czy serum z witamin\u0105 C nadaje si\u0119 na noc?","isPartOf":{"@id":"https:\/\/darzdrowia.pl\/ciekawostki\/#website"},"datePublished":"2025-01-21T12:40:46+00:00","dateModified":"2025-01-21T12:40:46+00:00","description":"Dowiedz si\u0119, czy serum z witamin\u0105 C jest odpowiednie na noc. Odkryj korzy\u015bci i najlepsze praktyki stosowania dla zdrowej, promiennej sk\u00f3ry!","breadcrumb":{"@id":"https:\/\/darzdrowia.pl\/ciekawostki\/czy-serum-z-witamina-c-nadaje-sie-na-noc\/#breadcrumb"},"inLanguage":"pl-PL","potentialAction":[{"@type":"ReadAction","target":["https:\/\/darzdrowia.pl\/ciekawostki\/czy-serum-z-witamina-c-nadaje-sie-na-noc\/"]}]},{"@type":"BreadcrumbList","@id":"https:\/\/darzdrowia.pl\/ciekawostki\/czy-serum-z-witamina-c-nadaje-sie-na-noc\/#breadcrumb","itemListElement":[{"@type":"ListItem","position":1,"name":"Strona g\u0142\u00f3wna","item":"https:\/\/darzdrowia.pl\/ciekawostki\/"},{"@type":"ListItem","position":2,"name":"Czy serum z witamin\u0105 C nadaje si\u0119 na noc?"}]},{"@type":"WebSite","@id":"https:\/\/darzdrowia.pl\/ciekawostki\/#website","url":"https:\/\/darzdrowia.pl\/ciekawostki\/","name":"Dar Zdrowia Drogeria - Blog","description":"","publisher":{"@id":"https:\/\/darzdrowia.pl\/ciekawostki\/#organization"},"potentialAction":[{"@type":"SearchAction","target":{"@type":"EntryPoint","urlTemplate":"https:\/\/darzdrowia.pl\/ciekawostki\/?s={search_term_string}"},"query-input":"required name=search_term_string"}],"inLanguage":"pl-PL"},{"@type":"Organization","@id":"https:\/\/darzdrowia.pl\/ciekawostki\/#organization","name":"Dar Zdrowia Drogeria - Blog","url":"https:\/\/darzdrowia.pl\/ciekawostki\/","logo":{"@type":"ImageObject","inLanguage":"pl-PL","@id":"https:\/\/darzdrowia.pl\/ciekawostki\/#\/schema\/logo\/image\/","url":"https:\/\/darzdrowia.pl\/ciekawostki\/wp-content\/uploads\/2023\/11\/logo-darzdrowia.webp","contentUrl":"https:\/\/darzdrowia.pl\/ciekawostki\/wp-content\/uploads\/2023\/11\/logo-darzdrowia.webp","width":744,"height":225,"caption":"Dar Zdrowia Drogeria - Blog"},"image":{"@id":"https:\/\/darzdrowia.pl\/ciekawostki\/#\/schema\/logo\/image\/"},"sameAs":["https:\/\/www.facebook.com\/profile.php?id=100063606935396"]},{"@type":"Person","@id":"https:\/\/darzdrowia.pl\/ciekawostki\/#\/schema\/person\/e75579d624630bf943ac69d374bb928e","name":"funkymedia","image":{"@type":"ImageObject","inLanguage":"pl-PL","@id":"https:\/\/darzdrowia.pl\/ciekawostki\/#\/schema\/person\/image\/","url":"https:\/\/secure.gravatar.com\/avatar\/393cb205b658aef6e3271ad5a92265e3e4433d2384bbe95524ba160d5bc20299?s=96&d=mm&r=g","contentUrl":"https:\/\/secure.gravatar.com\/avatar\/393cb205b658aef6e3271ad5a92265e3e4433d2384bbe95524ba160d5bc20299?s=96&d=mm&r=g","caption":"funkymedia"},"sameAs":["https:\/\/darzdrowia.pl\/ciekawostki"],"url":"https:\/\/darzdrowia.pl\/ciekawostki\/author\/funkymedia\/"}]}},"_links":{"self":[{"href":"https:\/\/darzdrowia.pl\/ciekawostki\/wp-json\/wp\/v2\/posts\/7439","targetHints":{"allow":["GET"]}}],"collection":[{"href":"https:\/\/darzdrowia.pl\/ciekawostki\/wp-json\/wp\/v2\/posts"}],"about":[{"href":"https:\/\/darzdrowia.pl\/ciekawostki\/wp-json\/wp\/v2\/types\/post"}],"author":[{"embeddable":true,"href":"https:\/\/darzdrowia.pl\/ciekawostki\/wp-json\/wp\/v2\/users\/1"}],"replies":[{"embeddable":true,"href":"https:\/\/darzdrowia.pl\/ciekawostki\/wp-json\/wp\/v2\/comments?post=7439"}],"version-history":[{"count":0,"href":"https:\/\/darzdrowia.pl\/ciekawostki\/wp-json\/wp\/v2\/posts\/7439\/revisions"}],"wp:attachment":[{"href":"https:\/\/darzdrowia.pl\/ciekawostki\/wp-json\/wp\/v2\/media?parent=7439"}],"wp:term":[{"taxonomy":"category","embeddable":true,"href":"https:\/\/darzdrowia.pl\/ciekawostki\/wp-json\/wp\/v2\/categories?post=7439"},{"taxonomy":"post_tag","embeddable":true,"href":"https:\/\/darzdrowia.pl\/ciekawostki\/wp-json\/wp\/v2\/tags?post=7439"}],"curies":[{"name":"wp","href":"https:\/\/api.w.org\/{rel}","templated":true}]}}