{"id":7429,"date":"2025-01-21T13:37:50","date_gmt":"2025-01-21T12:37:50","guid":{"rendered":"https:\/\/darzdrowia.pl\/ciekawostki\/czy-serum-do-twarzy-jest-odpowiednie-na-zime\/"},"modified":"2025-01-21T13:37:50","modified_gmt":"2025-01-21T12:37:50","slug":"czy-serum-do-twarzy-jest-odpowiednie-na-zime","status":"publish","type":"post","link":"https:\/\/darzdrowia.pl\/ciekawostki\/czy-serum-do-twarzy-jest-odpowiednie-na-zime\/","title":{"rendered":"Czy serum do twarzy jest odpowiednie na zim\u0119?"},"content":{"rendered":"\n<p>Serum do twarzy to produkt, kt\u00f3ry zyskuje coraz wi\u0119ksz\u0105 popularno\u015b\u0107 w codziennej piel\u0119gnacji sk\u00f3ry. Jego lekka konsystencja i skoncentrowana formu\u0142a sprawiaj\u0105, \u017ce jest ch\u0119tnie wybierane przez osoby pragn\u0105ce intensywnie nawil\u017cy\u0107 i od\u017cywi\u0107 swoj\u0105 cer\u0119. Jednak wraz z nadej\u015bciem zimy pojawia si\u0119 pytanie: czy serum do twarzy jest odpowiednie na t\u0119 por\u0119 roku? Zimowe warunki atmosferyczne, takie jak niskie temperatury, wiatr oraz suche powietrze w ogrzewanych pomieszczeniach, mog\u0105 negatywnie wp\u0142ywa\u0107 na kondycj\u0119 sk\u00f3ry, prowadz\u0105c do jej przesuszenia i podra\u017cnie\u0144. W tym kontek\u015bcie warto zastanowi\u0107 si\u0119, czy serum mo\u017ce stanowi\u0107 skuteczn\u0105 ochron\u0119 i wsparcie dla naszej cery w zimowych miesi\u0105cach. W niniejszym artykule przyjrzymy si\u0119 w\u0142a\u015bciwo\u015bciom serum do twarzy oraz jego potencjalnym korzy\u015bciom i ograniczeniom w kontek\u015bcie zimowej piel\u0119gnacji sk\u00f3ry.<\/p>\n\n\n\n<h2 class=\"wp-block-heading\">Zimowa piel\u0119gnacja sk\u00f3ry: Dlaczego serum do twarzy jest niezb\u0119dne w ch\u0142odniejsze miesi\u0105ce?<\/h2>\n\n\n\n<p>Serum do twarzy jest kluczowym elementem zimowej piel\u0119gnacji sk\u00f3ry ze wzgl\u0119du na jego skoncentrowan\u0105 formu\u0142\u0119, kt\u00f3ra dostarcza sk\u00f3rze niezb\u0119dnych sk\u0142adnik\u00f3w od\u017cywczych. W ch\u0142odniejsze miesi\u0105ce sk\u00f3ra jest nara\u017cona na dzia\u0142anie niskich temperatur, wiatru oraz suchego powietrza z ogrzewania, co prowadzi do jej przesuszenia i podra\u017cnie\u0144. Serum, dzi\u0119ki lekkiej konsystencji i wysokiemu st\u0119\u017ceniu aktywnych substancji, takich jak kwas hialuronowy czy witamina C, skutecznie nawil\u017ca i regeneruje sk\u00f3r\u0119. Dodatkowo wspomaga barier\u0119 ochronn\u0105 sk\u00f3ry, zapobiegaj\u0105c utracie wilgoci. Regularne stosowanie serum w zimie pomaga utrzyma\u0107 elastyczno\u015b\u0107 i zdrowy wygl\u0105d cery.<\/p>\n\n\n\n<h2 class=\"wp-block-heading\">Serum do twarzy na zim\u0119: Jak wybra\u0107 odpowiedni produkt dla Twojego typu sk\u00f3ry?<\/h2>\n\n\n\n<p>Wyb\u00f3r odpowiedniego serum do twarzy na zim\u0119 zale\u017cy od typu sk\u00f3ry. Dla sk\u00f3ry suchej warto wybra\u0107 serum z kwasem hialuronowym i ceramidami, kt\u00f3re intensywnie nawil\u017caj\u0105. Sk\u00f3ra t\u0142usta skorzysta z lekkich formu\u0142 z niacynamidem, kt\u00f3ry reguluje wydzielanie sebum. Sk\u00f3ra wra\u017cliwa potrzebuje produkt\u00f3w z aloesem lub pantenolem, kt\u00f3re \u0142agodz\u0105 podra\u017cnienia. Dla sk\u00f3ry dojrza\u0142ej polecane s\u0105 sera z witamin\u0105 C i retinolem, wspomagaj\u0105ce regeneracj\u0119 i redukcj\u0119 zmarszczek. Zawsze warto zwr\u00f3ci\u0107 uwag\u0119 na sk\u0142adniki aktywne oraz unika\u0107 produkt\u00f3w z alkoholem, kt\u00f3ry mo\u017ce wysusza\u0107 sk\u00f3r\u0119 w zimowych warunkach.<\/p>\n\n\n\n<h2 class=\"wp-block-heading\">Ochrona i regeneracja: Korzy\u015bci stosowania serum do twarzy w zimowej rutynie piel\u0119gnacyjnej<\/h2>\n\n\n\n<p>Serum do twarzy jest kluczowym elementem zimowej rutyny piel\u0119gnacyjnej, oferuj\u0105cym liczne korzy\u015bci dla sk\u00f3ry. W okresie zimowym sk\u00f3ra nara\u017cona jest na dzia\u0142anie niskich temperatur, wiatru oraz suchego powietrza z ogrzewania, co prowadzi do jej przesuszenia i podra\u017cnie\u0144. Serum, dzi\u0119ki swojej lekkiej konsystencji i wysokiemu st\u0119\u017ceniu sk\u0142adnik\u00f3w aktywnych, skutecznie nawil\u017ca i od\u017cywia sk\u00f3r\u0119.<\/p>\n\n\n\n<p>Wiele serum zawiera antyoksydanty, takie jak witamina C czy E, kt\u00f3re chroni\u0105 sk\u00f3r\u0119 przed szkodliwym dzia\u0142aniem wolnych rodnik\u00f3w. Dodatkowo sk\u0142adniki takie jak kwas hialuronowy pomagaj\u0105 utrzyma\u0107 odpowiedni poziom nawil\u017cenia, zapobiegaj\u0105c utracie wody z nask\u00f3rka. Serum z ceramidami wspiera odbudow\u0119 bariery ochronnej sk\u00f3ry, co jest szczeg\u00f3lnie wa\u017cne w zimowych warunkach.<\/p>\n\n\n\n<p>Regularne stosowanie serum w zimowej piel\u0119gnacji przyczynia si\u0119 do poprawy elastyczno\u015bci sk\u00f3ry oraz redukcji drobnych zmarszczek. Dzi\u0119ki temu cera pozostaje g\u0142adka i promienna mimo niesprzyjaj\u0105cych warunk\u00f3w atmosferycznych. W\u0142\u0105czenie serum do codziennej rutyny piel\u0119gnacyjnej to inwestycja w zdrowie i wygl\u0105d sk\u00f3ry podczas ch\u0142odniejszych miesi\u0119cy.<\/p>\n\n\n\n<p>Serum do twarzy mo\u017ce by\u0107 doskona\u0142ym uzupe\u0142nieniem zimowej piel\u0119gnacji sk\u00f3ry, pod warunkiem, \u017ce jest odpowiednio dobrane do indywidualnych potrzeb. Zim\u0105 sk\u00f3ra nara\u017cona jest na dzia\u0142anie niskich temperatur, wiatru oraz suchego powietrza w ogrzewanych pomieszczeniach, co mo\u017ce prowadzi\u0107 do jej przesuszenia i podra\u017cnie\u0144. Serum o w\u0142a\u015bciwo\u015bciach nawil\u017caj\u0105cych i od\u017cywczych, zawieraj\u0105ce sk\u0142adniki takie jak kwas hialuronowy, witamina C czy oleje ro\u015blinne, mo\u017ce skutecznie wspiera\u0107 barier\u0119 ochronn\u0105 sk\u00f3ry i zapobiega\u0107 utracie wilgoci. Wa\u017cne jest jednak, aby serum stosowa\u0107 w po\u0142\u0105czeniu z kremem ochronnym lub nawil\u017caj\u0105cym, kt\u00f3ry zapewni dodatkow\u0105 warstw\u0119 ochronn\u0105 przed niekorzystnymi warunkami atmosferycznymi. Wyb\u00f3r odpowiedniego serum powinien by\u0107 dostosowany do typu cery oraz jej aktualnych potrzeb, co pozwoli na utrzymanie zdrowego i promiennego wygl\u0105du sk\u00f3ry przez ca\u0142\u0105 zim\u0119.<\/p>\n","protected":false},"excerpt":{"rendered":"<p>Serum do twarzy to produkt, kt\u00f3ry zyskuje coraz wi\u0119ksz\u0105 popularno\u015b\u0107 w codziennej piel\u0119gnacji sk\u00f3ry. Jego lekka konsystencja i skoncentrowana formu\u0142a sprawiaj\u0105, \u017ce jest ch\u0119tnie wybierane przez osoby pragn\u0105ce intensywnie nawil\u017cy\u0107 i od\u017cywi\u0107 swoj\u0105 cer\u0119. Jednak wraz z nadej\u015bciem zimy pojawia si\u0119 pytanie: czy serum do twarzy jest odpowiednie na t\u0119 por\u0119 roku? Zimowe warunki atmosferyczne, [&hellip;]<\/p>\n","protected":false},"author":1,"featured_media":0,"comment_status":"","ping_status":"open","sticky":false,"template":"","format":"standard","meta":{"footnotes":""},"categories":[1],"tags":[],"class_list":["post-7429","post","type-post","status-publish","format-standard","hentry","category-bez-kategorii"],"fm_meta_title":"Czy serum do twarzy jest odpowiednie na zim\u0119?","fm_meta_description":"Odkryj, czy serum do twarzy to idealny wyb\u00f3r na zim\u0119. Dowiedz si\u0119, jak chroni\u0107 sk\u00f3r\u0119 przed mrozem i utrzyma\u0107 jej nawil\u017cenie. Sprawd\u017a teraz!","yoast_head":"<!-- This site is optimized with the Yoast SEO plugin v21.5 - https:\/\/yoast.com\/wordpress\/plugins\/seo\/ -->\n<title>Czy serum do twarzy jest odpowiednie na zim\u0119?<\/title>\n<meta name=\"description\" content=\"Odkryj, czy serum do twarzy to idealny wyb\u00f3r na zim\u0119. Dowiedz si\u0119, jak chroni\u0107 sk\u00f3r\u0119 przed mrozem i utrzyma\u0107 jej nawil\u017cenie. Sprawd\u017a teraz!\" \/>\n<meta name=\"robots\" content=\"index, follow, max-snippet:-1, max-image-preview:large, max-video-preview:-1\" \/>\n<link rel=\"canonical\" href=\"https:\/\/darzdrowia.pl\/ciekawostki\/czy-serum-do-twarzy-jest-odpowiednie-na-zime\/\" \/>\n<meta property=\"og:locale\" content=\"pl_PL\" \/>\n<meta property=\"og:type\" content=\"article\" \/>\n<meta property=\"og:title\" content=\"Czy serum do twarzy jest odpowiednie na zim\u0119?\" \/>\n<meta property=\"og:description\" content=\"Odkryj, czy serum do twarzy to idealny wyb\u00f3r na zim\u0119. Dowiedz si\u0119, jak chroni\u0107 sk\u00f3r\u0119 przed mrozem i utrzyma\u0107 jej nawil\u017cenie. Sprawd\u017a teraz!\" \/>\n<meta property=\"og:url\" content=\"https:\/\/darzdrowia.pl\/ciekawostki\/czy-serum-do-twarzy-jest-odpowiednie-na-zime\/\" \/>\n<meta property=\"og:site_name\" content=\"Dar Zdrowia Drogeria - Blog\" \/>\n<meta property=\"article:publisher\" content=\"https:\/\/www.facebook.com\/profile.php?id=100063606935396\" \/>\n<meta property=\"article:published_time\" content=\"2025-01-21T12:37:50+00:00\" \/>\n<meta name=\"author\" content=\"funkymedia\" \/>\n<meta name=\"twitter:card\" content=\"summary_large_image\" \/>\n<meta name=\"twitter:label1\" content=\"Napisane przez\" \/>\n\t<meta name=\"twitter:data1\" content=\"funkymedia\" \/>\n\t<meta name=\"twitter:label2\" content=\"Szacowany czas czytania\" \/>\n\t<meta name=\"twitter:data2\" content=\"4 minuty\" \/>\n<script type=\"application\/ld+json\" class=\"yoast-schema-graph\">{\"@context\":\"https:\/\/schema.org\",\"@graph\":[{\"@type\":\"Article\",\"@id\":\"https:\/\/darzdrowia.pl\/ciekawostki\/czy-serum-do-twarzy-jest-odpowiednie-na-zime\/#article\",\"isPartOf\":{\"@id\":\"https:\/\/darzdrowia.pl\/ciekawostki\/czy-serum-do-twarzy-jest-odpowiednie-na-zime\/\"},\"author\":{\"name\":\"funkymedia\",\"@id\":\"https:\/\/darzdrowia.pl\/ciekawostki\/#\/schema\/person\/e75579d624630bf943ac69d374bb928e\"},\"headline\":\"Czy serum do twarzy jest odpowiednie na zim\u0119?\",\"datePublished\":\"2025-01-21T12:37:50+00:00\",\"dateModified\":\"2025-01-21T12:37:50+00:00\",\"mainEntityOfPage\":{\"@id\":\"https:\/\/darzdrowia.pl\/ciekawostki\/czy-serum-do-twarzy-jest-odpowiednie-na-zime\/\"},\"wordCount\":736,\"publisher\":{\"@id\":\"https:\/\/darzdrowia.pl\/ciekawostki\/#organization\"},\"inLanguage\":\"pl-PL\"},{\"@type\":\"WebPage\",\"@id\":\"https:\/\/darzdrowia.pl\/ciekawostki\/czy-serum-do-twarzy-jest-odpowiednie-na-zime\/\",\"url\":\"https:\/\/darzdrowia.pl\/ciekawostki\/czy-serum-do-twarzy-jest-odpowiednie-na-zime\/\",\"name\":\"Czy serum do twarzy jest odpowiednie na zim\u0119?\",\"isPartOf\":{\"@id\":\"https:\/\/darzdrowia.pl\/ciekawostki\/#website\"},\"datePublished\":\"2025-01-21T12:37:50+00:00\",\"dateModified\":\"2025-01-21T12:37:50+00:00\",\"description\":\"Odkryj, czy serum do twarzy to idealny wyb\u00f3r na zim\u0119. Dowiedz si\u0119, jak chroni\u0107 sk\u00f3r\u0119 przed mrozem i utrzyma\u0107 jej nawil\u017cenie. Sprawd\u017a teraz!\",\"breadcrumb\":{\"@id\":\"https:\/\/darzdrowia.pl\/ciekawostki\/czy-serum-do-twarzy-jest-odpowiednie-na-zime\/#breadcrumb\"},\"inLanguage\":\"pl-PL\",\"potentialAction\":[{\"@type\":\"ReadAction\",\"target\":[\"https:\/\/darzdrowia.pl\/ciekawostki\/czy-serum-do-twarzy-jest-odpowiednie-na-zime\/\"]}]},{\"@type\":\"BreadcrumbList\",\"@id\":\"https:\/\/darzdrowia.pl\/ciekawostki\/czy-serum-do-twarzy-jest-odpowiednie-na-zime\/#breadcrumb\",\"itemListElement\":[{\"@type\":\"ListItem\",\"position\":1,\"name\":\"Strona g\u0142\u00f3wna\",\"item\":\"https:\/\/darzdrowia.pl\/ciekawostki\/\"},{\"@type\":\"ListItem\",\"position\":2,\"name\":\"Czy serum do twarzy jest odpowiednie na zim\u0119?\"}]},{\"@type\":\"WebSite\",\"@id\":\"https:\/\/darzdrowia.pl\/ciekawostki\/#website\",\"url\":\"https:\/\/darzdrowia.pl\/ciekawostki\/\",\"name\":\"Dar Zdrowia Drogeria - Blog\",\"description\":\"\",\"publisher\":{\"@id\":\"https:\/\/darzdrowia.pl\/ciekawostki\/#organization\"},\"potentialAction\":[{\"@type\":\"SearchAction\",\"target\":{\"@type\":\"EntryPoint\",\"urlTemplate\":\"https:\/\/darzdrowia.pl\/ciekawostki\/?s={search_term_string}\"},\"query-input\":\"required name=search_term_string\"}],\"inLanguage\":\"pl-PL\"},{\"@type\":\"Organization\",\"@id\":\"https:\/\/darzdrowia.pl\/ciekawostki\/#organization\",\"name\":\"Dar Zdrowia Drogeria - Blog\",\"url\":\"https:\/\/darzdrowia.pl\/ciekawostki\/\",\"logo\":{\"@type\":\"ImageObject\",\"inLanguage\":\"pl-PL\",\"@id\":\"https:\/\/darzdrowia.pl\/ciekawostki\/#\/schema\/logo\/image\/\",\"url\":\"https:\/\/darzdrowia.pl\/ciekawostki\/wp-content\/uploads\/2023\/11\/logo-darzdrowia.webp\",\"contentUrl\":\"https:\/\/darzdrowia.pl\/ciekawostki\/wp-content\/uploads\/2023\/11\/logo-darzdrowia.webp\",\"width\":744,\"height\":225,\"caption\":\"Dar Zdrowia Drogeria - Blog\"},\"image\":{\"@id\":\"https:\/\/darzdrowia.pl\/ciekawostki\/#\/schema\/logo\/image\/\"},\"sameAs\":[\"https:\/\/www.facebook.com\/profile.php?id=100063606935396\"]},{\"@type\":\"Person\",\"@id\":\"https:\/\/darzdrowia.pl\/ciekawostki\/#\/schema\/person\/e75579d624630bf943ac69d374bb928e\",\"name\":\"funkymedia\",\"image\":{\"@type\":\"ImageObject\",\"inLanguage\":\"pl-PL\",\"@id\":\"https:\/\/darzdrowia.pl\/ciekawostki\/#\/schema\/person\/image\/\",\"url\":\"https:\/\/secure.gravatar.com\/avatar\/393cb205b658aef6e3271ad5a92265e3e4433d2384bbe95524ba160d5bc20299?s=96&d=mm&r=g\",\"contentUrl\":\"https:\/\/secure.gravatar.com\/avatar\/393cb205b658aef6e3271ad5a92265e3e4433d2384bbe95524ba160d5bc20299?s=96&d=mm&r=g\",\"caption\":\"funkymedia\"},\"sameAs\":[\"https:\/\/darzdrowia.pl\/ciekawostki\"],\"url\":\"https:\/\/darzdrowia.pl\/ciekawostki\/author\/funkymedia\/\"}]}<\/script>\n<!-- \/ Yoast SEO plugin. -->","yoast_head_json":{"title":"Czy serum do twarzy jest odpowiednie na zim\u0119?","description":"Odkryj, czy serum do twarzy to idealny wyb\u00f3r na zim\u0119. Dowiedz si\u0119, jak chroni\u0107 sk\u00f3r\u0119 przed mrozem i utrzyma\u0107 jej nawil\u017cenie. Sprawd\u017a teraz!","robots":{"index":"index","follow":"follow","max-snippet":"max-snippet:-1","max-image-preview":"max-image-preview:large","max-video-preview":"max-video-preview:-1"},"canonical":"https:\/\/darzdrowia.pl\/ciekawostki\/czy-serum-do-twarzy-jest-odpowiednie-na-zime\/","og_locale":"pl_PL","og_type":"article","og_title":"Czy serum do twarzy jest odpowiednie na zim\u0119?","og_description":"Odkryj, czy serum do twarzy to idealny wyb\u00f3r na zim\u0119. Dowiedz si\u0119, jak chroni\u0107 sk\u00f3r\u0119 przed mrozem i utrzyma\u0107 jej nawil\u017cenie. Sprawd\u017a teraz!","og_url":"https:\/\/darzdrowia.pl\/ciekawostki\/czy-serum-do-twarzy-jest-odpowiednie-na-zime\/","og_site_name":"Dar Zdrowia Drogeria - Blog","article_publisher":"https:\/\/www.facebook.com\/profile.php?id=100063606935396","article_published_time":"2025-01-21T12:37:50+00:00","author":"funkymedia","twitter_card":"summary_large_image","twitter_misc":{"Napisane przez":"funkymedia","Szacowany czas czytania":"4 minuty"},"schema":{"@context":"https:\/\/schema.org","@graph":[{"@type":"Article","@id":"https:\/\/darzdrowia.pl\/ciekawostki\/czy-serum-do-twarzy-jest-odpowiednie-na-zime\/#article","isPartOf":{"@id":"https:\/\/darzdrowia.pl\/ciekawostki\/czy-serum-do-twarzy-jest-odpowiednie-na-zime\/"},"author":{"name":"funkymedia","@id":"https:\/\/darzdrowia.pl\/ciekawostki\/#\/schema\/person\/e75579d624630bf943ac69d374bb928e"},"headline":"Czy serum do twarzy jest odpowiednie na zim\u0119?","datePublished":"2025-01-21T12:37:50+00:00","dateModified":"2025-01-21T12:37:50+00:00","mainEntityOfPage":{"@id":"https:\/\/darzdrowia.pl\/ciekawostki\/czy-serum-do-twarzy-jest-odpowiednie-na-zime\/"},"wordCount":736,"publisher":{"@id":"https:\/\/darzdrowia.pl\/ciekawostki\/#organization"},"inLanguage":"pl-PL"},{"@type":"WebPage","@id":"https:\/\/darzdrowia.pl\/ciekawostki\/czy-serum-do-twarzy-jest-odpowiednie-na-zime\/","url":"https:\/\/darzdrowia.pl\/ciekawostki\/czy-serum-do-twarzy-jest-odpowiednie-na-zime\/","name":"Czy serum do twarzy jest odpowiednie na zim\u0119?","isPartOf":{"@id":"https:\/\/darzdrowia.pl\/ciekawostki\/#website"},"datePublished":"2025-01-21T12:37:50+00:00","dateModified":"2025-01-21T12:37:50+00:00","description":"Odkryj, czy serum do twarzy to idealny wyb\u00f3r na zim\u0119. Dowiedz si\u0119, jak chroni\u0107 sk\u00f3r\u0119 przed mrozem i utrzyma\u0107 jej nawil\u017cenie. Sprawd\u017a teraz!","breadcrumb":{"@id":"https:\/\/darzdrowia.pl\/ciekawostki\/czy-serum-do-twarzy-jest-odpowiednie-na-zime\/#breadcrumb"},"inLanguage":"pl-PL","potentialAction":[{"@type":"ReadAction","target":["https:\/\/darzdrowia.pl\/ciekawostki\/czy-serum-do-twarzy-jest-odpowiednie-na-zime\/"]}]},{"@type":"BreadcrumbList","@id":"https:\/\/darzdrowia.pl\/ciekawostki\/czy-serum-do-twarzy-jest-odpowiednie-na-zime\/#breadcrumb","itemListElement":[{"@type":"ListItem","position":1,"name":"Strona g\u0142\u00f3wna","item":"https:\/\/darzdrowia.pl\/ciekawostki\/"},{"@type":"ListItem","position":2,"name":"Czy serum do twarzy jest odpowiednie na zim\u0119?"}]},{"@type":"WebSite","@id":"https:\/\/darzdrowia.pl\/ciekawostki\/#website","url":"https:\/\/darzdrowia.pl\/ciekawostki\/","name":"Dar Zdrowia Drogeria - Blog","description":"","publisher":{"@id":"https:\/\/darzdrowia.pl\/ciekawostki\/#organization"},"potentialAction":[{"@type":"SearchAction","target":{"@type":"EntryPoint","urlTemplate":"https:\/\/darzdrowia.pl\/ciekawostki\/?s={search_term_string}"},"query-input":"required name=search_term_string"}],"inLanguage":"pl-PL"},{"@type":"Organization","@id":"https:\/\/darzdrowia.pl\/ciekawostki\/#organization","name":"Dar Zdrowia Drogeria - Blog","url":"https:\/\/darzdrowia.pl\/ciekawostki\/","logo":{"@type":"ImageObject","inLanguage":"pl-PL","@id":"https:\/\/darzdrowia.pl\/ciekawostki\/#\/schema\/logo\/image\/","url":"https:\/\/darzdrowia.pl\/ciekawostki\/wp-content\/uploads\/2023\/11\/logo-darzdrowia.webp","contentUrl":"https:\/\/darzdrowia.pl\/ciekawostki\/wp-content\/uploads\/2023\/11\/logo-darzdrowia.webp","width":744,"height":225,"caption":"Dar Zdrowia Drogeria - Blog"},"image":{"@id":"https:\/\/darzdrowia.pl\/ciekawostki\/#\/schema\/logo\/image\/"},"sameAs":["https:\/\/www.facebook.com\/profile.php?id=100063606935396"]},{"@type":"Person","@id":"https:\/\/darzdrowia.pl\/ciekawostki\/#\/schema\/person\/e75579d624630bf943ac69d374bb928e","name":"funkymedia","image":{"@type":"ImageObject","inLanguage":"pl-PL","@id":"https:\/\/darzdrowia.pl\/ciekawostki\/#\/schema\/person\/image\/","url":"https:\/\/secure.gravatar.com\/avatar\/393cb205b658aef6e3271ad5a92265e3e4433d2384bbe95524ba160d5bc20299?s=96&d=mm&r=g","contentUrl":"https:\/\/secure.gravatar.com\/avatar\/393cb205b658aef6e3271ad5a92265e3e4433d2384bbe95524ba160d5bc20299?s=96&d=mm&r=g","caption":"funkymedia"},"sameAs":["https:\/\/darzdrowia.pl\/ciekawostki"],"url":"https:\/\/darzdrowia.pl\/ciekawostki\/author\/funkymedia\/"}]}},"_links":{"self":[{"href":"https:\/\/darzdrowia.pl\/ciekawostki\/wp-json\/wp\/v2\/posts\/7429","targetHints":{"allow":["GET"]}}],"collection":[{"href":"https:\/\/darzdrowia.pl\/ciekawostki\/wp-json\/wp\/v2\/posts"}],"about":[{"href":"https:\/\/darzdrowia.pl\/ciekawostki\/wp-json\/wp\/v2\/types\/post"}],"author":[{"embeddable":true,"href":"https:\/\/darzdrowia.pl\/ciekawostki\/wp-json\/wp\/v2\/users\/1"}],"replies":[{"embeddable":true,"href":"https:\/\/darzdrowia.pl\/ciekawostki\/wp-json\/wp\/v2\/comments?post=7429"}],"version-history":[{"count":0,"href":"https:\/\/darzdrowia.pl\/ciekawostki\/wp-json\/wp\/v2\/posts\/7429\/revisions"}],"wp:attachment":[{"href":"https:\/\/darzdrowia.pl\/ciekawostki\/wp-json\/wp\/v2\/media?parent=7429"}],"wp:term":[{"taxonomy":"category","embeddable":true,"href":"https:\/\/darzdrowia.pl\/ciekawostki\/wp-json\/wp\/v2\/categories?post=7429"},{"taxonomy":"post_tag","embeddable":true,"href":"https:\/\/darzdrowia.pl\/ciekawostki\/wp-json\/wp\/v2\/tags?post=7429"}],"curies":[{"name":"wp","href":"https:\/\/api.w.org\/{rel}","templated":true}]}}