{"id":7394,"date":"2025-01-21T13:25:48","date_gmt":"2025-01-21T12:25:48","guid":{"rendered":"https:\/\/darzdrowia.pl\/ciekawostki\/witamina-d-w-diecie-osob-z-chorobami-autoimmunologicznymi\/"},"modified":"2025-01-21T13:25:48","modified_gmt":"2025-01-21T12:25:48","slug":"witamina-d-w-diecie-osob-z-chorobami-autoimmunologicznymi","status":"publish","type":"post","link":"https:\/\/darzdrowia.pl\/ciekawostki\/witamina-d-w-diecie-osob-z-chorobami-autoimmunologicznymi\/","title":{"rendered":"Witamina D w diecie os\u00f3b z chorobami autoimmunologicznymi"},"content":{"rendered":"\n<p>Witamina D odgrywa kluczow\u0105 rol\u0119 w utrzymaniu zdrowia cz\u0142owieka, wp\u0142ywaj\u0105c na wiele proces\u00f3w biologicznych, w tym na funkcjonowanie uk\u0142adu odporno\u015bciowego. W kontek\u015bcie chor\u00f3b autoimmunologicznych, takich jak stwardnienie rozsiane, reumatoidalne zapalenie staw\u00f3w czy tocze\u0144 rumieniowaty uk\u0142adowy, witamina D zyskuje szczeg\u00f3lne znaczenie. Badania sugeruj\u0105, \u017ce jej odpowiedni poziom mo\u017ce mie\u0107 dzia\u0142anie moduluj\u0105ce na uk\u0142ad odporno\u015bciowy, potencjalnie zmniejszaj\u0105c ryzyko wyst\u0105pienia tych chor\u00f3b lub \u0142agodz\u0105c ich przebieg. Osoby z chorobami autoimmunologicznymi cz\u0119sto borykaj\u0105 si\u0119 z niedoborami witaminy D, co mo\u017ce wynika\u0107 zar\u00f3wno z ograniczonej ekspozycji na s\u0142o\u0144ce, jak i z zaburze\u0144 metabolicznych zwi\u0105zanych z sam\u0105 chorob\u0105. Dlatego te\u017c suplementacja witaminy D oraz jej obecno\u015b\u0107 w diecie staj\u0105 si\u0119 istotnym elementem strategii terapeutycznych maj\u0105cych na celu popraw\u0119 jako\u015bci \u017cycia pacjent\u00f3w oraz wspomaganie tradycyjnych metod leczenia. Wprowadzenie odpowiednich \u017ar\u00f3de\u0142 tej witaminy do codziennego jad\u0142ospisu mo\u017ce wspiera\u0107 funkcjonowanie organizmu i przyczynia\u0107 si\u0119 do lepszego zarz\u0105dzania objawami chor\u00f3b autoimmunologicznych.<\/p>\n\n\n\n<h2 class=\"wp-block-heading\">Rola witaminy D w zarz\u0105dzaniu objawami chor\u00f3b autoimmunologicznych: Jak dieta mo\u017ce wspiera\u0107 uk\u0142ad odporno\u015bciowy?<\/h2>\n\n\n\n<p>Witamina D odgrywa kluczow\u0105 rol\u0119 w regulacji uk\u0142adu odporno\u015bciowego, co jest istotne w kontek\u015bcie chor\u00f3b autoimmunologicznych. Jej niedob\u00f3r mo\u017ce prowadzi\u0107 do zaburze\u0144 immunologicznych i nasilenia objaw\u00f3w tych chor\u00f3b. Witamina D wp\u0142ywa na aktywno\u015b\u0107 limfocyt\u00f3w T oraz produkcj\u0119 cytokin, co pomaga w utrzymaniu r\u00f3wnowagi immunologicznej.<\/p>\n\n\n\n<p>Dieta bogata w witamin\u0119 D mo\u017ce wspiera\u0107 uk\u0142ad odporno\u015bciowy. \u0179r\u00f3d\u0142a pokarmowe tej witaminy to t\u0142uste ryby (np. \u0142oso\u015b, makrela), tran, \u017c\u00f3\u0142tka jaj oraz wzbogacane produkty mleczne. Suplementacja witaminy D jest cz\u0119sto zalecana, zw\u0142aszcza w okresach ograniczonego nas\u0142onecznienia.<\/p>\n\n\n\n<p>Opr\u00f3cz witaminy D, dieta powinna by\u0107 zr\u00f3\u017cnicowana i zawiera\u0107 antyoksydanty oraz kwasy t\u0142uszczowe omega-3, kt\u00f3re r\u00f3wnie\u017c wspieraj\u0105 funkcje immunologiczne. W\u0142\u0105czenie do diety warzyw i owoc\u00f3w bogatych w witamin\u0119 C i E mo\u017ce dodatkowo wspomaga\u0107 zdrowie uk\u0142adu odporno\u015bciowego.<\/p>\n\n\n\n<p>Podsumowuj\u0105c, odpowiednia poda\u017c witaminy D poprzez diet\u0119 i suplementacj\u0119 mo\u017ce by\u0107 istotnym elementem zarz\u0105dzania objawami chor\u00f3b autoimmunologicznych poprzez wsparcie uk\u0142adu odporno\u015bciowego.<\/p>\n\n\n\n<h2 class=\"wp-block-heading\">Witamina D a choroby autoimmunologiczne: Najnowsze badania i zalecenia dietetyczne dla pacjent\u00f3w<\/h2>\n\n\n\n<p>Witamina D odgrywa kluczow\u0105 rol\u0119 w funkcjonowaniu uk\u0142adu odporno\u015bciowego. Najnowsze badania sugeruj\u0105, \u017ce jej niedob\u00f3r mo\u017ce by\u0107 zwi\u0105zany z rozwojem chor\u00f3b autoimmunologicznych, takich jak stwardnienie rozsiane, reumatoidalne zapalenie staw\u00f3w czy tocze\u0144 rumieniowaty uk\u0142adowy. Witamina D wp\u0142ywa na regulacj\u0119 limfocyt\u00f3w T oraz produkcj\u0119 cytokin, co mo\u017ce zmniejsza\u0107 stan zapalny.<\/p>\n\n\n\n<p>Zalecenia dietetyczne dla pacjent\u00f3w z chorobami autoimmunologicznymi obejmuj\u0105 regularne monitorowanie poziomu witaminy D we krwi oraz suplementacj\u0119 w razie potrzeby. Dawki powinny by\u0107 dostosowane indywidualnie, w zale\u017cno\u015bci od wynik\u00f3w bada\u0144 laboratoryjnych i konsultacji z lekarzem. \u0179r\u00f3d\u0142a pokarmowe witaminy D to t\u0142uste ryby, jaja i wzbogacone produkty mleczne. Ekspozycja na s\u0142o\u0144ce r\u00f3wnie\u017c wspomaga syntez\u0119 tej witaminy w sk\u00f3rze.<\/p>\n\n\n\n<p>Wa\u017cne jest, aby pacjenci nie podejmowali samodzielnej suplementacji bez konsultacji ze specjalist\u0105, poniewa\u017c nadmiar witaminy D mo\u017ce prowadzi\u0107 do hiperkalcemii i innych powik\u0142a\u0144 zdrowotnych. Regularna kontrola i odpowiednia dieta mog\u0105 wspiera\u0107 leczenie i poprawia\u0107 jako\u015b\u0107 \u017cycia os\u00f3b z chorobami autoimmunologicznymi.<\/p>\n\n\n\n<h2 class=\"wp-block-heading\">Jak zwi\u0119kszy\u0107 poziom witaminy D w diecie os\u00f3b z chorobami autoimmunologicznymi: Praktyczne porady i przepisy<\/h2>\n\n\n\n<p>1. **Suplementacja**: Skonsultuj si\u0119 z lekarzem w celu dobrania odpowiedniej dawki witaminy D3.<\/p>\n\n\n\n<p>2. **Dieta**:<\/p>\n\n\n\n<p>&#8211; **Ryby t\u0142uste**: Wprowad\u017a do diety \u0142ososia, makrel\u0119, sardynki.<\/p>\n\n\n\n<p>&#8211; **Jaja**: Spo\u017cywaj \u017c\u00f3\u0142tka jaj, kt\u00f3re s\u0105 \u017ar\u00f3d\u0142em witaminy D.<\/p>\n\n\n\n<p>&#8211; **Grzyby**: Wybieraj grzyby eksponowane na \u015bwiat\u0142o UV, np. pieczarki.<\/p>\n\n\n\n<p>3. **Produkty wzbogacane**:<\/p>\n\n\n\n<p>&#8211; Mleko i produkty mleczne wzbogacane witamin\u0105 D.<\/p>\n\n\n\n<p>&#8211; Soki pomara\u0144czowe z dodatkiem witaminy D.<\/p>\n\n\n\n<p>4. **Ekspozycja na s\u0142o\u0144ce**: Regularne przebywanie na s\u0142o\u0144cu (15-30 minut dziennie) wspomaga syntez\u0119 witaminy D w sk\u00f3rze.<\/p>\n\n\n\n<p>5. **Przepisy**:<\/p>\n\n\n\n<p>&#8211; **Sa\u0142atka z \u0142ososiem i awokado**: \u0141oso\u015b pieczony, awokado, szpinak, oliwa z oliwek.<\/p>\n\n\n\n<p>&#8211; **Omlet z pieczarkami i szpinakiem**: Jaja, pieczarki UV, \u015bwie\u017cy szpinak.<\/p>\n\n\n\n<p>6. **Monitorowanie poziomu witaminy D**: Regularne badania krwi w celu kontrolowania poziomu witaminy D i dostosowania suplementacji.<\/p>\n\n\n\n<p>Witamina D odgrywa kluczow\u0105 rol\u0119 w funkcjonowaniu uk\u0142adu odporno\u015bciowego, co czyni j\u0105 istotnym elementem diety os\u00f3b z chorobami autoimmunologicznymi. Badania wskazuj\u0105, \u017ce odpowiedni poziom tej witaminy mo\u017ce wspiera\u0107 regulacj\u0119 odpowiedzi immunologicznej, potencjalnie zmniejszaj\u0105c nasilenie objaw\u00f3w i cz\u0119stotliwo\u015b\u0107 zaostrze\u0144 chor\u00f3b autoimmunologicznych. Niedob\u00f3r witaminy D jest cz\u0119sto obserwowany u pacjent\u00f3w z tymi schorzeniami, co sugeruje potrzeb\u0119 monitorowania jej poziomu i ewentualnej suplementacji. Jednak\u017ce, ka\u017cda interwencja dietetyczna powinna by\u0107 dostosowana indywidualnie i konsultowana z lekarzem lub dietetykiem, aby zapewni\u0107 bezpiecze\u0144stwo i skuteczno\u015b\u0107 terapii. W zwi\u0105zku z tym, witamina D mo\u017ce stanowi\u0107 wa\u017cny element wspomagaj\u0105cy leczenie chor\u00f3b autoimmunologicznych, ale nie zast\u0119puje standardowych metod terapeutycznych.<\/p>\n","protected":false},"excerpt":{"rendered":"<p>Witamina D odgrywa kluczow\u0105 rol\u0119 w utrzymaniu zdrowia cz\u0142owieka, wp\u0142ywaj\u0105c na wiele proces\u00f3w biologicznych, w tym na funkcjonowanie uk\u0142adu odporno\u015bciowego. W kontek\u015bcie chor\u00f3b autoimmunologicznych, takich jak stwardnienie rozsiane, reumatoidalne zapalenie staw\u00f3w czy tocze\u0144 rumieniowaty uk\u0142adowy, witamina D zyskuje szczeg\u00f3lne znaczenie. Badania sugeruj\u0105, \u017ce jej odpowiedni poziom mo\u017ce mie\u0107 dzia\u0142anie moduluj\u0105ce na uk\u0142ad odporno\u015bciowy, potencjalnie zmniejszaj\u0105c [&hellip;]<\/p>\n","protected":false},"author":1,"featured_media":0,"comment_status":"","ping_status":"open","sticky":false,"template":"","format":"standard","meta":{"footnotes":""},"categories":[1],"tags":[],"class_list":["post-7394","post","type-post","status-publish","format-standard","hentry","category-bez-kategorii"],"fm_meta_title":"Witamina D w diecie os\u00f3b z chorobami autoimmunologicznymi","fm_meta_description":"Odkryj, jak witamina D wspiera zdrowie w chorobach autoimmunologicznych. Dowiedz si\u0119, jak w\u0142\u0105czy\u0107 j\u0105 do diety i poprawi\u0107 samopoczucie!","yoast_head":"<!-- This site is optimized with the Yoast SEO plugin v21.5 - https:\/\/yoast.com\/wordpress\/plugins\/seo\/ -->\n<title>Witamina D w diecie os\u00f3b z chorobami autoimmunologicznymi<\/title>\n<meta name=\"description\" content=\"Odkryj, jak witamina D wspiera zdrowie w chorobach autoimmunologicznych. Dowiedz si\u0119, jak w\u0142\u0105czy\u0107 j\u0105 do diety i poprawi\u0107 samopoczucie!\" \/>\n<meta name=\"robots\" content=\"index, follow, max-snippet:-1, max-image-preview:large, max-video-preview:-1\" \/>\n<link rel=\"canonical\" href=\"https:\/\/darzdrowia.pl\/ciekawostki\/witamina-d-w-diecie-osob-z-chorobami-autoimmunologicznymi\/\" \/>\n<meta property=\"og:locale\" content=\"pl_PL\" \/>\n<meta property=\"og:type\" content=\"article\" \/>\n<meta property=\"og:title\" content=\"Witamina D w diecie os\u00f3b z chorobami autoimmunologicznymi\" \/>\n<meta property=\"og:description\" content=\"Odkryj, jak witamina D wspiera zdrowie w chorobach autoimmunologicznych. Dowiedz si\u0119, jak w\u0142\u0105czy\u0107 j\u0105 do diety i poprawi\u0107 samopoczucie!\" \/>\n<meta property=\"og:url\" content=\"https:\/\/darzdrowia.pl\/ciekawostki\/witamina-d-w-diecie-osob-z-chorobami-autoimmunologicznymi\/\" \/>\n<meta property=\"og:site_name\" content=\"Dar Zdrowia Drogeria - Blog\" \/>\n<meta property=\"article:publisher\" content=\"https:\/\/www.facebook.com\/profile.php?id=100063606935396\" \/>\n<meta property=\"article:published_time\" content=\"2025-01-21T12:25:48+00:00\" \/>\n<meta name=\"author\" content=\"funkymedia\" \/>\n<meta name=\"twitter:card\" content=\"summary_large_image\" \/>\n<meta name=\"twitter:label1\" content=\"Napisane przez\" \/>\n\t<meta name=\"twitter:data1\" content=\"funkymedia\" \/>\n\t<meta name=\"twitter:label2\" content=\"Szacowany czas czytania\" \/>\n\t<meta name=\"twitter:data2\" content=\"4 minuty\" \/>\n<script type=\"application\/ld+json\" class=\"yoast-schema-graph\">{\"@context\":\"https:\/\/schema.org\",\"@graph\":[{\"@type\":\"Article\",\"@id\":\"https:\/\/darzdrowia.pl\/ciekawostki\/witamina-d-w-diecie-osob-z-chorobami-autoimmunologicznymi\/#article\",\"isPartOf\":{\"@id\":\"https:\/\/darzdrowia.pl\/ciekawostki\/witamina-d-w-diecie-osob-z-chorobami-autoimmunologicznymi\/\"},\"author\":{\"name\":\"funkymedia\",\"@id\":\"https:\/\/darzdrowia.pl\/ciekawostki\/#\/schema\/person\/e75579d624630bf943ac69d374bb928e\"},\"headline\":\"Witamina D w diecie os\u00f3b z chorobami autoimmunologicznymi\",\"datePublished\":\"2025-01-21T12:25:48+00:00\",\"dateModified\":\"2025-01-21T12:25:48+00:00\",\"mainEntityOfPage\":{\"@id\":\"https:\/\/darzdrowia.pl\/ciekawostki\/witamina-d-w-diecie-osob-z-chorobami-autoimmunologicznymi\/\"},\"wordCount\":829,\"publisher\":{\"@id\":\"https:\/\/darzdrowia.pl\/ciekawostki\/#organization\"},\"inLanguage\":\"pl-PL\"},{\"@type\":\"WebPage\",\"@id\":\"https:\/\/darzdrowia.pl\/ciekawostki\/witamina-d-w-diecie-osob-z-chorobami-autoimmunologicznymi\/\",\"url\":\"https:\/\/darzdrowia.pl\/ciekawostki\/witamina-d-w-diecie-osob-z-chorobami-autoimmunologicznymi\/\",\"name\":\"Witamina D w diecie os\u00f3b z chorobami autoimmunologicznymi\",\"isPartOf\":{\"@id\":\"https:\/\/darzdrowia.pl\/ciekawostki\/#website\"},\"datePublished\":\"2025-01-21T12:25:48+00:00\",\"dateModified\":\"2025-01-21T12:25:48+00:00\",\"description\":\"Odkryj, jak witamina D wspiera zdrowie w chorobach autoimmunologicznych. Dowiedz si\u0119, jak w\u0142\u0105czy\u0107 j\u0105 do diety i poprawi\u0107 samopoczucie!\",\"breadcrumb\":{\"@id\":\"https:\/\/darzdrowia.pl\/ciekawostki\/witamina-d-w-diecie-osob-z-chorobami-autoimmunologicznymi\/#breadcrumb\"},\"inLanguage\":\"pl-PL\",\"potentialAction\":[{\"@type\":\"ReadAction\",\"target\":[\"https:\/\/darzdrowia.pl\/ciekawostki\/witamina-d-w-diecie-osob-z-chorobami-autoimmunologicznymi\/\"]}]},{\"@type\":\"BreadcrumbList\",\"@id\":\"https:\/\/darzdrowia.pl\/ciekawostki\/witamina-d-w-diecie-osob-z-chorobami-autoimmunologicznymi\/#breadcrumb\",\"itemListElement\":[{\"@type\":\"ListItem\",\"position\":1,\"name\":\"Strona g\u0142\u00f3wna\",\"item\":\"https:\/\/darzdrowia.pl\/ciekawostki\/\"},{\"@type\":\"ListItem\",\"position\":2,\"name\":\"Witamina D w diecie os\u00f3b z chorobami autoimmunologicznymi\"}]},{\"@type\":\"WebSite\",\"@id\":\"https:\/\/darzdrowia.pl\/ciekawostki\/#website\",\"url\":\"https:\/\/darzdrowia.pl\/ciekawostki\/\",\"name\":\"Dar Zdrowia Drogeria - Blog\",\"description\":\"\",\"publisher\":{\"@id\":\"https:\/\/darzdrowia.pl\/ciekawostki\/#organization\"},\"potentialAction\":[{\"@type\":\"SearchAction\",\"target\":{\"@type\":\"EntryPoint\",\"urlTemplate\":\"https:\/\/darzdrowia.pl\/ciekawostki\/?s={search_term_string}\"},\"query-input\":\"required name=search_term_string\"}],\"inLanguage\":\"pl-PL\"},{\"@type\":\"Organization\",\"@id\":\"https:\/\/darzdrowia.pl\/ciekawostki\/#organization\",\"name\":\"Dar Zdrowia Drogeria - Blog\",\"url\":\"https:\/\/darzdrowia.pl\/ciekawostki\/\",\"logo\":{\"@type\":\"ImageObject\",\"inLanguage\":\"pl-PL\",\"@id\":\"https:\/\/darzdrowia.pl\/ciekawostki\/#\/schema\/logo\/image\/\",\"url\":\"https:\/\/darzdrowia.pl\/ciekawostki\/wp-content\/uploads\/2023\/11\/logo-darzdrowia.webp\",\"contentUrl\":\"https:\/\/darzdrowia.pl\/ciekawostki\/wp-content\/uploads\/2023\/11\/logo-darzdrowia.webp\",\"width\":744,\"height\":225,\"caption\":\"Dar Zdrowia Drogeria - Blog\"},\"image\":{\"@id\":\"https:\/\/darzdrowia.pl\/ciekawostki\/#\/schema\/logo\/image\/\"},\"sameAs\":[\"https:\/\/www.facebook.com\/profile.php?id=100063606935396\"]},{\"@type\":\"Person\",\"@id\":\"https:\/\/darzdrowia.pl\/ciekawostki\/#\/schema\/person\/e75579d624630bf943ac69d374bb928e\",\"name\":\"funkymedia\",\"image\":{\"@type\":\"ImageObject\",\"inLanguage\":\"pl-PL\",\"@id\":\"https:\/\/darzdrowia.pl\/ciekawostki\/#\/schema\/person\/image\/\",\"url\":\"https:\/\/secure.gravatar.com\/avatar\/393cb205b658aef6e3271ad5a92265e3e4433d2384bbe95524ba160d5bc20299?s=96&d=mm&r=g\",\"contentUrl\":\"https:\/\/secure.gravatar.com\/avatar\/393cb205b658aef6e3271ad5a92265e3e4433d2384bbe95524ba160d5bc20299?s=96&d=mm&r=g\",\"caption\":\"funkymedia\"},\"sameAs\":[\"https:\/\/darzdrowia.pl\/ciekawostki\"],\"url\":\"https:\/\/darzdrowia.pl\/ciekawostki\/author\/funkymedia\/\"}]}<\/script>\n<!-- \/ Yoast SEO plugin. -->","yoast_head_json":{"title":"Witamina D w diecie os\u00f3b z chorobami autoimmunologicznymi","description":"Odkryj, jak witamina D wspiera zdrowie w chorobach autoimmunologicznych. Dowiedz si\u0119, jak w\u0142\u0105czy\u0107 j\u0105 do diety i poprawi\u0107 samopoczucie!","robots":{"index":"index","follow":"follow","max-snippet":"max-snippet:-1","max-image-preview":"max-image-preview:large","max-video-preview":"max-video-preview:-1"},"canonical":"https:\/\/darzdrowia.pl\/ciekawostki\/witamina-d-w-diecie-osob-z-chorobami-autoimmunologicznymi\/","og_locale":"pl_PL","og_type":"article","og_title":"Witamina D w diecie os\u00f3b z chorobami autoimmunologicznymi","og_description":"Odkryj, jak witamina D wspiera zdrowie w chorobach autoimmunologicznych. Dowiedz si\u0119, jak w\u0142\u0105czy\u0107 j\u0105 do diety i poprawi\u0107 samopoczucie!","og_url":"https:\/\/darzdrowia.pl\/ciekawostki\/witamina-d-w-diecie-osob-z-chorobami-autoimmunologicznymi\/","og_site_name":"Dar Zdrowia Drogeria - Blog","article_publisher":"https:\/\/www.facebook.com\/profile.php?id=100063606935396","article_published_time":"2025-01-21T12:25:48+00:00","author":"funkymedia","twitter_card":"summary_large_image","twitter_misc":{"Napisane przez":"funkymedia","Szacowany czas czytania":"4 minuty"},"schema":{"@context":"https:\/\/schema.org","@graph":[{"@type":"Article","@id":"https:\/\/darzdrowia.pl\/ciekawostki\/witamina-d-w-diecie-osob-z-chorobami-autoimmunologicznymi\/#article","isPartOf":{"@id":"https:\/\/darzdrowia.pl\/ciekawostki\/witamina-d-w-diecie-osob-z-chorobami-autoimmunologicznymi\/"},"author":{"name":"funkymedia","@id":"https:\/\/darzdrowia.pl\/ciekawostki\/#\/schema\/person\/e75579d624630bf943ac69d374bb928e"},"headline":"Witamina D w diecie os\u00f3b z chorobami autoimmunologicznymi","datePublished":"2025-01-21T12:25:48+00:00","dateModified":"2025-01-21T12:25:48+00:00","mainEntityOfPage":{"@id":"https:\/\/darzdrowia.pl\/ciekawostki\/witamina-d-w-diecie-osob-z-chorobami-autoimmunologicznymi\/"},"wordCount":829,"publisher":{"@id":"https:\/\/darzdrowia.pl\/ciekawostki\/#organization"},"inLanguage":"pl-PL"},{"@type":"WebPage","@id":"https:\/\/darzdrowia.pl\/ciekawostki\/witamina-d-w-diecie-osob-z-chorobami-autoimmunologicznymi\/","url":"https:\/\/darzdrowia.pl\/ciekawostki\/witamina-d-w-diecie-osob-z-chorobami-autoimmunologicznymi\/","name":"Witamina D w diecie os\u00f3b z chorobami autoimmunologicznymi","isPartOf":{"@id":"https:\/\/darzdrowia.pl\/ciekawostki\/#website"},"datePublished":"2025-01-21T12:25:48+00:00","dateModified":"2025-01-21T12:25:48+00:00","description":"Odkryj, jak witamina D wspiera zdrowie w chorobach autoimmunologicznych. Dowiedz si\u0119, jak w\u0142\u0105czy\u0107 j\u0105 do diety i poprawi\u0107 samopoczucie!","breadcrumb":{"@id":"https:\/\/darzdrowia.pl\/ciekawostki\/witamina-d-w-diecie-osob-z-chorobami-autoimmunologicznymi\/#breadcrumb"},"inLanguage":"pl-PL","potentialAction":[{"@type":"ReadAction","target":["https:\/\/darzdrowia.pl\/ciekawostki\/witamina-d-w-diecie-osob-z-chorobami-autoimmunologicznymi\/"]}]},{"@type":"BreadcrumbList","@id":"https:\/\/darzdrowia.pl\/ciekawostki\/witamina-d-w-diecie-osob-z-chorobami-autoimmunologicznymi\/#breadcrumb","itemListElement":[{"@type":"ListItem","position":1,"name":"Strona g\u0142\u00f3wna","item":"https:\/\/darzdrowia.pl\/ciekawostki\/"},{"@type":"ListItem","position":2,"name":"Witamina D w diecie os\u00f3b z chorobami autoimmunologicznymi"}]},{"@type":"WebSite","@id":"https:\/\/darzdrowia.pl\/ciekawostki\/#website","url":"https:\/\/darzdrowia.pl\/ciekawostki\/","name":"Dar Zdrowia Drogeria - Blog","description":"","publisher":{"@id":"https:\/\/darzdrowia.pl\/ciekawostki\/#organization"},"potentialAction":[{"@type":"SearchAction","target":{"@type":"EntryPoint","urlTemplate":"https:\/\/darzdrowia.pl\/ciekawostki\/?s={search_term_string}"},"query-input":"required name=search_term_string"}],"inLanguage":"pl-PL"},{"@type":"Organization","@id":"https:\/\/darzdrowia.pl\/ciekawostki\/#organization","name":"Dar Zdrowia Drogeria - Blog","url":"https:\/\/darzdrowia.pl\/ciekawostki\/","logo":{"@type":"ImageObject","inLanguage":"pl-PL","@id":"https:\/\/darzdrowia.pl\/ciekawostki\/#\/schema\/logo\/image\/","url":"https:\/\/darzdrowia.pl\/ciekawostki\/wp-content\/uploads\/2023\/11\/logo-darzdrowia.webp","contentUrl":"https:\/\/darzdrowia.pl\/ciekawostki\/wp-content\/uploads\/2023\/11\/logo-darzdrowia.webp","width":744,"height":225,"caption":"Dar Zdrowia Drogeria - Blog"},"image":{"@id":"https:\/\/darzdrowia.pl\/ciekawostki\/#\/schema\/logo\/image\/"},"sameAs":["https:\/\/www.facebook.com\/profile.php?id=100063606935396"]},{"@type":"Person","@id":"https:\/\/darzdrowia.pl\/ciekawostki\/#\/schema\/person\/e75579d624630bf943ac69d374bb928e","name":"funkymedia","image":{"@type":"ImageObject","inLanguage":"pl-PL","@id":"https:\/\/darzdrowia.pl\/ciekawostki\/#\/schema\/person\/image\/","url":"https:\/\/secure.gravatar.com\/avatar\/393cb205b658aef6e3271ad5a92265e3e4433d2384bbe95524ba160d5bc20299?s=96&d=mm&r=g","contentUrl":"https:\/\/secure.gravatar.com\/avatar\/393cb205b658aef6e3271ad5a92265e3e4433d2384bbe95524ba160d5bc20299?s=96&d=mm&r=g","caption":"funkymedia"},"sameAs":["https:\/\/darzdrowia.pl\/ciekawostki"],"url":"https:\/\/darzdrowia.pl\/ciekawostki\/author\/funkymedia\/"}]}},"_links":{"self":[{"href":"https:\/\/darzdrowia.pl\/ciekawostki\/wp-json\/wp\/v2\/posts\/7394","targetHints":{"allow":["GET"]}}],"collection":[{"href":"https:\/\/darzdrowia.pl\/ciekawostki\/wp-json\/wp\/v2\/posts"}],"about":[{"href":"https:\/\/darzdrowia.pl\/ciekawostki\/wp-json\/wp\/v2\/types\/post"}],"author":[{"embeddable":true,"href":"https:\/\/darzdrowia.pl\/ciekawostki\/wp-json\/wp\/v2\/users\/1"}],"replies":[{"embeddable":true,"href":"https:\/\/darzdrowia.pl\/ciekawostki\/wp-json\/wp\/v2\/comments?post=7394"}],"version-history":[{"count":0,"href":"https:\/\/darzdrowia.pl\/ciekawostki\/wp-json\/wp\/v2\/posts\/7394\/revisions"}],"wp:attachment":[{"href":"https:\/\/darzdrowia.pl\/ciekawostki\/wp-json\/wp\/v2\/media?parent=7394"}],"wp:term":[{"taxonomy":"category","embeddable":true,"href":"https:\/\/darzdrowia.pl\/ciekawostki\/wp-json\/wp\/v2\/categories?post=7394"},{"taxonomy":"post_tag","embeddable":true,"href":"https:\/\/darzdrowia.pl\/ciekawostki\/wp-json\/wp\/v2\/tags?post=7394"}],"curies":[{"name":"wp","href":"https:\/\/api.w.org\/{rel}","templated":true}]}}