{"id":7388,"date":"2025-01-21T13:23:51","date_gmt":"2025-01-21T12:23:51","guid":{"rendered":"https:\/\/darzdrowia.pl\/ciekawostki\/sezonowe-niedobory-witaminy-d-jak-sobie-z-nimi-radzic\/"},"modified":"2025-01-21T13:23:51","modified_gmt":"2025-01-21T12:23:51","slug":"sezonowe-niedobory-witaminy-d-jak-sobie-z-nimi-radzic","status":"publish","type":"post","link":"https:\/\/darzdrowia.pl\/ciekawostki\/sezonowe-niedobory-witaminy-d-jak-sobie-z-nimi-radzic\/","title":{"rendered":"Sezonowe niedobory witaminy D \u2013 jak sobie z nimi radzi\u0107?"},"content":{"rendered":"\n<p>Sezonowe niedobory witaminy D to problem, kt\u00f3ry dotyka wielu os\u00f3b, zw\u0142aszcza w krajach o umiarkowanym i ch\u0142odnym klimacie. Witamina D, nazywana r\u00f3wnie\u017c &#8222;witamin\u0105 s\u0142o\u0144ca&#8221;, jest niezb\u0119dna dla prawid\u0142owego funkcjonowania organizmu, wp\u0142ywaj\u0105c na zdrowie ko\u015bci, uk\u0142ad odporno\u015bciowy oraz og\u00f3lne samopoczucie. W miesi\u0105cach jesienno-zimowych, gdy ekspozycja na promieniowanie s\u0142oneczne jest ograniczona, poziom tej witaminy w organizmie mo\u017ce znacz\u0105co si\u0119 obni\u017cy\u0107. Wprowadzenie odpowiednich strategii radzenia sobie z tym niedoborem jest kluczowe dla utrzymania zdrowia i dobrego samopoczucia przez ca\u0142y rok. W artykule om\u00f3wimy przyczyny sezonowych niedobor\u00f3w witaminy D oraz przedstawimy praktyczne porady dotycz\u0105ce suplementacji, diety i stylu \u017cycia, kt\u00f3re pomog\u0105 zminimalizowa\u0107 ich skutki.<\/p>\n\n\n\n<h2 class=\"wp-block-heading\">Zimowe s\u0142o\u0144ce a zdrowie: Jak skutecznie uzupe\u0142nia\u0107 witamin\u0119 D w ch\u0142odniejszych miesi\u0105cach?<\/h2>\n\n\n\n<p>W zimowych miesi\u0105cach, gdy ekspozycja na s\u0142o\u0144ce jest ograniczona, uzupe\u0142nianie witaminy D staje si\u0119 kluczowe dla zdrowia. Najbardziej efektywnym sposobem jest suplementacja diety preparatami zawieraj\u0105cymi witamin\u0119 D3. Zaleca si\u0119 konsultacj\u0119 z lekarzem w celu ustalenia odpowiedniej dawki, dostosowanej do indywidualnych potrzeb organizmu. Warto r\u00f3wnie\u017c wzbogaci\u0107 diet\u0119 o produkty bogate w t\u0119 witamin\u0119, takie jak t\u0142uste ryby (\u0142oso\u015b, makrela), jaja oraz wzbogacane produkty mleczne. Regularne badania poziomu witaminy D we krwi mog\u0105 pom\u00f3c w monitorowaniu jej stanu i zapobieganiu niedoborom.<\/p>\n\n\n\n<h2 class=\"wp-block-heading\">Dieta na ratunek: Produkty spo\u017cywcze bogate w witamin\u0119 D, kt\u00f3re warto w\u0142\u0105czy\u0107 do zimowego jad\u0142ospisu<\/h2>\n\n\n\n<p>Witamina D odgrywa kluczow\u0105 rol\u0119 w utrzymaniu zdrowia ko\u015bci i uk\u0142adu odporno\u015bciowego, zw\u0142aszcza w miesi\u0105cach zimowych, gdy ekspozycja na s\u0142o\u0144ce jest ograniczona. Warto zatem wzbogaci\u0107 diet\u0119 o produkty bogate w t\u0119 witamin\u0119.<\/p>\n\n\n\n<p>1. **Ryby t\u0142uste**: \u0141oso\u015b, makrela, sardynki i tu\u0144czyk to doskona\u0142e \u017ar\u00f3d\u0142a witaminy D. Regularne spo\u017cywanie tych ryb mo\u017ce znacz\u0105co podnie\u015b\u0107 jej poziom w organizmie.<\/p>\n\n\n\n<p>2. **Tran**: Olej z w\u0105troby dorsza jest jednym z najbogatszych \u017ar\u00f3de\u0142 witaminy D. Mo\u017ce by\u0107 stosowany jako suplement diety.<\/p>\n\n\n\n<p>3. **Jaja**: \u017b\u00f3\u0142tka jaj zawieraj\u0105 umiarkowane ilo\u015bci witaminy D. W\u0142\u0105czenie ich do diety mo\u017ce wspom\u00f3c jej uzupe\u0142nienie.<\/p>\n\n\n\n<p>4. **Grzyby**: Niekt\u00f3re grzyby, takie jak pieczarki wystawione na dzia\u0142anie promieni UV, mog\u0105 dostarcza\u0107 witamin\u0119 D.<\/p>\n\n\n\n<p>5. **Produkty wzbogacane**: Mleko, soki pomara\u0144czowe oraz niekt\u00f3re p\u0142atki \u015bniadaniowe cz\u0119sto s\u0105 wzbogacane witamin\u0105 D i mog\u0105 stanowi\u0107 dodatkowe \u017ar\u00f3d\u0142o tej substancji.<\/p>\n\n\n\n<p>Regularne spo\u017cywanie wymienionych produkt\u00f3w pomo\u017ce utrzyma\u0107 odpowiedni poziom witaminy D w organizmie podczas zimy.<\/p>\n\n\n\n<h2 class=\"wp-block-heading\">Suplementacja witaminy D: Kiedy i jak bezpiecznie stosowa\u0107 suplementy w okresie niedoboru?<\/h2>\n\n\n\n<p>Suplementacja witaminy D jest szczeg\u00f3lnie wa\u017cna w okresie jesienno-zimowym, gdy ekspozycja na s\u0142o\u0144ce jest ograniczona. Zaleca si\u0119 konsultacj\u0119 z lekarzem przed rozpocz\u0119ciem suplementacji, aby okre\u015bli\u0107 odpowiedni\u0105 dawk\u0119. Standardowe dawki dla doros\u0142ych wynosz\u0105 zazwyczaj od 800 do 2000 IU dziennie, ale mog\u0105 si\u0119 r\u00f3\u017cni\u0107 w zale\u017cno\u015bci od indywidualnych potrzeb i poziomu niedoboru. Suplementy najlepiej przyjmowa\u0107 podczas posi\u0142ku zawieraj\u0105cego t\u0142uszcze, co zwi\u0119ksza ich wch\u0142anianie. Nale\u017cy unika\u0107 nadmiernego spo\u017cycia, kt\u00f3re mo\u017ce prowadzi\u0107 do toksyczno\u015bci. Regularne badania poziomu witaminy D we krwi pomog\u0105 monitorowa\u0107 skuteczno\u015b\u0107 suplementacji i dostosowa\u0107 dawki.<\/p>\n\n\n\n<p>Sezonowe niedobory witaminy D s\u0105 powszechnym problemem, szczeg\u00f3lnie w krajach o umiarkowanym i ch\u0142odnym klimacie, gdzie zim\u0105 dost\u0119p do naturalnego \u015bwiat\u0142a s\u0142onecznego jest ograniczony. Witamina D odgrywa kluczow\u0105 rol\u0119 w utrzymaniu zdrowia ko\u015bci, uk\u0142adu odporno\u015bciowego oraz og\u00f3lnego samopoczucia. Aby skutecznie radzi\u0107 sobie z jej niedoborami, warto rozwa\u017cy\u0107 kilka strategii.<\/p>\n\n\n\n<p>Po pierwsze, suplementacja witaminy D jest jednym z najprostszych i najskuteczniejszych sposob\u00f3w na uzupe\u0142nienie jej poziomu w organizmie. Zaleca si\u0119 konsultacj\u0119 z lekarzem w celu ustalenia odpowiedniej dawki, dostosowanej do indywidualnych potrzeb.<\/p>\n\n\n\n<p>Po drugie, dieta bogata w produkty zawieraj\u0105ce witamin\u0119 D mo\u017ce wspom\u00f3c jej poziom. Do takich produkt\u00f3w nale\u017c\u0105 t\u0142uste ryby (np. \u0142oso\u015b, makrela), jaja oraz wzbogacane produkty mleczne i ro\u015blinne.<\/p>\n\n\n\n<p>Po trzecie, nawet w miesi\u0105cach zimowych warto korzysta\u0107 z ka\u017cdej okazji do przebywania na \u015bwie\u017cym powietrzu podczas s\u0142onecznych dni. Nawet kr\u00f3tki spacer mo\u017ce przyczyni\u0107 si\u0119 do syntezy witaminy D przez sk\u00f3r\u0119.<\/p>\n\n\n\n<p>Podsumowuj\u0105c, aby skutecznie radzi\u0107 sobie z sezonowymi niedoborami witaminy D, warto po\u0142\u0105czy\u0107 suplementacj\u0119 z odpowiedni\u0105 diet\u0105 i aktywno\u015bci\u0105 na \u015bwie\u017cym powietrzu. Regularne monitorowanie poziomu tej witaminy we krwi oraz konsultacje medyczne mog\u0105 dodatkowo pom\u00f3c w utrzymaniu optymalnego zdrowia przez ca\u0142y rok.<\/p>\n","protected":false},"excerpt":{"rendered":"<p>Sezonowe niedobory witaminy D to problem, kt\u00f3ry dotyka wielu os\u00f3b, zw\u0142aszcza w krajach o umiarkowanym i ch\u0142odnym klimacie. Witamina D, nazywana r\u00f3wnie\u017c &#8222;witamin\u0105 s\u0142o\u0144ca&#8221;, jest niezb\u0119dna dla prawid\u0142owego funkcjonowania organizmu, wp\u0142ywaj\u0105c na zdrowie ko\u015bci, uk\u0142ad odporno\u015bciowy oraz og\u00f3lne samopoczucie. W miesi\u0105cach jesienno-zimowych, gdy ekspozycja na promieniowanie s\u0142oneczne jest ograniczona, poziom tej witaminy w organizmie mo\u017ce [&hellip;]<\/p>\n","protected":false},"author":1,"featured_media":0,"comment_status":"","ping_status":"open","sticky":false,"template":"","format":"standard","meta":{"footnotes":""},"categories":[1],"tags":[],"class_list":["post-7388","post","type-post","status-publish","format-standard","hentry","category-bez-kategorii"],"fm_meta_title":"Sezonowe niedobory witaminy D \u2013 jak sobie z nimi radzi\u0107?","fm_meta_description":"Dowiedz si\u0119, jak skutecznie radzi\u0107 sobie z sezonowymi niedoborami witaminy D i zadba\u0107 o zdrowie w ch\u0142odniejszych miesi\u0105cach. Sprawd\u017a nasze porady!","yoast_head":"<!-- This site is optimized with the Yoast SEO plugin v21.5 - https:\/\/yoast.com\/wordpress\/plugins\/seo\/ -->\n<title>Sezonowe niedobory witaminy D \u2013 jak sobie z nimi radzi\u0107?<\/title>\n<meta name=\"description\" content=\"Dowiedz si\u0119, jak skutecznie radzi\u0107 sobie z sezonowymi niedoborami witaminy D i zadba\u0107 o zdrowie w ch\u0142odniejszych miesi\u0105cach. Sprawd\u017a nasze porady!\" \/>\n<meta name=\"robots\" content=\"index, follow, max-snippet:-1, max-image-preview:large, max-video-preview:-1\" \/>\n<link rel=\"canonical\" href=\"https:\/\/darzdrowia.pl\/ciekawostki\/sezonowe-niedobory-witaminy-d-jak-sobie-z-nimi-radzic\/\" \/>\n<meta property=\"og:locale\" content=\"pl_PL\" \/>\n<meta property=\"og:type\" content=\"article\" \/>\n<meta property=\"og:title\" content=\"Sezonowe niedobory witaminy D \u2013 jak sobie z nimi radzi\u0107?\" \/>\n<meta property=\"og:description\" content=\"Dowiedz si\u0119, jak skutecznie radzi\u0107 sobie z sezonowymi niedoborami witaminy D i zadba\u0107 o zdrowie w ch\u0142odniejszych miesi\u0105cach. Sprawd\u017a nasze porady!\" \/>\n<meta property=\"og:url\" content=\"https:\/\/darzdrowia.pl\/ciekawostki\/sezonowe-niedobory-witaminy-d-jak-sobie-z-nimi-radzic\/\" \/>\n<meta property=\"og:site_name\" content=\"Dar Zdrowia Drogeria - Blog\" \/>\n<meta property=\"article:publisher\" content=\"https:\/\/www.facebook.com\/profile.php?id=100063606935396\" \/>\n<meta property=\"article:published_time\" content=\"2025-01-21T12:23:51+00:00\" \/>\n<meta name=\"author\" content=\"funkymedia\" \/>\n<meta name=\"twitter:card\" content=\"summary_large_image\" \/>\n<meta name=\"twitter:label1\" content=\"Napisane przez\" \/>\n\t<meta name=\"twitter:data1\" content=\"funkymedia\" \/>\n\t<meta name=\"twitter:label2\" content=\"Szacowany czas czytania\" \/>\n\t<meta name=\"twitter:data2\" content=\"4 minuty\" \/>\n<script type=\"application\/ld+json\" class=\"yoast-schema-graph\">{\"@context\":\"https:\/\/schema.org\",\"@graph\":[{\"@type\":\"Article\",\"@id\":\"https:\/\/darzdrowia.pl\/ciekawostki\/sezonowe-niedobory-witaminy-d-jak-sobie-z-nimi-radzic\/#article\",\"isPartOf\":{\"@id\":\"https:\/\/darzdrowia.pl\/ciekawostki\/sezonowe-niedobory-witaminy-d-jak-sobie-z-nimi-radzic\/\"},\"author\":{\"name\":\"funkymedia\",\"@id\":\"https:\/\/darzdrowia.pl\/ciekawostki\/#\/schema\/person\/e75579d624630bf943ac69d374bb928e\"},\"headline\":\"Sezonowe niedobory witaminy D \u2013 jak sobie z nimi radzi\u0107?\",\"datePublished\":\"2025-01-21T12:23:51+00:00\",\"dateModified\":\"2025-01-21T12:23:51+00:00\",\"mainEntityOfPage\":{\"@id\":\"https:\/\/darzdrowia.pl\/ciekawostki\/sezonowe-niedobory-witaminy-d-jak-sobie-z-nimi-radzic\/\"},\"wordCount\":758,\"publisher\":{\"@id\":\"https:\/\/darzdrowia.pl\/ciekawostki\/#organization\"},\"inLanguage\":\"pl-PL\"},{\"@type\":\"WebPage\",\"@id\":\"https:\/\/darzdrowia.pl\/ciekawostki\/sezonowe-niedobory-witaminy-d-jak-sobie-z-nimi-radzic\/\",\"url\":\"https:\/\/darzdrowia.pl\/ciekawostki\/sezonowe-niedobory-witaminy-d-jak-sobie-z-nimi-radzic\/\",\"name\":\"Sezonowe niedobory witaminy D \u2013 jak sobie z nimi radzi\u0107?\",\"isPartOf\":{\"@id\":\"https:\/\/darzdrowia.pl\/ciekawostki\/#website\"},\"datePublished\":\"2025-01-21T12:23:51+00:00\",\"dateModified\":\"2025-01-21T12:23:51+00:00\",\"description\":\"Dowiedz si\u0119, jak skutecznie radzi\u0107 sobie z sezonowymi niedoborami witaminy D i zadba\u0107 o zdrowie w ch\u0142odniejszych miesi\u0105cach. Sprawd\u017a nasze porady!\",\"breadcrumb\":{\"@id\":\"https:\/\/darzdrowia.pl\/ciekawostki\/sezonowe-niedobory-witaminy-d-jak-sobie-z-nimi-radzic\/#breadcrumb\"},\"inLanguage\":\"pl-PL\",\"potentialAction\":[{\"@type\":\"ReadAction\",\"target\":[\"https:\/\/darzdrowia.pl\/ciekawostki\/sezonowe-niedobory-witaminy-d-jak-sobie-z-nimi-radzic\/\"]}]},{\"@type\":\"BreadcrumbList\",\"@id\":\"https:\/\/darzdrowia.pl\/ciekawostki\/sezonowe-niedobory-witaminy-d-jak-sobie-z-nimi-radzic\/#breadcrumb\",\"itemListElement\":[{\"@type\":\"ListItem\",\"position\":1,\"name\":\"Strona g\u0142\u00f3wna\",\"item\":\"https:\/\/darzdrowia.pl\/ciekawostki\/\"},{\"@type\":\"ListItem\",\"position\":2,\"name\":\"Sezonowe niedobory witaminy D \u2013 jak sobie z nimi radzi\u0107?\"}]},{\"@type\":\"WebSite\",\"@id\":\"https:\/\/darzdrowia.pl\/ciekawostki\/#website\",\"url\":\"https:\/\/darzdrowia.pl\/ciekawostki\/\",\"name\":\"Dar Zdrowia Drogeria - Blog\",\"description\":\"\",\"publisher\":{\"@id\":\"https:\/\/darzdrowia.pl\/ciekawostki\/#organization\"},\"potentialAction\":[{\"@type\":\"SearchAction\",\"target\":{\"@type\":\"EntryPoint\",\"urlTemplate\":\"https:\/\/darzdrowia.pl\/ciekawostki\/?s={search_term_string}\"},\"query-input\":\"required name=search_term_string\"}],\"inLanguage\":\"pl-PL\"},{\"@type\":\"Organization\",\"@id\":\"https:\/\/darzdrowia.pl\/ciekawostki\/#organization\",\"name\":\"Dar Zdrowia Drogeria - Blog\",\"url\":\"https:\/\/darzdrowia.pl\/ciekawostki\/\",\"logo\":{\"@type\":\"ImageObject\",\"inLanguage\":\"pl-PL\",\"@id\":\"https:\/\/darzdrowia.pl\/ciekawostki\/#\/schema\/logo\/image\/\",\"url\":\"https:\/\/darzdrowia.pl\/ciekawostki\/wp-content\/uploads\/2023\/11\/logo-darzdrowia.webp\",\"contentUrl\":\"https:\/\/darzdrowia.pl\/ciekawostki\/wp-content\/uploads\/2023\/11\/logo-darzdrowia.webp\",\"width\":744,\"height\":225,\"caption\":\"Dar Zdrowia Drogeria - Blog\"},\"image\":{\"@id\":\"https:\/\/darzdrowia.pl\/ciekawostki\/#\/schema\/logo\/image\/\"},\"sameAs\":[\"https:\/\/www.facebook.com\/profile.php?id=100063606935396\"]},{\"@type\":\"Person\",\"@id\":\"https:\/\/darzdrowia.pl\/ciekawostki\/#\/schema\/person\/e75579d624630bf943ac69d374bb928e\",\"name\":\"funkymedia\",\"image\":{\"@type\":\"ImageObject\",\"inLanguage\":\"pl-PL\",\"@id\":\"https:\/\/darzdrowia.pl\/ciekawostki\/#\/schema\/person\/image\/\",\"url\":\"https:\/\/secure.gravatar.com\/avatar\/393cb205b658aef6e3271ad5a92265e3e4433d2384bbe95524ba160d5bc20299?s=96&d=mm&r=g\",\"contentUrl\":\"https:\/\/secure.gravatar.com\/avatar\/393cb205b658aef6e3271ad5a92265e3e4433d2384bbe95524ba160d5bc20299?s=96&d=mm&r=g\",\"caption\":\"funkymedia\"},\"sameAs\":[\"https:\/\/darzdrowia.pl\/ciekawostki\"],\"url\":\"https:\/\/darzdrowia.pl\/ciekawostki\/author\/funkymedia\/\"}]}<\/script>\n<!-- \/ Yoast SEO plugin. -->","yoast_head_json":{"title":"Sezonowe niedobory witaminy D \u2013 jak sobie z nimi radzi\u0107?","description":"Dowiedz si\u0119, jak skutecznie radzi\u0107 sobie z sezonowymi niedoborami witaminy D i zadba\u0107 o zdrowie w ch\u0142odniejszych miesi\u0105cach. Sprawd\u017a nasze porady!","robots":{"index":"index","follow":"follow","max-snippet":"max-snippet:-1","max-image-preview":"max-image-preview:large","max-video-preview":"max-video-preview:-1"},"canonical":"https:\/\/darzdrowia.pl\/ciekawostki\/sezonowe-niedobory-witaminy-d-jak-sobie-z-nimi-radzic\/","og_locale":"pl_PL","og_type":"article","og_title":"Sezonowe niedobory witaminy D \u2013 jak sobie z nimi radzi\u0107?","og_description":"Dowiedz si\u0119, jak skutecznie radzi\u0107 sobie z sezonowymi niedoborami witaminy D i zadba\u0107 o zdrowie w ch\u0142odniejszych miesi\u0105cach. Sprawd\u017a nasze porady!","og_url":"https:\/\/darzdrowia.pl\/ciekawostki\/sezonowe-niedobory-witaminy-d-jak-sobie-z-nimi-radzic\/","og_site_name":"Dar Zdrowia Drogeria - Blog","article_publisher":"https:\/\/www.facebook.com\/profile.php?id=100063606935396","article_published_time":"2025-01-21T12:23:51+00:00","author":"funkymedia","twitter_card":"summary_large_image","twitter_misc":{"Napisane przez":"funkymedia","Szacowany czas czytania":"4 minuty"},"schema":{"@context":"https:\/\/schema.org","@graph":[{"@type":"Article","@id":"https:\/\/darzdrowia.pl\/ciekawostki\/sezonowe-niedobory-witaminy-d-jak-sobie-z-nimi-radzic\/#article","isPartOf":{"@id":"https:\/\/darzdrowia.pl\/ciekawostki\/sezonowe-niedobory-witaminy-d-jak-sobie-z-nimi-radzic\/"},"author":{"name":"funkymedia","@id":"https:\/\/darzdrowia.pl\/ciekawostki\/#\/schema\/person\/e75579d624630bf943ac69d374bb928e"},"headline":"Sezonowe niedobory witaminy D \u2013 jak sobie z nimi radzi\u0107?","datePublished":"2025-01-21T12:23:51+00:00","dateModified":"2025-01-21T12:23:51+00:00","mainEntityOfPage":{"@id":"https:\/\/darzdrowia.pl\/ciekawostki\/sezonowe-niedobory-witaminy-d-jak-sobie-z-nimi-radzic\/"},"wordCount":758,"publisher":{"@id":"https:\/\/darzdrowia.pl\/ciekawostki\/#organization"},"inLanguage":"pl-PL"},{"@type":"WebPage","@id":"https:\/\/darzdrowia.pl\/ciekawostki\/sezonowe-niedobory-witaminy-d-jak-sobie-z-nimi-radzic\/","url":"https:\/\/darzdrowia.pl\/ciekawostki\/sezonowe-niedobory-witaminy-d-jak-sobie-z-nimi-radzic\/","name":"Sezonowe niedobory witaminy D \u2013 jak sobie z nimi radzi\u0107?","isPartOf":{"@id":"https:\/\/darzdrowia.pl\/ciekawostki\/#website"},"datePublished":"2025-01-21T12:23:51+00:00","dateModified":"2025-01-21T12:23:51+00:00","description":"Dowiedz si\u0119, jak skutecznie radzi\u0107 sobie z sezonowymi niedoborami witaminy D i zadba\u0107 o zdrowie w ch\u0142odniejszych miesi\u0105cach. Sprawd\u017a nasze porady!","breadcrumb":{"@id":"https:\/\/darzdrowia.pl\/ciekawostki\/sezonowe-niedobory-witaminy-d-jak-sobie-z-nimi-radzic\/#breadcrumb"},"inLanguage":"pl-PL","potentialAction":[{"@type":"ReadAction","target":["https:\/\/darzdrowia.pl\/ciekawostki\/sezonowe-niedobory-witaminy-d-jak-sobie-z-nimi-radzic\/"]}]},{"@type":"BreadcrumbList","@id":"https:\/\/darzdrowia.pl\/ciekawostki\/sezonowe-niedobory-witaminy-d-jak-sobie-z-nimi-radzic\/#breadcrumb","itemListElement":[{"@type":"ListItem","position":1,"name":"Strona g\u0142\u00f3wna","item":"https:\/\/darzdrowia.pl\/ciekawostki\/"},{"@type":"ListItem","position":2,"name":"Sezonowe niedobory witaminy D \u2013 jak sobie z nimi radzi\u0107?"}]},{"@type":"WebSite","@id":"https:\/\/darzdrowia.pl\/ciekawostki\/#website","url":"https:\/\/darzdrowia.pl\/ciekawostki\/","name":"Dar Zdrowia Drogeria - Blog","description":"","publisher":{"@id":"https:\/\/darzdrowia.pl\/ciekawostki\/#organization"},"potentialAction":[{"@type":"SearchAction","target":{"@type":"EntryPoint","urlTemplate":"https:\/\/darzdrowia.pl\/ciekawostki\/?s={search_term_string}"},"query-input":"required name=search_term_string"}],"inLanguage":"pl-PL"},{"@type":"Organization","@id":"https:\/\/darzdrowia.pl\/ciekawostki\/#organization","name":"Dar Zdrowia Drogeria - Blog","url":"https:\/\/darzdrowia.pl\/ciekawostki\/","logo":{"@type":"ImageObject","inLanguage":"pl-PL","@id":"https:\/\/darzdrowia.pl\/ciekawostki\/#\/schema\/logo\/image\/","url":"https:\/\/darzdrowia.pl\/ciekawostki\/wp-content\/uploads\/2023\/11\/logo-darzdrowia.webp","contentUrl":"https:\/\/darzdrowia.pl\/ciekawostki\/wp-content\/uploads\/2023\/11\/logo-darzdrowia.webp","width":744,"height":225,"caption":"Dar Zdrowia Drogeria - Blog"},"image":{"@id":"https:\/\/darzdrowia.pl\/ciekawostki\/#\/schema\/logo\/image\/"},"sameAs":["https:\/\/www.facebook.com\/profile.php?id=100063606935396"]},{"@type":"Person","@id":"https:\/\/darzdrowia.pl\/ciekawostki\/#\/schema\/person\/e75579d624630bf943ac69d374bb928e","name":"funkymedia","image":{"@type":"ImageObject","inLanguage":"pl-PL","@id":"https:\/\/darzdrowia.pl\/ciekawostki\/#\/schema\/person\/image\/","url":"https:\/\/secure.gravatar.com\/avatar\/393cb205b658aef6e3271ad5a92265e3e4433d2384bbe95524ba160d5bc20299?s=96&d=mm&r=g","contentUrl":"https:\/\/secure.gravatar.com\/avatar\/393cb205b658aef6e3271ad5a92265e3e4433d2384bbe95524ba160d5bc20299?s=96&d=mm&r=g","caption":"funkymedia"},"sameAs":["https:\/\/darzdrowia.pl\/ciekawostki"],"url":"https:\/\/darzdrowia.pl\/ciekawostki\/author\/funkymedia\/"}]}},"_links":{"self":[{"href":"https:\/\/darzdrowia.pl\/ciekawostki\/wp-json\/wp\/v2\/posts\/7388","targetHints":{"allow":["GET"]}}],"collection":[{"href":"https:\/\/darzdrowia.pl\/ciekawostki\/wp-json\/wp\/v2\/posts"}],"about":[{"href":"https:\/\/darzdrowia.pl\/ciekawostki\/wp-json\/wp\/v2\/types\/post"}],"author":[{"embeddable":true,"href":"https:\/\/darzdrowia.pl\/ciekawostki\/wp-json\/wp\/v2\/users\/1"}],"replies":[{"embeddable":true,"href":"https:\/\/darzdrowia.pl\/ciekawostki\/wp-json\/wp\/v2\/comments?post=7388"}],"version-history":[{"count":0,"href":"https:\/\/darzdrowia.pl\/ciekawostki\/wp-json\/wp\/v2\/posts\/7388\/revisions"}],"wp:attachment":[{"href":"https:\/\/darzdrowia.pl\/ciekawostki\/wp-json\/wp\/v2\/media?parent=7388"}],"wp:term":[{"taxonomy":"category","embeddable":true,"href":"https:\/\/darzdrowia.pl\/ciekawostki\/wp-json\/wp\/v2\/categories?post=7388"},{"taxonomy":"post_tag","embeddable":true,"href":"https:\/\/darzdrowia.pl\/ciekawostki\/wp-json\/wp\/v2\/tags?post=7388"}],"curies":[{"name":"wp","href":"https:\/\/api.w.org\/{rel}","templated":true}]}}