{"id":7371,"date":"2025-01-21T13:18:34","date_gmt":"2025-01-21T12:18:34","guid":{"rendered":"https:\/\/darzdrowia.pl\/ciekawostki\/czy-bioliq-serum-nadaje-sie-do-stosowania-latem\/"},"modified":"2025-01-21T13:18:34","modified_gmt":"2025-01-21T12:18:34","slug":"czy-bioliq-serum-nadaje-sie-do-stosowania-latem","status":"publish","type":"post","link":"https:\/\/darzdrowia.pl\/ciekawostki\/czy-bioliq-serum-nadaje-sie-do-stosowania-latem\/","title":{"rendered":"Czy Bioliq serum nadaje si\u0119 do stosowania latem?"},"content":{"rendered":"\n<p>Bioliq serum to popularny produkt piel\u0119gnacyjny, kt\u00f3ry zdoby\u0142 uznanie w\u015br\u00f3d wielu u\u017cytkownik\u00f3w dzi\u0119ki swoim w\u0142a\u015bciwo\u015bciom nawil\u017caj\u0105cym i regeneruj\u0105cym. Wraz z nadej\u015bciem letnich miesi\u0119cy, wiele os\u00f3b zastanawia si\u0119, czy stosowanie tego serum jest odpowiednie w warunkach zwi\u0119kszonego nas\u0142onecznienia i wy\u017cszych temperatur. Lato to czas, kiedy sk\u00f3ra nara\u017cona jest na dzia\u0142anie promieni UV, co mo\u017ce prowadzi\u0107 do przesuszenia i podra\u017cnie\u0144. Dlatego wa\u017cne jest, aby wybiera\u0107 kosmetyki, kt\u00f3re nie tylko b\u0119d\u0105 skutecznie piel\u0119gnowa\u0107 sk\u00f3r\u0119, ale tak\u017ce zapewni\u0105 jej odpowiedni\u0105 ochron\u0119. W tym kontek\u015bcie warto przyjrze\u0107 si\u0119 bli\u017cej sk\u0142adnikom Bioliq serum oraz jego potencjalnym korzy\u015bciom i ograniczeniom zwi\u0105zanym z letnim stosowaniem.<\/p>\n\n\n\n<h2 class=\"wp-block-heading\">Letnia piel\u0119gnacja sk\u00f3ry: Czy Bioliq serum to idealny wyb\u00f3r na gor\u0105ce dni?<\/h2>\n\n\n\n<p>Bioliq serum to popularny produkt do piel\u0119gnacji sk\u00f3ry, kt\u00f3ry mo\u017ce by\u0107 rozwa\u017cany na letnie dni. Jego lekka formu\u0142a sprawia, \u017ce jest odpowiedni dla os\u00f3b poszukuj\u0105cych nawil\u017cenia bez obci\u0105\u017cania sk\u00f3ry. Serum zawiera sk\u0142adniki aktywne, kt\u00f3re pomagaj\u0105 w regeneracji i od\u017cywieniu sk\u00f3ry, co jest istotne w okresie intensywnego nas\u0142onecznienia. Dodatkowo, Bioliq serum szybko si\u0119 wch\u0142ania, co jest zalet\u0105 w upalne dni. Warto jednak pami\u0119ta\u0107 o stosowaniu dodatkowej ochrony przeciws\u0142onecznej, gdy\u017c serum nie zast\u0119puje filtr\u00f3w UV.<\/p>\n\n\n\n<h2 class=\"wp-block-heading\">Bioliq serum w letniej rutynie piel\u0119gnacyjnej: Jakie korzy\u015bci przynosi sk\u00f3rze podczas upa\u0142\u00f3w?<\/h2>\n\n\n\n<p>Bioliq serum to produkt, kt\u00f3ry mo\u017ce znacz\u0105co wspom\u00f3c piel\u0119gnacj\u0119 sk\u00f3ry w letnich miesi\u0105cach. Jego lekka formu\u0142a sprawia, \u017ce jest idealny na upa\u0142y, nie obci\u0105\u017caj\u0105c sk\u00f3ry i pozwalaj\u0105c jej oddycha\u0107. Serum zawiera sk\u0142adniki nawil\u017caj\u0105ce, kt\u00f3re pomagaj\u0105 utrzyma\u0107 odpowiedni poziom wilgoci w sk\u00f3rze, co jest kluczowe podczas wysokich temperatur. Dodatkowo, Bioliq serum mo\u017ce wspiera\u0107 regeneracj\u0119 sk\u00f3ry po ekspozycji na s\u0142o\u0144ce dzi\u0119ki zawarto\u015bci antyoksydant\u00f3w. Regularne stosowanie serum pomaga r\u00f3wnie\u017c w wyr\u00f3wnaniu kolorytu sk\u00f3ry i poprawie jej elastyczno\u015bci. Produkt ten jest odpowiedni dla r\u00f3\u017cnych typ\u00f3w cery, co czyni go uniwersalnym elementem letniej rutyny piel\u0119gnacyjnej.<\/p>\n\n\n\n<h2 class=\"wp-block-heading\">Ochrona i nawil\u017cenie latem: Dlaczego warto si\u0119gn\u0105\u0107 po Bioliq serum w ciep\u0142e miesi\u0105ce?<\/h2>\n\n\n\n<p>Bioliq serum to doskona\u0142y wyb\u00f3r na lato, gdy sk\u00f3ra wymaga szczeg\u00f3lnej ochrony i nawil\u017cenia. Produkt ten zawiera sk\u0142adniki aktywne, kt\u00f3re pomagaj\u0105 w regeneracji sk\u00f3ry po ekspozycji na s\u0142o\u0144ce. Serum intensywnie nawil\u017ca, co jest kluczowe w ciep\u0142e miesi\u0105ce, gdy sk\u00f3ra traci wi\u0119cej wilgoci. Dodatkowo, Bioliq serum wspomaga ochron\u0119 przed szkodliwym dzia\u0142aniem promieni UV dzi\u0119ki antyoksydantom. Regularne stosowanie zapewnia sk\u00f3rze elastyczno\u015b\u0107 i zdrowy wygl\u0105d. To idealne rozwi\u0105zanie dla os\u00f3b pragn\u0105cych zadba\u0107 o kondycj\u0119 sk\u00f3ry latem.<\/p>\n\n\n\n<p>Bioliq serum jest produktem, kt\u00f3ry mo\u017ce by\u0107 stosowany latem, ale warto wzi\u0105\u0107 pod uwag\u0119 kilka czynnik\u00f3w. Przede wszystkim, jego lekka formu\u0142a sprawia, \u017ce jest odpowiedni dla sk\u00f3ry potrzebuj\u0105cej nawil\u017cenia i regeneracji, co jest istotne w okresie letnim, kiedy sk\u00f3ra nara\u017cona jest na dzia\u0142anie s\u0142o\u0144ca i wysokich temperatur. Serum nie obci\u0105\u017ca sk\u00f3ry i szybko si\u0119 wch\u0142ania, co jest zalet\u0105 podczas ciep\u0142ych dni. Jednak\u017ce, nale\u017cy pami\u0119ta\u0107 o dodatkowej ochronie przeciws\u0142onecznej, poniewa\u017c Bioliq serum samo w sobie nie zawiera filtr\u00f3w UV. Podsumowuj\u0105c, Bioliq serum mo\u017ce by\u0107 skutecznym elementem letniej piel\u0119gnacji sk\u00f3ry pod warunkiem uzupe\u0142nienia go o odpowiednie produkty z filtrem SPF.<\/p>\n","protected":false},"excerpt":{"rendered":"<p>Bioliq serum to popularny produkt piel\u0119gnacyjny, kt\u00f3ry zdoby\u0142 uznanie w\u015br\u00f3d wielu u\u017cytkownik\u00f3w dzi\u0119ki swoim w\u0142a\u015bciwo\u015bciom nawil\u017caj\u0105cym i regeneruj\u0105cym. Wraz z nadej\u015bciem letnich miesi\u0119cy, wiele os\u00f3b zastanawia si\u0119, czy stosowanie tego serum jest odpowiednie w warunkach zwi\u0119kszonego nas\u0142onecznienia i wy\u017cszych temperatur. Lato to czas, kiedy sk\u00f3ra nara\u017cona jest na dzia\u0142anie promieni UV, co mo\u017ce prowadzi\u0107 do [&hellip;]<\/p>\n","protected":false},"author":1,"featured_media":0,"comment_status":"","ping_status":"open","sticky":false,"template":"","format":"standard","meta":{"footnotes":""},"categories":[1],"tags":[],"class_list":["post-7371","post","type-post","status-publish","format-standard","hentry","category-bez-kategorii"],"fm_meta_title":"Czy Bioliq serum nadaje si\u0119 do stosowania latem?","fm_meta_description":"Odkryj, czy Bioliq serum to idealny wyb\u00f3r na lato! Sprawd\u017a, jak dzia\u0142a na sk\u00f3r\u0119 w ciep\u0142e dni i czy warto go u\u017cywa\u0107 w letniej piel\u0119gnacji.","yoast_head":"<!-- This site is optimized with the Yoast SEO plugin v21.5 - https:\/\/yoast.com\/wordpress\/plugins\/seo\/ -->\n<title>Czy Bioliq serum nadaje si\u0119 do stosowania latem?<\/title>\n<meta name=\"description\" content=\"Odkryj, czy Bioliq serum to idealny wyb\u00f3r na lato! Sprawd\u017a, jak dzia\u0142a na sk\u00f3r\u0119 w ciep\u0142e dni i czy warto go u\u017cywa\u0107 w letniej piel\u0119gnacji.\" \/>\n<meta name=\"robots\" content=\"index, follow, max-snippet:-1, max-image-preview:large, max-video-preview:-1\" \/>\n<link rel=\"canonical\" href=\"https:\/\/darzdrowia.pl\/ciekawostki\/czy-bioliq-serum-nadaje-sie-do-stosowania-latem\/\" \/>\n<meta property=\"og:locale\" content=\"pl_PL\" \/>\n<meta property=\"og:type\" content=\"article\" \/>\n<meta property=\"og:title\" content=\"Czy Bioliq serum nadaje si\u0119 do stosowania latem?\" \/>\n<meta property=\"og:description\" content=\"Odkryj, czy Bioliq serum to idealny wyb\u00f3r na lato! Sprawd\u017a, jak dzia\u0142a na sk\u00f3r\u0119 w ciep\u0142e dni i czy warto go u\u017cywa\u0107 w letniej piel\u0119gnacji.\" \/>\n<meta property=\"og:url\" content=\"https:\/\/darzdrowia.pl\/ciekawostki\/czy-bioliq-serum-nadaje-sie-do-stosowania-latem\/\" \/>\n<meta property=\"og:site_name\" content=\"Dar Zdrowia Drogeria - Blog\" \/>\n<meta property=\"article:publisher\" content=\"https:\/\/www.facebook.com\/profile.php?id=100063606935396\" \/>\n<meta property=\"article:published_time\" content=\"2025-01-21T12:18:34+00:00\" \/>\n<meta name=\"author\" content=\"funkymedia\" \/>\n<meta name=\"twitter:card\" content=\"summary_large_image\" \/>\n<meta name=\"twitter:label1\" content=\"Napisane przez\" \/>\n\t<meta name=\"twitter:data1\" content=\"funkymedia\" \/>\n\t<meta name=\"twitter:label2\" content=\"Szacowany czas czytania\" \/>\n\t<meta name=\"twitter:data2\" content=\"3 minuty\" \/>\n<script type=\"application\/ld+json\" class=\"yoast-schema-graph\">{\"@context\":\"https:\/\/schema.org\",\"@graph\":[{\"@type\":\"Article\",\"@id\":\"https:\/\/darzdrowia.pl\/ciekawostki\/czy-bioliq-serum-nadaje-sie-do-stosowania-latem\/#article\",\"isPartOf\":{\"@id\":\"https:\/\/darzdrowia.pl\/ciekawostki\/czy-bioliq-serum-nadaje-sie-do-stosowania-latem\/\"},\"author\":{\"name\":\"funkymedia\",\"@id\":\"https:\/\/darzdrowia.pl\/ciekawostki\/#\/schema\/person\/e75579d624630bf943ac69d374bb928e\"},\"headline\":\"Czy Bioliq serum nadaje si\u0119 do stosowania latem?\",\"datePublished\":\"2025-01-21T12:18:34+00:00\",\"dateModified\":\"2025-01-21T12:18:34+00:00\",\"mainEntityOfPage\":{\"@id\":\"https:\/\/darzdrowia.pl\/ciekawostki\/czy-bioliq-serum-nadaje-sie-do-stosowania-latem\/\"},\"wordCount\":625,\"publisher\":{\"@id\":\"https:\/\/darzdrowia.pl\/ciekawostki\/#organization\"},\"inLanguage\":\"pl-PL\"},{\"@type\":\"WebPage\",\"@id\":\"https:\/\/darzdrowia.pl\/ciekawostki\/czy-bioliq-serum-nadaje-sie-do-stosowania-latem\/\",\"url\":\"https:\/\/darzdrowia.pl\/ciekawostki\/czy-bioliq-serum-nadaje-sie-do-stosowania-latem\/\",\"name\":\"Czy Bioliq serum nadaje si\u0119 do stosowania latem?\",\"isPartOf\":{\"@id\":\"https:\/\/darzdrowia.pl\/ciekawostki\/#website\"},\"datePublished\":\"2025-01-21T12:18:34+00:00\",\"dateModified\":\"2025-01-21T12:18:34+00:00\",\"description\":\"Odkryj, czy Bioliq serum to idealny wyb\u00f3r na lato! Sprawd\u017a, jak dzia\u0142a na sk\u00f3r\u0119 w ciep\u0142e dni i czy warto go u\u017cywa\u0107 w letniej piel\u0119gnacji.\",\"breadcrumb\":{\"@id\":\"https:\/\/darzdrowia.pl\/ciekawostki\/czy-bioliq-serum-nadaje-sie-do-stosowania-latem\/#breadcrumb\"},\"inLanguage\":\"pl-PL\",\"potentialAction\":[{\"@type\":\"ReadAction\",\"target\":[\"https:\/\/darzdrowia.pl\/ciekawostki\/czy-bioliq-serum-nadaje-sie-do-stosowania-latem\/\"]}]},{\"@type\":\"BreadcrumbList\",\"@id\":\"https:\/\/darzdrowia.pl\/ciekawostki\/czy-bioliq-serum-nadaje-sie-do-stosowania-latem\/#breadcrumb\",\"itemListElement\":[{\"@type\":\"ListItem\",\"position\":1,\"name\":\"Strona g\u0142\u00f3wna\",\"item\":\"https:\/\/darzdrowia.pl\/ciekawostki\/\"},{\"@type\":\"ListItem\",\"position\":2,\"name\":\"Czy Bioliq serum nadaje si\u0119 do stosowania latem?\"}]},{\"@type\":\"WebSite\",\"@id\":\"https:\/\/darzdrowia.pl\/ciekawostki\/#website\",\"url\":\"https:\/\/darzdrowia.pl\/ciekawostki\/\",\"name\":\"Dar Zdrowia Drogeria - Blog\",\"description\":\"\",\"publisher\":{\"@id\":\"https:\/\/darzdrowia.pl\/ciekawostki\/#organization\"},\"potentialAction\":[{\"@type\":\"SearchAction\",\"target\":{\"@type\":\"EntryPoint\",\"urlTemplate\":\"https:\/\/darzdrowia.pl\/ciekawostki\/?s={search_term_string}\"},\"query-input\":\"required name=search_term_string\"}],\"inLanguage\":\"pl-PL\"},{\"@type\":\"Organization\",\"@id\":\"https:\/\/darzdrowia.pl\/ciekawostki\/#organization\",\"name\":\"Dar Zdrowia Drogeria - Blog\",\"url\":\"https:\/\/darzdrowia.pl\/ciekawostki\/\",\"logo\":{\"@type\":\"ImageObject\",\"inLanguage\":\"pl-PL\",\"@id\":\"https:\/\/darzdrowia.pl\/ciekawostki\/#\/schema\/logo\/image\/\",\"url\":\"https:\/\/darzdrowia.pl\/ciekawostki\/wp-content\/uploads\/2023\/11\/logo-darzdrowia.webp\",\"contentUrl\":\"https:\/\/darzdrowia.pl\/ciekawostki\/wp-content\/uploads\/2023\/11\/logo-darzdrowia.webp\",\"width\":744,\"height\":225,\"caption\":\"Dar Zdrowia Drogeria - Blog\"},\"image\":{\"@id\":\"https:\/\/darzdrowia.pl\/ciekawostki\/#\/schema\/logo\/image\/\"},\"sameAs\":[\"https:\/\/www.facebook.com\/profile.php?id=100063606935396\"]},{\"@type\":\"Person\",\"@id\":\"https:\/\/darzdrowia.pl\/ciekawostki\/#\/schema\/person\/e75579d624630bf943ac69d374bb928e\",\"name\":\"funkymedia\",\"image\":{\"@type\":\"ImageObject\",\"inLanguage\":\"pl-PL\",\"@id\":\"https:\/\/darzdrowia.pl\/ciekawostki\/#\/schema\/person\/image\/\",\"url\":\"https:\/\/secure.gravatar.com\/avatar\/393cb205b658aef6e3271ad5a92265e3e4433d2384bbe95524ba160d5bc20299?s=96&d=mm&r=g\",\"contentUrl\":\"https:\/\/secure.gravatar.com\/avatar\/393cb205b658aef6e3271ad5a92265e3e4433d2384bbe95524ba160d5bc20299?s=96&d=mm&r=g\",\"caption\":\"funkymedia\"},\"sameAs\":[\"https:\/\/darzdrowia.pl\/ciekawostki\"],\"url\":\"https:\/\/darzdrowia.pl\/ciekawostki\/author\/funkymedia\/\"}]}<\/script>\n<!-- \/ Yoast SEO plugin. -->","yoast_head_json":{"title":"Czy Bioliq serum nadaje si\u0119 do stosowania latem?","description":"Odkryj, czy Bioliq serum to idealny wyb\u00f3r na lato! Sprawd\u017a, jak dzia\u0142a na sk\u00f3r\u0119 w ciep\u0142e dni i czy warto go u\u017cywa\u0107 w letniej piel\u0119gnacji.","robots":{"index":"index","follow":"follow","max-snippet":"max-snippet:-1","max-image-preview":"max-image-preview:large","max-video-preview":"max-video-preview:-1"},"canonical":"https:\/\/darzdrowia.pl\/ciekawostki\/czy-bioliq-serum-nadaje-sie-do-stosowania-latem\/","og_locale":"pl_PL","og_type":"article","og_title":"Czy Bioliq serum nadaje si\u0119 do stosowania latem?","og_description":"Odkryj, czy Bioliq serum to idealny wyb\u00f3r na lato! Sprawd\u017a, jak dzia\u0142a na sk\u00f3r\u0119 w ciep\u0142e dni i czy warto go u\u017cywa\u0107 w letniej piel\u0119gnacji.","og_url":"https:\/\/darzdrowia.pl\/ciekawostki\/czy-bioliq-serum-nadaje-sie-do-stosowania-latem\/","og_site_name":"Dar Zdrowia Drogeria - Blog","article_publisher":"https:\/\/www.facebook.com\/profile.php?id=100063606935396","article_published_time":"2025-01-21T12:18:34+00:00","author":"funkymedia","twitter_card":"summary_large_image","twitter_misc":{"Napisane przez":"funkymedia","Szacowany czas czytania":"3 minuty"},"schema":{"@context":"https:\/\/schema.org","@graph":[{"@type":"Article","@id":"https:\/\/darzdrowia.pl\/ciekawostki\/czy-bioliq-serum-nadaje-sie-do-stosowania-latem\/#article","isPartOf":{"@id":"https:\/\/darzdrowia.pl\/ciekawostki\/czy-bioliq-serum-nadaje-sie-do-stosowania-latem\/"},"author":{"name":"funkymedia","@id":"https:\/\/darzdrowia.pl\/ciekawostki\/#\/schema\/person\/e75579d624630bf943ac69d374bb928e"},"headline":"Czy Bioliq serum nadaje si\u0119 do stosowania latem?","datePublished":"2025-01-21T12:18:34+00:00","dateModified":"2025-01-21T12:18:34+00:00","mainEntityOfPage":{"@id":"https:\/\/darzdrowia.pl\/ciekawostki\/czy-bioliq-serum-nadaje-sie-do-stosowania-latem\/"},"wordCount":625,"publisher":{"@id":"https:\/\/darzdrowia.pl\/ciekawostki\/#organization"},"inLanguage":"pl-PL"},{"@type":"WebPage","@id":"https:\/\/darzdrowia.pl\/ciekawostki\/czy-bioliq-serum-nadaje-sie-do-stosowania-latem\/","url":"https:\/\/darzdrowia.pl\/ciekawostki\/czy-bioliq-serum-nadaje-sie-do-stosowania-latem\/","name":"Czy Bioliq serum nadaje si\u0119 do stosowania latem?","isPartOf":{"@id":"https:\/\/darzdrowia.pl\/ciekawostki\/#website"},"datePublished":"2025-01-21T12:18:34+00:00","dateModified":"2025-01-21T12:18:34+00:00","description":"Odkryj, czy Bioliq serum to idealny wyb\u00f3r na lato! Sprawd\u017a, jak dzia\u0142a na sk\u00f3r\u0119 w ciep\u0142e dni i czy warto go u\u017cywa\u0107 w letniej piel\u0119gnacji.","breadcrumb":{"@id":"https:\/\/darzdrowia.pl\/ciekawostki\/czy-bioliq-serum-nadaje-sie-do-stosowania-latem\/#breadcrumb"},"inLanguage":"pl-PL","potentialAction":[{"@type":"ReadAction","target":["https:\/\/darzdrowia.pl\/ciekawostki\/czy-bioliq-serum-nadaje-sie-do-stosowania-latem\/"]}]},{"@type":"BreadcrumbList","@id":"https:\/\/darzdrowia.pl\/ciekawostki\/czy-bioliq-serum-nadaje-sie-do-stosowania-latem\/#breadcrumb","itemListElement":[{"@type":"ListItem","position":1,"name":"Strona g\u0142\u00f3wna","item":"https:\/\/darzdrowia.pl\/ciekawostki\/"},{"@type":"ListItem","position":2,"name":"Czy Bioliq serum nadaje si\u0119 do stosowania latem?"}]},{"@type":"WebSite","@id":"https:\/\/darzdrowia.pl\/ciekawostki\/#website","url":"https:\/\/darzdrowia.pl\/ciekawostki\/","name":"Dar Zdrowia Drogeria - Blog","description":"","publisher":{"@id":"https:\/\/darzdrowia.pl\/ciekawostki\/#organization"},"potentialAction":[{"@type":"SearchAction","target":{"@type":"EntryPoint","urlTemplate":"https:\/\/darzdrowia.pl\/ciekawostki\/?s={search_term_string}"},"query-input":"required name=search_term_string"}],"inLanguage":"pl-PL"},{"@type":"Organization","@id":"https:\/\/darzdrowia.pl\/ciekawostki\/#organization","name":"Dar Zdrowia Drogeria - Blog","url":"https:\/\/darzdrowia.pl\/ciekawostki\/","logo":{"@type":"ImageObject","inLanguage":"pl-PL","@id":"https:\/\/darzdrowia.pl\/ciekawostki\/#\/schema\/logo\/image\/","url":"https:\/\/darzdrowia.pl\/ciekawostki\/wp-content\/uploads\/2023\/11\/logo-darzdrowia.webp","contentUrl":"https:\/\/darzdrowia.pl\/ciekawostki\/wp-content\/uploads\/2023\/11\/logo-darzdrowia.webp","width":744,"height":225,"caption":"Dar Zdrowia Drogeria - Blog"},"image":{"@id":"https:\/\/darzdrowia.pl\/ciekawostki\/#\/schema\/logo\/image\/"},"sameAs":["https:\/\/www.facebook.com\/profile.php?id=100063606935396"]},{"@type":"Person","@id":"https:\/\/darzdrowia.pl\/ciekawostki\/#\/schema\/person\/e75579d624630bf943ac69d374bb928e","name":"funkymedia","image":{"@type":"ImageObject","inLanguage":"pl-PL","@id":"https:\/\/darzdrowia.pl\/ciekawostki\/#\/schema\/person\/image\/","url":"https:\/\/secure.gravatar.com\/avatar\/393cb205b658aef6e3271ad5a92265e3e4433d2384bbe95524ba160d5bc20299?s=96&d=mm&r=g","contentUrl":"https:\/\/secure.gravatar.com\/avatar\/393cb205b658aef6e3271ad5a92265e3e4433d2384bbe95524ba160d5bc20299?s=96&d=mm&r=g","caption":"funkymedia"},"sameAs":["https:\/\/darzdrowia.pl\/ciekawostki"],"url":"https:\/\/darzdrowia.pl\/ciekawostki\/author\/funkymedia\/"}]}},"_links":{"self":[{"href":"https:\/\/darzdrowia.pl\/ciekawostki\/wp-json\/wp\/v2\/posts\/7371","targetHints":{"allow":["GET"]}}],"collection":[{"href":"https:\/\/darzdrowia.pl\/ciekawostki\/wp-json\/wp\/v2\/posts"}],"about":[{"href":"https:\/\/darzdrowia.pl\/ciekawostki\/wp-json\/wp\/v2\/types\/post"}],"author":[{"embeddable":true,"href":"https:\/\/darzdrowia.pl\/ciekawostki\/wp-json\/wp\/v2\/users\/1"}],"replies":[{"embeddable":true,"href":"https:\/\/darzdrowia.pl\/ciekawostki\/wp-json\/wp\/v2\/comments?post=7371"}],"version-history":[{"count":0,"href":"https:\/\/darzdrowia.pl\/ciekawostki\/wp-json\/wp\/v2\/posts\/7371\/revisions"}],"wp:attachment":[{"href":"https:\/\/darzdrowia.pl\/ciekawostki\/wp-json\/wp\/v2\/media?parent=7371"}],"wp:term":[{"taxonomy":"category","embeddable":true,"href":"https:\/\/darzdrowia.pl\/ciekawostki\/wp-json\/wp\/v2\/categories?post=7371"},{"taxonomy":"post_tag","embeddable":true,"href":"https:\/\/darzdrowia.pl\/ciekawostki\/wp-json\/wp\/v2\/tags?post=7371"}],"curies":[{"name":"wp","href":"https:\/\/api.w.org\/{rel}","templated":true}]}}