{"id":7369,"date":"2025-01-21T13:17:44","date_gmt":"2025-01-21T12:17:44","guid":{"rendered":"https:\/\/darzdrowia.pl\/ciekawostki\/witamina-d-u-osob-z-chorobami-skory-jak-ja-suplementowac\/"},"modified":"2025-01-21T13:17:44","modified_gmt":"2025-01-21T12:17:44","slug":"witamina-d-u-osob-z-chorobami-skory-jak-ja-suplementowac","status":"publish","type":"post","link":"https:\/\/darzdrowia.pl\/ciekawostki\/witamina-d-u-osob-z-chorobami-skory-jak-ja-suplementowac\/","title":{"rendered":"Witamina D u os\u00f3b z chorobami sk\u00f3ry \u2013 jak j\u0105 suplementowa\u0107?"},"content":{"rendered":"\n<p>Witamina D odgrywa kluczow\u0105 rol\u0119 w utrzymaniu zdrowia cz\u0142owieka, wp\u0142ywaj\u0105c na wiele proces\u00f3w metabolicznych i immunologicznych. Jej znaczenie jest szczeg\u00f3lnie istotne w kontek\u015bcie zdrowia sk\u00f3ry, gdzie pe\u0142ni funkcje ochronne i regeneracyjne. Osoby z chorobami sk\u00f3ry, takimi jak \u0142uszczyca, atopowe zapalenie sk\u00f3ry czy tr\u0105dzik, mog\u0105 do\u015bwiadcza\u0107 zaburze\u0144 w metabolizmie witaminy D, co mo\u017ce wp\u0142ywa\u0107 na przebieg i nasilenie objaw\u00f3w tych schorze\u0144. Suplementacja witaminy D staje si\u0119 wi\u0119c wa\u017cnym elementem wspomagaj\u0105cym terapi\u0119 dermatologiczn\u0105. Wprowadzenie odpowiednich dawek tej witaminy mo\u017ce nie tylko poprawi\u0107 stan sk\u00f3ry, ale tak\u017ce wspiera\u0107 og\u00f3ln\u0105 odporno\u015b\u0107 organizmu. W artykule om\u00f3wimy zalecenia dotycz\u0105ce suplementacji witaminy D u os\u00f3b z chorobami sk\u00f3ry, uwzgl\u0119dniaj\u0105c indywidualne potrzeby pacjent\u00f3w oraz najnowsze badania naukowe w tej dziedzinie.<\/p>\n\n\n\n<h2 class=\"wp-block-heading\">Witamina D a \u0142uszczyca: Jak odpowiednia suplementacja mo\u017ce wspiera\u0107 leczenie i poprawi\u0107 kondycj\u0119 sk\u00f3ry?<\/h2>\n\n\n\n<p>Witamina D odgrywa istotn\u0105 rol\u0119 w regulacji uk\u0142adu odporno\u015bciowego i proces\u00f3w zapalnych, co ma znaczenie w kontek\u015bcie \u0142uszczycy. Badania wskazuj\u0105, \u017ce osoby z \u0142uszczyc\u0105 cz\u0119sto maj\u0105 ni\u017cszy poziom tej witaminy. Suplementacja witamin\u0105 D mo\u017ce wspiera\u0107 leczenie poprzez zmniejszenie nasilenia objaw\u00f3w sk\u00f3rnych i popraw\u0119 og\u00f3lnej kondycji sk\u00f3ry. Witamina ta wp\u0142ywa na proliferacj\u0119 i r\u00f3\u017cnicowanie keratynocyt\u00f3w, co jest kluczowe w kontrolowaniu nadmiernego rogowacenia nask\u00f3rka charakterystycznego dla \u0142uszczycy. Zaleca si\u0119 konsultacj\u0119 z lekarzem przed rozpocz\u0119ciem suplementacji, aby dostosowa\u0107 dawk\u0119 do indywidualnych potrzeb pacjenta.<\/p>\n\n\n\n<h2 class=\"wp-block-heading\">Atopowe zapalenie sk\u00f3ry i rola witaminy D: Przewodnik po skutecznej suplementacji dla os\u00f3b z AZS<\/h2>\n\n\n\n<p>Atopowe zapalenie sk\u00f3ry (AZS) to przewlek\u0142a choroba zapalna sk\u00f3ry, charakteryzuj\u0105ca si\u0119 sucho\u015bci\u0105, \u015bwi\u0105dem i stanami zapalnymi. Witamina D odgrywa istotn\u0105 rol\u0119 w regulacji uk\u0142adu odporno\u015bciowego i mo\u017ce wp\u0142ywa\u0107 na przebieg AZS.<\/p>\n\n\n\n<p>**Rola witaminy D:**<\/p>\n\n\n\n<p>1. **Regulacja uk\u0142adu odporno\u015bciowego:** Witamina D moduluje odpowied\u017a immunologiczn\u0105, co mo\u017ce zmniejsza\u0107 stan zapalny sk\u00f3ry.<\/p>\n\n\n\n<p>2. **Bariera sk\u00f3rna:** Wspomaga funkcjonowanie bariery sk\u00f3rnej, co jest kluczowe w AZS.<\/p>\n\n\n\n<p>3. **Produkcja peptyd\u00f3w antybakteryjnych:** Zwi\u0119ksza produkcj\u0119 peptyd\u00f3w, kt\u00f3re chroni\u0105 przed infekcjami sk\u00f3rnymi.<\/p>\n\n\n\n<p>**Suplementacja witamin\u0105 D:**<\/p>\n\n\n\n<p>1. **Dawkowanie:** Zaleca si\u0119 konsultacj\u0119 z lekarzem w celu ustalenia odpowiedniej dawki. Zwykle rekomenduje si\u0119 1000-2000 IU dziennie dla doros\u0142ych.<\/p>\n\n\n\n<p>2. **Monitorowanie poziomu:** Regularne badania poziomu witaminy D we krwi s\u0105 wa\u017cne dla unikni\u0119cia niedoboru lub nadmiaru.<\/p>\n\n\n\n<p>3. **\u0179r\u00f3d\u0142a naturalne:** Opr\u00f3cz suplementacji warto uwzgl\u0119dni\u0107 diet\u0119 bogat\u0105 w witamin\u0119 D oraz umiarkowan\u0105 ekspozycj\u0119 na s\u0142o\u0144ce.<\/p>\n\n\n\n<p>**Bezpiecze\u0144stwo:**<\/p>\n\n\n\n<p>1. **Przedawkowanie:** Mo\u017ce prowadzi\u0107 do hiperkalcemii i innych powik\u0142a\u0144 zdrowotnych.<\/p>\n\n\n\n<p>2. **Interakcje z lekami:** Nale\u017cy poinformowa\u0107 lekarza o wszystkich przyjmowanych lekach.<\/p>\n\n\n\n<p>Podsumowuj\u0105c, witamina D mo\u017ce by\u0107 pomocnym elementem terapii wspomagaj\u0105cej w AZS, ale jej suplementacja powinna by\u0107 prowadzona pod kontrol\u0105 specjalisty.<\/p>\n\n\n\n<h2 class=\"wp-block-heading\">Tr\u0105dzik a witamina D: Czy suplementacja mo\u017ce pom\u00f3c w walce z problemami sk\u00f3rnymi?<\/h2>\n\n\n\n<p>Witamina D odgrywa istotn\u0105 rol\u0119 w funkcjonowaniu uk\u0142adu odporno\u015bciowego i zdrowiu sk\u00f3ry. Badania sugeruj\u0105, \u017ce jej niedob\u00f3r mo\u017ce by\u0107 zwi\u0105zany z wyst\u0119powaniem tr\u0105dziku. Suplementacja witaminy D mo\u017ce wspiera\u0107 redukcj\u0119 stan\u00f3w zapalnych sk\u00f3ry, co potencjalnie wp\u0142ywa na zmniejszenie objaw\u00f3w tr\u0105dziku. Jednak\u017ce, dowody naukowe nie s\u0105 jednoznaczne i konieczne s\u0105 dalsze badania w celu potwierdzenia skuteczno\u015bci takiej terapii. Przed rozpocz\u0119ciem suplementacji zaleca si\u0119 konsultacj\u0119 z lekarzem lub dermatologiem.<\/p>\n\n\n\n<p>Witamina D odgrywa kluczow\u0105 rol\u0119 w zdrowiu sk\u00f3ry, a jej odpowiedni poziom jest szczeg\u00f3lnie istotny dla os\u00f3b z chorobami dermatologicznymi. Badania wskazuj\u0105, \u017ce niedob\u00f3r witaminy D mo\u017ce by\u0107 zwi\u0105zany z zaostrzeniem objaw\u00f3w takich schorze\u0144 jak \u0142uszczyca, atopowe zapalenie sk\u00f3ry czy tr\u0105dzik. Suplementacja witaminy D mo\u017ce przynie\u015b\u0107 korzy\u015bci w postaci z\u0142agodzenia objaw\u00f3w i poprawy og\u00f3lnego stanu sk\u00f3ry.<\/p>\n\n\n\n<p>Aby skutecznie suplementowa\u0107 witamin\u0119 D, zaleca si\u0119 konsultacj\u0119 z lekarzem lub dermatologiem, kt\u00f3rzy mog\u0105 okre\u015bli\u0107 indywidualne zapotrzebowanie na t\u0119 witamin\u0119 na podstawie bada\u0144 krwi. Standardowe dawki suplementacji mog\u0105 si\u0119 r\u00f3\u017cni\u0107 w zale\u017cno\u015bci od wieku, masy cia\u0142a, stopnia nas\u0142onecznienia oraz specyfiki danej choroby sk\u00f3rnej. Warto r\u00f3wnie\u017c pami\u0119ta\u0107 o naturalnych \u017ar\u00f3d\u0142ach witaminy D, takich jak ekspozycja na s\u0142o\u0144ce i dieta bogata w ryby morskie czy wzbogacone produkty spo\u017cywcze.<\/p>\n\n\n\n<p>Podsumowuj\u0105c, odpowiednia suplementacja witaminy D mo\u017ce stanowi\u0107 wa\u017cny element wspomagaj\u0105cy leczenie chor\u00f3b sk\u00f3ry. Kluczowe jest jednak indywidualne podej\u015bcie do ka\u017cdego pacjenta oraz regularne monitorowanie poziomu tej witaminy we krwi, aby unikn\u0105\u0107 zar\u00f3wno niedoboru, jak i nadmiaru.<\/p>\n","protected":false},"excerpt":{"rendered":"<p>Witamina D odgrywa kluczow\u0105 rol\u0119 w utrzymaniu zdrowia cz\u0142owieka, wp\u0142ywaj\u0105c na wiele proces\u00f3w metabolicznych i immunologicznych. Jej znaczenie jest szczeg\u00f3lnie istotne w kontek\u015bcie zdrowia sk\u00f3ry, gdzie pe\u0142ni funkcje ochronne i regeneracyjne. Osoby z chorobami sk\u00f3ry, takimi jak \u0142uszczyca, atopowe zapalenie sk\u00f3ry czy tr\u0105dzik, mog\u0105 do\u015bwiadcza\u0107 zaburze\u0144 w metabolizmie witaminy D, co mo\u017ce wp\u0142ywa\u0107 na przebieg [&hellip;]<\/p>\n","protected":false},"author":1,"featured_media":0,"comment_status":"","ping_status":"open","sticky":false,"template":"","format":"standard","meta":{"footnotes":""},"categories":[1],"tags":[],"class_list":["post-7369","post","type-post","status-publish","format-standard","hentry","category-bez-kategorii"],"fm_meta_title":"Witamina D u os\u00f3b z chorobami sk\u00f3ry \u2013 jak j\u0105 suplementowa\u0107?","fm_meta_description":"Dowiedz si\u0119, jak prawid\u0142owo suplementowa\u0107 witamin\u0119 D przy chorobach sk\u00f3ry. Odkryj korzy\u015bci i popraw swoje zdrowie ju\u017c dzi\u015b!","yoast_head":"<!-- This site is optimized with the Yoast SEO plugin v21.5 - https:\/\/yoast.com\/wordpress\/plugins\/seo\/ -->\n<title>Witamina D u os\u00f3b z chorobami sk\u00f3ry \u2013 jak j\u0105 suplementowa\u0107?<\/title>\n<meta name=\"description\" content=\"Dowiedz si\u0119, jak prawid\u0142owo suplementowa\u0107 witamin\u0119 D przy chorobach sk\u00f3ry. Odkryj korzy\u015bci i popraw swoje zdrowie ju\u017c dzi\u015b!\" \/>\n<meta name=\"robots\" content=\"index, follow, max-snippet:-1, max-image-preview:large, max-video-preview:-1\" \/>\n<link rel=\"canonical\" href=\"https:\/\/darzdrowia.pl\/ciekawostki\/witamina-d-u-osob-z-chorobami-skory-jak-ja-suplementowac\/\" \/>\n<meta property=\"og:locale\" content=\"pl_PL\" \/>\n<meta property=\"og:type\" content=\"article\" \/>\n<meta property=\"og:title\" content=\"Witamina D u os\u00f3b z chorobami sk\u00f3ry \u2013 jak j\u0105 suplementowa\u0107?\" \/>\n<meta property=\"og:description\" content=\"Dowiedz si\u0119, jak prawid\u0142owo suplementowa\u0107 witamin\u0119 D przy chorobach sk\u00f3ry. Odkryj korzy\u015bci i popraw swoje zdrowie ju\u017c dzi\u015b!\" \/>\n<meta property=\"og:url\" content=\"https:\/\/darzdrowia.pl\/ciekawostki\/witamina-d-u-osob-z-chorobami-skory-jak-ja-suplementowac\/\" \/>\n<meta property=\"og:site_name\" content=\"Dar Zdrowia Drogeria - Blog\" \/>\n<meta property=\"article:publisher\" content=\"https:\/\/www.facebook.com\/profile.php?id=100063606935396\" \/>\n<meta property=\"article:published_time\" content=\"2025-01-21T12:17:44+00:00\" \/>\n<meta name=\"author\" content=\"funkymedia\" \/>\n<meta name=\"twitter:card\" content=\"summary_large_image\" \/>\n<meta name=\"twitter:label1\" content=\"Napisane przez\" \/>\n\t<meta name=\"twitter:data1\" content=\"funkymedia\" \/>\n\t<meta name=\"twitter:label2\" content=\"Szacowany czas czytania\" \/>\n\t<meta name=\"twitter:data2\" content=\"4 minuty\" \/>\n<script type=\"application\/ld+json\" class=\"yoast-schema-graph\">{\"@context\":\"https:\/\/schema.org\",\"@graph\":[{\"@type\":\"Article\",\"@id\":\"https:\/\/darzdrowia.pl\/ciekawostki\/witamina-d-u-osob-z-chorobami-skory-jak-ja-suplementowac\/#article\",\"isPartOf\":{\"@id\":\"https:\/\/darzdrowia.pl\/ciekawostki\/witamina-d-u-osob-z-chorobami-skory-jak-ja-suplementowac\/\"},\"author\":{\"name\":\"funkymedia\",\"@id\":\"https:\/\/darzdrowia.pl\/ciekawostki\/#\/schema\/person\/e75579d624630bf943ac69d374bb928e\"},\"headline\":\"Witamina D u os\u00f3b z chorobami sk\u00f3ry \u2013 jak j\u0105 suplementowa\u0107?\",\"datePublished\":\"2025-01-21T12:17:44+00:00\",\"dateModified\":\"2025-01-21T12:17:44+00:00\",\"mainEntityOfPage\":{\"@id\":\"https:\/\/darzdrowia.pl\/ciekawostki\/witamina-d-u-osob-z-chorobami-skory-jak-ja-suplementowac\/\"},\"wordCount\":780,\"publisher\":{\"@id\":\"https:\/\/darzdrowia.pl\/ciekawostki\/#organization\"},\"inLanguage\":\"pl-PL\"},{\"@type\":\"WebPage\",\"@id\":\"https:\/\/darzdrowia.pl\/ciekawostki\/witamina-d-u-osob-z-chorobami-skory-jak-ja-suplementowac\/\",\"url\":\"https:\/\/darzdrowia.pl\/ciekawostki\/witamina-d-u-osob-z-chorobami-skory-jak-ja-suplementowac\/\",\"name\":\"Witamina D u os\u00f3b z chorobami sk\u00f3ry \u2013 jak j\u0105 suplementowa\u0107?\",\"isPartOf\":{\"@id\":\"https:\/\/darzdrowia.pl\/ciekawostki\/#website\"},\"datePublished\":\"2025-01-21T12:17:44+00:00\",\"dateModified\":\"2025-01-21T12:17:44+00:00\",\"description\":\"Dowiedz si\u0119, jak prawid\u0142owo suplementowa\u0107 witamin\u0119 D przy chorobach sk\u00f3ry. Odkryj korzy\u015bci i popraw swoje zdrowie ju\u017c dzi\u015b!\",\"breadcrumb\":{\"@id\":\"https:\/\/darzdrowia.pl\/ciekawostki\/witamina-d-u-osob-z-chorobami-skory-jak-ja-suplementowac\/#breadcrumb\"},\"inLanguage\":\"pl-PL\",\"potentialAction\":[{\"@type\":\"ReadAction\",\"target\":[\"https:\/\/darzdrowia.pl\/ciekawostki\/witamina-d-u-osob-z-chorobami-skory-jak-ja-suplementowac\/\"]}]},{\"@type\":\"BreadcrumbList\",\"@id\":\"https:\/\/darzdrowia.pl\/ciekawostki\/witamina-d-u-osob-z-chorobami-skory-jak-ja-suplementowac\/#breadcrumb\",\"itemListElement\":[{\"@type\":\"ListItem\",\"position\":1,\"name\":\"Strona g\u0142\u00f3wna\",\"item\":\"https:\/\/darzdrowia.pl\/ciekawostki\/\"},{\"@type\":\"ListItem\",\"position\":2,\"name\":\"Witamina D u os\u00f3b z chorobami sk\u00f3ry \u2013 jak j\u0105 suplementowa\u0107?\"}]},{\"@type\":\"WebSite\",\"@id\":\"https:\/\/darzdrowia.pl\/ciekawostki\/#website\",\"url\":\"https:\/\/darzdrowia.pl\/ciekawostki\/\",\"name\":\"Dar Zdrowia Drogeria - Blog\",\"description\":\"\",\"publisher\":{\"@id\":\"https:\/\/darzdrowia.pl\/ciekawostki\/#organization\"},\"potentialAction\":[{\"@type\":\"SearchAction\",\"target\":{\"@type\":\"EntryPoint\",\"urlTemplate\":\"https:\/\/darzdrowia.pl\/ciekawostki\/?s={search_term_string}\"},\"query-input\":\"required name=search_term_string\"}],\"inLanguage\":\"pl-PL\"},{\"@type\":\"Organization\",\"@id\":\"https:\/\/darzdrowia.pl\/ciekawostki\/#organization\",\"name\":\"Dar Zdrowia Drogeria - Blog\",\"url\":\"https:\/\/darzdrowia.pl\/ciekawostki\/\",\"logo\":{\"@type\":\"ImageObject\",\"inLanguage\":\"pl-PL\",\"@id\":\"https:\/\/darzdrowia.pl\/ciekawostki\/#\/schema\/logo\/image\/\",\"url\":\"https:\/\/darzdrowia.pl\/ciekawostki\/wp-content\/uploads\/2023\/11\/logo-darzdrowia.webp\",\"contentUrl\":\"https:\/\/darzdrowia.pl\/ciekawostki\/wp-content\/uploads\/2023\/11\/logo-darzdrowia.webp\",\"width\":744,\"height\":225,\"caption\":\"Dar Zdrowia Drogeria - Blog\"},\"image\":{\"@id\":\"https:\/\/darzdrowia.pl\/ciekawostki\/#\/schema\/logo\/image\/\"},\"sameAs\":[\"https:\/\/www.facebook.com\/profile.php?id=100063606935396\"]},{\"@type\":\"Person\",\"@id\":\"https:\/\/darzdrowia.pl\/ciekawostki\/#\/schema\/person\/e75579d624630bf943ac69d374bb928e\",\"name\":\"funkymedia\",\"image\":{\"@type\":\"ImageObject\",\"inLanguage\":\"pl-PL\",\"@id\":\"https:\/\/darzdrowia.pl\/ciekawostki\/#\/schema\/person\/image\/\",\"url\":\"https:\/\/secure.gravatar.com\/avatar\/393cb205b658aef6e3271ad5a92265e3e4433d2384bbe95524ba160d5bc20299?s=96&d=mm&r=g\",\"contentUrl\":\"https:\/\/secure.gravatar.com\/avatar\/393cb205b658aef6e3271ad5a92265e3e4433d2384bbe95524ba160d5bc20299?s=96&d=mm&r=g\",\"caption\":\"funkymedia\"},\"sameAs\":[\"https:\/\/darzdrowia.pl\/ciekawostki\"],\"url\":\"https:\/\/darzdrowia.pl\/ciekawostki\/author\/funkymedia\/\"}]}<\/script>\n<!-- \/ Yoast SEO plugin. -->","yoast_head_json":{"title":"Witamina D u os\u00f3b z chorobami sk\u00f3ry \u2013 jak j\u0105 suplementowa\u0107?","description":"Dowiedz si\u0119, jak prawid\u0142owo suplementowa\u0107 witamin\u0119 D przy chorobach sk\u00f3ry. Odkryj korzy\u015bci i popraw swoje zdrowie ju\u017c dzi\u015b!","robots":{"index":"index","follow":"follow","max-snippet":"max-snippet:-1","max-image-preview":"max-image-preview:large","max-video-preview":"max-video-preview:-1"},"canonical":"https:\/\/darzdrowia.pl\/ciekawostki\/witamina-d-u-osob-z-chorobami-skory-jak-ja-suplementowac\/","og_locale":"pl_PL","og_type":"article","og_title":"Witamina D u os\u00f3b z chorobami sk\u00f3ry \u2013 jak j\u0105 suplementowa\u0107?","og_description":"Dowiedz si\u0119, jak prawid\u0142owo suplementowa\u0107 witamin\u0119 D przy chorobach sk\u00f3ry. Odkryj korzy\u015bci i popraw swoje zdrowie ju\u017c dzi\u015b!","og_url":"https:\/\/darzdrowia.pl\/ciekawostki\/witamina-d-u-osob-z-chorobami-skory-jak-ja-suplementowac\/","og_site_name":"Dar Zdrowia Drogeria - Blog","article_publisher":"https:\/\/www.facebook.com\/profile.php?id=100063606935396","article_published_time":"2025-01-21T12:17:44+00:00","author":"funkymedia","twitter_card":"summary_large_image","twitter_misc":{"Napisane przez":"funkymedia","Szacowany czas czytania":"4 minuty"},"schema":{"@context":"https:\/\/schema.org","@graph":[{"@type":"Article","@id":"https:\/\/darzdrowia.pl\/ciekawostki\/witamina-d-u-osob-z-chorobami-skory-jak-ja-suplementowac\/#article","isPartOf":{"@id":"https:\/\/darzdrowia.pl\/ciekawostki\/witamina-d-u-osob-z-chorobami-skory-jak-ja-suplementowac\/"},"author":{"name":"funkymedia","@id":"https:\/\/darzdrowia.pl\/ciekawostki\/#\/schema\/person\/e75579d624630bf943ac69d374bb928e"},"headline":"Witamina D u os\u00f3b z chorobami sk\u00f3ry \u2013 jak j\u0105 suplementowa\u0107?","datePublished":"2025-01-21T12:17:44+00:00","dateModified":"2025-01-21T12:17:44+00:00","mainEntityOfPage":{"@id":"https:\/\/darzdrowia.pl\/ciekawostki\/witamina-d-u-osob-z-chorobami-skory-jak-ja-suplementowac\/"},"wordCount":780,"publisher":{"@id":"https:\/\/darzdrowia.pl\/ciekawostki\/#organization"},"inLanguage":"pl-PL"},{"@type":"WebPage","@id":"https:\/\/darzdrowia.pl\/ciekawostki\/witamina-d-u-osob-z-chorobami-skory-jak-ja-suplementowac\/","url":"https:\/\/darzdrowia.pl\/ciekawostki\/witamina-d-u-osob-z-chorobami-skory-jak-ja-suplementowac\/","name":"Witamina D u os\u00f3b z chorobami sk\u00f3ry \u2013 jak j\u0105 suplementowa\u0107?","isPartOf":{"@id":"https:\/\/darzdrowia.pl\/ciekawostki\/#website"},"datePublished":"2025-01-21T12:17:44+00:00","dateModified":"2025-01-21T12:17:44+00:00","description":"Dowiedz si\u0119, jak prawid\u0142owo suplementowa\u0107 witamin\u0119 D przy chorobach sk\u00f3ry. Odkryj korzy\u015bci i popraw swoje zdrowie ju\u017c dzi\u015b!","breadcrumb":{"@id":"https:\/\/darzdrowia.pl\/ciekawostki\/witamina-d-u-osob-z-chorobami-skory-jak-ja-suplementowac\/#breadcrumb"},"inLanguage":"pl-PL","potentialAction":[{"@type":"ReadAction","target":["https:\/\/darzdrowia.pl\/ciekawostki\/witamina-d-u-osob-z-chorobami-skory-jak-ja-suplementowac\/"]}]},{"@type":"BreadcrumbList","@id":"https:\/\/darzdrowia.pl\/ciekawostki\/witamina-d-u-osob-z-chorobami-skory-jak-ja-suplementowac\/#breadcrumb","itemListElement":[{"@type":"ListItem","position":1,"name":"Strona g\u0142\u00f3wna","item":"https:\/\/darzdrowia.pl\/ciekawostki\/"},{"@type":"ListItem","position":2,"name":"Witamina D u os\u00f3b z chorobami sk\u00f3ry \u2013 jak j\u0105 suplementowa\u0107?"}]},{"@type":"WebSite","@id":"https:\/\/darzdrowia.pl\/ciekawostki\/#website","url":"https:\/\/darzdrowia.pl\/ciekawostki\/","name":"Dar Zdrowia Drogeria - Blog","description":"","publisher":{"@id":"https:\/\/darzdrowia.pl\/ciekawostki\/#organization"},"potentialAction":[{"@type":"SearchAction","target":{"@type":"EntryPoint","urlTemplate":"https:\/\/darzdrowia.pl\/ciekawostki\/?s={search_term_string}"},"query-input":"required name=search_term_string"}],"inLanguage":"pl-PL"},{"@type":"Organization","@id":"https:\/\/darzdrowia.pl\/ciekawostki\/#organization","name":"Dar Zdrowia Drogeria - Blog","url":"https:\/\/darzdrowia.pl\/ciekawostki\/","logo":{"@type":"ImageObject","inLanguage":"pl-PL","@id":"https:\/\/darzdrowia.pl\/ciekawostki\/#\/schema\/logo\/image\/","url":"https:\/\/darzdrowia.pl\/ciekawostki\/wp-content\/uploads\/2023\/11\/logo-darzdrowia.webp","contentUrl":"https:\/\/darzdrowia.pl\/ciekawostki\/wp-content\/uploads\/2023\/11\/logo-darzdrowia.webp","width":744,"height":225,"caption":"Dar Zdrowia Drogeria - Blog"},"image":{"@id":"https:\/\/darzdrowia.pl\/ciekawostki\/#\/schema\/logo\/image\/"},"sameAs":["https:\/\/www.facebook.com\/profile.php?id=100063606935396"]},{"@type":"Person","@id":"https:\/\/darzdrowia.pl\/ciekawostki\/#\/schema\/person\/e75579d624630bf943ac69d374bb928e","name":"funkymedia","image":{"@type":"ImageObject","inLanguage":"pl-PL","@id":"https:\/\/darzdrowia.pl\/ciekawostki\/#\/schema\/person\/image\/","url":"https:\/\/secure.gravatar.com\/avatar\/393cb205b658aef6e3271ad5a92265e3e4433d2384bbe95524ba160d5bc20299?s=96&d=mm&r=g","contentUrl":"https:\/\/secure.gravatar.com\/avatar\/393cb205b658aef6e3271ad5a92265e3e4433d2384bbe95524ba160d5bc20299?s=96&d=mm&r=g","caption":"funkymedia"},"sameAs":["https:\/\/darzdrowia.pl\/ciekawostki"],"url":"https:\/\/darzdrowia.pl\/ciekawostki\/author\/funkymedia\/"}]}},"_links":{"self":[{"href":"https:\/\/darzdrowia.pl\/ciekawostki\/wp-json\/wp\/v2\/posts\/7369","targetHints":{"allow":["GET"]}}],"collection":[{"href":"https:\/\/darzdrowia.pl\/ciekawostki\/wp-json\/wp\/v2\/posts"}],"about":[{"href":"https:\/\/darzdrowia.pl\/ciekawostki\/wp-json\/wp\/v2\/types\/post"}],"author":[{"embeddable":true,"href":"https:\/\/darzdrowia.pl\/ciekawostki\/wp-json\/wp\/v2\/users\/1"}],"replies":[{"embeddable":true,"href":"https:\/\/darzdrowia.pl\/ciekawostki\/wp-json\/wp\/v2\/comments?post=7369"}],"version-history":[{"count":0,"href":"https:\/\/darzdrowia.pl\/ciekawostki\/wp-json\/wp\/v2\/posts\/7369\/revisions"}],"wp:attachment":[{"href":"https:\/\/darzdrowia.pl\/ciekawostki\/wp-json\/wp\/v2\/media?parent=7369"}],"wp:term":[{"taxonomy":"category","embeddable":true,"href":"https:\/\/darzdrowia.pl\/ciekawostki\/wp-json\/wp\/v2\/categories?post=7369"},{"taxonomy":"post_tag","embeddable":true,"href":"https:\/\/darzdrowia.pl\/ciekawostki\/wp-json\/wp\/v2\/tags?post=7369"}],"curies":[{"name":"wp","href":"https:\/\/api.w.org\/{rel}","templated":true}]}}