{"id":7367,"date":"2025-01-21T13:16:44","date_gmt":"2025-01-21T12:16:44","guid":{"rendered":"https:\/\/darzdrowia.pl\/ciekawostki\/czy-niedobor-witaminy-d-moze-powodowac-przewlekle-zmeczenie\/"},"modified":"2025-01-21T13:16:44","modified_gmt":"2025-01-21T12:16:44","slug":"czy-niedobor-witaminy-d-moze-powodowac-przewlekle-zmeczenie","status":"publish","type":"post","link":"https:\/\/darzdrowia.pl\/ciekawostki\/czy-niedobor-witaminy-d-moze-powodowac-przewlekle-zmeczenie\/","title":{"rendered":"Czy niedob\u00f3r witaminy D mo\u017ce powodowa\u0107 przewlek\u0142e zm\u0119czenie?"},"content":{"rendered":"\n<p>Witamina D, znana r\u00f3wnie\u017c jako &#8222;witamina s\u0142o\u0144ca&#8221;, odgrywa kluczow\u0105 rol\u0119 w utrzymaniu zdrowia organizmu. Jest niezb\u0119dna dla prawid\u0142owego funkcjonowania uk\u0142adu kostnego, odporno\u015bciowego oraz nerwowego. W ostatnich latach coraz wi\u0119cej bada\u0144 wskazuje na zwi\u0105zek pomi\u0119dzy niedoborem witaminy D a r\u00f3\u017cnymi problemami zdrowotnymi, w tym przewlek\u0142ym zm\u0119czeniem. Przewlek\u0142e zm\u0119czenie to stan charakteryzuj\u0105cy si\u0119 d\u0142ugotrwa\u0142ym uczuciem wyczerpania, kt\u00f3re nie ust\u0119puje nawet po odpoczynku i mo\u017ce znacz\u0105co wp\u0142ywa\u0107 na jako\u015b\u0107 \u017cycia. Wprowadzenie do tematu zwi\u0105zku mi\u0119dzy niedoborem witaminy D a przewlek\u0142ym zm\u0119czeniem jest istotne, poniewa\u017c mo\u017ce pom\u00f3c w lepszym zrozumieniu potencjalnych przyczyn tego stanu oraz wskaza\u0107 mo\u017cliwe kierunki leczenia i profilaktyki. W niniejszym artykule przyjrzymy si\u0119 dowodom naukowym dotycz\u0105cym tej zale\u017cno\u015bci oraz om\u00f3wimy mechanizmy, poprzez kt\u00f3re niedob\u00f3r witaminy D mo\u017ce wp\u0142ywa\u0107 na poziom energii i og\u00f3lne samopoczucie.<\/p>\n\n\n\n<h2 class=\"wp-block-heading\">Witamina D a przewlek\u0142e zm\u0119czenie: Jak niedob\u00f3r wp\u0142ywa na nasz\u0105 energi\u0119 i samopoczucie?<\/h2>\n\n\n\n<p>Witamina D odgrywa kluczow\u0105 rol\u0119 w utrzymaniu zdrowia organizmu, wp\u0142ywaj\u0105c na uk\u0142ad kostny, odporno\u015bciowy oraz nerwowy. Niedob\u00f3r tej witaminy mo\u017ce prowadzi\u0107 do przewlek\u0142ego zm\u0119czenia, obni\u017cenia nastroju i og\u00f3lnego pogorszenia samopoczucia. Witamina D uczestniczy w regulacji poziomu wapnia i fosforu, co jest istotne dla funkcjonowania mi\u0119\u015bni i uk\u0142adu nerwowego. Jej brak mo\u017ce skutkowa\u0107 os\u0142abieniem mi\u0119\u015bni oraz zwi\u0119kszon\u0105 podatno\u015bci\u0105 na infekcje, co dodatkowo pot\u0119guje uczucie zm\u0119czenia. Badania wskazuj\u0105, \u017ce suplementacja witaminy D mo\u017ce poprawi\u0107 poziom energii u os\u00f3b z jej niedoborem. Warto monitorowa\u0107 jej poziom we krwi i konsultowa\u0107 si\u0119 z lekarzem w celu ustalenia odpowiedniej dawki suplementacji.<\/p>\n\n\n\n<h2 class=\"wp-block-heading\">Czy brak s\u0142o\u0144ca mo\u017ce by\u0107 przyczyn\u0105 Twojego zm\u0119czenia? Rola witaminy D w walce z chronicznym zm\u0119czeniem<\/h2>\n\n\n\n<p>Brak s\u0142o\u0144ca mo\u017ce by\u0107 jedn\u0105 z przyczyn zm\u0119czenia, poniewa\u017c wp\u0142ywa na poziom witaminy D w organizmie. Witamina D jest syntetyzowana w sk\u00f3rze pod wp\u0142ywem promieniowania UVB. Jej niedob\u00f3r mo\u017ce prowadzi\u0107 do os\u0142abienia mi\u0119\u015bni, obni\u017cenia nastroju i chronicznego zm\u0119czenia. Badania wskazuj\u0105, \u017ce suplementacja witamin\u0105 D mo\u017ce poprawi\u0107 samopoczucie i zwi\u0119kszy\u0107 poziom energii u os\u00f3b z jej niedoborem. Warto monitorowa\u0107 poziom tej witaminy, zw\u0142aszcza w miesi\u0105cach o ograniczonej ekspozycji na s\u0142o\u0144ce.<\/p>\n\n\n\n<h2 class=\"wp-block-heading\">Przewlek\u0142e zm\u0119czenie a dieta: Jak uzupe\u0142nienie witaminy D mo\u017ce poprawi\u0107 Twoj\u0105 jako\u015b\u0107 \u017cycia?<\/h2>\n\n\n\n<p>Przewlek\u0142e zm\u0119czenie jest problemem, kt\u00f3ry dotyka wielu os\u00f3b i mo\u017ce znacz\u0105co obni\u017ca\u0107 jako\u015b\u0107 \u017cycia. Jednym z czynnik\u00f3w wp\u0142ywaj\u0105cych na poziom energii jest dieta, a w szczeg\u00f3lno\u015bci poziom witaminy D w organizmie. Witamina D odgrywa kluczow\u0105 rol\u0119 w regulacji uk\u0142adu odporno\u015bciowego oraz funkcjonowaniu mi\u0119\u015bni i ko\u015bci. Jej niedob\u00f3r mo\u017ce prowadzi\u0107 do uczucia zm\u0119czenia i os\u0142abienia.<\/p>\n\n\n\n<p>Badania wskazuj\u0105, \u017ce suplementacja witamin\u0105 D mo\u017ce przynie\u015b\u0107 korzy\u015bci osobom cierpi\u0105cym na przewlek\u0142e zm\u0119czenie. Uzupe\u0142nienie jej niedobor\u00f3w cz\u0119sto skutkuje popraw\u0105 samopoczucia oraz wzrostem poziomu energii. Zaleca si\u0119 regularne badanie poziomu witaminy D we krwi i konsultacj\u0119 z lekarzem w celu ustalenia odpowiedniej dawki suplementacji.<\/p>\n\n\n\n<p>W\u0142\u0105czenie do diety produkt\u00f3w bogatych w witamin\u0119 D, takich jak t\u0142uste ryby, jaja czy wzbogacone produkty mleczne, r\u00f3wnie\u017c mo\u017ce wspiera\u0107 walk\u0119 z przewlek\u0142ym zm\u0119czeniem. Warto pami\u0119ta\u0107 o ekspozycji na s\u0142o\u0144ce, kt\u00f3ra naturalnie wspomaga syntez\u0119 tej witaminy w sk\u00f3rze.<\/p>\n\n\n\n<p>Niedob\u00f3r witaminy D jest coraz cz\u0119\u015bciej badany w kontek\u015bcie jego wp\u0142ywu na zdrowie og\u00f3lne, w tym na poziom energii i samopoczucie. Witamina D odgrywa kluczow\u0105 rol\u0119 w wielu procesach biologicznych, a jej niedob\u00f3r mo\u017ce prowadzi\u0107 do r\u00f3\u017cnorodnych problem\u00f3w zdrowotnych. W kontek\u015bcie przewlek\u0142ego zm\u0119czenia, istniej\u0105 dowody sugeruj\u0105ce, \u017ce niski poziom witaminy D mo\u017ce by\u0107 jednym z czynnik\u00f3w przyczyniaj\u0105cych si\u0119 do tego stanu. Osoby z niedoborem tej witaminy cz\u0119sto zg\u0142aszaj\u0105 uczucie zm\u0119czenia i os\u0142abienia, co mo\u017ce wynika\u0107 z jej roli w funkcjonowaniu mi\u0119\u015bni oraz uk\u0142adu odporno\u015bciowego.<\/p>\n\n\n\n<p>Podsumowuj\u0105c, cho\u0107 niedob\u00f3r witaminy D nie jest jedyn\u0105 przyczyn\u0105 przewlek\u0142ego zm\u0119czenia, jego uzupe\u0142nienie mo\u017ce przynie\u015b\u0107 ulg\u0119 niekt\u00f3rym osobom cierpi\u0105cym na ten problem. Wa\u017cne jest jednak, aby podej\u015b\u0107 do kwestii zm\u0119czenia holistycznie i rozwa\u017cy\u0107 inne potencjalne przyczyny oraz skonsultowa\u0107 si\u0119 z lekarzem przed rozpocz\u0119ciem suplementacji. Regularne badania poziomu witaminy D oraz dbanie o odpowiedni\u0105 diet\u0119 i ekspozycj\u0119 na s\u0142o\u0144ce mog\u0105 pom\u00f3c w utrzymaniu optymalnego poziomu tej wa\u017cnej substancji w organizmie.<\/p>\n","protected":false},"excerpt":{"rendered":"<p>Witamina D, znana r\u00f3wnie\u017c jako &#8222;witamina s\u0142o\u0144ca&#8221;, odgrywa kluczow\u0105 rol\u0119 w utrzymaniu zdrowia organizmu. Jest niezb\u0119dna dla prawid\u0142owego funkcjonowania uk\u0142adu kostnego, odporno\u015bciowego oraz nerwowego. W ostatnich latach coraz wi\u0119cej bada\u0144 wskazuje na zwi\u0105zek pomi\u0119dzy niedoborem witaminy D a r\u00f3\u017cnymi problemami zdrowotnymi, w tym przewlek\u0142ym zm\u0119czeniem. Przewlek\u0142e zm\u0119czenie to stan charakteryzuj\u0105cy si\u0119 d\u0142ugotrwa\u0142ym uczuciem wyczerpania, kt\u00f3re [&hellip;]<\/p>\n","protected":false},"author":1,"featured_media":0,"comment_status":"","ping_status":"open","sticky":false,"template":"","format":"standard","meta":{"footnotes":""},"categories":[1],"tags":[],"class_list":["post-7367","post","type-post","status-publish","format-standard","hentry","category-bez-kategorii"],"fm_meta_title":"Czy niedob\u00f3r witaminy D mo\u017ce powodowa\u0107 przewlek\u0142e zm\u0119czenie?","fm_meta_description":"Odkryj, jak niedob\u00f3r witaminy D mo\u017ce wp\u0142ywa\u0107 na Twoje samopoczucie i czy jest przyczyn\u0105 przewlek\u0142ego zm\u0119czenia. Sprawd\u017a teraz!","yoast_head":"<!-- This site is optimized with the Yoast SEO plugin v21.5 - https:\/\/yoast.com\/wordpress\/plugins\/seo\/ -->\n<title>Czy niedob\u00f3r witaminy D mo\u017ce powodowa\u0107 przewlek\u0142e zm\u0119czenie?<\/title>\n<meta name=\"description\" content=\"Odkryj, jak niedob\u00f3r witaminy D mo\u017ce wp\u0142ywa\u0107 na Twoje samopoczucie i czy jest przyczyn\u0105 przewlek\u0142ego zm\u0119czenia. Sprawd\u017a teraz!\" \/>\n<meta name=\"robots\" content=\"index, follow, max-snippet:-1, max-image-preview:large, max-video-preview:-1\" \/>\n<link rel=\"canonical\" href=\"https:\/\/darzdrowia.pl\/ciekawostki\/czy-niedobor-witaminy-d-moze-powodowac-przewlekle-zmeczenie\/\" \/>\n<meta property=\"og:locale\" content=\"pl_PL\" \/>\n<meta property=\"og:type\" content=\"article\" \/>\n<meta property=\"og:title\" content=\"Czy niedob\u00f3r witaminy D mo\u017ce powodowa\u0107 przewlek\u0142e zm\u0119czenie?\" \/>\n<meta property=\"og:description\" content=\"Odkryj, jak niedob\u00f3r witaminy D mo\u017ce wp\u0142ywa\u0107 na Twoje samopoczucie i czy jest przyczyn\u0105 przewlek\u0142ego zm\u0119czenia. Sprawd\u017a teraz!\" \/>\n<meta property=\"og:url\" content=\"https:\/\/darzdrowia.pl\/ciekawostki\/czy-niedobor-witaminy-d-moze-powodowac-przewlekle-zmeczenie\/\" \/>\n<meta property=\"og:site_name\" content=\"Dar Zdrowia Drogeria - Blog\" \/>\n<meta property=\"article:publisher\" content=\"https:\/\/www.facebook.com\/profile.php?id=100063606935396\" \/>\n<meta property=\"article:published_time\" content=\"2025-01-21T12:16:44+00:00\" \/>\n<meta name=\"author\" content=\"funkymedia\" \/>\n<meta name=\"twitter:card\" content=\"summary_large_image\" \/>\n<meta name=\"twitter:label1\" content=\"Napisane przez\" \/>\n\t<meta name=\"twitter:data1\" content=\"funkymedia\" \/>\n\t<meta name=\"twitter:label2\" content=\"Szacowany czas czytania\" \/>\n\t<meta name=\"twitter:data2\" content=\"4 minuty\" \/>\n<script type=\"application\/ld+json\" class=\"yoast-schema-graph\">{\"@context\":\"https:\/\/schema.org\",\"@graph\":[{\"@type\":\"Article\",\"@id\":\"https:\/\/darzdrowia.pl\/ciekawostki\/czy-niedobor-witaminy-d-moze-powodowac-przewlekle-zmeczenie\/#article\",\"isPartOf\":{\"@id\":\"https:\/\/darzdrowia.pl\/ciekawostki\/czy-niedobor-witaminy-d-moze-powodowac-przewlekle-zmeczenie\/\"},\"author\":{\"name\":\"funkymedia\",\"@id\":\"https:\/\/darzdrowia.pl\/ciekawostki\/#\/schema\/person\/e75579d624630bf943ac69d374bb928e\"},\"headline\":\"Czy niedob\u00f3r witaminy D mo\u017ce powodowa\u0107 przewlek\u0142e zm\u0119czenie?\",\"datePublished\":\"2025-01-21T12:16:44+00:00\",\"dateModified\":\"2025-01-21T12:16:44+00:00\",\"mainEntityOfPage\":{\"@id\":\"https:\/\/darzdrowia.pl\/ciekawostki\/czy-niedobor-witaminy-d-moze-powodowac-przewlekle-zmeczenie\/\"},\"wordCount\":804,\"publisher\":{\"@id\":\"https:\/\/darzdrowia.pl\/ciekawostki\/#organization\"},\"inLanguage\":\"pl-PL\"},{\"@type\":\"WebPage\",\"@id\":\"https:\/\/darzdrowia.pl\/ciekawostki\/czy-niedobor-witaminy-d-moze-powodowac-przewlekle-zmeczenie\/\",\"url\":\"https:\/\/darzdrowia.pl\/ciekawostki\/czy-niedobor-witaminy-d-moze-powodowac-przewlekle-zmeczenie\/\",\"name\":\"Czy niedob\u00f3r witaminy D mo\u017ce powodowa\u0107 przewlek\u0142e zm\u0119czenie?\",\"isPartOf\":{\"@id\":\"https:\/\/darzdrowia.pl\/ciekawostki\/#website\"},\"datePublished\":\"2025-01-21T12:16:44+00:00\",\"dateModified\":\"2025-01-21T12:16:44+00:00\",\"description\":\"Odkryj, jak niedob\u00f3r witaminy D mo\u017ce wp\u0142ywa\u0107 na Twoje samopoczucie i czy jest przyczyn\u0105 przewlek\u0142ego zm\u0119czenia. Sprawd\u017a teraz!\",\"breadcrumb\":{\"@id\":\"https:\/\/darzdrowia.pl\/ciekawostki\/czy-niedobor-witaminy-d-moze-powodowac-przewlekle-zmeczenie\/#breadcrumb\"},\"inLanguage\":\"pl-PL\",\"potentialAction\":[{\"@type\":\"ReadAction\",\"target\":[\"https:\/\/darzdrowia.pl\/ciekawostki\/czy-niedobor-witaminy-d-moze-powodowac-przewlekle-zmeczenie\/\"]}]},{\"@type\":\"BreadcrumbList\",\"@id\":\"https:\/\/darzdrowia.pl\/ciekawostki\/czy-niedobor-witaminy-d-moze-powodowac-przewlekle-zmeczenie\/#breadcrumb\",\"itemListElement\":[{\"@type\":\"ListItem\",\"position\":1,\"name\":\"Strona g\u0142\u00f3wna\",\"item\":\"https:\/\/darzdrowia.pl\/ciekawostki\/\"},{\"@type\":\"ListItem\",\"position\":2,\"name\":\"Czy niedob\u00f3r witaminy D mo\u017ce powodowa\u0107 przewlek\u0142e zm\u0119czenie?\"}]},{\"@type\":\"WebSite\",\"@id\":\"https:\/\/darzdrowia.pl\/ciekawostki\/#website\",\"url\":\"https:\/\/darzdrowia.pl\/ciekawostki\/\",\"name\":\"Dar Zdrowia Drogeria - Blog\",\"description\":\"\",\"publisher\":{\"@id\":\"https:\/\/darzdrowia.pl\/ciekawostki\/#organization\"},\"potentialAction\":[{\"@type\":\"SearchAction\",\"target\":{\"@type\":\"EntryPoint\",\"urlTemplate\":\"https:\/\/darzdrowia.pl\/ciekawostki\/?s={search_term_string}\"},\"query-input\":\"required name=search_term_string\"}],\"inLanguage\":\"pl-PL\"},{\"@type\":\"Organization\",\"@id\":\"https:\/\/darzdrowia.pl\/ciekawostki\/#organization\",\"name\":\"Dar Zdrowia Drogeria - Blog\",\"url\":\"https:\/\/darzdrowia.pl\/ciekawostki\/\",\"logo\":{\"@type\":\"ImageObject\",\"inLanguage\":\"pl-PL\",\"@id\":\"https:\/\/darzdrowia.pl\/ciekawostki\/#\/schema\/logo\/image\/\",\"url\":\"https:\/\/darzdrowia.pl\/ciekawostki\/wp-content\/uploads\/2023\/11\/logo-darzdrowia.webp\",\"contentUrl\":\"https:\/\/darzdrowia.pl\/ciekawostki\/wp-content\/uploads\/2023\/11\/logo-darzdrowia.webp\",\"width\":744,\"height\":225,\"caption\":\"Dar Zdrowia Drogeria - Blog\"},\"image\":{\"@id\":\"https:\/\/darzdrowia.pl\/ciekawostki\/#\/schema\/logo\/image\/\"},\"sameAs\":[\"https:\/\/www.facebook.com\/profile.php?id=100063606935396\"]},{\"@type\":\"Person\",\"@id\":\"https:\/\/darzdrowia.pl\/ciekawostki\/#\/schema\/person\/e75579d624630bf943ac69d374bb928e\",\"name\":\"funkymedia\",\"image\":{\"@type\":\"ImageObject\",\"inLanguage\":\"pl-PL\",\"@id\":\"https:\/\/darzdrowia.pl\/ciekawostki\/#\/schema\/person\/image\/\",\"url\":\"https:\/\/secure.gravatar.com\/avatar\/393cb205b658aef6e3271ad5a92265e3e4433d2384bbe95524ba160d5bc20299?s=96&d=mm&r=g\",\"contentUrl\":\"https:\/\/secure.gravatar.com\/avatar\/393cb205b658aef6e3271ad5a92265e3e4433d2384bbe95524ba160d5bc20299?s=96&d=mm&r=g\",\"caption\":\"funkymedia\"},\"sameAs\":[\"https:\/\/darzdrowia.pl\/ciekawostki\"],\"url\":\"https:\/\/darzdrowia.pl\/ciekawostki\/author\/funkymedia\/\"}]}<\/script>\n<!-- \/ Yoast SEO plugin. -->","yoast_head_json":{"title":"Czy niedob\u00f3r witaminy D mo\u017ce powodowa\u0107 przewlek\u0142e zm\u0119czenie?","description":"Odkryj, jak niedob\u00f3r witaminy D mo\u017ce wp\u0142ywa\u0107 na Twoje samopoczucie i czy jest przyczyn\u0105 przewlek\u0142ego zm\u0119czenia. Sprawd\u017a teraz!","robots":{"index":"index","follow":"follow","max-snippet":"max-snippet:-1","max-image-preview":"max-image-preview:large","max-video-preview":"max-video-preview:-1"},"canonical":"https:\/\/darzdrowia.pl\/ciekawostki\/czy-niedobor-witaminy-d-moze-powodowac-przewlekle-zmeczenie\/","og_locale":"pl_PL","og_type":"article","og_title":"Czy niedob\u00f3r witaminy D mo\u017ce powodowa\u0107 przewlek\u0142e zm\u0119czenie?","og_description":"Odkryj, jak niedob\u00f3r witaminy D mo\u017ce wp\u0142ywa\u0107 na Twoje samopoczucie i czy jest przyczyn\u0105 przewlek\u0142ego zm\u0119czenia. Sprawd\u017a teraz!","og_url":"https:\/\/darzdrowia.pl\/ciekawostki\/czy-niedobor-witaminy-d-moze-powodowac-przewlekle-zmeczenie\/","og_site_name":"Dar Zdrowia Drogeria - Blog","article_publisher":"https:\/\/www.facebook.com\/profile.php?id=100063606935396","article_published_time":"2025-01-21T12:16:44+00:00","author":"funkymedia","twitter_card":"summary_large_image","twitter_misc":{"Napisane przez":"funkymedia","Szacowany czas czytania":"4 minuty"},"schema":{"@context":"https:\/\/schema.org","@graph":[{"@type":"Article","@id":"https:\/\/darzdrowia.pl\/ciekawostki\/czy-niedobor-witaminy-d-moze-powodowac-przewlekle-zmeczenie\/#article","isPartOf":{"@id":"https:\/\/darzdrowia.pl\/ciekawostki\/czy-niedobor-witaminy-d-moze-powodowac-przewlekle-zmeczenie\/"},"author":{"name":"funkymedia","@id":"https:\/\/darzdrowia.pl\/ciekawostki\/#\/schema\/person\/e75579d624630bf943ac69d374bb928e"},"headline":"Czy niedob\u00f3r witaminy D mo\u017ce powodowa\u0107 przewlek\u0142e zm\u0119czenie?","datePublished":"2025-01-21T12:16:44+00:00","dateModified":"2025-01-21T12:16:44+00:00","mainEntityOfPage":{"@id":"https:\/\/darzdrowia.pl\/ciekawostki\/czy-niedobor-witaminy-d-moze-powodowac-przewlekle-zmeczenie\/"},"wordCount":804,"publisher":{"@id":"https:\/\/darzdrowia.pl\/ciekawostki\/#organization"},"inLanguage":"pl-PL"},{"@type":"WebPage","@id":"https:\/\/darzdrowia.pl\/ciekawostki\/czy-niedobor-witaminy-d-moze-powodowac-przewlekle-zmeczenie\/","url":"https:\/\/darzdrowia.pl\/ciekawostki\/czy-niedobor-witaminy-d-moze-powodowac-przewlekle-zmeczenie\/","name":"Czy niedob\u00f3r witaminy D mo\u017ce powodowa\u0107 przewlek\u0142e zm\u0119czenie?","isPartOf":{"@id":"https:\/\/darzdrowia.pl\/ciekawostki\/#website"},"datePublished":"2025-01-21T12:16:44+00:00","dateModified":"2025-01-21T12:16:44+00:00","description":"Odkryj, jak niedob\u00f3r witaminy D mo\u017ce wp\u0142ywa\u0107 na Twoje samopoczucie i czy jest przyczyn\u0105 przewlek\u0142ego zm\u0119czenia. Sprawd\u017a teraz!","breadcrumb":{"@id":"https:\/\/darzdrowia.pl\/ciekawostki\/czy-niedobor-witaminy-d-moze-powodowac-przewlekle-zmeczenie\/#breadcrumb"},"inLanguage":"pl-PL","potentialAction":[{"@type":"ReadAction","target":["https:\/\/darzdrowia.pl\/ciekawostki\/czy-niedobor-witaminy-d-moze-powodowac-przewlekle-zmeczenie\/"]}]},{"@type":"BreadcrumbList","@id":"https:\/\/darzdrowia.pl\/ciekawostki\/czy-niedobor-witaminy-d-moze-powodowac-przewlekle-zmeczenie\/#breadcrumb","itemListElement":[{"@type":"ListItem","position":1,"name":"Strona g\u0142\u00f3wna","item":"https:\/\/darzdrowia.pl\/ciekawostki\/"},{"@type":"ListItem","position":2,"name":"Czy niedob\u00f3r witaminy D mo\u017ce powodowa\u0107 przewlek\u0142e zm\u0119czenie?"}]},{"@type":"WebSite","@id":"https:\/\/darzdrowia.pl\/ciekawostki\/#website","url":"https:\/\/darzdrowia.pl\/ciekawostki\/","name":"Dar Zdrowia Drogeria - Blog","description":"","publisher":{"@id":"https:\/\/darzdrowia.pl\/ciekawostki\/#organization"},"potentialAction":[{"@type":"SearchAction","target":{"@type":"EntryPoint","urlTemplate":"https:\/\/darzdrowia.pl\/ciekawostki\/?s={search_term_string}"},"query-input":"required name=search_term_string"}],"inLanguage":"pl-PL"},{"@type":"Organization","@id":"https:\/\/darzdrowia.pl\/ciekawostki\/#organization","name":"Dar Zdrowia Drogeria - Blog","url":"https:\/\/darzdrowia.pl\/ciekawostki\/","logo":{"@type":"ImageObject","inLanguage":"pl-PL","@id":"https:\/\/darzdrowia.pl\/ciekawostki\/#\/schema\/logo\/image\/","url":"https:\/\/darzdrowia.pl\/ciekawostki\/wp-content\/uploads\/2023\/11\/logo-darzdrowia.webp","contentUrl":"https:\/\/darzdrowia.pl\/ciekawostki\/wp-content\/uploads\/2023\/11\/logo-darzdrowia.webp","width":744,"height":225,"caption":"Dar Zdrowia Drogeria - Blog"},"image":{"@id":"https:\/\/darzdrowia.pl\/ciekawostki\/#\/schema\/logo\/image\/"},"sameAs":["https:\/\/www.facebook.com\/profile.php?id=100063606935396"]},{"@type":"Person","@id":"https:\/\/darzdrowia.pl\/ciekawostki\/#\/schema\/person\/e75579d624630bf943ac69d374bb928e","name":"funkymedia","image":{"@type":"ImageObject","inLanguage":"pl-PL","@id":"https:\/\/darzdrowia.pl\/ciekawostki\/#\/schema\/person\/image\/","url":"https:\/\/secure.gravatar.com\/avatar\/393cb205b658aef6e3271ad5a92265e3e4433d2384bbe95524ba160d5bc20299?s=96&d=mm&r=g","contentUrl":"https:\/\/secure.gravatar.com\/avatar\/393cb205b658aef6e3271ad5a92265e3e4433d2384bbe95524ba160d5bc20299?s=96&d=mm&r=g","caption":"funkymedia"},"sameAs":["https:\/\/darzdrowia.pl\/ciekawostki"],"url":"https:\/\/darzdrowia.pl\/ciekawostki\/author\/funkymedia\/"}]}},"_links":{"self":[{"href":"https:\/\/darzdrowia.pl\/ciekawostki\/wp-json\/wp\/v2\/posts\/7367","targetHints":{"allow":["GET"]}}],"collection":[{"href":"https:\/\/darzdrowia.pl\/ciekawostki\/wp-json\/wp\/v2\/posts"}],"about":[{"href":"https:\/\/darzdrowia.pl\/ciekawostki\/wp-json\/wp\/v2\/types\/post"}],"author":[{"embeddable":true,"href":"https:\/\/darzdrowia.pl\/ciekawostki\/wp-json\/wp\/v2\/users\/1"}],"replies":[{"embeddable":true,"href":"https:\/\/darzdrowia.pl\/ciekawostki\/wp-json\/wp\/v2\/comments?post=7367"}],"version-history":[{"count":0,"href":"https:\/\/darzdrowia.pl\/ciekawostki\/wp-json\/wp\/v2\/posts\/7367\/revisions"}],"wp:attachment":[{"href":"https:\/\/darzdrowia.pl\/ciekawostki\/wp-json\/wp\/v2\/media?parent=7367"}],"wp:term":[{"taxonomy":"category","embeddable":true,"href":"https:\/\/darzdrowia.pl\/ciekawostki\/wp-json\/wp\/v2\/categories?post=7367"},{"taxonomy":"post_tag","embeddable":true,"href":"https:\/\/darzdrowia.pl\/ciekawostki\/wp-json\/wp\/v2\/tags?post=7367"}],"curies":[{"name":"wp","href":"https:\/\/api.w.org\/{rel}","templated":true}]}}