{"id":7346,"date":"2025-01-21T13:09:44","date_gmt":"2025-01-21T12:09:44","guid":{"rendered":"https:\/\/darzdrowia.pl\/ciekawostki\/czy-niedobor-witaminy-d-moze-prowadzic-do-cukrzycy\/"},"modified":"2025-01-21T13:09:44","modified_gmt":"2025-01-21T12:09:44","slug":"czy-niedobor-witaminy-d-moze-prowadzic-do-cukrzycy","status":"publish","type":"post","link":"https:\/\/darzdrowia.pl\/ciekawostki\/czy-niedobor-witaminy-d-moze-prowadzic-do-cukrzycy\/","title":{"rendered":"Czy niedob\u00f3r witaminy D mo\u017ce prowadzi\u0107 do cukrzycy?"},"content":{"rendered":"\n<p>Witamina D odgrywa kluczow\u0105 rol\u0119 w utrzymaniu zdrowia cz\u0142owieka, wp\u0142ywaj\u0105c na wiele proces\u00f3w metabolicznych i immunologicznych. W ostatnich latach coraz wi\u0119cej bada\u0144 wskazuje na potencjalny zwi\u0105zek pomi\u0119dzy niedoborem witaminy D a rozwojem r\u00f3\u017cnych chor\u00f3b przewlek\u0142ych, w tym cukrzycy. Cukrzyca, b\u0119d\u0105ca jedn\u0105 z najpowszechniejszych chor\u00f3b metabolicznych na \u015bwiecie, charakteryzuje si\u0119 zaburzeniami gospodarki w\u0119glowodanowej i mo\u017ce prowadzi\u0107 do powa\u017cnych powik\u0142a\u0144 zdrowotnych. Zrozumienie czynnik\u00f3w ryzyka zwi\u0105zanych z jej wyst\u0119powaniem jest kluczowe dla opracowywania skutecznych strategii prewencyjnych i terapeutycznych. W niniejszym artykule przyjrzymy si\u0119 dowodom naukowym dotycz\u0105cym wp\u0142ywu niedoboru witaminy D na rozw\u00f3j cukrzycy oraz om\u00f3wimy mechanizmy, kt\u00f3re mog\u0105 le\u017ce\u0107 u podstaw tego potencjalnego zwi\u0105zku.<\/p>\n\n\n\n<h2 class=\"wp-block-heading\">Witamina D a ryzyko cukrzycy: Jak niedob\u00f3r wp\u0142ywa na nasze zdrowie metaboliczne?<\/h2>\n\n\n\n<p>Witamina D odgrywa kluczow\u0105 rol\u0119 w regulacji metabolizmu glukozy i funkcji kom\u00f3rek beta trzustki, kt\u00f3re produkuj\u0105 insulin\u0119. Niedob\u00f3r tej witaminy mo\u017ce prowadzi\u0107 do zaburze\u0144 w wydzielaniu insuliny oraz zwi\u0119ksza\u0107 oporno\u015b\u0107 na ni\u0105, co z kolei podnosi ryzyko rozwoju cukrzycy typu 2. Badania wskazuj\u0105, \u017ce osoby z niskim poziomem witaminy D cz\u0119\u015bciej cierpi\u0105 na zaburzenia gospodarki w\u0119glowodanowej. Suplementacja witamin\u0105 D mo\u017ce poprawi\u0107 kontrol\u0119 glikemii i zmniejszy\u0107 ryzyko wyst\u0105pienia cukrzycy, cho\u0107 konieczne s\u0105 dalsze badania w celu potwierdzenia tych zale\u017cno\u015bci.<\/p>\n\n\n\n<h2 class=\"wp-block-heading\">Czy brak s\u0142o\u0144ca mo\u017ce prowadzi\u0107 do cukrzycy? Rola witaminy D w regulacji poziomu cukru we krwi<\/h2>\n\n\n\n<p>Brak s\u0142o\u0144ca mo\u017ce wp\u0142ywa\u0107 na poziom witaminy D w organizmie, co z kolei mo\u017ce mie\u0107 zwi\u0105zek z regulacj\u0105 poziomu cukru we krwi. Witamina D odgrywa istotn\u0105 rol\u0119 w metabolizmie glukozy i funkcjonowaniu kom\u00f3rek beta trzustki, kt\u00f3re produkuj\u0105 insulin\u0119. Niedob\u00f3r tej witaminy mo\u017ce prowadzi\u0107 do zaburze\u0144 w wydzielaniu insuliny oraz zwi\u0119kszonej insulinooporno\u015bci, co jest czynnikiem ryzyka rozwoju cukrzycy typu 2. Badania sugeruj\u0105, \u017ce odpowiedni poziom witaminy D mo\u017ce wspiera\u0107 prawid\u0142ow\u0105 gospodark\u0119 w\u0119glowodanow\u0105 i zmniejsza\u0107 ryzyko wyst\u0105pienia cukrzycy. Jednak\u017ce konieczne s\u0105 dalsze badania, aby dok\u0142adnie okre\u015bli\u0107 mechanizmy dzia\u0142ania i potencjalne korzy\u015bci suplementacji witamin\u0105 D w prewencji cukrzycy.<\/p>\n\n\n\n<h2 class=\"wp-block-heading\">Niedob\u00f3r witaminy D jako potencjalny czynnik ryzyka rozwoju cukrzycy: Co m\u00f3wi\u0105 najnowsze badania?<\/h2>\n\n\n\n<p>Najnowsze badania wskazuj\u0105, \u017ce niedob\u00f3r witaminy D mo\u017ce by\u0107 istotnym czynnikiem ryzyka rozwoju cukrzycy typu 2. Witamina D odgrywa kluczow\u0105 rol\u0119 w regulacji metabolizmu glukozy oraz funkcjonowaniu kom\u00f3rek beta trzustki, kt\u00f3re s\u0105 odpowiedzialne za produkcj\u0119 insuliny. Badania epidemiologiczne sugeruj\u0105, \u017ce osoby z niskim poziomem witaminy D maj\u0105 wi\u0119ksze prawdopodobie\u0144stwo wyst\u0105pienia insulinooporno\u015bci i zaburze\u0144 gospodarki w\u0119glowodanowej. Ponadto, suplementacja witamin\u0105 D mo\u017ce poprawia\u0107 wra\u017cliwo\u015b\u0107 na insulin\u0119 i obni\u017ca\u0107 poziom glukozy we krwi. Jednak\u017ce, potrzebne s\u0105 dalsze badania kliniczne, aby jednoznacznie potwierdzi\u0107 te zale\u017cno\u015bci i okre\u015bli\u0107 optymalne dawki suplementacji.<\/p>\n\n\n\n<p>Niedob\u00f3r witaminy D jest coraz cz\u0119\u015bciej badany w kontek\u015bcie jego potencjalnego wp\u0142ywu na rozw\u00f3j r\u00f3\u017cnych chor\u00f3b, w tym cukrzycy. Witamina D odgrywa istotn\u0105 rol\u0119 w regulacji gospodarki wapniowo-fosforanowej oraz funkcjonowaniu uk\u0142adu odporno\u015bciowego, co mo\u017ce mie\u0107 po\u015bredni wp\u0142yw na metabolizm glukozy i dzia\u0142anie insuliny. Badania sugeruj\u0105, \u017ce niski poziom witaminy D mo\u017ce by\u0107 zwi\u0105zany z wi\u0119kszym ryzykiem wyst\u0105pienia cukrzycy typu 2, cho\u0107 mechanizmy tego zwi\u0105zku nie s\u0105 jeszcze w pe\u0142ni zrozumia\u0142e.<\/p>\n\n\n\n<p>Podsumowuj\u0105c, istniej\u0105 dowody wskazuj\u0105ce na to, \u017ce niedob\u00f3r witaminy D mo\u017ce by\u0107 jednym z czynnik\u00f3w ryzyka rozwoju cukrzycy, jednak potrzebne s\u0105 dalsze badania, aby jednoznacznie potwierdzi\u0107 t\u0119 zale\u017cno\u015b\u0107 i zrozumie\u0107 jej mechanizmy. W mi\u0119dzyczasie warto dba\u0107 o odpowiedni poziom witaminy D poprzez zdrow\u0105 diet\u0119 i umiarkowan\u0105 ekspozycj\u0119 na s\u0142o\u0144ce, co mo\u017ce przyczyni\u0107 si\u0119 do og\u00f3lnej poprawy zdrowia metabolicznego.<\/p>\n","protected":false},"excerpt":{"rendered":"<p>Witamina D odgrywa kluczow\u0105 rol\u0119 w utrzymaniu zdrowia cz\u0142owieka, wp\u0142ywaj\u0105c na wiele proces\u00f3w metabolicznych i immunologicznych. W ostatnich latach coraz wi\u0119cej bada\u0144 wskazuje na potencjalny zwi\u0105zek pomi\u0119dzy niedoborem witaminy D a rozwojem r\u00f3\u017cnych chor\u00f3b przewlek\u0142ych, w tym cukrzycy. Cukrzyca, b\u0119d\u0105ca jedn\u0105 z najpowszechniejszych chor\u00f3b metabolicznych na \u015bwiecie, charakteryzuje si\u0119 zaburzeniami gospodarki w\u0119glowodanowej i mo\u017ce prowadzi\u0107 [&hellip;]<\/p>\n","protected":false},"author":1,"featured_media":0,"comment_status":"","ping_status":"open","sticky":false,"template":"","format":"standard","meta":{"footnotes":""},"categories":[1],"tags":[],"class_list":["post-7346","post","type-post","status-publish","format-standard","hentry","category-bez-kategorii"],"fm_meta_title":"Czy niedob\u00f3r witaminy D mo\u017ce prowadzi\u0107 do cukrzycy?","fm_meta_description":"Odkryj, jak niedob\u00f3r witaminy D mo\u017ce wp\u0142ywa\u0107 na ryzyko cukrzycy. Sprawd\u017a najnowsze badania i zadbaj o swoje zdrowie ju\u017c dzi\u015b!","yoast_head":"<!-- This site is optimized with the Yoast SEO plugin v21.5 - https:\/\/yoast.com\/wordpress\/plugins\/seo\/ -->\n<title>Czy niedob\u00f3r witaminy D mo\u017ce prowadzi\u0107 do cukrzycy?<\/title>\n<meta name=\"description\" content=\"Odkryj, jak niedob\u00f3r witaminy D mo\u017ce wp\u0142ywa\u0107 na ryzyko cukrzycy. Sprawd\u017a najnowsze badania i zadbaj o swoje zdrowie ju\u017c dzi\u015b!\" \/>\n<meta name=\"robots\" content=\"index, follow, max-snippet:-1, max-image-preview:large, max-video-preview:-1\" \/>\n<link rel=\"canonical\" href=\"https:\/\/darzdrowia.pl\/ciekawostki\/czy-niedobor-witaminy-d-moze-prowadzic-do-cukrzycy\/\" \/>\n<meta property=\"og:locale\" content=\"pl_PL\" \/>\n<meta property=\"og:type\" content=\"article\" \/>\n<meta property=\"og:title\" content=\"Czy niedob\u00f3r witaminy D mo\u017ce prowadzi\u0107 do cukrzycy?\" \/>\n<meta property=\"og:description\" content=\"Odkryj, jak niedob\u00f3r witaminy D mo\u017ce wp\u0142ywa\u0107 na ryzyko cukrzycy. Sprawd\u017a najnowsze badania i zadbaj o swoje zdrowie ju\u017c dzi\u015b!\" \/>\n<meta property=\"og:url\" content=\"https:\/\/darzdrowia.pl\/ciekawostki\/czy-niedobor-witaminy-d-moze-prowadzic-do-cukrzycy\/\" \/>\n<meta property=\"og:site_name\" content=\"Dar Zdrowia Drogeria - Blog\" \/>\n<meta property=\"article:publisher\" content=\"https:\/\/www.facebook.com\/profile.php?id=100063606935396\" \/>\n<meta property=\"article:published_time\" content=\"2025-01-21T12:09:44+00:00\" \/>\n<meta name=\"author\" content=\"funkymedia\" \/>\n<meta name=\"twitter:card\" content=\"summary_large_image\" \/>\n<meta name=\"twitter:label1\" content=\"Napisane przez\" \/>\n\t<meta name=\"twitter:data1\" content=\"funkymedia\" \/>\n\t<meta name=\"twitter:label2\" content=\"Szacowany czas czytania\" \/>\n\t<meta name=\"twitter:data2\" content=\"3 minuty\" \/>\n<script type=\"application\/ld+json\" class=\"yoast-schema-graph\">{\"@context\":\"https:\/\/schema.org\",\"@graph\":[{\"@type\":\"Article\",\"@id\":\"https:\/\/darzdrowia.pl\/ciekawostki\/czy-niedobor-witaminy-d-moze-prowadzic-do-cukrzycy\/#article\",\"isPartOf\":{\"@id\":\"https:\/\/darzdrowia.pl\/ciekawostki\/czy-niedobor-witaminy-d-moze-prowadzic-do-cukrzycy\/\"},\"author\":{\"name\":\"funkymedia\",\"@id\":\"https:\/\/darzdrowia.pl\/ciekawostki\/#\/schema\/person\/e75579d624630bf943ac69d374bb928e\"},\"headline\":\"Czy niedob\u00f3r witaminy D mo\u017ce prowadzi\u0107 do cukrzycy?\",\"datePublished\":\"2025-01-21T12:09:44+00:00\",\"dateModified\":\"2025-01-21T12:09:44+00:00\",\"mainEntityOfPage\":{\"@id\":\"https:\/\/darzdrowia.pl\/ciekawostki\/czy-niedobor-witaminy-d-moze-prowadzic-do-cukrzycy\/\"},\"wordCount\":648,\"publisher\":{\"@id\":\"https:\/\/darzdrowia.pl\/ciekawostki\/#organization\"},\"inLanguage\":\"pl-PL\"},{\"@type\":\"WebPage\",\"@id\":\"https:\/\/darzdrowia.pl\/ciekawostki\/czy-niedobor-witaminy-d-moze-prowadzic-do-cukrzycy\/\",\"url\":\"https:\/\/darzdrowia.pl\/ciekawostki\/czy-niedobor-witaminy-d-moze-prowadzic-do-cukrzycy\/\",\"name\":\"Czy niedob\u00f3r witaminy D mo\u017ce prowadzi\u0107 do cukrzycy?\",\"isPartOf\":{\"@id\":\"https:\/\/darzdrowia.pl\/ciekawostki\/#website\"},\"datePublished\":\"2025-01-21T12:09:44+00:00\",\"dateModified\":\"2025-01-21T12:09:44+00:00\",\"description\":\"Odkryj, jak niedob\u00f3r witaminy D mo\u017ce wp\u0142ywa\u0107 na ryzyko cukrzycy. Sprawd\u017a najnowsze badania i zadbaj o swoje zdrowie ju\u017c dzi\u015b!\",\"breadcrumb\":{\"@id\":\"https:\/\/darzdrowia.pl\/ciekawostki\/czy-niedobor-witaminy-d-moze-prowadzic-do-cukrzycy\/#breadcrumb\"},\"inLanguage\":\"pl-PL\",\"potentialAction\":[{\"@type\":\"ReadAction\",\"target\":[\"https:\/\/darzdrowia.pl\/ciekawostki\/czy-niedobor-witaminy-d-moze-prowadzic-do-cukrzycy\/\"]}]},{\"@type\":\"BreadcrumbList\",\"@id\":\"https:\/\/darzdrowia.pl\/ciekawostki\/czy-niedobor-witaminy-d-moze-prowadzic-do-cukrzycy\/#breadcrumb\",\"itemListElement\":[{\"@type\":\"ListItem\",\"position\":1,\"name\":\"Strona g\u0142\u00f3wna\",\"item\":\"https:\/\/darzdrowia.pl\/ciekawostki\/\"},{\"@type\":\"ListItem\",\"position\":2,\"name\":\"Czy niedob\u00f3r witaminy D mo\u017ce prowadzi\u0107 do cukrzycy?\"}]},{\"@type\":\"WebSite\",\"@id\":\"https:\/\/darzdrowia.pl\/ciekawostki\/#website\",\"url\":\"https:\/\/darzdrowia.pl\/ciekawostki\/\",\"name\":\"Dar Zdrowia Drogeria - Blog\",\"description\":\"\",\"publisher\":{\"@id\":\"https:\/\/darzdrowia.pl\/ciekawostki\/#organization\"},\"potentialAction\":[{\"@type\":\"SearchAction\",\"target\":{\"@type\":\"EntryPoint\",\"urlTemplate\":\"https:\/\/darzdrowia.pl\/ciekawostki\/?s={search_term_string}\"},\"query-input\":\"required name=search_term_string\"}],\"inLanguage\":\"pl-PL\"},{\"@type\":\"Organization\",\"@id\":\"https:\/\/darzdrowia.pl\/ciekawostki\/#organization\",\"name\":\"Dar Zdrowia Drogeria - Blog\",\"url\":\"https:\/\/darzdrowia.pl\/ciekawostki\/\",\"logo\":{\"@type\":\"ImageObject\",\"inLanguage\":\"pl-PL\",\"@id\":\"https:\/\/darzdrowia.pl\/ciekawostki\/#\/schema\/logo\/image\/\",\"url\":\"https:\/\/darzdrowia.pl\/ciekawostki\/wp-content\/uploads\/2023\/11\/logo-darzdrowia.webp\",\"contentUrl\":\"https:\/\/darzdrowia.pl\/ciekawostki\/wp-content\/uploads\/2023\/11\/logo-darzdrowia.webp\",\"width\":744,\"height\":225,\"caption\":\"Dar Zdrowia Drogeria - Blog\"},\"image\":{\"@id\":\"https:\/\/darzdrowia.pl\/ciekawostki\/#\/schema\/logo\/image\/\"},\"sameAs\":[\"https:\/\/www.facebook.com\/profile.php?id=100063606935396\"]},{\"@type\":\"Person\",\"@id\":\"https:\/\/darzdrowia.pl\/ciekawostki\/#\/schema\/person\/e75579d624630bf943ac69d374bb928e\",\"name\":\"funkymedia\",\"image\":{\"@type\":\"ImageObject\",\"inLanguage\":\"pl-PL\",\"@id\":\"https:\/\/darzdrowia.pl\/ciekawostki\/#\/schema\/person\/image\/\",\"url\":\"https:\/\/secure.gravatar.com\/avatar\/393cb205b658aef6e3271ad5a92265e3e4433d2384bbe95524ba160d5bc20299?s=96&d=mm&r=g\",\"contentUrl\":\"https:\/\/secure.gravatar.com\/avatar\/393cb205b658aef6e3271ad5a92265e3e4433d2384bbe95524ba160d5bc20299?s=96&d=mm&r=g\",\"caption\":\"funkymedia\"},\"sameAs\":[\"https:\/\/darzdrowia.pl\/ciekawostki\"],\"url\":\"https:\/\/darzdrowia.pl\/ciekawostki\/author\/funkymedia\/\"}]}<\/script>\n<!-- \/ Yoast SEO plugin. -->","yoast_head_json":{"title":"Czy niedob\u00f3r witaminy D mo\u017ce prowadzi\u0107 do cukrzycy?","description":"Odkryj, jak niedob\u00f3r witaminy D mo\u017ce wp\u0142ywa\u0107 na ryzyko cukrzycy. Sprawd\u017a najnowsze badania i zadbaj o swoje zdrowie ju\u017c dzi\u015b!","robots":{"index":"index","follow":"follow","max-snippet":"max-snippet:-1","max-image-preview":"max-image-preview:large","max-video-preview":"max-video-preview:-1"},"canonical":"https:\/\/darzdrowia.pl\/ciekawostki\/czy-niedobor-witaminy-d-moze-prowadzic-do-cukrzycy\/","og_locale":"pl_PL","og_type":"article","og_title":"Czy niedob\u00f3r witaminy D mo\u017ce prowadzi\u0107 do cukrzycy?","og_description":"Odkryj, jak niedob\u00f3r witaminy D mo\u017ce wp\u0142ywa\u0107 na ryzyko cukrzycy. Sprawd\u017a najnowsze badania i zadbaj o swoje zdrowie ju\u017c dzi\u015b!","og_url":"https:\/\/darzdrowia.pl\/ciekawostki\/czy-niedobor-witaminy-d-moze-prowadzic-do-cukrzycy\/","og_site_name":"Dar Zdrowia Drogeria - Blog","article_publisher":"https:\/\/www.facebook.com\/profile.php?id=100063606935396","article_published_time":"2025-01-21T12:09:44+00:00","author":"funkymedia","twitter_card":"summary_large_image","twitter_misc":{"Napisane przez":"funkymedia","Szacowany czas czytania":"3 minuty"},"schema":{"@context":"https:\/\/schema.org","@graph":[{"@type":"Article","@id":"https:\/\/darzdrowia.pl\/ciekawostki\/czy-niedobor-witaminy-d-moze-prowadzic-do-cukrzycy\/#article","isPartOf":{"@id":"https:\/\/darzdrowia.pl\/ciekawostki\/czy-niedobor-witaminy-d-moze-prowadzic-do-cukrzycy\/"},"author":{"name":"funkymedia","@id":"https:\/\/darzdrowia.pl\/ciekawostki\/#\/schema\/person\/e75579d624630bf943ac69d374bb928e"},"headline":"Czy niedob\u00f3r witaminy D mo\u017ce prowadzi\u0107 do cukrzycy?","datePublished":"2025-01-21T12:09:44+00:00","dateModified":"2025-01-21T12:09:44+00:00","mainEntityOfPage":{"@id":"https:\/\/darzdrowia.pl\/ciekawostki\/czy-niedobor-witaminy-d-moze-prowadzic-do-cukrzycy\/"},"wordCount":648,"publisher":{"@id":"https:\/\/darzdrowia.pl\/ciekawostki\/#organization"},"inLanguage":"pl-PL"},{"@type":"WebPage","@id":"https:\/\/darzdrowia.pl\/ciekawostki\/czy-niedobor-witaminy-d-moze-prowadzic-do-cukrzycy\/","url":"https:\/\/darzdrowia.pl\/ciekawostki\/czy-niedobor-witaminy-d-moze-prowadzic-do-cukrzycy\/","name":"Czy niedob\u00f3r witaminy D mo\u017ce prowadzi\u0107 do cukrzycy?","isPartOf":{"@id":"https:\/\/darzdrowia.pl\/ciekawostki\/#website"},"datePublished":"2025-01-21T12:09:44+00:00","dateModified":"2025-01-21T12:09:44+00:00","description":"Odkryj, jak niedob\u00f3r witaminy D mo\u017ce wp\u0142ywa\u0107 na ryzyko cukrzycy. Sprawd\u017a najnowsze badania i zadbaj o swoje zdrowie ju\u017c dzi\u015b!","breadcrumb":{"@id":"https:\/\/darzdrowia.pl\/ciekawostki\/czy-niedobor-witaminy-d-moze-prowadzic-do-cukrzycy\/#breadcrumb"},"inLanguage":"pl-PL","potentialAction":[{"@type":"ReadAction","target":["https:\/\/darzdrowia.pl\/ciekawostki\/czy-niedobor-witaminy-d-moze-prowadzic-do-cukrzycy\/"]}]},{"@type":"BreadcrumbList","@id":"https:\/\/darzdrowia.pl\/ciekawostki\/czy-niedobor-witaminy-d-moze-prowadzic-do-cukrzycy\/#breadcrumb","itemListElement":[{"@type":"ListItem","position":1,"name":"Strona g\u0142\u00f3wna","item":"https:\/\/darzdrowia.pl\/ciekawostki\/"},{"@type":"ListItem","position":2,"name":"Czy niedob\u00f3r witaminy D mo\u017ce prowadzi\u0107 do cukrzycy?"}]},{"@type":"WebSite","@id":"https:\/\/darzdrowia.pl\/ciekawostki\/#website","url":"https:\/\/darzdrowia.pl\/ciekawostki\/","name":"Dar Zdrowia Drogeria - Blog","description":"","publisher":{"@id":"https:\/\/darzdrowia.pl\/ciekawostki\/#organization"},"potentialAction":[{"@type":"SearchAction","target":{"@type":"EntryPoint","urlTemplate":"https:\/\/darzdrowia.pl\/ciekawostki\/?s={search_term_string}"},"query-input":"required name=search_term_string"}],"inLanguage":"pl-PL"},{"@type":"Organization","@id":"https:\/\/darzdrowia.pl\/ciekawostki\/#organization","name":"Dar Zdrowia Drogeria - Blog","url":"https:\/\/darzdrowia.pl\/ciekawostki\/","logo":{"@type":"ImageObject","inLanguage":"pl-PL","@id":"https:\/\/darzdrowia.pl\/ciekawostki\/#\/schema\/logo\/image\/","url":"https:\/\/darzdrowia.pl\/ciekawostki\/wp-content\/uploads\/2023\/11\/logo-darzdrowia.webp","contentUrl":"https:\/\/darzdrowia.pl\/ciekawostki\/wp-content\/uploads\/2023\/11\/logo-darzdrowia.webp","width":744,"height":225,"caption":"Dar Zdrowia Drogeria - Blog"},"image":{"@id":"https:\/\/darzdrowia.pl\/ciekawostki\/#\/schema\/logo\/image\/"},"sameAs":["https:\/\/www.facebook.com\/profile.php?id=100063606935396"]},{"@type":"Person","@id":"https:\/\/darzdrowia.pl\/ciekawostki\/#\/schema\/person\/e75579d624630bf943ac69d374bb928e","name":"funkymedia","image":{"@type":"ImageObject","inLanguage":"pl-PL","@id":"https:\/\/darzdrowia.pl\/ciekawostki\/#\/schema\/person\/image\/","url":"https:\/\/secure.gravatar.com\/avatar\/393cb205b658aef6e3271ad5a92265e3e4433d2384bbe95524ba160d5bc20299?s=96&d=mm&r=g","contentUrl":"https:\/\/secure.gravatar.com\/avatar\/393cb205b658aef6e3271ad5a92265e3e4433d2384bbe95524ba160d5bc20299?s=96&d=mm&r=g","caption":"funkymedia"},"sameAs":["https:\/\/darzdrowia.pl\/ciekawostki"],"url":"https:\/\/darzdrowia.pl\/ciekawostki\/author\/funkymedia\/"}]}},"_links":{"self":[{"href":"https:\/\/darzdrowia.pl\/ciekawostki\/wp-json\/wp\/v2\/posts\/7346","targetHints":{"allow":["GET"]}}],"collection":[{"href":"https:\/\/darzdrowia.pl\/ciekawostki\/wp-json\/wp\/v2\/posts"}],"about":[{"href":"https:\/\/darzdrowia.pl\/ciekawostki\/wp-json\/wp\/v2\/types\/post"}],"author":[{"embeddable":true,"href":"https:\/\/darzdrowia.pl\/ciekawostki\/wp-json\/wp\/v2\/users\/1"}],"replies":[{"embeddable":true,"href":"https:\/\/darzdrowia.pl\/ciekawostki\/wp-json\/wp\/v2\/comments?post=7346"}],"version-history":[{"count":0,"href":"https:\/\/darzdrowia.pl\/ciekawostki\/wp-json\/wp\/v2\/posts\/7346\/revisions"}],"wp:attachment":[{"href":"https:\/\/darzdrowia.pl\/ciekawostki\/wp-json\/wp\/v2\/media?parent=7346"}],"wp:term":[{"taxonomy":"category","embeddable":true,"href":"https:\/\/darzdrowia.pl\/ciekawostki\/wp-json\/wp\/v2\/categories?post=7346"},{"taxonomy":"post_tag","embeddable":true,"href":"https:\/\/darzdrowia.pl\/ciekawostki\/wp-json\/wp\/v2\/tags?post=7346"}],"curies":[{"name":"wp","href":"https:\/\/api.w.org\/{rel}","templated":true}]}}