{"id":7228,"date":"2025-01-21T12:30:41","date_gmt":"2025-01-21T11:30:41","guid":{"rendered":"https:\/\/darzdrowia.pl\/ciekawostki\/czy-serum-bioliq-jest-odpowiednie-dla-skory-mieszanej\/"},"modified":"2025-01-21T12:30:41","modified_gmt":"2025-01-21T11:30:41","slug":"czy-serum-bioliq-jest-odpowiednie-dla-skory-mieszanej","status":"publish","type":"post","link":"https:\/\/darzdrowia.pl\/ciekawostki\/czy-serum-bioliq-jest-odpowiednie-dla-skory-mieszanej\/","title":{"rendered":"Czy serum Bioliq jest odpowiednie dla sk\u00f3ry mieszanej?"},"content":{"rendered":"\n<p>Serum Bioliq to popularny produkt piel\u0119gnacyjny, kt\u00f3ry zdoby\u0142 uznanie w\u015br\u00f3d wielu u\u017cytkownik\u00f3w dzi\u0119ki swoim w\u0142a\u015bciwo\u015bciom nawil\u017caj\u0105cym i regeneruj\u0105cym. Sk\u00f3ra mieszana, charakteryzuj\u0105ca si\u0119 t\u0142ust\u0105 stref\u0105 T (czo\u0142o, nos, broda) oraz suchymi policzkami, wymaga szczeg\u00f3lnej uwagi i odpowiednio dobranych kosmetyk\u00f3w. Wyb\u00f3r odpowiedniego serum dla tego typu cery mo\u017ce by\u0107 wyzwaniem, poniewa\u017c produkt musi jednocze\u015bnie kontrolowa\u0107 nadmiar sebum w t\u0142ustych partiach twarzy oraz zapewnia\u0107 nawil\u017cenie suchym obszarom. W tym kontek\u015bcie warto zastanowi\u0107 si\u0119, czy serum Bioliq spe\u0142nia te wymagania i jest odpowiednie dla os\u00f3b z cer\u0105 mieszan\u0105. Przyjrzyjmy si\u0119 bli\u017cej sk\u0142adnikom tego produktu oraz jego dzia\u0142aniu na sk\u00f3r\u0119, aby oceni\u0107 jego potencjalne korzy\u015bci dla tego specyficznego typu cery.<\/p>\n\n\n\n<h2 class=\"wp-block-heading\">Czy serum Bioliq to idealne rozwi\u0105zanie dla sk\u00f3ry mieszanej? Analiza sk\u0142adnik\u00f3w i ich wp\u0142yw na r\u00f3\u017cne typy cery<\/h2>\n\n\n\n<p>Serum Bioliq to popularny produkt piel\u0119gnacyjny, kt\u00f3ry cz\u0119sto jest polecany dla sk\u00f3ry mieszanej. Sk\u0142adniki serum s\u0105 kluczowe dla jego skuteczno\u015bci. Zawiera ono m.in. kwas hialuronowy, kt\u00f3ry intensywnie nawil\u017ca sk\u00f3r\u0119, oraz ekstrakty ro\u015blinne, kt\u00f3re mog\u0105 dzia\u0142a\u0107 \u0142agodz\u0105co i regeneruj\u0105co.<\/p>\n\n\n\n<p>Dla sk\u00f3ry mieszanej istotne jest zr\u00f3wnowa\u017cenie stref t\u0142ustych i suchych. Kwas hialuronowy pomaga utrzyma\u0107 odpowiedni poziom nawil\u017cenia bez obci\u0105\u017cania sk\u00f3ry, co jest korzystne dla stref t\u0142ustych. Ekstrakty ro\u015blinne mog\u0105 wspiera\u0107 regeneracj\u0119 i \u0142agodzenie podra\u017cnie\u0144 w suchszych partiach twarzy.<\/p>\n\n\n\n<p>Jednak\u017ce, skuteczno\u015b\u0107 serum Bioliq mo\u017ce si\u0119 r\u00f3\u017cni\u0107 w zale\u017cno\u015bci od indywidualnych potrzeb sk\u00f3ry. Osoby z tendencj\u0105 do tr\u0105dziku powinny zwr\u00f3ci\u0107 uwag\u0119 na potencjalnie komedogenne sk\u0142adniki. Warto r\u00f3wnie\u017c przetestowa\u0107 produkt na ma\u0142ym fragmencie sk\u00f3ry przed pe\u0142nym zastosowaniem.<\/p>\n\n\n\n<p>Podsumowuj\u0105c, serum Bioliq mo\u017ce by\u0107 dobrym rozwi\u0105zaniem dla sk\u00f3ry mieszanej dzi\u0119ki swoim w\u0142a\u015bciwo\u015bciom nawil\u017caj\u0105cym i \u0142agodz\u0105cym, ale jego efektywno\u015b\u0107 zale\u017cy od indywidualnych cech cery u\u017cytkownika.<\/p>\n\n\n\n<h2 class=\"wp-block-heading\">Sk\u00f3ra mieszana a piel\u0119gnacja: Jak serum Bioliq mo\u017ce pom\u00f3c w utrzymaniu r\u00f3wnowagi?<\/h2>\n\n\n\n<p>Serum Bioliq to produkt, kt\u00f3ry mo\u017ce wspiera\u0107 piel\u0119gnacj\u0119 sk\u00f3ry mieszanej dzi\u0119ki swojej zr\u00f3wnowa\u017conej formule. Sk\u00f3ra mieszana charakteryzuje si\u0119 t\u0142ust\u0105 stref\u0105 T oraz suchymi policzkami, co wymaga specjalistycznego podej\u015bcia. Serum Bioliq zawiera sk\u0142adniki nawil\u017caj\u0105ce i reguluj\u0105ce wydzielanie sebum, co pomaga w utrzymaniu r\u00f3wnowagi hydrolipidowej sk\u00f3ry. Dzi\u0119ki lekkiej konsystencji nie obci\u0105\u017ca sk\u00f3ry, a jednocze\u015bnie dostarcza niezb\u0119dnych substancji od\u017cywczych. Regularne stosowanie serum mo\u017ce przyczyni\u0107 si\u0119 do poprawy og\u00f3lnego wygl\u0105du cery, redukuj\u0105c b\u0142yszczenie i przesuszenie.<\/p>\n\n\n\n<h2 class=\"wp-block-heading\">Testujemy serum Bioliq na sk\u00f3rze mieszanej: Efekty, zalety i potencjalne wady<\/h2>\n\n\n\n<p>**Efekty:**<\/p>\n\n\n\n<p>Serum Bioliq na sk\u00f3rze mieszanej wykazuje dzia\u0142anie nawil\u017caj\u0105ce i wyg\u0142adzaj\u0105ce. Po kilku tygodniach stosowania zauwa\u017calne jest zmniejszenie widoczno\u015bci por\u00f3w oraz poprawa elastyczno\u015bci sk\u00f3ry. Produkt pomaga w redukcji drobnych niedoskona\u0142o\u015bci i wyr\u00f3wnaniu kolorytu.<\/p>\n\n\n\n<p>**Zalety:**<\/p>\n\n\n\n<p>&#8211; Szybko si\u0119 wch\u0142ania, nie pozostawiaj\u0105c t\u0142ustej warstwy.<\/p>\n\n\n\n<p>&#8211; Odpowiednie do codziennego stosowania, tak\u017ce pod makija\u017c.<\/p>\n\n\n\n<p>&#8211; Zawiera sk\u0142adniki aktywne wspomagaj\u0105ce regeneracj\u0119 sk\u00f3ry.<\/p>\n\n\n\n<p>**Potencjalne wady:**<\/p>\n\n\n\n<p>&#8211; Mo\u017ce powodowa\u0107 lekkie podra\u017cnienia u os\u00f3b z bardzo wra\u017cliw\u0105 sk\u00f3r\u0105.<\/p>\n\n\n\n<p>&#8211; Niekt\u00f3re osoby mog\u0105 odczuwa\u0107 niewystarczaj\u0105cy poziom nawil\u017cenia w suchszych partiach twarzy.<\/p>\n\n\n\n<p>Serum Bioliq mo\u017ce by\u0107 odpowiednie dla sk\u00f3ry mieszanej, ale jego skuteczno\u015b\u0107 zale\u017cy od indywidualnych potrzeb i reakcji sk\u00f3ry. Sk\u00f3ra mieszana charakteryzuje si\u0119 zar\u00f3wno suchymi, jak i t\u0142ustymi obszarami, dlatego wa\u017cne jest, aby produkt nawil\u017ca\u0142 suche partie, jednocze\u015bnie nie obci\u0105\u017caj\u0105c strefy T. Serum Bioliq zawiera sk\u0142adniki aktywne, kt\u00f3re mog\u0105 wspiera\u0107 nawil\u017cenie i regeneracj\u0119 sk\u00f3ry, co jest korzystne dla os\u00f3b z tym typem cery. Jednak\u017ce, przed wprowadzeniem nowego produktu do rutyny piel\u0119gnacyjnej, warto przeprowadzi\u0107 test na ma\u0142ym fragmencie sk\u00f3ry oraz skonsultowa\u0107 si\u0119 z dermatologiem lub kosmetologiem. Ostatecznie, serum Bioliq mo\u017ce by\u0107 dobrym wyborem dla sk\u00f3ry mieszanej, ale kluczowe jest dostosowanie piel\u0119gnacji do indywidualnych potrzeb i obserwacja reakcji sk\u00f3ry.<\/p>\n","protected":false},"excerpt":{"rendered":"<p>Serum Bioliq to popularny produkt piel\u0119gnacyjny, kt\u00f3ry zdoby\u0142 uznanie w\u015br\u00f3d wielu u\u017cytkownik\u00f3w dzi\u0119ki swoim w\u0142a\u015bciwo\u015bciom nawil\u017caj\u0105cym i regeneruj\u0105cym. Sk\u00f3ra mieszana, charakteryzuj\u0105ca si\u0119 t\u0142ust\u0105 stref\u0105 T (czo\u0142o, nos, broda) oraz suchymi policzkami, wymaga szczeg\u00f3lnej uwagi i odpowiednio dobranych kosmetyk\u00f3w. Wyb\u00f3r odpowiedniego serum dla tego typu cery mo\u017ce by\u0107 wyzwaniem, poniewa\u017c produkt musi jednocze\u015bnie kontrolowa\u0107 nadmiar sebum [&hellip;]<\/p>\n","protected":false},"author":1,"featured_media":0,"comment_status":"","ping_status":"open","sticky":false,"template":"","format":"standard","meta":{"footnotes":""},"categories":[1],"tags":[],"class_list":["post-7228","post","type-post","status-publish","format-standard","hentry","category-bez-kategorii"],"fm_meta_title":"Czy serum Bioliq jest odpowiednie dla sk\u00f3ry mieszanej?","fm_meta_description":"Odkryj, czy serum Bioliq to idealne rozwi\u0105zanie dla sk\u00f3ry mieszanej. Sprawd\u017a jego sk\u0142adniki i efekty, aby podj\u0105\u0107 \u015bwiadom\u0105 decyzj\u0119!","yoast_head":"<!-- This site is optimized with the Yoast SEO plugin v21.5 - https:\/\/yoast.com\/wordpress\/plugins\/seo\/ -->\n<title>Czy serum Bioliq jest odpowiednie dla sk\u00f3ry mieszanej?<\/title>\n<meta name=\"description\" content=\"Odkryj, czy serum Bioliq to idealne rozwi\u0105zanie dla sk\u00f3ry mieszanej. Sprawd\u017a jego sk\u0142adniki i efekty, aby podj\u0105\u0107 \u015bwiadom\u0105 decyzj\u0119!\" \/>\n<meta name=\"robots\" content=\"index, follow, max-snippet:-1, max-image-preview:large, max-video-preview:-1\" \/>\n<link rel=\"canonical\" href=\"https:\/\/darzdrowia.pl\/ciekawostki\/czy-serum-bioliq-jest-odpowiednie-dla-skory-mieszanej\/\" \/>\n<meta property=\"og:locale\" content=\"pl_PL\" \/>\n<meta property=\"og:type\" content=\"article\" \/>\n<meta property=\"og:title\" content=\"Czy serum Bioliq jest odpowiednie dla sk\u00f3ry mieszanej?\" \/>\n<meta property=\"og:description\" content=\"Odkryj, czy serum Bioliq to idealne rozwi\u0105zanie dla sk\u00f3ry mieszanej. Sprawd\u017a jego sk\u0142adniki i efekty, aby podj\u0105\u0107 \u015bwiadom\u0105 decyzj\u0119!\" \/>\n<meta property=\"og:url\" content=\"https:\/\/darzdrowia.pl\/ciekawostki\/czy-serum-bioliq-jest-odpowiednie-dla-skory-mieszanej\/\" \/>\n<meta property=\"og:site_name\" content=\"Dar Zdrowia Drogeria - Blog\" \/>\n<meta property=\"article:publisher\" content=\"https:\/\/www.facebook.com\/profile.php?id=100063606935396\" \/>\n<meta property=\"article:published_time\" content=\"2025-01-21T11:30:41+00:00\" \/>\n<meta name=\"author\" content=\"funkymedia\" \/>\n<meta name=\"twitter:card\" content=\"summary_large_image\" \/>\n<meta name=\"twitter:label1\" content=\"Napisane przez\" \/>\n\t<meta name=\"twitter:data1\" content=\"funkymedia\" \/>\n\t<meta name=\"twitter:label2\" content=\"Szacowany czas czytania\" \/>\n\t<meta name=\"twitter:data2\" content=\"4 minuty\" \/>\n<script type=\"application\/ld+json\" class=\"yoast-schema-graph\">{\"@context\":\"https:\/\/schema.org\",\"@graph\":[{\"@type\":\"Article\",\"@id\":\"https:\/\/darzdrowia.pl\/ciekawostki\/czy-serum-bioliq-jest-odpowiednie-dla-skory-mieszanej\/#article\",\"isPartOf\":{\"@id\":\"https:\/\/darzdrowia.pl\/ciekawostki\/czy-serum-bioliq-jest-odpowiednie-dla-skory-mieszanej\/\"},\"author\":{\"name\":\"funkymedia\",\"@id\":\"https:\/\/darzdrowia.pl\/ciekawostki\/#\/schema\/person\/e75579d624630bf943ac69d374bb928e\"},\"headline\":\"Czy serum Bioliq jest odpowiednie dla sk\u00f3ry mieszanej?\",\"datePublished\":\"2025-01-21T11:30:41+00:00\",\"dateModified\":\"2025-01-21T11:30:41+00:00\",\"mainEntityOfPage\":{\"@id\":\"https:\/\/darzdrowia.pl\/ciekawostki\/czy-serum-bioliq-jest-odpowiednie-dla-skory-mieszanej\/\"},\"wordCount\":727,\"publisher\":{\"@id\":\"https:\/\/darzdrowia.pl\/ciekawostki\/#organization\"},\"inLanguage\":\"pl-PL\"},{\"@type\":\"WebPage\",\"@id\":\"https:\/\/darzdrowia.pl\/ciekawostki\/czy-serum-bioliq-jest-odpowiednie-dla-skory-mieszanej\/\",\"url\":\"https:\/\/darzdrowia.pl\/ciekawostki\/czy-serum-bioliq-jest-odpowiednie-dla-skory-mieszanej\/\",\"name\":\"Czy serum Bioliq jest odpowiednie dla sk\u00f3ry mieszanej?\",\"isPartOf\":{\"@id\":\"https:\/\/darzdrowia.pl\/ciekawostki\/#website\"},\"datePublished\":\"2025-01-21T11:30:41+00:00\",\"dateModified\":\"2025-01-21T11:30:41+00:00\",\"description\":\"Odkryj, czy serum Bioliq to idealne rozwi\u0105zanie dla sk\u00f3ry mieszanej. Sprawd\u017a jego sk\u0142adniki i efekty, aby podj\u0105\u0107 \u015bwiadom\u0105 decyzj\u0119!\",\"breadcrumb\":{\"@id\":\"https:\/\/darzdrowia.pl\/ciekawostki\/czy-serum-bioliq-jest-odpowiednie-dla-skory-mieszanej\/#breadcrumb\"},\"inLanguage\":\"pl-PL\",\"potentialAction\":[{\"@type\":\"ReadAction\",\"target\":[\"https:\/\/darzdrowia.pl\/ciekawostki\/czy-serum-bioliq-jest-odpowiednie-dla-skory-mieszanej\/\"]}]},{\"@type\":\"BreadcrumbList\",\"@id\":\"https:\/\/darzdrowia.pl\/ciekawostki\/czy-serum-bioliq-jest-odpowiednie-dla-skory-mieszanej\/#breadcrumb\",\"itemListElement\":[{\"@type\":\"ListItem\",\"position\":1,\"name\":\"Strona g\u0142\u00f3wna\",\"item\":\"https:\/\/darzdrowia.pl\/ciekawostki\/\"},{\"@type\":\"ListItem\",\"position\":2,\"name\":\"Czy serum Bioliq jest odpowiednie dla sk\u00f3ry mieszanej?\"}]},{\"@type\":\"WebSite\",\"@id\":\"https:\/\/darzdrowia.pl\/ciekawostki\/#website\",\"url\":\"https:\/\/darzdrowia.pl\/ciekawostki\/\",\"name\":\"Dar Zdrowia Drogeria - Blog\",\"description\":\"\",\"publisher\":{\"@id\":\"https:\/\/darzdrowia.pl\/ciekawostki\/#organization\"},\"potentialAction\":[{\"@type\":\"SearchAction\",\"target\":{\"@type\":\"EntryPoint\",\"urlTemplate\":\"https:\/\/darzdrowia.pl\/ciekawostki\/?s={search_term_string}\"},\"query-input\":\"required name=search_term_string\"}],\"inLanguage\":\"pl-PL\"},{\"@type\":\"Organization\",\"@id\":\"https:\/\/darzdrowia.pl\/ciekawostki\/#organization\",\"name\":\"Dar Zdrowia Drogeria - Blog\",\"url\":\"https:\/\/darzdrowia.pl\/ciekawostki\/\",\"logo\":{\"@type\":\"ImageObject\",\"inLanguage\":\"pl-PL\",\"@id\":\"https:\/\/darzdrowia.pl\/ciekawostki\/#\/schema\/logo\/image\/\",\"url\":\"https:\/\/darzdrowia.pl\/ciekawostki\/wp-content\/uploads\/2023\/11\/logo-darzdrowia.webp\",\"contentUrl\":\"https:\/\/darzdrowia.pl\/ciekawostki\/wp-content\/uploads\/2023\/11\/logo-darzdrowia.webp\",\"width\":744,\"height\":225,\"caption\":\"Dar Zdrowia Drogeria - Blog\"},\"image\":{\"@id\":\"https:\/\/darzdrowia.pl\/ciekawostki\/#\/schema\/logo\/image\/\"},\"sameAs\":[\"https:\/\/www.facebook.com\/profile.php?id=100063606935396\"]},{\"@type\":\"Person\",\"@id\":\"https:\/\/darzdrowia.pl\/ciekawostki\/#\/schema\/person\/e75579d624630bf943ac69d374bb928e\",\"name\":\"funkymedia\",\"image\":{\"@type\":\"ImageObject\",\"inLanguage\":\"pl-PL\",\"@id\":\"https:\/\/darzdrowia.pl\/ciekawostki\/#\/schema\/person\/image\/\",\"url\":\"https:\/\/secure.gravatar.com\/avatar\/393cb205b658aef6e3271ad5a92265e3e4433d2384bbe95524ba160d5bc20299?s=96&d=mm&r=g\",\"contentUrl\":\"https:\/\/secure.gravatar.com\/avatar\/393cb205b658aef6e3271ad5a92265e3e4433d2384bbe95524ba160d5bc20299?s=96&d=mm&r=g\",\"caption\":\"funkymedia\"},\"sameAs\":[\"https:\/\/darzdrowia.pl\/ciekawostki\"],\"url\":\"https:\/\/darzdrowia.pl\/ciekawostki\/author\/funkymedia\/\"}]}<\/script>\n<!-- \/ Yoast SEO plugin. -->","yoast_head_json":{"title":"Czy serum Bioliq jest odpowiednie dla sk\u00f3ry mieszanej?","description":"Odkryj, czy serum Bioliq to idealne rozwi\u0105zanie dla sk\u00f3ry mieszanej. Sprawd\u017a jego sk\u0142adniki i efekty, aby podj\u0105\u0107 \u015bwiadom\u0105 decyzj\u0119!","robots":{"index":"index","follow":"follow","max-snippet":"max-snippet:-1","max-image-preview":"max-image-preview:large","max-video-preview":"max-video-preview:-1"},"canonical":"https:\/\/darzdrowia.pl\/ciekawostki\/czy-serum-bioliq-jest-odpowiednie-dla-skory-mieszanej\/","og_locale":"pl_PL","og_type":"article","og_title":"Czy serum Bioliq jest odpowiednie dla sk\u00f3ry mieszanej?","og_description":"Odkryj, czy serum Bioliq to idealne rozwi\u0105zanie dla sk\u00f3ry mieszanej. Sprawd\u017a jego sk\u0142adniki i efekty, aby podj\u0105\u0107 \u015bwiadom\u0105 decyzj\u0119!","og_url":"https:\/\/darzdrowia.pl\/ciekawostki\/czy-serum-bioliq-jest-odpowiednie-dla-skory-mieszanej\/","og_site_name":"Dar Zdrowia Drogeria - Blog","article_publisher":"https:\/\/www.facebook.com\/profile.php?id=100063606935396","article_published_time":"2025-01-21T11:30:41+00:00","author":"funkymedia","twitter_card":"summary_large_image","twitter_misc":{"Napisane przez":"funkymedia","Szacowany czas czytania":"4 minuty"},"schema":{"@context":"https:\/\/schema.org","@graph":[{"@type":"Article","@id":"https:\/\/darzdrowia.pl\/ciekawostki\/czy-serum-bioliq-jest-odpowiednie-dla-skory-mieszanej\/#article","isPartOf":{"@id":"https:\/\/darzdrowia.pl\/ciekawostki\/czy-serum-bioliq-jest-odpowiednie-dla-skory-mieszanej\/"},"author":{"name":"funkymedia","@id":"https:\/\/darzdrowia.pl\/ciekawostki\/#\/schema\/person\/e75579d624630bf943ac69d374bb928e"},"headline":"Czy serum Bioliq jest odpowiednie dla sk\u00f3ry mieszanej?","datePublished":"2025-01-21T11:30:41+00:00","dateModified":"2025-01-21T11:30:41+00:00","mainEntityOfPage":{"@id":"https:\/\/darzdrowia.pl\/ciekawostki\/czy-serum-bioliq-jest-odpowiednie-dla-skory-mieszanej\/"},"wordCount":727,"publisher":{"@id":"https:\/\/darzdrowia.pl\/ciekawostki\/#organization"},"inLanguage":"pl-PL"},{"@type":"WebPage","@id":"https:\/\/darzdrowia.pl\/ciekawostki\/czy-serum-bioliq-jest-odpowiednie-dla-skory-mieszanej\/","url":"https:\/\/darzdrowia.pl\/ciekawostki\/czy-serum-bioliq-jest-odpowiednie-dla-skory-mieszanej\/","name":"Czy serum Bioliq jest odpowiednie dla sk\u00f3ry mieszanej?","isPartOf":{"@id":"https:\/\/darzdrowia.pl\/ciekawostki\/#website"},"datePublished":"2025-01-21T11:30:41+00:00","dateModified":"2025-01-21T11:30:41+00:00","description":"Odkryj, czy serum Bioliq to idealne rozwi\u0105zanie dla sk\u00f3ry mieszanej. Sprawd\u017a jego sk\u0142adniki i efekty, aby podj\u0105\u0107 \u015bwiadom\u0105 decyzj\u0119!","breadcrumb":{"@id":"https:\/\/darzdrowia.pl\/ciekawostki\/czy-serum-bioliq-jest-odpowiednie-dla-skory-mieszanej\/#breadcrumb"},"inLanguage":"pl-PL","potentialAction":[{"@type":"ReadAction","target":["https:\/\/darzdrowia.pl\/ciekawostki\/czy-serum-bioliq-jest-odpowiednie-dla-skory-mieszanej\/"]}]},{"@type":"BreadcrumbList","@id":"https:\/\/darzdrowia.pl\/ciekawostki\/czy-serum-bioliq-jest-odpowiednie-dla-skory-mieszanej\/#breadcrumb","itemListElement":[{"@type":"ListItem","position":1,"name":"Strona g\u0142\u00f3wna","item":"https:\/\/darzdrowia.pl\/ciekawostki\/"},{"@type":"ListItem","position":2,"name":"Czy serum Bioliq jest odpowiednie dla sk\u00f3ry mieszanej?"}]},{"@type":"WebSite","@id":"https:\/\/darzdrowia.pl\/ciekawostki\/#website","url":"https:\/\/darzdrowia.pl\/ciekawostki\/","name":"Dar Zdrowia Drogeria - Blog","description":"","publisher":{"@id":"https:\/\/darzdrowia.pl\/ciekawostki\/#organization"},"potentialAction":[{"@type":"SearchAction","target":{"@type":"EntryPoint","urlTemplate":"https:\/\/darzdrowia.pl\/ciekawostki\/?s={search_term_string}"},"query-input":"required name=search_term_string"}],"inLanguage":"pl-PL"},{"@type":"Organization","@id":"https:\/\/darzdrowia.pl\/ciekawostki\/#organization","name":"Dar Zdrowia Drogeria - Blog","url":"https:\/\/darzdrowia.pl\/ciekawostki\/","logo":{"@type":"ImageObject","inLanguage":"pl-PL","@id":"https:\/\/darzdrowia.pl\/ciekawostki\/#\/schema\/logo\/image\/","url":"https:\/\/darzdrowia.pl\/ciekawostki\/wp-content\/uploads\/2023\/11\/logo-darzdrowia.webp","contentUrl":"https:\/\/darzdrowia.pl\/ciekawostki\/wp-content\/uploads\/2023\/11\/logo-darzdrowia.webp","width":744,"height":225,"caption":"Dar Zdrowia Drogeria - Blog"},"image":{"@id":"https:\/\/darzdrowia.pl\/ciekawostki\/#\/schema\/logo\/image\/"},"sameAs":["https:\/\/www.facebook.com\/profile.php?id=100063606935396"]},{"@type":"Person","@id":"https:\/\/darzdrowia.pl\/ciekawostki\/#\/schema\/person\/e75579d624630bf943ac69d374bb928e","name":"funkymedia","image":{"@type":"ImageObject","inLanguage":"pl-PL","@id":"https:\/\/darzdrowia.pl\/ciekawostki\/#\/schema\/person\/image\/","url":"https:\/\/secure.gravatar.com\/avatar\/393cb205b658aef6e3271ad5a92265e3e4433d2384bbe95524ba160d5bc20299?s=96&d=mm&r=g","contentUrl":"https:\/\/secure.gravatar.com\/avatar\/393cb205b658aef6e3271ad5a92265e3e4433d2384bbe95524ba160d5bc20299?s=96&d=mm&r=g","caption":"funkymedia"},"sameAs":["https:\/\/darzdrowia.pl\/ciekawostki"],"url":"https:\/\/darzdrowia.pl\/ciekawostki\/author\/funkymedia\/"}]}},"_links":{"self":[{"href":"https:\/\/darzdrowia.pl\/ciekawostki\/wp-json\/wp\/v2\/posts\/7228","targetHints":{"allow":["GET"]}}],"collection":[{"href":"https:\/\/darzdrowia.pl\/ciekawostki\/wp-json\/wp\/v2\/posts"}],"about":[{"href":"https:\/\/darzdrowia.pl\/ciekawostki\/wp-json\/wp\/v2\/types\/post"}],"author":[{"embeddable":true,"href":"https:\/\/darzdrowia.pl\/ciekawostki\/wp-json\/wp\/v2\/users\/1"}],"replies":[{"embeddable":true,"href":"https:\/\/darzdrowia.pl\/ciekawostki\/wp-json\/wp\/v2\/comments?post=7228"}],"version-history":[{"count":0,"href":"https:\/\/darzdrowia.pl\/ciekawostki\/wp-json\/wp\/v2\/posts\/7228\/revisions"}],"wp:attachment":[{"href":"https:\/\/darzdrowia.pl\/ciekawostki\/wp-json\/wp\/v2\/media?parent=7228"}],"wp:term":[{"taxonomy":"category","embeddable":true,"href":"https:\/\/darzdrowia.pl\/ciekawostki\/wp-json\/wp\/v2\/categories?post=7228"},{"taxonomy":"post_tag","embeddable":true,"href":"https:\/\/darzdrowia.pl\/ciekawostki\/wp-json\/wp\/v2\/tags?post=7228"}],"curies":[{"name":"wp","href":"https:\/\/api.w.org\/{rel}","templated":true}]}}