{"id":7211,"date":"2025-01-21T12:24:38","date_gmt":"2025-01-21T11:24:38","guid":{"rendered":"https:\/\/darzdrowia.pl\/ciekawostki\/niedobory-witaminy-d-problem-xxi-wieku\/"},"modified":"2025-01-21T12:24:38","modified_gmt":"2025-01-21T11:24:38","slug":"niedobory-witaminy-d-problem-xxi-wieku","status":"publish","type":"post","link":"https:\/\/darzdrowia.pl\/ciekawostki\/niedobory-witaminy-d-problem-xxi-wieku\/","title":{"rendered":"Niedobory witaminy D \u2013 problem XXI wieku"},"content":{"rendered":"\n<p>Niedobory witaminy D sta\u0142y si\u0119 jednym z kluczowych problem\u00f3w zdrowotnych XXI wieku, dotykaj\u0105cym ludzi na ca\u0142ym \u015bwiecie. Witamina D, znana r\u00f3wnie\u017c jako &#8222;witamina s\u0142o\u0144ca&#8221;, odgrywa istotn\u0105 rol\u0119 w utrzymaniu zdrowia ko\u015bci i uk\u0142adu odporno\u015bciowego. Pomimo jej znaczenia, coraz wi\u0119cej os\u00f3b boryka si\u0119 z jej niedoborem, co mo\u017ce prowadzi\u0107 do powa\u017cnych konsekwencji zdrowotnych, takich jak osteoporoza, os\u0142abienie mi\u0119\u015bni czy zwi\u0119kszona podatno\u015b\u0107 na infekcje. Wsp\u00f3\u0142czesny styl \u017cycia, charakteryzuj\u0105cy si\u0119 ograniczon\u0105 ekspozycj\u0105 na naturalne \u015bwiat\u0142o s\u0142oneczne oraz diet\u0105 ubog\u0105 w t\u0119 witamin\u0119, przyczynia si\u0119 do pog\u0142\u0119biania tego problemu. Wprowadzenie skutecznych strategii zapobiegania i leczenia niedobor\u00f3w witaminy D staje si\u0119 zatem priorytetem dla specjalist\u00f3w ds. zdrowia publicznego oraz indywidualnych jednostek d\u0105\u017c\u0105cych do poprawy jako\u015bci \u017cycia i og\u00f3lnego dobrostanu.<\/p>\n\n\n\n<h2 class=\"wp-block-heading\">**Wp\u0142yw niedoboru witaminy D na zdrowie psychiczne i fizyczne: Jak brak s\u0142o\u0144ca wp\u0142ywa na nasze samopoczucie?**<\/h2>\n\n\n\n<p>Niedob\u00f3r witaminy D, cz\u0119sto spowodowany brakiem ekspozycji na s\u0142o\u0144ce, ma istotny wp\u0142yw na zdrowie psychiczne i fizyczne. Witamina D odgrywa kluczow\u0105 rol\u0119 w funkcjonowaniu uk\u0142adu odporno\u015bciowego, a jej niedob\u00f3r mo\u017ce prowadzi\u0107 do os\u0142abienia organizmu i zwi\u0119kszonej podatno\u015bci na infekcje. Ponadto, brak tej witaminy jest zwi\u0105zany z problemami kostnymi, takimi jak osteoporoza.<\/p>\n\n\n\n<p>W kontek\u015bcie zdrowia psychicznego, niedob\u00f3r witaminy D mo\u017ce przyczynia\u0107 si\u0119 do wyst\u0105pienia depresji oraz zaburze\u0144 nastroju. Badania wskazuj\u0105 na zwi\u0105zek mi\u0119dzy niskim poziomem witaminy D a zwi\u0119kszonym ryzykiem wyst\u0105pienia stan\u00f3w l\u0119kowych i obni\u017conego samopoczucia. W krajach o ograniczonym nas\u0142onecznieniu zaleca si\u0119 suplementacj\u0119 witaminy D w celu zapobiegania jej niedoborom i zwi\u0105zanym z nimi problemom zdrowotnym.<\/p>\n\n\n\n<h2 class=\"wp-block-heading\">**Niedob\u00f3r witaminy D u dzieci i m\u0142odzie\u017cy: Jak zapewni\u0107 odpowiedni\u0105 suplementacj\u0119 w dobie cyfrowej izolacji?**<\/h2>\n\n\n\n<p>Niedob\u00f3r witaminy D u dzieci i m\u0142odzie\u017cy jest coraz cz\u0119stszym problemem, zw\u0142aszcza w dobie cyfrowej izolacji, kt\u00f3ra ogranicza ekspozycj\u0119 na \u015bwiat\u0142o s\u0142oneczne. Witamina D jest kluczowa dla prawid\u0142owego rozwoju ko\u015bci i uk\u0142adu odporno\u015bciowego. Aby zapewni\u0107 odpowiedni\u0105 suplementacj\u0119, nale\u017cy wzi\u0105\u0107 pod uwag\u0119 kilka czynnik\u00f3w.<\/p>\n\n\n\n<p>Po pierwsze, zaleca si\u0119 regularne badania poziomu witaminy D we krwi, aby dostosowa\u0107 dawk\u0119 suplement\u00f3w do indywidualnych potrzeb. Po drugie, warto skonsultowa\u0107 si\u0119 z pediatr\u0105 lub dietetykiem w celu ustalenia odpowiedniej dawki suplementu. Zwykle rekomenduje si\u0119 codzienne przyjmowanie witaminy D w formie kropli lub tabletek.<\/p>\n\n\n\n<p>Dodatkowo, dieta bogata w produkty zawieraj\u0105ce witamin\u0119 D, takie jak t\u0142uste ryby (np. \u0142oso\u015b, makrela), jaja oraz wzbogacone produkty mleczne, mo\u017ce wspom\u00f3c suplementacj\u0119. Warto r\u00f3wnie\u017c zach\u0119ca\u0107 dzieci do sp\u0119dzania czasu na \u015bwie\u017cym powietrzu w godzinach porannych lub popo\u0142udniowych.<\/p>\n\n\n\n<p>W dobie cyfrowej izolacji istotne jest monitorowanie czasu sp\u0119dzanego przed ekranem i promowanie aktywno\u015bci fizycznej na zewn\u0105trz. Regularna aktywno\u015b\u0107 fizyczna nie tylko wspiera zdrowie og\u00f3lne, ale tak\u017ce mo\u017ce poprawi\u0107 syntez\u0119 witaminy D przez sk\u00f3r\u0119.<\/p>\n\n\n\n<p>Podsumowuj\u0105c, kluczem do zapewnienia odpowiedniej suplementacji witaminy D jest indywidualne podej\u015bcie uwzgl\u0119dniaj\u0105ce badania medyczne, konsultacje specjalistyczne oraz zdrowy styl \u017cycia.<\/p>\n\n\n\n<h2 class=\"wp-block-heading\">**Naturalne \u017ar\u00f3d\u0142a witaminy D kontra suplementy: Kt\u00f3re rozwi\u0105zanie jest bardziej skuteczne w walce z niedoborem?**<\/h2>\n\n\n\n<p>Naturalne \u017ar\u00f3d\u0142a witaminy D obejmuj\u0105 przede wszystkim ekspozycj\u0119 na s\u0142o\u0144ce, ryby morskie, jaja oraz w\u0105trob\u0119. Promieniowanie UVB stymuluje syntez\u0119 witaminy D w sk\u00f3rze, co jest najbardziej efektywnym sposobem jej pozyskiwania. Jednak\u017ce, w klimatach o ograniczonym nas\u0142onecznieniu lub w okresach zimowych, synteza ta mo\u017ce by\u0107 niewystarczaj\u0105ca.<\/p>\n\n\n\n<p>Suplementy diety z witamin\u0105 D s\u0105 powszechnie stosowane jako alternatywa lub uzupe\u0142nienie naturalnych \u017ar\u00f3de\u0142. Pozwalaj\u0105 one na precyzyjne kontrolowanie dawki i s\u0105 szczeg\u00f3lnie przydatne dla os\u00f3b z ograniczon\u0105 ekspozycj\u0105 na s\u0142o\u0144ce lub z diet\u0105 ubog\u0105 w produkty bogate w t\u0119 witamin\u0119.<\/p>\n\n\n\n<p>Skuteczno\u015b\u0107 obu metod zale\u017cy od indywidualnych potrzeb organizmu oraz warunk\u00f3w \u015brodowiskowych. W przypadku znacznego niedoboru suplementacja mo\u017ce by\u0107 bardziej efektywna i szybsza w dzia\u0142aniu. Jednak\u017ce, d\u0142ugoterminowo, po\u0142\u0105czenie obu strategii mo\u017ce zapewni\u0107 optymalny poziom witaminy D.<\/p>\n\n\n\n<p>Niedobory witaminy D sta\u0142y si\u0119 istotnym problemem zdrowotnym XXI wieku, dotykaj\u0105cym ludzi na ca\u0142ym \u015bwiecie. Wsp\u00f3\u0142czesny styl \u017cycia, charakteryzuj\u0105cy si\u0119 ograniczon\u0105 ekspozycj\u0105 na s\u0142o\u0144ce, urbanizacj\u0105 oraz zmianami w diecie, przyczynia si\u0119 do powszechnego deficytu tej kluczowej witaminy. Witamina D odgrywa fundamentaln\u0105 rol\u0119 w utrzymaniu zdrowia ko\u015bci, funkcjonowaniu uk\u0142adu odporno\u015bciowego oraz w zapobieganiu wielu chorobom przewlek\u0142ym. Niedobory mog\u0105 prowadzi\u0107 do powa\u017cnych konsekwencji zdrowotnych, takich jak osteoporoza, os\u0142abienie mi\u0119\u015bni czy zwi\u0119kszona podatno\u015b\u0107 na infekcje. Dlatego wa\u017cne jest podj\u0119cie dzia\u0142a\u0144 maj\u0105cych na celu zwi\u0119kszenie \u015bwiadomo\u015bci spo\u0142ecznej na temat znaczenia witaminy D oraz promowanie strategii jej suplementacji i odpowiedniej ekspozycji na \u015bwiat\u0142o s\u0142oneczne. Tylko poprzez zintegrowane podej\u015bcie mo\u017cemy skutecznie przeciwdzia\u0142a\u0107 temu globalnemu problemowi i poprawi\u0107 jako\u015b\u0107 \u017cycia wielu ludzi.<\/p>\n","protected":false},"excerpt":{"rendered":"<p>Niedobory witaminy D sta\u0142y si\u0119 jednym z kluczowych problem\u00f3w zdrowotnych XXI wieku, dotykaj\u0105cym ludzi na ca\u0142ym \u015bwiecie. Witamina D, znana r\u00f3wnie\u017c jako &#8222;witamina s\u0142o\u0144ca&#8221;, odgrywa istotn\u0105 rol\u0119 w utrzymaniu zdrowia ko\u015bci i uk\u0142adu odporno\u015bciowego. Pomimo jej znaczenia, coraz wi\u0119cej os\u00f3b boryka si\u0119 z jej niedoborem, co mo\u017ce prowadzi\u0107 do powa\u017cnych konsekwencji zdrowotnych, takich jak osteoporoza, [&hellip;]<\/p>\n","protected":false},"author":1,"featured_media":0,"comment_status":"","ping_status":"open","sticky":false,"template":"","format":"standard","meta":{"footnotes":""},"categories":[1],"tags":[],"class_list":["post-7211","post","type-post","status-publish","format-standard","hentry","category-bez-kategorii"],"fm_meta_title":"Niedobory witaminy D \u2013 problem XXI wieku","fm_meta_description":"Odkryj, jak niedobory witaminy D wp\u0142ywaj\u0105 na zdrowie w XXI wieku i dowiedz si\u0119, jak skutecznie im zapobiega\u0107. Sprawd\u017a teraz!","yoast_head":"<!-- This site is optimized with the Yoast SEO plugin v21.5 - https:\/\/yoast.com\/wordpress\/plugins\/seo\/ -->\n<title>Niedobory witaminy D \u2013 problem XXI wieku<\/title>\n<meta name=\"description\" content=\"Odkryj, jak niedobory witaminy D wp\u0142ywaj\u0105 na zdrowie w XXI wieku i dowiedz si\u0119, jak skutecznie im zapobiega\u0107. Sprawd\u017a teraz!\" \/>\n<meta name=\"robots\" content=\"index, follow, max-snippet:-1, max-image-preview:large, max-video-preview:-1\" \/>\n<link rel=\"canonical\" href=\"https:\/\/darzdrowia.pl\/ciekawostki\/niedobory-witaminy-d-problem-xxi-wieku\/\" \/>\n<meta property=\"og:locale\" content=\"pl_PL\" \/>\n<meta property=\"og:type\" content=\"article\" \/>\n<meta property=\"og:title\" content=\"Niedobory witaminy D \u2013 problem XXI wieku\" \/>\n<meta property=\"og:description\" content=\"Odkryj, jak niedobory witaminy D wp\u0142ywaj\u0105 na zdrowie w XXI wieku i dowiedz si\u0119, jak skutecznie im zapobiega\u0107. Sprawd\u017a teraz!\" \/>\n<meta property=\"og:url\" content=\"https:\/\/darzdrowia.pl\/ciekawostki\/niedobory-witaminy-d-problem-xxi-wieku\/\" \/>\n<meta property=\"og:site_name\" content=\"Dar Zdrowia Drogeria - Blog\" \/>\n<meta property=\"article:publisher\" content=\"https:\/\/www.facebook.com\/profile.php?id=100063606935396\" \/>\n<meta property=\"article:published_time\" content=\"2025-01-21T11:24:38+00:00\" \/>\n<meta name=\"author\" content=\"funkymedia\" \/>\n<meta name=\"twitter:card\" content=\"summary_large_image\" \/>\n<meta name=\"twitter:label1\" content=\"Napisane przez\" \/>\n\t<meta name=\"twitter:data1\" content=\"funkymedia\" \/>\n\t<meta name=\"twitter:label2\" content=\"Szacowany czas czytania\" \/>\n\t<meta name=\"twitter:data2\" content=\"4 minuty\" \/>\n<script type=\"application\/ld+json\" class=\"yoast-schema-graph\">{\"@context\":\"https:\/\/schema.org\",\"@graph\":[{\"@type\":\"Article\",\"@id\":\"https:\/\/darzdrowia.pl\/ciekawostki\/niedobory-witaminy-d-problem-xxi-wieku\/#article\",\"isPartOf\":{\"@id\":\"https:\/\/darzdrowia.pl\/ciekawostki\/niedobory-witaminy-d-problem-xxi-wieku\/\"},\"author\":{\"name\":\"funkymedia\",\"@id\":\"https:\/\/darzdrowia.pl\/ciekawostki\/#\/schema\/person\/e75579d624630bf943ac69d374bb928e\"},\"headline\":\"Niedobory witaminy D \u2013 problem XXI wieku\",\"datePublished\":\"2025-01-21T11:24:38+00:00\",\"dateModified\":\"2025-01-21T11:24:38+00:00\",\"mainEntityOfPage\":{\"@id\":\"https:\/\/darzdrowia.pl\/ciekawostki\/niedobory-witaminy-d-problem-xxi-wieku\/\"},\"wordCount\":838,\"publisher\":{\"@id\":\"https:\/\/darzdrowia.pl\/ciekawostki\/#organization\"},\"inLanguage\":\"pl-PL\"},{\"@type\":\"WebPage\",\"@id\":\"https:\/\/darzdrowia.pl\/ciekawostki\/niedobory-witaminy-d-problem-xxi-wieku\/\",\"url\":\"https:\/\/darzdrowia.pl\/ciekawostki\/niedobory-witaminy-d-problem-xxi-wieku\/\",\"name\":\"Niedobory witaminy D \u2013 problem XXI wieku\",\"isPartOf\":{\"@id\":\"https:\/\/darzdrowia.pl\/ciekawostki\/#website\"},\"datePublished\":\"2025-01-21T11:24:38+00:00\",\"dateModified\":\"2025-01-21T11:24:38+00:00\",\"description\":\"Odkryj, jak niedobory witaminy D wp\u0142ywaj\u0105 na zdrowie w XXI wieku i dowiedz si\u0119, jak skutecznie im zapobiega\u0107. Sprawd\u017a teraz!\",\"breadcrumb\":{\"@id\":\"https:\/\/darzdrowia.pl\/ciekawostki\/niedobory-witaminy-d-problem-xxi-wieku\/#breadcrumb\"},\"inLanguage\":\"pl-PL\",\"potentialAction\":[{\"@type\":\"ReadAction\",\"target\":[\"https:\/\/darzdrowia.pl\/ciekawostki\/niedobory-witaminy-d-problem-xxi-wieku\/\"]}]},{\"@type\":\"BreadcrumbList\",\"@id\":\"https:\/\/darzdrowia.pl\/ciekawostki\/niedobory-witaminy-d-problem-xxi-wieku\/#breadcrumb\",\"itemListElement\":[{\"@type\":\"ListItem\",\"position\":1,\"name\":\"Strona g\u0142\u00f3wna\",\"item\":\"https:\/\/darzdrowia.pl\/ciekawostki\/\"},{\"@type\":\"ListItem\",\"position\":2,\"name\":\"Niedobory witaminy D \u2013 problem XXI wieku\"}]},{\"@type\":\"WebSite\",\"@id\":\"https:\/\/darzdrowia.pl\/ciekawostki\/#website\",\"url\":\"https:\/\/darzdrowia.pl\/ciekawostki\/\",\"name\":\"Dar Zdrowia Drogeria - Blog\",\"description\":\"\",\"publisher\":{\"@id\":\"https:\/\/darzdrowia.pl\/ciekawostki\/#organization\"},\"potentialAction\":[{\"@type\":\"SearchAction\",\"target\":{\"@type\":\"EntryPoint\",\"urlTemplate\":\"https:\/\/darzdrowia.pl\/ciekawostki\/?s={search_term_string}\"},\"query-input\":\"required name=search_term_string\"}],\"inLanguage\":\"pl-PL\"},{\"@type\":\"Organization\",\"@id\":\"https:\/\/darzdrowia.pl\/ciekawostki\/#organization\",\"name\":\"Dar Zdrowia Drogeria - Blog\",\"url\":\"https:\/\/darzdrowia.pl\/ciekawostki\/\",\"logo\":{\"@type\":\"ImageObject\",\"inLanguage\":\"pl-PL\",\"@id\":\"https:\/\/darzdrowia.pl\/ciekawostki\/#\/schema\/logo\/image\/\",\"url\":\"https:\/\/darzdrowia.pl\/ciekawostki\/wp-content\/uploads\/2023\/11\/logo-darzdrowia.webp\",\"contentUrl\":\"https:\/\/darzdrowia.pl\/ciekawostki\/wp-content\/uploads\/2023\/11\/logo-darzdrowia.webp\",\"width\":744,\"height\":225,\"caption\":\"Dar Zdrowia Drogeria - Blog\"},\"image\":{\"@id\":\"https:\/\/darzdrowia.pl\/ciekawostki\/#\/schema\/logo\/image\/\"},\"sameAs\":[\"https:\/\/www.facebook.com\/profile.php?id=100063606935396\"]},{\"@type\":\"Person\",\"@id\":\"https:\/\/darzdrowia.pl\/ciekawostki\/#\/schema\/person\/e75579d624630bf943ac69d374bb928e\",\"name\":\"funkymedia\",\"image\":{\"@type\":\"ImageObject\",\"inLanguage\":\"pl-PL\",\"@id\":\"https:\/\/darzdrowia.pl\/ciekawostki\/#\/schema\/person\/image\/\",\"url\":\"https:\/\/secure.gravatar.com\/avatar\/393cb205b658aef6e3271ad5a92265e3e4433d2384bbe95524ba160d5bc20299?s=96&d=mm&r=g\",\"contentUrl\":\"https:\/\/secure.gravatar.com\/avatar\/393cb205b658aef6e3271ad5a92265e3e4433d2384bbe95524ba160d5bc20299?s=96&d=mm&r=g\",\"caption\":\"funkymedia\"},\"sameAs\":[\"https:\/\/darzdrowia.pl\/ciekawostki\"],\"url\":\"https:\/\/darzdrowia.pl\/ciekawostki\/author\/funkymedia\/\"}]}<\/script>\n<!-- \/ Yoast SEO plugin. -->","yoast_head_json":{"title":"Niedobory witaminy D \u2013 problem XXI wieku","description":"Odkryj, jak niedobory witaminy D wp\u0142ywaj\u0105 na zdrowie w XXI wieku i dowiedz si\u0119, jak skutecznie im zapobiega\u0107. Sprawd\u017a teraz!","robots":{"index":"index","follow":"follow","max-snippet":"max-snippet:-1","max-image-preview":"max-image-preview:large","max-video-preview":"max-video-preview:-1"},"canonical":"https:\/\/darzdrowia.pl\/ciekawostki\/niedobory-witaminy-d-problem-xxi-wieku\/","og_locale":"pl_PL","og_type":"article","og_title":"Niedobory witaminy D \u2013 problem XXI wieku","og_description":"Odkryj, jak niedobory witaminy D wp\u0142ywaj\u0105 na zdrowie w XXI wieku i dowiedz si\u0119, jak skutecznie im zapobiega\u0107. Sprawd\u017a teraz!","og_url":"https:\/\/darzdrowia.pl\/ciekawostki\/niedobory-witaminy-d-problem-xxi-wieku\/","og_site_name":"Dar Zdrowia Drogeria - Blog","article_publisher":"https:\/\/www.facebook.com\/profile.php?id=100063606935396","article_published_time":"2025-01-21T11:24:38+00:00","author":"funkymedia","twitter_card":"summary_large_image","twitter_misc":{"Napisane przez":"funkymedia","Szacowany czas czytania":"4 minuty"},"schema":{"@context":"https:\/\/schema.org","@graph":[{"@type":"Article","@id":"https:\/\/darzdrowia.pl\/ciekawostki\/niedobory-witaminy-d-problem-xxi-wieku\/#article","isPartOf":{"@id":"https:\/\/darzdrowia.pl\/ciekawostki\/niedobory-witaminy-d-problem-xxi-wieku\/"},"author":{"name":"funkymedia","@id":"https:\/\/darzdrowia.pl\/ciekawostki\/#\/schema\/person\/e75579d624630bf943ac69d374bb928e"},"headline":"Niedobory witaminy D \u2013 problem XXI wieku","datePublished":"2025-01-21T11:24:38+00:00","dateModified":"2025-01-21T11:24:38+00:00","mainEntityOfPage":{"@id":"https:\/\/darzdrowia.pl\/ciekawostki\/niedobory-witaminy-d-problem-xxi-wieku\/"},"wordCount":838,"publisher":{"@id":"https:\/\/darzdrowia.pl\/ciekawostki\/#organization"},"inLanguage":"pl-PL"},{"@type":"WebPage","@id":"https:\/\/darzdrowia.pl\/ciekawostki\/niedobory-witaminy-d-problem-xxi-wieku\/","url":"https:\/\/darzdrowia.pl\/ciekawostki\/niedobory-witaminy-d-problem-xxi-wieku\/","name":"Niedobory witaminy D \u2013 problem XXI wieku","isPartOf":{"@id":"https:\/\/darzdrowia.pl\/ciekawostki\/#website"},"datePublished":"2025-01-21T11:24:38+00:00","dateModified":"2025-01-21T11:24:38+00:00","description":"Odkryj, jak niedobory witaminy D wp\u0142ywaj\u0105 na zdrowie w XXI wieku i dowiedz si\u0119, jak skutecznie im zapobiega\u0107. Sprawd\u017a teraz!","breadcrumb":{"@id":"https:\/\/darzdrowia.pl\/ciekawostki\/niedobory-witaminy-d-problem-xxi-wieku\/#breadcrumb"},"inLanguage":"pl-PL","potentialAction":[{"@type":"ReadAction","target":["https:\/\/darzdrowia.pl\/ciekawostki\/niedobory-witaminy-d-problem-xxi-wieku\/"]}]},{"@type":"BreadcrumbList","@id":"https:\/\/darzdrowia.pl\/ciekawostki\/niedobory-witaminy-d-problem-xxi-wieku\/#breadcrumb","itemListElement":[{"@type":"ListItem","position":1,"name":"Strona g\u0142\u00f3wna","item":"https:\/\/darzdrowia.pl\/ciekawostki\/"},{"@type":"ListItem","position":2,"name":"Niedobory witaminy D \u2013 problem XXI wieku"}]},{"@type":"WebSite","@id":"https:\/\/darzdrowia.pl\/ciekawostki\/#website","url":"https:\/\/darzdrowia.pl\/ciekawostki\/","name":"Dar Zdrowia Drogeria - Blog","description":"","publisher":{"@id":"https:\/\/darzdrowia.pl\/ciekawostki\/#organization"},"potentialAction":[{"@type":"SearchAction","target":{"@type":"EntryPoint","urlTemplate":"https:\/\/darzdrowia.pl\/ciekawostki\/?s={search_term_string}"},"query-input":"required name=search_term_string"}],"inLanguage":"pl-PL"},{"@type":"Organization","@id":"https:\/\/darzdrowia.pl\/ciekawostki\/#organization","name":"Dar Zdrowia Drogeria - Blog","url":"https:\/\/darzdrowia.pl\/ciekawostki\/","logo":{"@type":"ImageObject","inLanguage":"pl-PL","@id":"https:\/\/darzdrowia.pl\/ciekawostki\/#\/schema\/logo\/image\/","url":"https:\/\/darzdrowia.pl\/ciekawostki\/wp-content\/uploads\/2023\/11\/logo-darzdrowia.webp","contentUrl":"https:\/\/darzdrowia.pl\/ciekawostki\/wp-content\/uploads\/2023\/11\/logo-darzdrowia.webp","width":744,"height":225,"caption":"Dar Zdrowia Drogeria - Blog"},"image":{"@id":"https:\/\/darzdrowia.pl\/ciekawostki\/#\/schema\/logo\/image\/"},"sameAs":["https:\/\/www.facebook.com\/profile.php?id=100063606935396"]},{"@type":"Person","@id":"https:\/\/darzdrowia.pl\/ciekawostki\/#\/schema\/person\/e75579d624630bf943ac69d374bb928e","name":"funkymedia","image":{"@type":"ImageObject","inLanguage":"pl-PL","@id":"https:\/\/darzdrowia.pl\/ciekawostki\/#\/schema\/person\/image\/","url":"https:\/\/secure.gravatar.com\/avatar\/393cb205b658aef6e3271ad5a92265e3e4433d2384bbe95524ba160d5bc20299?s=96&d=mm&r=g","contentUrl":"https:\/\/secure.gravatar.com\/avatar\/393cb205b658aef6e3271ad5a92265e3e4433d2384bbe95524ba160d5bc20299?s=96&d=mm&r=g","caption":"funkymedia"},"sameAs":["https:\/\/darzdrowia.pl\/ciekawostki"],"url":"https:\/\/darzdrowia.pl\/ciekawostki\/author\/funkymedia\/"}]}},"_links":{"self":[{"href":"https:\/\/darzdrowia.pl\/ciekawostki\/wp-json\/wp\/v2\/posts\/7211","targetHints":{"allow":["GET"]}}],"collection":[{"href":"https:\/\/darzdrowia.pl\/ciekawostki\/wp-json\/wp\/v2\/posts"}],"about":[{"href":"https:\/\/darzdrowia.pl\/ciekawostki\/wp-json\/wp\/v2\/types\/post"}],"author":[{"embeddable":true,"href":"https:\/\/darzdrowia.pl\/ciekawostki\/wp-json\/wp\/v2\/users\/1"}],"replies":[{"embeddable":true,"href":"https:\/\/darzdrowia.pl\/ciekawostki\/wp-json\/wp\/v2\/comments?post=7211"}],"version-history":[{"count":0,"href":"https:\/\/darzdrowia.pl\/ciekawostki\/wp-json\/wp\/v2\/posts\/7211\/revisions"}],"wp:attachment":[{"href":"https:\/\/darzdrowia.pl\/ciekawostki\/wp-json\/wp\/v2\/media?parent=7211"}],"wp:term":[{"taxonomy":"category","embeddable":true,"href":"https:\/\/darzdrowia.pl\/ciekawostki\/wp-json\/wp\/v2\/categories?post=7211"},{"taxonomy":"post_tag","embeddable":true,"href":"https:\/\/darzdrowia.pl\/ciekawostki\/wp-json\/wp\/v2\/tags?post=7211"}],"curies":[{"name":"wp","href":"https:\/\/api.w.org\/{rel}","templated":true}]}}