{"id":7181,"date":"2025-01-21T12:14:40","date_gmt":"2025-01-21T11:14:40","guid":{"rendered":"https:\/\/darzdrowia.pl\/ciekawostki\/czy-witamina-d-jest-potrzebna-przez-caly-rok\/"},"modified":"2025-01-21T12:14:40","modified_gmt":"2025-01-21T11:14:40","slug":"czy-witamina-d-jest-potrzebna-przez-caly-rok","status":"publish","type":"post","link":"https:\/\/darzdrowia.pl\/ciekawostki\/czy-witamina-d-jest-potrzebna-przez-caly-rok\/","title":{"rendered":"Czy witamina D jest potrzebna przez ca\u0142y rok?"},"content":{"rendered":"\n<p>Witamina D, cz\u0119sto nazywana \u201ewitamin\u0105 s\u0142o\u0144ca\u201d, odgrywa kluczow\u0105 rol\u0119 w utrzymaniu zdrowia cz\u0142owieka. Jest niezb\u0119dna dla prawid\u0142owego funkcjonowania uk\u0142adu kostnego, odporno\u015bciowego oraz nerwowego. W krajach o zmiennym klimacie, takich jak Polska, nasuwa si\u0119 pytanie: czy suplementacja witaminy D jest konieczna przez ca\u0142y rok? W okresie letnim, kiedy ekspozycja na s\u0142o\u0144ce jest wi\u0119ksza, organizm ludzki ma zdolno\u015b\u0107 do naturalnej syntezy tej witaminy. Jednak w miesi\u0105cach jesienno-zimowych, gdy dni s\u0105 kr\u00f3tsze i mniej s\u0142oneczne, poziom witaminy D w organizmie mo\u017ce si\u0119 obni\u017ca\u0107. Wprowadzenie to ma na celu zbadanie potrzeby ca\u0142orocznej suplementacji witaminy D oraz jej wp\u0142ywu na zdrowie w kontek\u015bcie zmieniaj\u0105cych si\u0119 warunk\u00f3w klimatycznych i stylu \u017cycia wsp\u00f3\u0142czesnych ludzi.<\/p>\n\n\n\n<h2 class=\"wp-block-heading\">Ca\u0142oroczna suplementacja witaminy D: Czy to naprawd\u0119 konieczne?<\/h2>\n\n\n\n<p>Suplementacja witaminy D jest cz\u0119sto zalecana, zw\u0142aszcza w krajach o ograniczonym nas\u0142onecznieniu. Witamina D odgrywa kluczow\u0105 rol\u0119 w utrzymaniu zdrowia ko\u015bci i uk\u0142adu odporno\u015bciowego. W okresie jesienno-zimowym, kiedy ekspozycja na s\u0142o\u0144ce jest ograniczona, suplementacja mo\u017ce by\u0107 konieczna. Jednak\u017ce, ca\u0142oroczna suplementacja powinna by\u0107 dostosowana do indywidualnych potrzeb i poziomu witaminy D we krwi. Zaleca si\u0119 konsultacj\u0119 z lekarzem przed rozpocz\u0119ciem suplementacji, aby unikn\u0105\u0107 potencjalnego przedawkowania i zwi\u0105zanych z tym skutk\u00f3w ubocznych.<\/p>\n\n\n\n<h2 class=\"wp-block-heading\">Wp\u0142yw p\u00f3r roku na poziom witaminy D w organizmie: Kiedy warto j\u0105 suplementowa\u0107?<\/h2>\n\n\n\n<p>Poziom witaminy D w organizmie jest \u015bci\u015ble zwi\u0105zany z ekspozycj\u0105 na promieniowanie s\u0142oneczne. W miesi\u0105cach letnich, od maja do wrze\u015bnia, synteza sk\u00f3rna witaminy D jest zazwyczaj wystarczaj\u0105ca dzi\u0119ki wi\u0119kszej ilo\u015bci \u015bwiat\u0142a s\u0142onecznego. W okresie jesienno-zimowym, od pa\u017adziernika do kwietnia, ilo\u015b\u0107 promieniowania UVB docieraj\u0105cego do powierzchni ziemi jest znacznie mniejsza, co ogranicza naturaln\u0105 produkcj\u0119 tej witaminy.<\/p>\n\n\n\n<p>W zwi\u0105zku z tym zaleca si\u0119 rozwa\u017cenie suplementacji witaminy D w miesi\u0105cach o ograniczonej ekspozycji na s\u0142o\u0144ce. Szczeg\u00f3lnie osoby starsze, dzieci oraz osoby o ciemniejszej karnacji mog\u0105 wymaga\u0107 dodatkowej suplementacji przez ca\u0142y rok. Przed rozpocz\u0119ciem suplementacji warto skonsultowa\u0107 si\u0119 z lekarzem w celu ustalenia odpowiedniej dawki.<\/p>\n\n\n\n<h2 class=\"wp-block-heading\">Witamina D a zdrowie: Jak zmienia si\u0119 zapotrzebowanie na t\u0119 witamin\u0119 w r\u00f3\u017cnych miesi\u0105cach roku?<\/h2>\n\n\n\n<p>Zapotrzebowanie na witamin\u0119 D zmienia si\u0119 w zale\u017cno\u015bci od pory roku, g\u0142\u00f3wnie ze wzgl\u0119du na r\u00f3\u017cnice w nas\u0142onecznieniu. W miesi\u0105cach letnich, kiedy s\u0142o\u0144ce jest intensywniejsze, organizm mo\u017ce syntetyzowa\u0107 wi\u0119cej witaminy D poprzez sk\u00f3r\u0119. W Polsce, od maja do wrze\u015bnia, ekspozycja na s\u0142o\u0144ce przez 15-20 minut dziennie zazwyczaj wystarcza do pokrycia zapotrzebowania. W miesi\u0105cach jesienno-zimowych (od pa\u017adziernika do kwietnia) nas\u0142onecznienie jest znacznie mniejsze, co mo\u017ce prowadzi\u0107 do niedobor\u00f3w. W tym okresie zaleca si\u0119 suplementacj\u0119 witaminy D, zw\u0142aszcza dla os\u00f3b z ograniczon\u0105 ekspozycj\u0105 na s\u0142o\u0144ce oraz dla grup ryzyka, takich jak osoby starsze czy dzieci. Suplementacja powinna by\u0107 dostosowana indywidualnie i najlepiej konsultowana z lekarzem.<\/p>\n\n\n\n<p>Witamina D odgrywa kluczow\u0105 rol\u0119 w utrzymaniu zdrowia organizmu, wp\u0142ywaj\u0105c na uk\u0142ad kostny, odporno\u015bciowy oraz og\u00f3ln\u0105 kondycj\u0119 fizyczn\u0105 i psychiczn\u0105. W krajach o umiarkowanym klimacie, takich jak Polska, synteza sk\u00f3rna witaminy D jest ograniczona w miesi\u0105cach jesienno-zimowych z powodu niewystarczaj\u0105cej ekspozycji na s\u0142o\u0144ce. Dlatego suplementacja witaminy D w tym okresie jest cz\u0119sto zalecana przez specjalist\u00f3w. Jednak\u017ce, nawet latem nie wszyscy s\u0105 w stanie zapewni\u0107 sobie odpowiedni\u0105 dawk\u0119 tej witaminy ze wzgl\u0119du na styl \u017cycia czy stosowanie filtr\u00f3w przeciws\u0142onecznych. Z tego powodu warto rozwa\u017cy\u0107 ca\u0142oroczne monitorowanie poziomu witaminy D i dostosowywanie jej suplementacji do indywidualnych potrzeb organizmu. Regularne badania krwi mog\u0105 pom\u00f3c w utrzymaniu optymalnego poziomu tej wa\u017cnej substancji, co przyczyni si\u0119 do lepszego zdrowia i samopoczucia przez ca\u0142y rok.<\/p>\n","protected":false},"excerpt":{"rendered":"<p>Witamina D, cz\u0119sto nazywana \u201ewitamin\u0105 s\u0142o\u0144ca\u201d, odgrywa kluczow\u0105 rol\u0119 w utrzymaniu zdrowia cz\u0142owieka. Jest niezb\u0119dna dla prawid\u0142owego funkcjonowania uk\u0142adu kostnego, odporno\u015bciowego oraz nerwowego. W krajach o zmiennym klimacie, takich jak Polska, nasuwa si\u0119 pytanie: czy suplementacja witaminy D jest konieczna przez ca\u0142y rok? W okresie letnim, kiedy ekspozycja na s\u0142o\u0144ce jest wi\u0119ksza, organizm ludzki ma [&hellip;]<\/p>\n","protected":false},"author":1,"featured_media":0,"comment_status":"","ping_status":"open","sticky":false,"template":"","format":"standard","meta":{"footnotes":""},"categories":[1],"tags":[],"class_list":["post-7181","post","type-post","status-publish","format-standard","hentry","category-bez-kategorii"],"fm_meta_title":"Czy witamina D jest potrzebna przez ca\u0142y rok?","fm_meta_description":"Dowiedz si\u0119, czy witamina D jest niezb\u0119dna przez ca\u0142y rok. Odkryj korzy\u015bci i zalecenia dotycz\u0105ce suplementacji w r\u00f3\u017cnych porach roku!","yoast_head":"<!-- This site is optimized with the Yoast SEO plugin v21.5 - https:\/\/yoast.com\/wordpress\/plugins\/seo\/ -->\n<title>Czy witamina D jest potrzebna przez ca\u0142y rok?<\/title>\n<meta name=\"description\" content=\"Dowiedz si\u0119, czy witamina D jest niezb\u0119dna przez ca\u0142y rok. Odkryj korzy\u015bci i zalecenia dotycz\u0105ce suplementacji w r\u00f3\u017cnych porach roku!\" \/>\n<meta name=\"robots\" content=\"index, follow, max-snippet:-1, max-image-preview:large, max-video-preview:-1\" \/>\n<link rel=\"canonical\" href=\"https:\/\/darzdrowia.pl\/ciekawostki\/czy-witamina-d-jest-potrzebna-przez-caly-rok\/\" \/>\n<meta property=\"og:locale\" content=\"pl_PL\" \/>\n<meta property=\"og:type\" content=\"article\" \/>\n<meta property=\"og:title\" content=\"Czy witamina D jest potrzebna przez ca\u0142y rok?\" \/>\n<meta property=\"og:description\" content=\"Dowiedz si\u0119, czy witamina D jest niezb\u0119dna przez ca\u0142y rok. Odkryj korzy\u015bci i zalecenia dotycz\u0105ce suplementacji w r\u00f3\u017cnych porach roku!\" \/>\n<meta property=\"og:url\" content=\"https:\/\/darzdrowia.pl\/ciekawostki\/czy-witamina-d-jest-potrzebna-przez-caly-rok\/\" \/>\n<meta property=\"og:site_name\" content=\"Dar Zdrowia Drogeria - Blog\" \/>\n<meta property=\"article:publisher\" content=\"https:\/\/www.facebook.com\/profile.php?id=100063606935396\" \/>\n<meta property=\"article:published_time\" content=\"2025-01-21T11:14:40+00:00\" \/>\n<meta name=\"author\" content=\"funkymedia\" \/>\n<meta name=\"twitter:card\" content=\"summary_large_image\" \/>\n<meta name=\"twitter:label1\" content=\"Napisane przez\" \/>\n\t<meta name=\"twitter:data1\" content=\"funkymedia\" \/>\n\t<meta name=\"twitter:label2\" content=\"Szacowany czas czytania\" \/>\n\t<meta name=\"twitter:data2\" content=\"3 minuty\" \/>\n<script type=\"application\/ld+json\" class=\"yoast-schema-graph\">{\"@context\":\"https:\/\/schema.org\",\"@graph\":[{\"@type\":\"Article\",\"@id\":\"https:\/\/darzdrowia.pl\/ciekawostki\/czy-witamina-d-jest-potrzebna-przez-caly-rok\/#article\",\"isPartOf\":{\"@id\":\"https:\/\/darzdrowia.pl\/ciekawostki\/czy-witamina-d-jest-potrzebna-przez-caly-rok\/\"},\"author\":{\"name\":\"funkymedia\",\"@id\":\"https:\/\/darzdrowia.pl\/ciekawostki\/#\/schema\/person\/e75579d624630bf943ac69d374bb928e\"},\"headline\":\"Czy witamina D jest potrzebna przez ca\u0142y rok?\",\"datePublished\":\"2025-01-21T11:14:40+00:00\",\"dateModified\":\"2025-01-21T11:14:40+00:00\",\"mainEntityOfPage\":{\"@id\":\"https:\/\/darzdrowia.pl\/ciekawostki\/czy-witamina-d-jest-potrzebna-przez-caly-rok\/\"},\"wordCount\":654,\"publisher\":{\"@id\":\"https:\/\/darzdrowia.pl\/ciekawostki\/#organization\"},\"inLanguage\":\"pl-PL\"},{\"@type\":\"WebPage\",\"@id\":\"https:\/\/darzdrowia.pl\/ciekawostki\/czy-witamina-d-jest-potrzebna-przez-caly-rok\/\",\"url\":\"https:\/\/darzdrowia.pl\/ciekawostki\/czy-witamina-d-jest-potrzebna-przez-caly-rok\/\",\"name\":\"Czy witamina D jest potrzebna przez ca\u0142y rok?\",\"isPartOf\":{\"@id\":\"https:\/\/darzdrowia.pl\/ciekawostki\/#website\"},\"datePublished\":\"2025-01-21T11:14:40+00:00\",\"dateModified\":\"2025-01-21T11:14:40+00:00\",\"description\":\"Dowiedz si\u0119, czy witamina D jest niezb\u0119dna przez ca\u0142y rok. Odkryj korzy\u015bci i zalecenia dotycz\u0105ce suplementacji w r\u00f3\u017cnych porach roku!\",\"breadcrumb\":{\"@id\":\"https:\/\/darzdrowia.pl\/ciekawostki\/czy-witamina-d-jest-potrzebna-przez-caly-rok\/#breadcrumb\"},\"inLanguage\":\"pl-PL\",\"potentialAction\":[{\"@type\":\"ReadAction\",\"target\":[\"https:\/\/darzdrowia.pl\/ciekawostki\/czy-witamina-d-jest-potrzebna-przez-caly-rok\/\"]}]},{\"@type\":\"BreadcrumbList\",\"@id\":\"https:\/\/darzdrowia.pl\/ciekawostki\/czy-witamina-d-jest-potrzebna-przez-caly-rok\/#breadcrumb\",\"itemListElement\":[{\"@type\":\"ListItem\",\"position\":1,\"name\":\"Strona g\u0142\u00f3wna\",\"item\":\"https:\/\/darzdrowia.pl\/ciekawostki\/\"},{\"@type\":\"ListItem\",\"position\":2,\"name\":\"Czy witamina D jest potrzebna przez ca\u0142y rok?\"}]},{\"@type\":\"WebSite\",\"@id\":\"https:\/\/darzdrowia.pl\/ciekawostki\/#website\",\"url\":\"https:\/\/darzdrowia.pl\/ciekawostki\/\",\"name\":\"Dar Zdrowia Drogeria - Blog\",\"description\":\"\",\"publisher\":{\"@id\":\"https:\/\/darzdrowia.pl\/ciekawostki\/#organization\"},\"potentialAction\":[{\"@type\":\"SearchAction\",\"target\":{\"@type\":\"EntryPoint\",\"urlTemplate\":\"https:\/\/darzdrowia.pl\/ciekawostki\/?s={search_term_string}\"},\"query-input\":\"required name=search_term_string\"}],\"inLanguage\":\"pl-PL\"},{\"@type\":\"Organization\",\"@id\":\"https:\/\/darzdrowia.pl\/ciekawostki\/#organization\",\"name\":\"Dar Zdrowia Drogeria - Blog\",\"url\":\"https:\/\/darzdrowia.pl\/ciekawostki\/\",\"logo\":{\"@type\":\"ImageObject\",\"inLanguage\":\"pl-PL\",\"@id\":\"https:\/\/darzdrowia.pl\/ciekawostki\/#\/schema\/logo\/image\/\",\"url\":\"https:\/\/darzdrowia.pl\/ciekawostki\/wp-content\/uploads\/2023\/11\/logo-darzdrowia.webp\",\"contentUrl\":\"https:\/\/darzdrowia.pl\/ciekawostki\/wp-content\/uploads\/2023\/11\/logo-darzdrowia.webp\",\"width\":744,\"height\":225,\"caption\":\"Dar Zdrowia Drogeria - Blog\"},\"image\":{\"@id\":\"https:\/\/darzdrowia.pl\/ciekawostki\/#\/schema\/logo\/image\/\"},\"sameAs\":[\"https:\/\/www.facebook.com\/profile.php?id=100063606935396\"]},{\"@type\":\"Person\",\"@id\":\"https:\/\/darzdrowia.pl\/ciekawostki\/#\/schema\/person\/e75579d624630bf943ac69d374bb928e\",\"name\":\"funkymedia\",\"image\":{\"@type\":\"ImageObject\",\"inLanguage\":\"pl-PL\",\"@id\":\"https:\/\/darzdrowia.pl\/ciekawostki\/#\/schema\/person\/image\/\",\"url\":\"https:\/\/secure.gravatar.com\/avatar\/393cb205b658aef6e3271ad5a92265e3e4433d2384bbe95524ba160d5bc20299?s=96&d=mm&r=g\",\"contentUrl\":\"https:\/\/secure.gravatar.com\/avatar\/393cb205b658aef6e3271ad5a92265e3e4433d2384bbe95524ba160d5bc20299?s=96&d=mm&r=g\",\"caption\":\"funkymedia\"},\"sameAs\":[\"https:\/\/darzdrowia.pl\/ciekawostki\"],\"url\":\"https:\/\/darzdrowia.pl\/ciekawostki\/author\/funkymedia\/\"}]}<\/script>\n<!-- \/ Yoast SEO plugin. -->","yoast_head_json":{"title":"Czy witamina D jest potrzebna przez ca\u0142y rok?","description":"Dowiedz si\u0119, czy witamina D jest niezb\u0119dna przez ca\u0142y rok. Odkryj korzy\u015bci i zalecenia dotycz\u0105ce suplementacji w r\u00f3\u017cnych porach roku!","robots":{"index":"index","follow":"follow","max-snippet":"max-snippet:-1","max-image-preview":"max-image-preview:large","max-video-preview":"max-video-preview:-1"},"canonical":"https:\/\/darzdrowia.pl\/ciekawostki\/czy-witamina-d-jest-potrzebna-przez-caly-rok\/","og_locale":"pl_PL","og_type":"article","og_title":"Czy witamina D jest potrzebna przez ca\u0142y rok?","og_description":"Dowiedz si\u0119, czy witamina D jest niezb\u0119dna przez ca\u0142y rok. Odkryj korzy\u015bci i zalecenia dotycz\u0105ce suplementacji w r\u00f3\u017cnych porach roku!","og_url":"https:\/\/darzdrowia.pl\/ciekawostki\/czy-witamina-d-jest-potrzebna-przez-caly-rok\/","og_site_name":"Dar Zdrowia Drogeria - Blog","article_publisher":"https:\/\/www.facebook.com\/profile.php?id=100063606935396","article_published_time":"2025-01-21T11:14:40+00:00","author":"funkymedia","twitter_card":"summary_large_image","twitter_misc":{"Napisane przez":"funkymedia","Szacowany czas czytania":"3 minuty"},"schema":{"@context":"https:\/\/schema.org","@graph":[{"@type":"Article","@id":"https:\/\/darzdrowia.pl\/ciekawostki\/czy-witamina-d-jest-potrzebna-przez-caly-rok\/#article","isPartOf":{"@id":"https:\/\/darzdrowia.pl\/ciekawostki\/czy-witamina-d-jest-potrzebna-przez-caly-rok\/"},"author":{"name":"funkymedia","@id":"https:\/\/darzdrowia.pl\/ciekawostki\/#\/schema\/person\/e75579d624630bf943ac69d374bb928e"},"headline":"Czy witamina D jest potrzebna przez ca\u0142y rok?","datePublished":"2025-01-21T11:14:40+00:00","dateModified":"2025-01-21T11:14:40+00:00","mainEntityOfPage":{"@id":"https:\/\/darzdrowia.pl\/ciekawostki\/czy-witamina-d-jest-potrzebna-przez-caly-rok\/"},"wordCount":654,"publisher":{"@id":"https:\/\/darzdrowia.pl\/ciekawostki\/#organization"},"inLanguage":"pl-PL"},{"@type":"WebPage","@id":"https:\/\/darzdrowia.pl\/ciekawostki\/czy-witamina-d-jest-potrzebna-przez-caly-rok\/","url":"https:\/\/darzdrowia.pl\/ciekawostki\/czy-witamina-d-jest-potrzebna-przez-caly-rok\/","name":"Czy witamina D jest potrzebna przez ca\u0142y rok?","isPartOf":{"@id":"https:\/\/darzdrowia.pl\/ciekawostki\/#website"},"datePublished":"2025-01-21T11:14:40+00:00","dateModified":"2025-01-21T11:14:40+00:00","description":"Dowiedz si\u0119, czy witamina D jest niezb\u0119dna przez ca\u0142y rok. Odkryj korzy\u015bci i zalecenia dotycz\u0105ce suplementacji w r\u00f3\u017cnych porach roku!","breadcrumb":{"@id":"https:\/\/darzdrowia.pl\/ciekawostki\/czy-witamina-d-jest-potrzebna-przez-caly-rok\/#breadcrumb"},"inLanguage":"pl-PL","potentialAction":[{"@type":"ReadAction","target":["https:\/\/darzdrowia.pl\/ciekawostki\/czy-witamina-d-jest-potrzebna-przez-caly-rok\/"]}]},{"@type":"BreadcrumbList","@id":"https:\/\/darzdrowia.pl\/ciekawostki\/czy-witamina-d-jest-potrzebna-przez-caly-rok\/#breadcrumb","itemListElement":[{"@type":"ListItem","position":1,"name":"Strona g\u0142\u00f3wna","item":"https:\/\/darzdrowia.pl\/ciekawostki\/"},{"@type":"ListItem","position":2,"name":"Czy witamina D jest potrzebna przez ca\u0142y rok?"}]},{"@type":"WebSite","@id":"https:\/\/darzdrowia.pl\/ciekawostki\/#website","url":"https:\/\/darzdrowia.pl\/ciekawostki\/","name":"Dar Zdrowia Drogeria - Blog","description":"","publisher":{"@id":"https:\/\/darzdrowia.pl\/ciekawostki\/#organization"},"potentialAction":[{"@type":"SearchAction","target":{"@type":"EntryPoint","urlTemplate":"https:\/\/darzdrowia.pl\/ciekawostki\/?s={search_term_string}"},"query-input":"required name=search_term_string"}],"inLanguage":"pl-PL"},{"@type":"Organization","@id":"https:\/\/darzdrowia.pl\/ciekawostki\/#organization","name":"Dar Zdrowia Drogeria - Blog","url":"https:\/\/darzdrowia.pl\/ciekawostki\/","logo":{"@type":"ImageObject","inLanguage":"pl-PL","@id":"https:\/\/darzdrowia.pl\/ciekawostki\/#\/schema\/logo\/image\/","url":"https:\/\/darzdrowia.pl\/ciekawostki\/wp-content\/uploads\/2023\/11\/logo-darzdrowia.webp","contentUrl":"https:\/\/darzdrowia.pl\/ciekawostki\/wp-content\/uploads\/2023\/11\/logo-darzdrowia.webp","width":744,"height":225,"caption":"Dar Zdrowia Drogeria - Blog"},"image":{"@id":"https:\/\/darzdrowia.pl\/ciekawostki\/#\/schema\/logo\/image\/"},"sameAs":["https:\/\/www.facebook.com\/profile.php?id=100063606935396"]},{"@type":"Person","@id":"https:\/\/darzdrowia.pl\/ciekawostki\/#\/schema\/person\/e75579d624630bf943ac69d374bb928e","name":"funkymedia","image":{"@type":"ImageObject","inLanguage":"pl-PL","@id":"https:\/\/darzdrowia.pl\/ciekawostki\/#\/schema\/person\/image\/","url":"https:\/\/secure.gravatar.com\/avatar\/393cb205b658aef6e3271ad5a92265e3e4433d2384bbe95524ba160d5bc20299?s=96&d=mm&r=g","contentUrl":"https:\/\/secure.gravatar.com\/avatar\/393cb205b658aef6e3271ad5a92265e3e4433d2384bbe95524ba160d5bc20299?s=96&d=mm&r=g","caption":"funkymedia"},"sameAs":["https:\/\/darzdrowia.pl\/ciekawostki"],"url":"https:\/\/darzdrowia.pl\/ciekawostki\/author\/funkymedia\/"}]}},"_links":{"self":[{"href":"https:\/\/darzdrowia.pl\/ciekawostki\/wp-json\/wp\/v2\/posts\/7181","targetHints":{"allow":["GET"]}}],"collection":[{"href":"https:\/\/darzdrowia.pl\/ciekawostki\/wp-json\/wp\/v2\/posts"}],"about":[{"href":"https:\/\/darzdrowia.pl\/ciekawostki\/wp-json\/wp\/v2\/types\/post"}],"author":[{"embeddable":true,"href":"https:\/\/darzdrowia.pl\/ciekawostki\/wp-json\/wp\/v2\/users\/1"}],"replies":[{"embeddable":true,"href":"https:\/\/darzdrowia.pl\/ciekawostki\/wp-json\/wp\/v2\/comments?post=7181"}],"version-history":[{"count":0,"href":"https:\/\/darzdrowia.pl\/ciekawostki\/wp-json\/wp\/v2\/posts\/7181\/revisions"}],"wp:attachment":[{"href":"https:\/\/darzdrowia.pl\/ciekawostki\/wp-json\/wp\/v2\/media?parent=7181"}],"wp:term":[{"taxonomy":"category","embeddable":true,"href":"https:\/\/darzdrowia.pl\/ciekawostki\/wp-json\/wp\/v2\/categories?post=7181"},{"taxonomy":"post_tag","embeddable":true,"href":"https:\/\/darzdrowia.pl\/ciekawostki\/wp-json\/wp\/v2\/tags?post=7181"}],"curies":[{"name":"wp","href":"https:\/\/api.w.org\/{rel}","templated":true}]}}