{"id":7011,"date":"2024-12-05T22:33:32","date_gmt":"2024-12-05T21:33:32","guid":{"rendered":"https:\/\/darzdrowia.pl\/ciekawostki\/emolienty-do-wlosow-po-keratynowym-prostowaniu-koniecznosc-czy-wybor\/"},"modified":"2024-12-05T22:33:32","modified_gmt":"2024-12-05T21:33:32","slug":"emolienty-do-wlosow-po-keratynowym-prostowaniu-koniecznosc-czy-wybor","status":"publish","type":"post","link":"https:\/\/darzdrowia.pl\/ciekawostki\/emolienty-do-wlosow-po-keratynowym-prostowaniu-koniecznosc-czy-wybor\/","title":{"rendered":"Emolienty do w\u0142os\u00f3w po keratynowym prostowaniu \u2013 konieczno\u015b\u0107 czy wyb\u00f3r?"},"content":{"rendered":"\n<p>Keratynowe prostowanie w\u0142os\u00f3w to popularny zabieg, kt\u00f3ry ma na celu wyg\u0142adzenie i nadanie blasku niesfornym kosmykom. Dzi\u0119ki niemu w\u0142osy staj\u0105 si\u0119 bardziej l\u015bni\u0105ce, proste i \u0142atwiejsze w codziennej piel\u0119gnacji. Jednak po przeprowadzeniu tego zabiegu, kluczowe jest odpowiednie dbanie o w\u0142osy, aby utrzyma\u0107 efekty jak najd\u0142u\u017cej. W tym kontek\u015bcie pojawia si\u0119 pytanie: czy stosowanie emolient\u00f3w do w\u0142os\u00f3w po keratynowym prostowaniu jest konieczno\u015bci\u0105, czy jedynie opcjonalnym wyborem? Emolienty, znane ze swoich w\u0142a\u015bciwo\u015bci nawil\u017caj\u0105cych i ochronnych, mog\u0105 odgrywa\u0107 istotn\u0105 rol\u0119 w piel\u0119gnacji w\u0142os\u00f3w po takim zabiegu. W niniejszym artykule przyjrzymy si\u0119 bli\u017cej roli emolient\u00f3w w piel\u0119gnacji w\u0142os\u00f3w po keratynowym prostowaniu oraz zastanowimy si\u0119, czy ich stosowanie jest niezb\u0119dne dla utrzymania zdrowego wygl\u0105du i kondycji w\u0142os\u00f3w.<\/p>\n\n\n\n<h2 class=\"wp-block-heading\">Emolienty po keratynowym prostowaniu: Klucz do d\u0142ugotrwa\u0142ego efektu g\u0142adkich w\u0142os\u00f3w<\/h2>\n\n\n\n<p>Emolienty odgrywaj\u0105 kluczow\u0105 rol\u0119 w piel\u0119gnacji w\u0142os\u00f3w po keratynowym prostowaniu. Zabieg ten wyg\u0142adza w\u0142osy, ale mo\u017ce prowadzi\u0107 do ich przesuszenia. Emolienty pomagaj\u0105 utrzyma\u0107 nawil\u017cenie, tworz\u0105c ochronn\u0105 warstw\u0119 na powierzchni w\u0142osa. Dzi\u0119ki temu w\u0142osy pozostaj\u0105 g\u0142adkie i l\u015bni\u0105ce przez d\u0142u\u017cszy czas. Regularne stosowanie emolient\u00f3w zapobiega puszeniu si\u0119 i \u0142amliwo\u015bci, co jest istotne dla zachowania efektu zabiegu. Wybieraj\u0105c odpowiednie produkty, warto zwr\u00f3ci\u0107 uwag\u0119 na sk\u0142adniki takie jak oleje naturalne czy mas\u0142a ro\u015blinne, kt\u00f3re intensywnie od\u017cywiaj\u0105 i chroni\u0105 w\u0142osy.<\/p>\n\n\n\n<h2 class=\"wp-block-heading\">Czy emolienty s\u0105 niezb\u0119dne po keratynowym prostowaniu? Analiza korzy\u015bci i potencjalnych zagro\u017ce\u0144<\/h2>\n\n\n\n<p>Emolienty po keratynowym prostowaniu w\u0142os\u00f3w mog\u0105 by\u0107 korzystne, ale nie s\u0105 absolutnie niezb\u0119dne. Keratynowe prostowanie ma na celu wyg\u0142adzenie i od\u017cywienie w\u0142os\u00f3w poprzez wprowadzenie keratyny, co mo\u017ce zmniejsza\u0107 potrzeb\u0119 dodatkowego nawil\u017cania. Jednak stosowanie emolient\u00f3w mo\u017ce pom\u00f3c w utrzymaniu efektu zabiegu, zapobiegaj\u0105c przesuszeniu i \u0142amliwo\u015bci w\u0142os\u00f3w.<\/p>\n\n\n\n<p>Korzy\u015bci z u\u017cywania emolient\u00f3w obejmuj\u0105 dodatkow\u0105 ochron\u0119 przed czynnikami zewn\u0119trznymi, takimi jak promieniowanie UV czy zanieczyszczenia. Emolienty mog\u0105 r\u00f3wnie\u017c wspiera\u0107 elastyczno\u015b\u0107 i mi\u0119kko\u015b\u0107 w\u0142os\u00f3w, co jest istotne po zabiegach chemicznych.<\/p>\n\n\n\n<p>Potencjalne zagro\u017cenia zwi\u0105zane z nadmiernym stosowaniem emolient\u00f3w to obci\u0105\u017cenie w\u0142os\u00f3w, co mo\u017ce prowadzi\u0107 do utraty obj\u0119to\u015bci i przet\u0142uszczania si\u0119 sk\u00f3ry g\u0142owy. Wa\u017cne jest dobranie odpowiednich produkt\u00f3w do typu w\u0142os\u00f3w oraz ich stanu po zabiegu.<\/p>\n\n\n\n<p>Podsumowuj\u0105c, cho\u0107 emolienty nie s\u0105 konieczne po keratynowym prostowaniu, mog\u0105 wspiera\u0107 zdrowie i wygl\u0105d w\u0142os\u00f3w przy odpowiednim stosowaniu.<\/p>\n\n\n\n<h2 class=\"wp-block-heading\">Wyb\u00f3r czy konieczno\u015b\u0107? Rola emolient\u00f3w w piel\u0119gnacji w\u0142os\u00f3w po zabiegu keratynowym<\/h2>\n\n\n\n<p>Po zabiegu keratynowym w\u0142osy wymagaj\u0105 szczeg\u00f3lnej piel\u0119gnacji, aby utrzyma\u0107 efekt wyg\u0142adzenia i nawil\u017cenia. Emolienty odgrywaj\u0105 kluczow\u0105 rol\u0119 w tym procesie. Ich g\u0142\u00f3wnym zadaniem jest tworzenie ochronnej warstwy na powierzchni w\u0142osa, co zapobiega utracie wilgoci i chroni przed uszkodzeniami mechanicznymi oraz czynnikami zewn\u0119trznymi.<\/p>\n\n\n\n<p>Wyb\u00f3r emolient\u00f3w po keratynizacji nie jest konieczno\u015bci\u0105, ale zdecydowanie zaleceniem. Produkty te pomagaj\u0105 wzmocni\u0107 struktur\u0119 w\u0142osa, przed\u0142u\u017caj\u0105c trwa\u0142o\u015b\u0107 zabiegu. Warto si\u0119ga\u0107 po oleje naturalne, takie jak arganowy czy jojoba, kt\u00f3re s\u0105 bogate w kwasy t\u0142uszczowe i witaminy.<\/p>\n\n\n\n<p>Regularne stosowanie emolient\u00f3w wspiera regeneracj\u0119 w\u0142os\u00f3w, nadaj\u0105c im mi\u0119kko\u015b\u0107 i blask. Dzi\u0119ki nim w\u0142osy pozostaj\u0105 elastyczne i mniej podatne na puszenie si\u0119. W\u0142a\u015bciwa piel\u0119gnacja emolientowa to inwestycja w zdrowy wygl\u0105d w\u0142os\u00f3w po keratynowym prostowaniu.<\/p>\n\n\n\n<p>Emolienty do w\u0142os\u00f3w po keratynowym prostowaniu mog\u0105 by\u0107 zar\u00f3wno konieczno\u015bci\u0105, jak i wyborem, w zale\u017cno\u015bci od indywidualnych potrzeb w\u0142os\u00f3w. Keratynowe prostowanie ma na celu wyg\u0142adzenie i odbudow\u0119 struktury w\u0142osa, jednak mo\u017ce prowadzi\u0107 do utraty naturalnej wilgoci. Emolienty pomagaj\u0105 w zatrzymaniu tej wilgoci, tworz\u0105c ochronn\u0105 warstw\u0119 na powierzchni w\u0142osa, co jest kluczowe dla utrzymania efektu zabiegu oraz zdrowego wygl\u0105du w\u0142os\u00f3w. Dla os\u00f3b z suchymi lub zniszczonymi w\u0142osami stosowanie emolient\u00f3w mo\u017ce by\u0107 niezb\u0119dne, aby zapobiec dalszemu przesuszeniu i \u0142amliwo\u015bci. Z kolei osoby z mniej wymagaj\u0105cymi w\u0142osami mog\u0105 traktowa\u0107 emolienty jako dodatkowy krok piel\u0119gnacyjny, kt\u00f3ry wspiera d\u0142ugotrwa\u0142e efekty prostowania. Ostatecznie decyzja o ich stosowaniu powinna by\u0107 oparta na obserwacji kondycji w\u0142asnych w\u0142os\u00f3w oraz ich reakcji na zabieg keratynowy.<\/p>\n","protected":false},"excerpt":{"rendered":"<p>Keratynowe prostowanie w\u0142os\u00f3w to popularny zabieg, kt\u00f3ry ma na celu wyg\u0142adzenie i nadanie blasku niesfornym kosmykom. Dzi\u0119ki niemu w\u0142osy staj\u0105 si\u0119 bardziej l\u015bni\u0105ce, proste i \u0142atwiejsze w codziennej piel\u0119gnacji. Jednak po przeprowadzeniu tego zabiegu, kluczowe jest odpowiednie dbanie o w\u0142osy, aby utrzyma\u0107 efekty jak najd\u0142u\u017cej. W tym kontek\u015bcie pojawia si\u0119 pytanie: czy stosowanie emolient\u00f3w do [&hellip;]<\/p>\n","protected":false},"author":1,"featured_media":0,"comment_status":"","ping_status":"open","sticky":false,"template":"","format":"standard","meta":{"footnotes":""},"categories":[1],"tags":[],"class_list":["post-7011","post","type-post","status-publish","format-standard","hentry","category-bez-kategorii"],"fm_meta_title":"Emolienty do w\u0142os\u00f3w po keratynowym prostowaniu \u2013 konieczno\u015b\u0107 czy wyb\u00f3r?","fm_meta_description":"Odkryj, czy emolienty s\u0105 niezb\u0119dne po keratynowym prostowaniu w\u0142os\u00f3w. Dowiedz si\u0119, jak mog\u0105 wp\u0142yn\u0105\u0107 na kondycj\u0119 i wygl\u0105d Twoich pasm!","yoast_head":"<!-- This site is optimized with the Yoast SEO plugin v21.5 - https:\/\/yoast.com\/wordpress\/plugins\/seo\/ -->\n<title>Emolienty do w\u0142os\u00f3w po keratynowym prostowaniu \u2013 konieczno\u015b\u0107 czy wyb\u00f3r?<\/title>\n<meta name=\"description\" content=\"Odkryj, czy emolienty s\u0105 niezb\u0119dne po keratynowym prostowaniu w\u0142os\u00f3w. Dowiedz si\u0119, jak mog\u0105 wp\u0142yn\u0105\u0107 na kondycj\u0119 i wygl\u0105d Twoich pasm!\" \/>\n<meta name=\"robots\" content=\"index, follow, max-snippet:-1, max-image-preview:large, max-video-preview:-1\" \/>\n<link rel=\"canonical\" href=\"https:\/\/darzdrowia.pl\/ciekawostki\/emolienty-do-wlosow-po-keratynowym-prostowaniu-koniecznosc-czy-wybor\/\" \/>\n<meta property=\"og:locale\" content=\"pl_PL\" \/>\n<meta property=\"og:type\" content=\"article\" \/>\n<meta property=\"og:title\" content=\"Emolienty do w\u0142os\u00f3w po keratynowym prostowaniu \u2013 konieczno\u015b\u0107 czy wyb\u00f3r?\" \/>\n<meta property=\"og:description\" content=\"Odkryj, czy emolienty s\u0105 niezb\u0119dne po keratynowym prostowaniu w\u0142os\u00f3w. Dowiedz si\u0119, jak mog\u0105 wp\u0142yn\u0105\u0107 na kondycj\u0119 i wygl\u0105d Twoich pasm!\" \/>\n<meta property=\"og:url\" content=\"https:\/\/darzdrowia.pl\/ciekawostki\/emolienty-do-wlosow-po-keratynowym-prostowaniu-koniecznosc-czy-wybor\/\" \/>\n<meta property=\"og:site_name\" content=\"Dar Zdrowia Drogeria - Blog\" \/>\n<meta property=\"article:publisher\" content=\"https:\/\/www.facebook.com\/profile.php?id=100063606935396\" \/>\n<meta property=\"article:published_time\" content=\"2024-12-05T21:33:32+00:00\" \/>\n<meta name=\"author\" content=\"funkymedia\" \/>\n<meta name=\"twitter:card\" content=\"summary_large_image\" \/>\n<meta name=\"twitter:label1\" content=\"Napisane przez\" \/>\n\t<meta name=\"twitter:data1\" content=\"funkymedia\" \/>\n\t<meta name=\"twitter:label2\" content=\"Szacowany czas czytania\" \/>\n\t<meta name=\"twitter:data2\" content=\"4 minuty\" \/>\n<script type=\"application\/ld+json\" class=\"yoast-schema-graph\">{\"@context\":\"https:\/\/schema.org\",\"@graph\":[{\"@type\":\"Article\",\"@id\":\"https:\/\/darzdrowia.pl\/ciekawostki\/emolienty-do-wlosow-po-keratynowym-prostowaniu-koniecznosc-czy-wybor\/#article\",\"isPartOf\":{\"@id\":\"https:\/\/darzdrowia.pl\/ciekawostki\/emolienty-do-wlosow-po-keratynowym-prostowaniu-koniecznosc-czy-wybor\/\"},\"author\":{\"name\":\"funkymedia\",\"@id\":\"https:\/\/darzdrowia.pl\/ciekawostki\/#\/schema\/person\/e75579d624630bf943ac69d374bb928e\"},\"headline\":\"Emolienty do w\u0142os\u00f3w po keratynowym prostowaniu \u2013 konieczno\u015b\u0107 czy wyb\u00f3r?\",\"datePublished\":\"2024-12-05T21:33:32+00:00\",\"dateModified\":\"2024-12-05T21:33:32+00:00\",\"mainEntityOfPage\":{\"@id\":\"https:\/\/darzdrowia.pl\/ciekawostki\/emolienty-do-wlosow-po-keratynowym-prostowaniu-koniecznosc-czy-wybor\/\"},\"wordCount\":768,\"publisher\":{\"@id\":\"https:\/\/darzdrowia.pl\/ciekawostki\/#organization\"},\"inLanguage\":\"pl-PL\"},{\"@type\":\"WebPage\",\"@id\":\"https:\/\/darzdrowia.pl\/ciekawostki\/emolienty-do-wlosow-po-keratynowym-prostowaniu-koniecznosc-czy-wybor\/\",\"url\":\"https:\/\/darzdrowia.pl\/ciekawostki\/emolienty-do-wlosow-po-keratynowym-prostowaniu-koniecznosc-czy-wybor\/\",\"name\":\"Emolienty do w\u0142os\u00f3w po keratynowym prostowaniu \u2013 konieczno\u015b\u0107 czy wyb\u00f3r?\",\"isPartOf\":{\"@id\":\"https:\/\/darzdrowia.pl\/ciekawostki\/#website\"},\"datePublished\":\"2024-12-05T21:33:32+00:00\",\"dateModified\":\"2024-12-05T21:33:32+00:00\",\"description\":\"Odkryj, czy emolienty s\u0105 niezb\u0119dne po keratynowym prostowaniu w\u0142os\u00f3w. Dowiedz si\u0119, jak mog\u0105 wp\u0142yn\u0105\u0107 na kondycj\u0119 i wygl\u0105d Twoich pasm!\",\"breadcrumb\":{\"@id\":\"https:\/\/darzdrowia.pl\/ciekawostki\/emolienty-do-wlosow-po-keratynowym-prostowaniu-koniecznosc-czy-wybor\/#breadcrumb\"},\"inLanguage\":\"pl-PL\",\"potentialAction\":[{\"@type\":\"ReadAction\",\"target\":[\"https:\/\/darzdrowia.pl\/ciekawostki\/emolienty-do-wlosow-po-keratynowym-prostowaniu-koniecznosc-czy-wybor\/\"]}]},{\"@type\":\"BreadcrumbList\",\"@id\":\"https:\/\/darzdrowia.pl\/ciekawostki\/emolienty-do-wlosow-po-keratynowym-prostowaniu-koniecznosc-czy-wybor\/#breadcrumb\",\"itemListElement\":[{\"@type\":\"ListItem\",\"position\":1,\"name\":\"Strona g\u0142\u00f3wna\",\"item\":\"https:\/\/darzdrowia.pl\/ciekawostki\/\"},{\"@type\":\"ListItem\",\"position\":2,\"name\":\"Emolienty do w\u0142os\u00f3w po keratynowym prostowaniu \u2013 konieczno\u015b\u0107 czy wyb\u00f3r?\"}]},{\"@type\":\"WebSite\",\"@id\":\"https:\/\/darzdrowia.pl\/ciekawostki\/#website\",\"url\":\"https:\/\/darzdrowia.pl\/ciekawostki\/\",\"name\":\"Dar Zdrowia Drogeria - Blog\",\"description\":\"\",\"publisher\":{\"@id\":\"https:\/\/darzdrowia.pl\/ciekawostki\/#organization\"},\"potentialAction\":[{\"@type\":\"SearchAction\",\"target\":{\"@type\":\"EntryPoint\",\"urlTemplate\":\"https:\/\/darzdrowia.pl\/ciekawostki\/?s={search_term_string}\"},\"query-input\":\"required name=search_term_string\"}],\"inLanguage\":\"pl-PL\"},{\"@type\":\"Organization\",\"@id\":\"https:\/\/darzdrowia.pl\/ciekawostki\/#organization\",\"name\":\"Dar Zdrowia Drogeria - Blog\",\"url\":\"https:\/\/darzdrowia.pl\/ciekawostki\/\",\"logo\":{\"@type\":\"ImageObject\",\"inLanguage\":\"pl-PL\",\"@id\":\"https:\/\/darzdrowia.pl\/ciekawostki\/#\/schema\/logo\/image\/\",\"url\":\"https:\/\/darzdrowia.pl\/ciekawostki\/wp-content\/uploads\/2023\/11\/logo-darzdrowia.webp\",\"contentUrl\":\"https:\/\/darzdrowia.pl\/ciekawostki\/wp-content\/uploads\/2023\/11\/logo-darzdrowia.webp\",\"width\":744,\"height\":225,\"caption\":\"Dar Zdrowia Drogeria - Blog\"},\"image\":{\"@id\":\"https:\/\/darzdrowia.pl\/ciekawostki\/#\/schema\/logo\/image\/\"},\"sameAs\":[\"https:\/\/www.facebook.com\/profile.php?id=100063606935396\"]},{\"@type\":\"Person\",\"@id\":\"https:\/\/darzdrowia.pl\/ciekawostki\/#\/schema\/person\/e75579d624630bf943ac69d374bb928e\",\"name\":\"funkymedia\",\"image\":{\"@type\":\"ImageObject\",\"inLanguage\":\"pl-PL\",\"@id\":\"https:\/\/darzdrowia.pl\/ciekawostki\/#\/schema\/person\/image\/\",\"url\":\"https:\/\/secure.gravatar.com\/avatar\/393cb205b658aef6e3271ad5a92265e3e4433d2384bbe95524ba160d5bc20299?s=96&d=mm&r=g\",\"contentUrl\":\"https:\/\/secure.gravatar.com\/avatar\/393cb205b658aef6e3271ad5a92265e3e4433d2384bbe95524ba160d5bc20299?s=96&d=mm&r=g\",\"caption\":\"funkymedia\"},\"sameAs\":[\"https:\/\/darzdrowia.pl\/ciekawostki\"],\"url\":\"https:\/\/darzdrowia.pl\/ciekawostki\/author\/funkymedia\/\"}]}<\/script>\n<!-- \/ Yoast SEO plugin. -->","yoast_head_json":{"title":"Emolienty do w\u0142os\u00f3w po keratynowym prostowaniu \u2013 konieczno\u015b\u0107 czy wyb\u00f3r?","description":"Odkryj, czy emolienty s\u0105 niezb\u0119dne po keratynowym prostowaniu w\u0142os\u00f3w. Dowiedz si\u0119, jak mog\u0105 wp\u0142yn\u0105\u0107 na kondycj\u0119 i wygl\u0105d Twoich pasm!","robots":{"index":"index","follow":"follow","max-snippet":"max-snippet:-1","max-image-preview":"max-image-preview:large","max-video-preview":"max-video-preview:-1"},"canonical":"https:\/\/darzdrowia.pl\/ciekawostki\/emolienty-do-wlosow-po-keratynowym-prostowaniu-koniecznosc-czy-wybor\/","og_locale":"pl_PL","og_type":"article","og_title":"Emolienty do w\u0142os\u00f3w po keratynowym prostowaniu \u2013 konieczno\u015b\u0107 czy wyb\u00f3r?","og_description":"Odkryj, czy emolienty s\u0105 niezb\u0119dne po keratynowym prostowaniu w\u0142os\u00f3w. Dowiedz si\u0119, jak mog\u0105 wp\u0142yn\u0105\u0107 na kondycj\u0119 i wygl\u0105d Twoich pasm!","og_url":"https:\/\/darzdrowia.pl\/ciekawostki\/emolienty-do-wlosow-po-keratynowym-prostowaniu-koniecznosc-czy-wybor\/","og_site_name":"Dar Zdrowia Drogeria - Blog","article_publisher":"https:\/\/www.facebook.com\/profile.php?id=100063606935396","article_published_time":"2024-12-05T21:33:32+00:00","author":"funkymedia","twitter_card":"summary_large_image","twitter_misc":{"Napisane przez":"funkymedia","Szacowany czas czytania":"4 minuty"},"schema":{"@context":"https:\/\/schema.org","@graph":[{"@type":"Article","@id":"https:\/\/darzdrowia.pl\/ciekawostki\/emolienty-do-wlosow-po-keratynowym-prostowaniu-koniecznosc-czy-wybor\/#article","isPartOf":{"@id":"https:\/\/darzdrowia.pl\/ciekawostki\/emolienty-do-wlosow-po-keratynowym-prostowaniu-koniecznosc-czy-wybor\/"},"author":{"name":"funkymedia","@id":"https:\/\/darzdrowia.pl\/ciekawostki\/#\/schema\/person\/e75579d624630bf943ac69d374bb928e"},"headline":"Emolienty do w\u0142os\u00f3w po keratynowym prostowaniu \u2013 konieczno\u015b\u0107 czy wyb\u00f3r?","datePublished":"2024-12-05T21:33:32+00:00","dateModified":"2024-12-05T21:33:32+00:00","mainEntityOfPage":{"@id":"https:\/\/darzdrowia.pl\/ciekawostki\/emolienty-do-wlosow-po-keratynowym-prostowaniu-koniecznosc-czy-wybor\/"},"wordCount":768,"publisher":{"@id":"https:\/\/darzdrowia.pl\/ciekawostki\/#organization"},"inLanguage":"pl-PL"},{"@type":"WebPage","@id":"https:\/\/darzdrowia.pl\/ciekawostki\/emolienty-do-wlosow-po-keratynowym-prostowaniu-koniecznosc-czy-wybor\/","url":"https:\/\/darzdrowia.pl\/ciekawostki\/emolienty-do-wlosow-po-keratynowym-prostowaniu-koniecznosc-czy-wybor\/","name":"Emolienty do w\u0142os\u00f3w po keratynowym prostowaniu \u2013 konieczno\u015b\u0107 czy wyb\u00f3r?","isPartOf":{"@id":"https:\/\/darzdrowia.pl\/ciekawostki\/#website"},"datePublished":"2024-12-05T21:33:32+00:00","dateModified":"2024-12-05T21:33:32+00:00","description":"Odkryj, czy emolienty s\u0105 niezb\u0119dne po keratynowym prostowaniu w\u0142os\u00f3w. Dowiedz si\u0119, jak mog\u0105 wp\u0142yn\u0105\u0107 na kondycj\u0119 i wygl\u0105d Twoich pasm!","breadcrumb":{"@id":"https:\/\/darzdrowia.pl\/ciekawostki\/emolienty-do-wlosow-po-keratynowym-prostowaniu-koniecznosc-czy-wybor\/#breadcrumb"},"inLanguage":"pl-PL","potentialAction":[{"@type":"ReadAction","target":["https:\/\/darzdrowia.pl\/ciekawostki\/emolienty-do-wlosow-po-keratynowym-prostowaniu-koniecznosc-czy-wybor\/"]}]},{"@type":"BreadcrumbList","@id":"https:\/\/darzdrowia.pl\/ciekawostki\/emolienty-do-wlosow-po-keratynowym-prostowaniu-koniecznosc-czy-wybor\/#breadcrumb","itemListElement":[{"@type":"ListItem","position":1,"name":"Strona g\u0142\u00f3wna","item":"https:\/\/darzdrowia.pl\/ciekawostki\/"},{"@type":"ListItem","position":2,"name":"Emolienty do w\u0142os\u00f3w po keratynowym prostowaniu \u2013 konieczno\u015b\u0107 czy wyb\u00f3r?"}]},{"@type":"WebSite","@id":"https:\/\/darzdrowia.pl\/ciekawostki\/#website","url":"https:\/\/darzdrowia.pl\/ciekawostki\/","name":"Dar Zdrowia Drogeria - Blog","description":"","publisher":{"@id":"https:\/\/darzdrowia.pl\/ciekawostki\/#organization"},"potentialAction":[{"@type":"SearchAction","target":{"@type":"EntryPoint","urlTemplate":"https:\/\/darzdrowia.pl\/ciekawostki\/?s={search_term_string}"},"query-input":"required name=search_term_string"}],"inLanguage":"pl-PL"},{"@type":"Organization","@id":"https:\/\/darzdrowia.pl\/ciekawostki\/#organization","name":"Dar Zdrowia Drogeria - Blog","url":"https:\/\/darzdrowia.pl\/ciekawostki\/","logo":{"@type":"ImageObject","inLanguage":"pl-PL","@id":"https:\/\/darzdrowia.pl\/ciekawostki\/#\/schema\/logo\/image\/","url":"https:\/\/darzdrowia.pl\/ciekawostki\/wp-content\/uploads\/2023\/11\/logo-darzdrowia.webp","contentUrl":"https:\/\/darzdrowia.pl\/ciekawostki\/wp-content\/uploads\/2023\/11\/logo-darzdrowia.webp","width":744,"height":225,"caption":"Dar Zdrowia Drogeria - Blog"},"image":{"@id":"https:\/\/darzdrowia.pl\/ciekawostki\/#\/schema\/logo\/image\/"},"sameAs":["https:\/\/www.facebook.com\/profile.php?id=100063606935396"]},{"@type":"Person","@id":"https:\/\/darzdrowia.pl\/ciekawostki\/#\/schema\/person\/e75579d624630bf943ac69d374bb928e","name":"funkymedia","image":{"@type":"ImageObject","inLanguage":"pl-PL","@id":"https:\/\/darzdrowia.pl\/ciekawostki\/#\/schema\/person\/image\/","url":"https:\/\/secure.gravatar.com\/avatar\/393cb205b658aef6e3271ad5a92265e3e4433d2384bbe95524ba160d5bc20299?s=96&d=mm&r=g","contentUrl":"https:\/\/secure.gravatar.com\/avatar\/393cb205b658aef6e3271ad5a92265e3e4433d2384bbe95524ba160d5bc20299?s=96&d=mm&r=g","caption":"funkymedia"},"sameAs":["https:\/\/darzdrowia.pl\/ciekawostki"],"url":"https:\/\/darzdrowia.pl\/ciekawostki\/author\/funkymedia\/"}]}},"_links":{"self":[{"href":"https:\/\/darzdrowia.pl\/ciekawostki\/wp-json\/wp\/v2\/posts\/7011","targetHints":{"allow":["GET"]}}],"collection":[{"href":"https:\/\/darzdrowia.pl\/ciekawostki\/wp-json\/wp\/v2\/posts"}],"about":[{"href":"https:\/\/darzdrowia.pl\/ciekawostki\/wp-json\/wp\/v2\/types\/post"}],"author":[{"embeddable":true,"href":"https:\/\/darzdrowia.pl\/ciekawostki\/wp-json\/wp\/v2\/users\/1"}],"replies":[{"embeddable":true,"href":"https:\/\/darzdrowia.pl\/ciekawostki\/wp-json\/wp\/v2\/comments?post=7011"}],"version-history":[{"count":0,"href":"https:\/\/darzdrowia.pl\/ciekawostki\/wp-json\/wp\/v2\/posts\/7011\/revisions"}],"wp:attachment":[{"href":"https:\/\/darzdrowia.pl\/ciekawostki\/wp-json\/wp\/v2\/media?parent=7011"}],"wp:term":[{"taxonomy":"category","embeddable":true,"href":"https:\/\/darzdrowia.pl\/ciekawostki\/wp-json\/wp\/v2\/categories?post=7011"},{"taxonomy":"post_tag","embeddable":true,"href":"https:\/\/darzdrowia.pl\/ciekawostki\/wp-json\/wp\/v2\/tags?post=7011"}],"curies":[{"name":"wp","href":"https:\/\/api.w.org\/{rel}","templated":true}]}}