{"id":7007,"date":"2024-12-05T22:29:39","date_gmt":"2024-12-05T21:29:39","guid":{"rendered":"https:\/\/darzdrowia.pl\/ciekawostki\/jak-stosowac-emolienty-w-pielegnacji-wlosow-po-prostowaniu-keratynowym\/"},"modified":"2024-12-05T22:29:39","modified_gmt":"2024-12-05T21:29:39","slug":"jak-stosowac-emolienty-w-pielegnacji-wlosow-po-prostowaniu-keratynowym","status":"publish","type":"post","link":"https:\/\/darzdrowia.pl\/ciekawostki\/jak-stosowac-emolienty-w-pielegnacji-wlosow-po-prostowaniu-keratynowym\/","title":{"rendered":"Jak stosowa\u0107 emolienty w piel\u0119gnacji w\u0142os\u00f3w po prostowaniu keratynowym?"},"content":{"rendered":"\n<p>Po prostowaniu keratynowym w\u0142osy mog\u0105 sta\u0107 si\u0119 bardziej podatne na przesuszenie i uszkodzenia, dlatego odpowiednia piel\u0119gnacja jest kluczowa dla utrzymania ich zdrowego wygl\u0105du i blasku. Emolienty, czyli substancje nawil\u017caj\u0105ce i nat\u0142uszczaj\u0105ce, odgrywaj\u0105 istotn\u0105 rol\u0119 w ochronie w\u0142os\u00f3w po takim zabiegu. Wprowadzenie emolient\u00f3w do codziennej rutyny piel\u0119gnacyjnej mo\u017ce pom\u00f3c w zachowaniu efektu prostowania na d\u0142u\u017cej oraz wzmocni\u0107 struktur\u0119 w\u0142osa. W tym artykule om\u00f3wimy, jak skutecznie stosowa\u0107 emolienty w piel\u0119gnacji w\u0142os\u00f3w po prostowaniu keratynowym, aby cieszy\u0107 si\u0119 ich zdrowym wygl\u0105dem i jedwabist\u0105 g\u0142adko\u015bci\u0105.<\/p>\n\n\n\n<h2 class=\"wp-block-heading\">Keratynowe prostowanie w\u0142os\u00f3w: Jak emolienty mog\u0105 przed\u0142u\u017cy\u0107 efekt g\u0142adkich i l\u015bni\u0105cych pasm?<\/h2>\n\n\n\n<p>Keratynowe prostowanie w\u0142os\u00f3w to popularna metoda wyg\u0142adzania i nab\u0142yszczania pasm. Emolienty, czyli substancje nawil\u017caj\u0105ce i nat\u0142uszczaj\u0105ce, mog\u0105 znacz\u0105co przed\u0142u\u017cy\u0107 efekt tego zabiegu. Dzia\u0142aj\u0105 one poprzez tworzenie ochronnej warstwy na powierzchni w\u0142osa, co zapobiega utracie wilgoci i chroni przed szkodliwymi czynnikami zewn\u0119trznymi. Regularne stosowanie emolient\u00f3w w postaci od\u017cywek lub olejk\u00f3w pomaga utrzyma\u0107 w\u0142osy w dobrej kondycji, zachowuj\u0105c ich g\u0142adko\u015b\u0107 i blask na d\u0142u\u017cej. Warto wybiera\u0107 produkty zawieraj\u0105ce naturalne oleje, takie jak arganowy czy jojoba, kt\u00f3re s\u0105 szczeg\u00f3lnie skuteczne w piel\u0119gnacji po keratynowym prostowaniu.<\/p>\n\n\n\n<h2 class=\"wp-block-heading\">Ochrona i nawil\u017cenie: Rola emolient\u00f3w w piel\u0119gnacji w\u0142os\u00f3w po zabiegu keratynowym<\/h2>\n\n\n\n<p>Emolienty odgrywaj\u0105 kluczow\u0105 rol\u0119 w piel\u0119gnacji w\u0142os\u00f3w po zabiegu keratynowym. Zabieg ten, cho\u0107 wyg\u0142adza i prostuje w\u0142osy, mo\u017ce prowadzi\u0107 do ich przesuszenia. Emolienty, dzi\u0119ki swoim w\u0142a\u015bciwo\u015bciom nawil\u017caj\u0105cym i ochronnym, pomagaj\u0105 utrzyma\u0107 odpowiedni poziom wilgoci we w\u0142osach. Tworz\u0105 na ich powierzchni warstw\u0119 ochronn\u0105, kt\u00f3ra zapobiega utracie wody oraz chroni przed szkodliwymi czynnikami zewn\u0119trznymi. Regularne stosowanie emolient\u00f3w po keratynizacji wspiera regeneracj\u0119 struktury w\u0142osa, zwi\u0119ksza jego elastyczno\u015b\u0107 i nadaje zdrowy wygl\u0105d. Warto wybiera\u0107 produkty zawieraj\u0105ce naturalne oleje i mas\u0142a, kt\u00f3re dodatkowo wzbogacaj\u0105 piel\u0119gnacj\u0119 o sk\u0142adniki od\u017cywcze.<\/p>\n\n\n\n<h2 class=\"wp-block-heading\">Krok po kroku: Skuteczne stosowanie emolient\u00f3w w codziennej piel\u0119gnacji w\u0142os\u00f3w prostowanych keratyn\u0105<\/h2>\n\n\n\n<p>1. **Wyb\u00f3r odpowiednich produkt\u00f3w**: Wybierz emolienty przeznaczone do w\u0142os\u00f3w prostowanych keratyn\u0105. Unikaj produkt\u00f3w zawieraj\u0105cych siarczany i alkohole.<\/p>\n\n\n\n<p>2. **Mycie w\u0142os\u00f3w**: U\u017cywaj delikatnego szamponu bez siarczan\u00f3w. Myj w\u0142osy letni\u0105 wod\u0105, aby nie uszkodzi\u0107 keratyny.<\/p>\n\n\n\n<p>3. **Aplikacja od\u017cywki**: Na\u0142\u00f3\u017c od\u017cywk\u0119 z emolientami na wilgotne w\u0142osy, koncentruj\u0105c si\u0119 na ko\u0144c\u00f3wkach. Pozostaw na kilka minut, a nast\u0119pnie dok\u0142adnie sp\u0142ucz.<\/p>\n\n\n\n<p>4. **Stosowanie maski**: Raz w tygodniu u\u017cyj maski z emolientami, aby g\u0142\u0119boko nawil\u017cy\u0107 w\u0142osy. Na\u0142\u00f3\u017c j\u0105 na ca\u0142\u0105 d\u0142ugo\u015b\u0107 w\u0142os\u00f3w i pozostaw na 15-20 minut przed sp\u0142ukaniem.<\/p>\n\n\n\n<p>5. **Olejowanie**: Regularnie olejuj w\u0142osy, u\u017cywaj\u0105c lekkich olejk\u00f3w, takich jak arganowy czy jojoba. Nak\u0142adaj olejek przed myciem lub jako serum po umyciu.<\/p>\n\n\n\n<p>6. **Suszenie i stylizacja**: Susz w\u0142osy ch\u0142odnym powietrzem lub pozw\u00f3l im wyschn\u0105\u0107 naturalnie. Unikaj wysokiej temperatury podczas stylizacji.<\/p>\n\n\n\n<p>7. **Regularno\u015b\u0107 piel\u0119gnacji**: Stosuj emolienty regularnie, aby utrzyma\u0107 efekt prostowania i zdrowie w\u0142os\u00f3w.<\/p>\n\n\n\n<p>8. **Ochrona przed czynnikami zewn\u0119trznymi**: Chro\u0144 w\u0142osy przed s\u0142o\u0144cem i zanieczyszczeniami, nosz\u0105c kapelusz lub stosuj\u0105c produkty z filtrem UV.<\/p>\n\n\n\n<p>9. **Konsultacja ze specjalist\u0105**: Regularnie odwiedzaj fryzjera w celu oceny stanu w\u0142os\u00f3w i dostosowania piel\u0119gnacji do ich potrzeb.<\/p>\n\n\n\n<p>10. **Unikanie obci\u0105\u017cenia**: Nie przesadzaj z ilo\u015bci\u0105 produkt\u00f3w; nadmiar mo\u017ce obci\u0105\u017cy\u0107 w\u0142osy i zmniejszy\u0107 efekt prostowania keratynowego.<\/p>\n\n\n\n<p>Stosowanie emolient\u00f3w w piel\u0119gnacji w\u0142os\u00f3w po prostowaniu keratynowym jest kluczowe dla utrzymania ich zdrowego wygl\u0105du i przed\u0142u\u017cenia efektu zabiegu. Emolienty pomagaj\u0105 w nawil\u017ceniu i wyg\u0142adzeniu w\u0142os\u00f3w, tworz\u0105c na ich powierzchni ochronn\u0105 warstw\u0119, kt\u00f3ra zapobiega utracie wilgoci. Po keratynowym prostowaniu w\u0142os\u00f3w, kt\u00f3re mo\u017ce os\u0142abi\u0107 struktur\u0119 w\u0142osa, regularne stosowanie emolient\u00f3w wspiera regeneracj\u0119 i wzmacnia pasma. Warto wybiera\u0107 produkty bogate w naturalne oleje, takie jak olej arganowy czy jojoba, kt\u00f3re s\u0105 znane ze swoich w\u0142a\u015bciwo\u015bci od\u017cywczych. Regularne stosowanie masek i od\u017cywek z emolientami pomo\u017ce zachowa\u0107 g\u0142adko\u015b\u0107 i blask w\u0142os\u00f3w oraz zminimalizowa\u0107 ryzyko puszenia si\u0119. Pami\u0119tajmy r\u00f3wnie\u017c o unikaniu produkt\u00f3w zawieraj\u0105cych alkohol czy siarczany, kt\u00f3re mog\u0105 dodatkowo wysusza\u0107 w\u0142osy. Dzi\u0119ki odpowiedniej piel\u0119gnacji z u\u017cyciem emolient\u00f3w mo\u017cemy cieszy\u0107 si\u0119 pi\u0119knymi i zdrowymi w\u0142osami przez d\u0142u\u017cszy czas po zabiegu keratynowego prostowania.<\/p>\n","protected":false},"excerpt":{"rendered":"<p>Po prostowaniu keratynowym w\u0142osy mog\u0105 sta\u0107 si\u0119 bardziej podatne na przesuszenie i uszkodzenia, dlatego odpowiednia piel\u0119gnacja jest kluczowa dla utrzymania ich zdrowego wygl\u0105du i blasku. Emolienty, czyli substancje nawil\u017caj\u0105ce i nat\u0142uszczaj\u0105ce, odgrywaj\u0105 istotn\u0105 rol\u0119 w ochronie w\u0142os\u00f3w po takim zabiegu. Wprowadzenie emolient\u00f3w do codziennej rutyny piel\u0119gnacyjnej mo\u017ce pom\u00f3c w zachowaniu efektu prostowania na d\u0142u\u017cej oraz [&hellip;]<\/p>\n","protected":false},"author":1,"featured_media":0,"comment_status":"","ping_status":"open","sticky":false,"template":"","format":"standard","meta":{"footnotes":""},"categories":[1],"tags":[],"class_list":["post-7007","post","type-post","status-publish","format-standard","hentry","category-bez-kategorii"],"fm_meta_title":"Jak stosowa\u0107 emolienty w piel\u0119gnacji w\u0142os\u00f3w po prostowaniu keratynowym?","fm_meta_description":"Dowiedz si\u0119, jak prawid\u0142owo stosowa\u0107 emolienty po keratynowym prostowaniu w\u0142os\u00f3w, by zachowa\u0107 ich g\u0142adko\u015b\u0107 i blask. Sprawd\u017a nasze porady!","yoast_head":"<!-- This site is optimized with the Yoast SEO plugin v21.5 - https:\/\/yoast.com\/wordpress\/plugins\/seo\/ -->\n<title>Jak stosowa\u0107 emolienty w piel\u0119gnacji w\u0142os\u00f3w po prostowaniu keratynowym?<\/title>\n<meta name=\"description\" content=\"Dowiedz si\u0119, jak prawid\u0142owo stosowa\u0107 emolienty po keratynowym prostowaniu w\u0142os\u00f3w, by zachowa\u0107 ich g\u0142adko\u015b\u0107 i blask. Sprawd\u017a nasze porady!\" \/>\n<meta name=\"robots\" content=\"index, follow, max-snippet:-1, max-image-preview:large, max-video-preview:-1\" \/>\n<link rel=\"canonical\" href=\"https:\/\/darzdrowia.pl\/ciekawostki\/jak-stosowac-emolienty-w-pielegnacji-wlosow-po-prostowaniu-keratynowym\/\" \/>\n<meta property=\"og:locale\" content=\"pl_PL\" \/>\n<meta property=\"og:type\" content=\"article\" \/>\n<meta property=\"og:title\" content=\"Jak stosowa\u0107 emolienty w piel\u0119gnacji w\u0142os\u00f3w po prostowaniu keratynowym?\" \/>\n<meta property=\"og:description\" content=\"Dowiedz si\u0119, jak prawid\u0142owo stosowa\u0107 emolienty po keratynowym prostowaniu w\u0142os\u00f3w, by zachowa\u0107 ich g\u0142adko\u015b\u0107 i blask. Sprawd\u017a nasze porady!\" \/>\n<meta property=\"og:url\" content=\"https:\/\/darzdrowia.pl\/ciekawostki\/jak-stosowac-emolienty-w-pielegnacji-wlosow-po-prostowaniu-keratynowym\/\" \/>\n<meta property=\"og:site_name\" content=\"Dar Zdrowia Drogeria - Blog\" \/>\n<meta property=\"article:publisher\" content=\"https:\/\/www.facebook.com\/profile.php?id=100063606935396\" \/>\n<meta property=\"article:published_time\" content=\"2024-12-05T21:29:39+00:00\" \/>\n<meta name=\"author\" content=\"funkymedia\" \/>\n<meta name=\"twitter:card\" content=\"summary_large_image\" \/>\n<meta name=\"twitter:label1\" content=\"Napisane przez\" \/>\n\t<meta name=\"twitter:data1\" content=\"funkymedia\" \/>\n\t<meta name=\"twitter:label2\" content=\"Szacowany czas czytania\" \/>\n\t<meta name=\"twitter:data2\" content=\"4 minuty\" \/>\n<script type=\"application\/ld+json\" class=\"yoast-schema-graph\">{\"@context\":\"https:\/\/schema.org\",\"@graph\":[{\"@type\":\"Article\",\"@id\":\"https:\/\/darzdrowia.pl\/ciekawostki\/jak-stosowac-emolienty-w-pielegnacji-wlosow-po-prostowaniu-keratynowym\/#article\",\"isPartOf\":{\"@id\":\"https:\/\/darzdrowia.pl\/ciekawostki\/jak-stosowac-emolienty-w-pielegnacji-wlosow-po-prostowaniu-keratynowym\/\"},\"author\":{\"name\":\"funkymedia\",\"@id\":\"https:\/\/darzdrowia.pl\/ciekawostki\/#\/schema\/person\/e75579d624630bf943ac69d374bb928e\"},\"headline\":\"Jak stosowa\u0107 emolienty w piel\u0119gnacji w\u0142os\u00f3w po prostowaniu keratynowym?\",\"datePublished\":\"2024-12-05T21:29:39+00:00\",\"dateModified\":\"2024-12-05T21:29:39+00:00\",\"mainEntityOfPage\":{\"@id\":\"https:\/\/darzdrowia.pl\/ciekawostki\/jak-stosowac-emolienty-w-pielegnacji-wlosow-po-prostowaniu-keratynowym\/\"},\"wordCount\":786,\"publisher\":{\"@id\":\"https:\/\/darzdrowia.pl\/ciekawostki\/#organization\"},\"inLanguage\":\"pl-PL\"},{\"@type\":\"WebPage\",\"@id\":\"https:\/\/darzdrowia.pl\/ciekawostki\/jak-stosowac-emolienty-w-pielegnacji-wlosow-po-prostowaniu-keratynowym\/\",\"url\":\"https:\/\/darzdrowia.pl\/ciekawostki\/jak-stosowac-emolienty-w-pielegnacji-wlosow-po-prostowaniu-keratynowym\/\",\"name\":\"Jak stosowa\u0107 emolienty w piel\u0119gnacji w\u0142os\u00f3w po prostowaniu keratynowym?\",\"isPartOf\":{\"@id\":\"https:\/\/darzdrowia.pl\/ciekawostki\/#website\"},\"datePublished\":\"2024-12-05T21:29:39+00:00\",\"dateModified\":\"2024-12-05T21:29:39+00:00\",\"description\":\"Dowiedz si\u0119, jak prawid\u0142owo stosowa\u0107 emolienty po keratynowym prostowaniu w\u0142os\u00f3w, by zachowa\u0107 ich g\u0142adko\u015b\u0107 i blask. Sprawd\u017a nasze porady!\",\"breadcrumb\":{\"@id\":\"https:\/\/darzdrowia.pl\/ciekawostki\/jak-stosowac-emolienty-w-pielegnacji-wlosow-po-prostowaniu-keratynowym\/#breadcrumb\"},\"inLanguage\":\"pl-PL\",\"potentialAction\":[{\"@type\":\"ReadAction\",\"target\":[\"https:\/\/darzdrowia.pl\/ciekawostki\/jak-stosowac-emolienty-w-pielegnacji-wlosow-po-prostowaniu-keratynowym\/\"]}]},{\"@type\":\"BreadcrumbList\",\"@id\":\"https:\/\/darzdrowia.pl\/ciekawostki\/jak-stosowac-emolienty-w-pielegnacji-wlosow-po-prostowaniu-keratynowym\/#breadcrumb\",\"itemListElement\":[{\"@type\":\"ListItem\",\"position\":1,\"name\":\"Strona g\u0142\u00f3wna\",\"item\":\"https:\/\/darzdrowia.pl\/ciekawostki\/\"},{\"@type\":\"ListItem\",\"position\":2,\"name\":\"Jak stosowa\u0107 emolienty w piel\u0119gnacji w\u0142os\u00f3w po prostowaniu keratynowym?\"}]},{\"@type\":\"WebSite\",\"@id\":\"https:\/\/darzdrowia.pl\/ciekawostki\/#website\",\"url\":\"https:\/\/darzdrowia.pl\/ciekawostki\/\",\"name\":\"Dar Zdrowia Drogeria - Blog\",\"description\":\"\",\"publisher\":{\"@id\":\"https:\/\/darzdrowia.pl\/ciekawostki\/#organization\"},\"potentialAction\":[{\"@type\":\"SearchAction\",\"target\":{\"@type\":\"EntryPoint\",\"urlTemplate\":\"https:\/\/darzdrowia.pl\/ciekawostki\/?s={search_term_string}\"},\"query-input\":\"required name=search_term_string\"}],\"inLanguage\":\"pl-PL\"},{\"@type\":\"Organization\",\"@id\":\"https:\/\/darzdrowia.pl\/ciekawostki\/#organization\",\"name\":\"Dar Zdrowia Drogeria - Blog\",\"url\":\"https:\/\/darzdrowia.pl\/ciekawostki\/\",\"logo\":{\"@type\":\"ImageObject\",\"inLanguage\":\"pl-PL\",\"@id\":\"https:\/\/darzdrowia.pl\/ciekawostki\/#\/schema\/logo\/image\/\",\"url\":\"https:\/\/darzdrowia.pl\/ciekawostki\/wp-content\/uploads\/2023\/11\/logo-darzdrowia.webp\",\"contentUrl\":\"https:\/\/darzdrowia.pl\/ciekawostki\/wp-content\/uploads\/2023\/11\/logo-darzdrowia.webp\",\"width\":744,\"height\":225,\"caption\":\"Dar Zdrowia Drogeria - Blog\"},\"image\":{\"@id\":\"https:\/\/darzdrowia.pl\/ciekawostki\/#\/schema\/logo\/image\/\"},\"sameAs\":[\"https:\/\/www.facebook.com\/profile.php?id=100063606935396\"]},{\"@type\":\"Person\",\"@id\":\"https:\/\/darzdrowia.pl\/ciekawostki\/#\/schema\/person\/e75579d624630bf943ac69d374bb928e\",\"name\":\"funkymedia\",\"image\":{\"@type\":\"ImageObject\",\"inLanguage\":\"pl-PL\",\"@id\":\"https:\/\/darzdrowia.pl\/ciekawostki\/#\/schema\/person\/image\/\",\"url\":\"https:\/\/secure.gravatar.com\/avatar\/393cb205b658aef6e3271ad5a92265e3e4433d2384bbe95524ba160d5bc20299?s=96&d=mm&r=g\",\"contentUrl\":\"https:\/\/secure.gravatar.com\/avatar\/393cb205b658aef6e3271ad5a92265e3e4433d2384bbe95524ba160d5bc20299?s=96&d=mm&r=g\",\"caption\":\"funkymedia\"},\"sameAs\":[\"https:\/\/darzdrowia.pl\/ciekawostki\"],\"url\":\"https:\/\/darzdrowia.pl\/ciekawostki\/author\/funkymedia\/\"}]}<\/script>\n<!-- \/ Yoast SEO plugin. -->","yoast_head_json":{"title":"Jak stosowa\u0107 emolienty w piel\u0119gnacji w\u0142os\u00f3w po prostowaniu keratynowym?","description":"Dowiedz si\u0119, jak prawid\u0142owo stosowa\u0107 emolienty po keratynowym prostowaniu w\u0142os\u00f3w, by zachowa\u0107 ich g\u0142adko\u015b\u0107 i blask. Sprawd\u017a nasze porady!","robots":{"index":"index","follow":"follow","max-snippet":"max-snippet:-1","max-image-preview":"max-image-preview:large","max-video-preview":"max-video-preview:-1"},"canonical":"https:\/\/darzdrowia.pl\/ciekawostki\/jak-stosowac-emolienty-w-pielegnacji-wlosow-po-prostowaniu-keratynowym\/","og_locale":"pl_PL","og_type":"article","og_title":"Jak stosowa\u0107 emolienty w piel\u0119gnacji w\u0142os\u00f3w po prostowaniu keratynowym?","og_description":"Dowiedz si\u0119, jak prawid\u0142owo stosowa\u0107 emolienty po keratynowym prostowaniu w\u0142os\u00f3w, by zachowa\u0107 ich g\u0142adko\u015b\u0107 i blask. Sprawd\u017a nasze porady!","og_url":"https:\/\/darzdrowia.pl\/ciekawostki\/jak-stosowac-emolienty-w-pielegnacji-wlosow-po-prostowaniu-keratynowym\/","og_site_name":"Dar Zdrowia Drogeria - Blog","article_publisher":"https:\/\/www.facebook.com\/profile.php?id=100063606935396","article_published_time":"2024-12-05T21:29:39+00:00","author":"funkymedia","twitter_card":"summary_large_image","twitter_misc":{"Napisane przez":"funkymedia","Szacowany czas czytania":"4 minuty"},"schema":{"@context":"https:\/\/schema.org","@graph":[{"@type":"Article","@id":"https:\/\/darzdrowia.pl\/ciekawostki\/jak-stosowac-emolienty-w-pielegnacji-wlosow-po-prostowaniu-keratynowym\/#article","isPartOf":{"@id":"https:\/\/darzdrowia.pl\/ciekawostki\/jak-stosowac-emolienty-w-pielegnacji-wlosow-po-prostowaniu-keratynowym\/"},"author":{"name":"funkymedia","@id":"https:\/\/darzdrowia.pl\/ciekawostki\/#\/schema\/person\/e75579d624630bf943ac69d374bb928e"},"headline":"Jak stosowa\u0107 emolienty w piel\u0119gnacji w\u0142os\u00f3w po prostowaniu keratynowym?","datePublished":"2024-12-05T21:29:39+00:00","dateModified":"2024-12-05T21:29:39+00:00","mainEntityOfPage":{"@id":"https:\/\/darzdrowia.pl\/ciekawostki\/jak-stosowac-emolienty-w-pielegnacji-wlosow-po-prostowaniu-keratynowym\/"},"wordCount":786,"publisher":{"@id":"https:\/\/darzdrowia.pl\/ciekawostki\/#organization"},"inLanguage":"pl-PL"},{"@type":"WebPage","@id":"https:\/\/darzdrowia.pl\/ciekawostki\/jak-stosowac-emolienty-w-pielegnacji-wlosow-po-prostowaniu-keratynowym\/","url":"https:\/\/darzdrowia.pl\/ciekawostki\/jak-stosowac-emolienty-w-pielegnacji-wlosow-po-prostowaniu-keratynowym\/","name":"Jak stosowa\u0107 emolienty w piel\u0119gnacji w\u0142os\u00f3w po prostowaniu keratynowym?","isPartOf":{"@id":"https:\/\/darzdrowia.pl\/ciekawostki\/#website"},"datePublished":"2024-12-05T21:29:39+00:00","dateModified":"2024-12-05T21:29:39+00:00","description":"Dowiedz si\u0119, jak prawid\u0142owo stosowa\u0107 emolienty po keratynowym prostowaniu w\u0142os\u00f3w, by zachowa\u0107 ich g\u0142adko\u015b\u0107 i blask. Sprawd\u017a nasze porady!","breadcrumb":{"@id":"https:\/\/darzdrowia.pl\/ciekawostki\/jak-stosowac-emolienty-w-pielegnacji-wlosow-po-prostowaniu-keratynowym\/#breadcrumb"},"inLanguage":"pl-PL","potentialAction":[{"@type":"ReadAction","target":["https:\/\/darzdrowia.pl\/ciekawostki\/jak-stosowac-emolienty-w-pielegnacji-wlosow-po-prostowaniu-keratynowym\/"]}]},{"@type":"BreadcrumbList","@id":"https:\/\/darzdrowia.pl\/ciekawostki\/jak-stosowac-emolienty-w-pielegnacji-wlosow-po-prostowaniu-keratynowym\/#breadcrumb","itemListElement":[{"@type":"ListItem","position":1,"name":"Strona g\u0142\u00f3wna","item":"https:\/\/darzdrowia.pl\/ciekawostki\/"},{"@type":"ListItem","position":2,"name":"Jak stosowa\u0107 emolienty w piel\u0119gnacji w\u0142os\u00f3w po prostowaniu keratynowym?"}]},{"@type":"WebSite","@id":"https:\/\/darzdrowia.pl\/ciekawostki\/#website","url":"https:\/\/darzdrowia.pl\/ciekawostki\/","name":"Dar Zdrowia Drogeria - Blog","description":"","publisher":{"@id":"https:\/\/darzdrowia.pl\/ciekawostki\/#organization"},"potentialAction":[{"@type":"SearchAction","target":{"@type":"EntryPoint","urlTemplate":"https:\/\/darzdrowia.pl\/ciekawostki\/?s={search_term_string}"},"query-input":"required name=search_term_string"}],"inLanguage":"pl-PL"},{"@type":"Organization","@id":"https:\/\/darzdrowia.pl\/ciekawostki\/#organization","name":"Dar Zdrowia Drogeria - Blog","url":"https:\/\/darzdrowia.pl\/ciekawostki\/","logo":{"@type":"ImageObject","inLanguage":"pl-PL","@id":"https:\/\/darzdrowia.pl\/ciekawostki\/#\/schema\/logo\/image\/","url":"https:\/\/darzdrowia.pl\/ciekawostki\/wp-content\/uploads\/2023\/11\/logo-darzdrowia.webp","contentUrl":"https:\/\/darzdrowia.pl\/ciekawostki\/wp-content\/uploads\/2023\/11\/logo-darzdrowia.webp","width":744,"height":225,"caption":"Dar Zdrowia Drogeria - Blog"},"image":{"@id":"https:\/\/darzdrowia.pl\/ciekawostki\/#\/schema\/logo\/image\/"},"sameAs":["https:\/\/www.facebook.com\/profile.php?id=100063606935396"]},{"@type":"Person","@id":"https:\/\/darzdrowia.pl\/ciekawostki\/#\/schema\/person\/e75579d624630bf943ac69d374bb928e","name":"funkymedia","image":{"@type":"ImageObject","inLanguage":"pl-PL","@id":"https:\/\/darzdrowia.pl\/ciekawostki\/#\/schema\/person\/image\/","url":"https:\/\/secure.gravatar.com\/avatar\/393cb205b658aef6e3271ad5a92265e3e4433d2384bbe95524ba160d5bc20299?s=96&d=mm&r=g","contentUrl":"https:\/\/secure.gravatar.com\/avatar\/393cb205b658aef6e3271ad5a92265e3e4433d2384bbe95524ba160d5bc20299?s=96&d=mm&r=g","caption":"funkymedia"},"sameAs":["https:\/\/darzdrowia.pl\/ciekawostki"],"url":"https:\/\/darzdrowia.pl\/ciekawostki\/author\/funkymedia\/"}]}},"_links":{"self":[{"href":"https:\/\/darzdrowia.pl\/ciekawostki\/wp-json\/wp\/v2\/posts\/7007","targetHints":{"allow":["GET"]}}],"collection":[{"href":"https:\/\/darzdrowia.pl\/ciekawostki\/wp-json\/wp\/v2\/posts"}],"about":[{"href":"https:\/\/darzdrowia.pl\/ciekawostki\/wp-json\/wp\/v2\/types\/post"}],"author":[{"embeddable":true,"href":"https:\/\/darzdrowia.pl\/ciekawostki\/wp-json\/wp\/v2\/users\/1"}],"replies":[{"embeddable":true,"href":"https:\/\/darzdrowia.pl\/ciekawostki\/wp-json\/wp\/v2\/comments?post=7007"}],"version-history":[{"count":0,"href":"https:\/\/darzdrowia.pl\/ciekawostki\/wp-json\/wp\/v2\/posts\/7007\/revisions"}],"wp:attachment":[{"href":"https:\/\/darzdrowia.pl\/ciekawostki\/wp-json\/wp\/v2\/media?parent=7007"}],"wp:term":[{"taxonomy":"category","embeddable":true,"href":"https:\/\/darzdrowia.pl\/ciekawostki\/wp-json\/wp\/v2\/categories?post=7007"},{"taxonomy":"post_tag","embeddable":true,"href":"https:\/\/darzdrowia.pl\/ciekawostki\/wp-json\/wp\/v2\/tags?post=7007"}],"curies":[{"name":"wp","href":"https:\/\/api.w.org\/{rel}","templated":true}]}}