{"id":5680,"date":"2024-10-30T10:34:32","date_gmt":"2024-10-30T09:34:32","guid":{"rendered":"https:\/\/darzdrowia.pl\/ciekawostki\/jakie-sa-objawy-niedoboru-tranu-u-dzieci\/"},"modified":"2024-10-30T10:34:32","modified_gmt":"2024-10-30T09:34:32","slug":"jakie-sa-objawy-niedoboru-tranu-u-dzieci","status":"publish","type":"post","link":"https:\/\/darzdrowia.pl\/ciekawostki\/jakie-sa-objawy-niedoboru-tranu-u-dzieci\/","title":{"rendered":"Jakie s\u0105 objawy niedoboru tranu u dzieci?"},"content":{"rendered":"\n<p>Tran, b\u0119d\u0105cy bogatym \u017ar\u00f3d\u0142em kwas\u00f3w t\u0142uszczowych omega-3 oraz witamin A i D, odgrywa istotn\u0105 rol\u0119 w prawid\u0142owym rozwoju dzieci. Niedob\u00f3r tych sk\u0142adnik\u00f3w mo\u017ce prowadzi\u0107 do szeregu niekorzystnych objaw\u00f3w zdrowotnych. W przypadku dzieci, kt\u00f3re s\u0105 w fazie intensywnego wzrostu i rozwoju, odpowiednia poda\u017c tranu jest szczeg\u00f3lnie wa\u017cna. Objawy niedoboru mog\u0105 by\u0107 r\u00f3\u017cnorodne i obejmowa\u0107 zar\u00f3wno problemy fizyczne, jak i psychiczne. Warto zwr\u00f3ci\u0107 uwag\u0119 na takie symptomy jak os\u0142abienie uk\u0142adu odporno\u015bciowego, co skutkuje cz\u0119stszymi infekcjami, problemy z koncentracj\u0105 i nauk\u0105, a tak\u017ce zaburzenia wzrostu ko\u015bci czy pogorszenie stanu sk\u00f3ry. Zrozumienie tych objaw\u00f3w jest kluczowe dla zapewnienia dzieciom odpowiedniej opieki zdrowotnej i wsparcia ich prawid\u0142owego rozwoju.<\/p>\n\n\n\n<h2 class=\"wp-block-heading\">Niedob\u00f3r tranu u dzieci: Jakie objawy powinny zaniepokoi\u0107 rodzic\u00f3w?<\/h2>\n\n\n\n<p>Niedob\u00f3r tranu u dzieci mo\u017ce prowadzi\u0107 do r\u00f3\u017cnych objaw\u00f3w, kt\u00f3re powinny zaniepokoi\u0107 rodzic\u00f3w. Przede wszystkim warto zwr\u00f3ci\u0107 uwag\u0119 na os\u0142abienie uk\u0142adu odporno\u015bciowego, co mo\u017ce objawia\u0107 si\u0119 cz\u0119stszymi infekcjami. Dzieci mog\u0105 r\u00f3wnie\u017c do\u015bwiadcza\u0107 problem\u00f3w ze wzrokiem, takich jak pogorszenie ostro\u015bci widzenia. Niedob\u00f3r kwas\u00f3w omega-3 zawartych w tranie mo\u017ce wp\u0142ywa\u0107 na rozw\u00f3j m\u00f3zgu, co mo\u017ce skutkowa\u0107 trudno\u015bciami w koncentracji i nauce. Inne objawy to sucho\u015b\u0107 sk\u00f3ry oraz problemy z w\u0142osami i paznokciami. W przypadku zaobserwowania tych symptom\u00f3w zaleca si\u0119 konsultacj\u0119 z pediatr\u0105.<\/p>\n\n\n\n<h2 class=\"wp-block-heading\">Tran w diecie dziecka: Rozpoznawanie i zapobieganie niedoborom<\/h2>\n\n\n\n<p>Tran jest bogatym \u017ar\u00f3d\u0142em witamin A i D oraz kwas\u00f3w omega-3, kt\u00f3re s\u0105 kluczowe dla prawid\u0142owego rozwoju dziecka. Niedobory tych sk\u0142adnik\u00f3w mog\u0105 prowadzi\u0107 do problem\u00f3w z uk\u0142adem odporno\u015bciowym, wzrostem oraz zdrowiem ko\u015bci. Objawy niedoboru witaminy D to m.in. os\u0142abienie mi\u0119\u015bni, b\u00f3le ko\u015bci i zwi\u0119kszona podatno\u015b\u0107 na infekcje. Witamina A jest niezb\u0119dna dla zdrowia oczu i sk\u00f3ry.<\/p>\n\n\n\n<p>Aby zapobiega\u0107 niedoborom, zaleca si\u0119 wprowadzenie tranu do diety dziecka, zw\u0142aszcza w okresie jesienno-zimowym, gdy ekspozycja na s\u0142o\u0144ce jest ograniczona. Tran mo\u017cna podawa\u0107 w formie p\u0142ynnej lub kapsu\u0142ek, dostosowuj\u0105c dawk\u0119 do wieku i potrzeb dziecka. Wa\u017cne jest skonsultowanie si\u0119 z pediatr\u0105 przed rozpocz\u0119ciem suplementacji, aby unikn\u0105\u0107 przedawkowania witamin. Regularne monitorowanie poziomu witamin we krwi mo\u017ce pom\u00f3c w dostosowaniu diety i suplementacji do indywidualnych potrzeb dziecka.<\/p>\n\n\n\n<h2 class=\"wp-block-heading\">Zdrowie dzieci a tran: Kluczowe symptomy wskazuj\u0105ce na jego brak<\/h2>\n\n\n\n<p>Brak tranu w diecie dzieci mo\u017ce prowadzi\u0107 do kilku kluczowych symptom\u00f3w. Po pierwsze, niedob\u00f3r kwas\u00f3w omega-3, kt\u00f3re s\u0105 obecne w tranie, mo\u017ce skutkowa\u0107 problemami z koncentracj\u0105 i pami\u0119ci\u0105. Dzieci mog\u0105 wykazywa\u0107 trudno\u015bci w nauce oraz obni\u017con\u0105 zdolno\u015b\u0107 skupienia uwagi. Po drugie, niedostateczna ilo\u015b\u0107 witaminy D, r\u00f3wnie\u017c zawartej w tranie, mo\u017ce prowadzi\u0107 do os\u0142abienia uk\u0142adu odporno\u015bciowego. W efekcie dzieci mog\u0105 by\u0107 bardziej podatne na infekcje i przezi\u0119bienia. Ponadto brak tej witaminy wp\u0142ywa na zdrowie ko\u015bci, co mo\u017ce objawia\u0107 si\u0119 b\u00f3lami wzrostowymi lub op\u00f3\u017anionym rozwojem fizycznym. Warto monitorowa\u0107 te symptomy i konsultowa\u0107 si\u0119 z pediatr\u0105 w celu ewentualnego uzupe\u0142nienia diety dziecka o tran lub inne \u017ar\u00f3d\u0142a niezb\u0119dnych sk\u0142adnik\u00f3w od\u017cywczych.<\/p>\n\n\n\n<p>Niedob\u00f3r tranu u dzieci, kt\u00f3ry jest bogatym \u017ar\u00f3d\u0142em witamin A i D oraz kwas\u00f3w omega-3, mo\u017ce prowadzi\u0107 do szeregu objaw\u00f3w zdrowotnych. Brak odpowiedniej ilo\u015bci witaminy D mo\u017ce skutkowa\u0107 problemami z prawid\u0142owym rozwojem ko\u015bci, takimi jak krzywica, oraz os\u0142abieniem uk\u0142adu odporno\u015bciowego. Niedob\u00f3r witaminy A mo\u017ce prowadzi\u0107 do pogorszenia wzroku, sucho\u015bci sk\u00f3ry i b\u0142on \u015bluzowych oraz zwi\u0119kszonej podatno\u015bci na infekcje. Z kolei brak kwas\u00f3w omega-3 mo\u017ce wp\u0142yn\u0105\u0107 na rozw\u00f3j m\u00f3zgu i funkcje poznawcze dziecka, a tak\u017ce na zdrowie serca. Dlatego wa\u017cne jest, aby dieta dzieci by\u0142a odpowiednio zbilansowana i zawiera\u0142a \u017ar\u00f3d\u0142a tych niezb\u0119dnych sk\u0142adnik\u00f3w od\u017cywczych, co mo\u017cna osi\u0105gn\u0105\u0107 poprzez suplementacj\u0119 tranem lub spo\u017cywanie pokarm\u00f3w bogatych w te substancje. Regularne konsultacje z pediatr\u0105 mog\u0105 pom\u00f3c w monitorowaniu stanu zdrowia dziecka i zapobieganiu ewentualnym niedoborom.<\/p>\n","protected":false},"excerpt":{"rendered":"<p>Tran, b\u0119d\u0105cy bogatym \u017ar\u00f3d\u0142em kwas\u00f3w t\u0142uszczowych omega-3 oraz witamin A i D, odgrywa istotn\u0105 rol\u0119 w prawid\u0142owym rozwoju dzieci. Niedob\u00f3r tych sk\u0142adnik\u00f3w mo\u017ce prowadzi\u0107 do szeregu niekorzystnych objaw\u00f3w zdrowotnych. W przypadku dzieci, kt\u00f3re s\u0105 w fazie intensywnego wzrostu i rozwoju, odpowiednia poda\u017c tranu jest szczeg\u00f3lnie wa\u017cna. Objawy niedoboru mog\u0105 by\u0107 r\u00f3\u017cnorodne i obejmowa\u0107 zar\u00f3wno problemy [&hellip;]<\/p>\n","protected":false},"author":1,"featured_media":0,"comment_status":"","ping_status":"open","sticky":false,"template":"","format":"standard","meta":{"footnotes":""},"categories":[1],"tags":[],"class_list":["post-5680","post","type-post","status-publish","format-standard","hentry","category-bez-kategorii"],"fm_meta_title":"Jakie s\u0105 objawy niedoboru tranu u dzieci?","fm_meta_description":"Dowiedz si\u0119, jakie s\u0105 objawy niedoboru tranu u dzieci i jak wp\u0142ywa to na ich zdrowie. Sprawd\u017a, jak zadba\u0107 o odpowiedni\u0105 suplementacj\u0119!","yoast_head":"<!-- This site is optimized with the Yoast SEO plugin v21.5 - https:\/\/yoast.com\/wordpress\/plugins\/seo\/ -->\n<title>Jakie s\u0105 objawy niedoboru tranu u dzieci?<\/title>\n<meta name=\"description\" content=\"Dowiedz si\u0119, jakie s\u0105 objawy niedoboru tranu u dzieci i jak wp\u0142ywa to na ich zdrowie. Sprawd\u017a, jak zadba\u0107 o odpowiedni\u0105 suplementacj\u0119!\" \/>\n<meta name=\"robots\" content=\"index, follow, max-snippet:-1, max-image-preview:large, max-video-preview:-1\" \/>\n<link rel=\"canonical\" href=\"https:\/\/darzdrowia.pl\/ciekawostki\/jakie-sa-objawy-niedoboru-tranu-u-dzieci\/\" \/>\n<meta property=\"og:locale\" content=\"pl_PL\" \/>\n<meta property=\"og:type\" content=\"article\" \/>\n<meta property=\"og:title\" content=\"Jakie s\u0105 objawy niedoboru tranu u dzieci?\" \/>\n<meta property=\"og:description\" content=\"Dowiedz si\u0119, jakie s\u0105 objawy niedoboru tranu u dzieci i jak wp\u0142ywa to na ich zdrowie. Sprawd\u017a, jak zadba\u0107 o odpowiedni\u0105 suplementacj\u0119!\" \/>\n<meta property=\"og:url\" content=\"https:\/\/darzdrowia.pl\/ciekawostki\/jakie-sa-objawy-niedoboru-tranu-u-dzieci\/\" \/>\n<meta property=\"og:site_name\" content=\"Dar Zdrowia Drogeria - Blog\" \/>\n<meta property=\"article:publisher\" content=\"https:\/\/www.facebook.com\/profile.php?id=100063606935396\" \/>\n<meta property=\"article:published_time\" content=\"2024-10-30T09:34:32+00:00\" \/>\n<meta name=\"author\" content=\"funkymedia\" \/>\n<meta name=\"twitter:card\" content=\"summary_large_image\" \/>\n<meta name=\"twitter:label1\" content=\"Napisane przez\" \/>\n\t<meta name=\"twitter:data1\" content=\"funkymedia\" \/>\n\t<meta name=\"twitter:label2\" content=\"Szacowany czas czytania\" \/>\n\t<meta name=\"twitter:data2\" content=\"4 minuty\" \/>\n<script type=\"application\/ld+json\" class=\"yoast-schema-graph\">{\"@context\":\"https:\/\/schema.org\",\"@graph\":[{\"@type\":\"Article\",\"@id\":\"https:\/\/darzdrowia.pl\/ciekawostki\/jakie-sa-objawy-niedoboru-tranu-u-dzieci\/#article\",\"isPartOf\":{\"@id\":\"https:\/\/darzdrowia.pl\/ciekawostki\/jakie-sa-objawy-niedoboru-tranu-u-dzieci\/\"},\"author\":{\"name\":\"funkymedia\",\"@id\":\"https:\/\/darzdrowia.pl\/ciekawostki\/#\/schema\/person\/e75579d624630bf943ac69d374bb928e\"},\"headline\":\"Jakie s\u0105 objawy niedoboru tranu u dzieci?\",\"datePublished\":\"2024-10-30T09:34:32+00:00\",\"dateModified\":\"2024-10-30T09:34:32+00:00\",\"mainEntityOfPage\":{\"@id\":\"https:\/\/darzdrowia.pl\/ciekawostki\/jakie-sa-objawy-niedoboru-tranu-u-dzieci\/\"},\"wordCount\":721,\"publisher\":{\"@id\":\"https:\/\/darzdrowia.pl\/ciekawostki\/#organization\"},\"inLanguage\":\"pl-PL\"},{\"@type\":\"WebPage\",\"@id\":\"https:\/\/darzdrowia.pl\/ciekawostki\/jakie-sa-objawy-niedoboru-tranu-u-dzieci\/\",\"url\":\"https:\/\/darzdrowia.pl\/ciekawostki\/jakie-sa-objawy-niedoboru-tranu-u-dzieci\/\",\"name\":\"Jakie s\u0105 objawy niedoboru tranu u dzieci?\",\"isPartOf\":{\"@id\":\"https:\/\/darzdrowia.pl\/ciekawostki\/#website\"},\"datePublished\":\"2024-10-30T09:34:32+00:00\",\"dateModified\":\"2024-10-30T09:34:32+00:00\",\"description\":\"Dowiedz si\u0119, jakie s\u0105 objawy niedoboru tranu u dzieci i jak wp\u0142ywa to na ich zdrowie. Sprawd\u017a, jak zadba\u0107 o odpowiedni\u0105 suplementacj\u0119!\",\"breadcrumb\":{\"@id\":\"https:\/\/darzdrowia.pl\/ciekawostki\/jakie-sa-objawy-niedoboru-tranu-u-dzieci\/#breadcrumb\"},\"inLanguage\":\"pl-PL\",\"potentialAction\":[{\"@type\":\"ReadAction\",\"target\":[\"https:\/\/darzdrowia.pl\/ciekawostki\/jakie-sa-objawy-niedoboru-tranu-u-dzieci\/\"]}]},{\"@type\":\"BreadcrumbList\",\"@id\":\"https:\/\/darzdrowia.pl\/ciekawostki\/jakie-sa-objawy-niedoboru-tranu-u-dzieci\/#breadcrumb\",\"itemListElement\":[{\"@type\":\"ListItem\",\"position\":1,\"name\":\"Strona g\u0142\u00f3wna\",\"item\":\"https:\/\/darzdrowia.pl\/ciekawostki\/\"},{\"@type\":\"ListItem\",\"position\":2,\"name\":\"Jakie s\u0105 objawy niedoboru tranu u dzieci?\"}]},{\"@type\":\"WebSite\",\"@id\":\"https:\/\/darzdrowia.pl\/ciekawostki\/#website\",\"url\":\"https:\/\/darzdrowia.pl\/ciekawostki\/\",\"name\":\"Dar Zdrowia Drogeria - Blog\",\"description\":\"\",\"publisher\":{\"@id\":\"https:\/\/darzdrowia.pl\/ciekawostki\/#organization\"},\"potentialAction\":[{\"@type\":\"SearchAction\",\"target\":{\"@type\":\"EntryPoint\",\"urlTemplate\":\"https:\/\/darzdrowia.pl\/ciekawostki\/?s={search_term_string}\"},\"query-input\":\"required name=search_term_string\"}],\"inLanguage\":\"pl-PL\"},{\"@type\":\"Organization\",\"@id\":\"https:\/\/darzdrowia.pl\/ciekawostki\/#organization\",\"name\":\"Dar Zdrowia Drogeria - Blog\",\"url\":\"https:\/\/darzdrowia.pl\/ciekawostki\/\",\"logo\":{\"@type\":\"ImageObject\",\"inLanguage\":\"pl-PL\",\"@id\":\"https:\/\/darzdrowia.pl\/ciekawostki\/#\/schema\/logo\/image\/\",\"url\":\"https:\/\/darzdrowia.pl\/ciekawostki\/wp-content\/uploads\/2023\/11\/logo-darzdrowia.webp\",\"contentUrl\":\"https:\/\/darzdrowia.pl\/ciekawostki\/wp-content\/uploads\/2023\/11\/logo-darzdrowia.webp\",\"width\":744,\"height\":225,\"caption\":\"Dar Zdrowia Drogeria - Blog\"},\"image\":{\"@id\":\"https:\/\/darzdrowia.pl\/ciekawostki\/#\/schema\/logo\/image\/\"},\"sameAs\":[\"https:\/\/www.facebook.com\/profile.php?id=100063606935396\"]},{\"@type\":\"Person\",\"@id\":\"https:\/\/darzdrowia.pl\/ciekawostki\/#\/schema\/person\/e75579d624630bf943ac69d374bb928e\",\"name\":\"funkymedia\",\"image\":{\"@type\":\"ImageObject\",\"inLanguage\":\"pl-PL\",\"@id\":\"https:\/\/darzdrowia.pl\/ciekawostki\/#\/schema\/person\/image\/\",\"url\":\"https:\/\/secure.gravatar.com\/avatar\/393cb205b658aef6e3271ad5a92265e3e4433d2384bbe95524ba160d5bc20299?s=96&d=mm&r=g\",\"contentUrl\":\"https:\/\/secure.gravatar.com\/avatar\/393cb205b658aef6e3271ad5a92265e3e4433d2384bbe95524ba160d5bc20299?s=96&d=mm&r=g\",\"caption\":\"funkymedia\"},\"sameAs\":[\"https:\/\/darzdrowia.pl\/ciekawostki\"],\"url\":\"https:\/\/darzdrowia.pl\/ciekawostki\/author\/funkymedia\/\"}]}<\/script>\n<!-- \/ Yoast SEO plugin. -->","yoast_head_json":{"title":"Jakie s\u0105 objawy niedoboru tranu u dzieci?","description":"Dowiedz si\u0119, jakie s\u0105 objawy niedoboru tranu u dzieci i jak wp\u0142ywa to na ich zdrowie. Sprawd\u017a, jak zadba\u0107 o odpowiedni\u0105 suplementacj\u0119!","robots":{"index":"index","follow":"follow","max-snippet":"max-snippet:-1","max-image-preview":"max-image-preview:large","max-video-preview":"max-video-preview:-1"},"canonical":"https:\/\/darzdrowia.pl\/ciekawostki\/jakie-sa-objawy-niedoboru-tranu-u-dzieci\/","og_locale":"pl_PL","og_type":"article","og_title":"Jakie s\u0105 objawy niedoboru tranu u dzieci?","og_description":"Dowiedz si\u0119, jakie s\u0105 objawy niedoboru tranu u dzieci i jak wp\u0142ywa to na ich zdrowie. Sprawd\u017a, jak zadba\u0107 o odpowiedni\u0105 suplementacj\u0119!","og_url":"https:\/\/darzdrowia.pl\/ciekawostki\/jakie-sa-objawy-niedoboru-tranu-u-dzieci\/","og_site_name":"Dar Zdrowia Drogeria - Blog","article_publisher":"https:\/\/www.facebook.com\/profile.php?id=100063606935396","article_published_time":"2024-10-30T09:34:32+00:00","author":"funkymedia","twitter_card":"summary_large_image","twitter_misc":{"Napisane przez":"funkymedia","Szacowany czas czytania":"4 minuty"},"schema":{"@context":"https:\/\/schema.org","@graph":[{"@type":"Article","@id":"https:\/\/darzdrowia.pl\/ciekawostki\/jakie-sa-objawy-niedoboru-tranu-u-dzieci\/#article","isPartOf":{"@id":"https:\/\/darzdrowia.pl\/ciekawostki\/jakie-sa-objawy-niedoboru-tranu-u-dzieci\/"},"author":{"name":"funkymedia","@id":"https:\/\/darzdrowia.pl\/ciekawostki\/#\/schema\/person\/e75579d624630bf943ac69d374bb928e"},"headline":"Jakie s\u0105 objawy niedoboru tranu u dzieci?","datePublished":"2024-10-30T09:34:32+00:00","dateModified":"2024-10-30T09:34:32+00:00","mainEntityOfPage":{"@id":"https:\/\/darzdrowia.pl\/ciekawostki\/jakie-sa-objawy-niedoboru-tranu-u-dzieci\/"},"wordCount":721,"publisher":{"@id":"https:\/\/darzdrowia.pl\/ciekawostki\/#organization"},"inLanguage":"pl-PL"},{"@type":"WebPage","@id":"https:\/\/darzdrowia.pl\/ciekawostki\/jakie-sa-objawy-niedoboru-tranu-u-dzieci\/","url":"https:\/\/darzdrowia.pl\/ciekawostki\/jakie-sa-objawy-niedoboru-tranu-u-dzieci\/","name":"Jakie s\u0105 objawy niedoboru tranu u dzieci?","isPartOf":{"@id":"https:\/\/darzdrowia.pl\/ciekawostki\/#website"},"datePublished":"2024-10-30T09:34:32+00:00","dateModified":"2024-10-30T09:34:32+00:00","description":"Dowiedz si\u0119, jakie s\u0105 objawy niedoboru tranu u dzieci i jak wp\u0142ywa to na ich zdrowie. Sprawd\u017a, jak zadba\u0107 o odpowiedni\u0105 suplementacj\u0119!","breadcrumb":{"@id":"https:\/\/darzdrowia.pl\/ciekawostki\/jakie-sa-objawy-niedoboru-tranu-u-dzieci\/#breadcrumb"},"inLanguage":"pl-PL","potentialAction":[{"@type":"ReadAction","target":["https:\/\/darzdrowia.pl\/ciekawostki\/jakie-sa-objawy-niedoboru-tranu-u-dzieci\/"]}]},{"@type":"BreadcrumbList","@id":"https:\/\/darzdrowia.pl\/ciekawostki\/jakie-sa-objawy-niedoboru-tranu-u-dzieci\/#breadcrumb","itemListElement":[{"@type":"ListItem","position":1,"name":"Strona g\u0142\u00f3wna","item":"https:\/\/darzdrowia.pl\/ciekawostki\/"},{"@type":"ListItem","position":2,"name":"Jakie s\u0105 objawy niedoboru tranu u dzieci?"}]},{"@type":"WebSite","@id":"https:\/\/darzdrowia.pl\/ciekawostki\/#website","url":"https:\/\/darzdrowia.pl\/ciekawostki\/","name":"Dar Zdrowia Drogeria - Blog","description":"","publisher":{"@id":"https:\/\/darzdrowia.pl\/ciekawostki\/#organization"},"potentialAction":[{"@type":"SearchAction","target":{"@type":"EntryPoint","urlTemplate":"https:\/\/darzdrowia.pl\/ciekawostki\/?s={search_term_string}"},"query-input":"required name=search_term_string"}],"inLanguage":"pl-PL"},{"@type":"Organization","@id":"https:\/\/darzdrowia.pl\/ciekawostki\/#organization","name":"Dar Zdrowia Drogeria - Blog","url":"https:\/\/darzdrowia.pl\/ciekawostki\/","logo":{"@type":"ImageObject","inLanguage":"pl-PL","@id":"https:\/\/darzdrowia.pl\/ciekawostki\/#\/schema\/logo\/image\/","url":"https:\/\/darzdrowia.pl\/ciekawostki\/wp-content\/uploads\/2023\/11\/logo-darzdrowia.webp","contentUrl":"https:\/\/darzdrowia.pl\/ciekawostki\/wp-content\/uploads\/2023\/11\/logo-darzdrowia.webp","width":744,"height":225,"caption":"Dar Zdrowia Drogeria - Blog"},"image":{"@id":"https:\/\/darzdrowia.pl\/ciekawostki\/#\/schema\/logo\/image\/"},"sameAs":["https:\/\/www.facebook.com\/profile.php?id=100063606935396"]},{"@type":"Person","@id":"https:\/\/darzdrowia.pl\/ciekawostki\/#\/schema\/person\/e75579d624630bf943ac69d374bb928e","name":"funkymedia","image":{"@type":"ImageObject","inLanguage":"pl-PL","@id":"https:\/\/darzdrowia.pl\/ciekawostki\/#\/schema\/person\/image\/","url":"https:\/\/secure.gravatar.com\/avatar\/393cb205b658aef6e3271ad5a92265e3e4433d2384bbe95524ba160d5bc20299?s=96&d=mm&r=g","contentUrl":"https:\/\/secure.gravatar.com\/avatar\/393cb205b658aef6e3271ad5a92265e3e4433d2384bbe95524ba160d5bc20299?s=96&d=mm&r=g","caption":"funkymedia"},"sameAs":["https:\/\/darzdrowia.pl\/ciekawostki"],"url":"https:\/\/darzdrowia.pl\/ciekawostki\/author\/funkymedia\/"}]}},"_links":{"self":[{"href":"https:\/\/darzdrowia.pl\/ciekawostki\/wp-json\/wp\/v2\/posts\/5680","targetHints":{"allow":["GET"]}}],"collection":[{"href":"https:\/\/darzdrowia.pl\/ciekawostki\/wp-json\/wp\/v2\/posts"}],"about":[{"href":"https:\/\/darzdrowia.pl\/ciekawostki\/wp-json\/wp\/v2\/types\/post"}],"author":[{"embeddable":true,"href":"https:\/\/darzdrowia.pl\/ciekawostki\/wp-json\/wp\/v2\/users\/1"}],"replies":[{"embeddable":true,"href":"https:\/\/darzdrowia.pl\/ciekawostki\/wp-json\/wp\/v2\/comments?post=5680"}],"version-history":[{"count":0,"href":"https:\/\/darzdrowia.pl\/ciekawostki\/wp-json\/wp\/v2\/posts\/5680\/revisions"}],"wp:attachment":[{"href":"https:\/\/darzdrowia.pl\/ciekawostki\/wp-json\/wp\/v2\/media?parent=5680"}],"wp:term":[{"taxonomy":"category","embeddable":true,"href":"https:\/\/darzdrowia.pl\/ciekawostki\/wp-json\/wp\/v2\/categories?post=5680"},{"taxonomy":"post_tag","embeddable":true,"href":"https:\/\/darzdrowia.pl\/ciekawostki\/wp-json\/wp\/v2\/tags?post=5680"}],"curies":[{"name":"wp","href":"https:\/\/api.w.org\/{rel}","templated":true}]}}