{"id":5674,"date":"2024-10-30T10:32:38","date_gmt":"2024-10-30T09:32:38","guid":{"rendered":"https:\/\/darzdrowia.pl\/ciekawostki\/czy-dzieci-potrzebuja-tranu-przez-caly-rok\/"},"modified":"2024-10-30T10:32:38","modified_gmt":"2024-10-30T09:32:38","slug":"czy-dzieci-potrzebuja-tranu-przez-caly-rok","status":"publish","type":"post","link":"https:\/\/darzdrowia.pl\/ciekawostki\/czy-dzieci-potrzebuja-tranu-przez-caly-rok\/","title":{"rendered":"Czy dzieci potrzebuj\u0105 tranu przez ca\u0142y rok?"},"content":{"rendered":"\n<p>Tran, czyli olej z w\u0105troby dorsza, jest od lat ceniony za swoje w\u0142a\u015bciwo\u015bci zdrowotne, szczeg\u00f3lnie w kontek\u015bcie wspierania odporno\u015bci i prawid\u0142owego rozwoju dzieci. Zawiera on cenne kwasy t\u0142uszczowe omega-3 oraz witaminy A i D, kt\u00f3re odgrywaj\u0105 kluczow\u0105 rol\u0119 w funkcjonowaniu organizmu. W okresie jesienno-zimowym, kiedy dost\u0119p do naturalnego \u015bwiat\u0142a s\u0142onecznego jest ograniczony, suplementacja tranem staje si\u0119 popularnym sposobem na uzupe\u0142nienie niedobor\u00f3w witaminy D. Jednak pojawia si\u0119 pytanie: czy dzieci potrzebuj\u0105 tranu przez ca\u0142y rok? W niniejszym artykule przyjrzymy si\u0119 korzy\u015bciom p\u0142yn\u0105cym z regularnego spo\u017cywania tranu oraz zastanowimy si\u0119 nad tym, czy jego stosowanie powinno by\u0107 kontynuowane r\u00f3wnie\u017c w cieplejszych miesi\u0105cach roku.<\/p>\n\n\n\n<h2 class=\"wp-block-heading\">Tran przez ca\u0142y rok: Czy dzieci naprawd\u0119 go potrzebuj\u0105? Analiza korzy\u015bci i potencjalnych zagro\u017ce\u0144<\/h2>\n\n\n\n<p>Tran, czyli olej z w\u0105troby dorsza, jest popularnym suplementem diety, szczeg\u00f3lnie w\u015br\u00f3d dzieci. Zawiera witaminy A i D oraz kwasy omega-3, kt\u00f3re wspieraj\u0105 rozw\u00f3j m\u00f3zgu i uk\u0142adu odporno\u015bciowego. Regularne spo\u017cycie tranu mo\u017ce poprawi\u0107 koncentracj\u0119 i zmniejszy\u0107 ryzyko infekcji.<\/p>\n\n\n\n<p>Jednak nadmierne spo\u017cycie witamin A i D mo\u017ce prowadzi\u0107 do toksyczno\u015bci. Objawy to m.in. b\u00f3le g\u0142owy, nudno\u015bci czy problemy z ko\u015b\u0107mi. Dlatego wa\u017cne jest przestrzeganie zalecanych dawek.<\/p>\n\n\n\n<p>Niekt\u00f3re dzieci mog\u0105 by\u0107 uczulone na sk\u0142adniki tranu lub mie\u0107 problemy z jego tolerancj\u0105. W takich przypadkach warto skonsultowa\u0107 si\u0119 z pediatr\u0105 przed rozpocz\u0119ciem suplementacji.<\/p>\n\n\n\n<p>Podsumowuj\u0105c, tran mo\u017ce by\u0107 korzystny dla dzieci, ale nale\u017cy stosowa\u0107 go ostro\u017cnie i zgodnie z zaleceniami specjalist\u00f3w.<\/p>\n\n\n\n<h2 class=\"wp-block-heading\">Sezonowe suplementy czy ca\u0142oroczna ochrona? Rola tranu w diecie dzieci<\/h2>\n\n\n\n<p>Tran jest bogatym \u017ar\u00f3d\u0142em kwas\u00f3w omega-3, witaminy D oraz A, kt\u00f3re wspieraj\u0105 rozw\u00f3j m\u00f3zgu i uk\u0142adu odporno\u015bciowego u dzieci. W okresie jesienno-zimowym, gdy ekspozycja na s\u0142o\u0144ce jest ograniczona, suplementacja tranem mo\u017ce by\u0107 szczeg\u00f3lnie korzystna. Jednak ca\u0142oroczna ochrona r\u00f3wnie\u017c ma swoje zalety, zw\u0142aszcza w przypadku dzieci z niedoborami witamin. Decyzja o suplementacji powinna by\u0107 dostosowana do indywidualnych potrzeb dziecka i konsultowana z pediatr\u0105.<\/p>\n\n\n\n<h2 class=\"wp-block-heading\">Tran dla dzieci: Mity i fakty o jego stosowaniu przez ca\u0142y rok<\/h2>\n\n\n\n<p>**Tran dla dzieci: Mity i fakty o jego stosowaniu przez ca\u0142y rok**<\/p>\n\n\n\n<p>**Mity:**<\/p>\n\n\n\n<p>1. **Tran jest niepotrzebny latem**<\/p>\n\n\n\n<p>Wiele os\u00f3b uwa\u017ca, \u017ce tran jest zb\u0119dny w okresie letnim z powodu wi\u0119kszej ilo\u015bci s\u0142o\u0144ca. Jednak synteza witaminy D mo\u017ce by\u0107 niewystarczaj\u0105ca, zw\u0142aszcza w klimatach o zmiennej pogodzie.<\/p>\n\n\n\n<p>2. **Tran powoduje nadmiar witamin**<\/p>\n\n\n\n<p>Obawy dotycz\u0105ce hiperwitaminozy s\u0105 przesadzone, je\u015bli tran jest stosowany zgodnie z zaleceniami producenta.<\/p>\n\n\n\n<p>3. **Wszystkie trany s\u0105 takie same**<\/p>\n\n\n\n<p>Jako\u015b\u0107 tranu mo\u017ce si\u0119 r\u00f3\u017cni\u0107 w zale\u017cno\u015bci od \u017ar\u00f3d\u0142a i procesu produkcji. Wa\u017cne jest wybieranie produkt\u00f3w renomowanych marek.<\/p>\n\n\n\n<p>**Fakty:**<\/p>\n\n\n\n<p>1. **\u0179r\u00f3d\u0142o witamin A i D**<\/p>\n\n\n\n<p>Tran jest bogatym \u017ar\u00f3d\u0142em witamin A i D, kt\u00f3re wspieraj\u0105 uk\u0142ad odporno\u015bciowy oraz zdrowie ko\u015bci i wzroku.<\/p>\n\n\n\n<p>2. **Kwasy omega-3**<\/p>\n\n\n\n<p>Tran zawiera kwasy t\u0142uszczowe omega-3, kt\u00f3re wspomagaj\u0105 rozw\u00f3j m\u00f3zgu i uk\u0142adu nerwowego u dzieci.<\/p>\n\n\n\n<p>3. **Bezpiecze\u0144stwo stosowania przez ca\u0142y rok**<\/p>\n\n\n\n<p>Regularne spo\u017cywanie tranu przez ca\u0142y rok mo\u017ce przynie\u015b\u0107 korzy\u015bci zdrowotne, pod warunkiem przestrzegania zalecanych dawek.<\/p>\n\n\n\n<p>4. **Wsparcie odporno\u015bci**<\/p>\n\n\n\n<p>Tran mo\u017ce pom\u00f3c wzmocni\u0107 odporno\u015b\u0107 dzieci, co jest szczeg\u00f3lnie wa\u017cne w okresach zwi\u0119kszonej zachorowalno\u015bci na infekcje.<\/p>\n\n\n\n<p>Zaleca si\u0119 konsultacj\u0119 z pediatr\u0105 przed rozpocz\u0119ciem suplementacji tranem u dzieci, aby dostosowa\u0107 dawk\u0119 do indywidualnych potrzeb dziecka.<\/p>\n\n\n\n<p>Podsumowuj\u0105c, kwestia suplementacji tranu u dzieci przez ca\u0142y rok zale\u017cy od wielu czynnik\u00f3w, takich jak dieta, styl \u017cycia oraz indywidualne potrzeby zdrowotne. Tran jest bogatym \u017ar\u00f3d\u0142em kwas\u00f3w omega-3 i witaminy D, kt\u00f3re s\u0105 kluczowe dla prawid\u0142owego rozwoju m\u00f3zgu, uk\u0142adu odporno\u015bciowego oraz zdrowia ko\u015bci. W miesi\u0105cach zimowych, gdy ekspozycja na s\u0142o\u0144ce jest ograniczona, suplementacja witamin\u0105 D mo\u017ce by\u0107 szczeg\u00f3lnie korzystna. Jednak w okresie letnim, przy odpowiedniej diecie i wystarczaj\u0105cej ilo\u015bci czasu sp\u0119dzanego na \u015bwie\u017cym powietrzu, dodatkowa suplementacja mo\u017ce nie by\u0107 konieczna. Zawsze warto skonsultowa\u0107 si\u0119 z pediatr\u0105 przed rozpocz\u0119ciem regularnego podawania tranu dziecku, aby dostosowa\u0107 dawk\u0119 do jego indywidualnych potrzeb i unikn\u0105\u0107 ewentualnego przedawkowania witamin.<\/p>\n","protected":false},"excerpt":{"rendered":"<p>Tran, czyli olej z w\u0105troby dorsza, jest od lat ceniony za swoje w\u0142a\u015bciwo\u015bci zdrowotne, szczeg\u00f3lnie w kontek\u015bcie wspierania odporno\u015bci i prawid\u0142owego rozwoju dzieci. Zawiera on cenne kwasy t\u0142uszczowe omega-3 oraz witaminy A i D, kt\u00f3re odgrywaj\u0105 kluczow\u0105 rol\u0119 w funkcjonowaniu organizmu. W okresie jesienno-zimowym, kiedy dost\u0119p do naturalnego \u015bwiat\u0142a s\u0142onecznego jest ograniczony, suplementacja tranem staje [&hellip;]<\/p>\n","protected":false},"author":1,"featured_media":0,"comment_status":"","ping_status":"open","sticky":false,"template":"","format":"standard","meta":{"footnotes":""},"categories":[1],"tags":[],"class_list":["post-5674","post","type-post","status-publish","format-standard","hentry","category-bez-kategorii"],"fm_meta_title":"Czy dzieci potrzebuj\u0105 tranu przez ca\u0142y rok?","fm_meta_description":"Dowiedz si\u0119, czy dzieci potrzebuj\u0105 tranu przez ca\u0142y rok. Odkryj korzy\u015bci zdrowotne i zalecenia ekspert\u00f3w. Sprawd\u017a, jak wspiera\u0107 odporno\u015b\u0107 najm\u0142odszych!","yoast_head":"<!-- This site is optimized with the Yoast SEO plugin v21.5 - https:\/\/yoast.com\/wordpress\/plugins\/seo\/ -->\n<title>Czy dzieci potrzebuj\u0105 tranu przez ca\u0142y rok?<\/title>\n<meta name=\"description\" content=\"Dowiedz si\u0119, czy dzieci potrzebuj\u0105 tranu przez ca\u0142y rok. Odkryj korzy\u015bci zdrowotne i zalecenia ekspert\u00f3w. Sprawd\u017a, jak wspiera\u0107 odporno\u015b\u0107 najm\u0142odszych!\" \/>\n<meta name=\"robots\" content=\"index, follow, max-snippet:-1, max-image-preview:large, max-video-preview:-1\" \/>\n<link rel=\"canonical\" href=\"https:\/\/darzdrowia.pl\/ciekawostki\/czy-dzieci-potrzebuja-tranu-przez-caly-rok\/\" \/>\n<meta property=\"og:locale\" content=\"pl_PL\" \/>\n<meta property=\"og:type\" content=\"article\" \/>\n<meta property=\"og:title\" content=\"Czy dzieci potrzebuj\u0105 tranu przez ca\u0142y rok?\" \/>\n<meta property=\"og:description\" content=\"Dowiedz si\u0119, czy dzieci potrzebuj\u0105 tranu przez ca\u0142y rok. Odkryj korzy\u015bci zdrowotne i zalecenia ekspert\u00f3w. Sprawd\u017a, jak wspiera\u0107 odporno\u015b\u0107 najm\u0142odszych!\" \/>\n<meta property=\"og:url\" content=\"https:\/\/darzdrowia.pl\/ciekawostki\/czy-dzieci-potrzebuja-tranu-przez-caly-rok\/\" \/>\n<meta property=\"og:site_name\" content=\"Dar Zdrowia Drogeria - Blog\" \/>\n<meta property=\"article:publisher\" content=\"https:\/\/www.facebook.com\/profile.php?id=100063606935396\" \/>\n<meta property=\"article:published_time\" content=\"2024-10-30T09:32:38+00:00\" \/>\n<meta name=\"author\" content=\"funkymedia\" \/>\n<meta name=\"twitter:card\" content=\"summary_large_image\" \/>\n<meta name=\"twitter:label1\" content=\"Napisane przez\" \/>\n\t<meta name=\"twitter:data1\" content=\"funkymedia\" \/>\n\t<meta name=\"twitter:label2\" content=\"Szacowany czas czytania\" \/>\n\t<meta name=\"twitter:data2\" content=\"4 minuty\" \/>\n<script type=\"application\/ld+json\" class=\"yoast-schema-graph\">{\"@context\":\"https:\/\/schema.org\",\"@graph\":[{\"@type\":\"Article\",\"@id\":\"https:\/\/darzdrowia.pl\/ciekawostki\/czy-dzieci-potrzebuja-tranu-przez-caly-rok\/#article\",\"isPartOf\":{\"@id\":\"https:\/\/darzdrowia.pl\/ciekawostki\/czy-dzieci-potrzebuja-tranu-przez-caly-rok\/\"},\"author\":{\"name\":\"funkymedia\",\"@id\":\"https:\/\/darzdrowia.pl\/ciekawostki\/#\/schema\/person\/e75579d624630bf943ac69d374bb928e\"},\"headline\":\"Czy dzieci potrzebuj\u0105 tranu przez ca\u0142y rok?\",\"datePublished\":\"2024-10-30T09:32:38+00:00\",\"dateModified\":\"2024-10-30T09:32:38+00:00\",\"mainEntityOfPage\":{\"@id\":\"https:\/\/darzdrowia.pl\/ciekawostki\/czy-dzieci-potrzebuja-tranu-przez-caly-rok\/\"},\"wordCount\":740,\"publisher\":{\"@id\":\"https:\/\/darzdrowia.pl\/ciekawostki\/#organization\"},\"inLanguage\":\"pl-PL\"},{\"@type\":\"WebPage\",\"@id\":\"https:\/\/darzdrowia.pl\/ciekawostki\/czy-dzieci-potrzebuja-tranu-przez-caly-rok\/\",\"url\":\"https:\/\/darzdrowia.pl\/ciekawostki\/czy-dzieci-potrzebuja-tranu-przez-caly-rok\/\",\"name\":\"Czy dzieci potrzebuj\u0105 tranu przez ca\u0142y rok?\",\"isPartOf\":{\"@id\":\"https:\/\/darzdrowia.pl\/ciekawostki\/#website\"},\"datePublished\":\"2024-10-30T09:32:38+00:00\",\"dateModified\":\"2024-10-30T09:32:38+00:00\",\"description\":\"Dowiedz si\u0119, czy dzieci potrzebuj\u0105 tranu przez ca\u0142y rok. Odkryj korzy\u015bci zdrowotne i zalecenia ekspert\u00f3w. Sprawd\u017a, jak wspiera\u0107 odporno\u015b\u0107 najm\u0142odszych!\",\"breadcrumb\":{\"@id\":\"https:\/\/darzdrowia.pl\/ciekawostki\/czy-dzieci-potrzebuja-tranu-przez-caly-rok\/#breadcrumb\"},\"inLanguage\":\"pl-PL\",\"potentialAction\":[{\"@type\":\"ReadAction\",\"target\":[\"https:\/\/darzdrowia.pl\/ciekawostki\/czy-dzieci-potrzebuja-tranu-przez-caly-rok\/\"]}]},{\"@type\":\"BreadcrumbList\",\"@id\":\"https:\/\/darzdrowia.pl\/ciekawostki\/czy-dzieci-potrzebuja-tranu-przez-caly-rok\/#breadcrumb\",\"itemListElement\":[{\"@type\":\"ListItem\",\"position\":1,\"name\":\"Strona g\u0142\u00f3wna\",\"item\":\"https:\/\/darzdrowia.pl\/ciekawostki\/\"},{\"@type\":\"ListItem\",\"position\":2,\"name\":\"Czy dzieci potrzebuj\u0105 tranu przez ca\u0142y rok?\"}]},{\"@type\":\"WebSite\",\"@id\":\"https:\/\/darzdrowia.pl\/ciekawostki\/#website\",\"url\":\"https:\/\/darzdrowia.pl\/ciekawostki\/\",\"name\":\"Dar Zdrowia Drogeria - Blog\",\"description\":\"\",\"publisher\":{\"@id\":\"https:\/\/darzdrowia.pl\/ciekawostki\/#organization\"},\"potentialAction\":[{\"@type\":\"SearchAction\",\"target\":{\"@type\":\"EntryPoint\",\"urlTemplate\":\"https:\/\/darzdrowia.pl\/ciekawostki\/?s={search_term_string}\"},\"query-input\":\"required name=search_term_string\"}],\"inLanguage\":\"pl-PL\"},{\"@type\":\"Organization\",\"@id\":\"https:\/\/darzdrowia.pl\/ciekawostki\/#organization\",\"name\":\"Dar Zdrowia Drogeria - Blog\",\"url\":\"https:\/\/darzdrowia.pl\/ciekawostki\/\",\"logo\":{\"@type\":\"ImageObject\",\"inLanguage\":\"pl-PL\",\"@id\":\"https:\/\/darzdrowia.pl\/ciekawostki\/#\/schema\/logo\/image\/\",\"url\":\"https:\/\/darzdrowia.pl\/ciekawostki\/wp-content\/uploads\/2023\/11\/logo-darzdrowia.webp\",\"contentUrl\":\"https:\/\/darzdrowia.pl\/ciekawostki\/wp-content\/uploads\/2023\/11\/logo-darzdrowia.webp\",\"width\":744,\"height\":225,\"caption\":\"Dar Zdrowia Drogeria - Blog\"},\"image\":{\"@id\":\"https:\/\/darzdrowia.pl\/ciekawostki\/#\/schema\/logo\/image\/\"},\"sameAs\":[\"https:\/\/www.facebook.com\/profile.php?id=100063606935396\"]},{\"@type\":\"Person\",\"@id\":\"https:\/\/darzdrowia.pl\/ciekawostki\/#\/schema\/person\/e75579d624630bf943ac69d374bb928e\",\"name\":\"funkymedia\",\"image\":{\"@type\":\"ImageObject\",\"inLanguage\":\"pl-PL\",\"@id\":\"https:\/\/darzdrowia.pl\/ciekawostki\/#\/schema\/person\/image\/\",\"url\":\"https:\/\/secure.gravatar.com\/avatar\/393cb205b658aef6e3271ad5a92265e3e4433d2384bbe95524ba160d5bc20299?s=96&d=mm&r=g\",\"contentUrl\":\"https:\/\/secure.gravatar.com\/avatar\/393cb205b658aef6e3271ad5a92265e3e4433d2384bbe95524ba160d5bc20299?s=96&d=mm&r=g\",\"caption\":\"funkymedia\"},\"sameAs\":[\"https:\/\/darzdrowia.pl\/ciekawostki\"],\"url\":\"https:\/\/darzdrowia.pl\/ciekawostki\/author\/funkymedia\/\"}]}<\/script>\n<!-- \/ Yoast SEO plugin. -->","yoast_head_json":{"title":"Czy dzieci potrzebuj\u0105 tranu przez ca\u0142y rok?","description":"Dowiedz si\u0119, czy dzieci potrzebuj\u0105 tranu przez ca\u0142y rok. Odkryj korzy\u015bci zdrowotne i zalecenia ekspert\u00f3w. Sprawd\u017a, jak wspiera\u0107 odporno\u015b\u0107 najm\u0142odszych!","robots":{"index":"index","follow":"follow","max-snippet":"max-snippet:-1","max-image-preview":"max-image-preview:large","max-video-preview":"max-video-preview:-1"},"canonical":"https:\/\/darzdrowia.pl\/ciekawostki\/czy-dzieci-potrzebuja-tranu-przez-caly-rok\/","og_locale":"pl_PL","og_type":"article","og_title":"Czy dzieci potrzebuj\u0105 tranu przez ca\u0142y rok?","og_description":"Dowiedz si\u0119, czy dzieci potrzebuj\u0105 tranu przez ca\u0142y rok. Odkryj korzy\u015bci zdrowotne i zalecenia ekspert\u00f3w. Sprawd\u017a, jak wspiera\u0107 odporno\u015b\u0107 najm\u0142odszych!","og_url":"https:\/\/darzdrowia.pl\/ciekawostki\/czy-dzieci-potrzebuja-tranu-przez-caly-rok\/","og_site_name":"Dar Zdrowia Drogeria - Blog","article_publisher":"https:\/\/www.facebook.com\/profile.php?id=100063606935396","article_published_time":"2024-10-30T09:32:38+00:00","author":"funkymedia","twitter_card":"summary_large_image","twitter_misc":{"Napisane przez":"funkymedia","Szacowany czas czytania":"4 minuty"},"schema":{"@context":"https:\/\/schema.org","@graph":[{"@type":"Article","@id":"https:\/\/darzdrowia.pl\/ciekawostki\/czy-dzieci-potrzebuja-tranu-przez-caly-rok\/#article","isPartOf":{"@id":"https:\/\/darzdrowia.pl\/ciekawostki\/czy-dzieci-potrzebuja-tranu-przez-caly-rok\/"},"author":{"name":"funkymedia","@id":"https:\/\/darzdrowia.pl\/ciekawostki\/#\/schema\/person\/e75579d624630bf943ac69d374bb928e"},"headline":"Czy dzieci potrzebuj\u0105 tranu przez ca\u0142y rok?","datePublished":"2024-10-30T09:32:38+00:00","dateModified":"2024-10-30T09:32:38+00:00","mainEntityOfPage":{"@id":"https:\/\/darzdrowia.pl\/ciekawostki\/czy-dzieci-potrzebuja-tranu-przez-caly-rok\/"},"wordCount":740,"publisher":{"@id":"https:\/\/darzdrowia.pl\/ciekawostki\/#organization"},"inLanguage":"pl-PL"},{"@type":"WebPage","@id":"https:\/\/darzdrowia.pl\/ciekawostki\/czy-dzieci-potrzebuja-tranu-przez-caly-rok\/","url":"https:\/\/darzdrowia.pl\/ciekawostki\/czy-dzieci-potrzebuja-tranu-przez-caly-rok\/","name":"Czy dzieci potrzebuj\u0105 tranu przez ca\u0142y rok?","isPartOf":{"@id":"https:\/\/darzdrowia.pl\/ciekawostki\/#website"},"datePublished":"2024-10-30T09:32:38+00:00","dateModified":"2024-10-30T09:32:38+00:00","description":"Dowiedz si\u0119, czy dzieci potrzebuj\u0105 tranu przez ca\u0142y rok. Odkryj korzy\u015bci zdrowotne i zalecenia ekspert\u00f3w. Sprawd\u017a, jak wspiera\u0107 odporno\u015b\u0107 najm\u0142odszych!","breadcrumb":{"@id":"https:\/\/darzdrowia.pl\/ciekawostki\/czy-dzieci-potrzebuja-tranu-przez-caly-rok\/#breadcrumb"},"inLanguage":"pl-PL","potentialAction":[{"@type":"ReadAction","target":["https:\/\/darzdrowia.pl\/ciekawostki\/czy-dzieci-potrzebuja-tranu-przez-caly-rok\/"]}]},{"@type":"BreadcrumbList","@id":"https:\/\/darzdrowia.pl\/ciekawostki\/czy-dzieci-potrzebuja-tranu-przez-caly-rok\/#breadcrumb","itemListElement":[{"@type":"ListItem","position":1,"name":"Strona g\u0142\u00f3wna","item":"https:\/\/darzdrowia.pl\/ciekawostki\/"},{"@type":"ListItem","position":2,"name":"Czy dzieci potrzebuj\u0105 tranu przez ca\u0142y rok?"}]},{"@type":"WebSite","@id":"https:\/\/darzdrowia.pl\/ciekawostki\/#website","url":"https:\/\/darzdrowia.pl\/ciekawostki\/","name":"Dar Zdrowia Drogeria - Blog","description":"","publisher":{"@id":"https:\/\/darzdrowia.pl\/ciekawostki\/#organization"},"potentialAction":[{"@type":"SearchAction","target":{"@type":"EntryPoint","urlTemplate":"https:\/\/darzdrowia.pl\/ciekawostki\/?s={search_term_string}"},"query-input":"required name=search_term_string"}],"inLanguage":"pl-PL"},{"@type":"Organization","@id":"https:\/\/darzdrowia.pl\/ciekawostki\/#organization","name":"Dar Zdrowia Drogeria - Blog","url":"https:\/\/darzdrowia.pl\/ciekawostki\/","logo":{"@type":"ImageObject","inLanguage":"pl-PL","@id":"https:\/\/darzdrowia.pl\/ciekawostki\/#\/schema\/logo\/image\/","url":"https:\/\/darzdrowia.pl\/ciekawostki\/wp-content\/uploads\/2023\/11\/logo-darzdrowia.webp","contentUrl":"https:\/\/darzdrowia.pl\/ciekawostki\/wp-content\/uploads\/2023\/11\/logo-darzdrowia.webp","width":744,"height":225,"caption":"Dar Zdrowia Drogeria - Blog"},"image":{"@id":"https:\/\/darzdrowia.pl\/ciekawostki\/#\/schema\/logo\/image\/"},"sameAs":["https:\/\/www.facebook.com\/profile.php?id=100063606935396"]},{"@type":"Person","@id":"https:\/\/darzdrowia.pl\/ciekawostki\/#\/schema\/person\/e75579d624630bf943ac69d374bb928e","name":"funkymedia","image":{"@type":"ImageObject","inLanguage":"pl-PL","@id":"https:\/\/darzdrowia.pl\/ciekawostki\/#\/schema\/person\/image\/","url":"https:\/\/secure.gravatar.com\/avatar\/393cb205b658aef6e3271ad5a92265e3e4433d2384bbe95524ba160d5bc20299?s=96&d=mm&r=g","contentUrl":"https:\/\/secure.gravatar.com\/avatar\/393cb205b658aef6e3271ad5a92265e3e4433d2384bbe95524ba160d5bc20299?s=96&d=mm&r=g","caption":"funkymedia"},"sameAs":["https:\/\/darzdrowia.pl\/ciekawostki"],"url":"https:\/\/darzdrowia.pl\/ciekawostki\/author\/funkymedia\/"}]}},"_links":{"self":[{"href":"https:\/\/darzdrowia.pl\/ciekawostki\/wp-json\/wp\/v2\/posts\/5674","targetHints":{"allow":["GET"]}}],"collection":[{"href":"https:\/\/darzdrowia.pl\/ciekawostki\/wp-json\/wp\/v2\/posts"}],"about":[{"href":"https:\/\/darzdrowia.pl\/ciekawostki\/wp-json\/wp\/v2\/types\/post"}],"author":[{"embeddable":true,"href":"https:\/\/darzdrowia.pl\/ciekawostki\/wp-json\/wp\/v2\/users\/1"}],"replies":[{"embeddable":true,"href":"https:\/\/darzdrowia.pl\/ciekawostki\/wp-json\/wp\/v2\/comments?post=5674"}],"version-history":[{"count":0,"href":"https:\/\/darzdrowia.pl\/ciekawostki\/wp-json\/wp\/v2\/posts\/5674\/revisions"}],"wp:attachment":[{"href":"https:\/\/darzdrowia.pl\/ciekawostki\/wp-json\/wp\/v2\/media?parent=5674"}],"wp:term":[{"taxonomy":"category","embeddable":true,"href":"https:\/\/darzdrowia.pl\/ciekawostki\/wp-json\/wp\/v2\/categories?post=5674"},{"taxonomy":"post_tag","embeddable":true,"href":"https:\/\/darzdrowia.pl\/ciekawostki\/wp-json\/wp\/v2\/tags?post=5674"}],"curies":[{"name":"wp","href":"https:\/\/api.w.org\/{rel}","templated":true}]}}