{"id":5444,"date":"2024-09-27T14:01:36","date_gmt":"2024-09-27T12:01:36","guid":{"rendered":"https:\/\/darzdrowia.pl\/ciekawostki\/kosmetyki-do-cery-tradzikowej-czy-mozna-stosowac-kwasy-latem\/"},"modified":"2024-09-27T14:01:36","modified_gmt":"2024-09-27T12:01:36","slug":"kosmetyki-do-cery-tradzikowej-czy-mozna-stosowac-kwasy-latem","status":"publish","type":"post","link":"https:\/\/darzdrowia.pl\/ciekawostki\/kosmetyki-do-cery-tradzikowej-czy-mozna-stosowac-kwasy-latem\/","title":{"rendered":"Kosmetyki do cery tr\u0105dzikowej \u2013 czy mo\u017cna stosowa\u0107 kwasy latem?"},"content":{"rendered":"\n<p>Kosmetyki do cery tr\u0105dzikowej to temat, kt\u00f3ry budzi wiele pyta\u0144 i w\u0105tpliwo\u015bci, zw\u0142aszcza w kontek\u015bcie zmieniaj\u0105cych si\u0119 p\u00f3r roku. Jednym z najcz\u0119\u015bciej poruszanych zagadnie\u0144 jest stosowanie kwas\u00f3w latem. Kwasy, takie jak kwas salicylowy, glikolowy czy mlekowy, s\u0105 powszechnie wykorzystywane w piel\u0119gnacji sk\u00f3ry tr\u0105dzikowej ze wzgl\u0119du na swoje w\u0142a\u015bciwo\u015bci z\u0142uszczaj\u0105ce i przeciwzapalne. Jednak\u017ce ich u\u017cycie w okresie letnim budzi kontrowersje z uwagi na zwi\u0119kszone ryzyko podra\u017cnie\u0144 i przebarwie\u0144 sk\u00f3ry pod wp\u0142ywem promieniowania UV. W niniejszym artykule przyjrzymy si\u0119 bli\u017cej temu zagadnieniu, analizuj\u0105c zar\u00f3wno korzy\u015bci, jak i potencjalne zagro\u017cenia zwi\u0105zane ze stosowaniem kwas\u00f3w w letniej piel\u0119gnacji cery tr\u0105dzikowej.<\/p>\n\n\n\n<h2 class=\"wp-block-heading\">**&#8221;Kwasy w piel\u0119gnacji cery tr\u0105dzikowej latem: Bezpieczne stosowanie i najlepsze praktyki&#8221;**<\/h2>\n\n\n\n<p>Kwasy mog\u0105 by\u0107 skuteczne w piel\u0119gnacji cery tr\u0105dzikowej, ale latem wymagaj\u0105 szczeg\u00f3lnej ostro\u017cno\u015bci. Najwa\u017cniejsze jest unikanie nadmiernej ekspozycji na s\u0142o\u0144ce, poniewa\u017c kwasy zwi\u0119kszaj\u0105 wra\u017cliwo\u015b\u0107 sk\u00f3ry na promieniowanie UV. Zaleca si\u0119 stosowanie kwas\u00f3w wieczorem oraz u\u017cywanie krem\u00f3w z wysokim filtrem SPF w ci\u0105gu dnia.<\/p>\n\n\n\n<p>Do najbezpieczniejszych kwas\u00f3w na lato nale\u017c\u0105 kwas azelainowy i migda\u0142owy. Kwas azelainowy dzia\u0142a przeciwbakteryjnie i przeciwzapalnie, a jednocze\u015bnie jest \u0142agodny dla sk\u00f3ry. Kwas migda\u0142owy ma w\u0142a\u015bciwo\u015bci z\u0142uszczaj\u0105ce, ale nie powoduje silnego podra\u017cnienia.<\/p>\n\n\n\n<p>Przed rozpocz\u0119ciem kuracji warto skonsultowa\u0107 si\u0119 z dermatologiem. Nale\u017cy r\u00f3wnie\u017c monitorowa\u0107 reakcj\u0119 sk\u00f3ry i w razie potrzeby zmniejszy\u0107 cz\u0119stotliwo\u015b\u0107 stosowania kwas\u00f3w. Regularne nawil\u017canie sk\u00f3ry jest kluczowe, aby zapobiec przesuszeniu.<\/p>\n\n\n\n<p>Podsumowuj\u0105c, odpowiednie stosowanie kwas\u00f3w latem mo\u017ce przynie\u015b\u0107 korzy\u015bci dla cery tr\u0105dzikowej, pod warunkiem zachowania ostro\u017cno\u015bci i ochrony przed s\u0142o\u0144cem.<\/p>\n\n\n\n<h2 class=\"wp-block-heading\">**&#8221;Letnia piel\u0119gnacja cery tr\u0105dzikowej: Czy kwasy to dobry wyb\u00f3r?&#8221;**<\/h2>\n\n\n\n<p>Letnia piel\u0119gnacja cery tr\u0105dzikowej wymaga szczeg\u00f3lnej uwagi. Kwasy, takie jak salicylowy czy glikolowy, mog\u0105 by\u0107 skuteczne w walce z tr\u0105dzikiem. Dzia\u0142aj\u0105 z\u0142uszczaj\u0105co, odblokowuj\u0105 pory i redukuj\u0105 stany zapalne. Jednak latem ich stosowanie wi\u0105\u017ce si\u0119 z ryzykiem podra\u017cnie\u0144 i zwi\u0119kszonej wra\u017cliwo\u015bci na s\u0142o\u0144ce. Zaleca si\u0119 u\u017cywanie kwas\u00f3w wieczorem oraz stosowanie wysokiej ochrony przeciws\u0142onecznej w ci\u0105gu dnia. Warto r\u00f3wnie\u017c skonsultowa\u0107 si\u0119 z dermatologiem przed rozpocz\u0119ciem kuracji kwasami w okresie letnim.<\/p>\n\n\n\n<h2 class=\"wp-block-heading\">**&#8221;Ochrona sk\u00f3ry tr\u0105dzikowej latem: Jak skutecznie \u0142\u0105czy\u0107 kwasy z ochron\u0105 przeciws\u0142oneczn\u0105?&#8221;**<\/h2>\n\n\n\n<p>Latem sk\u00f3ra tr\u0105dzikowa wymaga szczeg\u00f3lnej uwagi. Kluczowe jest po\u0142\u0105czenie kwas\u00f3w z ochron\u0105 przeciws\u0142oneczn\u0105.<\/p>\n\n\n\n<p>1. **Wyb\u00f3r kwas\u00f3w**: Stosuj \u0142agodne kwasy, takie jak kwas salicylowy lub migda\u0142owy, kt\u00f3re nie zwi\u0119kszaj\u0105 wra\u017cliwo\u015bci na s\u0142o\u0144ce.<\/p>\n\n\n\n<p>2. **Cz\u0119stotliwo\u015b\u0107 stosowania**: Ogranicz u\u017cycie kwas\u00f3w do wieczora, aby unikn\u0105\u0107 bezpo\u015bredniego kontaktu ze s\u0142o\u0144cem.<\/p>\n\n\n\n<p>3. **Ochrona przeciws\u0142oneczna**: Codziennie aplikuj krem z filtrem SPF 30 lub wy\u017cszym, nawet w pochmurne dni.<\/p>\n\n\n\n<p>4. **Nawil\u017canie**: U\u017cywaj lekkich, niekomedogennych krem\u00f3w nawil\u017caj\u0105cych, aby zapobiec przesuszeniu sk\u00f3ry.<\/p>\n\n\n\n<p>5. **Unikanie podra\u017cnie\u0144**: Unikaj produkt\u00f3w zawieraj\u0105cych alkohol i inne dra\u017cni\u0105ce sk\u0142adniki.<\/p>\n\n\n\n<p>6. **Regularne oczyszczanie**: Myj twarz dwa razy dziennie delikatnym \u017celem oczyszczaj\u0105cym.<\/p>\n\n\n\n<p>7. **Konsultacja dermatologiczna**: Skonsultuj si\u0119 z dermatologiem przed wprowadzeniem nowych produkt\u00f3w do piel\u0119gnacji sk\u00f3ry tr\u0105dzikowej latem.<\/p>\n\n\n\n<p>Pami\u0119taj o systematyczno\u015bci i dostosowaniu piel\u0119gnacji do indywidualnych potrzeb sk\u00f3ry.<\/p>\n\n\n\n<p>Podsumowuj\u0105c, stosowanie kosmetyk\u00f3w z kwasami do cery tr\u0105dzikowej latem jest mo\u017cliwe, ale wymaga szczeg\u00f3lnej ostro\u017cno\u015bci i odpowiedniej piel\u0119gnacji. Kluczowe jest wybieranie produkt\u00f3w o ni\u017cszym st\u0119\u017ceniu kwas\u00f3w oraz unikanie tych najbardziej dra\u017cni\u0105cych, takich jak kwas glikolowy. Niezb\u0119dne jest r\u00f3wnie\u017c regularne stosowanie krem\u00f3w z wysokim filtrem SPF, aby chroni\u0107 sk\u00f3r\u0119 przed szkodliwym dzia\u0142aniem promieni UV i zapobiec przebarwieniom. Warto tak\u017ce pami\u0119ta\u0107 o nawil\u017caniu sk\u00f3ry i monitorowaniu jej reakcji na nowe produkty. Konsultacja z dermatologiem mo\u017ce by\u0107 pomocna w doborze odpowiednich kosmetyk\u00f3w i ustaleniu bezpiecznej rutyny piel\u0119gnacyjnej na okres letni.<\/p>\n","protected":false},"excerpt":{"rendered":"<p>Kosmetyki do cery tr\u0105dzikowej to temat, kt\u00f3ry budzi wiele pyta\u0144 i w\u0105tpliwo\u015bci, zw\u0142aszcza w kontek\u015bcie zmieniaj\u0105cych si\u0119 p\u00f3r roku. Jednym z najcz\u0119\u015bciej poruszanych zagadnie\u0144 jest stosowanie kwas\u00f3w latem. Kwasy, takie jak kwas salicylowy, glikolowy czy mlekowy, s\u0105 powszechnie wykorzystywane w piel\u0119gnacji sk\u00f3ry tr\u0105dzikowej ze wzgl\u0119du na swoje w\u0142a\u015bciwo\u015bci z\u0142uszczaj\u0105ce i przeciwzapalne. Jednak\u017ce ich u\u017cycie w [&hellip;]<\/p>\n","protected":false},"author":1,"featured_media":0,"comment_status":"","ping_status":"open","sticky":false,"template":"","format":"standard","meta":{"footnotes":""},"categories":[1],"tags":[],"class_list":["post-5444","post","type-post","status-publish","format-standard","hentry","category-bez-kategorii"],"fm_meta_title":"Kosmetyki do cery tr\u0105dzikowej \u2013 czy mo\u017cna stosowa\u0107 kwasy latem?","fm_meta_description":"Odkryj, czy mo\u017cna stosowa\u0107 kwasy latem przy cerze tr\u0105dzikowej. Sprawd\u017a nasze porady i zadbaj o zdrow\u0105 sk\u00f3r\u0119 przez ca\u0142y rok!","yoast_head":"<!-- This site is optimized with the Yoast SEO plugin v21.5 - https:\/\/yoast.com\/wordpress\/plugins\/seo\/ -->\n<title>Kosmetyki do cery tr\u0105dzikowej \u2013 czy mo\u017cna stosowa\u0107 kwasy latem?<\/title>\n<meta name=\"description\" content=\"Odkryj, czy mo\u017cna stosowa\u0107 kwasy latem przy cerze tr\u0105dzikowej. Sprawd\u017a nasze porady i zadbaj o zdrow\u0105 sk\u00f3r\u0119 przez ca\u0142y rok!\" \/>\n<meta name=\"robots\" content=\"index, follow, max-snippet:-1, max-image-preview:large, max-video-preview:-1\" \/>\n<link rel=\"canonical\" href=\"https:\/\/darzdrowia.pl\/ciekawostki\/kosmetyki-do-cery-tradzikowej-czy-mozna-stosowac-kwasy-latem\/\" \/>\n<meta property=\"og:locale\" content=\"pl_PL\" \/>\n<meta property=\"og:type\" content=\"article\" \/>\n<meta property=\"og:title\" content=\"Kosmetyki do cery tr\u0105dzikowej \u2013 czy mo\u017cna stosowa\u0107 kwasy latem?\" \/>\n<meta property=\"og:description\" content=\"Odkryj, czy mo\u017cna stosowa\u0107 kwasy latem przy cerze tr\u0105dzikowej. Sprawd\u017a nasze porady i zadbaj o zdrow\u0105 sk\u00f3r\u0119 przez ca\u0142y rok!\" \/>\n<meta property=\"og:url\" content=\"https:\/\/darzdrowia.pl\/ciekawostki\/kosmetyki-do-cery-tradzikowej-czy-mozna-stosowac-kwasy-latem\/\" \/>\n<meta property=\"og:site_name\" content=\"Dar Zdrowia Drogeria - Blog\" \/>\n<meta property=\"article:publisher\" content=\"https:\/\/www.facebook.com\/profile.php?id=100063606935396\" \/>\n<meta property=\"article:published_time\" content=\"2024-09-27T12:01:36+00:00\" \/>\n<meta name=\"author\" content=\"funkymedia\" \/>\n<meta name=\"twitter:card\" content=\"summary_large_image\" \/>\n<meta name=\"twitter:label1\" content=\"Napisane przez\" \/>\n\t<meta name=\"twitter:data1\" content=\"funkymedia\" \/>\n\t<meta name=\"twitter:label2\" content=\"Szacowany czas czytania\" \/>\n\t<meta name=\"twitter:data2\" content=\"3 minuty\" \/>\n<script type=\"application\/ld+json\" class=\"yoast-schema-graph\">{\"@context\":\"https:\/\/schema.org\",\"@graph\":[{\"@type\":\"Article\",\"@id\":\"https:\/\/darzdrowia.pl\/ciekawostki\/kosmetyki-do-cery-tradzikowej-czy-mozna-stosowac-kwasy-latem\/#article\",\"isPartOf\":{\"@id\":\"https:\/\/darzdrowia.pl\/ciekawostki\/kosmetyki-do-cery-tradzikowej-czy-mozna-stosowac-kwasy-latem\/\"},\"author\":{\"name\":\"funkymedia\",\"@id\":\"https:\/\/darzdrowia.pl\/ciekawostki\/#\/schema\/person\/e75579d624630bf943ac69d374bb928e\"},\"headline\":\"Kosmetyki do cery tr\u0105dzikowej \u2013 czy mo\u017cna stosowa\u0107 kwasy latem?\",\"datePublished\":\"2024-09-27T12:01:36+00:00\",\"dateModified\":\"2024-09-27T12:01:36+00:00\",\"mainEntityOfPage\":{\"@id\":\"https:\/\/darzdrowia.pl\/ciekawostki\/kosmetyki-do-cery-tradzikowej-czy-mozna-stosowac-kwasy-latem\/\"},\"wordCount\":704,\"publisher\":{\"@id\":\"https:\/\/darzdrowia.pl\/ciekawostki\/#organization\"},\"inLanguage\":\"pl-PL\"},{\"@type\":\"WebPage\",\"@id\":\"https:\/\/darzdrowia.pl\/ciekawostki\/kosmetyki-do-cery-tradzikowej-czy-mozna-stosowac-kwasy-latem\/\",\"url\":\"https:\/\/darzdrowia.pl\/ciekawostki\/kosmetyki-do-cery-tradzikowej-czy-mozna-stosowac-kwasy-latem\/\",\"name\":\"Kosmetyki do cery tr\u0105dzikowej \u2013 czy mo\u017cna stosowa\u0107 kwasy latem?\",\"isPartOf\":{\"@id\":\"https:\/\/darzdrowia.pl\/ciekawostki\/#website\"},\"datePublished\":\"2024-09-27T12:01:36+00:00\",\"dateModified\":\"2024-09-27T12:01:36+00:00\",\"description\":\"Odkryj, czy mo\u017cna stosowa\u0107 kwasy latem przy cerze tr\u0105dzikowej. Sprawd\u017a nasze porady i zadbaj o zdrow\u0105 sk\u00f3r\u0119 przez ca\u0142y rok!\",\"breadcrumb\":{\"@id\":\"https:\/\/darzdrowia.pl\/ciekawostki\/kosmetyki-do-cery-tradzikowej-czy-mozna-stosowac-kwasy-latem\/#breadcrumb\"},\"inLanguage\":\"pl-PL\",\"potentialAction\":[{\"@type\":\"ReadAction\",\"target\":[\"https:\/\/darzdrowia.pl\/ciekawostki\/kosmetyki-do-cery-tradzikowej-czy-mozna-stosowac-kwasy-latem\/\"]}]},{\"@type\":\"BreadcrumbList\",\"@id\":\"https:\/\/darzdrowia.pl\/ciekawostki\/kosmetyki-do-cery-tradzikowej-czy-mozna-stosowac-kwasy-latem\/#breadcrumb\",\"itemListElement\":[{\"@type\":\"ListItem\",\"position\":1,\"name\":\"Strona g\u0142\u00f3wna\",\"item\":\"https:\/\/darzdrowia.pl\/ciekawostki\/\"},{\"@type\":\"ListItem\",\"position\":2,\"name\":\"Kosmetyki do cery tr\u0105dzikowej \u2013 czy mo\u017cna stosowa\u0107 kwasy latem?\"}]},{\"@type\":\"WebSite\",\"@id\":\"https:\/\/darzdrowia.pl\/ciekawostki\/#website\",\"url\":\"https:\/\/darzdrowia.pl\/ciekawostki\/\",\"name\":\"Dar Zdrowia Drogeria - Blog\",\"description\":\"\",\"publisher\":{\"@id\":\"https:\/\/darzdrowia.pl\/ciekawostki\/#organization\"},\"potentialAction\":[{\"@type\":\"SearchAction\",\"target\":{\"@type\":\"EntryPoint\",\"urlTemplate\":\"https:\/\/darzdrowia.pl\/ciekawostki\/?s={search_term_string}\"},\"query-input\":\"required name=search_term_string\"}],\"inLanguage\":\"pl-PL\"},{\"@type\":\"Organization\",\"@id\":\"https:\/\/darzdrowia.pl\/ciekawostki\/#organization\",\"name\":\"Dar Zdrowia Drogeria - Blog\",\"url\":\"https:\/\/darzdrowia.pl\/ciekawostki\/\",\"logo\":{\"@type\":\"ImageObject\",\"inLanguage\":\"pl-PL\",\"@id\":\"https:\/\/darzdrowia.pl\/ciekawostki\/#\/schema\/logo\/image\/\",\"url\":\"https:\/\/darzdrowia.pl\/ciekawostki\/wp-content\/uploads\/2023\/11\/logo-darzdrowia.webp\",\"contentUrl\":\"https:\/\/darzdrowia.pl\/ciekawostki\/wp-content\/uploads\/2023\/11\/logo-darzdrowia.webp\",\"width\":744,\"height\":225,\"caption\":\"Dar Zdrowia Drogeria - Blog\"},\"image\":{\"@id\":\"https:\/\/darzdrowia.pl\/ciekawostki\/#\/schema\/logo\/image\/\"},\"sameAs\":[\"https:\/\/www.facebook.com\/profile.php?id=100063606935396\"]},{\"@type\":\"Person\",\"@id\":\"https:\/\/darzdrowia.pl\/ciekawostki\/#\/schema\/person\/e75579d624630bf943ac69d374bb928e\",\"name\":\"funkymedia\",\"image\":{\"@type\":\"ImageObject\",\"inLanguage\":\"pl-PL\",\"@id\":\"https:\/\/darzdrowia.pl\/ciekawostki\/#\/schema\/person\/image\/\",\"url\":\"https:\/\/secure.gravatar.com\/avatar\/393cb205b658aef6e3271ad5a92265e3e4433d2384bbe95524ba160d5bc20299?s=96&d=mm&r=g\",\"contentUrl\":\"https:\/\/secure.gravatar.com\/avatar\/393cb205b658aef6e3271ad5a92265e3e4433d2384bbe95524ba160d5bc20299?s=96&d=mm&r=g\",\"caption\":\"funkymedia\"},\"sameAs\":[\"https:\/\/darzdrowia.pl\/ciekawostki\"],\"url\":\"https:\/\/darzdrowia.pl\/ciekawostki\/author\/funkymedia\/\"}]}<\/script>\n<!-- \/ Yoast SEO plugin. -->","yoast_head_json":{"title":"Kosmetyki do cery tr\u0105dzikowej \u2013 czy mo\u017cna stosowa\u0107 kwasy latem?","description":"Odkryj, czy mo\u017cna stosowa\u0107 kwasy latem przy cerze tr\u0105dzikowej. Sprawd\u017a nasze porady i zadbaj o zdrow\u0105 sk\u00f3r\u0119 przez ca\u0142y rok!","robots":{"index":"index","follow":"follow","max-snippet":"max-snippet:-1","max-image-preview":"max-image-preview:large","max-video-preview":"max-video-preview:-1"},"canonical":"https:\/\/darzdrowia.pl\/ciekawostki\/kosmetyki-do-cery-tradzikowej-czy-mozna-stosowac-kwasy-latem\/","og_locale":"pl_PL","og_type":"article","og_title":"Kosmetyki do cery tr\u0105dzikowej \u2013 czy mo\u017cna stosowa\u0107 kwasy latem?","og_description":"Odkryj, czy mo\u017cna stosowa\u0107 kwasy latem przy cerze tr\u0105dzikowej. Sprawd\u017a nasze porady i zadbaj o zdrow\u0105 sk\u00f3r\u0119 przez ca\u0142y rok!","og_url":"https:\/\/darzdrowia.pl\/ciekawostki\/kosmetyki-do-cery-tradzikowej-czy-mozna-stosowac-kwasy-latem\/","og_site_name":"Dar Zdrowia Drogeria - Blog","article_publisher":"https:\/\/www.facebook.com\/profile.php?id=100063606935396","article_published_time":"2024-09-27T12:01:36+00:00","author":"funkymedia","twitter_card":"summary_large_image","twitter_misc":{"Napisane przez":"funkymedia","Szacowany czas czytania":"3 minuty"},"schema":{"@context":"https:\/\/schema.org","@graph":[{"@type":"Article","@id":"https:\/\/darzdrowia.pl\/ciekawostki\/kosmetyki-do-cery-tradzikowej-czy-mozna-stosowac-kwasy-latem\/#article","isPartOf":{"@id":"https:\/\/darzdrowia.pl\/ciekawostki\/kosmetyki-do-cery-tradzikowej-czy-mozna-stosowac-kwasy-latem\/"},"author":{"name":"funkymedia","@id":"https:\/\/darzdrowia.pl\/ciekawostki\/#\/schema\/person\/e75579d624630bf943ac69d374bb928e"},"headline":"Kosmetyki do cery tr\u0105dzikowej \u2013 czy mo\u017cna stosowa\u0107 kwasy latem?","datePublished":"2024-09-27T12:01:36+00:00","dateModified":"2024-09-27T12:01:36+00:00","mainEntityOfPage":{"@id":"https:\/\/darzdrowia.pl\/ciekawostki\/kosmetyki-do-cery-tradzikowej-czy-mozna-stosowac-kwasy-latem\/"},"wordCount":704,"publisher":{"@id":"https:\/\/darzdrowia.pl\/ciekawostki\/#organization"},"inLanguage":"pl-PL"},{"@type":"WebPage","@id":"https:\/\/darzdrowia.pl\/ciekawostki\/kosmetyki-do-cery-tradzikowej-czy-mozna-stosowac-kwasy-latem\/","url":"https:\/\/darzdrowia.pl\/ciekawostki\/kosmetyki-do-cery-tradzikowej-czy-mozna-stosowac-kwasy-latem\/","name":"Kosmetyki do cery tr\u0105dzikowej \u2013 czy mo\u017cna stosowa\u0107 kwasy latem?","isPartOf":{"@id":"https:\/\/darzdrowia.pl\/ciekawostki\/#website"},"datePublished":"2024-09-27T12:01:36+00:00","dateModified":"2024-09-27T12:01:36+00:00","description":"Odkryj, czy mo\u017cna stosowa\u0107 kwasy latem przy cerze tr\u0105dzikowej. Sprawd\u017a nasze porady i zadbaj o zdrow\u0105 sk\u00f3r\u0119 przez ca\u0142y rok!","breadcrumb":{"@id":"https:\/\/darzdrowia.pl\/ciekawostki\/kosmetyki-do-cery-tradzikowej-czy-mozna-stosowac-kwasy-latem\/#breadcrumb"},"inLanguage":"pl-PL","potentialAction":[{"@type":"ReadAction","target":["https:\/\/darzdrowia.pl\/ciekawostki\/kosmetyki-do-cery-tradzikowej-czy-mozna-stosowac-kwasy-latem\/"]}]},{"@type":"BreadcrumbList","@id":"https:\/\/darzdrowia.pl\/ciekawostki\/kosmetyki-do-cery-tradzikowej-czy-mozna-stosowac-kwasy-latem\/#breadcrumb","itemListElement":[{"@type":"ListItem","position":1,"name":"Strona g\u0142\u00f3wna","item":"https:\/\/darzdrowia.pl\/ciekawostki\/"},{"@type":"ListItem","position":2,"name":"Kosmetyki do cery tr\u0105dzikowej \u2013 czy mo\u017cna stosowa\u0107 kwasy latem?"}]},{"@type":"WebSite","@id":"https:\/\/darzdrowia.pl\/ciekawostki\/#website","url":"https:\/\/darzdrowia.pl\/ciekawostki\/","name":"Dar Zdrowia Drogeria - Blog","description":"","publisher":{"@id":"https:\/\/darzdrowia.pl\/ciekawostki\/#organization"},"potentialAction":[{"@type":"SearchAction","target":{"@type":"EntryPoint","urlTemplate":"https:\/\/darzdrowia.pl\/ciekawostki\/?s={search_term_string}"},"query-input":"required name=search_term_string"}],"inLanguage":"pl-PL"},{"@type":"Organization","@id":"https:\/\/darzdrowia.pl\/ciekawostki\/#organization","name":"Dar Zdrowia Drogeria - Blog","url":"https:\/\/darzdrowia.pl\/ciekawostki\/","logo":{"@type":"ImageObject","inLanguage":"pl-PL","@id":"https:\/\/darzdrowia.pl\/ciekawostki\/#\/schema\/logo\/image\/","url":"https:\/\/darzdrowia.pl\/ciekawostki\/wp-content\/uploads\/2023\/11\/logo-darzdrowia.webp","contentUrl":"https:\/\/darzdrowia.pl\/ciekawostki\/wp-content\/uploads\/2023\/11\/logo-darzdrowia.webp","width":744,"height":225,"caption":"Dar Zdrowia Drogeria - Blog"},"image":{"@id":"https:\/\/darzdrowia.pl\/ciekawostki\/#\/schema\/logo\/image\/"},"sameAs":["https:\/\/www.facebook.com\/profile.php?id=100063606935396"]},{"@type":"Person","@id":"https:\/\/darzdrowia.pl\/ciekawostki\/#\/schema\/person\/e75579d624630bf943ac69d374bb928e","name":"funkymedia","image":{"@type":"ImageObject","inLanguage":"pl-PL","@id":"https:\/\/darzdrowia.pl\/ciekawostki\/#\/schema\/person\/image\/","url":"https:\/\/secure.gravatar.com\/avatar\/393cb205b658aef6e3271ad5a92265e3e4433d2384bbe95524ba160d5bc20299?s=96&d=mm&r=g","contentUrl":"https:\/\/secure.gravatar.com\/avatar\/393cb205b658aef6e3271ad5a92265e3e4433d2384bbe95524ba160d5bc20299?s=96&d=mm&r=g","caption":"funkymedia"},"sameAs":["https:\/\/darzdrowia.pl\/ciekawostki"],"url":"https:\/\/darzdrowia.pl\/ciekawostki\/author\/funkymedia\/"}]}},"_links":{"self":[{"href":"https:\/\/darzdrowia.pl\/ciekawostki\/wp-json\/wp\/v2\/posts\/5444","targetHints":{"allow":["GET"]}}],"collection":[{"href":"https:\/\/darzdrowia.pl\/ciekawostki\/wp-json\/wp\/v2\/posts"}],"about":[{"href":"https:\/\/darzdrowia.pl\/ciekawostki\/wp-json\/wp\/v2\/types\/post"}],"author":[{"embeddable":true,"href":"https:\/\/darzdrowia.pl\/ciekawostki\/wp-json\/wp\/v2\/users\/1"}],"replies":[{"embeddable":true,"href":"https:\/\/darzdrowia.pl\/ciekawostki\/wp-json\/wp\/v2\/comments?post=5444"}],"version-history":[{"count":0,"href":"https:\/\/darzdrowia.pl\/ciekawostki\/wp-json\/wp\/v2\/posts\/5444\/revisions"}],"wp:attachment":[{"href":"https:\/\/darzdrowia.pl\/ciekawostki\/wp-json\/wp\/v2\/media?parent=5444"}],"wp:term":[{"taxonomy":"category","embeddable":true,"href":"https:\/\/darzdrowia.pl\/ciekawostki\/wp-json\/wp\/v2\/categories?post=5444"},{"taxonomy":"post_tag","embeddable":true,"href":"https:\/\/darzdrowia.pl\/ciekawostki\/wp-json\/wp\/v2\/tags?post=5444"}],"curies":[{"name":"wp","href":"https:\/\/api.w.org\/{rel}","templated":true}]}}