{"id":5102,"date":"2024-08-26T14:51:18","date_gmt":"2024-08-26T12:51:18","guid":{"rendered":"https:\/\/darzdrowia.pl\/ciekawostki\/recenzja-pasty-elmex-sensitive-dla-kogo-jest-przeznaczona\/"},"modified":"2024-08-26T14:51:18","modified_gmt":"2024-08-26T12:51:18","slug":"recenzja-pasty-elmex-sensitive-dla-kogo-jest-przeznaczona","status":"publish","type":"post","link":"https:\/\/darzdrowia.pl\/ciekawostki\/recenzja-pasty-elmex-sensitive-dla-kogo-jest-przeznaczona\/","title":{"rendered":"Recenzja pasty Elmex Sensitive: Dla kogo jest przeznaczona?"},"content":{"rendered":"\n<p>Elmex Sensitive to pasta do z\u0119b\u00f3w, kt\u00f3ra zdoby\u0142a uznanie w\u015br\u00f3d os\u00f3b borykaj\u0105cych si\u0119 z problemem nadwra\u017cliwo\u015bci z\u0119b\u00f3w. W dzisiejszych czasach, kiedy coraz wi\u0119cej ludzi do\u015bwiadcza dyskomfortu zwi\u0105zanego z nadwra\u017cliwo\u015bci\u0105, odpowiednia higiena jamy ustnej staje si\u0119 kluczowa. Elmex Sensitive zosta\u0142a stworzona specjalnie dla tych, kt\u00f3rzy potrzebuj\u0105 delikatnej, ale skutecznej ochrony przed b\u00f3lem i podra\u017cnieniami. W tej recenzji przyjrzymy si\u0119 bli\u017cej sk\u0142adnikom pasty, jej dzia\u0142aniu oraz dowiemy si\u0119, dla kogo jest ona szczeg\u00f3lnie polecana.<\/p>\n\n\n\n<h2 class=\"wp-block-heading\">Elmex Sensitive: Idealne rozwi\u0105zanie dla os\u00f3b z wra\u017cliwymi z\u0119bami<\/h2>\n\n\n\n<p>Elmex Sensitive to pasta do z\u0119b\u00f3w stworzona specjalnie dla os\u00f3b z wra\u017cliwymi z\u0119bami. Zawiera aminofluorek, kt\u00f3ry tworzy ochronn\u0105 warstw\u0119 na ods\u0142oni\u0119tych szyjkach z\u0119bowych. Regularne stosowanie pomaga zmniejszy\u0107 nadwra\u017cliwo\u015b\u0107 i chroni przed pr\u00f3chnic\u0105. Produkt jest rekomendowany przez stomatolog\u00f3w.<\/p>\n\n\n\n<h2 class=\"wp-block-heading\">Czy Elmex Sensitive to pasta dla Ciebie? Sprawd\u017a, kto powinien jej u\u017cywa\u0107<\/h2>\n\n\n\n<p>Elmex Sensitive to pasta do z\u0119b\u00f3w przeznaczona dla os\u00f3b z wra\u017cliwymi z\u0119bami. Zawiera aminofluorek, kt\u00f3ry tworzy ochronn\u0105 warstw\u0119 na ods\u0142oni\u0119tych szyjkach z\u0119bowych, zmniejszaj\u0105c nadwra\u017cliwo\u015b\u0107. Pasta ta jest szczeg\u00f3lnie polecana dla os\u00f3b odczuwaj\u0105cych b\u00f3l podczas spo\u017cywania zimnych, gor\u0105cych, s\u0142odkich lub kwa\u015bnych pokarm\u00f3w i napoj\u00f3w. Elmex Sensitive mo\u017ce by\u0107 r\u00f3wnie\u017c stosowana przez osoby po zabiegach stomatologicznych, kt\u00f3re mog\u0105 zwi\u0119ksza\u0107 wra\u017cliwo\u015b\u0107 z\u0119b\u00f3w. Przed u\u017cyciem warto skonsultowa\u0107 si\u0119 ze stomatologiem.<\/p>\n\n\n\n<h2 class=\"wp-block-heading\">Recenzja pasty Elmex Sensitive: Dla kogo jest najlepsza i dlaczego?<\/h2>\n\n\n\n<p>Pasta Elmex Sensitive jest idealna dla os\u00f3b z wra\u017cliwymi z\u0119bami. Zawiera aminofluorek, kt\u00f3ry tworzy ochronn\u0105 warstw\u0119 na ods\u0142oni\u0119tych szyjkach z\u0119b\u00f3w, zmniejszaj\u0105c ich wra\u017cliwo\u015b\u0107 na bod\u017ace termiczne i chemiczne. Regularne stosowanie pasty pomaga r\u00f3wnie\u017c w zapobieganiu pr\u00f3chnicy. Produkt jest rekomendowany przez stomatolog\u00f3w ze wzgl\u0119du na skuteczno\u015b\u0107 i delikatno\u015b\u0107 dzia\u0142ania.<\/p>\n\n\n\n<p>Podsumowuj\u0105c, pasta Elmex Sensitive jest szczeg\u00f3lnie przeznaczona dla os\u00f3b z wra\u017cliwymi z\u0119bami i dzi\u0105s\u0142ami. Jej unikalna formu\u0142a, zawieraj\u0105ca aminofluorek, skutecznie chroni przed pr\u00f3chnic\u0105 oraz pomaga wzmocni\u0107 szkliwo. Dodatkowo, regularne stosowanie pasty mo\u017ce przynie\u015b\u0107 ulg\u0119 w przypadku nadwra\u017cliwo\u015bci z\u0119b\u00f3w na zimno, ciep\u0142o czy s\u0142odkie pokarmy. Elmex Sensitive to produkt godny polecenia dla tych, kt\u00f3rzy szukaj\u0105 specjalistycznej ochrony i piel\u0119gnacji jamy ustnej dostosowanej do ich specyficznych potrzeb.<\/p>\n","protected":false},"excerpt":{"rendered":"<p>Elmex Sensitive to pasta do z\u0119b\u00f3w, kt\u00f3ra zdoby\u0142a uznanie w\u015br\u00f3d os\u00f3b borykaj\u0105cych si\u0119 z problemem nadwra\u017cliwo\u015bci z\u0119b\u00f3w. W dzisiejszych czasach, kiedy coraz wi\u0119cej ludzi do\u015bwiadcza dyskomfortu zwi\u0105zanego z nadwra\u017cliwo\u015bci\u0105, odpowiednia higiena jamy ustnej staje si\u0119 kluczowa. Elmex Sensitive zosta\u0142a stworzona specjalnie dla tych, kt\u00f3rzy potrzebuj\u0105 delikatnej, ale skutecznej ochrony przed b\u00f3lem i podra\u017cnieniami. W tej [&hellip;]<\/p>\n","protected":false},"author":1,"featured_media":0,"comment_status":"","ping_status":"open","sticky":false,"template":"","format":"standard","meta":{"footnotes":""},"categories":[1],"tags":[],"class_list":["post-5102","post","type-post","status-publish","format-standard","hentry","category-bez-kategorii"],"fm_meta_title":"Recenzja pasty Elmex Sensitive: Dla kogo jest przeznaczona?","fm_meta_description":"Odkryj, dla kogo jest przeznaczona pasta Elmex Sensitive! Przeczytaj nasz\u0105 recenzj\u0119 i dowiedz si\u0119, jak mo\u017ce pom\u00f3c wra\u017cliwym z\u0119bom. Sprawd\u017a teraz!","yoast_head":"<!-- This site is optimized with the Yoast SEO plugin v21.5 - https:\/\/yoast.com\/wordpress\/plugins\/seo\/ -->\n<title>Recenzja pasty Elmex Sensitive: Dla kogo jest przeznaczona?<\/title>\n<meta name=\"description\" content=\"Odkryj, dla kogo jest przeznaczona pasta Elmex Sensitive! Przeczytaj nasz\u0105 recenzj\u0119 i dowiedz si\u0119, jak mo\u017ce pom\u00f3c wra\u017cliwym z\u0119bom. Sprawd\u017a teraz!\" \/>\n<meta name=\"robots\" content=\"index, follow, max-snippet:-1, max-image-preview:large, max-video-preview:-1\" \/>\n<link rel=\"canonical\" href=\"https:\/\/darzdrowia.pl\/ciekawostki\/recenzja-pasty-elmex-sensitive-dla-kogo-jest-przeznaczona\/\" \/>\n<meta property=\"og:locale\" content=\"pl_PL\" \/>\n<meta property=\"og:type\" content=\"article\" \/>\n<meta property=\"og:title\" content=\"Recenzja pasty Elmex Sensitive: Dla kogo jest przeznaczona?\" \/>\n<meta property=\"og:description\" content=\"Odkryj, dla kogo jest przeznaczona pasta Elmex Sensitive! Przeczytaj nasz\u0105 recenzj\u0119 i dowiedz si\u0119, jak mo\u017ce pom\u00f3c wra\u017cliwym z\u0119bom. Sprawd\u017a teraz!\" \/>\n<meta property=\"og:url\" content=\"https:\/\/darzdrowia.pl\/ciekawostki\/recenzja-pasty-elmex-sensitive-dla-kogo-jest-przeznaczona\/\" \/>\n<meta property=\"og:site_name\" content=\"Dar Zdrowia Drogeria - Blog\" \/>\n<meta property=\"article:publisher\" content=\"https:\/\/www.facebook.com\/profile.php?id=100063606935396\" \/>\n<meta property=\"article:published_time\" content=\"2024-08-26T12:51:18+00:00\" \/>\n<meta name=\"author\" content=\"funkymedia\" \/>\n<meta name=\"twitter:card\" content=\"summary_large_image\" \/>\n<meta name=\"twitter:label1\" content=\"Napisane przez\" \/>\n\t<meta name=\"twitter:data1\" content=\"funkymedia\" \/>\n\t<meta name=\"twitter:label2\" content=\"Szacowany czas czytania\" \/>\n\t<meta name=\"twitter:data2\" content=\"2 minuty\" \/>\n<script type=\"application\/ld+json\" class=\"yoast-schema-graph\">{\"@context\":\"https:\/\/schema.org\",\"@graph\":[{\"@type\":\"Article\",\"@id\":\"https:\/\/darzdrowia.pl\/ciekawostki\/recenzja-pasty-elmex-sensitive-dla-kogo-jest-przeznaczona\/#article\",\"isPartOf\":{\"@id\":\"https:\/\/darzdrowia.pl\/ciekawostki\/recenzja-pasty-elmex-sensitive-dla-kogo-jest-przeznaczona\/\"},\"author\":{\"name\":\"funkymedia\",\"@id\":\"https:\/\/darzdrowia.pl\/ciekawostki\/#\/schema\/person\/e75579d624630bf943ac69d374bb928e\"},\"headline\":\"Recenzja pasty Elmex Sensitive: Dla kogo jest przeznaczona?\",\"datePublished\":\"2024-08-26T12:51:18+00:00\",\"dateModified\":\"2024-08-26T12:51:18+00:00\",\"mainEntityOfPage\":{\"@id\":\"https:\/\/darzdrowia.pl\/ciekawostki\/recenzja-pasty-elmex-sensitive-dla-kogo-jest-przeznaczona\/\"},\"wordCount\":433,\"publisher\":{\"@id\":\"https:\/\/darzdrowia.pl\/ciekawostki\/#organization\"},\"inLanguage\":\"pl-PL\"},{\"@type\":\"WebPage\",\"@id\":\"https:\/\/darzdrowia.pl\/ciekawostki\/recenzja-pasty-elmex-sensitive-dla-kogo-jest-przeznaczona\/\",\"url\":\"https:\/\/darzdrowia.pl\/ciekawostki\/recenzja-pasty-elmex-sensitive-dla-kogo-jest-przeznaczona\/\",\"name\":\"Recenzja pasty Elmex Sensitive: Dla kogo jest przeznaczona?\",\"isPartOf\":{\"@id\":\"https:\/\/darzdrowia.pl\/ciekawostki\/#website\"},\"datePublished\":\"2024-08-26T12:51:18+00:00\",\"dateModified\":\"2024-08-26T12:51:18+00:00\",\"description\":\"Odkryj, dla kogo jest przeznaczona pasta Elmex Sensitive! Przeczytaj nasz\u0105 recenzj\u0119 i dowiedz si\u0119, jak mo\u017ce pom\u00f3c wra\u017cliwym z\u0119bom. Sprawd\u017a teraz!\",\"breadcrumb\":{\"@id\":\"https:\/\/darzdrowia.pl\/ciekawostki\/recenzja-pasty-elmex-sensitive-dla-kogo-jest-przeznaczona\/#breadcrumb\"},\"inLanguage\":\"pl-PL\",\"potentialAction\":[{\"@type\":\"ReadAction\",\"target\":[\"https:\/\/darzdrowia.pl\/ciekawostki\/recenzja-pasty-elmex-sensitive-dla-kogo-jest-przeznaczona\/\"]}]},{\"@type\":\"BreadcrumbList\",\"@id\":\"https:\/\/darzdrowia.pl\/ciekawostki\/recenzja-pasty-elmex-sensitive-dla-kogo-jest-przeznaczona\/#breadcrumb\",\"itemListElement\":[{\"@type\":\"ListItem\",\"position\":1,\"name\":\"Strona g\u0142\u00f3wna\",\"item\":\"https:\/\/darzdrowia.pl\/ciekawostki\/\"},{\"@type\":\"ListItem\",\"position\":2,\"name\":\"Recenzja pasty Elmex Sensitive: Dla kogo jest przeznaczona?\"}]},{\"@type\":\"WebSite\",\"@id\":\"https:\/\/darzdrowia.pl\/ciekawostki\/#website\",\"url\":\"https:\/\/darzdrowia.pl\/ciekawostki\/\",\"name\":\"Dar Zdrowia Drogeria - Blog\",\"description\":\"\",\"publisher\":{\"@id\":\"https:\/\/darzdrowia.pl\/ciekawostki\/#organization\"},\"potentialAction\":[{\"@type\":\"SearchAction\",\"target\":{\"@type\":\"EntryPoint\",\"urlTemplate\":\"https:\/\/darzdrowia.pl\/ciekawostki\/?s={search_term_string}\"},\"query-input\":\"required name=search_term_string\"}],\"inLanguage\":\"pl-PL\"},{\"@type\":\"Organization\",\"@id\":\"https:\/\/darzdrowia.pl\/ciekawostki\/#organization\",\"name\":\"Dar Zdrowia Drogeria - Blog\",\"url\":\"https:\/\/darzdrowia.pl\/ciekawostki\/\",\"logo\":{\"@type\":\"ImageObject\",\"inLanguage\":\"pl-PL\",\"@id\":\"https:\/\/darzdrowia.pl\/ciekawostki\/#\/schema\/logo\/image\/\",\"url\":\"https:\/\/darzdrowia.pl\/ciekawostki\/wp-content\/uploads\/2023\/11\/logo-darzdrowia.webp\",\"contentUrl\":\"https:\/\/darzdrowia.pl\/ciekawostki\/wp-content\/uploads\/2023\/11\/logo-darzdrowia.webp\",\"width\":744,\"height\":225,\"caption\":\"Dar Zdrowia Drogeria - Blog\"},\"image\":{\"@id\":\"https:\/\/darzdrowia.pl\/ciekawostki\/#\/schema\/logo\/image\/\"},\"sameAs\":[\"https:\/\/www.facebook.com\/profile.php?id=100063606935396\"]},{\"@type\":\"Person\",\"@id\":\"https:\/\/darzdrowia.pl\/ciekawostki\/#\/schema\/person\/e75579d624630bf943ac69d374bb928e\",\"name\":\"funkymedia\",\"image\":{\"@type\":\"ImageObject\",\"inLanguage\":\"pl-PL\",\"@id\":\"https:\/\/darzdrowia.pl\/ciekawostki\/#\/schema\/person\/image\/\",\"url\":\"https:\/\/secure.gravatar.com\/avatar\/393cb205b658aef6e3271ad5a92265e3e4433d2384bbe95524ba160d5bc20299?s=96&d=mm&r=g\",\"contentUrl\":\"https:\/\/secure.gravatar.com\/avatar\/393cb205b658aef6e3271ad5a92265e3e4433d2384bbe95524ba160d5bc20299?s=96&d=mm&r=g\",\"caption\":\"funkymedia\"},\"sameAs\":[\"https:\/\/darzdrowia.pl\/ciekawostki\"],\"url\":\"https:\/\/darzdrowia.pl\/ciekawostki\/author\/funkymedia\/\"}]}<\/script>\n<!-- \/ Yoast SEO plugin. -->","yoast_head_json":{"title":"Recenzja pasty Elmex Sensitive: Dla kogo jest przeznaczona?","description":"Odkryj, dla kogo jest przeznaczona pasta Elmex Sensitive! Przeczytaj nasz\u0105 recenzj\u0119 i dowiedz si\u0119, jak mo\u017ce pom\u00f3c wra\u017cliwym z\u0119bom. Sprawd\u017a teraz!","robots":{"index":"index","follow":"follow","max-snippet":"max-snippet:-1","max-image-preview":"max-image-preview:large","max-video-preview":"max-video-preview:-1"},"canonical":"https:\/\/darzdrowia.pl\/ciekawostki\/recenzja-pasty-elmex-sensitive-dla-kogo-jest-przeznaczona\/","og_locale":"pl_PL","og_type":"article","og_title":"Recenzja pasty Elmex Sensitive: Dla kogo jest przeznaczona?","og_description":"Odkryj, dla kogo jest przeznaczona pasta Elmex Sensitive! Przeczytaj nasz\u0105 recenzj\u0119 i dowiedz si\u0119, jak mo\u017ce pom\u00f3c wra\u017cliwym z\u0119bom. Sprawd\u017a teraz!","og_url":"https:\/\/darzdrowia.pl\/ciekawostki\/recenzja-pasty-elmex-sensitive-dla-kogo-jest-przeznaczona\/","og_site_name":"Dar Zdrowia Drogeria - Blog","article_publisher":"https:\/\/www.facebook.com\/profile.php?id=100063606935396","article_published_time":"2024-08-26T12:51:18+00:00","author":"funkymedia","twitter_card":"summary_large_image","twitter_misc":{"Napisane przez":"funkymedia","Szacowany czas czytania":"2 minuty"},"schema":{"@context":"https:\/\/schema.org","@graph":[{"@type":"Article","@id":"https:\/\/darzdrowia.pl\/ciekawostki\/recenzja-pasty-elmex-sensitive-dla-kogo-jest-przeznaczona\/#article","isPartOf":{"@id":"https:\/\/darzdrowia.pl\/ciekawostki\/recenzja-pasty-elmex-sensitive-dla-kogo-jest-przeznaczona\/"},"author":{"name":"funkymedia","@id":"https:\/\/darzdrowia.pl\/ciekawostki\/#\/schema\/person\/e75579d624630bf943ac69d374bb928e"},"headline":"Recenzja pasty Elmex Sensitive: Dla kogo jest przeznaczona?","datePublished":"2024-08-26T12:51:18+00:00","dateModified":"2024-08-26T12:51:18+00:00","mainEntityOfPage":{"@id":"https:\/\/darzdrowia.pl\/ciekawostki\/recenzja-pasty-elmex-sensitive-dla-kogo-jest-przeznaczona\/"},"wordCount":433,"publisher":{"@id":"https:\/\/darzdrowia.pl\/ciekawostki\/#organization"},"inLanguage":"pl-PL"},{"@type":"WebPage","@id":"https:\/\/darzdrowia.pl\/ciekawostki\/recenzja-pasty-elmex-sensitive-dla-kogo-jest-przeznaczona\/","url":"https:\/\/darzdrowia.pl\/ciekawostki\/recenzja-pasty-elmex-sensitive-dla-kogo-jest-przeznaczona\/","name":"Recenzja pasty Elmex Sensitive: Dla kogo jest przeznaczona?","isPartOf":{"@id":"https:\/\/darzdrowia.pl\/ciekawostki\/#website"},"datePublished":"2024-08-26T12:51:18+00:00","dateModified":"2024-08-26T12:51:18+00:00","description":"Odkryj, dla kogo jest przeznaczona pasta Elmex Sensitive! Przeczytaj nasz\u0105 recenzj\u0119 i dowiedz si\u0119, jak mo\u017ce pom\u00f3c wra\u017cliwym z\u0119bom. Sprawd\u017a teraz!","breadcrumb":{"@id":"https:\/\/darzdrowia.pl\/ciekawostki\/recenzja-pasty-elmex-sensitive-dla-kogo-jest-przeznaczona\/#breadcrumb"},"inLanguage":"pl-PL","potentialAction":[{"@type":"ReadAction","target":["https:\/\/darzdrowia.pl\/ciekawostki\/recenzja-pasty-elmex-sensitive-dla-kogo-jest-przeznaczona\/"]}]},{"@type":"BreadcrumbList","@id":"https:\/\/darzdrowia.pl\/ciekawostki\/recenzja-pasty-elmex-sensitive-dla-kogo-jest-przeznaczona\/#breadcrumb","itemListElement":[{"@type":"ListItem","position":1,"name":"Strona g\u0142\u00f3wna","item":"https:\/\/darzdrowia.pl\/ciekawostki\/"},{"@type":"ListItem","position":2,"name":"Recenzja pasty Elmex Sensitive: Dla kogo jest przeznaczona?"}]},{"@type":"WebSite","@id":"https:\/\/darzdrowia.pl\/ciekawostki\/#website","url":"https:\/\/darzdrowia.pl\/ciekawostki\/","name":"Dar Zdrowia Drogeria - Blog","description":"","publisher":{"@id":"https:\/\/darzdrowia.pl\/ciekawostki\/#organization"},"potentialAction":[{"@type":"SearchAction","target":{"@type":"EntryPoint","urlTemplate":"https:\/\/darzdrowia.pl\/ciekawostki\/?s={search_term_string}"},"query-input":"required name=search_term_string"}],"inLanguage":"pl-PL"},{"@type":"Organization","@id":"https:\/\/darzdrowia.pl\/ciekawostki\/#organization","name":"Dar Zdrowia Drogeria - Blog","url":"https:\/\/darzdrowia.pl\/ciekawostki\/","logo":{"@type":"ImageObject","inLanguage":"pl-PL","@id":"https:\/\/darzdrowia.pl\/ciekawostki\/#\/schema\/logo\/image\/","url":"https:\/\/darzdrowia.pl\/ciekawostki\/wp-content\/uploads\/2023\/11\/logo-darzdrowia.webp","contentUrl":"https:\/\/darzdrowia.pl\/ciekawostki\/wp-content\/uploads\/2023\/11\/logo-darzdrowia.webp","width":744,"height":225,"caption":"Dar Zdrowia Drogeria - Blog"},"image":{"@id":"https:\/\/darzdrowia.pl\/ciekawostki\/#\/schema\/logo\/image\/"},"sameAs":["https:\/\/www.facebook.com\/profile.php?id=100063606935396"]},{"@type":"Person","@id":"https:\/\/darzdrowia.pl\/ciekawostki\/#\/schema\/person\/e75579d624630bf943ac69d374bb928e","name":"funkymedia","image":{"@type":"ImageObject","inLanguage":"pl-PL","@id":"https:\/\/darzdrowia.pl\/ciekawostki\/#\/schema\/person\/image\/","url":"https:\/\/secure.gravatar.com\/avatar\/393cb205b658aef6e3271ad5a92265e3e4433d2384bbe95524ba160d5bc20299?s=96&d=mm&r=g","contentUrl":"https:\/\/secure.gravatar.com\/avatar\/393cb205b658aef6e3271ad5a92265e3e4433d2384bbe95524ba160d5bc20299?s=96&d=mm&r=g","caption":"funkymedia"},"sameAs":["https:\/\/darzdrowia.pl\/ciekawostki"],"url":"https:\/\/darzdrowia.pl\/ciekawostki\/author\/funkymedia\/"}]}},"_links":{"self":[{"href":"https:\/\/darzdrowia.pl\/ciekawostki\/wp-json\/wp\/v2\/posts\/5102","targetHints":{"allow":["GET"]}}],"collection":[{"href":"https:\/\/darzdrowia.pl\/ciekawostki\/wp-json\/wp\/v2\/posts"}],"about":[{"href":"https:\/\/darzdrowia.pl\/ciekawostki\/wp-json\/wp\/v2\/types\/post"}],"author":[{"embeddable":true,"href":"https:\/\/darzdrowia.pl\/ciekawostki\/wp-json\/wp\/v2\/users\/1"}],"replies":[{"embeddable":true,"href":"https:\/\/darzdrowia.pl\/ciekawostki\/wp-json\/wp\/v2\/comments?post=5102"}],"version-history":[{"count":0,"href":"https:\/\/darzdrowia.pl\/ciekawostki\/wp-json\/wp\/v2\/posts\/5102\/revisions"}],"wp:attachment":[{"href":"https:\/\/darzdrowia.pl\/ciekawostki\/wp-json\/wp\/v2\/media?parent=5102"}],"wp:term":[{"taxonomy":"category","embeddable":true,"href":"https:\/\/darzdrowia.pl\/ciekawostki\/wp-json\/wp\/v2\/categories?post=5102"},{"taxonomy":"post_tag","embeddable":true,"href":"https:\/\/darzdrowia.pl\/ciekawostki\/wp-json\/wp\/v2\/tags?post=5102"}],"curies":[{"name":"wp","href":"https:\/\/api.w.org\/{rel}","templated":true}]}}