{"id":5066,"date":"2024-08-26T14:38:29","date_gmt":"2024-08-26T12:38:29","guid":{"rendered":"https:\/\/darzdrowia.pl\/ciekawostki\/kolagen-w-profilaktyce-przeciwstarzeniowej-kiedy-zaczac-suplementacje\/"},"modified":"2024-08-26T14:38:29","modified_gmt":"2024-08-26T12:38:29","slug":"kolagen-w-profilaktyce-przeciwstarzeniowej-kiedy-zaczac-suplementacje","status":"publish","type":"post","link":"https:\/\/darzdrowia.pl\/ciekawostki\/kolagen-w-profilaktyce-przeciwstarzeniowej-kiedy-zaczac-suplementacje\/","title":{"rendered":"Kolagen w profilaktyce przeciwstarzeniowej: Kiedy zacz\u0105\u0107 suplementacj\u0119?"},"content":{"rendered":"\n<p>Kolagen, b\u0119d\u0105cy jednym z najwa\u017cniejszych bia\u0142ek w ludzkim organizmie, odgrywa kluczow\u0105 rol\u0119 w utrzymaniu zdrowia sk\u00f3ry, w\u0142os\u00f3w, paznokci oraz staw\u00f3w. Jego naturalna produkcja zaczyna jednak male\u0107 ju\u017c po 25. roku \u017cycia, co prowadzi do pojawienia si\u0119 pierwszych oznak starzenia si\u0119 sk\u00f3ry, takich jak zmarszczki czy utrata elastyczno\u015bci. W zwi\u0105zku z tym coraz wi\u0119cej os\u00f3b zastanawia si\u0119 nad suplementacj\u0105 kolagenu jako \u015brodka profilaktycznego przeciwstarzeniowego. Kiedy jest najlepszy moment na rozpocz\u0119cie takiej suplementacji? Czy warto zacz\u0105\u0107 ju\u017c w m\u0142odym wieku, czy mo\u017ce lepiej poczeka\u0107 na bardziej widoczne oznaki starzenia? W niniejszym artykule przyjrzymy si\u0119 korzy\u015bciom p\u0142yn\u0105cym z suplementacji kolagenu oraz om\u00f3wimy optymalny czas na jej rozpocz\u0119cie, aby skutecznie przeciwdzia\u0142a\u0107 procesom starzenia si\u0119 organizmu.<\/p>\n\n\n\n<h2 class=\"wp-block-heading\">**&#8221;Kolagen w profilaktyce przeciwstarzeniowej: Optymalny wiek na rozpocz\u0119cie suplementacji&#8221;**<\/h2>\n\n\n\n<p>Kolagen jest bia\u0142kiem strukturalnym, kt\u00f3re odgrywa kluczow\u0105 rol\u0119 w utrzymaniu elastyczno\u015bci i j\u0119drno\u015bci sk\u00f3ry. Z wiekiem naturalna produkcja kolagenu w organizmie maleje, co prowadzi do pojawienia si\u0119 zmarszczek i utraty spr\u0119\u017cysto\u015bci sk\u00f3ry. Suplementacja kolagenem mo\u017ce wspom\u00f3c profilaktyk\u0119 przeciwstarzeniow\u0105.<\/p>\n\n\n\n<p>Optymalny wiek na rozpocz\u0119cie suplementacji kolagenem nie jest jednoznacznie okre\u015blony. Wiele bada\u0144 sugeruje, \u017ce warto zacz\u0105\u0107 ju\u017c po 25. roku \u017cycia, kiedy to zaczyna spada\u0107 naturalna produkcja kolagenu. Wczesne wprowadzenie suplementacji mo\u017ce pom\u00f3c w op\u00f3\u017anieniu proces\u00f3w starzenia si\u0119 sk\u00f3ry.<\/p>\n\n\n\n<p>Warto jednak pami\u0119ta\u0107, \u017ce skuteczno\u015b\u0107 suplementacji zale\u017cy od wielu czynnik\u00f3w, takich jak dieta, styl \u017cycia oraz indywidualne predyspozycje genetyczne. Przed rozpocz\u0119ciem suplementacji zaleca si\u0119 konsultacj\u0119 z lekarzem lub specjalist\u0105 ds. \u017cywienia.<\/p>\n\n\n\n<h2 class=\"wp-block-heading\">**&#8221;Kiedy zacz\u0105\u0107 suplementacj\u0119 kolagenem? Wskaz\u00f3wki dla r\u00f3\u017cnych grup wiekowych&#8221;**<\/h2>\n\n\n\n<p>Suplementacja kolagenem mo\u017ce by\u0107 korzystna w r\u00f3\u017cnych etapach \u017cycia. Oto wskaz\u00f3wki dla r\u00f3\u017cnych grup wiekowych:<\/p>\n\n\n\n<p>**20-30 lat:** W tym wieku produkcja kolagenu jest jeszcze wysoka. Suplementacja mo\u017ce wspiera\u0107 zdrowie sk\u00f3ry, w\u0142os\u00f3w i paznokci, szczeg\u00f3lnie przy intensywnym stylu \u017cycia.<\/p>\n\n\n\n<p>**30-40 lat:** Zaczyna si\u0119 spadek naturalnej produkcji kolagenu. Suplementacja mo\u017ce pom\u00f3c w utrzymaniu elastyczno\u015bci sk\u00f3ry i zdrowia staw\u00f3w.<\/p>\n\n\n\n<p>**40-50 lat:** Proces starzenia si\u0119 przyspiesza, a produkcja kolagenu znacz\u0105co maleje. Regularne przyjmowanie kolagenu mo\u017ce wspiera\u0107 zdrowie sk\u00f3ry, staw\u00f3w i ko\u015bci.<\/p>\n\n\n\n<p>**50+ lat:** W tym wieku suplementacja jest szczeg\u00f3lnie wa\u017cna dla utrzymania zdrowia ko\u015bci, staw\u00f3w oraz elastyczno\u015bci sk\u00f3ry. Mo\u017ce r\u00f3wnie\u017c wspomaga\u0107 regeneracj\u0119 tkanek.<\/p>\n\n\n\n<p>Zawsze warto skonsultowa\u0107 si\u0119 z lekarzem przed rozpocz\u0119ciem suplementacji.<\/p>\n\n\n\n<h2 class=\"wp-block-heading\">**&#8221;Kolagen jako element profilaktyki przeciwstarzeniowej: Poradnik dla pocz\u0105tkuj\u0105cych&#8221;**<\/h2>\n\n\n\n<p>Kolagen jest bia\u0142kiem strukturalnym, kt\u00f3re stanowi kluczowy sk\u0142adnik sk\u00f3ry, w\u0142os\u00f3w, paznokci i staw\u00f3w. Jego produkcja naturalnie maleje z wiekiem, co prowadzi do pojawienia si\u0119 zmarszczek i utraty elastyczno\u015bci sk\u00f3ry.<\/p>\n\n\n\n<p>Suplementacja kolagenem mo\u017ce wspomaga\u0107 zdrowie sk\u00f3ry i op\u00f3\u017ania\u0107 procesy starzenia. Dost\u0119pne s\u0105 r\u00f3\u017cne formy kolagenu: hydrolizowany, w proszku, kapsu\u0142kach oraz w postaci napoj\u00f3w. Wyb\u00f3r odpowiedniej formy zale\u017cy od indywidualnych preferencji.<\/p>\n\n\n\n<p>Dieta bogata w bia\u0142ko oraz witaminy C i E wspiera naturaln\u0105 produkcj\u0119 kolagenu. Produkty takie jak ryby, mi\u0119so, jaja oraz owoce cytrusowe s\u0105 szczeg\u00f3lnie polecane.<\/p>\n\n\n\n<p>Regularne stosowanie krem\u00f3w zawieraj\u0105cych kolagen mo\u017ce poprawi\u0107 nawil\u017cenie i elastyczno\u015b\u0107 sk\u00f3ry. Wa\u017cne jest r\u00f3wnie\u017c unikanie nadmiernej ekspozycji na s\u0142o\u0144ce oraz palenia tytoniu, kt\u00f3re przyspieszaj\u0105 degradacj\u0119 kolagenu.<\/p>\n\n\n\n<p>Konsultacja z dermatologiem lub dietetykiem mo\u017ce pom\u00f3c w doborze odpowiednich produkt\u00f3w i suplement\u00f3w. Regularna piel\u0119gnacja oraz zdrowy styl \u017cycia s\u0105 kluczowe dla skutecznej profilaktyki przeciwstarzeniowej.<\/p>\n\n\n\n<p>Kolagen odgrywa kluczow\u0105 rol\u0119 w utrzymaniu zdrowia sk\u00f3ry, staw\u00f3w i innych tkanek \u0142\u0105cznych, co czyni go istotnym elementem w profilaktyce przeciwstarzeniowej. Z wiekiem naturalna produkcja kolagenu w organizmie maleje, co prowadzi do pojawienia si\u0119 zmarszczek, utraty elastyczno\u015bci sk\u00f3ry oraz problem\u00f3w ze stawami. Suplementacja kolagenem mo\u017ce pom\u00f3c w spowolnieniu tych proces\u00f3w i zachowaniu m\u0142odzie\u0144czego wygl\u0105du oraz sprawno\u015bci fizycznej.<\/p>\n\n\n\n<p>Optymalny moment na rozpocz\u0119cie suplementacji kolagenem zale\u017cy od indywidualnych potrzeb i stylu \u017cycia. Wiele bada\u0144 sugeruje, \u017ce warto zacz\u0105\u0107 ju\u017c po 25. roku \u017cycia, kiedy to zaczynaj\u0105 si\u0119 pierwsze oznaki spadku produkcji kolagenu. Wprowadzenie suplementacji na wcze\u015bniejszym etapie mo\u017ce dzia\u0142a\u0107 prewencyjnie i op\u00f3\u017ani\u0107 widoczne efekty starzenia.<\/p>\n\n\n\n<p>Podsumowuj\u0105c, suplementacja kolagenem jest skutecznym narz\u0119dziem w walce z oznakami starzenia si\u0119 organizmu. Rozpocz\u0119cie jej we w\u0142a\u015bciwym momencie mo\u017ce przynie\u015b\u0107 znacz\u0105ce korzy\u015bci dla zdrowia sk\u00f3ry i staw\u00f3w. Kluczowe jest jednak dostosowanie suplementacji do indywidualnych potrzeb oraz konsultacja z lekarzem lub specjalist\u0105 ds. \u017cywienia, aby zapewni\u0107 optymalne rezultaty.<\/p>\n","protected":false},"excerpt":{"rendered":"<p>Kolagen, b\u0119d\u0105cy jednym z najwa\u017cniejszych bia\u0142ek w ludzkim organizmie, odgrywa kluczow\u0105 rol\u0119 w utrzymaniu zdrowia sk\u00f3ry, w\u0142os\u00f3w, paznokci oraz staw\u00f3w. Jego naturalna produkcja zaczyna jednak male\u0107 ju\u017c po 25. roku \u017cycia, co prowadzi do pojawienia si\u0119 pierwszych oznak starzenia si\u0119 sk\u00f3ry, takich jak zmarszczki czy utrata elastyczno\u015bci. W zwi\u0105zku z tym coraz wi\u0119cej os\u00f3b zastanawia [&hellip;]<\/p>\n","protected":false},"author":1,"featured_media":0,"comment_status":"","ping_status":"open","sticky":false,"template":"","format":"standard","meta":{"footnotes":""},"categories":[1],"tags":[],"class_list":["post-5066","post","type-post","status-publish","format-standard","hentry","category-bez-kategorii"],"fm_meta_title":"Kolagen w profilaktyce przeciwstarzeniowej: Kiedy zacz\u0105\u0107 suplementacj\u0119?","fm_meta_description":"Dowiedz si\u0119, kiedy zacz\u0105\u0107 suplementacj\u0119 kolagenem, aby skutecznie przeciwdzia\u0142a\u0107 starzeniu si\u0119 sk\u00f3ry. Sprawd\u017a nasze porady i zachowaj m\u0142ody wygl\u0105d na d\u0142u\u017cej!","yoast_head":"<!-- This site is optimized with the Yoast SEO plugin v21.5 - https:\/\/yoast.com\/wordpress\/plugins\/seo\/ -->\n<title>Kolagen w profilaktyce przeciwstarzeniowej: Kiedy zacz\u0105\u0107 suplementacj\u0119?<\/title>\n<meta name=\"description\" content=\"Dowiedz si\u0119, kiedy zacz\u0105\u0107 suplementacj\u0119 kolagenem, aby skutecznie przeciwdzia\u0142a\u0107 starzeniu si\u0119 sk\u00f3ry. Sprawd\u017a nasze porady i zachowaj m\u0142ody wygl\u0105d na d\u0142u\u017cej!\" \/>\n<meta name=\"robots\" content=\"index, follow, max-snippet:-1, max-image-preview:large, max-video-preview:-1\" \/>\n<link rel=\"canonical\" href=\"https:\/\/darzdrowia.pl\/ciekawostki\/kolagen-w-profilaktyce-przeciwstarzeniowej-kiedy-zaczac-suplementacje\/\" \/>\n<meta property=\"og:locale\" content=\"pl_PL\" \/>\n<meta property=\"og:type\" content=\"article\" \/>\n<meta property=\"og:title\" content=\"Kolagen w profilaktyce przeciwstarzeniowej: Kiedy zacz\u0105\u0107 suplementacj\u0119?\" \/>\n<meta property=\"og:description\" content=\"Dowiedz si\u0119, kiedy zacz\u0105\u0107 suplementacj\u0119 kolagenem, aby skutecznie przeciwdzia\u0142a\u0107 starzeniu si\u0119 sk\u00f3ry. Sprawd\u017a nasze porady i zachowaj m\u0142ody wygl\u0105d na d\u0142u\u017cej!\" \/>\n<meta property=\"og:url\" content=\"https:\/\/darzdrowia.pl\/ciekawostki\/kolagen-w-profilaktyce-przeciwstarzeniowej-kiedy-zaczac-suplementacje\/\" \/>\n<meta property=\"og:site_name\" content=\"Dar Zdrowia Drogeria - Blog\" \/>\n<meta property=\"article:publisher\" content=\"https:\/\/www.facebook.com\/profile.php?id=100063606935396\" \/>\n<meta property=\"article:published_time\" content=\"2024-08-26T12:38:29+00:00\" \/>\n<meta name=\"author\" content=\"funkymedia\" \/>\n<meta name=\"twitter:card\" content=\"summary_large_image\" \/>\n<meta name=\"twitter:label1\" content=\"Napisane przez\" \/>\n\t<meta name=\"twitter:data1\" content=\"funkymedia\" \/>\n\t<meta name=\"twitter:label2\" content=\"Szacowany czas czytania\" \/>\n\t<meta name=\"twitter:data2\" content=\"4 minuty\" \/>\n<script type=\"application\/ld+json\" class=\"yoast-schema-graph\">{\"@context\":\"https:\/\/schema.org\",\"@graph\":[{\"@type\":\"Article\",\"@id\":\"https:\/\/darzdrowia.pl\/ciekawostki\/kolagen-w-profilaktyce-przeciwstarzeniowej-kiedy-zaczac-suplementacje\/#article\",\"isPartOf\":{\"@id\":\"https:\/\/darzdrowia.pl\/ciekawostki\/kolagen-w-profilaktyce-przeciwstarzeniowej-kiedy-zaczac-suplementacje\/\"},\"author\":{\"name\":\"funkymedia\",\"@id\":\"https:\/\/darzdrowia.pl\/ciekawostki\/#\/schema\/person\/e75579d624630bf943ac69d374bb928e\"},\"headline\":\"Kolagen w profilaktyce przeciwstarzeniowej: Kiedy zacz\u0105\u0107 suplementacj\u0119?\",\"datePublished\":\"2024-08-26T12:38:29+00:00\",\"dateModified\":\"2024-08-26T12:38:29+00:00\",\"mainEntityOfPage\":{\"@id\":\"https:\/\/darzdrowia.pl\/ciekawostki\/kolagen-w-profilaktyce-przeciwstarzeniowej-kiedy-zaczac-suplementacje\/\"},\"wordCount\":782,\"publisher\":{\"@id\":\"https:\/\/darzdrowia.pl\/ciekawostki\/#organization\"},\"inLanguage\":\"pl-PL\"},{\"@type\":\"WebPage\",\"@id\":\"https:\/\/darzdrowia.pl\/ciekawostki\/kolagen-w-profilaktyce-przeciwstarzeniowej-kiedy-zaczac-suplementacje\/\",\"url\":\"https:\/\/darzdrowia.pl\/ciekawostki\/kolagen-w-profilaktyce-przeciwstarzeniowej-kiedy-zaczac-suplementacje\/\",\"name\":\"Kolagen w profilaktyce przeciwstarzeniowej: Kiedy zacz\u0105\u0107 suplementacj\u0119?\",\"isPartOf\":{\"@id\":\"https:\/\/darzdrowia.pl\/ciekawostki\/#website\"},\"datePublished\":\"2024-08-26T12:38:29+00:00\",\"dateModified\":\"2024-08-26T12:38:29+00:00\",\"description\":\"Dowiedz si\u0119, kiedy zacz\u0105\u0107 suplementacj\u0119 kolagenem, aby skutecznie przeciwdzia\u0142a\u0107 starzeniu si\u0119 sk\u00f3ry. Sprawd\u017a nasze porady i zachowaj m\u0142ody wygl\u0105d na d\u0142u\u017cej!\",\"breadcrumb\":{\"@id\":\"https:\/\/darzdrowia.pl\/ciekawostki\/kolagen-w-profilaktyce-przeciwstarzeniowej-kiedy-zaczac-suplementacje\/#breadcrumb\"},\"inLanguage\":\"pl-PL\",\"potentialAction\":[{\"@type\":\"ReadAction\",\"target\":[\"https:\/\/darzdrowia.pl\/ciekawostki\/kolagen-w-profilaktyce-przeciwstarzeniowej-kiedy-zaczac-suplementacje\/\"]}]},{\"@type\":\"BreadcrumbList\",\"@id\":\"https:\/\/darzdrowia.pl\/ciekawostki\/kolagen-w-profilaktyce-przeciwstarzeniowej-kiedy-zaczac-suplementacje\/#breadcrumb\",\"itemListElement\":[{\"@type\":\"ListItem\",\"position\":1,\"name\":\"Strona g\u0142\u00f3wna\",\"item\":\"https:\/\/darzdrowia.pl\/ciekawostki\/\"},{\"@type\":\"ListItem\",\"position\":2,\"name\":\"Kolagen w profilaktyce przeciwstarzeniowej: Kiedy zacz\u0105\u0107 suplementacj\u0119?\"}]},{\"@type\":\"WebSite\",\"@id\":\"https:\/\/darzdrowia.pl\/ciekawostki\/#website\",\"url\":\"https:\/\/darzdrowia.pl\/ciekawostki\/\",\"name\":\"Dar Zdrowia Drogeria - Blog\",\"description\":\"\",\"publisher\":{\"@id\":\"https:\/\/darzdrowia.pl\/ciekawostki\/#organization\"},\"potentialAction\":[{\"@type\":\"SearchAction\",\"target\":{\"@type\":\"EntryPoint\",\"urlTemplate\":\"https:\/\/darzdrowia.pl\/ciekawostki\/?s={search_term_string}\"},\"query-input\":\"required name=search_term_string\"}],\"inLanguage\":\"pl-PL\"},{\"@type\":\"Organization\",\"@id\":\"https:\/\/darzdrowia.pl\/ciekawostki\/#organization\",\"name\":\"Dar Zdrowia Drogeria - Blog\",\"url\":\"https:\/\/darzdrowia.pl\/ciekawostki\/\",\"logo\":{\"@type\":\"ImageObject\",\"inLanguage\":\"pl-PL\",\"@id\":\"https:\/\/darzdrowia.pl\/ciekawostki\/#\/schema\/logo\/image\/\",\"url\":\"https:\/\/darzdrowia.pl\/ciekawostki\/wp-content\/uploads\/2023\/11\/logo-darzdrowia.webp\",\"contentUrl\":\"https:\/\/darzdrowia.pl\/ciekawostki\/wp-content\/uploads\/2023\/11\/logo-darzdrowia.webp\",\"width\":744,\"height\":225,\"caption\":\"Dar Zdrowia Drogeria - Blog\"},\"image\":{\"@id\":\"https:\/\/darzdrowia.pl\/ciekawostki\/#\/schema\/logo\/image\/\"},\"sameAs\":[\"https:\/\/www.facebook.com\/profile.php?id=100063606935396\"]},{\"@type\":\"Person\",\"@id\":\"https:\/\/darzdrowia.pl\/ciekawostki\/#\/schema\/person\/e75579d624630bf943ac69d374bb928e\",\"name\":\"funkymedia\",\"image\":{\"@type\":\"ImageObject\",\"inLanguage\":\"pl-PL\",\"@id\":\"https:\/\/darzdrowia.pl\/ciekawostki\/#\/schema\/person\/image\/\",\"url\":\"https:\/\/secure.gravatar.com\/avatar\/393cb205b658aef6e3271ad5a92265e3e4433d2384bbe95524ba160d5bc20299?s=96&d=mm&r=g\",\"contentUrl\":\"https:\/\/secure.gravatar.com\/avatar\/393cb205b658aef6e3271ad5a92265e3e4433d2384bbe95524ba160d5bc20299?s=96&d=mm&r=g\",\"caption\":\"funkymedia\"},\"sameAs\":[\"https:\/\/darzdrowia.pl\/ciekawostki\"],\"url\":\"https:\/\/darzdrowia.pl\/ciekawostki\/author\/funkymedia\/\"}]}<\/script>\n<!-- \/ Yoast SEO plugin. -->","yoast_head_json":{"title":"Kolagen w profilaktyce przeciwstarzeniowej: Kiedy zacz\u0105\u0107 suplementacj\u0119?","description":"Dowiedz si\u0119, kiedy zacz\u0105\u0107 suplementacj\u0119 kolagenem, aby skutecznie przeciwdzia\u0142a\u0107 starzeniu si\u0119 sk\u00f3ry. Sprawd\u017a nasze porady i zachowaj m\u0142ody wygl\u0105d na d\u0142u\u017cej!","robots":{"index":"index","follow":"follow","max-snippet":"max-snippet:-1","max-image-preview":"max-image-preview:large","max-video-preview":"max-video-preview:-1"},"canonical":"https:\/\/darzdrowia.pl\/ciekawostki\/kolagen-w-profilaktyce-przeciwstarzeniowej-kiedy-zaczac-suplementacje\/","og_locale":"pl_PL","og_type":"article","og_title":"Kolagen w profilaktyce przeciwstarzeniowej: Kiedy zacz\u0105\u0107 suplementacj\u0119?","og_description":"Dowiedz si\u0119, kiedy zacz\u0105\u0107 suplementacj\u0119 kolagenem, aby skutecznie przeciwdzia\u0142a\u0107 starzeniu si\u0119 sk\u00f3ry. Sprawd\u017a nasze porady i zachowaj m\u0142ody wygl\u0105d na d\u0142u\u017cej!","og_url":"https:\/\/darzdrowia.pl\/ciekawostki\/kolagen-w-profilaktyce-przeciwstarzeniowej-kiedy-zaczac-suplementacje\/","og_site_name":"Dar Zdrowia Drogeria - Blog","article_publisher":"https:\/\/www.facebook.com\/profile.php?id=100063606935396","article_published_time":"2024-08-26T12:38:29+00:00","author":"funkymedia","twitter_card":"summary_large_image","twitter_misc":{"Napisane przez":"funkymedia","Szacowany czas czytania":"4 minuty"},"schema":{"@context":"https:\/\/schema.org","@graph":[{"@type":"Article","@id":"https:\/\/darzdrowia.pl\/ciekawostki\/kolagen-w-profilaktyce-przeciwstarzeniowej-kiedy-zaczac-suplementacje\/#article","isPartOf":{"@id":"https:\/\/darzdrowia.pl\/ciekawostki\/kolagen-w-profilaktyce-przeciwstarzeniowej-kiedy-zaczac-suplementacje\/"},"author":{"name":"funkymedia","@id":"https:\/\/darzdrowia.pl\/ciekawostki\/#\/schema\/person\/e75579d624630bf943ac69d374bb928e"},"headline":"Kolagen w profilaktyce przeciwstarzeniowej: Kiedy zacz\u0105\u0107 suplementacj\u0119?","datePublished":"2024-08-26T12:38:29+00:00","dateModified":"2024-08-26T12:38:29+00:00","mainEntityOfPage":{"@id":"https:\/\/darzdrowia.pl\/ciekawostki\/kolagen-w-profilaktyce-przeciwstarzeniowej-kiedy-zaczac-suplementacje\/"},"wordCount":782,"publisher":{"@id":"https:\/\/darzdrowia.pl\/ciekawostki\/#organization"},"inLanguage":"pl-PL"},{"@type":"WebPage","@id":"https:\/\/darzdrowia.pl\/ciekawostki\/kolagen-w-profilaktyce-przeciwstarzeniowej-kiedy-zaczac-suplementacje\/","url":"https:\/\/darzdrowia.pl\/ciekawostki\/kolagen-w-profilaktyce-przeciwstarzeniowej-kiedy-zaczac-suplementacje\/","name":"Kolagen w profilaktyce przeciwstarzeniowej: Kiedy zacz\u0105\u0107 suplementacj\u0119?","isPartOf":{"@id":"https:\/\/darzdrowia.pl\/ciekawostki\/#website"},"datePublished":"2024-08-26T12:38:29+00:00","dateModified":"2024-08-26T12:38:29+00:00","description":"Dowiedz si\u0119, kiedy zacz\u0105\u0107 suplementacj\u0119 kolagenem, aby skutecznie przeciwdzia\u0142a\u0107 starzeniu si\u0119 sk\u00f3ry. Sprawd\u017a nasze porady i zachowaj m\u0142ody wygl\u0105d na d\u0142u\u017cej!","breadcrumb":{"@id":"https:\/\/darzdrowia.pl\/ciekawostki\/kolagen-w-profilaktyce-przeciwstarzeniowej-kiedy-zaczac-suplementacje\/#breadcrumb"},"inLanguage":"pl-PL","potentialAction":[{"@type":"ReadAction","target":["https:\/\/darzdrowia.pl\/ciekawostki\/kolagen-w-profilaktyce-przeciwstarzeniowej-kiedy-zaczac-suplementacje\/"]}]},{"@type":"BreadcrumbList","@id":"https:\/\/darzdrowia.pl\/ciekawostki\/kolagen-w-profilaktyce-przeciwstarzeniowej-kiedy-zaczac-suplementacje\/#breadcrumb","itemListElement":[{"@type":"ListItem","position":1,"name":"Strona g\u0142\u00f3wna","item":"https:\/\/darzdrowia.pl\/ciekawostki\/"},{"@type":"ListItem","position":2,"name":"Kolagen w profilaktyce przeciwstarzeniowej: Kiedy zacz\u0105\u0107 suplementacj\u0119?"}]},{"@type":"WebSite","@id":"https:\/\/darzdrowia.pl\/ciekawostki\/#website","url":"https:\/\/darzdrowia.pl\/ciekawostki\/","name":"Dar Zdrowia Drogeria - Blog","description":"","publisher":{"@id":"https:\/\/darzdrowia.pl\/ciekawostki\/#organization"},"potentialAction":[{"@type":"SearchAction","target":{"@type":"EntryPoint","urlTemplate":"https:\/\/darzdrowia.pl\/ciekawostki\/?s={search_term_string}"},"query-input":"required name=search_term_string"}],"inLanguage":"pl-PL"},{"@type":"Organization","@id":"https:\/\/darzdrowia.pl\/ciekawostki\/#organization","name":"Dar Zdrowia Drogeria - Blog","url":"https:\/\/darzdrowia.pl\/ciekawostki\/","logo":{"@type":"ImageObject","inLanguage":"pl-PL","@id":"https:\/\/darzdrowia.pl\/ciekawostki\/#\/schema\/logo\/image\/","url":"https:\/\/darzdrowia.pl\/ciekawostki\/wp-content\/uploads\/2023\/11\/logo-darzdrowia.webp","contentUrl":"https:\/\/darzdrowia.pl\/ciekawostki\/wp-content\/uploads\/2023\/11\/logo-darzdrowia.webp","width":744,"height":225,"caption":"Dar Zdrowia Drogeria - Blog"},"image":{"@id":"https:\/\/darzdrowia.pl\/ciekawostki\/#\/schema\/logo\/image\/"},"sameAs":["https:\/\/www.facebook.com\/profile.php?id=100063606935396"]},{"@type":"Person","@id":"https:\/\/darzdrowia.pl\/ciekawostki\/#\/schema\/person\/e75579d624630bf943ac69d374bb928e","name":"funkymedia","image":{"@type":"ImageObject","inLanguage":"pl-PL","@id":"https:\/\/darzdrowia.pl\/ciekawostki\/#\/schema\/person\/image\/","url":"https:\/\/secure.gravatar.com\/avatar\/393cb205b658aef6e3271ad5a92265e3e4433d2384bbe95524ba160d5bc20299?s=96&d=mm&r=g","contentUrl":"https:\/\/secure.gravatar.com\/avatar\/393cb205b658aef6e3271ad5a92265e3e4433d2384bbe95524ba160d5bc20299?s=96&d=mm&r=g","caption":"funkymedia"},"sameAs":["https:\/\/darzdrowia.pl\/ciekawostki"],"url":"https:\/\/darzdrowia.pl\/ciekawostki\/author\/funkymedia\/"}]}},"_links":{"self":[{"href":"https:\/\/darzdrowia.pl\/ciekawostki\/wp-json\/wp\/v2\/posts\/5066","targetHints":{"allow":["GET"]}}],"collection":[{"href":"https:\/\/darzdrowia.pl\/ciekawostki\/wp-json\/wp\/v2\/posts"}],"about":[{"href":"https:\/\/darzdrowia.pl\/ciekawostki\/wp-json\/wp\/v2\/types\/post"}],"author":[{"embeddable":true,"href":"https:\/\/darzdrowia.pl\/ciekawostki\/wp-json\/wp\/v2\/users\/1"}],"replies":[{"embeddable":true,"href":"https:\/\/darzdrowia.pl\/ciekawostki\/wp-json\/wp\/v2\/comments?post=5066"}],"version-history":[{"count":0,"href":"https:\/\/darzdrowia.pl\/ciekawostki\/wp-json\/wp\/v2\/posts\/5066\/revisions"}],"wp:attachment":[{"href":"https:\/\/darzdrowia.pl\/ciekawostki\/wp-json\/wp\/v2\/media?parent=5066"}],"wp:term":[{"taxonomy":"category","embeddable":true,"href":"https:\/\/darzdrowia.pl\/ciekawostki\/wp-json\/wp\/v2\/categories?post=5066"},{"taxonomy":"post_tag","embeddable":true,"href":"https:\/\/darzdrowia.pl\/ciekawostki\/wp-json\/wp\/v2\/tags?post=5066"}],"curies":[{"name":"wp","href":"https:\/\/api.w.org\/{rel}","templated":true}]}}