{"id":3803,"date":"2024-06-24T15:55:38","date_gmt":"2024-06-24T13:55:38","guid":{"rendered":"https:\/\/darzdrowia.pl\/ciekawostki\/pharmaceris-na-zime-jak-dbac-o-skore-w-chlodniejsze-dni\/"},"modified":"2024-06-24T15:55:38","modified_gmt":"2024-06-24T13:55:38","slug":"pharmaceris-na-zime-jak-dbac-o-skore-w-chlodniejsze-dni","status":"publish","type":"post","link":"https:\/\/darzdrowia.pl\/ciekawostki\/pharmaceris-na-zime-jak-dbac-o-skore-w-chlodniejsze-dni\/","title":{"rendered":"Pharmaceris na zim\u0119: Jak dba\u0107 o sk\u00f3r\u0119 w ch\u0142odniejsze dni?"},"content":{"rendered":"\n<p>Zima to czas, kiedy nasza sk\u00f3ra potrzebuje szczeg\u00f3lnej troski i ochrony. Niskie temperatury, wiatr, suche powietrze w pomieszczeniach &#8211; wszystko to mo\u017ce negatywnie wp\u0142yn\u0105\u0107 na kondycj\u0119 naszej sk\u00f3ry. Dlatego te\u017c warto zadba\u0107 o odpowiedni\u0105 piel\u0119gnacj\u0119, aby zachowa\u0107 jej zdrowy wygl\u0105d i zapobiec niepo\u017c\u0105danym problemom. W tym celu warto si\u0119gn\u0105\u0107 po produkty Pharmaceris, kt\u00f3re specjalnie zosta\u0142y stworzone z my\u015bl\u0105 o piel\u0119gnacji sk\u00f3ry w okresie zimowym. Jakie s\u0105 najwa\u017cniejsze kroki w dbaniu o sk\u00f3r\u0119 w ch\u0142odniejsze dni? O tym opowiemy w poni\u017cszym wprowadzeniu.<\/p>\n\n\n\n<h2 class=\"wp-block-heading\">Zimowa piel\u0119gnacja sk\u00f3ry z Pharmaceris &#8211; jak zadba\u0107 o cer\u0119 w mro\u017ane dni?<\/h2>\n\n\n\n<p>Zimowa pora roku mo\u017ce by\u0107 trudna dla naszej sk\u00f3ry, szczeg\u00f3lnie w mro\u017ane dni. Niskie temperatury, wiatr i suche powietrze mog\u0105 powodowa\u0107 jej przesuszenie i podra\u017cnienia. Dlatego wa\u017cne jest, aby odpowiednio o ni\u0105 zadba\u0107. Firma Pharmaceris oferuje specjaln\u0105 lini\u0119 produkt\u00f3w do zimowej piel\u0119gnacji sk\u00f3ry, kt\u00f3ra pomo\u017ce nam utrzyma\u0107 j\u0105 w dobrej kondycji.<\/p>\n\n\n\n<p>Pierwszym krokiem jest dok\u0142adne oczyszczenie sk\u00f3ry. W tym celu warto u\u017cywa\u0107 delikatnych produkt\u00f3w myj\u0105cych, kt\u00f3re nie b\u0119d\u0105 dodatkowo wysusza\u0107 sk\u00f3ry. Nast\u0119pnie nale\u017cy zastosowa\u0107 nawil\u017caj\u0105cy krem lub serum, kt\u00f3re zapewni\u0105 odpowiednie nawil\u017cenie i od\u017cywienie sk\u00f3ry.<\/p>\n\n\n\n<p>Warto r\u00f3wnie\u017c pami\u0119ta\u0107 o ochronie przed promieniowaniem UV, nawet w zimowe dni. Dlatego warto wybiera\u0107 produkty z filtrem SPF, kt\u00f3re b\u0119d\u0105 chroni\u0107 nasz\u0105 sk\u00f3r\u0119 przed szkodliwym dzia\u0142aniem s\u0142o\u0144ca.<\/p>\n\n\n\n<p>Je\u015bli nasza sk\u00f3ra jest szczeg\u00f3lnie sucha i podra\u017cniona, warto si\u0119gn\u0105\u0107 po produkty z linii Pharmaceris A &#8211; przeznaczonej dla os\u00f3b z problemami sk\u00f3rnymi. Zawieraj\u0105 one substancje \u0142agodz\u0105ce i regeneruj\u0105ce, kt\u00f3re pomog\u0105 przywr\u00f3ci\u0107 r\u00f3wnowag\u0119 naszej sk\u00f3rze.<\/p>\n\n\n\n<p>Podsumowuj\u0105c, zimowa piel\u0119gnacja sk\u00f3ry wymaga odpowiednich produkt\u00f3w i regularno\u015bci. Dzi\u0119ki linii Pharmaceris mo\u017cemy zadba\u0107 o nasz\u0105 sk\u00f3r\u0119 w mro\u017ane dni, zapewniaj\u0105c jej odpowiednie nawil\u017cenie, ochron\u0119 i regeneracj\u0119. Pami\u0119tajmy r\u00f3wnie\u017c o codziennym picie odpowiedniej ilo\u015bci wody oraz unikaniu d\u0142ugotrwa\u0142ego przebywania w suchych i ogrzewanych pomieszczeniach.<\/p>\n\n\n\n<h2 class=\"wp-block-heading\">Najlepsze produkty Pharmaceris na zim\u0119 &#8211; ochrona i nawil\u017cenie dla Twojej sk\u00f3ry<\/h2>\n\n\n\n<p>Pharmaceris oferuje najlepsze produkty na zim\u0119, kt\u00f3re zapewniaj\u0105 ochron\u0119 i nawil\u017cenie dla Twojej sk\u00f3ry. Dzi\u0119ki nim Twoja sk\u00f3ra b\u0119dzie dobrze przygotowana na trudne warunki zimowe. Wybieraj\u0105c produkty Pharmaceris, mo\u017cesz by\u0107 pewny\/a, \u017ce Twoja sk\u00f3ra b\u0119dzie odpowiednio chroniona i nawil\u017cona przez ca\u0142y sezon.<\/p>\n\n\n\n<h2 class=\"wp-block-heading\">5 prostych krok\u00f3w do pi\u0119knej sk\u00f3ry zim\u0105 dzi\u0119ki Pharmaceris<\/h2>\n\n\n\n<p>1. Oczyszczaj sk\u00f3r\u0119 delikatnie &#8211; zim\u0105 nasza sk\u00f3ra jest bardziej wra\u017cliwa, dlatego wa\u017cne jest, aby u\u017cywa\u0107 \u0142agodnych produkt\u00f3w do oczyszczania twarzy.<\/p>\n\n\n\n<p>2. Nawil\u017caj sk\u00f3r\u0119 regularnie &#8211; suche powietrze i niskie temperatury mog\u0105 sprawi\u0107, \u017ce nasza sk\u00f3ra stanie si\u0119 przesuszona. Dlatego warto stosowa\u0107 kremy nawil\u017caj\u0105ce, kt\u00f3re pomog\u0105 utrzyma\u0107 odpowiedni poziom nawil\u017cenia.<\/p>\n\n\n\n<p>3. Unikaj d\u0142ugotrwa\u0142ego przebywania w suchych pomieszczeniach &#8211; ogrzewanie i klimatyzacja mog\u0105 dodatkowo wysuszy\u0107 nasz\u0105 sk\u00f3r\u0119. Starajmy si\u0119 wi\u0119c unika\u0107 d\u0142ugiego przebywania w takich warunkach.<\/p>\n\n\n\n<p>4. Stosuj produkty z filtrem UV &#8211; nawet zim\u0105 nasza sk\u00f3ra jest nara\u017cona na szkodliwe promieniowanie UV. Dlatego warto u\u017cywa\u0107 kosmetyk\u00f3w z filtrem ochronnym, aby chroni\u0107 j\u0105 przed negatywnym dzia\u0142aniem s\u0142o\u0144ca.<\/p>\n\n\n\n<p>5. Wybieraj produkty Pharmaceris &#8211; marka ta oferuje specjalne linie kosmetyk\u00f3w przeznaczonych do piel\u0119gnacji sk\u00f3ry zim\u0105. S\u0105 one opracowane w oparciu o najnowsze technologie i zawieraj\u0105 sk\u0142adniki aktywne, kt\u00f3re pomagaj\u0105 utrzyma\u0107 pi\u0119kny wygl\u0105d naszej sk\u00f3ry nawet w trudnych warunkach pogodowych.<\/p>\n\n\n\n<p>Dzi\u0119ki tym prostym krokom i wykorzystaniu produkt\u00f3w Pharmaceris, mo\u017cemy cieszy\u0107 si\u0119 pi\u0119kn\u0105 i zdrow\u0105 sk\u00f3r\u0105 przez ca\u0142\u0105 zim\u0119. Pami\u0119tajmy o regularnej piel\u0119gnacji i dostosowaniu jej do potrzeb naszej sk\u00f3ry, aby zachowa\u0107 jej naturalne pi\u0119kno.<\/p>\n\n\n\n<p>Pharmaceris to marka, kt\u00f3ra oferuje szeroki wyb\u00f3r produkt\u00f3w do piel\u0119gnacji sk\u00f3ry na zim\u0119. W ich asortymencie znajduj\u0105 si\u0119 kremy nawil\u017caj\u0105ce, od\u017cywcze i ochronne, kt\u00f3re s\u0105 niezb\u0119dne w okresie niskich temperatur. Dzi\u0119ki specjalnej formule, bogatej w sk\u0142adniki od\u017cywcze i substancje aktywne, produkty Pharmaceris zapewniaj\u0105 sk\u00f3rze odpowiednie nawil\u017cenie, regeneracj\u0119 i ochron\u0119 przed szkodliwym dzia\u0142aniem mrozu i wiatru.<\/p>\n\n\n\n<p>W celu odpowiedniej piel\u0119gnacji sk\u00f3ry w ch\u0142odniejsze dni, warto zastosowa\u0107 kilka prostych zasad. Po pierwsze, nale\u017cy zadba\u0107 o odpowiednie nawodnienie organizmu poprzez picie du\u017cej ilo\u015bci wody. Nast\u0119pnie, nale\u017cy stosowa\u0107 kremy nawil\u017caj\u0105ce oraz od\u017cywcze na twarz i cia\u0142o, aby zapobiec przesuszeniu sk\u00f3ry. Wa\u017cne jest r\u00f3wnie\u017c regularne stosowanie balsam\u00f3w do ust oraz krem\u00f3w do r\u0105k, poniewa\u017c te cz\u0119\u015bci cia\u0142a s\u0105 szczeg\u00f3lnie nara\u017cone na dzia\u0142anie mrozu.<\/p>\n\n\n\n<p>Podsumowuj\u0105c, Pharmaceris to marka godna polecenia dla os\u00f3b dbaj\u0105cych o swoj\u0105 sk\u00f3r\u0119 w okresie zimowym. Jej produkty s\u0105 skutecznym wsparciem w walce ze szkodliwymi czynnikami atmosferycznymi i pomagaj\u0105 zachowa\u0107 zdrowy i pi\u0119kny wygl\u0105d sk\u00f3ry. Pami\u0119tajmy, \u017ce odpowiednia piel\u0119gnacja jest kluczem do zachowania jej m\u0142odego wygl\u0105du i zapewnienia jej ochrony przed niekorzystnymi warunkami pogodowymi.<\/p>\n","protected":false},"excerpt":{"rendered":"<p>Zima to czas, kiedy nasza sk\u00f3ra potrzebuje szczeg\u00f3lnej troski i ochrony. Niskie temperatury, wiatr, suche powietrze w pomieszczeniach &#8211; wszystko to mo\u017ce negatywnie wp\u0142yn\u0105\u0107 na kondycj\u0119 naszej sk\u00f3ry. Dlatego te\u017c warto zadba\u0107 o odpowiedni\u0105 piel\u0119gnacj\u0119, aby zachowa\u0107 jej zdrowy wygl\u0105d i zapobiec niepo\u017c\u0105danym problemom. W tym celu warto si\u0119gn\u0105\u0107 po produkty Pharmaceris, kt\u00f3re specjalnie zosta\u0142y [&hellip;]<\/p>\n","protected":false},"author":1,"featured_media":0,"comment_status":"","ping_status":"open","sticky":false,"template":"","format":"standard","meta":{"footnotes":""},"categories":[1],"tags":[],"class_list":["post-3803","post","type-post","status-publish","format-standard","hentry","category-bez-kategorii"],"fm_meta_title":"Pharmaceris na zim\u0119: Jak dba\u0107 o sk\u00f3r\u0119 w ch\u0142odniejsze dni?","fm_meta_description":"Zbli\u017ca si\u0119 zima, a wraz z ni\u0105 niska temperatura i suche powietrze. Czy wiesz, jak zadba\u0107 o swoj\u0105 sk\u00f3r\u0119 w tym trudnym okresie? Pharmaceris ma dla Ciebie idealne rozwi\u0105zanie! Odkryj nasze produkty, kt\u00f3re zapewni\u0105 Twojej sk\u00f3rze odpowiednie nawil\u017cenie i ochron\u0119 przed mrozem. Sprawd\u017a ju\u017c teraz!","yoast_head":"<!-- This site is optimized with the Yoast SEO plugin v21.5 - https:\/\/yoast.com\/wordpress\/plugins\/seo\/ -->\n<title>Pharmaceris na zim\u0119: Jak dba\u0107 o sk\u00f3r\u0119 w ch\u0142odniejsze dni?<\/title>\n<meta name=\"description\" content=\"Zbli\u017ca si\u0119 zima, a wraz z ni\u0105 niska temperatura i suche powietrze. Czy wiesz, jak zadba\u0107 o swoj\u0105 sk\u00f3r\u0119 w tym trudnym okresie? Pharmaceris ma dla Ciebie idealne rozwi\u0105zanie! Odkryj nasze produkty, kt\u00f3re zapewni\u0105 Twojej sk\u00f3rze odpowiednie nawil\u017cenie i ochron\u0119 przed mrozem. Sprawd\u017a ju\u017c teraz!\" \/>\n<meta name=\"robots\" content=\"index, follow, max-snippet:-1, max-image-preview:large, max-video-preview:-1\" \/>\n<link rel=\"canonical\" href=\"https:\/\/darzdrowia.pl\/ciekawostki\/pharmaceris-na-zime-jak-dbac-o-skore-w-chlodniejsze-dni\/\" \/>\n<meta property=\"og:locale\" content=\"pl_PL\" \/>\n<meta property=\"og:type\" content=\"article\" \/>\n<meta property=\"og:title\" content=\"Pharmaceris na zim\u0119: Jak dba\u0107 o sk\u00f3r\u0119 w ch\u0142odniejsze dni?\" \/>\n<meta property=\"og:description\" content=\"Zbli\u017ca si\u0119 zima, a wraz z ni\u0105 niska temperatura i suche powietrze. Czy wiesz, jak zadba\u0107 o swoj\u0105 sk\u00f3r\u0119 w tym trudnym okresie? Pharmaceris ma dla Ciebie idealne rozwi\u0105zanie! Odkryj nasze produkty, kt\u00f3re zapewni\u0105 Twojej sk\u00f3rze odpowiednie nawil\u017cenie i ochron\u0119 przed mrozem. Sprawd\u017a ju\u017c teraz!\" \/>\n<meta property=\"og:url\" content=\"https:\/\/darzdrowia.pl\/ciekawostki\/pharmaceris-na-zime-jak-dbac-o-skore-w-chlodniejsze-dni\/\" \/>\n<meta property=\"og:site_name\" content=\"Dar Zdrowia Drogeria - Blog\" \/>\n<meta property=\"article:publisher\" content=\"https:\/\/www.facebook.com\/profile.php?id=100063606935396\" \/>\n<meta property=\"article:published_time\" content=\"2024-06-24T13:55:38+00:00\" \/>\n<meta name=\"author\" content=\"funkymedia\" \/>\n<meta name=\"twitter:card\" content=\"summary_large_image\" \/>\n<meta name=\"twitter:label1\" content=\"Napisane przez\" \/>\n\t<meta name=\"twitter:data1\" content=\"funkymedia\" \/>\n\t<meta name=\"twitter:label2\" content=\"Szacowany czas czytania\" \/>\n\t<meta name=\"twitter:data2\" content=\"4 minuty\" \/>\n<script type=\"application\/ld+json\" class=\"yoast-schema-graph\">{\"@context\":\"https:\/\/schema.org\",\"@graph\":[{\"@type\":\"Article\",\"@id\":\"https:\/\/darzdrowia.pl\/ciekawostki\/pharmaceris-na-zime-jak-dbac-o-skore-w-chlodniejsze-dni\/#article\",\"isPartOf\":{\"@id\":\"https:\/\/darzdrowia.pl\/ciekawostki\/pharmaceris-na-zime-jak-dbac-o-skore-w-chlodniejsze-dni\/\"},\"author\":{\"name\":\"funkymedia\",\"@id\":\"https:\/\/darzdrowia.pl\/ciekawostki\/#\/schema\/person\/e75579d624630bf943ac69d374bb928e\"},\"headline\":\"Pharmaceris na zim\u0119: Jak dba\u0107 o sk\u00f3r\u0119 w ch\u0142odniejsze dni?\",\"datePublished\":\"2024-06-24T13:55:38+00:00\",\"dateModified\":\"2024-06-24T13:55:38+00:00\",\"mainEntityOfPage\":{\"@id\":\"https:\/\/darzdrowia.pl\/ciekawostki\/pharmaceris-na-zime-jak-dbac-o-skore-w-chlodniejsze-dni\/\"},\"wordCount\":902,\"publisher\":{\"@id\":\"https:\/\/darzdrowia.pl\/ciekawostki\/#organization\"},\"inLanguage\":\"pl-PL\"},{\"@type\":\"WebPage\",\"@id\":\"https:\/\/darzdrowia.pl\/ciekawostki\/pharmaceris-na-zime-jak-dbac-o-skore-w-chlodniejsze-dni\/\",\"url\":\"https:\/\/darzdrowia.pl\/ciekawostki\/pharmaceris-na-zime-jak-dbac-o-skore-w-chlodniejsze-dni\/\",\"name\":\"Pharmaceris na zim\u0119: Jak dba\u0107 o sk\u00f3r\u0119 w ch\u0142odniejsze dni?\",\"isPartOf\":{\"@id\":\"https:\/\/darzdrowia.pl\/ciekawostki\/#website\"},\"datePublished\":\"2024-06-24T13:55:38+00:00\",\"dateModified\":\"2024-06-24T13:55:38+00:00\",\"description\":\"Zbli\u017ca si\u0119 zima, a wraz z ni\u0105 niska temperatura i suche powietrze. Czy wiesz, jak zadba\u0107 o swoj\u0105 sk\u00f3r\u0119 w tym trudnym okresie? Pharmaceris ma dla Ciebie idealne rozwi\u0105zanie! Odkryj nasze produkty, kt\u00f3re zapewni\u0105 Twojej sk\u00f3rze odpowiednie nawil\u017cenie i ochron\u0119 przed mrozem. Sprawd\u017a ju\u017c teraz!\",\"breadcrumb\":{\"@id\":\"https:\/\/darzdrowia.pl\/ciekawostki\/pharmaceris-na-zime-jak-dbac-o-skore-w-chlodniejsze-dni\/#breadcrumb\"},\"inLanguage\":\"pl-PL\",\"potentialAction\":[{\"@type\":\"ReadAction\",\"target\":[\"https:\/\/darzdrowia.pl\/ciekawostki\/pharmaceris-na-zime-jak-dbac-o-skore-w-chlodniejsze-dni\/\"]}]},{\"@type\":\"BreadcrumbList\",\"@id\":\"https:\/\/darzdrowia.pl\/ciekawostki\/pharmaceris-na-zime-jak-dbac-o-skore-w-chlodniejsze-dni\/#breadcrumb\",\"itemListElement\":[{\"@type\":\"ListItem\",\"position\":1,\"name\":\"Strona g\u0142\u00f3wna\",\"item\":\"https:\/\/darzdrowia.pl\/ciekawostki\/\"},{\"@type\":\"ListItem\",\"position\":2,\"name\":\"Pharmaceris na zim\u0119: Jak dba\u0107 o sk\u00f3r\u0119 w ch\u0142odniejsze dni?\"}]},{\"@type\":\"WebSite\",\"@id\":\"https:\/\/darzdrowia.pl\/ciekawostki\/#website\",\"url\":\"https:\/\/darzdrowia.pl\/ciekawostki\/\",\"name\":\"Dar Zdrowia Drogeria - Blog\",\"description\":\"\",\"publisher\":{\"@id\":\"https:\/\/darzdrowia.pl\/ciekawostki\/#organization\"},\"potentialAction\":[{\"@type\":\"SearchAction\",\"target\":{\"@type\":\"EntryPoint\",\"urlTemplate\":\"https:\/\/darzdrowia.pl\/ciekawostki\/?s={search_term_string}\"},\"query-input\":\"required name=search_term_string\"}],\"inLanguage\":\"pl-PL\"},{\"@type\":\"Organization\",\"@id\":\"https:\/\/darzdrowia.pl\/ciekawostki\/#organization\",\"name\":\"Dar Zdrowia Drogeria - Blog\",\"url\":\"https:\/\/darzdrowia.pl\/ciekawostki\/\",\"logo\":{\"@type\":\"ImageObject\",\"inLanguage\":\"pl-PL\",\"@id\":\"https:\/\/darzdrowia.pl\/ciekawostki\/#\/schema\/logo\/image\/\",\"url\":\"https:\/\/darzdrowia.pl\/ciekawostki\/wp-content\/uploads\/2023\/11\/logo-darzdrowia.webp\",\"contentUrl\":\"https:\/\/darzdrowia.pl\/ciekawostki\/wp-content\/uploads\/2023\/11\/logo-darzdrowia.webp\",\"width\":744,\"height\":225,\"caption\":\"Dar Zdrowia Drogeria - Blog\"},\"image\":{\"@id\":\"https:\/\/darzdrowia.pl\/ciekawostki\/#\/schema\/logo\/image\/\"},\"sameAs\":[\"https:\/\/www.facebook.com\/profile.php?id=100063606935396\"]},{\"@type\":\"Person\",\"@id\":\"https:\/\/darzdrowia.pl\/ciekawostki\/#\/schema\/person\/e75579d624630bf943ac69d374bb928e\",\"name\":\"funkymedia\",\"image\":{\"@type\":\"ImageObject\",\"inLanguage\":\"pl-PL\",\"@id\":\"https:\/\/darzdrowia.pl\/ciekawostki\/#\/schema\/person\/image\/\",\"url\":\"https:\/\/secure.gravatar.com\/avatar\/393cb205b658aef6e3271ad5a92265e3e4433d2384bbe95524ba160d5bc20299?s=96&d=mm&r=g\",\"contentUrl\":\"https:\/\/secure.gravatar.com\/avatar\/393cb205b658aef6e3271ad5a92265e3e4433d2384bbe95524ba160d5bc20299?s=96&d=mm&r=g\",\"caption\":\"funkymedia\"},\"sameAs\":[\"https:\/\/darzdrowia.pl\/ciekawostki\"],\"url\":\"https:\/\/darzdrowia.pl\/ciekawostki\/author\/funkymedia\/\"}]}<\/script>\n<!-- \/ Yoast SEO plugin. -->","yoast_head_json":{"title":"Pharmaceris na zim\u0119: Jak dba\u0107 o sk\u00f3r\u0119 w ch\u0142odniejsze dni?","description":"Zbli\u017ca si\u0119 zima, a wraz z ni\u0105 niska temperatura i suche powietrze. Czy wiesz, jak zadba\u0107 o swoj\u0105 sk\u00f3r\u0119 w tym trudnym okresie? Pharmaceris ma dla Ciebie idealne rozwi\u0105zanie! Odkryj nasze produkty, kt\u00f3re zapewni\u0105 Twojej sk\u00f3rze odpowiednie nawil\u017cenie i ochron\u0119 przed mrozem. Sprawd\u017a ju\u017c teraz!","robots":{"index":"index","follow":"follow","max-snippet":"max-snippet:-1","max-image-preview":"max-image-preview:large","max-video-preview":"max-video-preview:-1"},"canonical":"https:\/\/darzdrowia.pl\/ciekawostki\/pharmaceris-na-zime-jak-dbac-o-skore-w-chlodniejsze-dni\/","og_locale":"pl_PL","og_type":"article","og_title":"Pharmaceris na zim\u0119: Jak dba\u0107 o sk\u00f3r\u0119 w ch\u0142odniejsze dni?","og_description":"Zbli\u017ca si\u0119 zima, a wraz z ni\u0105 niska temperatura i suche powietrze. Czy wiesz, jak zadba\u0107 o swoj\u0105 sk\u00f3r\u0119 w tym trudnym okresie? Pharmaceris ma dla Ciebie idealne rozwi\u0105zanie! Odkryj nasze produkty, kt\u00f3re zapewni\u0105 Twojej sk\u00f3rze odpowiednie nawil\u017cenie i ochron\u0119 przed mrozem. Sprawd\u017a ju\u017c teraz!","og_url":"https:\/\/darzdrowia.pl\/ciekawostki\/pharmaceris-na-zime-jak-dbac-o-skore-w-chlodniejsze-dni\/","og_site_name":"Dar Zdrowia Drogeria - Blog","article_publisher":"https:\/\/www.facebook.com\/profile.php?id=100063606935396","article_published_time":"2024-06-24T13:55:38+00:00","author":"funkymedia","twitter_card":"summary_large_image","twitter_misc":{"Napisane przez":"funkymedia","Szacowany czas czytania":"4 minuty"},"schema":{"@context":"https:\/\/schema.org","@graph":[{"@type":"Article","@id":"https:\/\/darzdrowia.pl\/ciekawostki\/pharmaceris-na-zime-jak-dbac-o-skore-w-chlodniejsze-dni\/#article","isPartOf":{"@id":"https:\/\/darzdrowia.pl\/ciekawostki\/pharmaceris-na-zime-jak-dbac-o-skore-w-chlodniejsze-dni\/"},"author":{"name":"funkymedia","@id":"https:\/\/darzdrowia.pl\/ciekawostki\/#\/schema\/person\/e75579d624630bf943ac69d374bb928e"},"headline":"Pharmaceris na zim\u0119: Jak dba\u0107 o sk\u00f3r\u0119 w ch\u0142odniejsze dni?","datePublished":"2024-06-24T13:55:38+00:00","dateModified":"2024-06-24T13:55:38+00:00","mainEntityOfPage":{"@id":"https:\/\/darzdrowia.pl\/ciekawostki\/pharmaceris-na-zime-jak-dbac-o-skore-w-chlodniejsze-dni\/"},"wordCount":902,"publisher":{"@id":"https:\/\/darzdrowia.pl\/ciekawostki\/#organization"},"inLanguage":"pl-PL"},{"@type":"WebPage","@id":"https:\/\/darzdrowia.pl\/ciekawostki\/pharmaceris-na-zime-jak-dbac-o-skore-w-chlodniejsze-dni\/","url":"https:\/\/darzdrowia.pl\/ciekawostki\/pharmaceris-na-zime-jak-dbac-o-skore-w-chlodniejsze-dni\/","name":"Pharmaceris na zim\u0119: Jak dba\u0107 o sk\u00f3r\u0119 w ch\u0142odniejsze dni?","isPartOf":{"@id":"https:\/\/darzdrowia.pl\/ciekawostki\/#website"},"datePublished":"2024-06-24T13:55:38+00:00","dateModified":"2024-06-24T13:55:38+00:00","description":"Zbli\u017ca si\u0119 zima, a wraz z ni\u0105 niska temperatura i suche powietrze. Czy wiesz, jak zadba\u0107 o swoj\u0105 sk\u00f3r\u0119 w tym trudnym okresie? Pharmaceris ma dla Ciebie idealne rozwi\u0105zanie! Odkryj nasze produkty, kt\u00f3re zapewni\u0105 Twojej sk\u00f3rze odpowiednie nawil\u017cenie i ochron\u0119 przed mrozem. Sprawd\u017a ju\u017c teraz!","breadcrumb":{"@id":"https:\/\/darzdrowia.pl\/ciekawostki\/pharmaceris-na-zime-jak-dbac-o-skore-w-chlodniejsze-dni\/#breadcrumb"},"inLanguage":"pl-PL","potentialAction":[{"@type":"ReadAction","target":["https:\/\/darzdrowia.pl\/ciekawostki\/pharmaceris-na-zime-jak-dbac-o-skore-w-chlodniejsze-dni\/"]}]},{"@type":"BreadcrumbList","@id":"https:\/\/darzdrowia.pl\/ciekawostki\/pharmaceris-na-zime-jak-dbac-o-skore-w-chlodniejsze-dni\/#breadcrumb","itemListElement":[{"@type":"ListItem","position":1,"name":"Strona g\u0142\u00f3wna","item":"https:\/\/darzdrowia.pl\/ciekawostki\/"},{"@type":"ListItem","position":2,"name":"Pharmaceris na zim\u0119: Jak dba\u0107 o sk\u00f3r\u0119 w ch\u0142odniejsze dni?"}]},{"@type":"WebSite","@id":"https:\/\/darzdrowia.pl\/ciekawostki\/#website","url":"https:\/\/darzdrowia.pl\/ciekawostki\/","name":"Dar Zdrowia Drogeria - Blog","description":"","publisher":{"@id":"https:\/\/darzdrowia.pl\/ciekawostki\/#organization"},"potentialAction":[{"@type":"SearchAction","target":{"@type":"EntryPoint","urlTemplate":"https:\/\/darzdrowia.pl\/ciekawostki\/?s={search_term_string}"},"query-input":"required name=search_term_string"}],"inLanguage":"pl-PL"},{"@type":"Organization","@id":"https:\/\/darzdrowia.pl\/ciekawostki\/#organization","name":"Dar Zdrowia Drogeria - Blog","url":"https:\/\/darzdrowia.pl\/ciekawostki\/","logo":{"@type":"ImageObject","inLanguage":"pl-PL","@id":"https:\/\/darzdrowia.pl\/ciekawostki\/#\/schema\/logo\/image\/","url":"https:\/\/darzdrowia.pl\/ciekawostki\/wp-content\/uploads\/2023\/11\/logo-darzdrowia.webp","contentUrl":"https:\/\/darzdrowia.pl\/ciekawostki\/wp-content\/uploads\/2023\/11\/logo-darzdrowia.webp","width":744,"height":225,"caption":"Dar Zdrowia Drogeria - Blog"},"image":{"@id":"https:\/\/darzdrowia.pl\/ciekawostki\/#\/schema\/logo\/image\/"},"sameAs":["https:\/\/www.facebook.com\/profile.php?id=100063606935396"]},{"@type":"Person","@id":"https:\/\/darzdrowia.pl\/ciekawostki\/#\/schema\/person\/e75579d624630bf943ac69d374bb928e","name":"funkymedia","image":{"@type":"ImageObject","inLanguage":"pl-PL","@id":"https:\/\/darzdrowia.pl\/ciekawostki\/#\/schema\/person\/image\/","url":"https:\/\/secure.gravatar.com\/avatar\/393cb205b658aef6e3271ad5a92265e3e4433d2384bbe95524ba160d5bc20299?s=96&d=mm&r=g","contentUrl":"https:\/\/secure.gravatar.com\/avatar\/393cb205b658aef6e3271ad5a92265e3e4433d2384bbe95524ba160d5bc20299?s=96&d=mm&r=g","caption":"funkymedia"},"sameAs":["https:\/\/darzdrowia.pl\/ciekawostki"],"url":"https:\/\/darzdrowia.pl\/ciekawostki\/author\/funkymedia\/"}]}},"_links":{"self":[{"href":"https:\/\/darzdrowia.pl\/ciekawostki\/wp-json\/wp\/v2\/posts\/3803","targetHints":{"allow":["GET"]}}],"collection":[{"href":"https:\/\/darzdrowia.pl\/ciekawostki\/wp-json\/wp\/v2\/posts"}],"about":[{"href":"https:\/\/darzdrowia.pl\/ciekawostki\/wp-json\/wp\/v2\/types\/post"}],"author":[{"embeddable":true,"href":"https:\/\/darzdrowia.pl\/ciekawostki\/wp-json\/wp\/v2\/users\/1"}],"replies":[{"embeddable":true,"href":"https:\/\/darzdrowia.pl\/ciekawostki\/wp-json\/wp\/v2\/comments?post=3803"}],"version-history":[{"count":0,"href":"https:\/\/darzdrowia.pl\/ciekawostki\/wp-json\/wp\/v2\/posts\/3803\/revisions"}],"wp:attachment":[{"href":"https:\/\/darzdrowia.pl\/ciekawostki\/wp-json\/wp\/v2\/media?parent=3803"}],"wp:term":[{"taxonomy":"category","embeddable":true,"href":"https:\/\/darzdrowia.pl\/ciekawostki\/wp-json\/wp\/v2\/categories?post=3803"},{"taxonomy":"post_tag","embeddable":true,"href":"https:\/\/darzdrowia.pl\/ciekawostki\/wp-json\/wp\/v2\/tags?post=3803"}],"curies":[{"name":"wp","href":"https:\/\/api.w.org\/{rel}","templated":true}]}}