{"id":3225,"date":"2024-05-21T11:50:36","date_gmt":"2024-05-21T09:50:36","guid":{"rendered":"https:\/\/darzdrowia.pl\/ciekawostki\/skora-i-slonce-dlaczego-warto-siegnac-po-krem-z-filtrem-uv\/"},"modified":"2024-05-21T11:50:36","modified_gmt":"2024-05-21T09:50:36","slug":"skora-i-slonce-dlaczego-warto-siegnac-po-krem-z-filtrem-uv","status":"publish","type":"post","link":"https:\/\/darzdrowia.pl\/ciekawostki\/skora-i-slonce-dlaczego-warto-siegnac-po-krem-z-filtrem-uv\/","title":{"rendered":"Sk\u00f3ra i s\u0142o\u0144ce: dlaczego warto si\u0119gn\u0105\u0107 po krem z filtrem UV?"},"content":{"rendered":"\n<p>Sk\u00f3ra jest najwi\u0119kszym organem naszego cia\u0142a, pe\u0142ni\u0105cym wiele wa\u017cnych funkcji. Jedn\u0105 z nich jest ochrona przed szkodliwymi czynnikami zewn\u0119trznymi, w tym promieniowaniem UV emitowanym przez s\u0142o\u0144ce. Dlatego te\u017c, aby zadba\u0107 o zdrowie i pi\u0119kny wygl\u0105d naszej sk\u00f3ry, warto si\u0119gn\u0105\u0107 po krem z filtrem UV. Wprowadzenie takiego produktu do codziennej piel\u0119gnacji mo\u017ce przynie\u015b\u0107 wiele korzy\u015bci, a przede wszystkim zapewni\u0107 skuteczn\u0105 ochron\u0119 przed negatywnym wp\u0142ywem promieni s\u0142onecznych. Dowiedzmy si\u0119 wi\u0119c, dlaczego warto si\u0119ga\u0107 po krem z filtrem UV i jakie s\u0105 jego zalety dla naszej sk\u00f3ry.<\/p>\n\n\n\n<h2 class=\"wp-block-heading\">Dlaczego krem z filtrem UV jest niezb\u0119dnym elementem piel\u0119gnacji sk\u00f3ry latem?<\/h2>\n\n\n\n<p>Krem z filtrem UV jest niezb\u0119dnym elementem piel\u0119gnacji sk\u00f3ry latem. Chroni on nasz\u0105 sk\u00f3r\u0119 przed szkodliwym promieniowaniem UV, kt\u00f3re mo\u017ce powodowa\u0107 poparzenia s\u0142oneczne, przedwczesne starzenie si\u0119 sk\u00f3ry oraz ryzyko wyst\u0105pienia nowotwor\u00f3w sk\u00f3ry. Regularne stosowanie kremu z filtrem UV pomaga r\u00f3wnie\u017c zachowa\u0107 r\u00f3wnowag\u0119 wilgotno\u015bci sk\u00f3ry i zapobiega jej przesuszeniu. Dlatego wa\u017cne jest, aby u\u017cywa\u0107 kremu z filtrem UV codziennie, szczeg\u00f3lnie w okresie letnim, kiedy nasza sk\u00f3ra jest najbardziej nara\u017cona na dzia\u0142anie s\u0142o\u0144ca.<\/p>\n\n\n\n<h2 class=\"wp-block-heading\">Jakie s\u0105 korzy\u015bci dla sk\u00f3ry po regularnym stosowaniu kremu z filtrem UV?<\/h2>\n\n\n\n<p>Regularne stosowanie kremu z filtrem UV ma wiele korzy\u015bci dla sk\u00f3ry. Przede wszystkim chroni ona przed szkodliwym promieniowaniem UV, kt\u00f3re mo\u017ce powodowa\u0107 starzenie si\u0119 sk\u00f3ry, przebarwienia oraz raka sk\u00f3ry. Krem z filtrem UV r\u00f3wnie\u017c zapobiega poparzeniom s\u0142onecznym i zmniejsza ryzyko wyst\u0105pienia tr\u0105dziku. Dodatkowo, regularne stosowanie kremu z filtrem UV pomaga w utrzymaniu r\u00f3wnowagi wilgotno\u015bci sk\u00f3ry oraz zapobiega jej przesuszeniu. Dzi\u0119ki temu sk\u00f3ra staje si\u0119 bardziej mi\u0119kka, g\u0142adka i promienna. Warto pami\u0119ta\u0107 o regularnym stosowaniu kremu z filtrem UV przez ca\u0142y rok, nie tylko latem, poniewa\u017c promieniowanie UV jest obecne r\u00f3wnie\u017c w okresie zimowym.<\/p>\n\n\n\n<h2 class=\"wp-block-heading\">Czy krem z filtrem UV jest wystarczaj\u0105cy w ochronie przed szkodliwym promieniowaniem s\u0142onecznym?<\/h2>\n\n\n\n<p>Krem z filtrem UV jest skutecznym sposobem ochrony przed szkodliwym promieniowaniem s\u0142onecznym. Zapewnia on ochron\u0119 przed promieniami UVA i UVB, kt\u00f3re mog\u0105 powodowa\u0107 uszkodzenia sk\u00f3ry, takie jak oparzenia czy zmiany nowotworowe. Jednak\u017ce, aby zapewni\u0107 maksymaln\u0105 ochron\u0119, nale\u017cy stosowa\u0107 go regularnie i w odpowiedniej ilo\u015bci. Nale\u017cy r\u00f3wnie\u017c pami\u0119ta\u0107 o unikaniu s\u0142o\u0144ca w godzinach najwi\u0119kszego nas\u0142onecznienia oraz noszeniu dodatkowych element\u00f3w ochronnych, takich jak okulary przeciws\u0142oneczne i nakrycie g\u0142owy.<\/p>\n\n\n\n<p>Sk\u00f3ra i s\u0142o\u0144ce to temat niezwykle wa\u017cny, szczeg\u00f3lnie w okresie letnim, kiedy nasza sk\u00f3ra jest nara\u017cona na dzia\u0142anie promieni s\u0142onecznych. Warto pami\u0119ta\u0107, \u017ce nadmierna ekspozycja na s\u0142o\u0144ce mo\u017ce prowadzi\u0107 do powa\u017cnych konsekwencji dla naszego zdrowia, takich jak poparzenia s\u0142oneczne, przedwczesne starzenie si\u0119 sk\u00f3ry czy nawet ryzyko zachorowania na raka sk\u00f3ry.<\/p>\n\n\n\n<p>Dlatego te\u017c warto si\u0119gn\u0105\u0107 po krem z filtrem UV, kt\u00f3ry jest jednym z najwa\u017cniejszych produkt\u00f3w do piel\u0119gnacji sk\u00f3ry w okresie letnim. Krem z filtrem UV chroni nasz\u0105 sk\u00f3r\u0119 przed szkodliwym promieniowaniem UVA i UVB, kt\u00f3re mo\u017ce powodowa\u0107 jej uszkodzenia. Regularne stosowanie kremu z filtrem pozwala nam cieszy\u0107 si\u0119 s\u0142o\u0144cem bez obaw o jej negatywny wp\u0142yw na nasze zdrowie.<\/p>\n\n\n\n<p>Ponadto, krem z filtrem UV jest r\u00f3wnie\u017c niezwykle pomocny w zapobieganiu przedwczesnemu starzeniu si\u0119 sk\u00f3ry. Promieniowanie UV jest jedn\u0105 z g\u0142\u00f3wnych przyczyn powstawania zmarszczek i przebarwie\u0144 na sk\u00f3rze. Dzi\u0119ki regularnemu stosowaniu kremu z filtrem mo\u017cemy op\u00f3\u017ani\u0107 proces starzenia si\u0119 sk\u00f3ry i zachowa\u0107 jej m\u0142ody wygl\u0105d na d\u0142u\u017cej.<\/p>\n\n\n\n<p>Podsumowuj\u0105c, warto si\u0119gn\u0105\u0107 po krem z filtrem UV, poniewa\u017c jest to nie tylko spos\u00f3b na ochron\u0119 przed szkodliwym promieniowaniem s\u0142onecznym, ale r\u00f3wnie\u017c skuteczna metoda zapobiegania przedwczesnemu starzeniu si\u0119 sk\u00f3ry. Pami\u0119tajmy, \u017ce nasza sk\u00f3ra jest nasz\u0105 wizyt\u00f3wk\u0105 i nale\u017cy o ni\u0105 odpowiednio dba\u0107, szczeg\u00f3lnie w okresie letnim.<\/p>\n","protected":false},"excerpt":{"rendered":"<p>Sk\u00f3ra jest najwi\u0119kszym organem naszego cia\u0142a, pe\u0142ni\u0105cym wiele wa\u017cnych funkcji. Jedn\u0105 z nich jest ochrona przed szkodliwymi czynnikami zewn\u0119trznymi, w tym promieniowaniem UV emitowanym przez s\u0142o\u0144ce. Dlatego te\u017c, aby zadba\u0107 o zdrowie i pi\u0119kny wygl\u0105d naszej sk\u00f3ry, warto si\u0119gn\u0105\u0107 po krem z filtrem UV. Wprowadzenie takiego produktu do codziennej piel\u0119gnacji mo\u017ce przynie\u015b\u0107 wiele korzy\u015bci, a [&hellip;]<\/p>\n","protected":false},"author":1,"featured_media":0,"comment_status":"","ping_status":"open","sticky":false,"template":"","format":"standard","meta":{"footnotes":""},"categories":[1],"tags":[],"class_list":["post-3225","post","type-post","status-publish","format-standard","hentry","category-bez-kategorii"],"fm_meta_title":"Sk\u00f3ra i s\u0142o\u0144ce: dlaczego warto si\u0119gn\u0105\u0107 po krem z filtrem UV?","fm_meta_description":"Zadbaj o swoj\u0105 sk\u00f3r\u0119 latem! Odkryj, dlaczego warto si\u0119gn\u0105\u0107 po krem z filtrem UV i chroni\u0107 j\u0105 przed szkodliwym dzia\u0142aniem s\u0142o\u0144ca. Poznaj tajniki piel\u0119gnacji i ciesz si\u0119 promiennym wygl\u0105dem przez ca\u0142y rok. Sprawd\u017a ju\u017c teraz!","yoast_head":"<!-- This site is optimized with the Yoast SEO plugin v21.5 - https:\/\/yoast.com\/wordpress\/plugins\/seo\/ -->\n<title>Sk\u00f3ra i s\u0142o\u0144ce: dlaczego warto si\u0119gn\u0105\u0107 po krem z filtrem UV?<\/title>\n<meta name=\"description\" content=\"Zadbaj o swoj\u0105 sk\u00f3r\u0119 latem! Odkryj, dlaczego warto si\u0119gn\u0105\u0107 po krem z filtrem UV i chroni\u0107 j\u0105 przed szkodliwym dzia\u0142aniem s\u0142o\u0144ca. Poznaj tajniki piel\u0119gnacji i ciesz si\u0119 promiennym wygl\u0105dem przez ca\u0142y rok. Sprawd\u017a ju\u017c teraz!\" \/>\n<meta name=\"robots\" content=\"index, follow, max-snippet:-1, max-image-preview:large, max-video-preview:-1\" \/>\n<link rel=\"canonical\" href=\"https:\/\/darzdrowia.pl\/ciekawostki\/skora-i-slonce-dlaczego-warto-siegnac-po-krem-z-filtrem-uv\/\" \/>\n<meta property=\"og:locale\" content=\"pl_PL\" \/>\n<meta property=\"og:type\" content=\"article\" \/>\n<meta property=\"og:title\" content=\"Sk\u00f3ra i s\u0142o\u0144ce: dlaczego warto si\u0119gn\u0105\u0107 po krem z filtrem UV?\" \/>\n<meta property=\"og:description\" content=\"Zadbaj o swoj\u0105 sk\u00f3r\u0119 latem! Odkryj, dlaczego warto si\u0119gn\u0105\u0107 po krem z filtrem UV i chroni\u0107 j\u0105 przed szkodliwym dzia\u0142aniem s\u0142o\u0144ca. Poznaj tajniki piel\u0119gnacji i ciesz si\u0119 promiennym wygl\u0105dem przez ca\u0142y rok. Sprawd\u017a ju\u017c teraz!\" \/>\n<meta property=\"og:url\" content=\"https:\/\/darzdrowia.pl\/ciekawostki\/skora-i-slonce-dlaczego-warto-siegnac-po-krem-z-filtrem-uv\/\" \/>\n<meta property=\"og:site_name\" content=\"Dar Zdrowia Drogeria - Blog\" \/>\n<meta property=\"article:publisher\" content=\"https:\/\/www.facebook.com\/profile.php?id=100063606935396\" \/>\n<meta property=\"article:published_time\" content=\"2024-05-21T09:50:36+00:00\" \/>\n<meta name=\"author\" content=\"funkymedia\" \/>\n<meta name=\"twitter:card\" content=\"summary_large_image\" \/>\n<meta name=\"twitter:label1\" content=\"Napisane przez\" \/>\n\t<meta name=\"twitter:data1\" content=\"funkymedia\" \/>\n\t<meta name=\"twitter:label2\" content=\"Szacowany czas czytania\" \/>\n\t<meta name=\"twitter:data2\" content=\"3 minuty\" \/>\n<script type=\"application\/ld+json\" class=\"yoast-schema-graph\">{\"@context\":\"https:\/\/schema.org\",\"@graph\":[{\"@type\":\"Article\",\"@id\":\"https:\/\/darzdrowia.pl\/ciekawostki\/skora-i-slonce-dlaczego-warto-siegnac-po-krem-z-filtrem-uv\/#article\",\"isPartOf\":{\"@id\":\"https:\/\/darzdrowia.pl\/ciekawostki\/skora-i-slonce-dlaczego-warto-siegnac-po-krem-z-filtrem-uv\/\"},\"author\":{\"name\":\"funkymedia\",\"@id\":\"https:\/\/darzdrowia.pl\/ciekawostki\/#\/schema\/person\/e75579d624630bf943ac69d374bb928e\"},\"headline\":\"Sk\u00f3ra i s\u0142o\u0144ce: dlaczego warto si\u0119gn\u0105\u0107 po krem z filtrem UV?\",\"datePublished\":\"2024-05-21T09:50:36+00:00\",\"dateModified\":\"2024-05-21T09:50:36+00:00\",\"mainEntityOfPage\":{\"@id\":\"https:\/\/darzdrowia.pl\/ciekawostki\/skora-i-slonce-dlaczego-warto-siegnac-po-krem-z-filtrem-uv\/\"},\"wordCount\":705,\"publisher\":{\"@id\":\"https:\/\/darzdrowia.pl\/ciekawostki\/#organization\"},\"inLanguage\":\"pl-PL\"},{\"@type\":\"WebPage\",\"@id\":\"https:\/\/darzdrowia.pl\/ciekawostki\/skora-i-slonce-dlaczego-warto-siegnac-po-krem-z-filtrem-uv\/\",\"url\":\"https:\/\/darzdrowia.pl\/ciekawostki\/skora-i-slonce-dlaczego-warto-siegnac-po-krem-z-filtrem-uv\/\",\"name\":\"Sk\u00f3ra i s\u0142o\u0144ce: dlaczego warto si\u0119gn\u0105\u0107 po krem z filtrem UV?\",\"isPartOf\":{\"@id\":\"https:\/\/darzdrowia.pl\/ciekawostki\/#website\"},\"datePublished\":\"2024-05-21T09:50:36+00:00\",\"dateModified\":\"2024-05-21T09:50:36+00:00\",\"description\":\"Zadbaj o swoj\u0105 sk\u00f3r\u0119 latem! Odkryj, dlaczego warto si\u0119gn\u0105\u0107 po krem z filtrem UV i chroni\u0107 j\u0105 przed szkodliwym dzia\u0142aniem s\u0142o\u0144ca. Poznaj tajniki piel\u0119gnacji i ciesz si\u0119 promiennym wygl\u0105dem przez ca\u0142y rok. Sprawd\u017a ju\u017c teraz!\",\"breadcrumb\":{\"@id\":\"https:\/\/darzdrowia.pl\/ciekawostki\/skora-i-slonce-dlaczego-warto-siegnac-po-krem-z-filtrem-uv\/#breadcrumb\"},\"inLanguage\":\"pl-PL\",\"potentialAction\":[{\"@type\":\"ReadAction\",\"target\":[\"https:\/\/darzdrowia.pl\/ciekawostki\/skora-i-slonce-dlaczego-warto-siegnac-po-krem-z-filtrem-uv\/\"]}]},{\"@type\":\"BreadcrumbList\",\"@id\":\"https:\/\/darzdrowia.pl\/ciekawostki\/skora-i-slonce-dlaczego-warto-siegnac-po-krem-z-filtrem-uv\/#breadcrumb\",\"itemListElement\":[{\"@type\":\"ListItem\",\"position\":1,\"name\":\"Strona g\u0142\u00f3wna\",\"item\":\"https:\/\/darzdrowia.pl\/ciekawostki\/\"},{\"@type\":\"ListItem\",\"position\":2,\"name\":\"Sk\u00f3ra i s\u0142o\u0144ce: dlaczego warto si\u0119gn\u0105\u0107 po krem z filtrem UV?\"}]},{\"@type\":\"WebSite\",\"@id\":\"https:\/\/darzdrowia.pl\/ciekawostki\/#website\",\"url\":\"https:\/\/darzdrowia.pl\/ciekawostki\/\",\"name\":\"Dar Zdrowia Drogeria - Blog\",\"description\":\"\",\"publisher\":{\"@id\":\"https:\/\/darzdrowia.pl\/ciekawostki\/#organization\"},\"potentialAction\":[{\"@type\":\"SearchAction\",\"target\":{\"@type\":\"EntryPoint\",\"urlTemplate\":\"https:\/\/darzdrowia.pl\/ciekawostki\/?s={search_term_string}\"},\"query-input\":\"required name=search_term_string\"}],\"inLanguage\":\"pl-PL\"},{\"@type\":\"Organization\",\"@id\":\"https:\/\/darzdrowia.pl\/ciekawostki\/#organization\",\"name\":\"Dar Zdrowia Drogeria - Blog\",\"url\":\"https:\/\/darzdrowia.pl\/ciekawostki\/\",\"logo\":{\"@type\":\"ImageObject\",\"inLanguage\":\"pl-PL\",\"@id\":\"https:\/\/darzdrowia.pl\/ciekawostki\/#\/schema\/logo\/image\/\",\"url\":\"https:\/\/darzdrowia.pl\/ciekawostki\/wp-content\/uploads\/2023\/11\/logo-darzdrowia.webp\",\"contentUrl\":\"https:\/\/darzdrowia.pl\/ciekawostki\/wp-content\/uploads\/2023\/11\/logo-darzdrowia.webp\",\"width\":744,\"height\":225,\"caption\":\"Dar Zdrowia Drogeria - Blog\"},\"image\":{\"@id\":\"https:\/\/darzdrowia.pl\/ciekawostki\/#\/schema\/logo\/image\/\"},\"sameAs\":[\"https:\/\/www.facebook.com\/profile.php?id=100063606935396\"]},{\"@type\":\"Person\",\"@id\":\"https:\/\/darzdrowia.pl\/ciekawostki\/#\/schema\/person\/e75579d624630bf943ac69d374bb928e\",\"name\":\"funkymedia\",\"image\":{\"@type\":\"ImageObject\",\"inLanguage\":\"pl-PL\",\"@id\":\"https:\/\/darzdrowia.pl\/ciekawostki\/#\/schema\/person\/image\/\",\"url\":\"https:\/\/secure.gravatar.com\/avatar\/393cb205b658aef6e3271ad5a92265e3e4433d2384bbe95524ba160d5bc20299?s=96&d=mm&r=g\",\"contentUrl\":\"https:\/\/secure.gravatar.com\/avatar\/393cb205b658aef6e3271ad5a92265e3e4433d2384bbe95524ba160d5bc20299?s=96&d=mm&r=g\",\"caption\":\"funkymedia\"},\"sameAs\":[\"https:\/\/darzdrowia.pl\/ciekawostki\"],\"url\":\"https:\/\/darzdrowia.pl\/ciekawostki\/author\/funkymedia\/\"}]}<\/script>\n<!-- \/ Yoast SEO plugin. -->","yoast_head_json":{"title":"Sk\u00f3ra i s\u0142o\u0144ce: dlaczego warto si\u0119gn\u0105\u0107 po krem z filtrem UV?","description":"Zadbaj o swoj\u0105 sk\u00f3r\u0119 latem! Odkryj, dlaczego warto si\u0119gn\u0105\u0107 po krem z filtrem UV i chroni\u0107 j\u0105 przed szkodliwym dzia\u0142aniem s\u0142o\u0144ca. Poznaj tajniki piel\u0119gnacji i ciesz si\u0119 promiennym wygl\u0105dem przez ca\u0142y rok. Sprawd\u017a ju\u017c teraz!","robots":{"index":"index","follow":"follow","max-snippet":"max-snippet:-1","max-image-preview":"max-image-preview:large","max-video-preview":"max-video-preview:-1"},"canonical":"https:\/\/darzdrowia.pl\/ciekawostki\/skora-i-slonce-dlaczego-warto-siegnac-po-krem-z-filtrem-uv\/","og_locale":"pl_PL","og_type":"article","og_title":"Sk\u00f3ra i s\u0142o\u0144ce: dlaczego warto si\u0119gn\u0105\u0107 po krem z filtrem UV?","og_description":"Zadbaj o swoj\u0105 sk\u00f3r\u0119 latem! Odkryj, dlaczego warto si\u0119gn\u0105\u0107 po krem z filtrem UV i chroni\u0107 j\u0105 przed szkodliwym dzia\u0142aniem s\u0142o\u0144ca. Poznaj tajniki piel\u0119gnacji i ciesz si\u0119 promiennym wygl\u0105dem przez ca\u0142y rok. Sprawd\u017a ju\u017c teraz!","og_url":"https:\/\/darzdrowia.pl\/ciekawostki\/skora-i-slonce-dlaczego-warto-siegnac-po-krem-z-filtrem-uv\/","og_site_name":"Dar Zdrowia Drogeria - Blog","article_publisher":"https:\/\/www.facebook.com\/profile.php?id=100063606935396","article_published_time":"2024-05-21T09:50:36+00:00","author":"funkymedia","twitter_card":"summary_large_image","twitter_misc":{"Napisane przez":"funkymedia","Szacowany czas czytania":"3 minuty"},"schema":{"@context":"https:\/\/schema.org","@graph":[{"@type":"Article","@id":"https:\/\/darzdrowia.pl\/ciekawostki\/skora-i-slonce-dlaczego-warto-siegnac-po-krem-z-filtrem-uv\/#article","isPartOf":{"@id":"https:\/\/darzdrowia.pl\/ciekawostki\/skora-i-slonce-dlaczego-warto-siegnac-po-krem-z-filtrem-uv\/"},"author":{"name":"funkymedia","@id":"https:\/\/darzdrowia.pl\/ciekawostki\/#\/schema\/person\/e75579d624630bf943ac69d374bb928e"},"headline":"Sk\u00f3ra i s\u0142o\u0144ce: dlaczego warto si\u0119gn\u0105\u0107 po krem z filtrem UV?","datePublished":"2024-05-21T09:50:36+00:00","dateModified":"2024-05-21T09:50:36+00:00","mainEntityOfPage":{"@id":"https:\/\/darzdrowia.pl\/ciekawostki\/skora-i-slonce-dlaczego-warto-siegnac-po-krem-z-filtrem-uv\/"},"wordCount":705,"publisher":{"@id":"https:\/\/darzdrowia.pl\/ciekawostki\/#organization"},"inLanguage":"pl-PL"},{"@type":"WebPage","@id":"https:\/\/darzdrowia.pl\/ciekawostki\/skora-i-slonce-dlaczego-warto-siegnac-po-krem-z-filtrem-uv\/","url":"https:\/\/darzdrowia.pl\/ciekawostki\/skora-i-slonce-dlaczego-warto-siegnac-po-krem-z-filtrem-uv\/","name":"Sk\u00f3ra i s\u0142o\u0144ce: dlaczego warto si\u0119gn\u0105\u0107 po krem z filtrem UV?","isPartOf":{"@id":"https:\/\/darzdrowia.pl\/ciekawostki\/#website"},"datePublished":"2024-05-21T09:50:36+00:00","dateModified":"2024-05-21T09:50:36+00:00","description":"Zadbaj o swoj\u0105 sk\u00f3r\u0119 latem! Odkryj, dlaczego warto si\u0119gn\u0105\u0107 po krem z filtrem UV i chroni\u0107 j\u0105 przed szkodliwym dzia\u0142aniem s\u0142o\u0144ca. Poznaj tajniki piel\u0119gnacji i ciesz si\u0119 promiennym wygl\u0105dem przez ca\u0142y rok. Sprawd\u017a ju\u017c teraz!","breadcrumb":{"@id":"https:\/\/darzdrowia.pl\/ciekawostki\/skora-i-slonce-dlaczego-warto-siegnac-po-krem-z-filtrem-uv\/#breadcrumb"},"inLanguage":"pl-PL","potentialAction":[{"@type":"ReadAction","target":["https:\/\/darzdrowia.pl\/ciekawostki\/skora-i-slonce-dlaczego-warto-siegnac-po-krem-z-filtrem-uv\/"]}]},{"@type":"BreadcrumbList","@id":"https:\/\/darzdrowia.pl\/ciekawostki\/skora-i-slonce-dlaczego-warto-siegnac-po-krem-z-filtrem-uv\/#breadcrumb","itemListElement":[{"@type":"ListItem","position":1,"name":"Strona g\u0142\u00f3wna","item":"https:\/\/darzdrowia.pl\/ciekawostki\/"},{"@type":"ListItem","position":2,"name":"Sk\u00f3ra i s\u0142o\u0144ce: dlaczego warto si\u0119gn\u0105\u0107 po krem z filtrem UV?"}]},{"@type":"WebSite","@id":"https:\/\/darzdrowia.pl\/ciekawostki\/#website","url":"https:\/\/darzdrowia.pl\/ciekawostki\/","name":"Dar Zdrowia Drogeria - Blog","description":"","publisher":{"@id":"https:\/\/darzdrowia.pl\/ciekawostki\/#organization"},"potentialAction":[{"@type":"SearchAction","target":{"@type":"EntryPoint","urlTemplate":"https:\/\/darzdrowia.pl\/ciekawostki\/?s={search_term_string}"},"query-input":"required name=search_term_string"}],"inLanguage":"pl-PL"},{"@type":"Organization","@id":"https:\/\/darzdrowia.pl\/ciekawostki\/#organization","name":"Dar Zdrowia Drogeria - Blog","url":"https:\/\/darzdrowia.pl\/ciekawostki\/","logo":{"@type":"ImageObject","inLanguage":"pl-PL","@id":"https:\/\/darzdrowia.pl\/ciekawostki\/#\/schema\/logo\/image\/","url":"https:\/\/darzdrowia.pl\/ciekawostki\/wp-content\/uploads\/2023\/11\/logo-darzdrowia.webp","contentUrl":"https:\/\/darzdrowia.pl\/ciekawostki\/wp-content\/uploads\/2023\/11\/logo-darzdrowia.webp","width":744,"height":225,"caption":"Dar Zdrowia Drogeria - Blog"},"image":{"@id":"https:\/\/darzdrowia.pl\/ciekawostki\/#\/schema\/logo\/image\/"},"sameAs":["https:\/\/www.facebook.com\/profile.php?id=100063606935396"]},{"@type":"Person","@id":"https:\/\/darzdrowia.pl\/ciekawostki\/#\/schema\/person\/e75579d624630bf943ac69d374bb928e","name":"funkymedia","image":{"@type":"ImageObject","inLanguage":"pl-PL","@id":"https:\/\/darzdrowia.pl\/ciekawostki\/#\/schema\/person\/image\/","url":"https:\/\/secure.gravatar.com\/avatar\/393cb205b658aef6e3271ad5a92265e3e4433d2384bbe95524ba160d5bc20299?s=96&d=mm&r=g","contentUrl":"https:\/\/secure.gravatar.com\/avatar\/393cb205b658aef6e3271ad5a92265e3e4433d2384bbe95524ba160d5bc20299?s=96&d=mm&r=g","caption":"funkymedia"},"sameAs":["https:\/\/darzdrowia.pl\/ciekawostki"],"url":"https:\/\/darzdrowia.pl\/ciekawostki\/author\/funkymedia\/"}]}},"_links":{"self":[{"href":"https:\/\/darzdrowia.pl\/ciekawostki\/wp-json\/wp\/v2\/posts\/3225","targetHints":{"allow":["GET"]}}],"collection":[{"href":"https:\/\/darzdrowia.pl\/ciekawostki\/wp-json\/wp\/v2\/posts"}],"about":[{"href":"https:\/\/darzdrowia.pl\/ciekawostki\/wp-json\/wp\/v2\/types\/post"}],"author":[{"embeddable":true,"href":"https:\/\/darzdrowia.pl\/ciekawostki\/wp-json\/wp\/v2\/users\/1"}],"replies":[{"embeddable":true,"href":"https:\/\/darzdrowia.pl\/ciekawostki\/wp-json\/wp\/v2\/comments?post=3225"}],"version-history":[{"count":0,"href":"https:\/\/darzdrowia.pl\/ciekawostki\/wp-json\/wp\/v2\/posts\/3225\/revisions"}],"wp:attachment":[{"href":"https:\/\/darzdrowia.pl\/ciekawostki\/wp-json\/wp\/v2\/media?parent=3225"}],"wp:term":[{"taxonomy":"category","embeddable":true,"href":"https:\/\/darzdrowia.pl\/ciekawostki\/wp-json\/wp\/v2\/categories?post=3225"},{"taxonomy":"post_tag","embeddable":true,"href":"https:\/\/darzdrowia.pl\/ciekawostki\/wp-json\/wp\/v2\/tags?post=3225"}],"curies":[{"name":"wp","href":"https:\/\/api.w.org\/{rel}","templated":true}]}}