{"id":3213,"date":"2024-05-21T11:44:28","date_gmt":"2024-05-21T09:44:28","guid":{"rendered":"https:\/\/darzdrowia.pl\/ciekawostki\/krem-z-filtrem-uv-twoje-must-have-na-lato\/"},"modified":"2024-05-21T11:44:28","modified_gmt":"2024-05-21T09:44:28","slug":"krem-z-filtrem-uv-twoje-must-have-na-lato","status":"publish","type":"post","link":"https:\/\/darzdrowia.pl\/ciekawostki\/krem-z-filtrem-uv-twoje-must-have-na-lato\/","title":{"rendered":"Krem z filtrem UV: Twoje must-have na lato"},"content":{"rendered":"\n<p>Krem z filtrem UV to niezb\u0119dny produkt w okresie letnim, kt\u00f3ry powinien znale\u017a\u0107 si\u0119 w Twojej kosmetyczce. Dzi\u0119ki swoim w\u0142a\u015bciwo\u015bciom ochronnym, zapewnia sk\u00f3rze nie tylko pi\u0119kny wygl\u0105d, ale przede wszystkim zdrowie. Wprowadzenie go do codziennej piel\u0119gnacji jest kluczowe dla zachowania m\u0142odego i promiennego wygl\u0105du sk\u00f3ry. Dowiedz si\u0119 wi\u0119cej o tym niezast\u0105pionym kosmetyku i przekonaj si\u0119, dlaczego powinien sta\u0107 si\u0119 Twoim must-have na lato!<\/p>\n\n\n\n<h2 class=\"wp-block-heading\">Dlaczego krem z filtrem UV jest niezb\u0119dnym produktem na lato?<\/h2>\n\n\n\n<p>Krem z filtrem UV jest niezb\u0119dnym produktem na lato ze wzgl\u0119du na swoje w\u0142a\u015bciwo\u015bci ochronne przed promieniowaniem s\u0142onecznym. Dzi\u0119ki zawarto\u015bci filtr\u00f3w UV, chroni sk\u00f3r\u0119 przed szkodliwym dzia\u0142aniem promieni UVA i UVB, kt\u00f3re mog\u0105 powodowa\u0107 poparzenia, podra\u017cnienia oraz przyspieszy\u0107 proces starzenia si\u0119 sk\u00f3ry. Regularne stosowanie kremu z filtrem UV pomaga r\u00f3wnie\u017c zapobiega\u0107 powstawaniu przebarwie\u0144 i zmarszczek. Dlatego warto mie\u0107 go zawsze przy sobie w okresie letnim, aby zadba\u0107 o zdrowie i pi\u0119kny wygl\u0105d naszej sk\u00f3ry.<\/p>\n\n\n\n<h2 class=\"wp-block-heading\">Jak wybra\u0107 odpowiedni krem z filtrem UV dla swojego typu sk\u00f3ry?<\/h2>\n\n\n\n<p>Aby wybra\u0107 odpowiedni krem z filtrem UV dla swojego typu sk\u00f3ry, nale\u017cy wzi\u0105\u0107 pod uwag\u0119 kilka czynnik\u00f3w. Po pierwsze, nale\u017cy okre\u015bli\u0107 sw\u00f3j typ sk\u00f3ry &#8211; sucha, t\u0142usta, mieszana czy normalna. Nast\u0119pnie warto zwr\u00f3ci\u0107 uwag\u0119 na stopie\u0144 ochrony przeciws\u0142onecznej (SPF) &#8211; im wy\u017cszy, tym lepiej. Dla sk\u00f3ry wra\u017cliwej lub nara\u017conej na przebarwienia, warto wybra\u0107 krem z filtrem mineralnym. Natomiast dla sk\u00f3ry t\u0142ustej lub mieszanej, lepszym wyborem b\u0119dzie krem z filtrem wodoodpornym. Pami\u0119tajmy r\u00f3wnie\u017c o regularnym nak\u0142adaniu kremu z filtrem co 2-3 godziny oraz unikaniu s\u0142o\u0144ca w godzinach najwi\u0119kszego nasilenia promieniowania UV.<\/p>\n\n\n\n<h2 class=\"wp-block-heading\">5 powod\u00f3w, dla kt\u00f3rych warto stosowa\u0107 krem z filtrem UV przez ca\u0142y rok<\/h2>\n\n\n\n<p>1. Ochrona przed szkodliwym promieniowaniem UV &#8211; krem z filtrem UV chroni sk\u00f3r\u0119 przed szkodliwym dzia\u0142aniem promieniowania UV, kt\u00f3re mo\u017ce powodowa\u0107 starzenie si\u0119 sk\u00f3ry, przebarwienia oraz raka sk\u00f3ry.<\/p>\n\n\n\n<p>2. Zapobieganie fotostarzeniu &#8211; regularne stosowanie kremu z filtrem UV pomaga zapobiega\u0107 fotostarzeniu, czyli przedwczesnemu starzeniu si\u0119 sk\u00f3ry spowodowanemu przez s\u0142o\u0144ce.<\/p>\n\n\n\n<p>3. Redukcja ryzyka wyst\u0105pienia nowotwor\u00f3w sk\u00f3ry &#8211; promieniowanie UV jest jednym z g\u0142\u00f3wnych czynnik\u00f3w ryzyka wyst\u0105pienia nowotwor\u00f3w sk\u00f3ry, dlatego regularne stosowanie kremu z filtrem UV mo\u017ce pom\u00f3c w zmniejszeniu tego ryzyka.<\/p>\n\n\n\n<p>4. Ochrona przed szkodliwym dzia\u0142aniem \u015brodowiska &#8211; opr\u00f3cz promieniowania UV, nasza sk\u00f3ra jest r\u00f3wnie\u017c nara\u017cona na inne szkodliwe czynniki \u015brodowiskowe, takie jak zanieczyszczenia czy wolne rodniki. Krem z filtrem UV mo\u017ce pom\u00f3c w ochronie sk\u00f3ry przed tymi czynnikami.<\/p>\n\n\n\n<p>5. Wsparcie dla zdrowej i pi\u0119knej sk\u00f3ry &#8211; regularne stosowanie kremu z filtrem UV przez ca\u0142y rok mo\u017ce przyczyni\u0107 si\u0119 do utrzymania zdrowej i pi\u0119knej sk\u00f3ry. Chroni\u0105c j\u0105 przed szkodliwym dzia\u0142aniem s\u0142o\u0144ca i innych czynnik\u00f3w, krem z filtrem UV pomaga zachowa\u0107 jej m\u0142ody wygl\u0105d i promienny wygl\u0105d.<\/p>\n\n\n\n<p>Krem z filtrem UV jest niezb\u0119dnym produktem na lato, kt\u00f3ry powinien znale\u017a\u0107 si\u0119 w naszej kosmetyczce. Chroni on sk\u00f3r\u0119 przed szkodliwym promieniowaniem UV, zapobiegaj\u0105c przedwczesnemu starzeniu si\u0119 sk\u00f3ry oraz ryzyku wyst\u0105pienia nowotwor\u00f3w sk\u00f3ry. Dodatkowo, krem z filtrem UV mo\u017ce r\u00f3wnie\u017c zapobiega\u0107 przebarwieniom i poprawia\u0107 og\u00f3lny wygl\u0105d sk\u00f3ry. Dzi\u0119ki temu produktowi mo\u017cemy cieszy\u0107 si\u0119 s\u0142o\u0144cem bez obaw o nasze zdrowie i pi\u0119kny wygl\u0105d sk\u00f3ry. Pami\u0119tajmy wi\u0119c o regularnym stosowaniu kremu z filtrem UV, aby cieszy\u0107 si\u0119 pi\u0119kn\u0105 i zdrow\u0105 sk\u00f3r\u0105 przez ca\u0142e lato.<\/p>\n","protected":false},"excerpt":{"rendered":"<p>Krem z filtrem UV to niezb\u0119dny produkt w okresie letnim, kt\u00f3ry powinien znale\u017a\u0107 si\u0119 w Twojej kosmetyczce. Dzi\u0119ki swoim w\u0142a\u015bciwo\u015bciom ochronnym, zapewnia sk\u00f3rze nie tylko pi\u0119kny wygl\u0105d, ale przede wszystkim zdrowie. Wprowadzenie go do codziennej piel\u0119gnacji jest kluczowe dla zachowania m\u0142odego i promiennego wygl\u0105du sk\u00f3ry. Dowiedz si\u0119 wi\u0119cej o tym niezast\u0105pionym kosmetyku i przekonaj si\u0119, [&hellip;]<\/p>\n","protected":false},"author":1,"featured_media":0,"comment_status":"","ping_status":"open","sticky":false,"template":"","format":"standard","meta":{"footnotes":""},"categories":[1],"tags":[],"class_list":["post-3213","post","type-post","status-publish","format-standard","hentry","category-bez-kategorii"],"fm_meta_title":"Krem z filtrem UV: Twoje must-have na lato","fm_meta_description":"Zapewnij swojej sk\u00f3rze ochron\u0119 przed s\u0142o\u0144cem dzi\u0119ki naszemu kremowi z filtrem UV. Idealny wyb\u00f3r na lato, aby cieszy\u0107 si\u0119 pi\u0119kn\u0105 i zdrow\u0105 cer\u0105. Sprawd\u017a ju\u017c teraz!","yoast_head":"<!-- This site is optimized with the Yoast SEO plugin v21.5 - https:\/\/yoast.com\/wordpress\/plugins\/seo\/ -->\n<title>Krem z filtrem UV: Twoje must-have na lato<\/title>\n<meta name=\"description\" content=\"Zapewnij swojej sk\u00f3rze ochron\u0119 przed s\u0142o\u0144cem dzi\u0119ki naszemu kremowi z filtrem UV. Idealny wyb\u00f3r na lato, aby cieszy\u0107 si\u0119 pi\u0119kn\u0105 i zdrow\u0105 cer\u0105. Sprawd\u017a ju\u017c teraz!\" \/>\n<meta name=\"robots\" content=\"index, follow, max-snippet:-1, max-image-preview:large, max-video-preview:-1\" \/>\n<link rel=\"canonical\" href=\"https:\/\/darzdrowia.pl\/ciekawostki\/krem-z-filtrem-uv-twoje-must-have-na-lato\/\" \/>\n<meta property=\"og:locale\" content=\"pl_PL\" \/>\n<meta property=\"og:type\" content=\"article\" \/>\n<meta property=\"og:title\" content=\"Krem z filtrem UV: Twoje must-have na lato\" \/>\n<meta property=\"og:description\" content=\"Zapewnij swojej sk\u00f3rze ochron\u0119 przed s\u0142o\u0144cem dzi\u0119ki naszemu kremowi z filtrem UV. Idealny wyb\u00f3r na lato, aby cieszy\u0107 si\u0119 pi\u0119kn\u0105 i zdrow\u0105 cer\u0105. Sprawd\u017a ju\u017c teraz!\" \/>\n<meta property=\"og:url\" content=\"https:\/\/darzdrowia.pl\/ciekawostki\/krem-z-filtrem-uv-twoje-must-have-na-lato\/\" \/>\n<meta property=\"og:site_name\" content=\"Dar Zdrowia Drogeria - Blog\" \/>\n<meta property=\"article:publisher\" content=\"https:\/\/www.facebook.com\/profile.php?id=100063606935396\" \/>\n<meta property=\"article:published_time\" content=\"2024-05-21T09:44:28+00:00\" \/>\n<meta name=\"author\" content=\"funkymedia\" \/>\n<meta name=\"twitter:card\" content=\"summary_large_image\" \/>\n<meta name=\"twitter:label1\" content=\"Napisane przez\" \/>\n\t<meta name=\"twitter:data1\" content=\"funkymedia\" \/>\n\t<meta name=\"twitter:label2\" content=\"Szacowany czas czytania\" \/>\n\t<meta name=\"twitter:data2\" content=\"3 minuty\" \/>\n<script type=\"application\/ld+json\" class=\"yoast-schema-graph\">{\"@context\":\"https:\/\/schema.org\",\"@graph\":[{\"@type\":\"Article\",\"@id\":\"https:\/\/darzdrowia.pl\/ciekawostki\/krem-z-filtrem-uv-twoje-must-have-na-lato\/#article\",\"isPartOf\":{\"@id\":\"https:\/\/darzdrowia.pl\/ciekawostki\/krem-z-filtrem-uv-twoje-must-have-na-lato\/\"},\"author\":{\"name\":\"funkymedia\",\"@id\":\"https:\/\/darzdrowia.pl\/ciekawostki\/#\/schema\/person\/e75579d624630bf943ac69d374bb928e\"},\"headline\":\"Krem z filtrem UV: Twoje must-have na lato\",\"datePublished\":\"2024-05-21T09:44:28+00:00\",\"dateModified\":\"2024-05-21T09:44:28+00:00\",\"mainEntityOfPage\":{\"@id\":\"https:\/\/darzdrowia.pl\/ciekawostki\/krem-z-filtrem-uv-twoje-must-have-na-lato\/\"},\"wordCount\":638,\"publisher\":{\"@id\":\"https:\/\/darzdrowia.pl\/ciekawostki\/#organization\"},\"inLanguage\":\"pl-PL\"},{\"@type\":\"WebPage\",\"@id\":\"https:\/\/darzdrowia.pl\/ciekawostki\/krem-z-filtrem-uv-twoje-must-have-na-lato\/\",\"url\":\"https:\/\/darzdrowia.pl\/ciekawostki\/krem-z-filtrem-uv-twoje-must-have-na-lato\/\",\"name\":\"Krem z filtrem UV: Twoje must-have na lato\",\"isPartOf\":{\"@id\":\"https:\/\/darzdrowia.pl\/ciekawostki\/#website\"},\"datePublished\":\"2024-05-21T09:44:28+00:00\",\"dateModified\":\"2024-05-21T09:44:28+00:00\",\"description\":\"Zapewnij swojej sk\u00f3rze ochron\u0119 przed s\u0142o\u0144cem dzi\u0119ki naszemu kremowi z filtrem UV. Idealny wyb\u00f3r na lato, aby cieszy\u0107 si\u0119 pi\u0119kn\u0105 i zdrow\u0105 cer\u0105. Sprawd\u017a ju\u017c teraz!\",\"breadcrumb\":{\"@id\":\"https:\/\/darzdrowia.pl\/ciekawostki\/krem-z-filtrem-uv-twoje-must-have-na-lato\/#breadcrumb\"},\"inLanguage\":\"pl-PL\",\"potentialAction\":[{\"@type\":\"ReadAction\",\"target\":[\"https:\/\/darzdrowia.pl\/ciekawostki\/krem-z-filtrem-uv-twoje-must-have-na-lato\/\"]}]},{\"@type\":\"BreadcrumbList\",\"@id\":\"https:\/\/darzdrowia.pl\/ciekawostki\/krem-z-filtrem-uv-twoje-must-have-na-lato\/#breadcrumb\",\"itemListElement\":[{\"@type\":\"ListItem\",\"position\":1,\"name\":\"Strona g\u0142\u00f3wna\",\"item\":\"https:\/\/darzdrowia.pl\/ciekawostki\/\"},{\"@type\":\"ListItem\",\"position\":2,\"name\":\"Krem z filtrem UV: Twoje must-have na lato\"}]},{\"@type\":\"WebSite\",\"@id\":\"https:\/\/darzdrowia.pl\/ciekawostki\/#website\",\"url\":\"https:\/\/darzdrowia.pl\/ciekawostki\/\",\"name\":\"Dar Zdrowia Drogeria - Blog\",\"description\":\"\",\"publisher\":{\"@id\":\"https:\/\/darzdrowia.pl\/ciekawostki\/#organization\"},\"potentialAction\":[{\"@type\":\"SearchAction\",\"target\":{\"@type\":\"EntryPoint\",\"urlTemplate\":\"https:\/\/darzdrowia.pl\/ciekawostki\/?s={search_term_string}\"},\"query-input\":\"required name=search_term_string\"}],\"inLanguage\":\"pl-PL\"},{\"@type\":\"Organization\",\"@id\":\"https:\/\/darzdrowia.pl\/ciekawostki\/#organization\",\"name\":\"Dar Zdrowia Drogeria - Blog\",\"url\":\"https:\/\/darzdrowia.pl\/ciekawostki\/\",\"logo\":{\"@type\":\"ImageObject\",\"inLanguage\":\"pl-PL\",\"@id\":\"https:\/\/darzdrowia.pl\/ciekawostki\/#\/schema\/logo\/image\/\",\"url\":\"https:\/\/darzdrowia.pl\/ciekawostki\/wp-content\/uploads\/2023\/11\/logo-darzdrowia.webp\",\"contentUrl\":\"https:\/\/darzdrowia.pl\/ciekawostki\/wp-content\/uploads\/2023\/11\/logo-darzdrowia.webp\",\"width\":744,\"height\":225,\"caption\":\"Dar Zdrowia Drogeria - Blog\"},\"image\":{\"@id\":\"https:\/\/darzdrowia.pl\/ciekawostki\/#\/schema\/logo\/image\/\"},\"sameAs\":[\"https:\/\/www.facebook.com\/profile.php?id=100063606935396\"]},{\"@type\":\"Person\",\"@id\":\"https:\/\/darzdrowia.pl\/ciekawostki\/#\/schema\/person\/e75579d624630bf943ac69d374bb928e\",\"name\":\"funkymedia\",\"image\":{\"@type\":\"ImageObject\",\"inLanguage\":\"pl-PL\",\"@id\":\"https:\/\/darzdrowia.pl\/ciekawostki\/#\/schema\/person\/image\/\",\"url\":\"https:\/\/secure.gravatar.com\/avatar\/393cb205b658aef6e3271ad5a92265e3e4433d2384bbe95524ba160d5bc20299?s=96&d=mm&r=g\",\"contentUrl\":\"https:\/\/secure.gravatar.com\/avatar\/393cb205b658aef6e3271ad5a92265e3e4433d2384bbe95524ba160d5bc20299?s=96&d=mm&r=g\",\"caption\":\"funkymedia\"},\"sameAs\":[\"https:\/\/darzdrowia.pl\/ciekawostki\"],\"url\":\"https:\/\/darzdrowia.pl\/ciekawostki\/author\/funkymedia\/\"}]}<\/script>\n<!-- \/ Yoast SEO plugin. -->","yoast_head_json":{"title":"Krem z filtrem UV: Twoje must-have na lato","description":"Zapewnij swojej sk\u00f3rze ochron\u0119 przed s\u0142o\u0144cem dzi\u0119ki naszemu kremowi z filtrem UV. Idealny wyb\u00f3r na lato, aby cieszy\u0107 si\u0119 pi\u0119kn\u0105 i zdrow\u0105 cer\u0105. Sprawd\u017a ju\u017c teraz!","robots":{"index":"index","follow":"follow","max-snippet":"max-snippet:-1","max-image-preview":"max-image-preview:large","max-video-preview":"max-video-preview:-1"},"canonical":"https:\/\/darzdrowia.pl\/ciekawostki\/krem-z-filtrem-uv-twoje-must-have-na-lato\/","og_locale":"pl_PL","og_type":"article","og_title":"Krem z filtrem UV: Twoje must-have na lato","og_description":"Zapewnij swojej sk\u00f3rze ochron\u0119 przed s\u0142o\u0144cem dzi\u0119ki naszemu kremowi z filtrem UV. Idealny wyb\u00f3r na lato, aby cieszy\u0107 si\u0119 pi\u0119kn\u0105 i zdrow\u0105 cer\u0105. Sprawd\u017a ju\u017c teraz!","og_url":"https:\/\/darzdrowia.pl\/ciekawostki\/krem-z-filtrem-uv-twoje-must-have-na-lato\/","og_site_name":"Dar Zdrowia Drogeria - Blog","article_publisher":"https:\/\/www.facebook.com\/profile.php?id=100063606935396","article_published_time":"2024-05-21T09:44:28+00:00","author":"funkymedia","twitter_card":"summary_large_image","twitter_misc":{"Napisane przez":"funkymedia","Szacowany czas czytania":"3 minuty"},"schema":{"@context":"https:\/\/schema.org","@graph":[{"@type":"Article","@id":"https:\/\/darzdrowia.pl\/ciekawostki\/krem-z-filtrem-uv-twoje-must-have-na-lato\/#article","isPartOf":{"@id":"https:\/\/darzdrowia.pl\/ciekawostki\/krem-z-filtrem-uv-twoje-must-have-na-lato\/"},"author":{"name":"funkymedia","@id":"https:\/\/darzdrowia.pl\/ciekawostki\/#\/schema\/person\/e75579d624630bf943ac69d374bb928e"},"headline":"Krem z filtrem UV: Twoje must-have na lato","datePublished":"2024-05-21T09:44:28+00:00","dateModified":"2024-05-21T09:44:28+00:00","mainEntityOfPage":{"@id":"https:\/\/darzdrowia.pl\/ciekawostki\/krem-z-filtrem-uv-twoje-must-have-na-lato\/"},"wordCount":638,"publisher":{"@id":"https:\/\/darzdrowia.pl\/ciekawostki\/#organization"},"inLanguage":"pl-PL"},{"@type":"WebPage","@id":"https:\/\/darzdrowia.pl\/ciekawostki\/krem-z-filtrem-uv-twoje-must-have-na-lato\/","url":"https:\/\/darzdrowia.pl\/ciekawostki\/krem-z-filtrem-uv-twoje-must-have-na-lato\/","name":"Krem z filtrem UV: Twoje must-have na lato","isPartOf":{"@id":"https:\/\/darzdrowia.pl\/ciekawostki\/#website"},"datePublished":"2024-05-21T09:44:28+00:00","dateModified":"2024-05-21T09:44:28+00:00","description":"Zapewnij swojej sk\u00f3rze ochron\u0119 przed s\u0142o\u0144cem dzi\u0119ki naszemu kremowi z filtrem UV. Idealny wyb\u00f3r na lato, aby cieszy\u0107 si\u0119 pi\u0119kn\u0105 i zdrow\u0105 cer\u0105. Sprawd\u017a ju\u017c teraz!","breadcrumb":{"@id":"https:\/\/darzdrowia.pl\/ciekawostki\/krem-z-filtrem-uv-twoje-must-have-na-lato\/#breadcrumb"},"inLanguage":"pl-PL","potentialAction":[{"@type":"ReadAction","target":["https:\/\/darzdrowia.pl\/ciekawostki\/krem-z-filtrem-uv-twoje-must-have-na-lato\/"]}]},{"@type":"BreadcrumbList","@id":"https:\/\/darzdrowia.pl\/ciekawostki\/krem-z-filtrem-uv-twoje-must-have-na-lato\/#breadcrumb","itemListElement":[{"@type":"ListItem","position":1,"name":"Strona g\u0142\u00f3wna","item":"https:\/\/darzdrowia.pl\/ciekawostki\/"},{"@type":"ListItem","position":2,"name":"Krem z filtrem UV: Twoje must-have na lato"}]},{"@type":"WebSite","@id":"https:\/\/darzdrowia.pl\/ciekawostki\/#website","url":"https:\/\/darzdrowia.pl\/ciekawostki\/","name":"Dar Zdrowia Drogeria - Blog","description":"","publisher":{"@id":"https:\/\/darzdrowia.pl\/ciekawostki\/#organization"},"potentialAction":[{"@type":"SearchAction","target":{"@type":"EntryPoint","urlTemplate":"https:\/\/darzdrowia.pl\/ciekawostki\/?s={search_term_string}"},"query-input":"required name=search_term_string"}],"inLanguage":"pl-PL"},{"@type":"Organization","@id":"https:\/\/darzdrowia.pl\/ciekawostki\/#organization","name":"Dar Zdrowia Drogeria - Blog","url":"https:\/\/darzdrowia.pl\/ciekawostki\/","logo":{"@type":"ImageObject","inLanguage":"pl-PL","@id":"https:\/\/darzdrowia.pl\/ciekawostki\/#\/schema\/logo\/image\/","url":"https:\/\/darzdrowia.pl\/ciekawostki\/wp-content\/uploads\/2023\/11\/logo-darzdrowia.webp","contentUrl":"https:\/\/darzdrowia.pl\/ciekawostki\/wp-content\/uploads\/2023\/11\/logo-darzdrowia.webp","width":744,"height":225,"caption":"Dar Zdrowia Drogeria - Blog"},"image":{"@id":"https:\/\/darzdrowia.pl\/ciekawostki\/#\/schema\/logo\/image\/"},"sameAs":["https:\/\/www.facebook.com\/profile.php?id=100063606935396"]},{"@type":"Person","@id":"https:\/\/darzdrowia.pl\/ciekawostki\/#\/schema\/person\/e75579d624630bf943ac69d374bb928e","name":"funkymedia","image":{"@type":"ImageObject","inLanguage":"pl-PL","@id":"https:\/\/darzdrowia.pl\/ciekawostki\/#\/schema\/person\/image\/","url":"https:\/\/secure.gravatar.com\/avatar\/393cb205b658aef6e3271ad5a92265e3e4433d2384bbe95524ba160d5bc20299?s=96&d=mm&r=g","contentUrl":"https:\/\/secure.gravatar.com\/avatar\/393cb205b658aef6e3271ad5a92265e3e4433d2384bbe95524ba160d5bc20299?s=96&d=mm&r=g","caption":"funkymedia"},"sameAs":["https:\/\/darzdrowia.pl\/ciekawostki"],"url":"https:\/\/darzdrowia.pl\/ciekawostki\/author\/funkymedia\/"}]}},"_links":{"self":[{"href":"https:\/\/darzdrowia.pl\/ciekawostki\/wp-json\/wp\/v2\/posts\/3213","targetHints":{"allow":["GET"]}}],"collection":[{"href":"https:\/\/darzdrowia.pl\/ciekawostki\/wp-json\/wp\/v2\/posts"}],"about":[{"href":"https:\/\/darzdrowia.pl\/ciekawostki\/wp-json\/wp\/v2\/types\/post"}],"author":[{"embeddable":true,"href":"https:\/\/darzdrowia.pl\/ciekawostki\/wp-json\/wp\/v2\/users\/1"}],"replies":[{"embeddable":true,"href":"https:\/\/darzdrowia.pl\/ciekawostki\/wp-json\/wp\/v2\/comments?post=3213"}],"version-history":[{"count":0,"href":"https:\/\/darzdrowia.pl\/ciekawostki\/wp-json\/wp\/v2\/posts\/3213\/revisions"}],"wp:attachment":[{"href":"https:\/\/darzdrowia.pl\/ciekawostki\/wp-json\/wp\/v2\/media?parent=3213"}],"wp:term":[{"taxonomy":"category","embeddable":true,"href":"https:\/\/darzdrowia.pl\/ciekawostki\/wp-json\/wp\/v2\/categories?post=3213"},{"taxonomy":"post_tag","embeddable":true,"href":"https:\/\/darzdrowia.pl\/ciekawostki\/wp-json\/wp\/v2\/tags?post=3213"}],"curies":[{"name":"wp","href":"https:\/\/api.w.org\/{rel}","templated":true}]}}