{"id":3155,"date":"2024-05-21T10:47:43","date_gmt":"2024-05-21T08:47:43","guid":{"rendered":"https:\/\/darzdrowia.pl\/ciekawostki\/peeling-do-twarzy-a-sezonowe-problemy-skorne-jak-pielegnowac-cere-wiosna-i-latem\/"},"modified":"2024-05-21T10:47:43","modified_gmt":"2024-05-21T08:47:43","slug":"peeling-do-twarzy-a-sezonowe-problemy-skorne-jak-pielegnowac-cere-wiosna-i-latem","status":"publish","type":"post","link":"https:\/\/darzdrowia.pl\/ciekawostki\/peeling-do-twarzy-a-sezonowe-problemy-skorne-jak-pielegnowac-cere-wiosna-i-latem\/","title":{"rendered":"Peeling do twarzy a sezonowe problemy sk\u00f3rne: Jak piel\u0119gnowa\u0107 cer\u0119 wiosn\u0105 i latem?"},"content":{"rendered":"\n<p>Peeling to jedna z najpopularniejszych metod piel\u0119gnacji sk\u00f3ry, kt\u00f3ra pozwala na usuni\u0119cie martwych kom\u00f3rek i od\u015bwie\u017cenie cery. Wraz z nadej\u015bciem wiosny i lata, nasza sk\u00f3ra staje si\u0119 bardziej nara\u017cona na dzia\u0142anie czynnik\u00f3w zewn\u0119trznych, takich jak promieniowanie UV czy zmiany temperatury. Dlatego w\u0142a\u015bnie w tym okresie szczeg\u00f3lnie wa\u017cne jest odpowiednie dbanie o nasz\u0105 cer\u0119. W dzisiejszym wpisie dowiesz si\u0119, jak wykona\u0107 peeling do twarzy oraz jak piel\u0119gnowa\u0107 sk\u00f3r\u0119 wiosn\u0105 i latem, aby zachowa\u0107 jej zdrowy i promienny wygl\u0105d.<\/p>\n\n\n\n<h2 class=\"wp-block-heading\">5 skutecznych peelingu do twarzy na wiosn\u0119 i lato<\/h2>\n\n\n\n<p>1. Peeling enzymatyczny &#8211; idealny dla os\u00f3b o wra\u017cliwej sk\u00f3rze, poniewa\u017c nie zawiera drobinek \u015bcieraj\u0105cych. Dzi\u0119ki zawarto\u015bci naturalnych enzym\u00f3w, delikatnie usuwa martwe kom\u00f3rki sk\u00f3ry, pozostawiaj\u0105c j\u0105 g\u0142adk\u0105 i promienn\u0105.<\/p>\n\n\n\n<p>2. Peeling kawitacyjny &#8211; doskona\u0142y dla cery t\u0142ustej i mieszanej. Dzi\u0119ki ultrad\u017awi\u0119kom, skutecznie oczyszcza pory i redukuje nadmiar sebum. Sk\u00f3ra staje si\u0119 wyg\u0142adzona i matowa.<\/p>\n\n\n\n<p>3. Peeling chemiczny &#8211; polecany dla os\u00f3b z problemami z tr\u0105dzikiem lub przebarwieniami. Zawiera kwasy owocowe lub salicylowe, kt\u00f3re g\u0142\u0119boko oczyszczaj\u0105 sk\u00f3r\u0119 i poprawiaj\u0105 jej koloryt.<\/p>\n\n\n\n<p>4. Peeling mechaniczny &#8211; idealny dla cery normalnej lub suchej. Zawiera drobinki \u015bcieraj\u0105ce, kt\u00f3re usuwaj\u0105 martwe kom\u00f3rki sk\u00f3ry oraz pobudzaj\u0105 mikrokr\u0105\u017cenie, dzi\u0119ki czemu sk\u00f3ra staje si\u0119 g\u0142adsza i bardziej promienna.<\/p>\n\n\n\n<p>5. Peeling w formie maseczki &#8211; doskona\u0142y wyb\u00f3r na wiosn\u0119 i lato, gdy\u017c nie tylko z\u0142uszcza martwy nask\u00f3rek, ale tak\u017ce nawil\u017ca i od\u017cywia sk\u00f3r\u0119. Mo\u017ce zawiera\u0107 r\u00f3\u017cnego rodzaju sk\u0142adniki od\u017cywcze, np. witaminy czy ekstrakty ro\u015blinne.<\/p>\n\n\n\n<p>Pami\u0119taj, aby wybiera\u0107 peelingi dostosowane do Twojego typu sk\u00f3ry i stosowa\u0107 je zgodnie z zaleceniami producenta. Regularne usuwanie martwego nask\u00f3rka pozwoli zachowa\u0107 sk\u00f3r\u0119 w zdrowej kondycji i przygotuje j\u0105 na przyj\u0119cie innych kosmetyk\u00f3w piel\u0119gnacyjnych.<\/p>\n\n\n\n<h2 class=\"wp-block-heading\">Jak unikn\u0105\u0107 problem\u00f3w sk\u00f3rnych w sezonie letnim? Porady ekspert\u00f3w<\/h2>\n\n\n\n<p>W sezonie letnim nasza sk\u00f3ra jest szczeg\u00f3lnie nara\u017cona na problemy, takie jak tr\u0105dzik, przesuszenie czy podra\u017cnienia. Aby unikn\u0105\u0107 tych nieprzyjemnych dolegliwo\u015bci, warto pos\u0142ucha\u0107 porad ekspert\u00f3w.<\/p>\n\n\n\n<p>1. Stosuj odpowiedni\u0105 piel\u0119gnacj\u0119 &#8211; latem nasza sk\u00f3ra potrzebuje innej piel\u0119gnacji ni\u017c zim\u0105. Wybieraj lekkie kremy i \u017cele, kt\u00f3re nie b\u0119d\u0105 obci\u0105\u017ca\u0107 sk\u00f3ry.<\/p>\n\n\n\n<p>2. Unikaj s\u0142o\u0144ca w godzinach najwi\u0119kszego nasilenia &#8211; pami\u0119taj o tym, \u017ce promienie UV s\u0105 najbardziej szkodliwe mi\u0119dzy 10 a 16. W tym czasie staraj si\u0119 pozosta\u0107 w cieniu lub u\u017cywaj krem\u00f3w z wysokim filtrem.<\/p>\n\n\n\n<p>3. Pij du\u017co wody &#8211; latem nasze cia\u0142o szybciej si\u0119 odwadnia, co mo\u017ce prowadzi\u0107 do przesuszenia sk\u00f3ry. Pij minimum 2 litry wody dziennie, aby utrzyma\u0107 odpowiednie nawodnienie organizmu.<\/p>\n\n\n\n<p>4. Unikaj kosmetyk\u00f3w o ci\u0119\u017ckiej konsystencji &#8211; podczas upa\u0142\u00f3w lepiej zrezygnowa\u0107 z ci\u0119\u017ckich podk\u0142ad\u00f3w i pudr\u00f3w, kt\u00f3re mog\u0105 zapycha\u0107 pory i powodowa\u0107 tr\u0105dzik. Wybieraj lekkie formu\u0142y lub po prostu ogranicz si\u0119 do korektora i pudru mineralnego.<\/p>\n\n\n\n<p>5. Regularnie oczyszczaj sk\u00f3r\u0119 &#8211; latem nasza sk\u00f3ra jest bardziej nara\u017cona na zanieczyszczenia, dlatego wa\u017cne jest regularne oczyszczanie twarzy. Pami\u0119taj, aby u\u017cywa\u0107 delikatnych produkt\u00f3w, kt\u00f3re nie podra\u017cni\u0105 sk\u00f3ry.<\/p>\n\n\n\n<p>Pami\u0119taj, \u017ce ka\u017cda sk\u00f3ra jest inna i wymaga indywidualnego podej\u015bcia. Je\u015bli masz problemy ze sk\u00f3r\u0105, warto skonsultowa\u0107 si\u0119 z dermatologiem, kt\u00f3ry dobierze odpowiednie produkty i zaproponuje odpowiedni\u0105 piel\u0119gnacj\u0119.<\/p>\n\n\n\n<h2 class=\"wp-block-heading\">Peeling do twarzy a zmiany pogodowe &#8211; jak dostosowa\u0107 piel\u0119gnacj\u0119 do warunk\u00f3w atmosferycznych?<\/h2>\n\n\n\n<p>Peeling do twarzy jest wa\u017cnym elementem piel\u0119gnacji sk\u00f3ry, jednak zmieniaj\u0105ce si\u0119 warunki pogodowe mog\u0105 wp\u0142yn\u0105\u0107 na jego skuteczno\u015b\u0107. Aby dostosowa\u0107 piel\u0119gnacj\u0119 do warunk\u00f3w atmosferycznych, nale\u017cy pami\u0119ta\u0107 o kilku wa\u017cnych kwestiach.<\/p>\n\n\n\n<p>Po pierwsze, w okresie zimowym, gdy powietrze jest suche i zimne, nale\u017cy unika\u0107 agresywnych peeling\u00f3w i wybiera\u0107 te delikatniejsze. W przypadku niskiej wilgotno\u015bci powietrza, warto r\u00f3wnie\u017c stosowa\u0107 nawil\u017caj\u0105ce maski po zabiegu.<\/p>\n\n\n\n<p>Natomiast w okresie letnim, gdy sk\u00f3ra jest bardziej nara\u017cona na dzia\u0142anie promieni s\u0142onecznych i wysok\u0105 temperatur\u0119, nale\u017cy unika\u0107 peelingu w miejscach wystawionych na s\u0142o\u0144ce. Warto r\u00f3wnie\u017c wybiera\u0107 produkty z filtrem UV lub stosowa\u0107 je po zabiegu.<\/p>\n\n\n\n<p>W przypadku nag\u0142ych zmian pogodowych, takich jak gwa\u0142towne och\u0142odzenie czy silne wiatry, lepiej od\u0142o\u017cy\u0107 peeling na inny dzie\u0144. Sk\u00f3ra mo\u017ce by\u0107 wtedy bardziej podra\u017cniona i wymaga\u0107 delikatniejszej piel\u0119gnacji.<\/p>\n\n\n\n<p>Podsumowuj\u0105c, aby dostosowa\u0107 piel\u0119gnacj\u0119 do warunk\u00f3w atmosferycznych, nale\u017cy wybiera\u0107 odpowiednie produkty oraz dostosowywa\u0107 cz\u0119stotliwo\u015b\u0107 peelingu do aktualnej kondycji sk\u00f3ry. Pami\u0119tajmy r\u00f3wnie\u017c o ochronie sk\u00f3ry przed szkodliwym dzia\u0142aniem czynnik\u00f3w zewn\u0119trznych.<\/p>\n\n\n\n<p>Peeling do twarzy jest skutecznym sposobem na piel\u0119gnacj\u0119 sk\u00f3ry w sezonie wiosenno-letnim. Dzi\u0119ki niemu mo\u017cemy pozby\u0107 si\u0119 martwych kom\u00f3rek nask\u00f3rka, kt\u00f3re mog\u0105 powodowa\u0107 r\u00f3\u017cnego rodzaju problemy sk\u00f3rne. Wiosn\u0105 i latem nasza sk\u00f3ra jest szczeg\u00f3lnie nara\u017cona na dzia\u0142anie promieni s\u0142onecznych, zanieczyszcze\u0144 i nadmiernego wydzielania sebum, co mo\u017ce prowadzi\u0107 do powstawania niedoskona\u0142o\u015bci i przesuszenia. Dlatego wa\u017cne jest regularne stosowanie peelingu, kt\u00f3ry pomo\u017ce oczy\u015bci\u0107 pory i przywr\u00f3ci\u0107 sk\u00f3rze zdrowy wygl\u0105d.<\/p>\n\n\n\n<p>Podczas wybierania peelingu nale\u017cy zwr\u00f3ci\u0107 uwag\u0119 na jego sk\u0142ad, aby by\u0142 odpowiedni dla naszego typu cery. Osoby z cer\u0105 such\u0105 powinny wybiera\u0107 delikatniejsze peelingi, natomiast dla cery t\u0142ustej lub mieszanej lepszym wyborem b\u0119d\u0105 produkty o dzia\u0142aniu g\u0142\u0119boko oczyszczaj\u0105cym. Wa\u017cne jest r\u00f3wnie\u017c regularne nawil\u017canie sk\u00f3ry po zabiegu peelingu, aby zapobiec jej przesuszeniu.<\/p>\n\n\n\n<p>W sezonie wiosenno-letnim warto tak\u017ce zadba\u0107 o dodatkow\u0105 ochron\u0119 przed s\u0142o\u0144cem poprzez stosowanie krem\u00f3w z filtrem UV oraz unikanie ekspozycji na s\u0142o\u0144ce w godzinach najwi\u0119kszego nasilenia promieniowania. W przypadku wyst\u0105pienia trudno\u015bci sk\u00f3rnych, takich jak tr\u0105dzik czy przebarwienia, warto skonsultowa\u0107 si\u0119 z dermatologiem, kt\u00f3ry dobierze odpowiednie preparaty i zabiegi piel\u0119gnacyjne.<\/p>\n\n\n\n<p>Podsumowuj\u0105c, peeling do twarzy jest niezwykle pomocnym narz\u0119dziem w piel\u0119gnacji sk\u00f3ry w sezonie wiosenno-letnim. Regularne stosowanie peelingu pozwala zachowa\u0107 cer\u0119 w zdrowym stanie, zapobiegaj\u0105c powstawaniu niedoskona\u0142o\u015bci i przesuszeniu. Pami\u0119tajmy jednak o odpowiednim doborze produkt\u00f3w oraz dodatkowej ochronie przed s\u0142o\u0144cem, aby cieszy\u0107 si\u0119 pi\u0119kn\u0105 i zdrow\u0105 sk\u00f3r\u0105 przez ca\u0142y sezon.<\/p>\n","protected":false},"excerpt":{"rendered":"<p>Peeling to jedna z najpopularniejszych metod piel\u0119gnacji sk\u00f3ry, kt\u00f3ra pozwala na usuni\u0119cie martwych kom\u00f3rek i od\u015bwie\u017cenie cery. Wraz z nadej\u015bciem wiosny i lata, nasza sk\u00f3ra staje si\u0119 bardziej nara\u017cona na dzia\u0142anie czynnik\u00f3w zewn\u0119trznych, takich jak promieniowanie UV czy zmiany temperatury. Dlatego w\u0142a\u015bnie w tym okresie szczeg\u00f3lnie wa\u017cne jest odpowiednie dbanie o nasz\u0105 cer\u0119. W dzisiejszym [&hellip;]<\/p>\n","protected":false},"author":1,"featured_media":0,"comment_status":"","ping_status":"open","sticky":false,"template":"","format":"standard","meta":{"footnotes":""},"categories":[1],"tags":[],"class_list":["post-3155","post","type-post","status-publish","format-standard","hentry","category-bez-kategorii"],"fm_meta_title":"Peeling do twarzy a sezonowe problemy sk\u00f3rne: Jak piel\u0119gnowa\u0107 cer\u0119 wiosn\u0105 i latem?","fm_meta_description":"Zapomnij o problemach sk\u00f3rnych wiosn\u0105 i latem! Odkryj tajemnic\u0119 pi\u0119knej cery dzi\u0119ki naszemu peelingowi do twarzy. Dowiedz si\u0119, jak piel\u0119gnowa\u0107 sk\u00f3r\u0119 w sezonie letnim i cieszy\u0107 si\u0119 promiennym wygl\u0105dem. Sprawd\u017a ju\u017c teraz!","yoast_head":"<!-- This site is optimized with the Yoast SEO plugin v21.5 - https:\/\/yoast.com\/wordpress\/plugins\/seo\/ -->\n<title>Peeling do twarzy a sezonowe problemy sk\u00f3rne: Jak piel\u0119gnowa\u0107 cer\u0119 wiosn\u0105 i latem?<\/title>\n<meta name=\"description\" content=\"Zapomnij o problemach sk\u00f3rnych wiosn\u0105 i latem! Odkryj tajemnic\u0119 pi\u0119knej cery dzi\u0119ki naszemu peelingowi do twarzy. Dowiedz si\u0119, jak piel\u0119gnowa\u0107 sk\u00f3r\u0119 w sezonie letnim i cieszy\u0107 si\u0119 promiennym wygl\u0105dem. Sprawd\u017a ju\u017c teraz!\" \/>\n<meta name=\"robots\" content=\"index, follow, max-snippet:-1, max-image-preview:large, max-video-preview:-1\" \/>\n<link rel=\"canonical\" href=\"https:\/\/darzdrowia.pl\/ciekawostki\/peeling-do-twarzy-a-sezonowe-problemy-skorne-jak-pielegnowac-cere-wiosna-i-latem\/\" \/>\n<meta property=\"og:locale\" content=\"pl_PL\" \/>\n<meta property=\"og:type\" content=\"article\" \/>\n<meta property=\"og:title\" content=\"Peeling do twarzy a sezonowe problemy sk\u00f3rne: Jak piel\u0119gnowa\u0107 cer\u0119 wiosn\u0105 i latem?\" \/>\n<meta property=\"og:description\" content=\"Zapomnij o problemach sk\u00f3rnych wiosn\u0105 i latem! Odkryj tajemnic\u0119 pi\u0119knej cery dzi\u0119ki naszemu peelingowi do twarzy. Dowiedz si\u0119, jak piel\u0119gnowa\u0107 sk\u00f3r\u0119 w sezonie letnim i cieszy\u0107 si\u0119 promiennym wygl\u0105dem. Sprawd\u017a ju\u017c teraz!\" \/>\n<meta property=\"og:url\" content=\"https:\/\/darzdrowia.pl\/ciekawostki\/peeling-do-twarzy-a-sezonowe-problemy-skorne-jak-pielegnowac-cere-wiosna-i-latem\/\" \/>\n<meta property=\"og:site_name\" content=\"Dar Zdrowia Drogeria - Blog\" \/>\n<meta property=\"article:publisher\" content=\"https:\/\/www.facebook.com\/profile.php?id=100063606935396\" \/>\n<meta property=\"article:published_time\" content=\"2024-05-21T08:47:43+00:00\" \/>\n<meta name=\"author\" content=\"funkymedia\" \/>\n<meta name=\"twitter:card\" content=\"summary_large_image\" \/>\n<meta name=\"twitter:label1\" content=\"Napisane przez\" \/>\n\t<meta name=\"twitter:data1\" content=\"funkymedia\" \/>\n\t<meta name=\"twitter:label2\" content=\"Szacowany czas czytania\" \/>\n\t<meta name=\"twitter:data2\" content=\"5 minut\" \/>\n<script type=\"application\/ld+json\" class=\"yoast-schema-graph\">{\"@context\":\"https:\/\/schema.org\",\"@graph\":[{\"@type\":\"Article\",\"@id\":\"https:\/\/darzdrowia.pl\/ciekawostki\/peeling-do-twarzy-a-sezonowe-problemy-skorne-jak-pielegnowac-cere-wiosna-i-latem\/#article\",\"isPartOf\":{\"@id\":\"https:\/\/darzdrowia.pl\/ciekawostki\/peeling-do-twarzy-a-sezonowe-problemy-skorne-jak-pielegnowac-cere-wiosna-i-latem\/\"},\"author\":{\"name\":\"funkymedia\",\"@id\":\"https:\/\/darzdrowia.pl\/ciekawostki\/#\/schema\/person\/e75579d624630bf943ac69d374bb928e\"},\"headline\":\"Peeling do twarzy a sezonowe problemy sk\u00f3rne: Jak piel\u0119gnowa\u0107 cer\u0119 wiosn\u0105 i latem?\",\"datePublished\":\"2024-05-21T08:47:43+00:00\",\"dateModified\":\"2024-05-21T08:47:43+00:00\",\"mainEntityOfPage\":{\"@id\":\"https:\/\/darzdrowia.pl\/ciekawostki\/peeling-do-twarzy-a-sezonowe-problemy-skorne-jak-pielegnowac-cere-wiosna-i-latem\/\"},\"wordCount\":1099,\"publisher\":{\"@id\":\"https:\/\/darzdrowia.pl\/ciekawostki\/#organization\"},\"inLanguage\":\"pl-PL\"},{\"@type\":\"WebPage\",\"@id\":\"https:\/\/darzdrowia.pl\/ciekawostki\/peeling-do-twarzy-a-sezonowe-problemy-skorne-jak-pielegnowac-cere-wiosna-i-latem\/\",\"url\":\"https:\/\/darzdrowia.pl\/ciekawostki\/peeling-do-twarzy-a-sezonowe-problemy-skorne-jak-pielegnowac-cere-wiosna-i-latem\/\",\"name\":\"Peeling do twarzy a sezonowe problemy sk\u00f3rne: Jak piel\u0119gnowa\u0107 cer\u0119 wiosn\u0105 i latem?\",\"isPartOf\":{\"@id\":\"https:\/\/darzdrowia.pl\/ciekawostki\/#website\"},\"datePublished\":\"2024-05-21T08:47:43+00:00\",\"dateModified\":\"2024-05-21T08:47:43+00:00\",\"description\":\"Zapomnij o problemach sk\u00f3rnych wiosn\u0105 i latem! Odkryj tajemnic\u0119 pi\u0119knej cery dzi\u0119ki naszemu peelingowi do twarzy. Dowiedz si\u0119, jak piel\u0119gnowa\u0107 sk\u00f3r\u0119 w sezonie letnim i cieszy\u0107 si\u0119 promiennym wygl\u0105dem. Sprawd\u017a ju\u017c teraz!\",\"breadcrumb\":{\"@id\":\"https:\/\/darzdrowia.pl\/ciekawostki\/peeling-do-twarzy-a-sezonowe-problemy-skorne-jak-pielegnowac-cere-wiosna-i-latem\/#breadcrumb\"},\"inLanguage\":\"pl-PL\",\"potentialAction\":[{\"@type\":\"ReadAction\",\"target\":[\"https:\/\/darzdrowia.pl\/ciekawostki\/peeling-do-twarzy-a-sezonowe-problemy-skorne-jak-pielegnowac-cere-wiosna-i-latem\/\"]}]},{\"@type\":\"BreadcrumbList\",\"@id\":\"https:\/\/darzdrowia.pl\/ciekawostki\/peeling-do-twarzy-a-sezonowe-problemy-skorne-jak-pielegnowac-cere-wiosna-i-latem\/#breadcrumb\",\"itemListElement\":[{\"@type\":\"ListItem\",\"position\":1,\"name\":\"Strona g\u0142\u00f3wna\",\"item\":\"https:\/\/darzdrowia.pl\/ciekawostki\/\"},{\"@type\":\"ListItem\",\"position\":2,\"name\":\"Peeling do twarzy a sezonowe problemy sk\u00f3rne: Jak piel\u0119gnowa\u0107 cer\u0119 wiosn\u0105 i latem?\"}]},{\"@type\":\"WebSite\",\"@id\":\"https:\/\/darzdrowia.pl\/ciekawostki\/#website\",\"url\":\"https:\/\/darzdrowia.pl\/ciekawostki\/\",\"name\":\"Dar Zdrowia Drogeria - Blog\",\"description\":\"\",\"publisher\":{\"@id\":\"https:\/\/darzdrowia.pl\/ciekawostki\/#organization\"},\"potentialAction\":[{\"@type\":\"SearchAction\",\"target\":{\"@type\":\"EntryPoint\",\"urlTemplate\":\"https:\/\/darzdrowia.pl\/ciekawostki\/?s={search_term_string}\"},\"query-input\":\"required name=search_term_string\"}],\"inLanguage\":\"pl-PL\"},{\"@type\":\"Organization\",\"@id\":\"https:\/\/darzdrowia.pl\/ciekawostki\/#organization\",\"name\":\"Dar Zdrowia Drogeria - Blog\",\"url\":\"https:\/\/darzdrowia.pl\/ciekawostki\/\",\"logo\":{\"@type\":\"ImageObject\",\"inLanguage\":\"pl-PL\",\"@id\":\"https:\/\/darzdrowia.pl\/ciekawostki\/#\/schema\/logo\/image\/\",\"url\":\"https:\/\/darzdrowia.pl\/ciekawostki\/wp-content\/uploads\/2023\/11\/logo-darzdrowia.webp\",\"contentUrl\":\"https:\/\/darzdrowia.pl\/ciekawostki\/wp-content\/uploads\/2023\/11\/logo-darzdrowia.webp\",\"width\":744,\"height\":225,\"caption\":\"Dar Zdrowia Drogeria - Blog\"},\"image\":{\"@id\":\"https:\/\/darzdrowia.pl\/ciekawostki\/#\/schema\/logo\/image\/\"},\"sameAs\":[\"https:\/\/www.facebook.com\/profile.php?id=100063606935396\"]},{\"@type\":\"Person\",\"@id\":\"https:\/\/darzdrowia.pl\/ciekawostki\/#\/schema\/person\/e75579d624630bf943ac69d374bb928e\",\"name\":\"funkymedia\",\"image\":{\"@type\":\"ImageObject\",\"inLanguage\":\"pl-PL\",\"@id\":\"https:\/\/darzdrowia.pl\/ciekawostki\/#\/schema\/person\/image\/\",\"url\":\"https:\/\/secure.gravatar.com\/avatar\/393cb205b658aef6e3271ad5a92265e3e4433d2384bbe95524ba160d5bc20299?s=96&d=mm&r=g\",\"contentUrl\":\"https:\/\/secure.gravatar.com\/avatar\/393cb205b658aef6e3271ad5a92265e3e4433d2384bbe95524ba160d5bc20299?s=96&d=mm&r=g\",\"caption\":\"funkymedia\"},\"sameAs\":[\"https:\/\/darzdrowia.pl\/ciekawostki\"],\"url\":\"https:\/\/darzdrowia.pl\/ciekawostki\/author\/funkymedia\/\"}]}<\/script>\n<!-- \/ Yoast SEO plugin. -->","yoast_head_json":{"title":"Peeling do twarzy a sezonowe problemy sk\u00f3rne: Jak piel\u0119gnowa\u0107 cer\u0119 wiosn\u0105 i latem?","description":"Zapomnij o problemach sk\u00f3rnych wiosn\u0105 i latem! Odkryj tajemnic\u0119 pi\u0119knej cery dzi\u0119ki naszemu peelingowi do twarzy. Dowiedz si\u0119, jak piel\u0119gnowa\u0107 sk\u00f3r\u0119 w sezonie letnim i cieszy\u0107 si\u0119 promiennym wygl\u0105dem. Sprawd\u017a ju\u017c teraz!","robots":{"index":"index","follow":"follow","max-snippet":"max-snippet:-1","max-image-preview":"max-image-preview:large","max-video-preview":"max-video-preview:-1"},"canonical":"https:\/\/darzdrowia.pl\/ciekawostki\/peeling-do-twarzy-a-sezonowe-problemy-skorne-jak-pielegnowac-cere-wiosna-i-latem\/","og_locale":"pl_PL","og_type":"article","og_title":"Peeling do twarzy a sezonowe problemy sk\u00f3rne: Jak piel\u0119gnowa\u0107 cer\u0119 wiosn\u0105 i latem?","og_description":"Zapomnij o problemach sk\u00f3rnych wiosn\u0105 i latem! Odkryj tajemnic\u0119 pi\u0119knej cery dzi\u0119ki naszemu peelingowi do twarzy. Dowiedz si\u0119, jak piel\u0119gnowa\u0107 sk\u00f3r\u0119 w sezonie letnim i cieszy\u0107 si\u0119 promiennym wygl\u0105dem. Sprawd\u017a ju\u017c teraz!","og_url":"https:\/\/darzdrowia.pl\/ciekawostki\/peeling-do-twarzy-a-sezonowe-problemy-skorne-jak-pielegnowac-cere-wiosna-i-latem\/","og_site_name":"Dar Zdrowia Drogeria - Blog","article_publisher":"https:\/\/www.facebook.com\/profile.php?id=100063606935396","article_published_time":"2024-05-21T08:47:43+00:00","author":"funkymedia","twitter_card":"summary_large_image","twitter_misc":{"Napisane przez":"funkymedia","Szacowany czas czytania":"5 minut"},"schema":{"@context":"https:\/\/schema.org","@graph":[{"@type":"Article","@id":"https:\/\/darzdrowia.pl\/ciekawostki\/peeling-do-twarzy-a-sezonowe-problemy-skorne-jak-pielegnowac-cere-wiosna-i-latem\/#article","isPartOf":{"@id":"https:\/\/darzdrowia.pl\/ciekawostki\/peeling-do-twarzy-a-sezonowe-problemy-skorne-jak-pielegnowac-cere-wiosna-i-latem\/"},"author":{"name":"funkymedia","@id":"https:\/\/darzdrowia.pl\/ciekawostki\/#\/schema\/person\/e75579d624630bf943ac69d374bb928e"},"headline":"Peeling do twarzy a sezonowe problemy sk\u00f3rne: Jak piel\u0119gnowa\u0107 cer\u0119 wiosn\u0105 i latem?","datePublished":"2024-05-21T08:47:43+00:00","dateModified":"2024-05-21T08:47:43+00:00","mainEntityOfPage":{"@id":"https:\/\/darzdrowia.pl\/ciekawostki\/peeling-do-twarzy-a-sezonowe-problemy-skorne-jak-pielegnowac-cere-wiosna-i-latem\/"},"wordCount":1099,"publisher":{"@id":"https:\/\/darzdrowia.pl\/ciekawostki\/#organization"},"inLanguage":"pl-PL"},{"@type":"WebPage","@id":"https:\/\/darzdrowia.pl\/ciekawostki\/peeling-do-twarzy-a-sezonowe-problemy-skorne-jak-pielegnowac-cere-wiosna-i-latem\/","url":"https:\/\/darzdrowia.pl\/ciekawostki\/peeling-do-twarzy-a-sezonowe-problemy-skorne-jak-pielegnowac-cere-wiosna-i-latem\/","name":"Peeling do twarzy a sezonowe problemy sk\u00f3rne: Jak piel\u0119gnowa\u0107 cer\u0119 wiosn\u0105 i latem?","isPartOf":{"@id":"https:\/\/darzdrowia.pl\/ciekawostki\/#website"},"datePublished":"2024-05-21T08:47:43+00:00","dateModified":"2024-05-21T08:47:43+00:00","description":"Zapomnij o problemach sk\u00f3rnych wiosn\u0105 i latem! Odkryj tajemnic\u0119 pi\u0119knej cery dzi\u0119ki naszemu peelingowi do twarzy. Dowiedz si\u0119, jak piel\u0119gnowa\u0107 sk\u00f3r\u0119 w sezonie letnim i cieszy\u0107 si\u0119 promiennym wygl\u0105dem. Sprawd\u017a ju\u017c teraz!","breadcrumb":{"@id":"https:\/\/darzdrowia.pl\/ciekawostki\/peeling-do-twarzy-a-sezonowe-problemy-skorne-jak-pielegnowac-cere-wiosna-i-latem\/#breadcrumb"},"inLanguage":"pl-PL","potentialAction":[{"@type":"ReadAction","target":["https:\/\/darzdrowia.pl\/ciekawostki\/peeling-do-twarzy-a-sezonowe-problemy-skorne-jak-pielegnowac-cere-wiosna-i-latem\/"]}]},{"@type":"BreadcrumbList","@id":"https:\/\/darzdrowia.pl\/ciekawostki\/peeling-do-twarzy-a-sezonowe-problemy-skorne-jak-pielegnowac-cere-wiosna-i-latem\/#breadcrumb","itemListElement":[{"@type":"ListItem","position":1,"name":"Strona g\u0142\u00f3wna","item":"https:\/\/darzdrowia.pl\/ciekawostki\/"},{"@type":"ListItem","position":2,"name":"Peeling do twarzy a sezonowe problemy sk\u00f3rne: Jak piel\u0119gnowa\u0107 cer\u0119 wiosn\u0105 i latem?"}]},{"@type":"WebSite","@id":"https:\/\/darzdrowia.pl\/ciekawostki\/#website","url":"https:\/\/darzdrowia.pl\/ciekawostki\/","name":"Dar Zdrowia Drogeria - Blog","description":"","publisher":{"@id":"https:\/\/darzdrowia.pl\/ciekawostki\/#organization"},"potentialAction":[{"@type":"SearchAction","target":{"@type":"EntryPoint","urlTemplate":"https:\/\/darzdrowia.pl\/ciekawostki\/?s={search_term_string}"},"query-input":"required name=search_term_string"}],"inLanguage":"pl-PL"},{"@type":"Organization","@id":"https:\/\/darzdrowia.pl\/ciekawostki\/#organization","name":"Dar Zdrowia Drogeria - Blog","url":"https:\/\/darzdrowia.pl\/ciekawostki\/","logo":{"@type":"ImageObject","inLanguage":"pl-PL","@id":"https:\/\/darzdrowia.pl\/ciekawostki\/#\/schema\/logo\/image\/","url":"https:\/\/darzdrowia.pl\/ciekawostki\/wp-content\/uploads\/2023\/11\/logo-darzdrowia.webp","contentUrl":"https:\/\/darzdrowia.pl\/ciekawostki\/wp-content\/uploads\/2023\/11\/logo-darzdrowia.webp","width":744,"height":225,"caption":"Dar Zdrowia Drogeria - Blog"},"image":{"@id":"https:\/\/darzdrowia.pl\/ciekawostki\/#\/schema\/logo\/image\/"},"sameAs":["https:\/\/www.facebook.com\/profile.php?id=100063606935396"]},{"@type":"Person","@id":"https:\/\/darzdrowia.pl\/ciekawostki\/#\/schema\/person\/e75579d624630bf943ac69d374bb928e","name":"funkymedia","image":{"@type":"ImageObject","inLanguage":"pl-PL","@id":"https:\/\/darzdrowia.pl\/ciekawostki\/#\/schema\/person\/image\/","url":"https:\/\/secure.gravatar.com\/avatar\/393cb205b658aef6e3271ad5a92265e3e4433d2384bbe95524ba160d5bc20299?s=96&d=mm&r=g","contentUrl":"https:\/\/secure.gravatar.com\/avatar\/393cb205b658aef6e3271ad5a92265e3e4433d2384bbe95524ba160d5bc20299?s=96&d=mm&r=g","caption":"funkymedia"},"sameAs":["https:\/\/darzdrowia.pl\/ciekawostki"],"url":"https:\/\/darzdrowia.pl\/ciekawostki\/author\/funkymedia\/"}]}},"_links":{"self":[{"href":"https:\/\/darzdrowia.pl\/ciekawostki\/wp-json\/wp\/v2\/posts\/3155","targetHints":{"allow":["GET"]}}],"collection":[{"href":"https:\/\/darzdrowia.pl\/ciekawostki\/wp-json\/wp\/v2\/posts"}],"about":[{"href":"https:\/\/darzdrowia.pl\/ciekawostki\/wp-json\/wp\/v2\/types\/post"}],"author":[{"embeddable":true,"href":"https:\/\/darzdrowia.pl\/ciekawostki\/wp-json\/wp\/v2\/users\/1"}],"replies":[{"embeddable":true,"href":"https:\/\/darzdrowia.pl\/ciekawostki\/wp-json\/wp\/v2\/comments?post=3155"}],"version-history":[{"count":0,"href":"https:\/\/darzdrowia.pl\/ciekawostki\/wp-json\/wp\/v2\/posts\/3155\/revisions"}],"wp:attachment":[{"href":"https:\/\/darzdrowia.pl\/ciekawostki\/wp-json\/wp\/v2\/media?parent=3155"}],"wp:term":[{"taxonomy":"category","embeddable":true,"href":"https:\/\/darzdrowia.pl\/ciekawostki\/wp-json\/wp\/v2\/categories?post=3155"},{"taxonomy":"post_tag","embeddable":true,"href":"https:\/\/darzdrowia.pl\/ciekawostki\/wp-json\/wp\/v2\/tags?post=3155"}],"curies":[{"name":"wp","href":"https:\/\/api.w.org\/{rel}","templated":true}]}}