{"id":2996,"date":"2024-04-19T15:01:51","date_gmt":"2024-04-19T13:01:51","guid":{"rendered":"https:\/\/darzdrowia.pl\/ciekawostki\/jak-zabezpieczyc-skore-przed-szkodliwym-dzialaniem-promieni-uv\/"},"modified":"2024-04-19T15:01:51","modified_gmt":"2024-04-19T13:01:51","slug":"jak-zabezpieczyc-skore-przed-szkodliwym-dzialaniem-promieni-uv","status":"publish","type":"post","link":"https:\/\/darzdrowia.pl\/ciekawostki\/jak-zabezpieczyc-skore-przed-szkodliwym-dzialaniem-promieni-uv\/","title":{"rendered":"Jak zabezpieczy\u0107 sk\u00f3r\u0119 przed szkodliwym dzia\u0142aniem promieni UV?"},"content":{"rendered":"\n<p>Promienie UV s\u0105 jednym z najwi\u0119kszych wrog\u00f3w naszej sk\u00f3ry. Mog\u0105 powodowa\u0107 wiele szk\u00f3d, takich jak przyspieszone starzenie si\u0119 sk\u00f3ry, zmiany barwnikowe czy nawet raka sk\u00f3ry. Dlatego tak wa\u017cne jest odpowiednie zabezpieczenie naszej sk\u00f3ry przed ich szkodliwym dzia\u0142aniem. W tym artykule dowiesz si\u0119, jakie kroki mo\u017cesz podj\u0105\u0107, aby chroni\u0107 swoj\u0105 sk\u00f3r\u0119 przed promieniami UV i cieszy\u0107 si\u0119 zdrowym i pi\u0119knym wygl\u0105dem przez d\u0142ugi czas.<\/p>\n\n\n\n<h2 class=\"wp-block-heading\">Sposoby na naturaln\u0105 ochron\u0119 sk\u00f3ry przed promieniowaniem UV<\/h2>\n\n\n\n<p>Promieniowanie UV jest szkodliwe dla naszej sk\u00f3ry i mo\u017ce prowadzi\u0107 do powa\u017cnych problem\u00f3w zdrowotnych, takich jak poparzenia s\u0142oneczne, przedwczesne starzenie si\u0119 sk\u00f3ry czy nawet rak sk\u00f3ry. Dlatego wa\u017cne jest, aby chroni\u0107 swoj\u0105 sk\u00f3r\u0119 przed tym promieniowaniem. Istnieje wiele naturalnych sposob\u00f3w na ochron\u0119 sk\u00f3ry przed promieniowaniem UV, kt\u00f3re s\u0105 bezpieczne i skuteczne.<\/p>\n\n\n\n<p>Po pierwsze, nale\u017cy unika\u0107 ekspozycji na s\u0142o\u0144ce w godzinach najwi\u0119kszego nasilenia promieniowania UV, czyli mi\u0119dzy 10 a 16. W tym czasie lepiej pozosta\u0107 w cieniu lub w pomieszczeniu.<\/p>\n\n\n\n<p>Kolejnym sposobem jest noszenie odpowiedniego ubrania, kt\u00f3re b\u0119dzie chroni\u0107 nasz\u0105 sk\u00f3r\u0119 przed s\u0142o\u0144cem. Najlepiej wybiera\u0107 lu\u017ane i lekkie tkaniny o ciemnym kolorze oraz d\u0142ugie r\u0119kawy i spodnie.<\/p>\n\n\n\n<p>Nie zapominajmy r\u00f3wnie\u017c o nakryciu g\u0142owy \u2013 kapelusz z szerokim rondem lub chusta mog\u0105 zapewni\u0107 dodatkow\u0105 ochron\u0119 dla twarzy i szyi.<\/p>\n\n\n\n<p>Wa\u017cn\u0105 rol\u0119 w naturalnej ochronie sk\u00f3ry przed promieniowaniem UV odgrywa tak\u017ce odpowiedni\u0105 piel\u0119gnacja. Nale\u017cy regularnie stosowa\u0107 kremy z filtrem przeciws\u0142onecznym o wysokim SPF oraz nawil\u017caj\u0105ce balsamy po opalaniu.<\/p>\n\n\n\n<p>Warto r\u00f3wnie\u017c pami\u0119ta\u0107 o odpowiednim nawodnieniu organizmu, poniewa\u017c woda pomaga w utrzymaniu elastyczno\u015bci sk\u00f3ry i zapobiega jej przesuszeniu.<\/p>\n\n\n\n<p>Podsumowuj\u0105c, naturalna ochrona sk\u00f3ry przed promieniowaniem UV wymaga unikania s\u0142o\u0144ca w godzinach najwi\u0119kszego nasilenia, noszenia odpowiedniego ubrania i nakrycia g\u0142owy oraz regularnej piel\u0119gnacji i nawodnienia sk\u00f3ry. Dzi\u0119ki tym prostym sposobom mo\u017cemy cieszy\u0107 si\u0119 pi\u0119kn\u0105 i zdrow\u0105 sk\u00f3r\u0105 przez ca\u0142y rok.<\/p>\n\n\n\n<h2 class=\"wp-block-heading\">Wyb\u00f3r odpowiedniego kremu z filtrem UV &#8211; jakie sk\u0142adniki s\u0105 najwa\u017cniejsze?<\/h2>\n\n\n\n<p>Wybieraj\u0105c krem z filtrem UV, nale\u017cy zwr\u00f3ci\u0107 uwag\u0119 na kilka kluczowych sk\u0142adnik\u00f3w. Przede wszystkim powinien on zawiera\u0107 filtr UV o wysokim wsp\u00f3\u0142czynniku ochrony, najlepiej SPF 30 lub wy\u017cszy. Wa\u017cne jest r\u00f3wnie\u017c, aby krem by\u0142 wodoodporny oraz chroni\u0142 zar\u00f3wno przed promieniowaniem UVA, jak i UVB. Dodatkowo, warto szuka\u0107 produkt\u00f3w zawieraj\u0105cych antyoksydanty, takie jak witamina C czy E, kt\u00f3re pomagaj\u0105 w walce z wolnymi rodnikami i zapobiegaj\u0105 starzeniu si\u0119 sk\u00f3ry. Inne korzystne sk\u0142adniki to np. kwas hialuronowy czy ekstrakty ro\u015blinne, kt\u00f3re nawil\u017caj\u0105 i od\u017cywiaj\u0105 sk\u00f3r\u0119. Pami\u0119tajmy r\u00f3wnie\u017c o regularnym nak\u0142adaniu kremu z filtrem UV przez ca\u0142y dzie\u0144, szczeg\u00f3lnie w okresie letnim i podczas przebywania na s\u0142o\u0144cu.<\/p>\n\n\n\n<h2 class=\"wp-block-heading\">Jak unikn\u0105\u0107 poparze\u0144 s\u0142onecznych i przyspieszonego starzenia si\u0119 sk\u00f3ry latem?<\/h2>\n\n\n\n<p>Aby unikn\u0105\u0107 poparze\u0144 s\u0142onecznych i przyspieszonego starzenia si\u0119 sk\u00f3ry latem, nale\u017cy przestrzega\u0107 kilku wa\u017cnych zasad. Po pierwsze, unikaj przebywania na s\u0142o\u0144cu w godzinach najwi\u0119kszego nas\u0142onecznienia, czyli mi\u0119dzy 10 a 16. W tym czasie promieniowanie UV jest najintensywniejsze i najbardziej szkodliwe dla sk\u00f3ry.<\/p>\n\n\n\n<p>Po drugie, pami\u0119taj o regularnym stosowaniu krem\u00f3w z filtrem UV o odpowiednim wsp\u00f3\u0142czynniku ochrony (SPF). Nak\u0142adaj je co 2-3 godziny, szczeg\u00f3lnie po k\u0105pieli lub poceniu si\u0119.<\/p>\n\n\n\n<p>Po trzecie, noszenie nakrycia g\u0142owy oraz lekkiej odzie\u017cy z d\u0142ugim r\u0119kawem i nogawkami mo\u017ce dodatkowo chroni\u0107 sk\u00f3r\u0119 przed promieniowaniem UV.<\/p>\n\n\n\n<p>Wa\u017cne jest r\u00f3wnie\u017c picie odpowiedniej ilo\u015bci wody, aby utrzyma\u0107 odpowiednie nawodnienie organizmu i sk\u00f3ry. Unikaj te\u017c solarium oraz opalania bez krem\u00f3w z filtrem.<\/p>\n\n\n\n<p>Pami\u0119taj, \u017ce promieniowanie UV jest szkodliwe nie tylko latem, ale tak\u017ce w innych porach roku. Dlatego warto stosowa\u0107 si\u0119 do tych zasad przez ca\u0142y rok, aby zachowa\u0107 zdrow\u0105 i pi\u0119kn\u0105 sk\u00f3r\u0119 na d\u0142u\u017cej.<\/p>\n\n\n\n<p>Aby zabezpieczy\u0107 sk\u00f3r\u0119 przed szkodliwym dzia\u0142aniem promieni UV, nale\u017cy przestrzega\u0107 kilku wa\u017cnych zasad. Po pierwsze, nale\u017cy unika\u0107 przebywania na s\u0142o\u0144cu w godzinach najwi\u0119kszego nas\u0142onecznienia, czyli od 10:00 do 16:00. W tym czasie promienie UV s\u0105 najbardziej intensywne i mog\u0105 powodowa\u0107 powa\u017cne uszkodzenia sk\u00f3ry. Po drugie, nale\u017cy stosowa\u0107 kremy z filtrem UV o odpowiednim wsp\u00f3\u0142czynniku ochrony (SPF), kt\u00f3re chroni\u0105 sk\u00f3r\u0119 przed promieniowaniem UVA i UVB. Wa\u017cne jest r\u00f3wnie\u017c regularne nak\u0142adanie kremu co 2-3 godziny oraz po ka\u017cdym kontakcie ze wod\u0105 lub poceniem si\u0119. Dodatkowo, warto nosi\u0107 ubrania ochronne, takie jak kapelusz z szerokim rondem i lekkie, przewiewne tkaniny. W przypadku d\u0142u\u017cszego przebywania na s\u0142o\u0144cu, warto r\u00f3wnie\u017c u\u017cywa\u0107 parasola lub szukac cienia. Pami\u0119tajmy tak\u017ce o nawadnianiu organizmu poprzez picie odpowiedniej ilo\u015bci wody. Dzi\u0119ki tym prostym dzia\u0142aniom mo\u017cemy skutecznie chroni\u0107 nasz\u0105 sk\u00f3r\u0119 przed szkodliwym dzia\u0142aniem promieni UV i cieszy\u0107 si\u0119 zdrow\u0105 i pi\u0119kn\u0105 cer\u0105 przez d\u0142ugi czas.<\/p>\n","protected":false},"excerpt":{"rendered":"<p>Promienie UV s\u0105 jednym z najwi\u0119kszych wrog\u00f3w naszej sk\u00f3ry. Mog\u0105 powodowa\u0107 wiele szk\u00f3d, takich jak przyspieszone starzenie si\u0119 sk\u00f3ry, zmiany barwnikowe czy nawet raka sk\u00f3ry. Dlatego tak wa\u017cne jest odpowiednie zabezpieczenie naszej sk\u00f3ry przed ich szkodliwym dzia\u0142aniem. W tym artykule dowiesz si\u0119, jakie kroki mo\u017cesz podj\u0105\u0107, aby chroni\u0107 swoj\u0105 sk\u00f3r\u0119 przed promieniami UV i cieszy\u0107 [&hellip;]<\/p>\n","protected":false},"author":1,"featured_media":0,"comment_status":"","ping_status":"open","sticky":false,"template":"","format":"standard","meta":{"footnotes":""},"categories":[1],"tags":[],"class_list":["post-2996","post","type-post","status-publish","format-standard","hentry","category-bez-kategorii"],"fm_meta_title":"Jak zabezpieczy\u0107 sk\u00f3r\u0119 przed szkodliwym dzia\u0142aniem promieni UV?","fm_meta_description":"Chcesz cieszy\u0107 si\u0119 pi\u0119kn\u0105 i zdrow\u0105 sk\u00f3r\u0105 przez ca\u0142y rok? Dowiedz si\u0119, jak skutecznie chroni\u0107 j\u0105 przed szkodliwym wp\u0142ywem promieni UV! Sprawd\u017a nasze porady i zabezpiecz swoj\u0105 sk\u00f3r\u0119 ju\u017c teraz!","yoast_head":"<!-- This site is optimized with the Yoast SEO plugin v21.5 - https:\/\/yoast.com\/wordpress\/plugins\/seo\/ -->\n<title>Jak zabezpieczy\u0107 sk\u00f3r\u0119 przed szkodliwym dzia\u0142aniem promieni UV?<\/title>\n<meta name=\"description\" content=\"Chcesz cieszy\u0107 si\u0119 pi\u0119kn\u0105 i zdrow\u0105 sk\u00f3r\u0105 przez ca\u0142y rok? Dowiedz si\u0119, jak skutecznie chroni\u0107 j\u0105 przed szkodliwym wp\u0142ywem promieni UV! Sprawd\u017a nasze porady i zabezpiecz swoj\u0105 sk\u00f3r\u0119 ju\u017c teraz!\" \/>\n<meta name=\"robots\" content=\"index, follow, max-snippet:-1, max-image-preview:large, max-video-preview:-1\" \/>\n<link rel=\"canonical\" href=\"https:\/\/darzdrowia.pl\/ciekawostki\/jak-zabezpieczyc-skore-przed-szkodliwym-dzialaniem-promieni-uv\/\" \/>\n<meta property=\"og:locale\" content=\"pl_PL\" \/>\n<meta property=\"og:type\" content=\"article\" \/>\n<meta property=\"og:title\" content=\"Jak zabezpieczy\u0107 sk\u00f3r\u0119 przed szkodliwym dzia\u0142aniem promieni UV?\" \/>\n<meta property=\"og:description\" content=\"Chcesz cieszy\u0107 si\u0119 pi\u0119kn\u0105 i zdrow\u0105 sk\u00f3r\u0105 przez ca\u0142y rok? Dowiedz si\u0119, jak skutecznie chroni\u0107 j\u0105 przed szkodliwym wp\u0142ywem promieni UV! Sprawd\u017a nasze porady i zabezpiecz swoj\u0105 sk\u00f3r\u0119 ju\u017c teraz!\" \/>\n<meta property=\"og:url\" content=\"https:\/\/darzdrowia.pl\/ciekawostki\/jak-zabezpieczyc-skore-przed-szkodliwym-dzialaniem-promieni-uv\/\" \/>\n<meta property=\"og:site_name\" content=\"Dar Zdrowia Drogeria - Blog\" \/>\n<meta property=\"article:publisher\" content=\"https:\/\/www.facebook.com\/profile.php?id=100063606935396\" \/>\n<meta property=\"article:published_time\" content=\"2024-04-19T13:01:51+00:00\" \/>\n<meta name=\"author\" content=\"funkymedia\" \/>\n<meta name=\"twitter:card\" content=\"summary_large_image\" \/>\n<meta name=\"twitter:label1\" content=\"Napisane przez\" \/>\n\t<meta name=\"twitter:data1\" content=\"funkymedia\" \/>\n\t<meta name=\"twitter:label2\" content=\"Szacowany czas czytania\" \/>\n\t<meta name=\"twitter:data2\" content=\"4 minuty\" \/>\n<script type=\"application\/ld+json\" class=\"yoast-schema-graph\">{\"@context\":\"https:\/\/schema.org\",\"@graph\":[{\"@type\":\"Article\",\"@id\":\"https:\/\/darzdrowia.pl\/ciekawostki\/jak-zabezpieczyc-skore-przed-szkodliwym-dzialaniem-promieni-uv\/#article\",\"isPartOf\":{\"@id\":\"https:\/\/darzdrowia.pl\/ciekawostki\/jak-zabezpieczyc-skore-przed-szkodliwym-dzialaniem-promieni-uv\/\"},\"author\":{\"name\":\"funkymedia\",\"@id\":\"https:\/\/darzdrowia.pl\/ciekawostki\/#\/schema\/person\/e75579d624630bf943ac69d374bb928e\"},\"headline\":\"Jak zabezpieczy\u0107 sk\u00f3r\u0119 przed szkodliwym dzia\u0142aniem promieni UV?\",\"datePublished\":\"2024-04-19T13:01:51+00:00\",\"dateModified\":\"2024-04-19T13:01:51+00:00\",\"mainEntityOfPage\":{\"@id\":\"https:\/\/darzdrowia.pl\/ciekawostki\/jak-zabezpieczyc-skore-przed-szkodliwym-dzialaniem-promieni-uv\/\"},\"wordCount\":867,\"publisher\":{\"@id\":\"https:\/\/darzdrowia.pl\/ciekawostki\/#organization\"},\"inLanguage\":\"pl-PL\"},{\"@type\":\"WebPage\",\"@id\":\"https:\/\/darzdrowia.pl\/ciekawostki\/jak-zabezpieczyc-skore-przed-szkodliwym-dzialaniem-promieni-uv\/\",\"url\":\"https:\/\/darzdrowia.pl\/ciekawostki\/jak-zabezpieczyc-skore-przed-szkodliwym-dzialaniem-promieni-uv\/\",\"name\":\"Jak zabezpieczy\u0107 sk\u00f3r\u0119 przed szkodliwym dzia\u0142aniem promieni UV?\",\"isPartOf\":{\"@id\":\"https:\/\/darzdrowia.pl\/ciekawostki\/#website\"},\"datePublished\":\"2024-04-19T13:01:51+00:00\",\"dateModified\":\"2024-04-19T13:01:51+00:00\",\"description\":\"Chcesz cieszy\u0107 si\u0119 pi\u0119kn\u0105 i zdrow\u0105 sk\u00f3r\u0105 przez ca\u0142y rok? Dowiedz si\u0119, jak skutecznie chroni\u0107 j\u0105 przed szkodliwym wp\u0142ywem promieni UV! Sprawd\u017a nasze porady i zabezpiecz swoj\u0105 sk\u00f3r\u0119 ju\u017c teraz!\",\"breadcrumb\":{\"@id\":\"https:\/\/darzdrowia.pl\/ciekawostki\/jak-zabezpieczyc-skore-przed-szkodliwym-dzialaniem-promieni-uv\/#breadcrumb\"},\"inLanguage\":\"pl-PL\",\"potentialAction\":[{\"@type\":\"ReadAction\",\"target\":[\"https:\/\/darzdrowia.pl\/ciekawostki\/jak-zabezpieczyc-skore-przed-szkodliwym-dzialaniem-promieni-uv\/\"]}]},{\"@type\":\"BreadcrumbList\",\"@id\":\"https:\/\/darzdrowia.pl\/ciekawostki\/jak-zabezpieczyc-skore-przed-szkodliwym-dzialaniem-promieni-uv\/#breadcrumb\",\"itemListElement\":[{\"@type\":\"ListItem\",\"position\":1,\"name\":\"Strona g\u0142\u00f3wna\",\"item\":\"https:\/\/darzdrowia.pl\/ciekawostki\/\"},{\"@type\":\"ListItem\",\"position\":2,\"name\":\"Jak zabezpieczy\u0107 sk\u00f3r\u0119 przed szkodliwym dzia\u0142aniem promieni UV?\"}]},{\"@type\":\"WebSite\",\"@id\":\"https:\/\/darzdrowia.pl\/ciekawostki\/#website\",\"url\":\"https:\/\/darzdrowia.pl\/ciekawostki\/\",\"name\":\"Dar Zdrowia Drogeria - Blog\",\"description\":\"\",\"publisher\":{\"@id\":\"https:\/\/darzdrowia.pl\/ciekawostki\/#organization\"},\"potentialAction\":[{\"@type\":\"SearchAction\",\"target\":{\"@type\":\"EntryPoint\",\"urlTemplate\":\"https:\/\/darzdrowia.pl\/ciekawostki\/?s={search_term_string}\"},\"query-input\":\"required name=search_term_string\"}],\"inLanguage\":\"pl-PL\"},{\"@type\":\"Organization\",\"@id\":\"https:\/\/darzdrowia.pl\/ciekawostki\/#organization\",\"name\":\"Dar Zdrowia Drogeria - Blog\",\"url\":\"https:\/\/darzdrowia.pl\/ciekawostki\/\",\"logo\":{\"@type\":\"ImageObject\",\"inLanguage\":\"pl-PL\",\"@id\":\"https:\/\/darzdrowia.pl\/ciekawostki\/#\/schema\/logo\/image\/\",\"url\":\"https:\/\/darzdrowia.pl\/ciekawostki\/wp-content\/uploads\/2023\/11\/logo-darzdrowia.webp\",\"contentUrl\":\"https:\/\/darzdrowia.pl\/ciekawostki\/wp-content\/uploads\/2023\/11\/logo-darzdrowia.webp\",\"width\":744,\"height\":225,\"caption\":\"Dar Zdrowia Drogeria - Blog\"},\"image\":{\"@id\":\"https:\/\/darzdrowia.pl\/ciekawostki\/#\/schema\/logo\/image\/\"},\"sameAs\":[\"https:\/\/www.facebook.com\/profile.php?id=100063606935396\"]},{\"@type\":\"Person\",\"@id\":\"https:\/\/darzdrowia.pl\/ciekawostki\/#\/schema\/person\/e75579d624630bf943ac69d374bb928e\",\"name\":\"funkymedia\",\"image\":{\"@type\":\"ImageObject\",\"inLanguage\":\"pl-PL\",\"@id\":\"https:\/\/darzdrowia.pl\/ciekawostki\/#\/schema\/person\/image\/\",\"url\":\"https:\/\/secure.gravatar.com\/avatar\/393cb205b658aef6e3271ad5a92265e3e4433d2384bbe95524ba160d5bc20299?s=96&d=mm&r=g\",\"contentUrl\":\"https:\/\/secure.gravatar.com\/avatar\/393cb205b658aef6e3271ad5a92265e3e4433d2384bbe95524ba160d5bc20299?s=96&d=mm&r=g\",\"caption\":\"funkymedia\"},\"sameAs\":[\"https:\/\/darzdrowia.pl\/ciekawostki\"],\"url\":\"https:\/\/darzdrowia.pl\/ciekawostki\/author\/funkymedia\/\"}]}<\/script>\n<!-- \/ Yoast SEO plugin. -->","yoast_head_json":{"title":"Jak zabezpieczy\u0107 sk\u00f3r\u0119 przed szkodliwym dzia\u0142aniem promieni UV?","description":"Chcesz cieszy\u0107 si\u0119 pi\u0119kn\u0105 i zdrow\u0105 sk\u00f3r\u0105 przez ca\u0142y rok? Dowiedz si\u0119, jak skutecznie chroni\u0107 j\u0105 przed szkodliwym wp\u0142ywem promieni UV! Sprawd\u017a nasze porady i zabezpiecz swoj\u0105 sk\u00f3r\u0119 ju\u017c teraz!","robots":{"index":"index","follow":"follow","max-snippet":"max-snippet:-1","max-image-preview":"max-image-preview:large","max-video-preview":"max-video-preview:-1"},"canonical":"https:\/\/darzdrowia.pl\/ciekawostki\/jak-zabezpieczyc-skore-przed-szkodliwym-dzialaniem-promieni-uv\/","og_locale":"pl_PL","og_type":"article","og_title":"Jak zabezpieczy\u0107 sk\u00f3r\u0119 przed szkodliwym dzia\u0142aniem promieni UV?","og_description":"Chcesz cieszy\u0107 si\u0119 pi\u0119kn\u0105 i zdrow\u0105 sk\u00f3r\u0105 przez ca\u0142y rok? Dowiedz si\u0119, jak skutecznie chroni\u0107 j\u0105 przed szkodliwym wp\u0142ywem promieni UV! Sprawd\u017a nasze porady i zabezpiecz swoj\u0105 sk\u00f3r\u0119 ju\u017c teraz!","og_url":"https:\/\/darzdrowia.pl\/ciekawostki\/jak-zabezpieczyc-skore-przed-szkodliwym-dzialaniem-promieni-uv\/","og_site_name":"Dar Zdrowia Drogeria - Blog","article_publisher":"https:\/\/www.facebook.com\/profile.php?id=100063606935396","article_published_time":"2024-04-19T13:01:51+00:00","author":"funkymedia","twitter_card":"summary_large_image","twitter_misc":{"Napisane przez":"funkymedia","Szacowany czas czytania":"4 minuty"},"schema":{"@context":"https:\/\/schema.org","@graph":[{"@type":"Article","@id":"https:\/\/darzdrowia.pl\/ciekawostki\/jak-zabezpieczyc-skore-przed-szkodliwym-dzialaniem-promieni-uv\/#article","isPartOf":{"@id":"https:\/\/darzdrowia.pl\/ciekawostki\/jak-zabezpieczyc-skore-przed-szkodliwym-dzialaniem-promieni-uv\/"},"author":{"name":"funkymedia","@id":"https:\/\/darzdrowia.pl\/ciekawostki\/#\/schema\/person\/e75579d624630bf943ac69d374bb928e"},"headline":"Jak zabezpieczy\u0107 sk\u00f3r\u0119 przed szkodliwym dzia\u0142aniem promieni UV?","datePublished":"2024-04-19T13:01:51+00:00","dateModified":"2024-04-19T13:01:51+00:00","mainEntityOfPage":{"@id":"https:\/\/darzdrowia.pl\/ciekawostki\/jak-zabezpieczyc-skore-przed-szkodliwym-dzialaniem-promieni-uv\/"},"wordCount":867,"publisher":{"@id":"https:\/\/darzdrowia.pl\/ciekawostki\/#organization"},"inLanguage":"pl-PL"},{"@type":"WebPage","@id":"https:\/\/darzdrowia.pl\/ciekawostki\/jak-zabezpieczyc-skore-przed-szkodliwym-dzialaniem-promieni-uv\/","url":"https:\/\/darzdrowia.pl\/ciekawostki\/jak-zabezpieczyc-skore-przed-szkodliwym-dzialaniem-promieni-uv\/","name":"Jak zabezpieczy\u0107 sk\u00f3r\u0119 przed szkodliwym dzia\u0142aniem promieni UV?","isPartOf":{"@id":"https:\/\/darzdrowia.pl\/ciekawostki\/#website"},"datePublished":"2024-04-19T13:01:51+00:00","dateModified":"2024-04-19T13:01:51+00:00","description":"Chcesz cieszy\u0107 si\u0119 pi\u0119kn\u0105 i zdrow\u0105 sk\u00f3r\u0105 przez ca\u0142y rok? Dowiedz si\u0119, jak skutecznie chroni\u0107 j\u0105 przed szkodliwym wp\u0142ywem promieni UV! Sprawd\u017a nasze porady i zabezpiecz swoj\u0105 sk\u00f3r\u0119 ju\u017c teraz!","breadcrumb":{"@id":"https:\/\/darzdrowia.pl\/ciekawostki\/jak-zabezpieczyc-skore-przed-szkodliwym-dzialaniem-promieni-uv\/#breadcrumb"},"inLanguage":"pl-PL","potentialAction":[{"@type":"ReadAction","target":["https:\/\/darzdrowia.pl\/ciekawostki\/jak-zabezpieczyc-skore-przed-szkodliwym-dzialaniem-promieni-uv\/"]}]},{"@type":"BreadcrumbList","@id":"https:\/\/darzdrowia.pl\/ciekawostki\/jak-zabezpieczyc-skore-przed-szkodliwym-dzialaniem-promieni-uv\/#breadcrumb","itemListElement":[{"@type":"ListItem","position":1,"name":"Strona g\u0142\u00f3wna","item":"https:\/\/darzdrowia.pl\/ciekawostki\/"},{"@type":"ListItem","position":2,"name":"Jak zabezpieczy\u0107 sk\u00f3r\u0119 przed szkodliwym dzia\u0142aniem promieni UV?"}]},{"@type":"WebSite","@id":"https:\/\/darzdrowia.pl\/ciekawostki\/#website","url":"https:\/\/darzdrowia.pl\/ciekawostki\/","name":"Dar Zdrowia Drogeria - Blog","description":"","publisher":{"@id":"https:\/\/darzdrowia.pl\/ciekawostki\/#organization"},"potentialAction":[{"@type":"SearchAction","target":{"@type":"EntryPoint","urlTemplate":"https:\/\/darzdrowia.pl\/ciekawostki\/?s={search_term_string}"},"query-input":"required name=search_term_string"}],"inLanguage":"pl-PL"},{"@type":"Organization","@id":"https:\/\/darzdrowia.pl\/ciekawostki\/#organization","name":"Dar Zdrowia Drogeria - Blog","url":"https:\/\/darzdrowia.pl\/ciekawostki\/","logo":{"@type":"ImageObject","inLanguage":"pl-PL","@id":"https:\/\/darzdrowia.pl\/ciekawostki\/#\/schema\/logo\/image\/","url":"https:\/\/darzdrowia.pl\/ciekawostki\/wp-content\/uploads\/2023\/11\/logo-darzdrowia.webp","contentUrl":"https:\/\/darzdrowia.pl\/ciekawostki\/wp-content\/uploads\/2023\/11\/logo-darzdrowia.webp","width":744,"height":225,"caption":"Dar Zdrowia Drogeria - Blog"},"image":{"@id":"https:\/\/darzdrowia.pl\/ciekawostki\/#\/schema\/logo\/image\/"},"sameAs":["https:\/\/www.facebook.com\/profile.php?id=100063606935396"]},{"@type":"Person","@id":"https:\/\/darzdrowia.pl\/ciekawostki\/#\/schema\/person\/e75579d624630bf943ac69d374bb928e","name":"funkymedia","image":{"@type":"ImageObject","inLanguage":"pl-PL","@id":"https:\/\/darzdrowia.pl\/ciekawostki\/#\/schema\/person\/image\/","url":"https:\/\/secure.gravatar.com\/avatar\/393cb205b658aef6e3271ad5a92265e3e4433d2384bbe95524ba160d5bc20299?s=96&d=mm&r=g","contentUrl":"https:\/\/secure.gravatar.com\/avatar\/393cb205b658aef6e3271ad5a92265e3e4433d2384bbe95524ba160d5bc20299?s=96&d=mm&r=g","caption":"funkymedia"},"sameAs":["https:\/\/darzdrowia.pl\/ciekawostki"],"url":"https:\/\/darzdrowia.pl\/ciekawostki\/author\/funkymedia\/"}]}},"_links":{"self":[{"href":"https:\/\/darzdrowia.pl\/ciekawostki\/wp-json\/wp\/v2\/posts\/2996","targetHints":{"allow":["GET"]}}],"collection":[{"href":"https:\/\/darzdrowia.pl\/ciekawostki\/wp-json\/wp\/v2\/posts"}],"about":[{"href":"https:\/\/darzdrowia.pl\/ciekawostki\/wp-json\/wp\/v2\/types\/post"}],"author":[{"embeddable":true,"href":"https:\/\/darzdrowia.pl\/ciekawostki\/wp-json\/wp\/v2\/users\/1"}],"replies":[{"embeddable":true,"href":"https:\/\/darzdrowia.pl\/ciekawostki\/wp-json\/wp\/v2\/comments?post=2996"}],"version-history":[{"count":0,"href":"https:\/\/darzdrowia.pl\/ciekawostki\/wp-json\/wp\/v2\/posts\/2996\/revisions"}],"wp:attachment":[{"href":"https:\/\/darzdrowia.pl\/ciekawostki\/wp-json\/wp\/v2\/media?parent=2996"}],"wp:term":[{"taxonomy":"category","embeddable":true,"href":"https:\/\/darzdrowia.pl\/ciekawostki\/wp-json\/wp\/v2\/categories?post=2996"},{"taxonomy":"post_tag","embeddable":true,"href":"https:\/\/darzdrowia.pl\/ciekawostki\/wp-json\/wp\/v2\/tags?post=2996"}],"curies":[{"name":"wp","href":"https:\/\/api.w.org\/{rel}","templated":true}]}}