{"id":2954,"date":"2024-04-19T14:47:49","date_gmt":"2024-04-19T12:47:49","guid":{"rendered":"https:\/\/darzdrowia.pl\/ciekawostki\/jakie-kosmetyki-stosowac-w-pielegnacji-skory-mezczyzn-w-okresie-wiosenno-letnim\/"},"modified":"2024-04-19T14:47:49","modified_gmt":"2024-04-19T12:47:49","slug":"jakie-kosmetyki-stosowac-w-pielegnacji-skory-mezczyzn-w-okresie-wiosenno-letnim","status":"publish","type":"post","link":"https:\/\/darzdrowia.pl\/ciekawostki\/jakie-kosmetyki-stosowac-w-pielegnacji-skory-mezczyzn-w-okresie-wiosenno-letnim\/","title":{"rendered":"Jakie kosmetyki stosowa\u0107 w piel\u0119gnacji sk\u00f3ry m\u0119\u017cczyzn w okresie wiosenno-letnim?"},"content":{"rendered":"\n<p>Wiosna i lato to okres, w kt\u00f3rym nasza sk\u00f3ra potrzebuje szczeg\u00f3lnej uwagi i piel\u0119gnacji. Nie tylko kobiety, ale tak\u017ce m\u0119\u017cczy\u017ani powinni zadba\u0107 o swoj\u0105 sk\u00f3r\u0119, aby wygl\u0105da\u0142a zdrowo i promiennie. Wraz z nadej\u015bciem cieplejszych dni, nasza sk\u00f3ra jest nara\u017cona na dzia\u0142anie szkodliwych czynnik\u00f3w zewn\u0119trznych, takich jak promieniowanie UV czy wysoka temperatura. Dlatego te\u017c warto wiedzie\u0107, jakie kosmetyki stosowa\u0107 w piel\u0119gnacji sk\u00f3ry m\u0119\u017cczyzn w okresie wiosenno-letnim, aby zapewni\u0107 jej odpowiednie nawil\u017cenie, ochron\u0119 i regeneracj\u0119.<\/p>\n\n\n\n<h2 class=\"wp-block-heading\">5 niezb\u0119dnych kosmetyk\u00f3w do piel\u0119gnacji sk\u00f3ry m\u0119\u017cczyzn wiosn\u0105 i latem<\/h2>\n\n\n\n<p>1. Krem nawil\u017caj\u0105cy z filtrem UV &#8211; wiosn\u0105 i latem nasza sk\u00f3ra jest nara\u017cona na dzia\u0142anie promieni s\u0142onecznych, dlatego wa\u017cne jest stosowanie kremu z filtrem UV, kt\u00f3ry ochroni j\u0105 przed szkodliwym promieniowaniem.<\/p>\n\n\n\n<p>2. \u017bel do mycia twarzy &#8211; w cieplejszych miesi\u0105cach nasza sk\u00f3ra mo\u017ce by\u0107 bardziej t\u0142usta i podatna na zanieczyszczenia, dlatego warto regularnie u\u017cywa\u0107 \u017celu do mycia twarzy, kt\u00f3ry pomo\u017ce utrzyma\u0107 jej czysto\u015b\u0107 i \u015bwie\u017co\u015b\u0107.<\/p>\n\n\n\n<p>3. Krem pod oczy &#8211; delikatna sk\u00f3ra wok\u00f3\u0142 oczu wymaga szczeg\u00f3lnej piel\u0119gnacji, zw\u0142aszcza w okresie wiosenno-letnim, gdy jest ona nara\u017cona na dzia\u0142anie s\u0142o\u0144ca i wysokich temperatur. Krem pod oczy pomo\u017ce utrzyma\u0107 j\u0105 w dobrej kondycji.<\/p>\n\n\n\n<p>4. Peeling do twarzy &#8211; regularne usuwanie martwego nask\u00f3rka jest niezb\u0119dne dla zachowania zdrowej i g\u0142adkiej sk\u00f3ry. Wiosn\u0105 i latem szczeg\u00f3lnie wa\u017cne jest stosowanie peelingu, poniewa\u017c pomaga on pozby\u0107 si\u0119 zanieczyszcze\u0144 i nadmiaru sebum.<\/p>\n\n\n\n<p>5. Balsam po goleniu &#8211; cz\u0119ste golenie mo\u017ce podra\u017cnia\u0107 sk\u00f3r\u0119 m\u0119\u017cczyzn, dlatego warto si\u0119gn\u0105\u0107 po balsam po goleniu, kt\u00f3ry \u0142agodzi podra\u017cnienia i nawil\u017ca sk\u00f3r\u0119. Warto wybra\u0107 produkt z dodatkiem aloesu lub pantenolu, kt\u00f3re maj\u0105 dzia\u0142anie koj\u0105ce.<\/p>\n\n\n\n<h2 class=\"wp-block-heading\">Jakie sk\u0142adniki powinny zawiera\u0107 kosmetyki dla m\u0119\u017cczyzn na wiosn\u0119 i lato?<\/h2>\n\n\n\n<p>Kosmetyki dla m\u0119\u017cczyzn na wiosn\u0119 i lato powinny zawiera\u0107 sk\u0142adniki, kt\u00f3re pomog\u0105 utrzyma\u0107 sk\u00f3r\u0119 w dobrej kondycji w cieplejszych miesi\u0105cach. W\u015br\u00f3d nich powinny znale\u017a\u0107 si\u0119 lekkie kremy nawil\u017caj\u0105ce z filtrem UV, aby chroni\u0107 sk\u00f3r\u0119 przed szkodliwym promieniowaniem s\u0142onecznym. Wa\u017cne jest r\u00f3wnie\u017c stosowanie produkt\u00f3w z witamin\u0105 C, kt\u00f3ra dzia\u0142a przeciwutleniaj\u0105co i pomaga w walce z wolnymi rodnikami. Dodatkowo, kosmetyki dla m\u0119\u017cczyzn na wiosn\u0119 i lato powinny zawiera\u0107 substancje koj\u0105ce i \u0142agodz\u0105ce podra\u017cnienia po goleniu oraz od\u015bwie\u017caj\u0105ce zapachy, idealne na ciep\u0142e dni.<\/p>\n\n\n\n<h2 class=\"wp-block-heading\">Piel\u0119gnacja sk\u00f3ry m\u0119\u017cczyzn w okresie letnim &#8211; poradnik krok po kroku<\/h2>\n\n\n\n<p>Piel\u0119gnacja sk\u00f3ry m\u0119\u017cczyzn w okresie letnim jest wa\u017cnym elementem dbania o zdrowie i wygl\u0105d. Wraz z nadej\u015bciem ciep\u0142ych miesi\u0119cy, nasza sk\u00f3ra potrzebuje szczeg\u00f3lnej uwagi i ochrony przed szkodliwym dzia\u0142aniem promieni s\u0142onecznych oraz innych czynnik\u00f3w zewn\u0119trznych. Dlatego te\u017c przygotowali\u015bmy dla Pa\u0144stwa poradnik krok po kroku, kt\u00f3ry pomo\u017ce w utrzymaniu sk\u00f3ry w dobrej kondycji.<\/p>\n\n\n\n<p>Krok 1: Oczyszczanie<\/p>\n\n\n\n<p>Pierwszym krokiem w piel\u0119gnacji sk\u00f3ry jest jej dok\u0142adne oczyszczenie. W okresie letnim, gdy nasza sk\u00f3ra jest bardziej nara\u017cona na zanieczyszczenia, warto u\u017cywa\u0107 delikatnego \u017celu lub pianki do mycia twarzy. Unikajmy myd\u0142a, kt\u00f3re mo\u017ce przesuszy\u0107 sk\u00f3r\u0119.<\/p>\n\n\n\n<p>Krok 2: Nawil\u017canie<\/p>\n\n\n\n<p>Nast\u0119pnie nale\u017cy zadba\u0107 o odpowiednie nawil\u017cenie sk\u00f3ry. Wybierajmy lekkie kremy lub balsamy, kt\u00f3re nie b\u0119d\u0105 obci\u0105\u017ca\u0107 naszej sk\u00f3ry w upalne dni. Pami\u0119tajmy r\u00f3wnie\u017c o stosowaniu krem\u00f3w z filtrem UV, aby chroni\u0107 si\u0119 przed promieniami s\u0142onecznymi.<\/p>\n\n\n\n<p>Krok 3: Ochrona przed s\u0142o\u0144cem<\/p>\n\n\n\n<p>W okresie letnim szczeg\u00f3lnie wa\u017cna jest ochrona przed szkodliwym dzia\u0142aniem promieni s\u0142onecznych. Opr\u00f3cz stosowania krem\u00f3w z filtrem UV, warto r\u00f3wnie\u017c nosi\u0107 nakrycie g\u0142owy oraz unika\u0107 przebywania na s\u0142o\u0144cu w godzinach najwi\u0119kszego nasilenia.<\/p>\n\n\n\n<p>Krok 4: Regularne z\u0142uszczanie<\/p>\n\n\n\n<p>Aby pozby\u0107 si\u0119 martwego nask\u00f3rka i zapobiec powstawaniu zask\u00f3rnik\u00f3w, warto regularnie z\u0142uszcza\u0107 sk\u00f3r\u0119. Mo\u017cna to zrobi\u0107 za pomoc\u0105 peelingu lub specjalnego g\u0105beczki do mycia twarzy.<\/p>\n\n\n\n<p>Krok 5: Nawadnianie<\/p>\n\n\n\n<p>Pami\u0119tajmy o odpowiednim nawodnieniu organizmu, poniewa\u017c ma to wp\u0142yw na kondycj\u0119 naszej sk\u00f3ry. Wypijajmy odpowiedni\u0105 ilo\u015b\u0107 wody i unikajmy nadmiernego spo\u017cywania alkoholu oraz kawy, kt\u00f3re mog\u0105 przesuszy\u0107 sk\u00f3r\u0119.<\/p>\n\n\n\n<p>Krok 6: Zdrowy styl \u017cycia<\/p>\n\n\n\n<p>Warto pami\u0119ta\u0107, \u017ce piel\u0119gnacja sk\u00f3ry to nie tylko stosowanie odpowiednich kosmetyk\u00f3w, ale r\u00f3wnie\u017c zdrowy styl \u017cycia. Unikajmy palenia papieros\u00f3w oraz spo\u017cywania niezdrowych produkt\u00f3w, kt\u00f3re mog\u0105 negatywnie wp\u0142ywa\u0107 na wygl\u0105d naszej sk\u00f3ry.<\/p>\n\n\n\n<p>Podsumowuj\u0105c, piel\u0119gnacja sk\u00f3ry m\u0119\u017cczyzn w okresie letnim wymaga regularnego oczyszczania i nawil\u017cania, ochrony przed s\u0142o\u0144cem oraz zdrowego stylu \u017cycia. Pami\u0119tajmy o tych prostych krokach, aby cieszy\u0107 si\u0119 zdrow\u0105 i pi\u0119kn\u0105 sk\u00f3r\u0105 przez ca\u0142e lato.<\/p>\n\n\n\n<p>Podsumowuj\u0105c, w okresie wiosenno-letnim m\u0119\u017cczy\u017ani powinni zadba\u0107 o odpowiedni\u0105 piel\u0119gnacj\u0119 swojej sk\u00f3ry, kt\u00f3ra jest nara\u017cona na dzia\u0142anie promieni s\u0142onecznych, wysok\u0105 temperatur\u0119 i wilgo\u0107. Warto si\u0119gn\u0105\u0107 po lekkie kremy nawil\u017caj\u0105ce z filtrem UV, \u017ceby chroni\u0107 sk\u00f3r\u0119 przed szkodliwym promieniowaniem. Wa\u017cne jest tak\u017ce regularne oczyszczanie sk\u00f3ry z zanieczyszcze\u0144 i stosowanie toniku oraz kremu po goleniu. Warto r\u00f3wnie\u017c pami\u0119ta\u0107 o nawadnianiu organizmu poprzez picie odpowiedniej ilo\u015bci wody oraz unikanie nadmiernego spo\u017cywania alkoholu i palenia papieros\u00f3w. Dzi\u0119ki odpowiedniej piel\u0119gnacji sk\u00f3ra m\u0119\u017cczyzn b\u0119dzie zdrowa, nawil\u017cona i chroniona przed szkodliwymi czynnikami zewn\u0119trznymi.<\/p>\n","protected":false},"excerpt":{"rendered":"<p>Wiosna i lato to okres, w kt\u00f3rym nasza sk\u00f3ra potrzebuje szczeg\u00f3lnej uwagi i piel\u0119gnacji. Nie tylko kobiety, ale tak\u017ce m\u0119\u017cczy\u017ani powinni zadba\u0107 o swoj\u0105 sk\u00f3r\u0119, aby wygl\u0105da\u0142a zdrowo i promiennie. Wraz z nadej\u015bciem cieplejszych dni, nasza sk\u00f3ra jest nara\u017cona na dzia\u0142anie szkodliwych czynnik\u00f3w zewn\u0119trznych, takich jak promieniowanie UV czy wysoka temperatura. Dlatego te\u017c warto wiedzie\u0107, [&hellip;]<\/p>\n","protected":false},"author":1,"featured_media":0,"comment_status":"","ping_status":"open","sticky":false,"template":"","format":"standard","meta":{"footnotes":""},"categories":[1],"tags":[],"class_list":["post-2954","post","type-post","status-publish","format-standard","hentry","category-bez-kategorii"],"fm_meta_title":"Jakie kosmetyki stosowa\u0107 w piel\u0119gnacji sk\u00f3ry m\u0119\u017cczyzn w okresie wiosenno-letnim?","fm_meta_description":"Odkryj tajniki piel\u0119gnacji sk\u00f3ry m\u0119\u017cczyzn wiosn\u0105 i latem! Dowiedz si\u0119, jakie kosmetyki b\u0119d\u0105 idealne dla Twojej cery w tym sezonie. Zadbaj o swoj\u0105 sk\u00f3r\u0119 z nami!","yoast_head":"<!-- This site is optimized with the Yoast SEO plugin v21.5 - https:\/\/yoast.com\/wordpress\/plugins\/seo\/ -->\n<title>Jakie kosmetyki stosowa\u0107 w piel\u0119gnacji sk\u00f3ry m\u0119\u017cczyzn w okresie wiosenno-letnim?<\/title>\n<meta name=\"description\" content=\"Odkryj tajniki piel\u0119gnacji sk\u00f3ry m\u0119\u017cczyzn wiosn\u0105 i latem! Dowiedz si\u0119, jakie kosmetyki b\u0119d\u0105 idealne dla Twojej cery w tym sezonie. Zadbaj o swoj\u0105 sk\u00f3r\u0119 z nami!\" \/>\n<meta name=\"robots\" content=\"index, follow, max-snippet:-1, max-image-preview:large, max-video-preview:-1\" \/>\n<link rel=\"canonical\" href=\"https:\/\/darzdrowia.pl\/ciekawostki\/jakie-kosmetyki-stosowac-w-pielegnacji-skory-mezczyzn-w-okresie-wiosenno-letnim\/\" \/>\n<meta property=\"og:locale\" content=\"pl_PL\" \/>\n<meta property=\"og:type\" content=\"article\" \/>\n<meta property=\"og:title\" content=\"Jakie kosmetyki stosowa\u0107 w piel\u0119gnacji sk\u00f3ry m\u0119\u017cczyzn w okresie wiosenno-letnim?\" \/>\n<meta property=\"og:description\" content=\"Odkryj tajniki piel\u0119gnacji sk\u00f3ry m\u0119\u017cczyzn wiosn\u0105 i latem! Dowiedz si\u0119, jakie kosmetyki b\u0119d\u0105 idealne dla Twojej cery w tym sezonie. Zadbaj o swoj\u0105 sk\u00f3r\u0119 z nami!\" \/>\n<meta property=\"og:url\" content=\"https:\/\/darzdrowia.pl\/ciekawostki\/jakie-kosmetyki-stosowac-w-pielegnacji-skory-mezczyzn-w-okresie-wiosenno-letnim\/\" \/>\n<meta property=\"og:site_name\" content=\"Dar Zdrowia Drogeria - Blog\" \/>\n<meta property=\"article:publisher\" content=\"https:\/\/www.facebook.com\/profile.php?id=100063606935396\" \/>\n<meta property=\"article:published_time\" content=\"2024-04-19T12:47:49+00:00\" \/>\n<meta name=\"author\" content=\"funkymedia\" \/>\n<meta name=\"twitter:card\" content=\"summary_large_image\" \/>\n<meta name=\"twitter:label1\" content=\"Napisane przez\" \/>\n\t<meta name=\"twitter:data1\" content=\"funkymedia\" \/>\n\t<meta name=\"twitter:label2\" content=\"Szacowany czas czytania\" \/>\n\t<meta name=\"twitter:data2\" content=\"5 minut\" \/>\n<script type=\"application\/ld+json\" class=\"yoast-schema-graph\">{\"@context\":\"https:\/\/schema.org\",\"@graph\":[{\"@type\":\"Article\",\"@id\":\"https:\/\/darzdrowia.pl\/ciekawostki\/jakie-kosmetyki-stosowac-w-pielegnacji-skory-mezczyzn-w-okresie-wiosenno-letnim\/#article\",\"isPartOf\":{\"@id\":\"https:\/\/darzdrowia.pl\/ciekawostki\/jakie-kosmetyki-stosowac-w-pielegnacji-skory-mezczyzn-w-okresie-wiosenno-letnim\/\"},\"author\":{\"name\":\"funkymedia\",\"@id\":\"https:\/\/darzdrowia.pl\/ciekawostki\/#\/schema\/person\/e75579d624630bf943ac69d374bb928e\"},\"headline\":\"Jakie kosmetyki stosowa\u0107 w piel\u0119gnacji sk\u00f3ry m\u0119\u017cczyzn w okresie wiosenno-letnim?\",\"datePublished\":\"2024-04-19T12:47:49+00:00\",\"dateModified\":\"2024-04-19T12:47:49+00:00\",\"mainEntityOfPage\":{\"@id\":\"https:\/\/darzdrowia.pl\/ciekawostki\/jakie-kosmetyki-stosowac-w-pielegnacji-skory-mezczyzn-w-okresie-wiosenno-letnim\/\"},\"wordCount\":957,\"publisher\":{\"@id\":\"https:\/\/darzdrowia.pl\/ciekawostki\/#organization\"},\"inLanguage\":\"pl-PL\"},{\"@type\":\"WebPage\",\"@id\":\"https:\/\/darzdrowia.pl\/ciekawostki\/jakie-kosmetyki-stosowac-w-pielegnacji-skory-mezczyzn-w-okresie-wiosenno-letnim\/\",\"url\":\"https:\/\/darzdrowia.pl\/ciekawostki\/jakie-kosmetyki-stosowac-w-pielegnacji-skory-mezczyzn-w-okresie-wiosenno-letnim\/\",\"name\":\"Jakie kosmetyki stosowa\u0107 w piel\u0119gnacji sk\u00f3ry m\u0119\u017cczyzn w okresie wiosenno-letnim?\",\"isPartOf\":{\"@id\":\"https:\/\/darzdrowia.pl\/ciekawostki\/#website\"},\"datePublished\":\"2024-04-19T12:47:49+00:00\",\"dateModified\":\"2024-04-19T12:47:49+00:00\",\"description\":\"Odkryj tajniki piel\u0119gnacji sk\u00f3ry m\u0119\u017cczyzn wiosn\u0105 i latem! Dowiedz si\u0119, jakie kosmetyki b\u0119d\u0105 idealne dla Twojej cery w tym sezonie. Zadbaj o swoj\u0105 sk\u00f3r\u0119 z nami!\",\"breadcrumb\":{\"@id\":\"https:\/\/darzdrowia.pl\/ciekawostki\/jakie-kosmetyki-stosowac-w-pielegnacji-skory-mezczyzn-w-okresie-wiosenno-letnim\/#breadcrumb\"},\"inLanguage\":\"pl-PL\",\"potentialAction\":[{\"@type\":\"ReadAction\",\"target\":[\"https:\/\/darzdrowia.pl\/ciekawostki\/jakie-kosmetyki-stosowac-w-pielegnacji-skory-mezczyzn-w-okresie-wiosenno-letnim\/\"]}]},{\"@type\":\"BreadcrumbList\",\"@id\":\"https:\/\/darzdrowia.pl\/ciekawostki\/jakie-kosmetyki-stosowac-w-pielegnacji-skory-mezczyzn-w-okresie-wiosenno-letnim\/#breadcrumb\",\"itemListElement\":[{\"@type\":\"ListItem\",\"position\":1,\"name\":\"Strona g\u0142\u00f3wna\",\"item\":\"https:\/\/darzdrowia.pl\/ciekawostki\/\"},{\"@type\":\"ListItem\",\"position\":2,\"name\":\"Jakie kosmetyki stosowa\u0107 w piel\u0119gnacji sk\u00f3ry m\u0119\u017cczyzn w okresie wiosenno-letnim?\"}]},{\"@type\":\"WebSite\",\"@id\":\"https:\/\/darzdrowia.pl\/ciekawostki\/#website\",\"url\":\"https:\/\/darzdrowia.pl\/ciekawostki\/\",\"name\":\"Dar Zdrowia Drogeria - Blog\",\"description\":\"\",\"publisher\":{\"@id\":\"https:\/\/darzdrowia.pl\/ciekawostki\/#organization\"},\"potentialAction\":[{\"@type\":\"SearchAction\",\"target\":{\"@type\":\"EntryPoint\",\"urlTemplate\":\"https:\/\/darzdrowia.pl\/ciekawostki\/?s={search_term_string}\"},\"query-input\":\"required name=search_term_string\"}],\"inLanguage\":\"pl-PL\"},{\"@type\":\"Organization\",\"@id\":\"https:\/\/darzdrowia.pl\/ciekawostki\/#organization\",\"name\":\"Dar Zdrowia Drogeria - Blog\",\"url\":\"https:\/\/darzdrowia.pl\/ciekawostki\/\",\"logo\":{\"@type\":\"ImageObject\",\"inLanguage\":\"pl-PL\",\"@id\":\"https:\/\/darzdrowia.pl\/ciekawostki\/#\/schema\/logo\/image\/\",\"url\":\"https:\/\/darzdrowia.pl\/ciekawostki\/wp-content\/uploads\/2023\/11\/logo-darzdrowia.webp\",\"contentUrl\":\"https:\/\/darzdrowia.pl\/ciekawostki\/wp-content\/uploads\/2023\/11\/logo-darzdrowia.webp\",\"width\":744,\"height\":225,\"caption\":\"Dar Zdrowia Drogeria - Blog\"},\"image\":{\"@id\":\"https:\/\/darzdrowia.pl\/ciekawostki\/#\/schema\/logo\/image\/\"},\"sameAs\":[\"https:\/\/www.facebook.com\/profile.php?id=100063606935396\"]},{\"@type\":\"Person\",\"@id\":\"https:\/\/darzdrowia.pl\/ciekawostki\/#\/schema\/person\/e75579d624630bf943ac69d374bb928e\",\"name\":\"funkymedia\",\"image\":{\"@type\":\"ImageObject\",\"inLanguage\":\"pl-PL\",\"@id\":\"https:\/\/darzdrowia.pl\/ciekawostki\/#\/schema\/person\/image\/\",\"url\":\"https:\/\/secure.gravatar.com\/avatar\/393cb205b658aef6e3271ad5a92265e3e4433d2384bbe95524ba160d5bc20299?s=96&d=mm&r=g\",\"contentUrl\":\"https:\/\/secure.gravatar.com\/avatar\/393cb205b658aef6e3271ad5a92265e3e4433d2384bbe95524ba160d5bc20299?s=96&d=mm&r=g\",\"caption\":\"funkymedia\"},\"sameAs\":[\"https:\/\/darzdrowia.pl\/ciekawostki\"],\"url\":\"https:\/\/darzdrowia.pl\/ciekawostki\/author\/funkymedia\/\"}]}<\/script>\n<!-- \/ Yoast SEO plugin. -->","yoast_head_json":{"title":"Jakie kosmetyki stosowa\u0107 w piel\u0119gnacji sk\u00f3ry m\u0119\u017cczyzn w okresie wiosenno-letnim?","description":"Odkryj tajniki piel\u0119gnacji sk\u00f3ry m\u0119\u017cczyzn wiosn\u0105 i latem! Dowiedz si\u0119, jakie kosmetyki b\u0119d\u0105 idealne dla Twojej cery w tym sezonie. Zadbaj o swoj\u0105 sk\u00f3r\u0119 z nami!","robots":{"index":"index","follow":"follow","max-snippet":"max-snippet:-1","max-image-preview":"max-image-preview:large","max-video-preview":"max-video-preview:-1"},"canonical":"https:\/\/darzdrowia.pl\/ciekawostki\/jakie-kosmetyki-stosowac-w-pielegnacji-skory-mezczyzn-w-okresie-wiosenno-letnim\/","og_locale":"pl_PL","og_type":"article","og_title":"Jakie kosmetyki stosowa\u0107 w piel\u0119gnacji sk\u00f3ry m\u0119\u017cczyzn w okresie wiosenno-letnim?","og_description":"Odkryj tajniki piel\u0119gnacji sk\u00f3ry m\u0119\u017cczyzn wiosn\u0105 i latem! Dowiedz si\u0119, jakie kosmetyki b\u0119d\u0105 idealne dla Twojej cery w tym sezonie. Zadbaj o swoj\u0105 sk\u00f3r\u0119 z nami!","og_url":"https:\/\/darzdrowia.pl\/ciekawostki\/jakie-kosmetyki-stosowac-w-pielegnacji-skory-mezczyzn-w-okresie-wiosenno-letnim\/","og_site_name":"Dar Zdrowia Drogeria - Blog","article_publisher":"https:\/\/www.facebook.com\/profile.php?id=100063606935396","article_published_time":"2024-04-19T12:47:49+00:00","author":"funkymedia","twitter_card":"summary_large_image","twitter_misc":{"Napisane przez":"funkymedia","Szacowany czas czytania":"5 minut"},"schema":{"@context":"https:\/\/schema.org","@graph":[{"@type":"Article","@id":"https:\/\/darzdrowia.pl\/ciekawostki\/jakie-kosmetyki-stosowac-w-pielegnacji-skory-mezczyzn-w-okresie-wiosenno-letnim\/#article","isPartOf":{"@id":"https:\/\/darzdrowia.pl\/ciekawostki\/jakie-kosmetyki-stosowac-w-pielegnacji-skory-mezczyzn-w-okresie-wiosenno-letnim\/"},"author":{"name":"funkymedia","@id":"https:\/\/darzdrowia.pl\/ciekawostki\/#\/schema\/person\/e75579d624630bf943ac69d374bb928e"},"headline":"Jakie kosmetyki stosowa\u0107 w piel\u0119gnacji sk\u00f3ry m\u0119\u017cczyzn w okresie wiosenno-letnim?","datePublished":"2024-04-19T12:47:49+00:00","dateModified":"2024-04-19T12:47:49+00:00","mainEntityOfPage":{"@id":"https:\/\/darzdrowia.pl\/ciekawostki\/jakie-kosmetyki-stosowac-w-pielegnacji-skory-mezczyzn-w-okresie-wiosenno-letnim\/"},"wordCount":957,"publisher":{"@id":"https:\/\/darzdrowia.pl\/ciekawostki\/#organization"},"inLanguage":"pl-PL"},{"@type":"WebPage","@id":"https:\/\/darzdrowia.pl\/ciekawostki\/jakie-kosmetyki-stosowac-w-pielegnacji-skory-mezczyzn-w-okresie-wiosenno-letnim\/","url":"https:\/\/darzdrowia.pl\/ciekawostki\/jakie-kosmetyki-stosowac-w-pielegnacji-skory-mezczyzn-w-okresie-wiosenno-letnim\/","name":"Jakie kosmetyki stosowa\u0107 w piel\u0119gnacji sk\u00f3ry m\u0119\u017cczyzn w okresie wiosenno-letnim?","isPartOf":{"@id":"https:\/\/darzdrowia.pl\/ciekawostki\/#website"},"datePublished":"2024-04-19T12:47:49+00:00","dateModified":"2024-04-19T12:47:49+00:00","description":"Odkryj tajniki piel\u0119gnacji sk\u00f3ry m\u0119\u017cczyzn wiosn\u0105 i latem! Dowiedz si\u0119, jakie kosmetyki b\u0119d\u0105 idealne dla Twojej cery w tym sezonie. Zadbaj o swoj\u0105 sk\u00f3r\u0119 z nami!","breadcrumb":{"@id":"https:\/\/darzdrowia.pl\/ciekawostki\/jakie-kosmetyki-stosowac-w-pielegnacji-skory-mezczyzn-w-okresie-wiosenno-letnim\/#breadcrumb"},"inLanguage":"pl-PL","potentialAction":[{"@type":"ReadAction","target":["https:\/\/darzdrowia.pl\/ciekawostki\/jakie-kosmetyki-stosowac-w-pielegnacji-skory-mezczyzn-w-okresie-wiosenno-letnim\/"]}]},{"@type":"BreadcrumbList","@id":"https:\/\/darzdrowia.pl\/ciekawostki\/jakie-kosmetyki-stosowac-w-pielegnacji-skory-mezczyzn-w-okresie-wiosenno-letnim\/#breadcrumb","itemListElement":[{"@type":"ListItem","position":1,"name":"Strona g\u0142\u00f3wna","item":"https:\/\/darzdrowia.pl\/ciekawostki\/"},{"@type":"ListItem","position":2,"name":"Jakie kosmetyki stosowa\u0107 w piel\u0119gnacji sk\u00f3ry m\u0119\u017cczyzn w okresie wiosenno-letnim?"}]},{"@type":"WebSite","@id":"https:\/\/darzdrowia.pl\/ciekawostki\/#website","url":"https:\/\/darzdrowia.pl\/ciekawostki\/","name":"Dar Zdrowia Drogeria - Blog","description":"","publisher":{"@id":"https:\/\/darzdrowia.pl\/ciekawostki\/#organization"},"potentialAction":[{"@type":"SearchAction","target":{"@type":"EntryPoint","urlTemplate":"https:\/\/darzdrowia.pl\/ciekawostki\/?s={search_term_string}"},"query-input":"required name=search_term_string"}],"inLanguage":"pl-PL"},{"@type":"Organization","@id":"https:\/\/darzdrowia.pl\/ciekawostki\/#organization","name":"Dar Zdrowia Drogeria - Blog","url":"https:\/\/darzdrowia.pl\/ciekawostki\/","logo":{"@type":"ImageObject","inLanguage":"pl-PL","@id":"https:\/\/darzdrowia.pl\/ciekawostki\/#\/schema\/logo\/image\/","url":"https:\/\/darzdrowia.pl\/ciekawostki\/wp-content\/uploads\/2023\/11\/logo-darzdrowia.webp","contentUrl":"https:\/\/darzdrowia.pl\/ciekawostki\/wp-content\/uploads\/2023\/11\/logo-darzdrowia.webp","width":744,"height":225,"caption":"Dar Zdrowia Drogeria - Blog"},"image":{"@id":"https:\/\/darzdrowia.pl\/ciekawostki\/#\/schema\/logo\/image\/"},"sameAs":["https:\/\/www.facebook.com\/profile.php?id=100063606935396"]},{"@type":"Person","@id":"https:\/\/darzdrowia.pl\/ciekawostki\/#\/schema\/person\/e75579d624630bf943ac69d374bb928e","name":"funkymedia","image":{"@type":"ImageObject","inLanguage":"pl-PL","@id":"https:\/\/darzdrowia.pl\/ciekawostki\/#\/schema\/person\/image\/","url":"https:\/\/secure.gravatar.com\/avatar\/393cb205b658aef6e3271ad5a92265e3e4433d2384bbe95524ba160d5bc20299?s=96&d=mm&r=g","contentUrl":"https:\/\/secure.gravatar.com\/avatar\/393cb205b658aef6e3271ad5a92265e3e4433d2384bbe95524ba160d5bc20299?s=96&d=mm&r=g","caption":"funkymedia"},"sameAs":["https:\/\/darzdrowia.pl\/ciekawostki"],"url":"https:\/\/darzdrowia.pl\/ciekawostki\/author\/funkymedia\/"}]}},"_links":{"self":[{"href":"https:\/\/darzdrowia.pl\/ciekawostki\/wp-json\/wp\/v2\/posts\/2954","targetHints":{"allow":["GET"]}}],"collection":[{"href":"https:\/\/darzdrowia.pl\/ciekawostki\/wp-json\/wp\/v2\/posts"}],"about":[{"href":"https:\/\/darzdrowia.pl\/ciekawostki\/wp-json\/wp\/v2\/types\/post"}],"author":[{"embeddable":true,"href":"https:\/\/darzdrowia.pl\/ciekawostki\/wp-json\/wp\/v2\/users\/1"}],"replies":[{"embeddable":true,"href":"https:\/\/darzdrowia.pl\/ciekawostki\/wp-json\/wp\/v2\/comments?post=2954"}],"version-history":[{"count":0,"href":"https:\/\/darzdrowia.pl\/ciekawostki\/wp-json\/wp\/v2\/posts\/2954\/revisions"}],"wp:attachment":[{"href":"https:\/\/darzdrowia.pl\/ciekawostki\/wp-json\/wp\/v2\/media?parent=2954"}],"wp:term":[{"taxonomy":"category","embeddable":true,"href":"https:\/\/darzdrowia.pl\/ciekawostki\/wp-json\/wp\/v2\/categories?post=2954"},{"taxonomy":"post_tag","embeddable":true,"href":"https:\/\/darzdrowia.pl\/ciekawostki\/wp-json\/wp\/v2\/tags?post=2954"}],"curies":[{"name":"wp","href":"https:\/\/api.w.org\/{rel}","templated":true}]}}